{"id":5343,"date":"2012-05-09T09:11:16","date_gmt":"2012-05-09T13:11:16","guid":{"rendered":"http:\/\/www.deputadovander.com.br\/website\/?p=5343"},"modified":"2012-05-09T09:11:16","modified_gmt":"2012-05-09T13:11:16","slug":"vander-destaca-acao-de-dilma-contra-juros-e-investimentos-em-campo-grande","status":"publish","type":"post","link":"https:\/\/vanderloubet.com.br\/deputado\/vander-destaca-acao-de-dilma-contra-juros-e-investimentos-em-campo-grande\/","title":{"rendered":"Vander destaca investimentos em Campo Grande e a\u00e7\u00e3o de Dilma contra juros"},"content":{"rendered":"<figure id=\"attachment_5344\" aria-describedby=\"caption-attachment-5344\" style=\"width: 420px\" class=\"wp-caption aligncenter\"><a href=\"http:\/\/www.deputadovander.com.br\/website\/wp-content\/uploads\/2012\/05\/foto-2012-05-09-deputado-vander-loubet.jpg\" target=\"_blank\"><img decoding=\"async\" class=\"size-medium wp-image-5344 \" title=\"foto-2012-05-09-deputado-vander-loubet\" src=\"http:\/\/www.deputadovander.com.br\/website\/wp-content\/uploads\/2012\/05\/foto-2012-05-09-deputado-vander-loubet-420x280.jpg\" alt=\"Deputado Vander Loubet na tribuna da C\u00e2mara (foto: Saulo Cruz\/Ag\u00eancia C\u00e2mara)\" width=\"420\" height=\"280\" \/><\/a><figcaption id=\"caption-attachment-5344\" class=\"wp-caption-text\">Deputado Vander Loubet na tribuna da C\u00e2mara (foto: Saulo Cruz\/Ag\u00eancia C\u00e2mara)<\/figcaption><\/figure>\n<p>Em pronunciamento na \u00faltima ter\u00e7a-feira (8), na tribuna da C\u00e2mara em Bras\u00edlia, o deputado federal Vander Loubet (PT-MS) refor\u00e7ou a import\u00e2ncia que os meios pol\u00edticos, econ\u00f4micos e sociais do Brasil e do exterior atribuem \u00e0 fala da presidenta Dilma Rousseff realizada no Dia do Trabalhador (1\u00b0 de Maio), quando cobrou da rede banc\u00e1ria privada a queda dos juros como responsabilidade no processo de desenvolvimento com cidadania. O petista fez ainda um agradecimento aos governos dos presidentes Lula e Dilma pela aten\u00e7\u00e3o aos projetos e demandas de Campo Grande, pontuando que de 2004 a 2012 a cidade j\u00e1 recebeu da Uni\u00e3o mais de R$ 1 bilh\u00e3o em investimentos para todas as \u00e1reas.<\/p>\n<p>Vander ressaltou a coragem singular e a capacidade de Dilma, primeira mulher a governar o Brasil e a &#8220;estabelecer o enfrentamento cabal e definitivo de um dos vil\u00f5es mais empedernidos da economia nacional: os juros&#8221;. Em seguida, observou que a presidenta deu o exemplo ao determinar a queda dos juros na rede banc\u00e1ria oficial (Banco do Brasil e Caixa Econ\u00f4mica Federal), na expectativa de que igual atitude fosse tomada pelo sistema financeiro privado.<\/p>\n<p>Reconheceu que o governo de Fernando Henrique Cardoso deu in\u00edcio \u00e0 luta contra a infla\u00e7\u00e3o e pela estabilidade, mas considerou que foi Lula a deflagrar o processo mais audacioso de enfrentamento dos juros especulativos e da concentra\u00e7\u00e3o de renda, abrindo caminho para o crescimento econ\u00f4mico com inclus\u00e3o social e ao combate \u00e0 mis\u00e9ria. Com Dilma, segundo Vander, o processo se consolida e define uma de suas mais importantes etapas, por meio do ataque mais agressivo \u00e0 ciranda financeira dos juros abusivos.<\/p>\n<p><strong>Aten\u00e7\u00e3o<\/strong><\/p>\n<p>Ao agradecer o carinho e aten\u00e7\u00e3o que Campo Grande vem recebendo dos governos de Lula e Dilma, o deputado Vander citou que nos \u00faltimos nove anos o governo federal repassou mais de R$ 1 bilh\u00e3o para a cidade e disse que os verdadeiros respons\u00e1veis pelo progresso local s\u00e3o os moradores. &#8220;S\u00e3o eles, os campo-grandenses, que fazem o futuro no suor do dia-a-dia, em cada atividade laboral e na pontualidade respons\u00e1vel de contribuintes que pagam uma das planilhas tribut\u00e1rias municipais mais elevadas do Brasil&#8221;.<\/p>\n<p>No entanto, segundo Vander, embora Bras\u00edlia libere recursos para investimentos que garantam conte\u00fado humanista ao desenvolvimento, a gest\u00e3o da cidade ainda se limita ao crescimento f\u00edsico e n\u00e3o consegue dar respostas satisfat\u00f3rias aos problemas que p\u00f5em a Capital entre as cidades de custo de vida mais elevados do Brasil. Ressalvou que o dinheiro federal chega com frequ\u00eancia e abund\u00e2ncia, mas que a popula\u00e7\u00e3o paga pesada carga tribut\u00e1ria e enfrenta defici\u00eancias em servi\u00e7os b\u00e1sicos como os de sa\u00fade e abastecimento.<\/p>\n<p><center><iframe width=\"420\" height=\"315\" src=\"http:\/\/www.youtube.com\/embed\/cZr05Yn7SHQ\" frameborder=\"0\" allowfullscreen><\/iframe><\/center><\/p>\n<p><strong>Apartes<\/strong><\/p>\n<p>Vander foi aparteado pelos deputados Antonio Carlos Biffi (PT) e F\u00e1bio Trad (PMDB), que elogiaram o discurso. Biffi elogiou o discurso e o considerou digno de um pr\u00e9-candidato preparado para governar Campo Grande. Por sua vez, Trad parabenizou o colega e engrossou o coro de sauda\u00e7\u00f5es \u00e0 postura de Dilma Rousseff.<\/p>\n<p>&#8220;Para enaltecer, corroboro a legitimidade da sua manifesta\u00e7\u00e3o, sobretudo quando relaciona a coragem e o desprendimento da presidenta ao falar de igual para igual com o sistema financeiro. Isso n\u00e3o ocorria desde o com\u00edcio da Central do Brasil em 1964, com Jo\u00e3o Goulart presidente. E ela [Dilma] o fez n\u00e3o confrontando a banca, mas dando exemplo, com a redu\u00e7\u00e3o dos juros operados pela Caixa Econ\u00f4mica e Banco do Brasil. \u00c9 a tradu\u00e7\u00e3o do jogo de competi\u00e7\u00e3o do mercado. Os \u00edndices financeiros est\u00e3o em um patamar que n\u00e3o permitem a manuten\u00e7\u00e3o de juros que diria obscenos, quase extorsivos, que vitimam a popula\u00e7\u00e3o brasileira. Parab\u00e9ns&#8221;, disse F\u00e1bio.<\/p>\n<p><span style=\"font-size: 11px;\">(Edson Moraes &#8211; Assessoria\/Deputado Vander)<\/span><\/p>\n","protected":false},"excerpt":{"rendered":"<p>Deputado citou que nos \u00faltimos nove anos o governo federal repassou mais de R$ 1 bilh\u00e3o para a Capital.<\/p>\n","protected":false},"author":2,"featured_media":0,"comment_status":"closed","ping_status":"open","sticky":false,"template":"","format":"standard","meta":{"jetpack_post_was_ever_published":false,"_jetpack_newsletter_access":"","_jetpack_dont_email_post_to_subs":false,"_jetpack_newsletter_tier_id":0,"_jetpack_memberships_contains_paywalled_content":false,"_jetpack_memberships_contains_paid_content":false,"footnotes":""},"categories":[10],"tags":[262,302,332,502,608,631,648,782,807,1106,1178,1189,1336,1559,1564,1655,1757,1965,2033],"class_list":{"0":"post-5343","1":"post","2":"type-post","3":"status-publish","4":"format-standard","6":"category-noticias","7":"tag-biffi","8":"tag-brasilia","9":"tag-camara","10":"tag-congresso","11":"tag-deputado","12":"tag-dilma","13":"tag-discurso","14":"tag-fabio","15":"tag-federal","16":"tag-juros","17":"tag-loubet","18":"tag-lula","19":"tag-ms","20":"tag-plenario","21":"tag-pmdb","22":"tag-pt","23":"tag-rousseff","24":"tag-trad","25":"tag-vander"},"yoast_head":"<!-- This site is optimized with the Yoast SEO plugin v27.4 - https:\/\/yoast.com\/product\/yoast-seo-wordpress\/ -->\n<title>Vander destaca investimentos em Campo Grande e a\u00e7\u00e3o de Dilma contra juros<\/title>\n<meta name=\"robots\" content=\"index, follow, max-snippet:-1, max-image-preview:large, max-video-preview:-1\" \/>\n<link rel=\"canonical\" href=\"https:\/\/vanderloubet.com.br\/deputado\/vander-destaca-acao-de-dilma-contra-juros-e-investimentos-em-campo-grande\/\" \/>\n<meta property=\"og:locale\" content=\"pt_BR\" \/>\n<meta property=\"og:type\" content=\"article\" \/>\n<meta property=\"og:title\" content=\"Vander destaca investimentos em Campo Grande e a\u00e7\u00e3o de Dilma contra juros\" \/>\n<meta property=\"og:description\" content=\"Deputado citou que nos \u00faltimos nove anos o governo federal repassou mais de R$ 1 bilh\u00e3o para a Capital.\" \/>\n<meta property=\"og:url\" content=\"https:\/\/vanderloubet.com.br\/deputado\/vander-destaca-acao-de-dilma-contra-juros-e-investimentos-em-campo-grande\/\" \/>\n<meta property=\"og:site_name\" content=\"Deputado Federal Vander Loubet\" \/>\n<meta property=\"article:publisher\" content=\"https:\/\/facebook.com\/deputadovander\" \/>\n<meta property=\"article:published_time\" content=\"2012-05-09T13:11:16+00:00\" \/>\n<meta property=\"og:image\" content=\"http:\/\/www.deputadovander.com.br\/website\/wp-content\/uploads\/2012\/05\/foto-2012-05-09-deputado-vander-loubet-420x280.jpg\" \/>\n<meta name=\"author\" content=\"\u00c9der\" \/>\n<meta name=\"twitter:card\" content=\"summary_large_image\" \/>\n<meta name=\"twitter:creator\" content=\"@vanderloubet\" \/>\n<meta name=\"twitter:site\" content=\"@vanderloubet\" \/>\n<script type=\"application\/ld+json\" class=\"yoast-schema-graph\">{\"@context\":\"https:\\\/\\\/schema.org\",\"@graph\":[{\"@type\":\"Article\",\"@id\":\"https:\\\/\\\/vanderloubet.com.br\\\/deputado\\\/vander-destaca-acao-de-dilma-contra-juros-e-investimentos-em-campo-grande\\\/#article\",\"isPartOf\":{\"@id\":\"https:\\\/\\\/vanderloubet.com.br\\\/deputado\\\/vander-destaca-acao-de-dilma-contra-juros-e-investimentos-em-campo-grande\\\/\"},\"author\":{\"name\":\"\u00c9der\",\"@id\":\"https:\\\/\\\/vanderloubet.com.br\\\/deputado\\\/#\\\/schema\\\/person\\\/15b51bd564532a8a68d9dec1b8eb890e\"},\"headline\":\"Vander destaca investimentos em Campo Grande e a\u00e7\u00e3o de Dilma contra juros\",\"datePublished\":\"2012-05-09T13:11:16+00:00\",\"mainEntityOfPage\":{\"@id\":\"https:\\\/\\\/vanderloubet.com.br\\\/deputado\\\/vander-destaca-acao-de-dilma-contra-juros-e-investimentos-em-campo-grande\\\/\"},\"wordCount\":675,\"publisher\":{\"@id\":\"https:\\\/\\\/vanderloubet.com.br\\\/deputado\\\/#organization\"},\"image\":{\"@id\":\"https:\\\/\\\/vanderloubet.com.br\\\/deputado\\\/vander-destaca-acao-de-dilma-contra-juros-e-investimentos-em-campo-grande\\\/#primaryimage\"},\"thumbnailUrl\":\"http:\\\/\\\/www.deputadovander.com.br\\\/website\\\/wp-content\\\/uploads\\\/2012\\\/05\\\/foto-2012-05-09-deputado-vander-loubet-420x280.jpg\",\"keywords\":[\"biffi\",\"bras\u00edlia\",\"c\u00e2mara\",\"congresso\",\"deputado\",\"dilma\",\"discurso\",\"f\u00e1bio\",\"federal\",\"juros\",\"loubet\",\"lula\",\"MS\",\"plen\u00e1rio\",\"pmdb\",\"PT\",\"rousseff\",\"trad\",\"vander\"],\"articleSection\":[\"Not\u00edcias\"],\"inLanguage\":\"pt-BR\"},{\"@type\":\"WebPage\",\"@id\":\"https:\\\/\\\/vanderloubet.com.br\\\/deputado\\\/vander-destaca-acao-de-dilma-contra-juros-e-investimentos-em-campo-grande\\\/\",\"url\":\"https:\\\/\\\/vanderloubet.com.br\\\/deputado\\\/vander-destaca-acao-de-dilma-contra-juros-e-investimentos-em-campo-grande\\\/\",\"name\":\"Vander destaca investimentos em Campo Grande e a\u00e7\u00e3o de Dilma contra juros\",\"isPartOf\":{\"@id\":\"https:\\\/\\\/vanderloubet.com.br\\\/deputado\\\/#website\"},\"primaryImageOfPage\":{\"@id\":\"https:\\\/\\\/vanderloubet.com.br\\\/deputado\\\/vander-destaca-acao-de-dilma-contra-juros-e-investimentos-em-campo-grande\\\/#primaryimage\"},\"image\":{\"@id\":\"https:\\\/\\\/vanderloubet.com.br\\\/deputado\\\/vander-destaca-acao-de-dilma-contra-juros-e-investimentos-em-campo-grande\\\/#primaryimage\"},\"thumbnailUrl\":\"http:\\\/\\\/www.deputadovander.com.br\\\/website\\\/wp-content\\\/uploads\\\/2012\\\/05\\\/foto-2012-05-09-deputado-vander-loubet-420x280.jpg\",\"datePublished\":\"2012-05-09T13:11:16+00:00\",\"breadcrumb\":{\"@id\":\"https:\\\/\\\/vanderloubet.com.br\\\/deputado\\\/vander-destaca-acao-de-dilma-contra-juros-e-investimentos-em-campo-grande\\\/#breadcrumb\"},\"inLanguage\":\"pt-BR\",\"potentialAction\":[{\"@type\":\"ReadAction\",\"target\":[\"https:\\\/\\\/vanderloubet.com.br\\\/deputado\\\/vander-destaca-acao-de-dilma-contra-juros-e-investimentos-em-campo-grande\\\/\"]}]},{\"@type\":\"ImageObject\",\"inLanguage\":\"pt-BR\",\"@id\":\"https:\\\/\\\/vanderloubet.com.br\\\/deputado\\\/vander-destaca-acao-de-dilma-contra-juros-e-investimentos-em-campo-grande\\\/#primaryimage\",\"url\":\"http:\\\/\\\/www.deputadovander.com.br\\\/website\\\/wp-content\\\/uploads\\\/2012\\\/05\\\/foto-2012-05-09-deputado-vander-loubet-420x280.jpg\",\"contentUrl\":\"http:\\\/\\\/www.deputadovander.com.br\\\/website\\\/wp-content\\\/uploads\\\/2012\\\/05\\\/foto-2012-05-09-deputado-vander-loubet-420x280.jpg\"},{\"@type\":\"BreadcrumbList\",\"@id\":\"https:\\\/\\\/vanderloubet.com.br\\\/deputado\\\/vander-destaca-acao-de-dilma-contra-juros-e-investimentos-em-campo-grande\\\/#breadcrumb\",\"itemListElement\":[{\"@type\":\"ListItem\",\"position\":1,\"name\":\"In\u00edcio\",\"item\":\"https:\\\/\\\/vanderloubet.com.br\\\/deputado\\\/\"},{\"@type\":\"ListItem\",\"position\":2,\"name\":\"Vander destaca investimentos em Campo Grande e a\u00e7\u00e3o de Dilma contra juros\"}]},{\"@type\":\"WebSite\",\"@id\":\"https:\\\/\\\/vanderloubet.com.br\\\/deputado\\\/#website\",\"url\":\"https:\\\/\\\/vanderloubet.com.br\\\/deputado\\\/\",\"name\":\"Deputado Federal Vander Loubet\",\"description\":\"O Federal de MS\",\"publisher\":{\"@id\":\"https:\\\/\\\/vanderloubet.com.br\\\/deputado\\\/#organization\"},\"alternateName\":\"Deputado Vander\",\"potentialAction\":[{\"@type\":\"SearchAction\",\"target\":{\"@type\":\"EntryPoint\",\"urlTemplate\":\"https:\\\/\\\/vanderloubet.com.br\\\/deputado\\\/?s={search_term_string}\"},\"query-input\":{\"@type\":\"PropertyValueSpecification\",\"valueRequired\":true,\"valueName\":\"search_term_string\"}}],\"inLanguage\":\"pt-BR\"},{\"@type\":\"Organization\",\"@id\":\"https:\\\/\\\/vanderloubet.com.br\\\/deputado\\\/#organization\",\"name\":\"Deputado Federal Vander Loubet\",\"alternateName\":\"Deputado Vander\",\"url\":\"https:\\\/\\\/vanderloubet.com.br\\\/deputado\\\/\",\"logo\":{\"@type\":\"ImageObject\",\"inLanguage\":\"pt-BR\",\"@id\":\"https:\\\/\\\/vanderloubet.com.br\\\/deputado\\\/#\\\/schema\\\/logo\\\/image\\\/\",\"url\":\"https:\\\/\\\/vanderloubet.com.br\\\/deputado\\\/wp-content\\\/uploads\\\/2023\\\/06\\\/foto-2023-06-19-mandato-deputado-vander.jpg\",\"contentUrl\":\"https:\\\/\\\/vanderloubet.com.br\\\/deputado\\\/wp-content\\\/uploads\\\/2023\\\/06\\\/foto-2023-06-19-mandato-deputado-vander.jpg\",\"width\":1080,\"height\":1080,\"caption\":\"Deputado Federal Vander Loubet\"},\"image\":{\"@id\":\"https:\\\/\\\/vanderloubet.com.br\\\/deputado\\\/#\\\/schema\\\/logo\\\/image\\\/\"},\"sameAs\":[\"https:\\\/\\\/facebook.com\\\/deputadovander\",\"https:\\\/\\\/x.com\\\/vanderloubet\",\"https:\\\/\\\/instagram.com\\\/vanderloubet\",\"https:\\\/\\\/youtube.com\\\/vanderloubet\",\"https:\\\/\\\/tiktok.com\\\/@vanderloubetms\"]},{\"@type\":\"Person\",\"@id\":\"https:\\\/\\\/vanderloubet.com.br\\\/deputado\\\/#\\\/schema\\\/person\\\/15b51bd564532a8a68d9dec1b8eb890e\",\"name\":\"\u00c9der\",\"image\":{\"@type\":\"ImageObject\",\"inLanguage\":\"pt-BR\",\"@id\":\"https:\\\/\\\/vanderloubet.com.br\\\/deputado\\\/wp-content\\\/litespeed\\\/avatar\\\/88ca4090d9d5ab1c9495f6ca03b68efa.jpg?ver=1777058957\",\"url\":\"https:\\\/\\\/vanderloubet.com.br\\\/deputado\\\/wp-content\\\/litespeed\\\/avatar\\\/88ca4090d9d5ab1c9495f6ca03b68efa.jpg?ver=1777058957\",\"contentUrl\":\"https:\\\/\\\/vanderloubet.com.br\\\/deputado\\\/wp-content\\\/litespeed\\\/avatar\\\/88ca4090d9d5ab1c9495f6ca03b68efa.jpg?ver=1777058957\",\"caption\":\"\u00c9der\"}}]}<\/script>\n<!-- \/ Yoast SEO plugin. -->","yoast_head_json":{"title":"Vander destaca investimentos em Campo Grande e a\u00e7\u00e3o de Dilma contra juros","robots":{"index":"index","follow":"follow","max-snippet":"max-snippet:-1","max-image-preview":"max-image-preview:large","max-video-preview":"max-video-preview:-1"},"canonical":"https:\/\/vanderloubet.com.br\/deputado\/vander-destaca-acao-de-dilma-contra-juros-e-investimentos-em-campo-grande\/","og_locale":"pt_BR","og_type":"article","og_title":"Vander destaca investimentos em Campo Grande e a\u00e7\u00e3o de Dilma contra juros","og_description":"Deputado citou que nos \u00faltimos nove anos o governo federal repassou mais de R$ 1 bilh\u00e3o para a Capital.","og_url":"https:\/\/vanderloubet.com.br\/deputado\/vander-destaca-acao-de-dilma-contra-juros-e-investimentos-em-campo-grande\/","og_site_name":"Deputado Federal Vander Loubet","article_publisher":"https:\/\/facebook.com\/deputadovander","article_published_time":"2012-05-09T13:11:16+00:00","og_image":[{"url":"http:\/\/www.deputadovander.com.br\/website\/wp-content\/uploads\/2012\/05\/foto-2012-05-09-deputado-vander-loubet-420x280.jpg","type":"","width":"","height":""}],"author":"\u00c9der","twitter_card":"summary_large_image","twitter_creator":"@vanderloubet","twitter_site":"@vanderloubet","schema":{"@context":"https:\/\/schema.org","@graph":[{"@type":"Article","@id":"https:\/\/vanderloubet.com.br\/deputado\/vander-destaca-acao-de-dilma-contra-juros-e-investimentos-em-campo-grande\/#article","isPartOf":{"@id":"https:\/\/vanderloubet.com.br\/deputado\/vander-destaca-acao-de-dilma-contra-juros-e-investimentos-em-campo-grande\/"},"author":{"name":"\u00c9der","@id":"https:\/\/vanderloubet.com.br\/deputado\/#\/schema\/person\/15b51bd564532a8a68d9dec1b8eb890e"},"headline":"Vander destaca investimentos em Campo Grande e a\u00e7\u00e3o de Dilma contra juros","datePublished":"2012-05-09T13:11:16+00:00","mainEntityOfPage":{"@id":"https:\/\/vanderloubet.com.br\/deputado\/vander-destaca-acao-de-dilma-contra-juros-e-investimentos-em-campo-grande\/"},"wordCount":675,"publisher":{"@id":"https:\/\/vanderloubet.com.br\/deputado\/#organization"},"image":{"@id":"https:\/\/vanderloubet.com.br\/deputado\/vander-destaca-acao-de-dilma-contra-juros-e-investimentos-em-campo-grande\/#primaryimage"},"thumbnailUrl":"http:\/\/www.deputadovander.com.br\/website\/wp-content\/uploads\/2012\/05\/foto-2012-05-09-deputado-vander-loubet-420x280.jpg","keywords":["biffi","bras\u00edlia","c\u00e2mara","congresso","deputado","dilma","discurso","f\u00e1bio","federal","juros","loubet","lula","MS","plen\u00e1rio","pmdb","PT","rousseff","trad","vander"],"articleSection":["Not\u00edcias"],"inLanguage":"pt-BR"},{"@type":"WebPage","@id":"https:\/\/vanderloubet.com.br\/deputado\/vander-destaca-acao-de-dilma-contra-juros-e-investimentos-em-campo-grande\/","url":"https:\/\/vanderloubet.com.br\/deputado\/vander-destaca-acao-de-dilma-contra-juros-e-investimentos-em-campo-grande\/","name":"Vander destaca investimentos em Campo Grande e a\u00e7\u00e3o de Dilma contra juros","isPartOf":{"@id":"https:\/\/vanderloubet.com.br\/deputado\/#website"},"primaryImageOfPage":{"@id":"https:\/\/vanderloubet.com.br\/deputado\/vander-destaca-acao-de-dilma-contra-juros-e-investimentos-em-campo-grande\/#primaryimage"},"image":{"@id":"https:\/\/vanderloubet.com.br\/deputado\/vander-destaca-acao-de-dilma-contra-juros-e-investimentos-em-campo-grande\/#primaryimage"},"thumbnailUrl":"http:\/\/www.deputadovander.com.br\/website\/wp-content\/uploads\/2012\/05\/foto-2012-05-09-deputado-vander-loubet-420x280.jpg","datePublished":"2012-05-09T13:11:16+00:00","breadcrumb":{"@id":"https:\/\/vanderloubet.com.br\/deputado\/vander-destaca-acao-de-dilma-contra-juros-e-investimentos-em-campo-grande\/#breadcrumb"},"inLanguage":"pt-BR","potentialAction":[{"@type":"ReadAction","target":["https:\/\/vanderloubet.com.br\/deputado\/vander-destaca-acao-de-dilma-contra-juros-e-investimentos-em-campo-grande\/"]}]},{"@type":"ImageObject","inLanguage":"pt-BR","@id":"https:\/\/vanderloubet.com.br\/deputado\/vander-destaca-acao-de-dilma-contra-juros-e-investimentos-em-campo-grande\/#primaryimage","url":"http:\/\/www.deputadovander.com.br\/website\/wp-content\/uploads\/2012\/05\/foto-2012-05-09-deputado-vander-loubet-420x280.jpg","contentUrl":"http:\/\/www.deputadovander.com.br\/website\/wp-content\/uploads\/2012\/05\/foto-2012-05-09-deputado-vander-loubet-420x280.jpg"},{"@type":"BreadcrumbList","@id":"https:\/\/vanderloubet.com.br\/deputado\/vander-destaca-acao-de-dilma-contra-juros-e-investimentos-em-campo-grande\/#breadcrumb","itemListElement":[{"@type":"ListItem","position":1,"name":"In\u00edcio","item":"https:\/\/vanderloubet.com.br\/deputado\/"},{"@type":"ListItem","position":2,"name":"Vander destaca investimentos em Campo Grande e a\u00e7\u00e3o de Dilma contra juros"}]},{"@type":"WebSite","@id":"https:\/\/vanderloubet.com.br\/deputado\/#website","url":"https:\/\/vanderloubet.com.br\/deputado\/","name":"Deputado Federal Vander Loubet","description":"O Federal de MS","publisher":{"@id":"https:\/\/vanderloubet.com.br\/deputado\/#organization"},"alternateName":"Deputado Vander","potentialAction":[{"@type":"SearchAction","target":{"@type":"EntryPoint","urlTemplate":"https:\/\/vanderloubet.com.br\/deputado\/?s={search_term_string}"},"query-input":{"@type":"PropertyValueSpecification","valueRequired":true,"valueName":"search_term_string"}}],"inLanguage":"pt-BR"},{"@type":"Organization","@id":"https:\/\/vanderloubet.com.br\/deputado\/#organization","name":"Deputado Federal Vander Loubet","alternateName":"Deputado Vander","url":"https:\/\/vanderloubet.com.br\/deputado\/","logo":{"@type":"ImageObject","inLanguage":"pt-BR","@id":"https:\/\/vanderloubet.com.br\/deputado\/#\/schema\/logo\/image\/","url":"https:\/\/vanderloubet.com.br\/deputado\/wp-content\/uploads\/2023\/06\/foto-2023-06-19-mandato-deputado-vander.jpg","contentUrl":"https:\/\/vanderloubet.com.br\/deputado\/wp-content\/uploads\/2023\/06\/foto-2023-06-19-mandato-deputado-vander.jpg","width":1080,"height":1080,"caption":"Deputado Federal Vander Loubet"},"image":{"@id":"https:\/\/vanderloubet.com.br\/deputado\/#\/schema\/logo\/image\/"},"sameAs":["https:\/\/facebook.com\/deputadovander","https:\/\/x.com\/vanderloubet","https:\/\/instagram.com\/vanderloubet","https:\/\/youtube.com\/vanderloubet","https:\/\/tiktok.com\/@vanderloubetms"]},{"@type":"Person","@id":"https:\/\/vanderloubet.com.br\/deputado\/#\/schema\/person\/15b51bd564532a8a68d9dec1b8eb890e","name":"\u00c9der","image":{"@type":"ImageObject","inLanguage":"pt-BR","@id":"https:\/\/vanderloubet.com.br\/deputado\/wp-content\/litespeed\/avatar\/88ca4090d9d5ab1c9495f6ca03b68efa.jpg?ver=1777058957","url":"https:\/\/vanderloubet.com.br\/deputado\/wp-content\/litespeed\/avatar\/88ca4090d9d5ab1c9495f6ca03b68efa.jpg?ver=1777058957","contentUrl":"https:\/\/vanderloubet.com.br\/deputado\/wp-content\/litespeed\/avatar\/88ca4090d9d5ab1c9495f6ca03b68efa.jpg?ver=1777058957","caption":"\u00c9der"}}]}},"jetpack_featured_media_url":"","jetpack_sharing_enabled":true,"_links":{"self":[{"href":"https:\/\/vanderloubet.com.br\/deputado\/wp-json\/wp\/v2\/posts\/5343","targetHints":{"allow":["GET"]}}],"collection":[{"href":"https:\/\/vanderloubet.com.br\/deputado\/wp-json\/wp\/v2\/posts"}],"about":[{"href":"https:\/\/vanderloubet.com.br\/deputado\/wp-json\/wp\/v2\/types\/post"}],"author":[{"embeddable":true,"href":"https:\/\/vanderloubet.com.br\/deputado\/wp-json\/wp\/v2\/users\/2"}],"replies":[{"embeddable":true,"href":"https:\/\/vanderloubet.com.br\/deputado\/wp-json\/wp\/v2\/comments?post=5343"}],"version-history":[{"count":0,"href":"https:\/\/vanderloubet.com.br\/deputado\/wp-json\/wp\/v2\/posts\/5343\/revisions"}],"wp:attachment":[{"href":"https:\/\/vanderloubet.com.br\/deputado\/wp-json\/wp\/v2\/media?parent=5343"}],"wp:term":[{"taxonomy":"category","embeddable":true,"href":"https:\/\/vanderloubet.com.br\/deputado\/wp-json\/wp\/v2\/categories?post=5343"},{"taxonomy":"post_tag","embeddable":true,"href":"https:\/\/vanderloubet.com.br\/deputado\/wp-json\/wp\/v2\/tags?post=5343"}],"curies":[{"name":"wp","href":"https:\/\/api.w.org\/{rel}","templated":true}]}}