{"id":4955,"date":"2012-04-25T00:02:26","date_gmt":"2012-04-25T04:02:26","guid":{"rendered":"http:\/\/www.deputadovander.com.br\/website\/?p=4955"},"modified":"2012-04-25T00:02:26","modified_gmt":"2012-04-25T04:02:26","slug":"dilma-garante-r-180-milhoes-a-campo-grande-pelo-pac-2-da-mobilidade-urbana","status":"publish","type":"post","link":"https:\/\/vanderloubet.com.br\/deputado\/dilma-garante-r-180-milhoes-a-campo-grande-pelo-pac-2-da-mobilidade-urbana\/","title":{"rendered":"Dilma garante R$ 180 milh\u00f5es a Campo Grande pelo PAC 2 da Mobilidade Urbana"},"content":{"rendered":"<figure id=\"attachment_4956\" aria-describedby=\"caption-attachment-4956\" style=\"width: 400px\" class=\"wp-caption aligncenter\"><a href=\"http:\/\/www.deputadovander.com.br\/website\/wp-content\/uploads\/2012\/04\/foto-2012-04-24-dilma-pac-mobilidade-urbana.jpg\" target=\"_blank\"><img decoding=\"async\" class=\"size-medium wp-image-4956 \" title=\"foto-2012-04-24-dilma-pac-mobilidade-urbana\" src=\"http:\/\/www.deputadovander.com.br\/website\/wp-content\/uploads\/2012\/04\/foto-2012-04-24-dilma-pac-mobilidade-urbana-400x266.jpg\" alt=\"Presidenta Dilma durante o lanc\u00e1mento do PAC 2 da Mobilidade Urbana\" width=\"400\" height=\"266\" \/><\/a><figcaption id=\"caption-attachment-4956\" class=\"wp-caption-text\">Presidenta Dilma durante o lanc\u00e1mento do PAC 2 da Mobilidade Urbana<\/figcaption><\/figure>\n<p>Na manh\u00e3 de ontem (24) o governo federal realizouem Bras\u00edlia a solenidade de lan\u00e7amento do PAC 2 (Programa de Acelera\u00e7\u00e3o do Crescimento) da Mobilidade Urbana. A gest\u00e3o da presidenta Dilma Rousseff garantiu R$ 180 milh\u00f5es para obras que v\u00e3o melhorar o sistema de transporte coletivo de Campo Grande. \u00c9 o maior repasse de recursos da hist\u00f3ria da capital sul-mato-grossense.<\/p>\n<p>O deputado federal Vander Loubet (PT-MS) comemorou a viabiliza\u00e7\u00e3o desses recursos para Campo Grande e destacou que isso se deve ao olhar do governo petista na Presid\u00eancia da Rep\u00fablica. &#8220;Antes de 2003 praticamente n\u00e3o existia investimento federal nos munic\u00edpios. Essa realidade mudou com a chegada do companheiro Lula \u00e0 Presid\u00eancia, que teve a sensibilidade de enxergar que \u00e9 preciso investir onde est\u00e3o as pessoas. E agora no governo da Dilma essa vis\u00e3o permanece mais forte do que nunca&#8221;, destacou Vander.<\/p>\n<p>Do valor autorizado para investimento na Capital, R$ 120 milh\u00f5es ser\u00e3o liberados por meio de financiamento junto \u00e0 Caixa Econ\u00f4mica Federal (CEF) e R$ 60 milh\u00f5es ser\u00e3o liberados pela Uni\u00e3o &#8211; verba a fundo perdido que n\u00e3o ter\u00e1 custo para o munic\u00edpio.<\/p>\n<p>O projeto de mobilidade urbana contempla a constru\u00e7\u00e3o de quatro novos terminais de transbordo (Cafezais, Tiradentes, Parati e S\u00e3o Francisco), 41 terminais de embarque pr\u00e9-pago, abertura de 58,7 quil\u00f4metros de corredores exclusivos de transporte e 500 abrigos de \u00f4nibus, al\u00e9m da constru\u00e7\u00e3o de um viaduto (na rotat\u00f3ria das avenidas Olavo Vilela Andrade\/Interlagos e Gury Marques, pr\u00f3ximo ao Moren\u00e3o) e interven\u00e7\u00f5es vi\u00e1rias em tr\u00eas cruzamentos de avenidas: Cafezais com Gury Marques (na sa\u00edda para S\u00e3o Paulo), Guaicurus com Gury Marques (entre os bairros Alves Pereira e Universit\u00e1rio) e C\u00f4nsul Assaf Trad com Marqu\u00eas de Herval (na sa\u00edda para Cuiab\u00e1).<\/p>\n<p><span style=\"font-size: 11px;\">(\u00c9der Yanaguita &#8211; Assessoria\/Deputado Vander)<\/span><\/p>\n","protected":false},"excerpt":{"rendered":"<p>\u00c9 o maior repasse de recursos da hist\u00f3ria da capital sul-mato-grossense.<\/p>\n","protected":false},"author":2,"featured_media":0,"comment_status":"closed","ping_status":"open","sticky":false,"template":"","format":"standard","meta":{"jetpack_post_was_ever_published":false,"_jetpack_newsletter_access":"","_jetpack_dont_email_post_to_subs":false,"_jetpack_newsletter_tier_id":0,"_jetpack_memberships_contains_paywalled_content":false,"_jetpack_memberships_contains_paid_content":false,"footnotes":""},"categories":[10],"tags":[341,608,631,807,936,1178,1310,1336,1445,1446,1613,1655,1757,1968,1972,2015,2033],"class_list":{"0":"post-4955","1":"post","2":"type-post","3":"status-publish","4":"format-standard","6":"category-noticias","7":"tag-campo","8":"tag-deputado","9":"tag-dilma","10":"tag-federal","11":"tag-grande","12":"tag-loubet","13":"tag-mobilidade","14":"tag-ms","15":"tag-pac","16":"tag-pac-2","17":"tag-presidenta","18":"tag-pt","19":"tag-rousseff","20":"tag-transito","21":"tag-transporte","22":"tag-urbana","23":"tag-vander"},"yoast_head":"<!-- This site is optimized with the Yoast SEO plugin v27.4 - https:\/\/yoast.com\/product\/yoast-seo-wordpress\/ -->\n<title>Dilma garante R$ 180 milh\u00f5es a Campo Grande pelo PAC 2 da Mobilidade Urbana<\/title>\n<meta name=\"robots\" content=\"index, follow, max-snippet:-1, max-image-preview:large, max-video-preview:-1\" \/>\n<link rel=\"canonical\" href=\"https:\/\/vanderloubet.com.br\/deputado\/dilma-garante-r-180-milhoes-a-campo-grande-pelo-pac-2-da-mobilidade-urbana\/\" \/>\n<meta property=\"og:locale\" content=\"pt_BR\" \/>\n<meta property=\"og:type\" content=\"article\" \/>\n<meta property=\"og:title\" content=\"Dilma garante R$ 180 milh\u00f5es a Campo Grande pelo PAC 2 da Mobilidade Urbana\" \/>\n<meta property=\"og:description\" content=\"\u00c9 o maior repasse de recursos da hist\u00f3ria da capital sul-mato-grossense.\" \/>\n<meta property=\"og:url\" content=\"https:\/\/vanderloubet.com.br\/deputado\/dilma-garante-r-180-milhoes-a-campo-grande-pelo-pac-2-da-mobilidade-urbana\/\" \/>\n<meta property=\"og:site_name\" content=\"Deputado Federal Vander Loubet\" \/>\n<meta property=\"article:publisher\" content=\"https:\/\/facebook.com\/deputadovander\" \/>\n<meta property=\"article:published_time\" content=\"2012-04-25T04:02:26+00:00\" \/>\n<meta property=\"og:image\" content=\"http:\/\/www.deputadovander.com.br\/website\/wp-content\/uploads\/2012\/04\/foto-2012-04-24-dilma-pac-mobilidade-urbana-400x266.jpg\" \/>\n<meta name=\"author\" content=\"\u00c9der\" \/>\n<meta name=\"twitter:card\" content=\"summary_large_image\" \/>\n<meta name=\"twitter:creator\" content=\"@vanderloubet\" \/>\n<meta name=\"twitter:site\" content=\"@vanderloubet\" \/>\n<script type=\"application\/ld+json\" class=\"yoast-schema-graph\">{\"@context\":\"https:\\\/\\\/schema.org\",\"@graph\":[{\"@type\":\"Article\",\"@id\":\"https:\\\/\\\/vanderloubet.com.br\\\/deputado\\\/dilma-garante-r-180-milhoes-a-campo-grande-pelo-pac-2-da-mobilidade-urbana\\\/#article\",\"isPartOf\":{\"@id\":\"https:\\\/\\\/vanderloubet.com.br\\\/deputado\\\/dilma-garante-r-180-milhoes-a-campo-grande-pelo-pac-2-da-mobilidade-urbana\\\/\"},\"author\":{\"name\":\"\u00c9der\",\"@id\":\"https:\\\/\\\/vanderloubet.com.br\\\/deputado\\\/#\\\/schema\\\/person\\\/15b51bd564532a8a68d9dec1b8eb890e\"},\"headline\":\"Dilma garante R$ 180 milh\u00f5es a Campo Grande pelo PAC 2 da Mobilidade Urbana\",\"datePublished\":\"2012-04-25T04:02:26+00:00\",\"mainEntityOfPage\":{\"@id\":\"https:\\\/\\\/vanderloubet.com.br\\\/deputado\\\/dilma-garante-r-180-milhoes-a-campo-grande-pelo-pac-2-da-mobilidade-urbana\\\/\"},\"wordCount\":346,\"publisher\":{\"@id\":\"https:\\\/\\\/vanderloubet.com.br\\\/deputado\\\/#organization\"},\"image\":{\"@id\":\"https:\\\/\\\/vanderloubet.com.br\\\/deputado\\\/dilma-garante-r-180-milhoes-a-campo-grande-pelo-pac-2-da-mobilidade-urbana\\\/#primaryimage\"},\"thumbnailUrl\":\"http:\\\/\\\/www.deputadovander.com.br\\\/website\\\/wp-content\\\/uploads\\\/2012\\\/04\\\/foto-2012-04-24-dilma-pac-mobilidade-urbana-400x266.jpg\",\"keywords\":[\"campo\",\"deputado\",\"dilma\",\"federal\",\"grande\",\"loubet\",\"mobilidade\",\"MS\",\"pac\",\"pac 2\",\"presidenta\",\"PT\",\"rousseff\",\"tr\u00e2nsito\",\"transporte\",\"urbana\",\"vander\"],\"articleSection\":[\"Not\u00edcias\"],\"inLanguage\":\"pt-BR\"},{\"@type\":\"WebPage\",\"@id\":\"https:\\\/\\\/vanderloubet.com.br\\\/deputado\\\/dilma-garante-r-180-milhoes-a-campo-grande-pelo-pac-2-da-mobilidade-urbana\\\/\",\"url\":\"https:\\\/\\\/vanderloubet.com.br\\\/deputado\\\/dilma-garante-r-180-milhoes-a-campo-grande-pelo-pac-2-da-mobilidade-urbana\\\/\",\"name\":\"Dilma garante R$ 180 milh\u00f5es a Campo Grande pelo PAC 2 da Mobilidade Urbana\",\"isPartOf\":{\"@id\":\"https:\\\/\\\/vanderloubet.com.br\\\/deputado\\\/#website\"},\"primaryImageOfPage\":{\"@id\":\"https:\\\/\\\/vanderloubet.com.br\\\/deputado\\\/dilma-garante-r-180-milhoes-a-campo-grande-pelo-pac-2-da-mobilidade-urbana\\\/#primaryimage\"},\"image\":{\"@id\":\"https:\\\/\\\/vanderloubet.com.br\\\/deputado\\\/dilma-garante-r-180-milhoes-a-campo-grande-pelo-pac-2-da-mobilidade-urbana\\\/#primaryimage\"},\"thumbnailUrl\":\"http:\\\/\\\/www.deputadovander.com.br\\\/website\\\/wp-content\\\/uploads\\\/2012\\\/04\\\/foto-2012-04-24-dilma-pac-mobilidade-urbana-400x266.jpg\",\"datePublished\":\"2012-04-25T04:02:26+00:00\",\"breadcrumb\":{\"@id\":\"https:\\\/\\\/vanderloubet.com.br\\\/deputado\\\/dilma-garante-r-180-milhoes-a-campo-grande-pelo-pac-2-da-mobilidade-urbana\\\/#breadcrumb\"},\"inLanguage\":\"pt-BR\",\"potentialAction\":[{\"@type\":\"ReadAction\",\"target\":[\"https:\\\/\\\/vanderloubet.com.br\\\/deputado\\\/dilma-garante-r-180-milhoes-a-campo-grande-pelo-pac-2-da-mobilidade-urbana\\\/\"]}]},{\"@type\":\"ImageObject\",\"inLanguage\":\"pt-BR\",\"@id\":\"https:\\\/\\\/vanderloubet.com.br\\\/deputado\\\/dilma-garante-r-180-milhoes-a-campo-grande-pelo-pac-2-da-mobilidade-urbana\\\/#primaryimage\",\"url\":\"http:\\\/\\\/www.deputadovander.com.br\\\/website\\\/wp-content\\\/uploads\\\/2012\\\/04\\\/foto-2012-04-24-dilma-pac-mobilidade-urbana-400x266.jpg\",\"contentUrl\":\"http:\\\/\\\/www.deputadovander.com.br\\\/website\\\/wp-content\\\/uploads\\\/2012\\\/04\\\/foto-2012-04-24-dilma-pac-mobilidade-urbana-400x266.jpg\"},{\"@type\":\"BreadcrumbList\",\"@id\":\"https:\\\/\\\/vanderloubet.com.br\\\/deputado\\\/dilma-garante-r-180-milhoes-a-campo-grande-pelo-pac-2-da-mobilidade-urbana\\\/#breadcrumb\",\"itemListElement\":[{\"@type\":\"ListItem\",\"position\":1,\"name\":\"In\u00edcio\",\"item\":\"https:\\\/\\\/vanderloubet.com.br\\\/deputado\\\/\"},{\"@type\":\"ListItem\",\"position\":2,\"name\":\"Dilma garante R$ 180 milh\u00f5es a Campo Grande pelo PAC 2 da Mobilidade Urbana\"}]},{\"@type\":\"WebSite\",\"@id\":\"https:\\\/\\\/vanderloubet.com.br\\\/deputado\\\/#website\",\"url\":\"https:\\\/\\\/vanderloubet.com.br\\\/deputado\\\/\",\"name\":\"Deputado Federal Vander Loubet\",\"description\":\"O Federal de MS\",\"publisher\":{\"@id\":\"https:\\\/\\\/vanderloubet.com.br\\\/deputado\\\/#organization\"},\"alternateName\":\"Deputado Vander\",\"potentialAction\":[{\"@type\":\"SearchAction\",\"target\":{\"@type\":\"EntryPoint\",\"urlTemplate\":\"https:\\\/\\\/vanderloubet.com.br\\\/deputado\\\/?s={search_term_string}\"},\"query-input\":{\"@type\":\"PropertyValueSpecification\",\"valueRequired\":true,\"valueName\":\"search_term_string\"}}],\"inLanguage\":\"pt-BR\"},{\"@type\":\"Organization\",\"@id\":\"https:\\\/\\\/vanderloubet.com.br\\\/deputado\\\/#organization\",\"name\":\"Deputado Federal Vander Loubet\",\"alternateName\":\"Deputado Vander\",\"url\":\"https:\\\/\\\/vanderloubet.com.br\\\/deputado\\\/\",\"logo\":{\"@type\":\"ImageObject\",\"inLanguage\":\"pt-BR\",\"@id\":\"https:\\\/\\\/vanderloubet.com.br\\\/deputado\\\/#\\\/schema\\\/logo\\\/image\\\/\",\"url\":\"https:\\\/\\\/vanderloubet.com.br\\\/deputado\\\/wp-content\\\/uploads\\\/2023\\\/06\\\/foto-2023-06-19-mandato-deputado-vander.jpg\",\"contentUrl\":\"https:\\\/\\\/vanderloubet.com.br\\\/deputado\\\/wp-content\\\/uploads\\\/2023\\\/06\\\/foto-2023-06-19-mandato-deputado-vander.jpg\",\"width\":1080,\"height\":1080,\"caption\":\"Deputado Federal Vander Loubet\"},\"image\":{\"@id\":\"https:\\\/\\\/vanderloubet.com.br\\\/deputado\\\/#\\\/schema\\\/logo\\\/image\\\/\"},\"sameAs\":[\"https:\\\/\\\/facebook.com\\\/deputadovander\",\"https:\\\/\\\/x.com\\\/vanderloubet\",\"https:\\\/\\\/instagram.com\\\/vanderloubet\",\"https:\\\/\\\/youtube.com\\\/vanderloubet\",\"https:\\\/\\\/tiktok.com\\\/@vanderloubetms\"]},{\"@type\":\"Person\",\"@id\":\"https:\\\/\\\/vanderloubet.com.br\\\/deputado\\\/#\\\/schema\\\/person\\\/15b51bd564532a8a68d9dec1b8eb890e\",\"name\":\"\u00c9der\",\"image\":{\"@type\":\"ImageObject\",\"inLanguage\":\"pt-BR\",\"@id\":\"https:\\\/\\\/vanderloubet.com.br\\\/deputado\\\/wp-content\\\/litespeed\\\/avatar\\\/88ca4090d9d5ab1c9495f6ca03b68efa.jpg?ver=1777058957\",\"url\":\"https:\\\/\\\/vanderloubet.com.br\\\/deputado\\\/wp-content\\\/litespeed\\\/avatar\\\/88ca4090d9d5ab1c9495f6ca03b68efa.jpg?ver=1777058957\",\"contentUrl\":\"https:\\\/\\\/vanderloubet.com.br\\\/deputado\\\/wp-content\\\/litespeed\\\/avatar\\\/88ca4090d9d5ab1c9495f6ca03b68efa.jpg?ver=1777058957\",\"caption\":\"\u00c9der\"}}]}<\/script>\n<!-- \/ Yoast SEO plugin. -->","yoast_head_json":{"title":"Dilma garante R$ 180 milh\u00f5es a Campo Grande pelo PAC 2 da Mobilidade Urbana","robots":{"index":"index","follow":"follow","max-snippet":"max-snippet:-1","max-image-preview":"max-image-preview:large","max-video-preview":"max-video-preview:-1"},"canonical":"https:\/\/vanderloubet.com.br\/deputado\/dilma-garante-r-180-milhoes-a-campo-grande-pelo-pac-2-da-mobilidade-urbana\/","og_locale":"pt_BR","og_type":"article","og_title":"Dilma garante R$ 180 milh\u00f5es a Campo Grande pelo PAC 2 da Mobilidade Urbana","og_description":"\u00c9 o maior repasse de recursos da hist\u00f3ria da capital sul-mato-grossense.","og_url":"https:\/\/vanderloubet.com.br\/deputado\/dilma-garante-r-180-milhoes-a-campo-grande-pelo-pac-2-da-mobilidade-urbana\/","og_site_name":"Deputado Federal Vander Loubet","article_publisher":"https:\/\/facebook.com\/deputadovander","article_published_time":"2012-04-25T04:02:26+00:00","og_image":[{"url":"http:\/\/www.deputadovander.com.br\/website\/wp-content\/uploads\/2012\/04\/foto-2012-04-24-dilma-pac-mobilidade-urbana-400x266.jpg","type":"","width":"","height":""}],"author":"\u00c9der","twitter_card":"summary_large_image","twitter_creator":"@vanderloubet","twitter_site":"@vanderloubet","schema":{"@context":"https:\/\/schema.org","@graph":[{"@type":"Article","@id":"https:\/\/vanderloubet.com.br\/deputado\/dilma-garante-r-180-milhoes-a-campo-grande-pelo-pac-2-da-mobilidade-urbana\/#article","isPartOf":{"@id":"https:\/\/vanderloubet.com.br\/deputado\/dilma-garante-r-180-milhoes-a-campo-grande-pelo-pac-2-da-mobilidade-urbana\/"},"author":{"name":"\u00c9der","@id":"https:\/\/vanderloubet.com.br\/deputado\/#\/schema\/person\/15b51bd564532a8a68d9dec1b8eb890e"},"headline":"Dilma garante R$ 180 milh\u00f5es a Campo Grande pelo PAC 2 da Mobilidade Urbana","datePublished":"2012-04-25T04:02:26+00:00","mainEntityOfPage":{"@id":"https:\/\/vanderloubet.com.br\/deputado\/dilma-garante-r-180-milhoes-a-campo-grande-pelo-pac-2-da-mobilidade-urbana\/"},"wordCount":346,"publisher":{"@id":"https:\/\/vanderloubet.com.br\/deputado\/#organization"},"image":{"@id":"https:\/\/vanderloubet.com.br\/deputado\/dilma-garante-r-180-milhoes-a-campo-grande-pelo-pac-2-da-mobilidade-urbana\/#primaryimage"},"thumbnailUrl":"http:\/\/www.deputadovander.com.br\/website\/wp-content\/uploads\/2012\/04\/foto-2012-04-24-dilma-pac-mobilidade-urbana-400x266.jpg","keywords":["campo","deputado","dilma","federal","grande","loubet","mobilidade","MS","pac","pac 2","presidenta","PT","rousseff","tr\u00e2nsito","transporte","urbana","vander"],"articleSection":["Not\u00edcias"],"inLanguage":"pt-BR"},{"@type":"WebPage","@id":"https:\/\/vanderloubet.com.br\/deputado\/dilma-garante-r-180-milhoes-a-campo-grande-pelo-pac-2-da-mobilidade-urbana\/","url":"https:\/\/vanderloubet.com.br\/deputado\/dilma-garante-r-180-milhoes-a-campo-grande-pelo-pac-2-da-mobilidade-urbana\/","name":"Dilma garante R$ 180 milh\u00f5es a Campo Grande pelo PAC 2 da Mobilidade Urbana","isPartOf":{"@id":"https:\/\/vanderloubet.com.br\/deputado\/#website"},"primaryImageOfPage":{"@id":"https:\/\/vanderloubet.com.br\/deputado\/dilma-garante-r-180-milhoes-a-campo-grande-pelo-pac-2-da-mobilidade-urbana\/#primaryimage"},"image":{"@id":"https:\/\/vanderloubet.com.br\/deputado\/dilma-garante-r-180-milhoes-a-campo-grande-pelo-pac-2-da-mobilidade-urbana\/#primaryimage"},"thumbnailUrl":"http:\/\/www.deputadovander.com.br\/website\/wp-content\/uploads\/2012\/04\/foto-2012-04-24-dilma-pac-mobilidade-urbana-400x266.jpg","datePublished":"2012-04-25T04:02:26+00:00","breadcrumb":{"@id":"https:\/\/vanderloubet.com.br\/deputado\/dilma-garante-r-180-milhoes-a-campo-grande-pelo-pac-2-da-mobilidade-urbana\/#breadcrumb"},"inLanguage":"pt-BR","potentialAction":[{"@type":"ReadAction","target":["https:\/\/vanderloubet.com.br\/deputado\/dilma-garante-r-180-milhoes-a-campo-grande-pelo-pac-2-da-mobilidade-urbana\/"]}]},{"@type":"ImageObject","inLanguage":"pt-BR","@id":"https:\/\/vanderloubet.com.br\/deputado\/dilma-garante-r-180-milhoes-a-campo-grande-pelo-pac-2-da-mobilidade-urbana\/#primaryimage","url":"http:\/\/www.deputadovander.com.br\/website\/wp-content\/uploads\/2012\/04\/foto-2012-04-24-dilma-pac-mobilidade-urbana-400x266.jpg","contentUrl":"http:\/\/www.deputadovander.com.br\/website\/wp-content\/uploads\/2012\/04\/foto-2012-04-24-dilma-pac-mobilidade-urbana-400x266.jpg"},{"@type":"BreadcrumbList","@id":"https:\/\/vanderloubet.com.br\/deputado\/dilma-garante-r-180-milhoes-a-campo-grande-pelo-pac-2-da-mobilidade-urbana\/#breadcrumb","itemListElement":[{"@type":"ListItem","position":1,"name":"In\u00edcio","item":"https:\/\/vanderloubet.com.br\/deputado\/"},{"@type":"ListItem","position":2,"name":"Dilma garante R$ 180 milh\u00f5es a Campo Grande pelo PAC 2 da Mobilidade Urbana"}]},{"@type":"WebSite","@id":"https:\/\/vanderloubet.com.br\/deputado\/#website","url":"https:\/\/vanderloubet.com.br\/deputado\/","name":"Deputado Federal Vander Loubet","description":"O Federal de MS","publisher":{"@id":"https:\/\/vanderloubet.com.br\/deputado\/#organization"},"alternateName":"Deputado Vander","potentialAction":[{"@type":"SearchAction","target":{"@type":"EntryPoint","urlTemplate":"https:\/\/vanderloubet.com.br\/deputado\/?s={search_term_string}"},"query-input":{"@type":"PropertyValueSpecification","valueRequired":true,"valueName":"search_term_string"}}],"inLanguage":"pt-BR"},{"@type":"Organization","@id":"https:\/\/vanderloubet.com.br\/deputado\/#organization","name":"Deputado Federal Vander Loubet","alternateName":"Deputado Vander","url":"https:\/\/vanderloubet.com.br\/deputado\/","logo":{"@type":"ImageObject","inLanguage":"pt-BR","@id":"https:\/\/vanderloubet.com.br\/deputado\/#\/schema\/logo\/image\/","url":"https:\/\/vanderloubet.com.br\/deputado\/wp-content\/uploads\/2023\/06\/foto-2023-06-19-mandato-deputado-vander.jpg","contentUrl":"https:\/\/vanderloubet.com.br\/deputado\/wp-content\/uploads\/2023\/06\/foto-2023-06-19-mandato-deputado-vander.jpg","width":1080,"height":1080,"caption":"Deputado Federal Vander Loubet"},"image":{"@id":"https:\/\/vanderloubet.com.br\/deputado\/#\/schema\/logo\/image\/"},"sameAs":["https:\/\/facebook.com\/deputadovander","https:\/\/x.com\/vanderloubet","https:\/\/instagram.com\/vanderloubet","https:\/\/youtube.com\/vanderloubet","https:\/\/tiktok.com\/@vanderloubetms"]},{"@type":"Person","@id":"https:\/\/vanderloubet.com.br\/deputado\/#\/schema\/person\/15b51bd564532a8a68d9dec1b8eb890e","name":"\u00c9der","image":{"@type":"ImageObject","inLanguage":"pt-BR","@id":"https:\/\/vanderloubet.com.br\/deputado\/wp-content\/litespeed\/avatar\/88ca4090d9d5ab1c9495f6ca03b68efa.jpg?ver=1777058957","url":"https:\/\/vanderloubet.com.br\/deputado\/wp-content\/litespeed\/avatar\/88ca4090d9d5ab1c9495f6ca03b68efa.jpg?ver=1777058957","contentUrl":"https:\/\/vanderloubet.com.br\/deputado\/wp-content\/litespeed\/avatar\/88ca4090d9d5ab1c9495f6ca03b68efa.jpg?ver=1777058957","caption":"\u00c9der"}}]}},"jetpack_featured_media_url":"","jetpack_sharing_enabled":true,"_links":{"self":[{"href":"https:\/\/vanderloubet.com.br\/deputado\/wp-json\/wp\/v2\/posts\/4955","targetHints":{"allow":["GET"]}}],"collection":[{"href":"https:\/\/vanderloubet.com.br\/deputado\/wp-json\/wp\/v2\/posts"}],"about":[{"href":"https:\/\/vanderloubet.com.br\/deputado\/wp-json\/wp\/v2\/types\/post"}],"author":[{"embeddable":true,"href":"https:\/\/vanderloubet.com.br\/deputado\/wp-json\/wp\/v2\/users\/2"}],"replies":[{"embeddable":true,"href":"https:\/\/vanderloubet.com.br\/deputado\/wp-json\/wp\/v2\/comments?post=4955"}],"version-history":[{"count":0,"href":"https:\/\/vanderloubet.com.br\/deputado\/wp-json\/wp\/v2\/posts\/4955\/revisions"}],"wp:attachment":[{"href":"https:\/\/vanderloubet.com.br\/deputado\/wp-json\/wp\/v2\/media?parent=4955"}],"wp:term":[{"taxonomy":"category","embeddable":true,"href":"https:\/\/vanderloubet.com.br\/deputado\/wp-json\/wp\/v2\/categories?post=4955"},{"taxonomy":"post_tag","embeddable":true,"href":"https:\/\/vanderloubet.com.br\/deputado\/wp-json\/wp\/v2\/tags?post=4955"}],"curies":[{"name":"wp","href":"https:\/\/api.w.org\/{rel}","templated":true}]}}