{"id":4944,"date":"2012-04-23T13:54:46","date_gmt":"2012-04-23T17:54:46","guid":{"rendered":"http:\/\/www.deputadovander.com.br\/website\/?p=4944"},"modified":"2012-04-23T13:54:46","modified_gmt":"2012-04-23T17:54:46","slug":"defensor-geral-recebe-deputado-vander-e-agradece-emenda-de-r-915-mil","status":"publish","type":"post","link":"https:\/\/vanderloubet.com.br\/deputado\/defensor-geral-recebe-deputado-vander-e-agradece-emenda-de-r-915-mil\/","title":{"rendered":"Defensor geral recebe deputado Vander e agradece emenda de R$ 915 mil"},"content":{"rendered":"<figure id=\"attachment_4945\" aria-describedby=\"caption-attachment-4945\" style=\"width: 400px\" class=\"wp-caption aligncenter\"><a href=\"http:\/\/www.deputadovander.com.br\/website\/wp-content\/uploads\/2012\/04\/foto-2012-04-23-monica-defante-vander-auristela.jpg\" target=\"_blank\"><img decoding=\"async\" class=\"size-medium wp-image-4945 \" title=\"foto-2012-04-23-monica-defante-vander-auristela\" src=\"http:\/\/www.deputadovander.com.br\/website\/wp-content\/uploads\/2012\/04\/foto-2012-04-23-monica-defante-vander-auristela-400x266.jpg\" alt=\"M\u00f4nica, Defante, Vander e Auristela conversam na DPGE-MS\" width=\"400\" height=\"266\" \/><\/a><figcaption id=\"caption-attachment-4945\" class=\"wp-caption-text\">M\u00f4nica, Defante, Vander e Auristela conversam na DPGE-MS<\/figcaption><\/figure>\n<p>O defensor p\u00fablico-geral do Estado de Mato Grosso do Sul, Paulo Andre Defante, recebeu o deputado federal Vander Loubet (PT-MS) na sede da institui\u00e7\u00e3o, em Campo Grande, na \u00faltima sexta-feira (20). Na ocasi\u00e3o, Defante agradeceu a a\u00e7\u00e3o do parlamentar, que prop\u00f4s uma emenda parlamentar individual na C\u00e2mara dos Deputados que beneficia a Defensoria P\u00fablica. &#8220;Somos gratos pelo empenho em ajudar a Defensoria P\u00fablica&#8221;, disse o defensor geral ao deputado.<\/p>\n<p>O encontro contou com a participa\u00e7\u00e3o da subdefensora p\u00fablica-geral Nancy Gomes de Carvalho, da corregedora Auristela Machado Vidal e da presidenta da Associa\u00e7\u00e3o dos Defensores P\u00fablicos (Adep), M\u00f4nica Maria de Salvo Fontoura. Tamb\u00e9m participaram da reuni\u00e3o os defensores p\u00fablicos de Campo Grande, Luciano Montalli, Renato Rodrigues dos Santos, Guilherme Cambraia de Oliveira, al\u00e9m do defensor p\u00fablico licenciado Andrew Robalinho, que atualmente cumpre mandato de vereador em Parana\u00edba.<\/p>\n<p>O recurso ser\u00e1 destinado \u00e0 troca das esta\u00e7\u00f5es de trabalho dos defensores p\u00fablicos, assessores e estagi\u00e1rios da institui\u00e7\u00e3o. O projeto contemplado pela emenda foi apresentado pela Defensoria P\u00fablica e tem como objetivo responder \u00e0 crescente demanda de atendimentos, garantir maior efici\u00eancia e execu\u00e7\u00e3o das atividades t\u00e9cnico-jur\u00eddicas, al\u00e9m de diminuir os custos econ\u00f4micos com a virtualiza\u00e7\u00e3o dos processos.<\/p>\n<p>&#8220;Estes recursos s\u00e3o essenciais para a Institui\u00e7\u00e3o. Pois o Judici\u00e1rio j\u00e1 est\u00e1 modernizado e a Defensoria P\u00fablica n\u00e3o tem conseguido acompanhar os avan\u00e7os&#8221;, explicou o Dr. Paulo Andre Defante, complementando que o uso do meio eletr\u00f4nico na tramita\u00e7\u00e3o de processos judiciais, comunica\u00e7\u00e3o de atos e transmiss\u00e3o de pe\u00e7as processuais, conforme a Lei 11.419\/2006, exige a reconfigura\u00e7\u00e3o do parque de computadores.<\/p>\n<p><span style=\"font-size: 11px;\">(\u00c9der Yanaguita &#8211; Assessoria\/Deputado Vander, com informa\u00e7\u00f5es da Assecom\/DPGE)<\/span><\/p>\n","protected":false},"excerpt":{"rendered":"<p>O recurso ser\u00e1 destinado \u00e0 troca das esta\u00e7\u00f5es de trabalho dos defensores p\u00fablicos, assessores e estagi\u00e1rios da institui\u00e7\u00e3o.<\/p>\n","protected":false},"author":2,"featured_media":0,"comment_status":"closed","ping_status":"open","sticky":false,"template":"","format":"standard","meta":{"jetpack_post_was_ever_published":false,"_jetpack_newsletter_access":"","_jetpack_dont_email_post_to_subs":false,"_jetpack_newsletter_tier_id":0,"_jetpack_memberships_contains_paywalled_content":false,"_jetpack_memberships_contains_paid_content":false,"footnotes":""},"categories":[10],"tags":[46,131,332,341,374,582,583,585,608,709,807,861,927,936,1098,1178,1315,1336,1356,1502,1655,1658,2033],"class_list":{"0":"post-4944","1":"post","2":"type-post","3":"status-publish","4":"format-standard","6":"category-noticias","7":"tag-adep","8":"tag-andre","9":"tag-camara","10":"tag-campo","11":"tag-carvalho","12":"tag-defante","13":"tag-defensor","14":"tag-defensoria","15":"tag-deputado","16":"tag-emenda","17":"tag-federal","18":"tag-fontoura","19":"tag-gomes","20":"tag-grande","21":"tag-judiciario","22":"tag-loubet","23":"tag-monica","24":"tag-ms","25":"tag-nancy","26":"tag-paulo","27":"tag-pt","28":"tag-publica","29":"tag-vander"},"yoast_head":"<!-- This site is optimized with the Yoast SEO plugin v27.4 - https:\/\/yoast.com\/product\/yoast-seo-wordpress\/ -->\n<title>Defensor geral recebe deputado Vander e agradece emenda de R$ 915 mil<\/title>\n<meta name=\"robots\" content=\"index, follow, max-snippet:-1, max-image-preview:large, max-video-preview:-1\" \/>\n<link rel=\"canonical\" href=\"https:\/\/vanderloubet.com.br\/deputado\/defensor-geral-recebe-deputado-vander-e-agradece-emenda-de-r-915-mil\/\" \/>\n<meta property=\"og:locale\" content=\"pt_BR\" \/>\n<meta property=\"og:type\" content=\"article\" \/>\n<meta property=\"og:title\" content=\"Defensor geral recebe deputado Vander e agradece emenda de R$ 915 mil\" \/>\n<meta property=\"og:description\" content=\"O recurso ser\u00e1 destinado \u00e0 troca das esta\u00e7\u00f5es de trabalho dos defensores p\u00fablicos, assessores e estagi\u00e1rios da institui\u00e7\u00e3o.\" \/>\n<meta property=\"og:url\" content=\"https:\/\/vanderloubet.com.br\/deputado\/defensor-geral-recebe-deputado-vander-e-agradece-emenda-de-r-915-mil\/\" \/>\n<meta property=\"og:site_name\" content=\"Deputado Federal Vander Loubet\" \/>\n<meta property=\"article:publisher\" content=\"https:\/\/facebook.com\/deputadovander\" \/>\n<meta property=\"article:published_time\" content=\"2012-04-23T17:54:46+00:00\" \/>\n<meta property=\"og:image\" content=\"http:\/\/www.deputadovander.com.br\/website\/wp-content\/uploads\/2012\/04\/foto-2012-04-23-monica-defante-vander-auristela-400x266.jpg\" \/>\n<meta name=\"author\" content=\"\u00c9der\" \/>\n<meta name=\"twitter:card\" content=\"summary_large_image\" \/>\n<meta name=\"twitter:creator\" content=\"@vanderloubet\" \/>\n<meta name=\"twitter:site\" content=\"@vanderloubet\" \/>\n<script type=\"application\/ld+json\" class=\"yoast-schema-graph\">{\"@context\":\"https:\\\/\\\/schema.org\",\"@graph\":[{\"@type\":\"Article\",\"@id\":\"https:\\\/\\\/vanderloubet.com.br\\\/deputado\\\/defensor-geral-recebe-deputado-vander-e-agradece-emenda-de-r-915-mil\\\/#article\",\"isPartOf\":{\"@id\":\"https:\\\/\\\/vanderloubet.com.br\\\/deputado\\\/defensor-geral-recebe-deputado-vander-e-agradece-emenda-de-r-915-mil\\\/\"},\"author\":{\"name\":\"\u00c9der\",\"@id\":\"https:\\\/\\\/vanderloubet.com.br\\\/deputado\\\/#\\\/schema\\\/person\\\/15b51bd564532a8a68d9dec1b8eb890e\"},\"headline\":\"Defensor geral recebe deputado Vander e agradece emenda de R$ 915 mil\",\"datePublished\":\"2012-04-23T17:54:46+00:00\",\"mainEntityOfPage\":{\"@id\":\"https:\\\/\\\/vanderloubet.com.br\\\/deputado\\\/defensor-geral-recebe-deputado-vander-e-agradece-emenda-de-r-915-mil\\\/\"},\"wordCount\":332,\"publisher\":{\"@id\":\"https:\\\/\\\/vanderloubet.com.br\\\/deputado\\\/#organization\"},\"image\":{\"@id\":\"https:\\\/\\\/vanderloubet.com.br\\\/deputado\\\/defensor-geral-recebe-deputado-vander-e-agradece-emenda-de-r-915-mil\\\/#primaryimage\"},\"thumbnailUrl\":\"http:\\\/\\\/www.deputadovander.com.br\\\/website\\\/wp-content\\\/uploads\\\/2012\\\/04\\\/foto-2012-04-23-monica-defante-vander-auristela-400x266.jpg\",\"keywords\":[\"adep\",\"andr\u00e9\",\"c\u00e2mara\",\"campo\",\"carvalho\",\"defante\",\"defensor\",\"defensoria\",\"deputado\",\"emenda\",\"federal\",\"fontoura\",\"gomes\",\"grande\",\"judici\u00e1rio\",\"loubet\",\"m\u00f4nica\",\"MS\",\"nancy\",\"paulo\",\"PT\",\"p\u00fablica\",\"vander\"],\"articleSection\":[\"Not\u00edcias\"],\"inLanguage\":\"pt-BR\"},{\"@type\":\"WebPage\",\"@id\":\"https:\\\/\\\/vanderloubet.com.br\\\/deputado\\\/defensor-geral-recebe-deputado-vander-e-agradece-emenda-de-r-915-mil\\\/\",\"url\":\"https:\\\/\\\/vanderloubet.com.br\\\/deputado\\\/defensor-geral-recebe-deputado-vander-e-agradece-emenda-de-r-915-mil\\\/\",\"name\":\"Defensor geral recebe deputado Vander e agradece emenda de R$ 915 mil\",\"isPartOf\":{\"@id\":\"https:\\\/\\\/vanderloubet.com.br\\\/deputado\\\/#website\"},\"primaryImageOfPage\":{\"@id\":\"https:\\\/\\\/vanderloubet.com.br\\\/deputado\\\/defensor-geral-recebe-deputado-vander-e-agradece-emenda-de-r-915-mil\\\/#primaryimage\"},\"image\":{\"@id\":\"https:\\\/\\\/vanderloubet.com.br\\\/deputado\\\/defensor-geral-recebe-deputado-vander-e-agradece-emenda-de-r-915-mil\\\/#primaryimage\"},\"thumbnailUrl\":\"http:\\\/\\\/www.deputadovander.com.br\\\/website\\\/wp-content\\\/uploads\\\/2012\\\/04\\\/foto-2012-04-23-monica-defante-vander-auristela-400x266.jpg\",\"datePublished\":\"2012-04-23T17:54:46+00:00\",\"breadcrumb\":{\"@id\":\"https:\\\/\\\/vanderloubet.com.br\\\/deputado\\\/defensor-geral-recebe-deputado-vander-e-agradece-emenda-de-r-915-mil\\\/#breadcrumb\"},\"inLanguage\":\"pt-BR\",\"potentialAction\":[{\"@type\":\"ReadAction\",\"target\":[\"https:\\\/\\\/vanderloubet.com.br\\\/deputado\\\/defensor-geral-recebe-deputado-vander-e-agradece-emenda-de-r-915-mil\\\/\"]}]},{\"@type\":\"ImageObject\",\"inLanguage\":\"pt-BR\",\"@id\":\"https:\\\/\\\/vanderloubet.com.br\\\/deputado\\\/defensor-geral-recebe-deputado-vander-e-agradece-emenda-de-r-915-mil\\\/#primaryimage\",\"url\":\"http:\\\/\\\/www.deputadovander.com.br\\\/website\\\/wp-content\\\/uploads\\\/2012\\\/04\\\/foto-2012-04-23-monica-defante-vander-auristela-400x266.jpg\",\"contentUrl\":\"http:\\\/\\\/www.deputadovander.com.br\\\/website\\\/wp-content\\\/uploads\\\/2012\\\/04\\\/foto-2012-04-23-monica-defante-vander-auristela-400x266.jpg\"},{\"@type\":\"BreadcrumbList\",\"@id\":\"https:\\\/\\\/vanderloubet.com.br\\\/deputado\\\/defensor-geral-recebe-deputado-vander-e-agradece-emenda-de-r-915-mil\\\/#breadcrumb\",\"itemListElement\":[{\"@type\":\"ListItem\",\"position\":1,\"name\":\"In\u00edcio\",\"item\":\"https:\\\/\\\/vanderloubet.com.br\\\/deputado\\\/\"},{\"@type\":\"ListItem\",\"position\":2,\"name\":\"Defensor geral recebe deputado Vander e agradece emenda de R$ 915 mil\"}]},{\"@type\":\"WebSite\",\"@id\":\"https:\\\/\\\/vanderloubet.com.br\\\/deputado\\\/#website\",\"url\":\"https:\\\/\\\/vanderloubet.com.br\\\/deputado\\\/\",\"name\":\"Deputado Federal Vander Loubet\",\"description\":\"O Federal de MS\",\"publisher\":{\"@id\":\"https:\\\/\\\/vanderloubet.com.br\\\/deputado\\\/#organization\"},\"alternateName\":\"Deputado Vander\",\"potentialAction\":[{\"@type\":\"SearchAction\",\"target\":{\"@type\":\"EntryPoint\",\"urlTemplate\":\"https:\\\/\\\/vanderloubet.com.br\\\/deputado\\\/?s={search_term_string}\"},\"query-input\":{\"@type\":\"PropertyValueSpecification\",\"valueRequired\":true,\"valueName\":\"search_term_string\"}}],\"inLanguage\":\"pt-BR\"},{\"@type\":\"Organization\",\"@id\":\"https:\\\/\\\/vanderloubet.com.br\\\/deputado\\\/#organization\",\"name\":\"Deputado Federal Vander Loubet\",\"alternateName\":\"Deputado Vander\",\"url\":\"https:\\\/\\\/vanderloubet.com.br\\\/deputado\\\/\",\"logo\":{\"@type\":\"ImageObject\",\"inLanguage\":\"pt-BR\",\"@id\":\"https:\\\/\\\/vanderloubet.com.br\\\/deputado\\\/#\\\/schema\\\/logo\\\/image\\\/\",\"url\":\"https:\\\/\\\/vanderloubet.com.br\\\/deputado\\\/wp-content\\\/uploads\\\/2023\\\/06\\\/foto-2023-06-19-mandato-deputado-vander.jpg\",\"contentUrl\":\"https:\\\/\\\/vanderloubet.com.br\\\/deputado\\\/wp-content\\\/uploads\\\/2023\\\/06\\\/foto-2023-06-19-mandato-deputado-vander.jpg\",\"width\":1080,\"height\":1080,\"caption\":\"Deputado Federal Vander Loubet\"},\"image\":{\"@id\":\"https:\\\/\\\/vanderloubet.com.br\\\/deputado\\\/#\\\/schema\\\/logo\\\/image\\\/\"},\"sameAs\":[\"https:\\\/\\\/facebook.com\\\/deputadovander\",\"https:\\\/\\\/x.com\\\/vanderloubet\",\"https:\\\/\\\/instagram.com\\\/vanderloubet\",\"https:\\\/\\\/youtube.com\\\/vanderloubet\",\"https:\\\/\\\/tiktok.com\\\/@vanderloubetms\"]},{\"@type\":\"Person\",\"@id\":\"https:\\\/\\\/vanderloubet.com.br\\\/deputado\\\/#\\\/schema\\\/person\\\/15b51bd564532a8a68d9dec1b8eb890e\",\"name\":\"\u00c9der\",\"image\":{\"@type\":\"ImageObject\",\"inLanguage\":\"pt-BR\",\"@id\":\"https:\\\/\\\/vanderloubet.com.br\\\/deputado\\\/wp-content\\\/litespeed\\\/avatar\\\/88ca4090d9d5ab1c9495f6ca03b68efa.jpg?ver=1777058957\",\"url\":\"https:\\\/\\\/vanderloubet.com.br\\\/deputado\\\/wp-content\\\/litespeed\\\/avatar\\\/88ca4090d9d5ab1c9495f6ca03b68efa.jpg?ver=1777058957\",\"contentUrl\":\"https:\\\/\\\/vanderloubet.com.br\\\/deputado\\\/wp-content\\\/litespeed\\\/avatar\\\/88ca4090d9d5ab1c9495f6ca03b68efa.jpg?ver=1777058957\",\"caption\":\"\u00c9der\"}}]}<\/script>\n<!-- \/ Yoast SEO plugin. -->","yoast_head_json":{"title":"Defensor geral recebe deputado Vander e agradece emenda de R$ 915 mil","robots":{"index":"index","follow":"follow","max-snippet":"max-snippet:-1","max-image-preview":"max-image-preview:large","max-video-preview":"max-video-preview:-1"},"canonical":"https:\/\/vanderloubet.com.br\/deputado\/defensor-geral-recebe-deputado-vander-e-agradece-emenda-de-r-915-mil\/","og_locale":"pt_BR","og_type":"article","og_title":"Defensor geral recebe deputado Vander e agradece emenda de R$ 915 mil","og_description":"O recurso ser\u00e1 destinado \u00e0 troca das esta\u00e7\u00f5es de trabalho dos defensores p\u00fablicos, assessores e estagi\u00e1rios da institui\u00e7\u00e3o.","og_url":"https:\/\/vanderloubet.com.br\/deputado\/defensor-geral-recebe-deputado-vander-e-agradece-emenda-de-r-915-mil\/","og_site_name":"Deputado Federal Vander Loubet","article_publisher":"https:\/\/facebook.com\/deputadovander","article_published_time":"2012-04-23T17:54:46+00:00","og_image":[{"url":"http:\/\/www.deputadovander.com.br\/website\/wp-content\/uploads\/2012\/04\/foto-2012-04-23-monica-defante-vander-auristela-400x266.jpg","type":"","width":"","height":""}],"author":"\u00c9der","twitter_card":"summary_large_image","twitter_creator":"@vanderloubet","twitter_site":"@vanderloubet","schema":{"@context":"https:\/\/schema.org","@graph":[{"@type":"Article","@id":"https:\/\/vanderloubet.com.br\/deputado\/defensor-geral-recebe-deputado-vander-e-agradece-emenda-de-r-915-mil\/#article","isPartOf":{"@id":"https:\/\/vanderloubet.com.br\/deputado\/defensor-geral-recebe-deputado-vander-e-agradece-emenda-de-r-915-mil\/"},"author":{"name":"\u00c9der","@id":"https:\/\/vanderloubet.com.br\/deputado\/#\/schema\/person\/15b51bd564532a8a68d9dec1b8eb890e"},"headline":"Defensor geral recebe deputado Vander e agradece emenda de R$ 915 mil","datePublished":"2012-04-23T17:54:46+00:00","mainEntityOfPage":{"@id":"https:\/\/vanderloubet.com.br\/deputado\/defensor-geral-recebe-deputado-vander-e-agradece-emenda-de-r-915-mil\/"},"wordCount":332,"publisher":{"@id":"https:\/\/vanderloubet.com.br\/deputado\/#organization"},"image":{"@id":"https:\/\/vanderloubet.com.br\/deputado\/defensor-geral-recebe-deputado-vander-e-agradece-emenda-de-r-915-mil\/#primaryimage"},"thumbnailUrl":"http:\/\/www.deputadovander.com.br\/website\/wp-content\/uploads\/2012\/04\/foto-2012-04-23-monica-defante-vander-auristela-400x266.jpg","keywords":["adep","andr\u00e9","c\u00e2mara","campo","carvalho","defante","defensor","defensoria","deputado","emenda","federal","fontoura","gomes","grande","judici\u00e1rio","loubet","m\u00f4nica","MS","nancy","paulo","PT","p\u00fablica","vander"],"articleSection":["Not\u00edcias"],"inLanguage":"pt-BR"},{"@type":"WebPage","@id":"https:\/\/vanderloubet.com.br\/deputado\/defensor-geral-recebe-deputado-vander-e-agradece-emenda-de-r-915-mil\/","url":"https:\/\/vanderloubet.com.br\/deputado\/defensor-geral-recebe-deputado-vander-e-agradece-emenda-de-r-915-mil\/","name":"Defensor geral recebe deputado Vander e agradece emenda de R$ 915 mil","isPartOf":{"@id":"https:\/\/vanderloubet.com.br\/deputado\/#website"},"primaryImageOfPage":{"@id":"https:\/\/vanderloubet.com.br\/deputado\/defensor-geral-recebe-deputado-vander-e-agradece-emenda-de-r-915-mil\/#primaryimage"},"image":{"@id":"https:\/\/vanderloubet.com.br\/deputado\/defensor-geral-recebe-deputado-vander-e-agradece-emenda-de-r-915-mil\/#primaryimage"},"thumbnailUrl":"http:\/\/www.deputadovander.com.br\/website\/wp-content\/uploads\/2012\/04\/foto-2012-04-23-monica-defante-vander-auristela-400x266.jpg","datePublished":"2012-04-23T17:54:46+00:00","breadcrumb":{"@id":"https:\/\/vanderloubet.com.br\/deputado\/defensor-geral-recebe-deputado-vander-e-agradece-emenda-de-r-915-mil\/#breadcrumb"},"inLanguage":"pt-BR","potentialAction":[{"@type":"ReadAction","target":["https:\/\/vanderloubet.com.br\/deputado\/defensor-geral-recebe-deputado-vander-e-agradece-emenda-de-r-915-mil\/"]}]},{"@type":"ImageObject","inLanguage":"pt-BR","@id":"https:\/\/vanderloubet.com.br\/deputado\/defensor-geral-recebe-deputado-vander-e-agradece-emenda-de-r-915-mil\/#primaryimage","url":"http:\/\/www.deputadovander.com.br\/website\/wp-content\/uploads\/2012\/04\/foto-2012-04-23-monica-defante-vander-auristela-400x266.jpg","contentUrl":"http:\/\/www.deputadovander.com.br\/website\/wp-content\/uploads\/2012\/04\/foto-2012-04-23-monica-defante-vander-auristela-400x266.jpg"},{"@type":"BreadcrumbList","@id":"https:\/\/vanderloubet.com.br\/deputado\/defensor-geral-recebe-deputado-vander-e-agradece-emenda-de-r-915-mil\/#breadcrumb","itemListElement":[{"@type":"ListItem","position":1,"name":"In\u00edcio","item":"https:\/\/vanderloubet.com.br\/deputado\/"},{"@type":"ListItem","position":2,"name":"Defensor geral recebe deputado Vander e agradece emenda de R$ 915 mil"}]},{"@type":"WebSite","@id":"https:\/\/vanderloubet.com.br\/deputado\/#website","url":"https:\/\/vanderloubet.com.br\/deputado\/","name":"Deputado Federal Vander Loubet","description":"O Federal de MS","publisher":{"@id":"https:\/\/vanderloubet.com.br\/deputado\/#organization"},"alternateName":"Deputado Vander","potentialAction":[{"@type":"SearchAction","target":{"@type":"EntryPoint","urlTemplate":"https:\/\/vanderloubet.com.br\/deputado\/?s={search_term_string}"},"query-input":{"@type":"PropertyValueSpecification","valueRequired":true,"valueName":"search_term_string"}}],"inLanguage":"pt-BR"},{"@type":"Organization","@id":"https:\/\/vanderloubet.com.br\/deputado\/#organization","name":"Deputado Federal Vander Loubet","alternateName":"Deputado Vander","url":"https:\/\/vanderloubet.com.br\/deputado\/","logo":{"@type":"ImageObject","inLanguage":"pt-BR","@id":"https:\/\/vanderloubet.com.br\/deputado\/#\/schema\/logo\/image\/","url":"https:\/\/vanderloubet.com.br\/deputado\/wp-content\/uploads\/2023\/06\/foto-2023-06-19-mandato-deputado-vander.jpg","contentUrl":"https:\/\/vanderloubet.com.br\/deputado\/wp-content\/uploads\/2023\/06\/foto-2023-06-19-mandato-deputado-vander.jpg","width":1080,"height":1080,"caption":"Deputado Federal Vander Loubet"},"image":{"@id":"https:\/\/vanderloubet.com.br\/deputado\/#\/schema\/logo\/image\/"},"sameAs":["https:\/\/facebook.com\/deputadovander","https:\/\/x.com\/vanderloubet","https:\/\/instagram.com\/vanderloubet","https:\/\/youtube.com\/vanderloubet","https:\/\/tiktok.com\/@vanderloubetms"]},{"@type":"Person","@id":"https:\/\/vanderloubet.com.br\/deputado\/#\/schema\/person\/15b51bd564532a8a68d9dec1b8eb890e","name":"\u00c9der","image":{"@type":"ImageObject","inLanguage":"pt-BR","@id":"https:\/\/vanderloubet.com.br\/deputado\/wp-content\/litespeed\/avatar\/88ca4090d9d5ab1c9495f6ca03b68efa.jpg?ver=1777058957","url":"https:\/\/vanderloubet.com.br\/deputado\/wp-content\/litespeed\/avatar\/88ca4090d9d5ab1c9495f6ca03b68efa.jpg?ver=1777058957","contentUrl":"https:\/\/vanderloubet.com.br\/deputado\/wp-content\/litespeed\/avatar\/88ca4090d9d5ab1c9495f6ca03b68efa.jpg?ver=1777058957","caption":"\u00c9der"}}]}},"jetpack_featured_media_url":"","jetpack_sharing_enabled":true,"_links":{"self":[{"href":"https:\/\/vanderloubet.com.br\/deputado\/wp-json\/wp\/v2\/posts\/4944","targetHints":{"allow":["GET"]}}],"collection":[{"href":"https:\/\/vanderloubet.com.br\/deputado\/wp-json\/wp\/v2\/posts"}],"about":[{"href":"https:\/\/vanderloubet.com.br\/deputado\/wp-json\/wp\/v2\/types\/post"}],"author":[{"embeddable":true,"href":"https:\/\/vanderloubet.com.br\/deputado\/wp-json\/wp\/v2\/users\/2"}],"replies":[{"embeddable":true,"href":"https:\/\/vanderloubet.com.br\/deputado\/wp-json\/wp\/v2\/comments?post=4944"}],"version-history":[{"count":0,"href":"https:\/\/vanderloubet.com.br\/deputado\/wp-json\/wp\/v2\/posts\/4944\/revisions"}],"wp:attachment":[{"href":"https:\/\/vanderloubet.com.br\/deputado\/wp-json\/wp\/v2\/media?parent=4944"}],"wp:term":[{"taxonomy":"category","embeddable":true,"href":"https:\/\/vanderloubet.com.br\/deputado\/wp-json\/wp\/v2\/categories?post=4944"},{"taxonomy":"post_tag","embeddable":true,"href":"https:\/\/vanderloubet.com.br\/deputado\/wp-json\/wp\/v2\/tags?post=4944"}],"curies":[{"name":"wp","href":"https:\/\/api.w.org\/{rel}","templated":true}]}}