{"id":4928,"date":"2012-04-20T10:02:13","date_gmt":"2012-04-20T14:02:13","guid":{"rendered":"http:\/\/www.deputadovander.com.br\/website\/?p=4928"},"modified":"2012-04-20T10:02:13","modified_gmt":"2012-04-20T14:02:13","slug":"militancia-e-liderancas-festejam-com-vander-candidatura-de-zeca-do-pt","status":"publish","type":"post","link":"https:\/\/vanderloubet.com.br\/deputado\/militancia-e-liderancas-festejam-com-vander-candidatura-de-zeca-do-pt\/","title":{"rendered":"Milit\u00e2ncia e lideran\u00e7as festejam com Vander candidatura de Zeca do PT"},"content":{"rendered":"<figure id=\"attachment_4931\" aria-describedby=\"caption-attachment-4931\" style=\"width: 400px\" class=\"wp-caption aligncenter\"><a href=\"http:\/\/www.deputadovander.com.br\/website\/wp-content\/uploads\/2012\/04\/foto-2012-04-20-reuniao-pre-candidatos-zeca.jpg\" target=\"_blank\"><img decoding=\"async\" class=\"size-medium wp-image-4931 \" title=\"foto-2012-04-20-reuniao-pre-candidatos-zeca\" src=\"http:\/\/www.deputadovander.com.br\/website\/wp-content\/uploads\/2012\/04\/foto-2012-04-20-reuniao-pre-candidatos-zeca-400x222.jpg\" alt=\"Ex-governador Zeca, agora pr\u00e9-candidato a vereador em Campo Grande\" width=\"400\" height=\"222\" \/><\/a><figcaption id=\"caption-attachment-4931\" class=\"wp-caption-text\">Ex-governador Zeca, agora pr\u00e9-candidato a vereador em Campo Grande<\/figcaption><\/figure>\n<p>A pr\u00e9-campanha do deputado federal Vander Loubet \u00e0 Prefeitura de Campo Grande experimentou na noite de ontem (19) a for\u00e7a e a vibra\u00e7\u00e3o da milit\u00e2ncia, que foi prestigiar o lan\u00e7amento da pr\u00e9-candidatura do ex-governador Zeca do PT a vereador. Os quase 30 petistas inscritos como pr\u00e9-candidatos a vereador e vereadora estavam t\u00e3o empolgados quanto Vander. Marcaram presen\u00e7a no ato o senador Delc\u00eddio do Amaral, o deputado federal Antonio Carlos Biffi, os vereadores Alex e Tha\u00eds Helena, o deputado estadual Cabo Almi e o superintendente regional da Funasa, o ex-deputado Pedro Teruel e os presidentes dos diret\u00f3rios regional e municipal, Marcus Garcia e Gildo do PT, entre outros.<\/p>\n<p>Todos os oradores pontuaram que a presen\u00e7a de Zeca na chapa proporcional traz uma motiva\u00e7\u00e3o singular para a campanha. &#8220;A candidatura do Zeca \u00e9 um divisor de \u00e1guas neste processo eleitoral em Campo Grande. Tudo que era ontem, agora n\u00e3o \u00e9 mais, principalmente aquela historinha da hegemonia que pensava em conservar as facilidades de antes&#8221;, disparou Delc\u00eddio. O senador elogiou a atitude de Zeca, considerando-a digna de um grande homem p\u00fablico.<\/p>\n<p>&#8220;N\u00e3o tenho d\u00favida: essa atitude encoraja mais o PT. A decis\u00e3o do Zeca muda o quadro pol\u00edtico em Campo Grande e seu impacto j\u00e1 se alastra pelo interior&#8221;, salientou o senador. Em seguida, reconheceu o valor diferenciado da milit\u00e2ncia, mas recomendou paci\u00eancia. &#8220;Estamos agora ainda mais motivados, mais empolgados. Mas temos uma luta terr\u00edvel pela frente. O jogo ser\u00e1 muito pesado, vamos enfrentar duas m\u00e1quinas, a Prefeitura e o Governo&#8221;, exclamou.<\/p>\n<figure id=\"attachment_4929\" aria-describedby=\"caption-attachment-4929\" style=\"width: 400px\" class=\"wp-caption aligncenter\"><a href=\"http:\/\/www.deputadovander.com.br\/website\/wp-content\/uploads\/2012\/04\/foto-2012-04-20-reuniao-pre-candidatos-delcidio.jpg\" target=\"_blank\"><img decoding=\"async\" class=\"size-medium wp-image-4929 \" title=\"foto-2012-04-20-reuniao-pre-candidatos-delcidio\" src=\"http:\/\/www.deputadovander.com.br\/website\/wp-content\/uploads\/2012\/04\/foto-2012-04-20-reuniao-pre-candidatos-delcidio-400x222.jpg\" alt=\"Delc\u00eddio: atitude de Zeca encoraja mais o PT\" width=\"400\" height=\"222\" \/><\/a><figcaption id=\"caption-attachment-4929\" class=\"wp-caption-text\">Delc\u00eddio: atitude de Zeca encoraja mais o PT<\/figcaption><\/figure>\n<p>Delc\u00eddio disse estar agora mais convicto de que Vander chegar\u00e1 ao segundo turno e fez nova advert\u00eancia: &#8220;\u00c9 preciso estar atento, porque de agora em diante, com o crescimento do Vander, o fator Zeca, a candidatura consolidada do Reinaldo Azambuja (PSDB) e, quero acreditar, do Alcides Bernal (PP) e do Athayde Nery (PPS), a elei\u00e7\u00e3o toma um rumo indesejado para quem queria liquidar tudo no primeiro turno. Podem estar certos que v\u00eam a\u00ed a m\u00e3o pesada da opera\u00e7\u00e3o abafa, na tentativa de evitar essa pulveriza\u00e7\u00e3o&#8221;.<\/p>\n<p><strong>Pelo PT<\/strong><\/p>\n<p>Ao discorrer sobre as raz\u00f5es que o levaram a disputar uma cadeira na C\u00e2mara Municipal, Zeca disse que o motivador maior \u00e9 o PT. &#8220;Devo tudo a esse partido. Jamais imaginaria sair l\u00e1 das barrancas do Rio Paraguai, ser deputado estadual duas vezes, governador duas vezes, n\u00e3o fosse o PT&#8221;. Recordou momentos dif\u00edceis da constru\u00e7\u00e3o do partido e das disputas eleitorais, referindo-se com frequ\u00eancia \u00e0 participa\u00e7\u00e3o &#8220;serena e qualificada&#8221; de Vander. &#8220;Ele sempre esteve ao meu lado, e eu n\u00e3o deixaria de ficar ao lado dele nesta hora. O PT, o Vander, minha fam\u00edlia e a milit\u00e2ncia me deram essa op\u00e7\u00e3o, da qual me orgulho e n\u00e3o me traz qualquer preocupa\u00e7\u00e3o sobre quantos votos vou ter. Quero \u00e9 contribuir com o partido que me trouxe at\u00e9 aqui , que mudou o Brasil e que faz muita falta na Prefeitura de Campo Grande e no Governo do Estado&#8221;.<\/p>\n<p>Zeca dedicou tamb\u00e9m boa parte da sua fala a Delc\u00eddio. Depois de confessar que com sua humildade havia aprendido a ler a cabe\u00e7a do PT, viu que o PT quer Delc\u00eddio no Governo. &#8220;Fui ent\u00e3o \u00e0 casa dele naquela reuni\u00e3o do m\u00eas passado e disse: senador, vim me apresentar, sou teu soldado&#8221;. Em seguida, o ex-governador avisou que, para contribuir com a campanha de Delc\u00eddio ao Governo, est\u00e1 disposto a qualquer tarefa, de candidato ao Senado a carregador de bandeira.<\/p>\n<figure id=\"attachment_4930\" aria-describedby=\"caption-attachment-4930\" style=\"width: 400px\" class=\"wp-caption aligncenter\"><a href=\"http:\/\/www.deputadovander.com.br\/website\/wp-content\/uploads\/2012\/04\/foto-2012-04-20-reuniao-pre-candidatos-vander.jpg\" target=\"_blank\"><img decoding=\"async\" class=\"size-medium wp-image-4930 \" title=\"foto-2012-04-20-reuniao-pre-candidatos-vander\" src=\"http:\/\/www.deputadovander.com.br\/website\/wp-content\/uploads\/2012\/04\/foto-2012-04-20-reuniao-pre-candidatos-vander-400x222.jpg\" alt=\"Vander destacou que a cada dia o segundo turno fica mais vis\u00edvel\" width=\"400\" height=\"222\" \/><\/a><figcaption id=\"caption-attachment-4930\" class=\"wp-caption-text\">Vander destacou que a cada dia o segundo turno fica mais vis\u00edvel<\/figcaption><\/figure>\n<p><strong>Chance aumenta<\/strong><\/p>\n<p>Emocionado, Vander fez um discurso dirigido \u00e0 milit\u00e2ncia e, a exemplo dos demais oradores, antecipou que com Zeca na chapa proporcional aumentam as chances da chapa majorit\u00e1ria de chegar ao segundo turno e de mais cadeiras serem conquistadas na C\u00e2mara Municipal. &#8220;N\u00e3o sou candidato de mim mesmo. Represento a soma de todas as correntes do PT, represento um projeto coletivo de dentro do partido e do conjunto da sociedade&#8221;, afirmou.<\/p>\n<p>Vander assinalou que a cada dia o segundo turno fica mais vis\u00edvel nas proje\u00e7\u00f5es de todos os partidos em Campo Grande. Depois de citar as qualidades e o empenho dos outros pr\u00e9-candidatos do PSDB, PP e PPS, comentou: &#8220;Cada um de n\u00f3s acha que pode chegar ao segundo turno. Mas a\u00ed ser\u00e1 outra hist\u00f3ria. Eu quero, com meu partido e nossos aliados, oferecer uma proposta alternativa para descentralizar a gest\u00e3o desta cidade, que j\u00e1 chegou aos 850 mil habitantes e n\u00e3o tem nenhuma subprefeitura, uma gest\u00e3o que n\u00e3o resolve o problema da falta de m\u00e9dico nos postos e \u00e9 atropelada pela mobilidade urbana, com a maior parte dos leitos da Santa Casa ocupados por v\u00edtimas do tr\u00e2nsito&#8221;.<\/p>\n<p><span style=\"font-size: 11px;\">(Edson Moraes &#8211; Assessoria\/Deputado Vander)<\/span><\/p>\n","protected":false},"excerpt":{"rendered":"<p>Vander assinalou que a cada dia o segundo turno fica mais vis\u00edvel nas proje\u00e7\u00f5es de todos os partidos em Campo Grande.<\/p>\n","protected":false},"author":2,"featured_media":0,"comment_status":"closed","ping_status":"open","sticky":false,"template":"","format":"standard","meta":{"jetpack_post_was_ever_published":false,"_jetpack_newsletter_access":"","_jetpack_dont_email_post_to_subs":false,"_jetpack_newsletter_tier_id":0,"_jetpack_memberships_contains_paywalled_content":false,"_jetpack_memberships_contains_paid_content":false,"footnotes":""},"categories":[10],"tags":[262,341,590,608,807,936,1178,1290,1336,1607,1655,1823,2033,2047,2048,2089],"class_list":{"0":"post-4928","1":"post","2":"type-post","3":"status-publish","4":"format-standard","6":"category-noticias","7":"tag-biffi","8":"tag-campo","9":"tag-delcidio","10":"tag-deputado","11":"tag-federal","12":"tag-grande","13":"tag-loubet","14":"tag-militancia","15":"tag-ms","16":"tag-prefeito","17":"tag-pt","18":"tag-senador","19":"tag-vander","20":"tag-vereador","21":"tag-vereadora","22":"tag-zeca"},"yoast_head":"<!-- This site is optimized with the Yoast SEO plugin v27.4 - https:\/\/yoast.com\/product\/yoast-seo-wordpress\/ -->\n<title>Milit\u00e2ncia e lideran\u00e7as festejam com Vander candidatura de Zeca do PT<\/title>\n<meta name=\"robots\" content=\"index, follow, max-snippet:-1, max-image-preview:large, max-video-preview:-1\" \/>\n<link rel=\"canonical\" href=\"http:\/\/vanderloubet.com.br\/deputado\/militancia-e-liderancas-festejam-com-vander-candidatura-de-zeca-do-pt\/\" \/>\n<meta property=\"og:locale\" content=\"pt_BR\" \/>\n<meta property=\"og:type\" content=\"article\" \/>\n<meta property=\"og:title\" content=\"Milit\u00e2ncia e lideran\u00e7as festejam com Vander candidatura de Zeca do PT\" \/>\n<meta property=\"og:description\" content=\"Vander assinalou que a cada dia o segundo turno fica mais vis\u00edvel nas proje\u00e7\u00f5es de todos os partidos em Campo Grande.\" \/>\n<meta property=\"og:url\" content=\"http:\/\/vanderloubet.com.br\/deputado\/militancia-e-liderancas-festejam-com-vander-candidatura-de-zeca-do-pt\/\" \/>\n<meta property=\"og:site_name\" content=\"Deputado Federal Vander Loubet\" \/>\n<meta property=\"article:publisher\" content=\"https:\/\/facebook.com\/deputadovander\" \/>\n<meta property=\"article:published_time\" content=\"2012-04-20T14:02:13+00:00\" \/>\n<meta property=\"og:image\" content=\"http:\/\/www.deputadovander.com.br\/website\/wp-content\/uploads\/2012\/04\/foto-2012-04-20-reuniao-pre-candidatos-zeca-400x222.jpg\" \/>\n<meta name=\"author\" content=\"\u00c9der\" \/>\n<meta name=\"twitter:card\" content=\"summary_large_image\" \/>\n<meta name=\"twitter:creator\" content=\"@vanderloubet\" \/>\n<meta name=\"twitter:site\" content=\"@vanderloubet\" \/>\n<script type=\"application\/ld+json\" class=\"yoast-schema-graph\">{\"@context\":\"https:\\\/\\\/schema.org\",\"@graph\":[{\"@type\":\"Article\",\"@id\":\"http:\\\/\\\/vanderloubet.com.br\\\/deputado\\\/militancia-e-liderancas-festejam-com-vander-candidatura-de-zeca-do-pt\\\/#article\",\"isPartOf\":{\"@id\":\"http:\\\/\\\/vanderloubet.com.br\\\/deputado\\\/militancia-e-liderancas-festejam-com-vander-candidatura-de-zeca-do-pt\\\/\"},\"author\":{\"name\":\"\u00c9der\",\"@id\":\"https:\\\/\\\/vanderloubet.com.br\\\/deputado\\\/#\\\/schema\\\/person\\\/15b51bd564532a8a68d9dec1b8eb890e\"},\"headline\":\"Milit\u00e2ncia e lideran\u00e7as festejam com Vander candidatura de Zeca do PT\",\"datePublished\":\"2012-04-20T14:02:13+00:00\",\"mainEntityOfPage\":{\"@id\":\"http:\\\/\\\/vanderloubet.com.br\\\/deputado\\\/militancia-e-liderancas-festejam-com-vander-candidatura-de-zeca-do-pt\\\/\"},\"wordCount\":882,\"publisher\":{\"@id\":\"https:\\\/\\\/vanderloubet.com.br\\\/deputado\\\/#organization\"},\"image\":{\"@id\":\"http:\\\/\\\/vanderloubet.com.br\\\/deputado\\\/militancia-e-liderancas-festejam-com-vander-candidatura-de-zeca-do-pt\\\/#primaryimage\"},\"thumbnailUrl\":\"http:\\\/\\\/www.deputadovander.com.br\\\/website\\\/wp-content\\\/uploads\\\/2012\\\/04\\\/foto-2012-04-20-reuniao-pre-candidatos-zeca-400x222.jpg\",\"keywords\":[\"biffi\",\"campo\",\"delc\u00eddio\",\"deputado\",\"federal\",\"grande\",\"loubet\",\"milit\u00e2ncia\",\"MS\",\"prefeito\",\"PT\",\"senador\",\"vander\",\"vereador\",\"vereadora\",\"zeca\"],\"articleSection\":[\"Not\u00edcias\"],\"inLanguage\":\"pt-BR\"},{\"@type\":\"WebPage\",\"@id\":\"http:\\\/\\\/vanderloubet.com.br\\\/deputado\\\/militancia-e-liderancas-festejam-com-vander-candidatura-de-zeca-do-pt\\\/\",\"url\":\"http:\\\/\\\/vanderloubet.com.br\\\/deputado\\\/militancia-e-liderancas-festejam-com-vander-candidatura-de-zeca-do-pt\\\/\",\"name\":\"Milit\u00e2ncia e lideran\u00e7as festejam com Vander candidatura de Zeca do PT\",\"isPartOf\":{\"@id\":\"https:\\\/\\\/vanderloubet.com.br\\\/deputado\\\/#website\"},\"primaryImageOfPage\":{\"@id\":\"http:\\\/\\\/vanderloubet.com.br\\\/deputado\\\/militancia-e-liderancas-festejam-com-vander-candidatura-de-zeca-do-pt\\\/#primaryimage\"},\"image\":{\"@id\":\"http:\\\/\\\/vanderloubet.com.br\\\/deputado\\\/militancia-e-liderancas-festejam-com-vander-candidatura-de-zeca-do-pt\\\/#primaryimage\"},\"thumbnailUrl\":\"http:\\\/\\\/www.deputadovander.com.br\\\/website\\\/wp-content\\\/uploads\\\/2012\\\/04\\\/foto-2012-04-20-reuniao-pre-candidatos-zeca-400x222.jpg\",\"datePublished\":\"2012-04-20T14:02:13+00:00\",\"breadcrumb\":{\"@id\":\"http:\\\/\\\/vanderloubet.com.br\\\/deputado\\\/militancia-e-liderancas-festejam-com-vander-candidatura-de-zeca-do-pt\\\/#breadcrumb\"},\"inLanguage\":\"pt-BR\",\"potentialAction\":[{\"@type\":\"ReadAction\",\"target\":[\"http:\\\/\\\/vanderloubet.com.br\\\/deputado\\\/militancia-e-liderancas-festejam-com-vander-candidatura-de-zeca-do-pt\\\/\"]}]},{\"@type\":\"ImageObject\",\"inLanguage\":\"pt-BR\",\"@id\":\"http:\\\/\\\/vanderloubet.com.br\\\/deputado\\\/militancia-e-liderancas-festejam-com-vander-candidatura-de-zeca-do-pt\\\/#primaryimage\",\"url\":\"http:\\\/\\\/www.deputadovander.com.br\\\/website\\\/wp-content\\\/uploads\\\/2012\\\/04\\\/foto-2012-04-20-reuniao-pre-candidatos-zeca-400x222.jpg\",\"contentUrl\":\"http:\\\/\\\/www.deputadovander.com.br\\\/website\\\/wp-content\\\/uploads\\\/2012\\\/04\\\/foto-2012-04-20-reuniao-pre-candidatos-zeca-400x222.jpg\"},{\"@type\":\"BreadcrumbList\",\"@id\":\"http:\\\/\\\/vanderloubet.com.br\\\/deputado\\\/militancia-e-liderancas-festejam-com-vander-candidatura-de-zeca-do-pt\\\/#breadcrumb\",\"itemListElement\":[{\"@type\":\"ListItem\",\"position\":1,\"name\":\"In\u00edcio\",\"item\":\"https:\\\/\\\/vanderloubet.com.br\\\/deputado\\\/\"},{\"@type\":\"ListItem\",\"position\":2,\"name\":\"Milit\u00e2ncia e lideran\u00e7as festejam com Vander candidatura de Zeca do PT\"}]},{\"@type\":\"WebSite\",\"@id\":\"https:\\\/\\\/vanderloubet.com.br\\\/deputado\\\/#website\",\"url\":\"https:\\\/\\\/vanderloubet.com.br\\\/deputado\\\/\",\"name\":\"Deputado Federal Vander Loubet\",\"description\":\"O Federal de MS\",\"publisher\":{\"@id\":\"https:\\\/\\\/vanderloubet.com.br\\\/deputado\\\/#organization\"},\"alternateName\":\"Deputado Vander\",\"potentialAction\":[{\"@type\":\"SearchAction\",\"target\":{\"@type\":\"EntryPoint\",\"urlTemplate\":\"https:\\\/\\\/vanderloubet.com.br\\\/deputado\\\/?s={search_term_string}\"},\"query-input\":{\"@type\":\"PropertyValueSpecification\",\"valueRequired\":true,\"valueName\":\"search_term_string\"}}],\"inLanguage\":\"pt-BR\"},{\"@type\":\"Organization\",\"@id\":\"https:\\\/\\\/vanderloubet.com.br\\\/deputado\\\/#organization\",\"name\":\"Deputado Federal Vander Loubet\",\"alternateName\":\"Deputado Vander\",\"url\":\"https:\\\/\\\/vanderloubet.com.br\\\/deputado\\\/\",\"logo\":{\"@type\":\"ImageObject\",\"inLanguage\":\"pt-BR\",\"@id\":\"https:\\\/\\\/vanderloubet.com.br\\\/deputado\\\/#\\\/schema\\\/logo\\\/image\\\/\",\"url\":\"https:\\\/\\\/vanderloubet.com.br\\\/deputado\\\/wp-content\\\/uploads\\\/2023\\\/06\\\/foto-2023-06-19-mandato-deputado-vander.jpg\",\"contentUrl\":\"https:\\\/\\\/vanderloubet.com.br\\\/deputado\\\/wp-content\\\/uploads\\\/2023\\\/06\\\/foto-2023-06-19-mandato-deputado-vander.jpg\",\"width\":1080,\"height\":1080,\"caption\":\"Deputado Federal Vander Loubet\"},\"image\":{\"@id\":\"https:\\\/\\\/vanderloubet.com.br\\\/deputado\\\/#\\\/schema\\\/logo\\\/image\\\/\"},\"sameAs\":[\"https:\\\/\\\/facebook.com\\\/deputadovander\",\"https:\\\/\\\/x.com\\\/vanderloubet\",\"https:\\\/\\\/instagram.com\\\/vanderloubet\",\"https:\\\/\\\/youtube.com\\\/vanderloubet\",\"https:\\\/\\\/tiktok.com\\\/@vanderloubetms\"]},{\"@type\":\"Person\",\"@id\":\"https:\\\/\\\/vanderloubet.com.br\\\/deputado\\\/#\\\/schema\\\/person\\\/15b51bd564532a8a68d9dec1b8eb890e\",\"name\":\"\u00c9der\",\"image\":{\"@type\":\"ImageObject\",\"inLanguage\":\"pt-BR\",\"@id\":\"https:\\\/\\\/vanderloubet.com.br\\\/deputado\\\/wp-content\\\/litespeed\\\/avatar\\\/88ca4090d9d5ab1c9495f6ca03b68efa.jpg?ver=1777058957\",\"url\":\"https:\\\/\\\/vanderloubet.com.br\\\/deputado\\\/wp-content\\\/litespeed\\\/avatar\\\/88ca4090d9d5ab1c9495f6ca03b68efa.jpg?ver=1777058957\",\"contentUrl\":\"https:\\\/\\\/vanderloubet.com.br\\\/deputado\\\/wp-content\\\/litespeed\\\/avatar\\\/88ca4090d9d5ab1c9495f6ca03b68efa.jpg?ver=1777058957\",\"caption\":\"\u00c9der\"}}]}<\/script>\n<!-- \/ Yoast SEO plugin. -->","yoast_head_json":{"title":"Milit\u00e2ncia e lideran\u00e7as festejam com Vander candidatura de Zeca do PT","robots":{"index":"index","follow":"follow","max-snippet":"max-snippet:-1","max-image-preview":"max-image-preview:large","max-video-preview":"max-video-preview:-1"},"canonical":"http:\/\/vanderloubet.com.br\/deputado\/militancia-e-liderancas-festejam-com-vander-candidatura-de-zeca-do-pt\/","og_locale":"pt_BR","og_type":"article","og_title":"Milit\u00e2ncia e lideran\u00e7as festejam com Vander candidatura de Zeca do PT","og_description":"Vander assinalou que a cada dia o segundo turno fica mais vis\u00edvel nas proje\u00e7\u00f5es de todos os partidos em Campo Grande.","og_url":"http:\/\/vanderloubet.com.br\/deputado\/militancia-e-liderancas-festejam-com-vander-candidatura-de-zeca-do-pt\/","og_site_name":"Deputado Federal Vander Loubet","article_publisher":"https:\/\/facebook.com\/deputadovander","article_published_time":"2012-04-20T14:02:13+00:00","og_image":[{"url":"http:\/\/www.deputadovander.com.br\/website\/wp-content\/uploads\/2012\/04\/foto-2012-04-20-reuniao-pre-candidatos-zeca-400x222.jpg","type":"","width":"","height":""}],"author":"\u00c9der","twitter_card":"summary_large_image","twitter_creator":"@vanderloubet","twitter_site":"@vanderloubet","schema":{"@context":"https:\/\/schema.org","@graph":[{"@type":"Article","@id":"http:\/\/vanderloubet.com.br\/deputado\/militancia-e-liderancas-festejam-com-vander-candidatura-de-zeca-do-pt\/#article","isPartOf":{"@id":"http:\/\/vanderloubet.com.br\/deputado\/militancia-e-liderancas-festejam-com-vander-candidatura-de-zeca-do-pt\/"},"author":{"name":"\u00c9der","@id":"https:\/\/vanderloubet.com.br\/deputado\/#\/schema\/person\/15b51bd564532a8a68d9dec1b8eb890e"},"headline":"Milit\u00e2ncia e lideran\u00e7as festejam com Vander candidatura de Zeca do PT","datePublished":"2012-04-20T14:02:13+00:00","mainEntityOfPage":{"@id":"http:\/\/vanderloubet.com.br\/deputado\/militancia-e-liderancas-festejam-com-vander-candidatura-de-zeca-do-pt\/"},"wordCount":882,"publisher":{"@id":"https:\/\/vanderloubet.com.br\/deputado\/#organization"},"image":{"@id":"http:\/\/vanderloubet.com.br\/deputado\/militancia-e-liderancas-festejam-com-vander-candidatura-de-zeca-do-pt\/#primaryimage"},"thumbnailUrl":"http:\/\/www.deputadovander.com.br\/website\/wp-content\/uploads\/2012\/04\/foto-2012-04-20-reuniao-pre-candidatos-zeca-400x222.jpg","keywords":["biffi","campo","delc\u00eddio","deputado","federal","grande","loubet","milit\u00e2ncia","MS","prefeito","PT","senador","vander","vereador","vereadora","zeca"],"articleSection":["Not\u00edcias"],"inLanguage":"pt-BR"},{"@type":"WebPage","@id":"http:\/\/vanderloubet.com.br\/deputado\/militancia-e-liderancas-festejam-com-vander-candidatura-de-zeca-do-pt\/","url":"http:\/\/vanderloubet.com.br\/deputado\/militancia-e-liderancas-festejam-com-vander-candidatura-de-zeca-do-pt\/","name":"Milit\u00e2ncia e lideran\u00e7as festejam com Vander candidatura de Zeca do PT","isPartOf":{"@id":"https:\/\/vanderloubet.com.br\/deputado\/#website"},"primaryImageOfPage":{"@id":"http:\/\/vanderloubet.com.br\/deputado\/militancia-e-liderancas-festejam-com-vander-candidatura-de-zeca-do-pt\/#primaryimage"},"image":{"@id":"http:\/\/vanderloubet.com.br\/deputado\/militancia-e-liderancas-festejam-com-vander-candidatura-de-zeca-do-pt\/#primaryimage"},"thumbnailUrl":"http:\/\/www.deputadovander.com.br\/website\/wp-content\/uploads\/2012\/04\/foto-2012-04-20-reuniao-pre-candidatos-zeca-400x222.jpg","datePublished":"2012-04-20T14:02:13+00:00","breadcrumb":{"@id":"http:\/\/vanderloubet.com.br\/deputado\/militancia-e-liderancas-festejam-com-vander-candidatura-de-zeca-do-pt\/#breadcrumb"},"inLanguage":"pt-BR","potentialAction":[{"@type":"ReadAction","target":["http:\/\/vanderloubet.com.br\/deputado\/militancia-e-liderancas-festejam-com-vander-candidatura-de-zeca-do-pt\/"]}]},{"@type":"ImageObject","inLanguage":"pt-BR","@id":"http:\/\/vanderloubet.com.br\/deputado\/militancia-e-liderancas-festejam-com-vander-candidatura-de-zeca-do-pt\/#primaryimage","url":"http:\/\/www.deputadovander.com.br\/website\/wp-content\/uploads\/2012\/04\/foto-2012-04-20-reuniao-pre-candidatos-zeca-400x222.jpg","contentUrl":"http:\/\/www.deputadovander.com.br\/website\/wp-content\/uploads\/2012\/04\/foto-2012-04-20-reuniao-pre-candidatos-zeca-400x222.jpg"},{"@type":"BreadcrumbList","@id":"http:\/\/vanderloubet.com.br\/deputado\/militancia-e-liderancas-festejam-com-vander-candidatura-de-zeca-do-pt\/#breadcrumb","itemListElement":[{"@type":"ListItem","position":1,"name":"In\u00edcio","item":"https:\/\/vanderloubet.com.br\/deputado\/"},{"@type":"ListItem","position":2,"name":"Milit\u00e2ncia e lideran\u00e7as festejam com Vander candidatura de Zeca do PT"}]},{"@type":"WebSite","@id":"https:\/\/vanderloubet.com.br\/deputado\/#website","url":"https:\/\/vanderloubet.com.br\/deputado\/","name":"Deputado Federal Vander Loubet","description":"O Federal de MS","publisher":{"@id":"https:\/\/vanderloubet.com.br\/deputado\/#organization"},"alternateName":"Deputado Vander","potentialAction":[{"@type":"SearchAction","target":{"@type":"EntryPoint","urlTemplate":"https:\/\/vanderloubet.com.br\/deputado\/?s={search_term_string}"},"query-input":{"@type":"PropertyValueSpecification","valueRequired":true,"valueName":"search_term_string"}}],"inLanguage":"pt-BR"},{"@type":"Organization","@id":"https:\/\/vanderloubet.com.br\/deputado\/#organization","name":"Deputado Federal Vander Loubet","alternateName":"Deputado Vander","url":"https:\/\/vanderloubet.com.br\/deputado\/","logo":{"@type":"ImageObject","inLanguage":"pt-BR","@id":"https:\/\/vanderloubet.com.br\/deputado\/#\/schema\/logo\/image\/","url":"https:\/\/vanderloubet.com.br\/deputado\/wp-content\/uploads\/2023\/06\/foto-2023-06-19-mandato-deputado-vander.jpg","contentUrl":"https:\/\/vanderloubet.com.br\/deputado\/wp-content\/uploads\/2023\/06\/foto-2023-06-19-mandato-deputado-vander.jpg","width":1080,"height":1080,"caption":"Deputado Federal Vander Loubet"},"image":{"@id":"https:\/\/vanderloubet.com.br\/deputado\/#\/schema\/logo\/image\/"},"sameAs":["https:\/\/facebook.com\/deputadovander","https:\/\/x.com\/vanderloubet","https:\/\/instagram.com\/vanderloubet","https:\/\/youtube.com\/vanderloubet","https:\/\/tiktok.com\/@vanderloubetms"]},{"@type":"Person","@id":"https:\/\/vanderloubet.com.br\/deputado\/#\/schema\/person\/15b51bd564532a8a68d9dec1b8eb890e","name":"\u00c9der","image":{"@type":"ImageObject","inLanguage":"pt-BR","@id":"https:\/\/vanderloubet.com.br\/deputado\/wp-content\/litespeed\/avatar\/88ca4090d9d5ab1c9495f6ca03b68efa.jpg?ver=1777058957","url":"https:\/\/vanderloubet.com.br\/deputado\/wp-content\/litespeed\/avatar\/88ca4090d9d5ab1c9495f6ca03b68efa.jpg?ver=1777058957","contentUrl":"https:\/\/vanderloubet.com.br\/deputado\/wp-content\/litespeed\/avatar\/88ca4090d9d5ab1c9495f6ca03b68efa.jpg?ver=1777058957","caption":"\u00c9der"}}]}},"jetpack_featured_media_url":"","jetpack_sharing_enabled":true,"_links":{"self":[{"href":"https:\/\/vanderloubet.com.br\/deputado\/wp-json\/wp\/v2\/posts\/4928","targetHints":{"allow":["GET"]}}],"collection":[{"href":"https:\/\/vanderloubet.com.br\/deputado\/wp-json\/wp\/v2\/posts"}],"about":[{"href":"https:\/\/vanderloubet.com.br\/deputado\/wp-json\/wp\/v2\/types\/post"}],"author":[{"embeddable":true,"href":"https:\/\/vanderloubet.com.br\/deputado\/wp-json\/wp\/v2\/users\/2"}],"replies":[{"embeddable":true,"href":"https:\/\/vanderloubet.com.br\/deputado\/wp-json\/wp\/v2\/comments?post=4928"}],"version-history":[{"count":0,"href":"https:\/\/vanderloubet.com.br\/deputado\/wp-json\/wp\/v2\/posts\/4928\/revisions"}],"wp:attachment":[{"href":"https:\/\/vanderloubet.com.br\/deputado\/wp-json\/wp\/v2\/media?parent=4928"}],"wp:term":[{"taxonomy":"category","embeddable":true,"href":"https:\/\/vanderloubet.com.br\/deputado\/wp-json\/wp\/v2\/categories?post=4928"},{"taxonomy":"post_tag","embeddable":true,"href":"https:\/\/vanderloubet.com.br\/deputado\/wp-json\/wp\/v2\/tags?post=4928"}],"curies":[{"name":"wp","href":"https:\/\/api.w.org\/{rel}","templated":true}]}}