{"id":4910,"date":"2012-04-16T15:10:42","date_gmt":"2012-04-16T19:10:42","guid":{"rendered":"http:\/\/www.deputadovander.com.br\/website\/?p=4910"},"modified":"2012-04-16T15:10:42","modified_gmt":"2012-04-16T19:10:42","slug":"vander-cobra-agilidade-na-restauracao-da-ponte-helio-serejo-ex-mauricio-joppert","status":"publish","type":"post","link":"https:\/\/vanderloubet.com.br\/deputado\/vander-cobra-agilidade-na-restauracao-da-ponte-helio-serejo-ex-mauricio-joppert\/","title":{"rendered":"Vander cobra agilidade na restaura\u00e7\u00e3o da ponte H\u00e9lio Serejo, ex-Maur\u00edcio Joppert"},"content":{"rendered":"<figure id=\"attachment_4911\" aria-describedby=\"caption-attachment-4911\" style=\"width: 400px\" class=\"wp-caption aligncenter\"><a href=\"http:\/\/www.deputadovander.com.br\/website\/wp-content\/uploads\/2012\/04\/foto-2012-04-16-ponte-helio-serejo-rio-parana-01.jpg\" target=\"_blank\"><img decoding=\"async\" class=\"size-medium wp-image-4911  \" title=\"foto-2012-04-16-ponte-helio-serejo-rio-parana-01\" src=\"http:\/\/www.deputadovander.com.br\/website\/wp-content\/uploads\/2012\/04\/foto-2012-04-16-ponte-helio-serejo-rio-parana-01-400x266.jpg\" alt=\"Entrada paulista da Ponte H\u00e9lio Serejo (ex-Maur\u00edcio Joppert)\" width=\"400\" height=\"266\" \/><\/a><figcaption id=\"caption-attachment-4911\" class=\"wp-caption-text\">Entrada paulista da Ponte H\u00e9lio Serejo (ex-Maur\u00edcio Joppert)<\/figcaption><\/figure>\n<p>A ponte sobre o Rio Paran\u00e1 entre Bataguassu (MS) e Presidente Epit\u00e1cio (SP) j\u00e1 n\u00e3o se chama Maur\u00edcio Joppert e sim H\u00e9lio Serejo. O batismo se deve a um projeto do deputado federal Vander Loubet (PT-MS), o <a title=\"Link\" href=\"http:\/\/www.camara.gov.br\/proposicoesWeb\/fichadetramitacao?idProposicao=387852\" target=\"_blank\">PL 3076\/2008<\/a>. Aprovada pelo Congresso Nacional e sancionada como <a title=\"Link\" href=\"http:\/\/www.planalto.gov.br\/ccivil_03\/_Ato2011-2014\/2012\/Lei\/L12610.htm\" target=\"_blank\">Lei 12.610\/2012<\/a> pela Presid\u00eancia da Rep\u00fablica, a denomina\u00e7\u00e3o foi publicada no Di\u00e1rio Oficial da Uni\u00e3o na semana passada, fazendo justi\u00e7a a uma das figuras mais importantes na hist\u00f3ria do desenvolvimento de Mato Grosso e Mato Grosso do Sul.<\/p>\n<p>Ao comemorar o fato, Vander destacou a import\u00e2ncia de homenagear um dos maiores respons\u00e1veis pela constru\u00e7\u00e3o da travessia sobre o Rio Paran\u00e1 e aproveitou para reiterar o apelo para que as obras de restaura\u00e7\u00e3o da ponte sejam aceleradas e conclu\u00eddas dentro do cronograma. O investimento faz parte das a\u00e7\u00f5es priorizadas pelo mandato do deputado junto ao Minist\u00e9rio dos Transportes para melhorar as condi\u00e7\u00f5es de tr\u00e1fego na malha vi\u00e1ria regional, com diversas interven\u00e7\u00f5es na BR-267, entre elas a recupera\u00e7\u00e3o da ponte.<\/p>\n<p>Iniciadas em mar\u00e7o de 2011 para ser entregues em 720 dias, as obras sofreram alguns atrasos, embora a chefia regional do Departamento Nacional de Infraestrutura de Transportes (Dnit) garanta que o cronograma est\u00e1 sendo cumprido e a conclus\u00e3o pode at\u00e9 ser antecipada para o final deste ano. Desde que as obras foram iniciadas, o tr\u00e2nsito na ponte \u00e9 feito em meia pista, situa\u00e7\u00e3o que gera reclama\u00e7\u00f5es dos condutores porque o fluxo \u00e9 prejudicado. Mas \u00e9 uma situa\u00e7\u00e3o inevit\u00e1vel exigida para que as obras sejam realizadas.<\/p>\n<p>Inaugurada em 1964, a ponte come\u00e7a no quil\u00f4metro zero da jun\u00e7\u00e3o entre a BR-267 e a SP-270. Com 2,5 km de extens\u00e3o sobre o Rio Paran\u00e1 e uma m\u00e9dia de cinco mil ve\u00edculos\/dia, os servi\u00e7os de restaura\u00e7\u00e3o custam cerca de R$ 24 milh\u00f5es e incluem interven\u00e7\u00f5es na superestrutura (tabuleiro e pavimento), mesoestrutura (pilares) e infraestrutura (tubul\u00f5es). Maur\u00edcio Joppert \u00e9 o nome de um engenheiro e pol\u00edtico do Rio de Janeiro que foi ministro dos Transportes na d\u00e9cada de 1940 e nada teve a ver com o empreendimento.<\/p>\n<figure id=\"attachment_4912\" aria-describedby=\"caption-attachment-4912\" style=\"width: 400px\" class=\"wp-caption aligncenter\"><a href=\"http:\/\/www.deputadovander.com.br\/website\/wp-content\/uploads\/2012\/04\/foto-2012-04-16-ponte-helio-serejo-rio-parana-02.jpg\" target=\"_blank\"><img decoding=\"async\" class=\"size-medium wp-image-4912 \" title=\"foto-2012-04-16-ponte-helio-serejo-rio-parana-02\" src=\"http:\/\/www.deputadovander.com.br\/website\/wp-content\/uploads\/2012\/04\/foto-2012-04-16-ponte-helio-serejo-rio-parana-02-400x266.jpg\" alt=\"Ponte tem 2,5 km de extens\u00e3o; no detalhe, H\u00e9lio Serejo, falecido em 2007\" width=\"400\" height=\"266\" \/><\/a><figcaption id=\"caption-attachment-4912\" class=\"wp-caption-text\">Ponte tem 2,5 km de extens\u00e3o; no detalhe, H\u00e9lio Serejo, falecido em 2007<\/figcaption><\/figure>\n<p><strong>Not\u00e1vel<\/strong><\/p>\n<p>H\u00e9lio Serejo, segundo Vander Loubet, pertence \u00e0 galeria dos not\u00e1veis da hist\u00f3ria brasileira na ocupa\u00e7\u00e3o e na firma\u00e7\u00e3o socioecon\u00f4mica e cultural do Pa\u00eds, com \u00eanfase na integra\u00e7\u00e3o entre o Centro-Oeste e o Sudeste. A ponte que une os estados de Mato Grosso do Sul e S\u00e3o Paulo era um dos ideais de Serejo, que n\u00e3o chegou a realizar o grande sonho de ser engenheiro, por\u00e9m liderou o movimento interestadual que oxigenou a campanha pela constru\u00e7\u00e3o dessa importante travessia.<\/p>\n<p>Nascido em Nioaque em 1912, Serejo morreu aos 95 anos, em 2007. Autor de quase 60 livros (romances, poesias, ensaios), era folclorista, jornalista e memorialista. Tinha liga\u00e7\u00f5es afetivas e intelectuais com diversos estados e sua import\u00e2ncia conquistou reconhecimento at\u00e9 em outros pa\u00edses da Am\u00e9rica Latina. A partir de 1955, sua agu\u00e7ada e latente sensibilidade vision\u00e1ria plantou e adubou a id\u00e9ia que deu in\u00edcio \u00e0 &#8220;Campanha de Propaganda Pr\u00f3-Constru\u00e7\u00e3o da Ponte sobre o Rio Paran\u00e1&#8221;, da qual foi o coordenador e principal propagador. Arrebanhou a ades\u00e3o de lideran\u00e7as dos dois estados e liderou v\u00e1rias mobiliza\u00e7\u00f5es. O barulho levantou a regi\u00e3o e instigou as autoridades federais, at\u00e9 que a obra tornou-se realidade, iniciada no governo de Juscelino Kubitschek e conclu\u00edda pelo general Castelo Branco, chefe do governo militar em 1964.<\/p>\n<p>Para o deputado Vander, o reconhecimento se justifica na estatura moral e intelectual de H\u00e9lio Serejo e na dimens\u00e3o socioecon\u00f4mica de uma obra estrat\u00e9gica para o desenvolvimento sustent\u00e1vel do Pa\u00eds no contexto do Mercosul. A BR-267 define um corredor vital para a economia que prospera entre Mato Grosso do Sul e S\u00e3o Paulo, na liga\u00e7\u00e3o de Porto Murtinho (na regi\u00e3o oeste, \u00e0s margens do Rio Paraguai) a Bataguassu (no leste, \u00e0s margens do Rio Paran\u00e1). O mosaico intermodal dessa regi\u00e3o \u00e9 um dos mais privilegiados do continente latino-americano, pois disp\u00f5e de malhas ferrovi\u00e1ria, rodovi\u00e1ria e hidrovi\u00e1ria. Bataguassu tem um porto de carga e descarga, que interliga a Hidrovia Tiet\u00ea-Paran\u00e1.<\/p>\n<p><span style=\"font-size: 11px;\">(Edson Moraes &#8211; Assessoria\/Deputado Vander)<\/span><\/p>\n","protected":false},"excerpt":{"rendered":"<p>PL de Vander alterou nome da ponte sobre Rio Paran\u00e1 entre Bataguassu (MS) e Presidente Epit\u00e1cio (SP).<\/p>\n","protected":false},"author":2,"featured_media":0,"comment_status":"closed","ping_status":"open","sticky":false,"template":"","format":"standard","meta":{"jetpack_post_was_ever_published":false,"_jetpack_newsletter_access":"","_jetpack_dont_email_post_to_subs":false,"_jetpack_newsletter_tier_id":0,"_jetpack_memberships_contains_paywalled_content":false,"_jetpack_memberships_contains_paid_content":false,"footnotes":""},"categories":[10],"tags":[249,608,726,807,962,1081,1139,1178,1248,1336,1475,1581,1614,1634,1655,1734,1829,2033],"class_list":{"0":"post-4910","1":"post","2":"type-post","3":"status-publish","4":"format-standard","6":"category-noticias","7":"tag-bataguassu","8":"tag-deputado","9":"tag-epitacio","10":"tag-federal","11":"tag-helio","12":"tag-joppert","13":"tag-lei","14":"tag-loubet","15":"tag-mauricio","16":"tag-ms","17":"tag-parana","18":"tag-ponte","19":"tag-presidente","20":"tag-projeto","21":"tag-pt","22":"tag-rio","23":"tag-serejo","24":"tag-vander"},"yoast_head":"<!-- This site is optimized with the Yoast SEO plugin v27.4 - https:\/\/yoast.com\/product\/yoast-seo-wordpress\/ -->\n<title>Vander cobra agilidade na restaura\u00e7\u00e3o da ponte H\u00e9lio Serejo, ex-Maur\u00edcio Joppert<\/title>\n<meta name=\"robots\" content=\"index, follow, max-snippet:-1, max-image-preview:large, max-video-preview:-1\" \/>\n<link rel=\"canonical\" href=\"https:\/\/vanderloubet.com.br\/deputado\/vander-cobra-agilidade-na-restauracao-da-ponte-helio-serejo-ex-mauricio-joppert\/\" \/>\n<meta property=\"og:locale\" content=\"pt_BR\" \/>\n<meta property=\"og:type\" content=\"article\" \/>\n<meta property=\"og:title\" content=\"Vander cobra agilidade na restaura\u00e7\u00e3o da ponte H\u00e9lio Serejo, ex-Maur\u00edcio Joppert\" \/>\n<meta property=\"og:description\" content=\"PL de Vander alterou nome da ponte sobre Rio Paran\u00e1 entre Bataguassu (MS) e Presidente Epit\u00e1cio (SP).\" \/>\n<meta property=\"og:url\" content=\"https:\/\/vanderloubet.com.br\/deputado\/vander-cobra-agilidade-na-restauracao-da-ponte-helio-serejo-ex-mauricio-joppert\/\" \/>\n<meta property=\"og:site_name\" content=\"Deputado Federal Vander Loubet\" \/>\n<meta property=\"article:publisher\" content=\"https:\/\/facebook.com\/deputadovander\" \/>\n<meta property=\"article:published_time\" content=\"2012-04-16T19:10:42+00:00\" \/>\n<meta property=\"og:image\" content=\"http:\/\/www.deputadovander.com.br\/website\/wp-content\/uploads\/2012\/04\/foto-2012-04-16-ponte-helio-serejo-rio-parana-01-400x266.jpg\" \/>\n<meta name=\"author\" content=\"\u00c9der\" \/>\n<meta name=\"twitter:card\" content=\"summary_large_image\" \/>\n<meta name=\"twitter:creator\" content=\"@vanderloubet\" \/>\n<meta name=\"twitter:site\" content=\"@vanderloubet\" \/>\n<script type=\"application\/ld+json\" class=\"yoast-schema-graph\">{\"@context\":\"https:\\\/\\\/schema.org\",\"@graph\":[{\"@type\":\"Article\",\"@id\":\"https:\\\/\\\/vanderloubet.com.br\\\/deputado\\\/vander-cobra-agilidade-na-restauracao-da-ponte-helio-serejo-ex-mauricio-joppert\\\/#article\",\"isPartOf\":{\"@id\":\"https:\\\/\\\/vanderloubet.com.br\\\/deputado\\\/vander-cobra-agilidade-na-restauracao-da-ponte-helio-serejo-ex-mauricio-joppert\\\/\"},\"author\":{\"name\":\"\u00c9der\",\"@id\":\"https:\\\/\\\/vanderloubet.com.br\\\/deputado\\\/#\\\/schema\\\/person\\\/15b51bd564532a8a68d9dec1b8eb890e\"},\"headline\":\"Vander cobra agilidade na restaura\u00e7\u00e3o da ponte H\u00e9lio Serejo, ex-Maur\u00edcio Joppert\",\"datePublished\":\"2012-04-16T19:10:42+00:00\",\"mainEntityOfPage\":{\"@id\":\"https:\\\/\\\/vanderloubet.com.br\\\/deputado\\\/vander-cobra-agilidade-na-restauracao-da-ponte-helio-serejo-ex-mauricio-joppert\\\/\"},\"wordCount\":779,\"publisher\":{\"@id\":\"https:\\\/\\\/vanderloubet.com.br\\\/deputado\\\/#organization\"},\"image\":{\"@id\":\"https:\\\/\\\/vanderloubet.com.br\\\/deputado\\\/vander-cobra-agilidade-na-restauracao-da-ponte-helio-serejo-ex-mauricio-joppert\\\/#primaryimage\"},\"thumbnailUrl\":\"http:\\\/\\\/www.deputadovander.com.br\\\/website\\\/wp-content\\\/uploads\\\/2012\\\/04\\\/foto-2012-04-16-ponte-helio-serejo-rio-parana-01-400x266.jpg\",\"keywords\":[\"bataguassu\",\"deputado\",\"epit\u00e1cio\",\"federal\",\"h\u00e9lio\",\"joppert\",\"lei\",\"loubet\",\"maur\u00edcio\",\"MS\",\"paran\u00e1\",\"ponte\",\"presidente\",\"projeto\",\"PT\",\"rio\",\"serejo\",\"vander\"],\"articleSection\":[\"Not\u00edcias\"],\"inLanguage\":\"pt-BR\"},{\"@type\":\"WebPage\",\"@id\":\"https:\\\/\\\/vanderloubet.com.br\\\/deputado\\\/vander-cobra-agilidade-na-restauracao-da-ponte-helio-serejo-ex-mauricio-joppert\\\/\",\"url\":\"https:\\\/\\\/vanderloubet.com.br\\\/deputado\\\/vander-cobra-agilidade-na-restauracao-da-ponte-helio-serejo-ex-mauricio-joppert\\\/\",\"name\":\"Vander cobra agilidade na restaura\u00e7\u00e3o da ponte H\u00e9lio Serejo, ex-Maur\u00edcio Joppert\",\"isPartOf\":{\"@id\":\"https:\\\/\\\/vanderloubet.com.br\\\/deputado\\\/#website\"},\"primaryImageOfPage\":{\"@id\":\"https:\\\/\\\/vanderloubet.com.br\\\/deputado\\\/vander-cobra-agilidade-na-restauracao-da-ponte-helio-serejo-ex-mauricio-joppert\\\/#primaryimage\"},\"image\":{\"@id\":\"https:\\\/\\\/vanderloubet.com.br\\\/deputado\\\/vander-cobra-agilidade-na-restauracao-da-ponte-helio-serejo-ex-mauricio-joppert\\\/#primaryimage\"},\"thumbnailUrl\":\"http:\\\/\\\/www.deputadovander.com.br\\\/website\\\/wp-content\\\/uploads\\\/2012\\\/04\\\/foto-2012-04-16-ponte-helio-serejo-rio-parana-01-400x266.jpg\",\"datePublished\":\"2012-04-16T19:10:42+00:00\",\"breadcrumb\":{\"@id\":\"https:\\\/\\\/vanderloubet.com.br\\\/deputado\\\/vander-cobra-agilidade-na-restauracao-da-ponte-helio-serejo-ex-mauricio-joppert\\\/#breadcrumb\"},\"inLanguage\":\"pt-BR\",\"potentialAction\":[{\"@type\":\"ReadAction\",\"target\":[\"https:\\\/\\\/vanderloubet.com.br\\\/deputado\\\/vander-cobra-agilidade-na-restauracao-da-ponte-helio-serejo-ex-mauricio-joppert\\\/\"]}]},{\"@type\":\"ImageObject\",\"inLanguage\":\"pt-BR\",\"@id\":\"https:\\\/\\\/vanderloubet.com.br\\\/deputado\\\/vander-cobra-agilidade-na-restauracao-da-ponte-helio-serejo-ex-mauricio-joppert\\\/#primaryimage\",\"url\":\"http:\\\/\\\/www.deputadovander.com.br\\\/website\\\/wp-content\\\/uploads\\\/2012\\\/04\\\/foto-2012-04-16-ponte-helio-serejo-rio-parana-01-400x266.jpg\",\"contentUrl\":\"http:\\\/\\\/www.deputadovander.com.br\\\/website\\\/wp-content\\\/uploads\\\/2012\\\/04\\\/foto-2012-04-16-ponte-helio-serejo-rio-parana-01-400x266.jpg\"},{\"@type\":\"BreadcrumbList\",\"@id\":\"https:\\\/\\\/vanderloubet.com.br\\\/deputado\\\/vander-cobra-agilidade-na-restauracao-da-ponte-helio-serejo-ex-mauricio-joppert\\\/#breadcrumb\",\"itemListElement\":[{\"@type\":\"ListItem\",\"position\":1,\"name\":\"In\u00edcio\",\"item\":\"https:\\\/\\\/vanderloubet.com.br\\\/deputado\\\/\"},{\"@type\":\"ListItem\",\"position\":2,\"name\":\"Vander cobra agilidade na restaura\u00e7\u00e3o da ponte H\u00e9lio Serejo, ex-Maur\u00edcio Joppert\"}]},{\"@type\":\"WebSite\",\"@id\":\"https:\\\/\\\/vanderloubet.com.br\\\/deputado\\\/#website\",\"url\":\"https:\\\/\\\/vanderloubet.com.br\\\/deputado\\\/\",\"name\":\"Deputado Federal Vander Loubet\",\"description\":\"O Federal de MS\",\"publisher\":{\"@id\":\"https:\\\/\\\/vanderloubet.com.br\\\/deputado\\\/#organization\"},\"alternateName\":\"Deputado Vander\",\"potentialAction\":[{\"@type\":\"SearchAction\",\"target\":{\"@type\":\"EntryPoint\",\"urlTemplate\":\"https:\\\/\\\/vanderloubet.com.br\\\/deputado\\\/?s={search_term_string}\"},\"query-input\":{\"@type\":\"PropertyValueSpecification\",\"valueRequired\":true,\"valueName\":\"search_term_string\"}}],\"inLanguage\":\"pt-BR\"},{\"@type\":\"Organization\",\"@id\":\"https:\\\/\\\/vanderloubet.com.br\\\/deputado\\\/#organization\",\"name\":\"Deputado Federal Vander Loubet\",\"alternateName\":\"Deputado Vander\",\"url\":\"https:\\\/\\\/vanderloubet.com.br\\\/deputado\\\/\",\"logo\":{\"@type\":\"ImageObject\",\"inLanguage\":\"pt-BR\",\"@id\":\"https:\\\/\\\/vanderloubet.com.br\\\/deputado\\\/#\\\/schema\\\/logo\\\/image\\\/\",\"url\":\"https:\\\/\\\/vanderloubet.com.br\\\/deputado\\\/wp-content\\\/uploads\\\/2023\\\/06\\\/foto-2023-06-19-mandato-deputado-vander.jpg\",\"contentUrl\":\"https:\\\/\\\/vanderloubet.com.br\\\/deputado\\\/wp-content\\\/uploads\\\/2023\\\/06\\\/foto-2023-06-19-mandato-deputado-vander.jpg\",\"width\":1080,\"height\":1080,\"caption\":\"Deputado Federal Vander Loubet\"},\"image\":{\"@id\":\"https:\\\/\\\/vanderloubet.com.br\\\/deputado\\\/#\\\/schema\\\/logo\\\/image\\\/\"},\"sameAs\":[\"https:\\\/\\\/facebook.com\\\/deputadovander\",\"https:\\\/\\\/x.com\\\/vanderloubet\",\"https:\\\/\\\/instagram.com\\\/vanderloubet\",\"https:\\\/\\\/youtube.com\\\/vanderloubet\",\"https:\\\/\\\/tiktok.com\\\/@vanderloubetms\"]},{\"@type\":\"Person\",\"@id\":\"https:\\\/\\\/vanderloubet.com.br\\\/deputado\\\/#\\\/schema\\\/person\\\/15b51bd564532a8a68d9dec1b8eb890e\",\"name\":\"\u00c9der\",\"image\":{\"@type\":\"ImageObject\",\"inLanguage\":\"pt-BR\",\"@id\":\"https:\\\/\\\/vanderloubet.com.br\\\/deputado\\\/wp-content\\\/litespeed\\\/avatar\\\/88ca4090d9d5ab1c9495f6ca03b68efa.jpg?ver=1777058957\",\"url\":\"https:\\\/\\\/vanderloubet.com.br\\\/deputado\\\/wp-content\\\/litespeed\\\/avatar\\\/88ca4090d9d5ab1c9495f6ca03b68efa.jpg?ver=1777058957\",\"contentUrl\":\"https:\\\/\\\/vanderloubet.com.br\\\/deputado\\\/wp-content\\\/litespeed\\\/avatar\\\/88ca4090d9d5ab1c9495f6ca03b68efa.jpg?ver=1777058957\",\"caption\":\"\u00c9der\"}}]}<\/script>\n<!-- \/ Yoast SEO plugin. -->","yoast_head_json":{"title":"Vander cobra agilidade na restaura\u00e7\u00e3o da ponte H\u00e9lio Serejo, ex-Maur\u00edcio Joppert","robots":{"index":"index","follow":"follow","max-snippet":"max-snippet:-1","max-image-preview":"max-image-preview:large","max-video-preview":"max-video-preview:-1"},"canonical":"https:\/\/vanderloubet.com.br\/deputado\/vander-cobra-agilidade-na-restauracao-da-ponte-helio-serejo-ex-mauricio-joppert\/","og_locale":"pt_BR","og_type":"article","og_title":"Vander cobra agilidade na restaura\u00e7\u00e3o da ponte H\u00e9lio Serejo, ex-Maur\u00edcio Joppert","og_description":"PL de Vander alterou nome da ponte sobre Rio Paran\u00e1 entre Bataguassu (MS) e Presidente Epit\u00e1cio (SP).","og_url":"https:\/\/vanderloubet.com.br\/deputado\/vander-cobra-agilidade-na-restauracao-da-ponte-helio-serejo-ex-mauricio-joppert\/","og_site_name":"Deputado Federal Vander Loubet","article_publisher":"https:\/\/facebook.com\/deputadovander","article_published_time":"2012-04-16T19:10:42+00:00","og_image":[{"url":"http:\/\/www.deputadovander.com.br\/website\/wp-content\/uploads\/2012\/04\/foto-2012-04-16-ponte-helio-serejo-rio-parana-01-400x266.jpg","type":"","width":"","height":""}],"author":"\u00c9der","twitter_card":"summary_large_image","twitter_creator":"@vanderloubet","twitter_site":"@vanderloubet","schema":{"@context":"https:\/\/schema.org","@graph":[{"@type":"Article","@id":"https:\/\/vanderloubet.com.br\/deputado\/vander-cobra-agilidade-na-restauracao-da-ponte-helio-serejo-ex-mauricio-joppert\/#article","isPartOf":{"@id":"https:\/\/vanderloubet.com.br\/deputado\/vander-cobra-agilidade-na-restauracao-da-ponte-helio-serejo-ex-mauricio-joppert\/"},"author":{"name":"\u00c9der","@id":"https:\/\/vanderloubet.com.br\/deputado\/#\/schema\/person\/15b51bd564532a8a68d9dec1b8eb890e"},"headline":"Vander cobra agilidade na restaura\u00e7\u00e3o da ponte H\u00e9lio Serejo, ex-Maur\u00edcio Joppert","datePublished":"2012-04-16T19:10:42+00:00","mainEntityOfPage":{"@id":"https:\/\/vanderloubet.com.br\/deputado\/vander-cobra-agilidade-na-restauracao-da-ponte-helio-serejo-ex-mauricio-joppert\/"},"wordCount":779,"publisher":{"@id":"https:\/\/vanderloubet.com.br\/deputado\/#organization"},"image":{"@id":"https:\/\/vanderloubet.com.br\/deputado\/vander-cobra-agilidade-na-restauracao-da-ponte-helio-serejo-ex-mauricio-joppert\/#primaryimage"},"thumbnailUrl":"http:\/\/www.deputadovander.com.br\/website\/wp-content\/uploads\/2012\/04\/foto-2012-04-16-ponte-helio-serejo-rio-parana-01-400x266.jpg","keywords":["bataguassu","deputado","epit\u00e1cio","federal","h\u00e9lio","joppert","lei","loubet","maur\u00edcio","MS","paran\u00e1","ponte","presidente","projeto","PT","rio","serejo","vander"],"articleSection":["Not\u00edcias"],"inLanguage":"pt-BR"},{"@type":"WebPage","@id":"https:\/\/vanderloubet.com.br\/deputado\/vander-cobra-agilidade-na-restauracao-da-ponte-helio-serejo-ex-mauricio-joppert\/","url":"https:\/\/vanderloubet.com.br\/deputado\/vander-cobra-agilidade-na-restauracao-da-ponte-helio-serejo-ex-mauricio-joppert\/","name":"Vander cobra agilidade na restaura\u00e7\u00e3o da ponte H\u00e9lio Serejo, ex-Maur\u00edcio Joppert","isPartOf":{"@id":"https:\/\/vanderloubet.com.br\/deputado\/#website"},"primaryImageOfPage":{"@id":"https:\/\/vanderloubet.com.br\/deputado\/vander-cobra-agilidade-na-restauracao-da-ponte-helio-serejo-ex-mauricio-joppert\/#primaryimage"},"image":{"@id":"https:\/\/vanderloubet.com.br\/deputado\/vander-cobra-agilidade-na-restauracao-da-ponte-helio-serejo-ex-mauricio-joppert\/#primaryimage"},"thumbnailUrl":"http:\/\/www.deputadovander.com.br\/website\/wp-content\/uploads\/2012\/04\/foto-2012-04-16-ponte-helio-serejo-rio-parana-01-400x266.jpg","datePublished":"2012-04-16T19:10:42+00:00","breadcrumb":{"@id":"https:\/\/vanderloubet.com.br\/deputado\/vander-cobra-agilidade-na-restauracao-da-ponte-helio-serejo-ex-mauricio-joppert\/#breadcrumb"},"inLanguage":"pt-BR","potentialAction":[{"@type":"ReadAction","target":["https:\/\/vanderloubet.com.br\/deputado\/vander-cobra-agilidade-na-restauracao-da-ponte-helio-serejo-ex-mauricio-joppert\/"]}]},{"@type":"ImageObject","inLanguage":"pt-BR","@id":"https:\/\/vanderloubet.com.br\/deputado\/vander-cobra-agilidade-na-restauracao-da-ponte-helio-serejo-ex-mauricio-joppert\/#primaryimage","url":"http:\/\/www.deputadovander.com.br\/website\/wp-content\/uploads\/2012\/04\/foto-2012-04-16-ponte-helio-serejo-rio-parana-01-400x266.jpg","contentUrl":"http:\/\/www.deputadovander.com.br\/website\/wp-content\/uploads\/2012\/04\/foto-2012-04-16-ponte-helio-serejo-rio-parana-01-400x266.jpg"},{"@type":"BreadcrumbList","@id":"https:\/\/vanderloubet.com.br\/deputado\/vander-cobra-agilidade-na-restauracao-da-ponte-helio-serejo-ex-mauricio-joppert\/#breadcrumb","itemListElement":[{"@type":"ListItem","position":1,"name":"In\u00edcio","item":"https:\/\/vanderloubet.com.br\/deputado\/"},{"@type":"ListItem","position":2,"name":"Vander cobra agilidade na restaura\u00e7\u00e3o da ponte H\u00e9lio Serejo, ex-Maur\u00edcio Joppert"}]},{"@type":"WebSite","@id":"https:\/\/vanderloubet.com.br\/deputado\/#website","url":"https:\/\/vanderloubet.com.br\/deputado\/","name":"Deputado Federal Vander Loubet","description":"O Federal de MS","publisher":{"@id":"https:\/\/vanderloubet.com.br\/deputado\/#organization"},"alternateName":"Deputado Vander","potentialAction":[{"@type":"SearchAction","target":{"@type":"EntryPoint","urlTemplate":"https:\/\/vanderloubet.com.br\/deputado\/?s={search_term_string}"},"query-input":{"@type":"PropertyValueSpecification","valueRequired":true,"valueName":"search_term_string"}}],"inLanguage":"pt-BR"},{"@type":"Organization","@id":"https:\/\/vanderloubet.com.br\/deputado\/#organization","name":"Deputado Federal Vander Loubet","alternateName":"Deputado Vander","url":"https:\/\/vanderloubet.com.br\/deputado\/","logo":{"@type":"ImageObject","inLanguage":"pt-BR","@id":"https:\/\/vanderloubet.com.br\/deputado\/#\/schema\/logo\/image\/","url":"https:\/\/vanderloubet.com.br\/deputado\/wp-content\/uploads\/2023\/06\/foto-2023-06-19-mandato-deputado-vander.jpg","contentUrl":"https:\/\/vanderloubet.com.br\/deputado\/wp-content\/uploads\/2023\/06\/foto-2023-06-19-mandato-deputado-vander.jpg","width":1080,"height":1080,"caption":"Deputado Federal Vander Loubet"},"image":{"@id":"https:\/\/vanderloubet.com.br\/deputado\/#\/schema\/logo\/image\/"},"sameAs":["https:\/\/facebook.com\/deputadovander","https:\/\/x.com\/vanderloubet","https:\/\/instagram.com\/vanderloubet","https:\/\/youtube.com\/vanderloubet","https:\/\/tiktok.com\/@vanderloubetms"]},{"@type":"Person","@id":"https:\/\/vanderloubet.com.br\/deputado\/#\/schema\/person\/15b51bd564532a8a68d9dec1b8eb890e","name":"\u00c9der","image":{"@type":"ImageObject","inLanguage":"pt-BR","@id":"https:\/\/vanderloubet.com.br\/deputado\/wp-content\/litespeed\/avatar\/88ca4090d9d5ab1c9495f6ca03b68efa.jpg?ver=1777058957","url":"https:\/\/vanderloubet.com.br\/deputado\/wp-content\/litespeed\/avatar\/88ca4090d9d5ab1c9495f6ca03b68efa.jpg?ver=1777058957","contentUrl":"https:\/\/vanderloubet.com.br\/deputado\/wp-content\/litespeed\/avatar\/88ca4090d9d5ab1c9495f6ca03b68efa.jpg?ver=1777058957","caption":"\u00c9der"}}]}},"jetpack_featured_media_url":"","jetpack_sharing_enabled":true,"_links":{"self":[{"href":"https:\/\/vanderloubet.com.br\/deputado\/wp-json\/wp\/v2\/posts\/4910","targetHints":{"allow":["GET"]}}],"collection":[{"href":"https:\/\/vanderloubet.com.br\/deputado\/wp-json\/wp\/v2\/posts"}],"about":[{"href":"https:\/\/vanderloubet.com.br\/deputado\/wp-json\/wp\/v2\/types\/post"}],"author":[{"embeddable":true,"href":"https:\/\/vanderloubet.com.br\/deputado\/wp-json\/wp\/v2\/users\/2"}],"replies":[{"embeddable":true,"href":"https:\/\/vanderloubet.com.br\/deputado\/wp-json\/wp\/v2\/comments?post=4910"}],"version-history":[{"count":0,"href":"https:\/\/vanderloubet.com.br\/deputado\/wp-json\/wp\/v2\/posts\/4910\/revisions"}],"wp:attachment":[{"href":"https:\/\/vanderloubet.com.br\/deputado\/wp-json\/wp\/v2\/media?parent=4910"}],"wp:term":[{"taxonomy":"category","embeddable":true,"href":"https:\/\/vanderloubet.com.br\/deputado\/wp-json\/wp\/v2\/categories?post=4910"},{"taxonomy":"post_tag","embeddable":true,"href":"https:\/\/vanderloubet.com.br\/deputado\/wp-json\/wp\/v2\/tags?post=4910"}],"curies":[{"name":"wp","href":"https:\/\/api.w.org\/{rel}","templated":true}]}}