{"id":4902,"date":"2012-04-12T14:32:43","date_gmt":"2012-04-12T18:32:43","guid":{"rendered":"http:\/\/www.deputadovander.com.br\/website\/?p=4902"},"modified":"2012-04-12T14:32:43","modified_gmt":"2012-04-12T18:32:43","slug":"dilma-anuncia-nova-meta-e-minha-casa-minha-vida-vai-construir-24-milhoes-de-moradias","status":"publish","type":"post","link":"https:\/\/vanderloubet.com.br\/deputado\/dilma-anuncia-nova-meta-e-minha-casa-minha-vida-vai-construir-24-milhoes-de-moradias\/","title":{"rendered":"Dilma: Minha Casa, Minha Vida vai construir 2,4 milh\u00f5es de moradias"},"content":{"rendered":"<figure id=\"attachment_4903\" aria-describedby=\"caption-attachment-4903\" style=\"width: 400px\" class=\"wp-caption aligncenter\"><a href=\"http:\/\/www.deputadovander.com.br\/website\/wp-content\/uploads\/2012\/04\/foto-2012-04-12-dilma-minha-casa-minha-vida-2.jpg\" target=\"_blank\"><img decoding=\"async\" class=\"size-medium wp-image-4903 \" title=\"foto-2012-04-12-dilma-minha-casa-minha-vida-2\" src=\"http:\/\/www.deputadovander.com.br\/website\/wp-content\/uploads\/2012\/04\/foto-2012-04-12-dilma-minha-casa-minha-vida-2-400x266.jpg\" alt=\"Presidenta Dilma durante o an\u00fancio dos munic\u00edpios contemplados no MCMV 2\" width=\"400\" height=\"266\" \/><\/a><figcaption id=\"caption-attachment-4903\" class=\"wp-caption-text\">Presidenta Dilma durante o an\u00fancio dos munic\u00edpios contemplados no MCMV 2<\/figcaption><\/figure>\n<p>A meta do programa Minha Casa, Minha Vida 2 ser\u00e1 ampliada para 2,4 milh\u00f5es de unidades habitacionais constru\u00eddas at\u00e9 2014. O an\u00fancio foi feito hoje (12) pela presidenta Dilma Rousseff. Segundo ela, o governo est\u00e1 trabalhando na distribui\u00e7\u00e3o dos percentuais de moradias por faixa de renda e por munic\u00edpio.<\/p>\n<p>&#8220;Esse \u00e9 um programa que tem que dar prioridade \u00e0queles que mais necessitam. Essa \u00e9 a \u00f3tica deste governo. Falta casa, e al\u00e9m disso, tem mis\u00e9ria, \u00e9 ali que tem que estar o Minha Casa, Minha Vida. Porque o Minha Casa, Minha Vida \u00e9 isso: um instrumento cada vez maior que vai permitir que n\u00f3s transformemos o Brasil&#8221;, disse a presidenta.<\/p>\n<p>Ela anunciou hoje os 2.582 munic\u00edpios com at\u00e9 50 mil habitantes selecionados para o programa. Nestas cidades, o governo federal vai investir R$ 2,8 bilh\u00f5es na constru\u00e7\u00e3o de 107 mil moradias destinadas \u00e0s fam\u00edlias com renda mensal de at\u00e9 R$ 1,6 mil. A meta, segundo a ministra do Planejamento, Miriam Belchior, \u00e9 construir 220 mil moradias para essa faixa de renda nos pequenos munic\u00edpios. &#8220;Nesta modalidade, o governo vai dar R$ 25 mil de subs\u00eddio diretamente para as fam\u00edlias&#8221;, explicou a ministra.<\/p>\n<p>Ela afirmou ainda que o governo federal j\u00e1 construiu 815 mil moradias para a popula\u00e7\u00e3o, o que representa 54% das unidades habitacionais contratadas pelo Minha Casa, Minha Vida. &#8220;O ano passado foi o ano que n\u00f3s mais contratamos em financiamento. Cada ano tem superado o anterior&#8221;, concluiu Miriam.<\/p>\n<figure id=\"attachment_4905\" aria-describedby=\"caption-attachment-4905\" style=\"width: 400px\" class=\"wp-caption aligncenter\"><a href=\"http:\/\/www.deputadovander.com.br\/website\/wp-content\/uploads\/2012\/04\/foto-2012-04-12-mapa-minha-casa-minha-vida-2.jpg\" target=\"_blank\"><img decoding=\"async\" class=\"size-medium wp-image-4905 \" title=\"foto-2012-04-12-mapa-minha-casa-minha-vida-2\" src=\"http:\/\/www.deputadovander.com.br\/website\/wp-content\/uploads\/2012\/04\/foto-2012-04-12-mapa-minha-casa-minha-vida-2-400x266.jpg\" alt=\"N\u00famero de unidades habitacionais do MCMV 2 por estado\" width=\"400\" height=\"266\" \/><\/a><figcaption id=\"caption-attachment-4905\" class=\"wp-caption-text\">N\u00famero de unidades habitacionais do MCMV 2 por estado<\/figcaption><\/figure>\n<p><strong>2.197 casas para MS<\/strong><\/p>\n<p>Em Mato Grosso do Sul, desde a publica\u00e7\u00e3o das novas regras, o deputado federal Vander Loubet (PT-MS) e o senador Delc\u00eddio do Amaral (PT-MS) trabalharam para atender o maior n\u00famero de prefeitos. &#8220;Nossa atua\u00e7\u00e3o sempre foi para que a maioria dos munic\u00edpios fosse atendida, tendo em vista as caracter\u00edsticas socioecon\u00f4micas de cada um e as demandas provenientes do d\u00e9ficit habitacional&#8221;, explicou.<\/p>\n<p>Foram selecionados 53 munic\u00edpios sul-mato-grossenses: Amambai, Anast\u00e1cio, Anauril\u00e2ndia, Ang\u00e9lica, Ant\u00f4nio Jo\u00e3o, Aquidauana, Aral Moreira, Bandeirantes, Bataguassu, Bataypor\u00e3, Bela Vista, Bodoquena, Bonito, Camapu\u00e3, Caracol, Cassil\u00e2ndia, Coronel Sapucaia, Costa Rica, Coxim, Deod\u00e1polis, Dois Irm\u00e3os do Buriti, Douradina, Eldorado, F\u00e1tima do Sul, Guia Lopes da Laguna, Iguatemi, Inoc\u00eancia, Itapor\u00e3, Itaquira\u00ed, Ivinhema, Japor\u00e3, Jaraguari, Jardim, Juti, Lad\u00e1rio, Laguna Carap\u00e3, Miranda, Mundo Novo, Nioaque, Nova Alvorada do Sul, Nova Andradina, Paranhos, Pedro Gomes, Porto Murtinho, Ribas do Rio Pardo, Rio Negro, Rio Verde de Mato Grosso, Selv\u00edria, Sidrol\u00e2ndia, Sonora, Tacuru, Taquarussu e Terenos. Ao todo ser\u00e3o constru\u00eddas 2.197 unidades habitacionais nesses munic\u00edpios.<\/p>\n<p>&#8220;Esse resultado excelente \u00e9 fruto de uma grande articula\u00e7\u00e3o junto ao Minist\u00e9rio das Cidades. Foram v\u00e1rias reuni\u00f5es na Secretaria Nacional de Habita\u00e7\u00e3o, intercedendo pelos prefeitos e buscando viabilizar o maior n\u00famero de munic\u00edpios para o Minha Casa, Minha Vida 2. Sempre fui bem recebido pela equipe da secret\u00e1ria e companheira In\u00eas Magalh\u00e3es. Fico feliz que esse trabalho tenha tido um resultado t\u00e3o exitoso&#8221;, finalizou Vander.<\/p>\n<p><span style=\"font-size: 11px;\">(\u00c9der Yanaguita &#8211; Assessoria\/Deputado Vander)<\/span><\/p>\n","protected":false},"excerpt":{"rendered":"<p>A\u00e7\u00e3o de Vander e Delc\u00eddio junto ao Minist\u00e9rio das Cidades garantiu 2.197 unidades habitacionais para 53 munic\u00edpios de MS.<\/p>\n","protected":false},"author":2,"featured_media":0,"comment_status":"closed","ping_status":"open","sticky":false,"template":"","format":"standard","meta":{"jetpack_post_was_ever_published":false,"_jetpack_newsletter_access":"","_jetpack_dont_email_post_to_subs":false,"_jetpack_newsletter_tier_id":0,"_jetpack_memberships_contains_paywalled_content":false,"_jetpack_memberships_contains_paid_content":false,"footnotes":""},"categories":[10],"tags":[375,590,608,631,807,1178,1300,1336,1655,1757,1823,2033,2060],"class_list":{"0":"post-4902","1":"post","2":"type-post","3":"status-publish","4":"format-standard","6":"category-noticias","7":"tag-casa","8":"tag-delcidio","9":"tag-deputado","10":"tag-dilma","11":"tag-federal","12":"tag-loubet","13":"tag-minha","14":"tag-ms","15":"tag-pt","16":"tag-rousseff","17":"tag-senador","18":"tag-vander","19":"tag-vida"},"yoast_head":"<!-- This site is optimized with the Yoast SEO plugin v27.4 - https:\/\/yoast.com\/product\/yoast-seo-wordpress\/ -->\n<title>Dilma: Minha Casa, Minha Vida vai construir 2,4 milh\u00f5es de moradias<\/title>\n<meta name=\"robots\" content=\"index, follow, max-snippet:-1, max-image-preview:large, max-video-preview:-1\" \/>\n<link rel=\"canonical\" href=\"https:\/\/vanderloubet.com.br\/deputado\/dilma-anuncia-nova-meta-e-minha-casa-minha-vida-vai-construir-24-milhoes-de-moradias\/\" \/>\n<meta property=\"og:locale\" content=\"pt_BR\" \/>\n<meta property=\"og:type\" content=\"article\" \/>\n<meta property=\"og:title\" content=\"Dilma: Minha Casa, Minha Vida vai construir 2,4 milh\u00f5es de moradias\" \/>\n<meta property=\"og:description\" content=\"A\u00e7\u00e3o de Vander e Delc\u00eddio junto ao Minist\u00e9rio das Cidades garantiu 2.197 unidades habitacionais para 53 munic\u00edpios de MS.\" \/>\n<meta property=\"og:url\" content=\"https:\/\/vanderloubet.com.br\/deputado\/dilma-anuncia-nova-meta-e-minha-casa-minha-vida-vai-construir-24-milhoes-de-moradias\/\" \/>\n<meta property=\"og:site_name\" content=\"Deputado Federal Vander Loubet\" \/>\n<meta property=\"article:publisher\" content=\"https:\/\/facebook.com\/deputadovander\" \/>\n<meta property=\"article:published_time\" content=\"2012-04-12T18:32:43+00:00\" \/>\n<meta property=\"og:image\" content=\"http:\/\/www.deputadovander.com.br\/website\/wp-content\/uploads\/2012\/04\/foto-2012-04-12-dilma-minha-casa-minha-vida-2-400x266.jpg\" \/>\n<meta name=\"author\" content=\"\u00c9der\" \/>\n<meta name=\"twitter:card\" content=\"summary_large_image\" \/>\n<meta name=\"twitter:creator\" content=\"@vanderloubet\" \/>\n<meta name=\"twitter:site\" content=\"@vanderloubet\" \/>\n<script type=\"application\/ld+json\" class=\"yoast-schema-graph\">{\"@context\":\"https:\\\/\\\/schema.org\",\"@graph\":[{\"@type\":\"Article\",\"@id\":\"https:\\\/\\\/vanderloubet.com.br\\\/deputado\\\/dilma-anuncia-nova-meta-e-minha-casa-minha-vida-vai-construir-24-milhoes-de-moradias\\\/#article\",\"isPartOf\":{\"@id\":\"https:\\\/\\\/vanderloubet.com.br\\\/deputado\\\/dilma-anuncia-nova-meta-e-minha-casa-minha-vida-vai-construir-24-milhoes-de-moradias\\\/\"},\"author\":{\"name\":\"\u00c9der\",\"@id\":\"https:\\\/\\\/vanderloubet.com.br\\\/deputado\\\/#\\\/schema\\\/person\\\/15b51bd564532a8a68d9dec1b8eb890e\"},\"headline\":\"Dilma: Minha Casa, Minha Vida vai construir 2,4 milh\u00f5es de moradias\",\"datePublished\":\"2012-04-12T18:32:43+00:00\",\"mainEntityOfPage\":{\"@id\":\"https:\\\/\\\/vanderloubet.com.br\\\/deputado\\\/dilma-anuncia-nova-meta-e-minha-casa-minha-vida-vai-construir-24-milhoes-de-moradias\\\/\"},\"wordCount\":551,\"publisher\":{\"@id\":\"https:\\\/\\\/vanderloubet.com.br\\\/deputado\\\/#organization\"},\"image\":{\"@id\":\"https:\\\/\\\/vanderloubet.com.br\\\/deputado\\\/dilma-anuncia-nova-meta-e-minha-casa-minha-vida-vai-construir-24-milhoes-de-moradias\\\/#primaryimage\"},\"thumbnailUrl\":\"http:\\\/\\\/www.deputadovander.com.br\\\/website\\\/wp-content\\\/uploads\\\/2012\\\/04\\\/foto-2012-04-12-dilma-minha-casa-minha-vida-2-400x266.jpg\",\"keywords\":[\"casa\",\"delc\u00eddio\",\"deputado\",\"dilma\",\"federal\",\"loubet\",\"minha\",\"MS\",\"PT\",\"rousseff\",\"senador\",\"vander\",\"vida\"],\"articleSection\":[\"Not\u00edcias\"],\"inLanguage\":\"pt-BR\"},{\"@type\":\"WebPage\",\"@id\":\"https:\\\/\\\/vanderloubet.com.br\\\/deputado\\\/dilma-anuncia-nova-meta-e-minha-casa-minha-vida-vai-construir-24-milhoes-de-moradias\\\/\",\"url\":\"https:\\\/\\\/vanderloubet.com.br\\\/deputado\\\/dilma-anuncia-nova-meta-e-minha-casa-minha-vida-vai-construir-24-milhoes-de-moradias\\\/\",\"name\":\"Dilma: Minha Casa, Minha Vida vai construir 2,4 milh\u00f5es de moradias\",\"isPartOf\":{\"@id\":\"https:\\\/\\\/vanderloubet.com.br\\\/deputado\\\/#website\"},\"primaryImageOfPage\":{\"@id\":\"https:\\\/\\\/vanderloubet.com.br\\\/deputado\\\/dilma-anuncia-nova-meta-e-minha-casa-minha-vida-vai-construir-24-milhoes-de-moradias\\\/#primaryimage\"},\"image\":{\"@id\":\"https:\\\/\\\/vanderloubet.com.br\\\/deputado\\\/dilma-anuncia-nova-meta-e-minha-casa-minha-vida-vai-construir-24-milhoes-de-moradias\\\/#primaryimage\"},\"thumbnailUrl\":\"http:\\\/\\\/www.deputadovander.com.br\\\/website\\\/wp-content\\\/uploads\\\/2012\\\/04\\\/foto-2012-04-12-dilma-minha-casa-minha-vida-2-400x266.jpg\",\"datePublished\":\"2012-04-12T18:32:43+00:00\",\"breadcrumb\":{\"@id\":\"https:\\\/\\\/vanderloubet.com.br\\\/deputado\\\/dilma-anuncia-nova-meta-e-minha-casa-minha-vida-vai-construir-24-milhoes-de-moradias\\\/#breadcrumb\"},\"inLanguage\":\"pt-BR\",\"potentialAction\":[{\"@type\":\"ReadAction\",\"target\":[\"https:\\\/\\\/vanderloubet.com.br\\\/deputado\\\/dilma-anuncia-nova-meta-e-minha-casa-minha-vida-vai-construir-24-milhoes-de-moradias\\\/\"]}]},{\"@type\":\"ImageObject\",\"inLanguage\":\"pt-BR\",\"@id\":\"https:\\\/\\\/vanderloubet.com.br\\\/deputado\\\/dilma-anuncia-nova-meta-e-minha-casa-minha-vida-vai-construir-24-milhoes-de-moradias\\\/#primaryimage\",\"url\":\"http:\\\/\\\/www.deputadovander.com.br\\\/website\\\/wp-content\\\/uploads\\\/2012\\\/04\\\/foto-2012-04-12-dilma-minha-casa-minha-vida-2-400x266.jpg\",\"contentUrl\":\"http:\\\/\\\/www.deputadovander.com.br\\\/website\\\/wp-content\\\/uploads\\\/2012\\\/04\\\/foto-2012-04-12-dilma-minha-casa-minha-vida-2-400x266.jpg\"},{\"@type\":\"BreadcrumbList\",\"@id\":\"https:\\\/\\\/vanderloubet.com.br\\\/deputado\\\/dilma-anuncia-nova-meta-e-minha-casa-minha-vida-vai-construir-24-milhoes-de-moradias\\\/#breadcrumb\",\"itemListElement\":[{\"@type\":\"ListItem\",\"position\":1,\"name\":\"In\u00edcio\",\"item\":\"https:\\\/\\\/vanderloubet.com.br\\\/deputado\\\/\"},{\"@type\":\"ListItem\",\"position\":2,\"name\":\"Dilma: Minha Casa, Minha Vida vai construir 2,4 milh\u00f5es de moradias\"}]},{\"@type\":\"WebSite\",\"@id\":\"https:\\\/\\\/vanderloubet.com.br\\\/deputado\\\/#website\",\"url\":\"https:\\\/\\\/vanderloubet.com.br\\\/deputado\\\/\",\"name\":\"Deputado Federal Vander Loubet\",\"description\":\"O Federal de MS\",\"publisher\":{\"@id\":\"https:\\\/\\\/vanderloubet.com.br\\\/deputado\\\/#organization\"},\"alternateName\":\"Deputado Vander\",\"potentialAction\":[{\"@type\":\"SearchAction\",\"target\":{\"@type\":\"EntryPoint\",\"urlTemplate\":\"https:\\\/\\\/vanderloubet.com.br\\\/deputado\\\/?s={search_term_string}\"},\"query-input\":{\"@type\":\"PropertyValueSpecification\",\"valueRequired\":true,\"valueName\":\"search_term_string\"}}],\"inLanguage\":\"pt-BR\"},{\"@type\":\"Organization\",\"@id\":\"https:\\\/\\\/vanderloubet.com.br\\\/deputado\\\/#organization\",\"name\":\"Deputado Federal Vander Loubet\",\"alternateName\":\"Deputado Vander\",\"url\":\"https:\\\/\\\/vanderloubet.com.br\\\/deputado\\\/\",\"logo\":{\"@type\":\"ImageObject\",\"inLanguage\":\"pt-BR\",\"@id\":\"https:\\\/\\\/vanderloubet.com.br\\\/deputado\\\/#\\\/schema\\\/logo\\\/image\\\/\",\"url\":\"https:\\\/\\\/vanderloubet.com.br\\\/deputado\\\/wp-content\\\/uploads\\\/2023\\\/06\\\/foto-2023-06-19-mandato-deputado-vander.jpg\",\"contentUrl\":\"https:\\\/\\\/vanderloubet.com.br\\\/deputado\\\/wp-content\\\/uploads\\\/2023\\\/06\\\/foto-2023-06-19-mandato-deputado-vander.jpg\",\"width\":1080,\"height\":1080,\"caption\":\"Deputado Federal Vander Loubet\"},\"image\":{\"@id\":\"https:\\\/\\\/vanderloubet.com.br\\\/deputado\\\/#\\\/schema\\\/logo\\\/image\\\/\"},\"sameAs\":[\"https:\\\/\\\/facebook.com\\\/deputadovander\",\"https:\\\/\\\/x.com\\\/vanderloubet\",\"https:\\\/\\\/instagram.com\\\/vanderloubet\",\"https:\\\/\\\/youtube.com\\\/vanderloubet\",\"https:\\\/\\\/tiktok.com\\\/@vanderloubetms\"]},{\"@type\":\"Person\",\"@id\":\"https:\\\/\\\/vanderloubet.com.br\\\/deputado\\\/#\\\/schema\\\/person\\\/15b51bd564532a8a68d9dec1b8eb890e\",\"name\":\"\u00c9der\",\"image\":{\"@type\":\"ImageObject\",\"inLanguage\":\"pt-BR\",\"@id\":\"https:\\\/\\\/vanderloubet.com.br\\\/deputado\\\/wp-content\\\/litespeed\\\/avatar\\\/88ca4090d9d5ab1c9495f6ca03b68efa.jpg?ver=1777058957\",\"url\":\"https:\\\/\\\/vanderloubet.com.br\\\/deputado\\\/wp-content\\\/litespeed\\\/avatar\\\/88ca4090d9d5ab1c9495f6ca03b68efa.jpg?ver=1777058957\",\"contentUrl\":\"https:\\\/\\\/vanderloubet.com.br\\\/deputado\\\/wp-content\\\/litespeed\\\/avatar\\\/88ca4090d9d5ab1c9495f6ca03b68efa.jpg?ver=1777058957\",\"caption\":\"\u00c9der\"}}]}<\/script>\n<!-- \/ Yoast SEO plugin. -->","yoast_head_json":{"title":"Dilma: Minha Casa, Minha Vida vai construir 2,4 milh\u00f5es de moradias","robots":{"index":"index","follow":"follow","max-snippet":"max-snippet:-1","max-image-preview":"max-image-preview:large","max-video-preview":"max-video-preview:-1"},"canonical":"https:\/\/vanderloubet.com.br\/deputado\/dilma-anuncia-nova-meta-e-minha-casa-minha-vida-vai-construir-24-milhoes-de-moradias\/","og_locale":"pt_BR","og_type":"article","og_title":"Dilma: Minha Casa, Minha Vida vai construir 2,4 milh\u00f5es de moradias","og_description":"A\u00e7\u00e3o de Vander e Delc\u00eddio junto ao Minist\u00e9rio das Cidades garantiu 2.197 unidades habitacionais para 53 munic\u00edpios de MS.","og_url":"https:\/\/vanderloubet.com.br\/deputado\/dilma-anuncia-nova-meta-e-minha-casa-minha-vida-vai-construir-24-milhoes-de-moradias\/","og_site_name":"Deputado Federal Vander Loubet","article_publisher":"https:\/\/facebook.com\/deputadovander","article_published_time":"2012-04-12T18:32:43+00:00","og_image":[{"url":"http:\/\/www.deputadovander.com.br\/website\/wp-content\/uploads\/2012\/04\/foto-2012-04-12-dilma-minha-casa-minha-vida-2-400x266.jpg","type":"","width":"","height":""}],"author":"\u00c9der","twitter_card":"summary_large_image","twitter_creator":"@vanderloubet","twitter_site":"@vanderloubet","schema":{"@context":"https:\/\/schema.org","@graph":[{"@type":"Article","@id":"https:\/\/vanderloubet.com.br\/deputado\/dilma-anuncia-nova-meta-e-minha-casa-minha-vida-vai-construir-24-milhoes-de-moradias\/#article","isPartOf":{"@id":"https:\/\/vanderloubet.com.br\/deputado\/dilma-anuncia-nova-meta-e-minha-casa-minha-vida-vai-construir-24-milhoes-de-moradias\/"},"author":{"name":"\u00c9der","@id":"https:\/\/vanderloubet.com.br\/deputado\/#\/schema\/person\/15b51bd564532a8a68d9dec1b8eb890e"},"headline":"Dilma: Minha Casa, Minha Vida vai construir 2,4 milh\u00f5es de moradias","datePublished":"2012-04-12T18:32:43+00:00","mainEntityOfPage":{"@id":"https:\/\/vanderloubet.com.br\/deputado\/dilma-anuncia-nova-meta-e-minha-casa-minha-vida-vai-construir-24-milhoes-de-moradias\/"},"wordCount":551,"publisher":{"@id":"https:\/\/vanderloubet.com.br\/deputado\/#organization"},"image":{"@id":"https:\/\/vanderloubet.com.br\/deputado\/dilma-anuncia-nova-meta-e-minha-casa-minha-vida-vai-construir-24-milhoes-de-moradias\/#primaryimage"},"thumbnailUrl":"http:\/\/www.deputadovander.com.br\/website\/wp-content\/uploads\/2012\/04\/foto-2012-04-12-dilma-minha-casa-minha-vida-2-400x266.jpg","keywords":["casa","delc\u00eddio","deputado","dilma","federal","loubet","minha","MS","PT","rousseff","senador","vander","vida"],"articleSection":["Not\u00edcias"],"inLanguage":"pt-BR"},{"@type":"WebPage","@id":"https:\/\/vanderloubet.com.br\/deputado\/dilma-anuncia-nova-meta-e-minha-casa-minha-vida-vai-construir-24-milhoes-de-moradias\/","url":"https:\/\/vanderloubet.com.br\/deputado\/dilma-anuncia-nova-meta-e-minha-casa-minha-vida-vai-construir-24-milhoes-de-moradias\/","name":"Dilma: Minha Casa, Minha Vida vai construir 2,4 milh\u00f5es de moradias","isPartOf":{"@id":"https:\/\/vanderloubet.com.br\/deputado\/#website"},"primaryImageOfPage":{"@id":"https:\/\/vanderloubet.com.br\/deputado\/dilma-anuncia-nova-meta-e-minha-casa-minha-vida-vai-construir-24-milhoes-de-moradias\/#primaryimage"},"image":{"@id":"https:\/\/vanderloubet.com.br\/deputado\/dilma-anuncia-nova-meta-e-minha-casa-minha-vida-vai-construir-24-milhoes-de-moradias\/#primaryimage"},"thumbnailUrl":"http:\/\/www.deputadovander.com.br\/website\/wp-content\/uploads\/2012\/04\/foto-2012-04-12-dilma-minha-casa-minha-vida-2-400x266.jpg","datePublished":"2012-04-12T18:32:43+00:00","breadcrumb":{"@id":"https:\/\/vanderloubet.com.br\/deputado\/dilma-anuncia-nova-meta-e-minha-casa-minha-vida-vai-construir-24-milhoes-de-moradias\/#breadcrumb"},"inLanguage":"pt-BR","potentialAction":[{"@type":"ReadAction","target":["https:\/\/vanderloubet.com.br\/deputado\/dilma-anuncia-nova-meta-e-minha-casa-minha-vida-vai-construir-24-milhoes-de-moradias\/"]}]},{"@type":"ImageObject","inLanguage":"pt-BR","@id":"https:\/\/vanderloubet.com.br\/deputado\/dilma-anuncia-nova-meta-e-minha-casa-minha-vida-vai-construir-24-milhoes-de-moradias\/#primaryimage","url":"http:\/\/www.deputadovander.com.br\/website\/wp-content\/uploads\/2012\/04\/foto-2012-04-12-dilma-minha-casa-minha-vida-2-400x266.jpg","contentUrl":"http:\/\/www.deputadovander.com.br\/website\/wp-content\/uploads\/2012\/04\/foto-2012-04-12-dilma-minha-casa-minha-vida-2-400x266.jpg"},{"@type":"BreadcrumbList","@id":"https:\/\/vanderloubet.com.br\/deputado\/dilma-anuncia-nova-meta-e-minha-casa-minha-vida-vai-construir-24-milhoes-de-moradias\/#breadcrumb","itemListElement":[{"@type":"ListItem","position":1,"name":"In\u00edcio","item":"https:\/\/vanderloubet.com.br\/deputado\/"},{"@type":"ListItem","position":2,"name":"Dilma: Minha Casa, Minha Vida vai construir 2,4 milh\u00f5es de moradias"}]},{"@type":"WebSite","@id":"https:\/\/vanderloubet.com.br\/deputado\/#website","url":"https:\/\/vanderloubet.com.br\/deputado\/","name":"Deputado Federal Vander Loubet","description":"O Federal de MS","publisher":{"@id":"https:\/\/vanderloubet.com.br\/deputado\/#organization"},"alternateName":"Deputado Vander","potentialAction":[{"@type":"SearchAction","target":{"@type":"EntryPoint","urlTemplate":"https:\/\/vanderloubet.com.br\/deputado\/?s={search_term_string}"},"query-input":{"@type":"PropertyValueSpecification","valueRequired":true,"valueName":"search_term_string"}}],"inLanguage":"pt-BR"},{"@type":"Organization","@id":"https:\/\/vanderloubet.com.br\/deputado\/#organization","name":"Deputado Federal Vander Loubet","alternateName":"Deputado Vander","url":"https:\/\/vanderloubet.com.br\/deputado\/","logo":{"@type":"ImageObject","inLanguage":"pt-BR","@id":"https:\/\/vanderloubet.com.br\/deputado\/#\/schema\/logo\/image\/","url":"https:\/\/vanderloubet.com.br\/deputado\/wp-content\/uploads\/2023\/06\/foto-2023-06-19-mandato-deputado-vander.jpg","contentUrl":"https:\/\/vanderloubet.com.br\/deputado\/wp-content\/uploads\/2023\/06\/foto-2023-06-19-mandato-deputado-vander.jpg","width":1080,"height":1080,"caption":"Deputado Federal Vander Loubet"},"image":{"@id":"https:\/\/vanderloubet.com.br\/deputado\/#\/schema\/logo\/image\/"},"sameAs":["https:\/\/facebook.com\/deputadovander","https:\/\/x.com\/vanderloubet","https:\/\/instagram.com\/vanderloubet","https:\/\/youtube.com\/vanderloubet","https:\/\/tiktok.com\/@vanderloubetms"]},{"@type":"Person","@id":"https:\/\/vanderloubet.com.br\/deputado\/#\/schema\/person\/15b51bd564532a8a68d9dec1b8eb890e","name":"\u00c9der","image":{"@type":"ImageObject","inLanguage":"pt-BR","@id":"https:\/\/vanderloubet.com.br\/deputado\/wp-content\/litespeed\/avatar\/88ca4090d9d5ab1c9495f6ca03b68efa.jpg?ver=1777058957","url":"https:\/\/vanderloubet.com.br\/deputado\/wp-content\/litespeed\/avatar\/88ca4090d9d5ab1c9495f6ca03b68efa.jpg?ver=1777058957","contentUrl":"https:\/\/vanderloubet.com.br\/deputado\/wp-content\/litespeed\/avatar\/88ca4090d9d5ab1c9495f6ca03b68efa.jpg?ver=1777058957","caption":"\u00c9der"}}]}},"jetpack_featured_media_url":"","jetpack_sharing_enabled":true,"_links":{"self":[{"href":"https:\/\/vanderloubet.com.br\/deputado\/wp-json\/wp\/v2\/posts\/4902","targetHints":{"allow":["GET"]}}],"collection":[{"href":"https:\/\/vanderloubet.com.br\/deputado\/wp-json\/wp\/v2\/posts"}],"about":[{"href":"https:\/\/vanderloubet.com.br\/deputado\/wp-json\/wp\/v2\/types\/post"}],"author":[{"embeddable":true,"href":"https:\/\/vanderloubet.com.br\/deputado\/wp-json\/wp\/v2\/users\/2"}],"replies":[{"embeddable":true,"href":"https:\/\/vanderloubet.com.br\/deputado\/wp-json\/wp\/v2\/comments?post=4902"}],"version-history":[{"count":0,"href":"https:\/\/vanderloubet.com.br\/deputado\/wp-json\/wp\/v2\/posts\/4902\/revisions"}],"wp:attachment":[{"href":"https:\/\/vanderloubet.com.br\/deputado\/wp-json\/wp\/v2\/media?parent=4902"}],"wp:term":[{"taxonomy":"category","embeddable":true,"href":"https:\/\/vanderloubet.com.br\/deputado\/wp-json\/wp\/v2\/categories?post=4902"},{"taxonomy":"post_tag","embeddable":true,"href":"https:\/\/vanderloubet.com.br\/deputado\/wp-json\/wp\/v2\/tags?post=4902"}],"curies":[{"name":"wp","href":"https:\/\/api.w.org\/{rel}","templated":true}]}}