{"id":4890,"date":"2012-04-11T09:20:08","date_gmt":"2012-04-11T13:20:08","guid":{"rendered":"http:\/\/www.deputadovander.com.br\/website\/?p=4890"},"modified":"2012-04-11T09:20:08","modified_gmt":"2012-04-11T13:20:08","slug":"delcidio-e-vander-garantem-municipios-de-ms-em-novas-regras-do-mcmv","status":"publish","type":"post","link":"https:\/\/vanderloubet.com.br\/deputado\/delcidio-e-vander-garantem-municipios-de-ms-em-novas-regras-do-mcmv\/","title":{"rendered":"Delc\u00eddio e Vander garantem munic\u00edpios de MS em novas regras do MCMV"},"content":{"rendered":"<figure id=\"attachment_4891\" aria-describedby=\"caption-attachment-4891\" style=\"width: 400px\" class=\"wp-caption aligncenter\"><a href=\"http:\/\/www.deputadovander.com.br\/website\/wp-content\/uploads\/2012\/04\/foto-2012-04-11-dilma-mcmv2.jpg\" target=\"_blank\"><img decoding=\"async\" class=\"size-medium wp-image-4891 \" title=\"foto-2012-04-11-dilma-mcmv2\" src=\"http:\/\/www.deputadovander.com.br\/website\/wp-content\/uploads\/2012\/04\/foto-2012-04-11-dilma-mcmv2-400x266.jpg\" alt=\"Presidenta Dilma lan\u00e7ou MCMV 2 em junho de 2011\" width=\"400\" height=\"266\" \/><\/a><figcaption id=\"caption-attachment-4891\" class=\"wp-caption-text\">Presidenta Dilma lan\u00e7ou MCMV 2 em junho de 2011<\/figcaption><\/figure>\n<p>O Minist\u00e9rio das Cidades publicou no final de 2011, no Di\u00e1rio Oficial da Uni\u00e3o, a Portaria n\u00ba 547, que estabelece diretrizes do programa Minha Casa, Minha Vida (MCMV) para munic\u00edpios com popula\u00e7\u00e3o at\u00e9 50 mil habitantes. A publica\u00e7\u00e3o determinou novos crit\u00e9rios de sele\u00e7\u00e3o de propostas, aumentou a subven\u00e7\u00e3o para R$ 25 mil por unidade e especifica \u00e1rea \u00fatil m\u00ednima de 36 metros quadrados em cada moradia.<\/p>\n<p>Em Mato Grosso do Sul, desde a publica\u00e7\u00e3o das novas regras, o senador Delc\u00eddio do Amaral (PT-MS) e o deputado federal Vander Loubet (PT-MS) t\u00eam trabalhado para atender os munic\u00edpios de Amambai, Anast\u00e1cio, Bataguassu, Camapu\u00e3, Coronel Sapucaia, Dois Irm\u00e3os do Buriti, Douradina, Eldorado, Guia Lopes da Laguna, Iguatemi, Juti, Lad\u00e1rio, Maracaju, Mundo Novo, Nova Alvorada do Sul, Porto Murtinho, Ribas do Rio Pardo, Rochedo, Sidrol\u00e2ndia, Tacuru e Terenos.<\/p>\n<p>&#8220;Nosso trabalho \u00e9 para que a maioria desses munic\u00edpios seja atendida, tendo em vista as caracter\u00edsticas socioecon\u00f4micas de cada um e as demandas provenientes do d\u00e9ficit habitacional. O Delc\u00eddio e eu temos feito uma grande articula\u00e7\u00e3o junto ao Minist\u00e9rio das Cidades para que os munic\u00edpios de Mato Grosso do Sul tenham acesso ao maior n\u00famero de casas poss\u00edvel&#8221;, explica Vander. &#8220;Foram v\u00e1rias reuni\u00f5es na Secretaria Nacional de Habita\u00e7\u00e3o, intercedendo pelos prefeitos e buscando viabilizar o maior n\u00famero de munic\u00edpios para o Minha Casa, Minha Vida 2. Por onde passei fui bem recebido pela equipe da secret\u00e1ria e companheira In\u00eas Magalh\u00e3es, por isso a expectativa \u00e9 a melhor poss\u00edvel&#8221;, completou.<\/p>\n<figure id=\"attachment_4816\" aria-describedby=\"caption-attachment-4816\" style=\"width: 400px\" class=\"wp-caption aligncenter\"><a href=\"http:\/\/www.deputadovander.com.br\/website\/wp-content\/uploads\/2012\/04\/foto-2012-04-04-vander-delcidio-gleisi-ideli-920x470.jpg\" target=\"_blank\"><img decoding=\"async\" class=\"size-medium wp-image-4816 \" title=\"foto-2012-04-04-vander-delcidio-gleisi-ideli-920x470\" src=\"http:\/\/www.deputadovander.com.br\/website\/wp-content\/uploads\/2012\/04\/foto-2012-04-04-vander-delcidio-gleisi-ideli-920x470-400x204.jpg\" alt=\"Vander e Delc\u00eddio em recente visita \u00e0 Casa Civil da Presid\u00eancia\" width=\"400\" height=\"204\" \/><\/a><figcaption id=\"caption-attachment-4816\" class=\"wp-caption-text\">Vander e Delc\u00eddio em recente visita \u00e0 Casa Civil da Presid\u00eancia<\/figcaption><\/figure>\n<p>O programa prev\u00ea a sele\u00e7\u00e3o de 10.374 moradias na regi\u00e3o Centro-Oeste, das quais espera-se que pelos menos duas mil sejam destinadas a Mato Grosso do Sul.<\/p>\n<p>Os munic\u00edpios tiveram prazo at\u00e9 30 de dezembro de 2011 para cadastrar suas propostas. Os termos de coopera\u00e7\u00e3o dos munic\u00edpios selecionados ser\u00e3o assinados amanh\u00e3 (quinta-feira, 12), \u00e0s 11h, no Hotel Royal Park, em Bras\u00edlia (DF), na presen\u00e7a de ministros e da Presid\u00eancia da Rep\u00fablica.<\/p>\n<p><strong>Realidade<\/strong><\/p>\n<p>O programa Minha Casa, Minha Vida \u00e9 um programa do governo federal criado na gest\u00e3o do ex-presidente Luiz In\u00e1cio Lula da Silva que tem transformado o sonho da casa pr\u00f3pria em realidade para muitas fam\u00edlias brasileiras. Na primeira fase foram contratadas mais de 1 milh\u00e3o de moradias. Ap\u00f3s esse sucesso, a segunda fase do MCMV pretende construir 2 milh\u00f5es de casas e apartamentos at\u00e9 2014.<\/p>\n<p>A modalidade para munic\u00edpios com at\u00e9 50 mil habitantes do Minha Casa, Minha Vida 2 visa apoiar estados e munic\u00edpios no desenvolvimento de a\u00e7\u00f5es de acesso \u00e0 moradia digna em \u00e1reas urbanas, voltadas ao atendimento de fam\u00edlias com renda at\u00e9 R$ 1.600. Ser\u00e3o selecionadas 43.976 moradias na regi\u00e3o Nordeste, 29.304 no Sudeste, 14.942 no Sul, 11.404 no Norte e 10.374 no Centro-Oeste. A oferta soma 110 mil unidades no Pa\u00eds.<\/p>\n<p><span style=\"font-size: 11px;\">(\u00c9der Yanaguita &#8211; Assessoria\/Deputado Vander)<\/span><\/p>\n","protected":false},"excerpt":{"rendered":"<p>Programa prev\u00ea 10.374 moradias no Centro-Oeste, das quais espera-se que duas mil sejam destinadas a MS.<\/p>\n","protected":false},"author":2,"featured_media":0,"comment_status":"closed","ping_status":"open","sticky":false,"template":"","format":"standard","meta":{"jetpack_post_was_ever_published":false,"_jetpack_newsletter_access":"","_jetpack_dont_email_post_to_subs":false,"_jetpack_newsletter_tier_id":0,"_jetpack_memberships_contains_paywalled_content":false,"_jetpack_memberships_contains_paid_content":false,"footnotes":""},"categories":[10],"tags":[375,442,590,608,807,956,1178,1300,1302,1336,1353,1655,1806,1823,2033,2060],"class_list":{"0":"post-4890","1":"post","2":"type-post","3":"status-publish","4":"format-standard","6":"category-noticias","7":"tag-casa","8":"tag-cidades","9":"tag-delcidio","10":"tag-deputado","11":"tag-federal","12":"tag-habitacao","13":"tag-loubet","14":"tag-minha","15":"tag-ministerio","16":"tag-ms","17":"tag-nacional","18":"tag-pt","19":"tag-secretaria","20":"tag-senador","21":"tag-vander","22":"tag-vida"},"yoast_head":"<!-- This site is optimized with the Yoast SEO plugin v27.4 - https:\/\/yoast.com\/product\/yoast-seo-wordpress\/ -->\n<title>Delc\u00eddio e Vander garantem munic\u00edpios de MS em novas regras do MCMV<\/title>\n<meta name=\"robots\" content=\"index, follow, max-snippet:-1, max-image-preview:large, max-video-preview:-1\" \/>\n<link rel=\"canonical\" href=\"https:\/\/vanderloubet.com.br\/deputado\/delcidio-e-vander-garantem-municipios-de-ms-em-novas-regras-do-mcmv\/\" \/>\n<meta property=\"og:locale\" content=\"pt_BR\" \/>\n<meta property=\"og:type\" content=\"article\" \/>\n<meta property=\"og:title\" content=\"Delc\u00eddio e Vander garantem munic\u00edpios de MS em novas regras do MCMV\" \/>\n<meta property=\"og:description\" content=\"Programa prev\u00ea 10.374 moradias no Centro-Oeste, das quais espera-se que duas mil sejam destinadas a MS.\" \/>\n<meta property=\"og:url\" content=\"https:\/\/vanderloubet.com.br\/deputado\/delcidio-e-vander-garantem-municipios-de-ms-em-novas-regras-do-mcmv\/\" \/>\n<meta property=\"og:site_name\" content=\"Deputado Federal Vander Loubet\" \/>\n<meta property=\"article:publisher\" content=\"https:\/\/facebook.com\/deputadovander\" \/>\n<meta property=\"article:published_time\" content=\"2012-04-11T13:20:08+00:00\" \/>\n<meta property=\"og:image\" content=\"http:\/\/www.deputadovander.com.br\/website\/wp-content\/uploads\/2012\/04\/foto-2012-04-11-dilma-mcmv2-400x266.jpg\" \/>\n<meta name=\"author\" content=\"\u00c9der\" \/>\n<meta name=\"twitter:card\" content=\"summary_large_image\" \/>\n<meta name=\"twitter:creator\" content=\"@vanderloubet\" \/>\n<meta name=\"twitter:site\" content=\"@vanderloubet\" \/>\n<script type=\"application\/ld+json\" class=\"yoast-schema-graph\">{\"@context\":\"https:\\\/\\\/schema.org\",\"@graph\":[{\"@type\":\"Article\",\"@id\":\"https:\\\/\\\/vanderloubet.com.br\\\/deputado\\\/delcidio-e-vander-garantem-municipios-de-ms-em-novas-regras-do-mcmv\\\/#article\",\"isPartOf\":{\"@id\":\"https:\\\/\\\/vanderloubet.com.br\\\/deputado\\\/delcidio-e-vander-garantem-municipios-de-ms-em-novas-regras-do-mcmv\\\/\"},\"author\":{\"name\":\"\u00c9der\",\"@id\":\"https:\\\/\\\/vanderloubet.com.br\\\/deputado\\\/#\\\/schema\\\/person\\\/15b51bd564532a8a68d9dec1b8eb890e\"},\"headline\":\"Delc\u00eddio e Vander garantem munic\u00edpios de MS em novas regras do MCMV\",\"datePublished\":\"2012-04-11T13:20:08+00:00\",\"mainEntityOfPage\":{\"@id\":\"https:\\\/\\\/vanderloubet.com.br\\\/deputado\\\/delcidio-e-vander-garantem-municipios-de-ms-em-novas-regras-do-mcmv\\\/\"},\"wordCount\":540,\"publisher\":{\"@id\":\"https:\\\/\\\/vanderloubet.com.br\\\/deputado\\\/#organization\"},\"image\":{\"@id\":\"https:\\\/\\\/vanderloubet.com.br\\\/deputado\\\/delcidio-e-vander-garantem-municipios-de-ms-em-novas-regras-do-mcmv\\\/#primaryimage\"},\"thumbnailUrl\":\"http:\\\/\\\/www.deputadovander.com.br\\\/website\\\/wp-content\\\/uploads\\\/2012\\\/04\\\/foto-2012-04-11-dilma-mcmv2-400x266.jpg\",\"keywords\":[\"casa\",\"cidades\",\"delc\u00eddio\",\"deputado\",\"federal\",\"habita\u00e7\u00e3o\",\"loubet\",\"minha\",\"minist\u00e9rio\",\"MS\",\"nacional\",\"PT\",\"secretaria\",\"senador\",\"vander\",\"vida\"],\"articleSection\":[\"Not\u00edcias\"],\"inLanguage\":\"pt-BR\"},{\"@type\":\"WebPage\",\"@id\":\"https:\\\/\\\/vanderloubet.com.br\\\/deputado\\\/delcidio-e-vander-garantem-municipios-de-ms-em-novas-regras-do-mcmv\\\/\",\"url\":\"https:\\\/\\\/vanderloubet.com.br\\\/deputado\\\/delcidio-e-vander-garantem-municipios-de-ms-em-novas-regras-do-mcmv\\\/\",\"name\":\"Delc\u00eddio e Vander garantem munic\u00edpios de MS em novas regras do MCMV\",\"isPartOf\":{\"@id\":\"https:\\\/\\\/vanderloubet.com.br\\\/deputado\\\/#website\"},\"primaryImageOfPage\":{\"@id\":\"https:\\\/\\\/vanderloubet.com.br\\\/deputado\\\/delcidio-e-vander-garantem-municipios-de-ms-em-novas-regras-do-mcmv\\\/#primaryimage\"},\"image\":{\"@id\":\"https:\\\/\\\/vanderloubet.com.br\\\/deputado\\\/delcidio-e-vander-garantem-municipios-de-ms-em-novas-regras-do-mcmv\\\/#primaryimage\"},\"thumbnailUrl\":\"http:\\\/\\\/www.deputadovander.com.br\\\/website\\\/wp-content\\\/uploads\\\/2012\\\/04\\\/foto-2012-04-11-dilma-mcmv2-400x266.jpg\",\"datePublished\":\"2012-04-11T13:20:08+00:00\",\"breadcrumb\":{\"@id\":\"https:\\\/\\\/vanderloubet.com.br\\\/deputado\\\/delcidio-e-vander-garantem-municipios-de-ms-em-novas-regras-do-mcmv\\\/#breadcrumb\"},\"inLanguage\":\"pt-BR\",\"potentialAction\":[{\"@type\":\"ReadAction\",\"target\":[\"https:\\\/\\\/vanderloubet.com.br\\\/deputado\\\/delcidio-e-vander-garantem-municipios-de-ms-em-novas-regras-do-mcmv\\\/\"]}]},{\"@type\":\"ImageObject\",\"inLanguage\":\"pt-BR\",\"@id\":\"https:\\\/\\\/vanderloubet.com.br\\\/deputado\\\/delcidio-e-vander-garantem-municipios-de-ms-em-novas-regras-do-mcmv\\\/#primaryimage\",\"url\":\"http:\\\/\\\/www.deputadovander.com.br\\\/website\\\/wp-content\\\/uploads\\\/2012\\\/04\\\/foto-2012-04-11-dilma-mcmv2-400x266.jpg\",\"contentUrl\":\"http:\\\/\\\/www.deputadovander.com.br\\\/website\\\/wp-content\\\/uploads\\\/2012\\\/04\\\/foto-2012-04-11-dilma-mcmv2-400x266.jpg\"},{\"@type\":\"BreadcrumbList\",\"@id\":\"https:\\\/\\\/vanderloubet.com.br\\\/deputado\\\/delcidio-e-vander-garantem-municipios-de-ms-em-novas-regras-do-mcmv\\\/#breadcrumb\",\"itemListElement\":[{\"@type\":\"ListItem\",\"position\":1,\"name\":\"In\u00edcio\",\"item\":\"https:\\\/\\\/vanderloubet.com.br\\\/deputado\\\/\"},{\"@type\":\"ListItem\",\"position\":2,\"name\":\"Delc\u00eddio e Vander garantem munic\u00edpios de MS em novas regras do MCMV\"}]},{\"@type\":\"WebSite\",\"@id\":\"https:\\\/\\\/vanderloubet.com.br\\\/deputado\\\/#website\",\"url\":\"https:\\\/\\\/vanderloubet.com.br\\\/deputado\\\/\",\"name\":\"Deputado Federal Vander Loubet\",\"description\":\"O Federal de MS\",\"publisher\":{\"@id\":\"https:\\\/\\\/vanderloubet.com.br\\\/deputado\\\/#organization\"},\"alternateName\":\"Deputado Vander\",\"potentialAction\":[{\"@type\":\"SearchAction\",\"target\":{\"@type\":\"EntryPoint\",\"urlTemplate\":\"https:\\\/\\\/vanderloubet.com.br\\\/deputado\\\/?s={search_term_string}\"},\"query-input\":{\"@type\":\"PropertyValueSpecification\",\"valueRequired\":true,\"valueName\":\"search_term_string\"}}],\"inLanguage\":\"pt-BR\"},{\"@type\":\"Organization\",\"@id\":\"https:\\\/\\\/vanderloubet.com.br\\\/deputado\\\/#organization\",\"name\":\"Deputado Federal Vander Loubet\",\"alternateName\":\"Deputado Vander\",\"url\":\"https:\\\/\\\/vanderloubet.com.br\\\/deputado\\\/\",\"logo\":{\"@type\":\"ImageObject\",\"inLanguage\":\"pt-BR\",\"@id\":\"https:\\\/\\\/vanderloubet.com.br\\\/deputado\\\/#\\\/schema\\\/logo\\\/image\\\/\",\"url\":\"https:\\\/\\\/vanderloubet.com.br\\\/deputado\\\/wp-content\\\/uploads\\\/2023\\\/06\\\/foto-2023-06-19-mandato-deputado-vander.jpg\",\"contentUrl\":\"https:\\\/\\\/vanderloubet.com.br\\\/deputado\\\/wp-content\\\/uploads\\\/2023\\\/06\\\/foto-2023-06-19-mandato-deputado-vander.jpg\",\"width\":1080,\"height\":1080,\"caption\":\"Deputado Federal Vander Loubet\"},\"image\":{\"@id\":\"https:\\\/\\\/vanderloubet.com.br\\\/deputado\\\/#\\\/schema\\\/logo\\\/image\\\/\"},\"sameAs\":[\"https:\\\/\\\/facebook.com\\\/deputadovander\",\"https:\\\/\\\/x.com\\\/vanderloubet\",\"https:\\\/\\\/instagram.com\\\/vanderloubet\",\"https:\\\/\\\/youtube.com\\\/vanderloubet\",\"https:\\\/\\\/tiktok.com\\\/@vanderloubetms\"]},{\"@type\":\"Person\",\"@id\":\"https:\\\/\\\/vanderloubet.com.br\\\/deputado\\\/#\\\/schema\\\/person\\\/15b51bd564532a8a68d9dec1b8eb890e\",\"name\":\"\u00c9der\",\"image\":{\"@type\":\"ImageObject\",\"inLanguage\":\"pt-BR\",\"@id\":\"https:\\\/\\\/vanderloubet.com.br\\\/deputado\\\/wp-content\\\/litespeed\\\/avatar\\\/88ca4090d9d5ab1c9495f6ca03b68efa.jpg?ver=1777058957\",\"url\":\"https:\\\/\\\/vanderloubet.com.br\\\/deputado\\\/wp-content\\\/litespeed\\\/avatar\\\/88ca4090d9d5ab1c9495f6ca03b68efa.jpg?ver=1777058957\",\"contentUrl\":\"https:\\\/\\\/vanderloubet.com.br\\\/deputado\\\/wp-content\\\/litespeed\\\/avatar\\\/88ca4090d9d5ab1c9495f6ca03b68efa.jpg?ver=1777058957\",\"caption\":\"\u00c9der\"}}]}<\/script>\n<!-- \/ Yoast SEO plugin. -->","yoast_head_json":{"title":"Delc\u00eddio e Vander garantem munic\u00edpios de MS em novas regras do MCMV","robots":{"index":"index","follow":"follow","max-snippet":"max-snippet:-1","max-image-preview":"max-image-preview:large","max-video-preview":"max-video-preview:-1"},"canonical":"https:\/\/vanderloubet.com.br\/deputado\/delcidio-e-vander-garantem-municipios-de-ms-em-novas-regras-do-mcmv\/","og_locale":"pt_BR","og_type":"article","og_title":"Delc\u00eddio e Vander garantem munic\u00edpios de MS em novas regras do MCMV","og_description":"Programa prev\u00ea 10.374 moradias no Centro-Oeste, das quais espera-se que duas mil sejam destinadas a MS.","og_url":"https:\/\/vanderloubet.com.br\/deputado\/delcidio-e-vander-garantem-municipios-de-ms-em-novas-regras-do-mcmv\/","og_site_name":"Deputado Federal Vander Loubet","article_publisher":"https:\/\/facebook.com\/deputadovander","article_published_time":"2012-04-11T13:20:08+00:00","og_image":[{"url":"http:\/\/www.deputadovander.com.br\/website\/wp-content\/uploads\/2012\/04\/foto-2012-04-11-dilma-mcmv2-400x266.jpg","type":"","width":"","height":""}],"author":"\u00c9der","twitter_card":"summary_large_image","twitter_creator":"@vanderloubet","twitter_site":"@vanderloubet","schema":{"@context":"https:\/\/schema.org","@graph":[{"@type":"Article","@id":"https:\/\/vanderloubet.com.br\/deputado\/delcidio-e-vander-garantem-municipios-de-ms-em-novas-regras-do-mcmv\/#article","isPartOf":{"@id":"https:\/\/vanderloubet.com.br\/deputado\/delcidio-e-vander-garantem-municipios-de-ms-em-novas-regras-do-mcmv\/"},"author":{"name":"\u00c9der","@id":"https:\/\/vanderloubet.com.br\/deputado\/#\/schema\/person\/15b51bd564532a8a68d9dec1b8eb890e"},"headline":"Delc\u00eddio e Vander garantem munic\u00edpios de MS em novas regras do MCMV","datePublished":"2012-04-11T13:20:08+00:00","mainEntityOfPage":{"@id":"https:\/\/vanderloubet.com.br\/deputado\/delcidio-e-vander-garantem-municipios-de-ms-em-novas-regras-do-mcmv\/"},"wordCount":540,"publisher":{"@id":"https:\/\/vanderloubet.com.br\/deputado\/#organization"},"image":{"@id":"https:\/\/vanderloubet.com.br\/deputado\/delcidio-e-vander-garantem-municipios-de-ms-em-novas-regras-do-mcmv\/#primaryimage"},"thumbnailUrl":"http:\/\/www.deputadovander.com.br\/website\/wp-content\/uploads\/2012\/04\/foto-2012-04-11-dilma-mcmv2-400x266.jpg","keywords":["casa","cidades","delc\u00eddio","deputado","federal","habita\u00e7\u00e3o","loubet","minha","minist\u00e9rio","MS","nacional","PT","secretaria","senador","vander","vida"],"articleSection":["Not\u00edcias"],"inLanguage":"pt-BR"},{"@type":"WebPage","@id":"https:\/\/vanderloubet.com.br\/deputado\/delcidio-e-vander-garantem-municipios-de-ms-em-novas-regras-do-mcmv\/","url":"https:\/\/vanderloubet.com.br\/deputado\/delcidio-e-vander-garantem-municipios-de-ms-em-novas-regras-do-mcmv\/","name":"Delc\u00eddio e Vander garantem munic\u00edpios de MS em novas regras do MCMV","isPartOf":{"@id":"https:\/\/vanderloubet.com.br\/deputado\/#website"},"primaryImageOfPage":{"@id":"https:\/\/vanderloubet.com.br\/deputado\/delcidio-e-vander-garantem-municipios-de-ms-em-novas-regras-do-mcmv\/#primaryimage"},"image":{"@id":"https:\/\/vanderloubet.com.br\/deputado\/delcidio-e-vander-garantem-municipios-de-ms-em-novas-regras-do-mcmv\/#primaryimage"},"thumbnailUrl":"http:\/\/www.deputadovander.com.br\/website\/wp-content\/uploads\/2012\/04\/foto-2012-04-11-dilma-mcmv2-400x266.jpg","datePublished":"2012-04-11T13:20:08+00:00","breadcrumb":{"@id":"https:\/\/vanderloubet.com.br\/deputado\/delcidio-e-vander-garantem-municipios-de-ms-em-novas-regras-do-mcmv\/#breadcrumb"},"inLanguage":"pt-BR","potentialAction":[{"@type":"ReadAction","target":["https:\/\/vanderloubet.com.br\/deputado\/delcidio-e-vander-garantem-municipios-de-ms-em-novas-regras-do-mcmv\/"]}]},{"@type":"ImageObject","inLanguage":"pt-BR","@id":"https:\/\/vanderloubet.com.br\/deputado\/delcidio-e-vander-garantem-municipios-de-ms-em-novas-regras-do-mcmv\/#primaryimage","url":"http:\/\/www.deputadovander.com.br\/website\/wp-content\/uploads\/2012\/04\/foto-2012-04-11-dilma-mcmv2-400x266.jpg","contentUrl":"http:\/\/www.deputadovander.com.br\/website\/wp-content\/uploads\/2012\/04\/foto-2012-04-11-dilma-mcmv2-400x266.jpg"},{"@type":"BreadcrumbList","@id":"https:\/\/vanderloubet.com.br\/deputado\/delcidio-e-vander-garantem-municipios-de-ms-em-novas-regras-do-mcmv\/#breadcrumb","itemListElement":[{"@type":"ListItem","position":1,"name":"In\u00edcio","item":"https:\/\/vanderloubet.com.br\/deputado\/"},{"@type":"ListItem","position":2,"name":"Delc\u00eddio e Vander garantem munic\u00edpios de MS em novas regras do MCMV"}]},{"@type":"WebSite","@id":"https:\/\/vanderloubet.com.br\/deputado\/#website","url":"https:\/\/vanderloubet.com.br\/deputado\/","name":"Deputado Federal Vander Loubet","description":"O Federal de MS","publisher":{"@id":"https:\/\/vanderloubet.com.br\/deputado\/#organization"},"alternateName":"Deputado Vander","potentialAction":[{"@type":"SearchAction","target":{"@type":"EntryPoint","urlTemplate":"https:\/\/vanderloubet.com.br\/deputado\/?s={search_term_string}"},"query-input":{"@type":"PropertyValueSpecification","valueRequired":true,"valueName":"search_term_string"}}],"inLanguage":"pt-BR"},{"@type":"Organization","@id":"https:\/\/vanderloubet.com.br\/deputado\/#organization","name":"Deputado Federal Vander Loubet","alternateName":"Deputado Vander","url":"https:\/\/vanderloubet.com.br\/deputado\/","logo":{"@type":"ImageObject","inLanguage":"pt-BR","@id":"https:\/\/vanderloubet.com.br\/deputado\/#\/schema\/logo\/image\/","url":"https:\/\/vanderloubet.com.br\/deputado\/wp-content\/uploads\/2023\/06\/foto-2023-06-19-mandato-deputado-vander.jpg","contentUrl":"https:\/\/vanderloubet.com.br\/deputado\/wp-content\/uploads\/2023\/06\/foto-2023-06-19-mandato-deputado-vander.jpg","width":1080,"height":1080,"caption":"Deputado Federal Vander Loubet"},"image":{"@id":"https:\/\/vanderloubet.com.br\/deputado\/#\/schema\/logo\/image\/"},"sameAs":["https:\/\/facebook.com\/deputadovander","https:\/\/x.com\/vanderloubet","https:\/\/instagram.com\/vanderloubet","https:\/\/youtube.com\/vanderloubet","https:\/\/tiktok.com\/@vanderloubetms"]},{"@type":"Person","@id":"https:\/\/vanderloubet.com.br\/deputado\/#\/schema\/person\/15b51bd564532a8a68d9dec1b8eb890e","name":"\u00c9der","image":{"@type":"ImageObject","inLanguage":"pt-BR","@id":"https:\/\/vanderloubet.com.br\/deputado\/wp-content\/litespeed\/avatar\/88ca4090d9d5ab1c9495f6ca03b68efa.jpg?ver=1777058957","url":"https:\/\/vanderloubet.com.br\/deputado\/wp-content\/litespeed\/avatar\/88ca4090d9d5ab1c9495f6ca03b68efa.jpg?ver=1777058957","contentUrl":"https:\/\/vanderloubet.com.br\/deputado\/wp-content\/litespeed\/avatar\/88ca4090d9d5ab1c9495f6ca03b68efa.jpg?ver=1777058957","caption":"\u00c9der"}}]}},"jetpack_featured_media_url":"","jetpack_sharing_enabled":true,"_links":{"self":[{"href":"https:\/\/vanderloubet.com.br\/deputado\/wp-json\/wp\/v2\/posts\/4890","targetHints":{"allow":["GET"]}}],"collection":[{"href":"https:\/\/vanderloubet.com.br\/deputado\/wp-json\/wp\/v2\/posts"}],"about":[{"href":"https:\/\/vanderloubet.com.br\/deputado\/wp-json\/wp\/v2\/types\/post"}],"author":[{"embeddable":true,"href":"https:\/\/vanderloubet.com.br\/deputado\/wp-json\/wp\/v2\/users\/2"}],"replies":[{"embeddable":true,"href":"https:\/\/vanderloubet.com.br\/deputado\/wp-json\/wp\/v2\/comments?post=4890"}],"version-history":[{"count":0,"href":"https:\/\/vanderloubet.com.br\/deputado\/wp-json\/wp\/v2\/posts\/4890\/revisions"}],"wp:attachment":[{"href":"https:\/\/vanderloubet.com.br\/deputado\/wp-json\/wp\/v2\/media?parent=4890"}],"wp:term":[{"taxonomy":"category","embeddable":true,"href":"https:\/\/vanderloubet.com.br\/deputado\/wp-json\/wp\/v2\/categories?post=4890"},{"taxonomy":"post_tag","embeddable":true,"href":"https:\/\/vanderloubet.com.br\/deputado\/wp-json\/wp\/v2\/tags?post=4890"}],"curies":[{"name":"wp","href":"https:\/\/api.w.org\/{rel}","templated":true}]}}