{"id":4885,"date":"2012-04-10T17:33:53","date_gmt":"2012-04-10T21:33:53","guid":{"rendered":"http:\/\/www.deputadovander.com.br\/website\/?p=4885"},"modified":"2012-04-10T17:33:53","modified_gmt":"2012-04-10T21:33:53","slug":"vander-e-indicado-pelo-pt-como-titular-em-comissao-especial","status":"publish","type":"post","link":"https:\/\/vanderloubet.com.br\/deputado\/vander-e-indicado-pelo-pt-como-titular-em-comissao-especial\/","title":{"rendered":"Vander \u00e9 indicado pelo PT como titular em comiss\u00e3o da PEC 37"},"content":{"rendered":"<figure id=\"attachment_240\" aria-describedby=\"caption-attachment-240\" style=\"width: 400px\" class=\"wp-caption aligncenter\"><a href=\"http:\/\/www.deputadovander.com.br\/website\/wp-content\/uploads\/2010\/03\/foto-2010-03-02-discurso-brasilia1.jpg\" target=\"_blank\"><img decoding=\"async\" class=\"size-medium wp-image-240 \" title=\"foto-2010-03-02-discurso-brasilia\" src=\"http:\/\/www.deputadovander.com.br\/website\/wp-content\/uploads\/2010\/03\/foto-2010-03-02-discurso-brasilia1-400x300.jpg\" alt=\"Deputado federal Vander Loubet em Bras\u00edlia\" width=\"400\" height=\"300\" \/><\/a><figcaption id=\"caption-attachment-240\" class=\"wp-caption-text\">Deputado Federal Vander Loubet (clique p\/ ampliar)<\/figcaption><\/figure>\n<p>O deputado federal Vander Loubet (PT-MS) foi indicado pelo l\u00edder da bancada petista na C\u00e2mara, deputado Jilmar Tatto (PT-SP), para ocupar uma vaga de titular na Comiss\u00e3o Especial destinada a analisar a Proposta de Emenda \u00e0 Constitui\u00e7\u00e3o (PEC) 37\/2011. Junto com Vander, foram indicados pela Lideran\u00e7a do PT para compor a Comiss\u00e3o os deputados Vanderlei Siraque (PT-SP), Jos\u00e9 Mentor (PT-SP) e Beto Faro (PT-SC).<\/p>\n<p>De autoria do deputado Lourival Mendes (PTdoB-MA), a proposta acrescenta um par\u00e1grafo ao artigo 144 da Constitui\u00e7\u00e3o Federal para estabelecer que a apura\u00e7\u00e3o das infra\u00e7\u00f5es penais ser\u00e1 compet\u00eancia privativa das pol\u00edcias Federal e Civil. Atualmente, por determina\u00e7\u00e3o constitucional, o Minist\u00e9rio P\u00fablico e outras institui\u00e7\u00f5es tamb\u00e9m exercem a atividade de investiga\u00e7\u00e3o criminal.<\/p>\n<p>A mat\u00e9ria \u00e9 pol\u00eamica e vem sendo condenada por parte da opini\u00e3o p\u00fablica e por entidades da sociedade civil como a Associa\u00e7\u00e3o Nacional dos Membros do Minist\u00e9rio P\u00fablico (Conamp), que acreditam que a proposta poderia abrir brechas para o aumento da impunidade. Por outro lado, delegados de pol\u00edcia defendem que a proposta nasceu da necessidade de retomada da seguran\u00e7a jur\u00eddica para o cidad\u00e3o em rela\u00e7\u00e3o \u00e0 condu\u00e7\u00e3o das investiga\u00e7\u00f5es criminais, tendo em vista que n\u00e3o h\u00e1 previs\u00e3o legal de procedimento e forma da investiga\u00e7\u00e3o do promotor.<\/p>\n<p><span style=\"font-size: 11px;\">(\u00c9der Yanaguita &#8211; Assessoria\/Deputado Vander)<\/span><\/p>\n","protected":false},"excerpt":{"rendered":"<p>A proposta estabelece que apura\u00e7\u00e3o de infra\u00e7\u00f5es penais ser\u00e1 compet\u00eancia privativa das pol\u00edcias Federal e Civil.<\/p>\n","protected":false},"author":2,"featured_media":0,"comment_status":"closed","ping_status":"open","sticky":false,"template":"","format":"standard","meta":{"jetpack_post_was_ever_published":false,"_jetpack_newsletter_access":"","_jetpack_dont_email_post_to_subs":false,"_jetpack_newsletter_tier_id":0,"_jetpack_memberships_contains_paywalled_content":false,"_jetpack_memberships_contains_paid_content":false,"footnotes":""},"categories":[10],"tags":[30,259,608,798,807,1068,1089,1178,1179,1270,1272,1302,1336,1514,1570,1655,1660,1870,1892,1920,2033,2036],"class_list":{"0":"post-4885","1":"post","2":"type-post","3":"status-publish","4":"format-standard","6":"category-noticias","7":"tag-30","8":"tag-beto","9":"tag-deputado","10":"tag-faro","11":"tag-federal","12":"tag-jilmar","13":"tag-jose","14":"tag-loubet","15":"tag-lourival","16":"tag-mendes","17":"tag-mentor","18":"tag-ministerio","19":"tag-ms","20":"tag-pec","21":"tag-policia","22":"tag-pt","23":"tag-publico","24":"tag-siraque","25":"tag-sp","26":"tag-tatto","27":"tag-vander","28":"tag-vanderlei"},"yoast_head":"<!-- This site is optimized with the Yoast SEO plugin v27.4 - https:\/\/yoast.com\/product\/yoast-seo-wordpress\/ -->\n<title>Vander \u00e9 indicado pelo PT como titular em comiss\u00e3o da PEC 37<\/title>\n<meta name=\"robots\" content=\"index, follow, max-snippet:-1, max-image-preview:large, max-video-preview:-1\" \/>\n<link rel=\"canonical\" href=\"https:\/\/vanderloubet.com.br\/deputado\/vander-e-indicado-pelo-pt-como-titular-em-comissao-especial\/\" \/>\n<meta property=\"og:locale\" content=\"pt_BR\" \/>\n<meta property=\"og:type\" content=\"article\" \/>\n<meta property=\"og:title\" content=\"Vander \u00e9 indicado pelo PT como titular em comiss\u00e3o da PEC 37\" \/>\n<meta property=\"og:description\" content=\"A proposta estabelece que apura\u00e7\u00e3o de infra\u00e7\u00f5es penais ser\u00e1 compet\u00eancia privativa das pol\u00edcias Federal e Civil.\" \/>\n<meta property=\"og:url\" content=\"https:\/\/vanderloubet.com.br\/deputado\/vander-e-indicado-pelo-pt-como-titular-em-comissao-especial\/\" \/>\n<meta property=\"og:site_name\" content=\"Deputado Federal Vander Loubet\" \/>\n<meta property=\"article:publisher\" content=\"https:\/\/facebook.com\/deputadovander\" \/>\n<meta property=\"article:published_time\" content=\"2012-04-10T21:33:53+00:00\" \/>\n<meta property=\"og:image\" content=\"http:\/\/www.deputadovander.com.br\/website\/wp-content\/uploads\/2010\/03\/foto-2010-03-02-discurso-brasilia1-400x300.jpg\" \/>\n<meta name=\"author\" content=\"\u00c9der\" \/>\n<meta name=\"twitter:card\" content=\"summary_large_image\" \/>\n<meta name=\"twitter:creator\" content=\"@vanderloubet\" \/>\n<meta name=\"twitter:site\" content=\"@vanderloubet\" \/>\n<script type=\"application\/ld+json\" class=\"yoast-schema-graph\">{\"@context\":\"https:\\\/\\\/schema.org\",\"@graph\":[{\"@type\":\"Article\",\"@id\":\"https:\\\/\\\/vanderloubet.com.br\\\/deputado\\\/vander-e-indicado-pelo-pt-como-titular-em-comissao-especial\\\/#article\",\"isPartOf\":{\"@id\":\"https:\\\/\\\/vanderloubet.com.br\\\/deputado\\\/vander-e-indicado-pelo-pt-como-titular-em-comissao-especial\\\/\"},\"author\":{\"name\":\"\u00c9der\",\"@id\":\"https:\\\/\\\/vanderloubet.com.br\\\/deputado\\\/#\\\/schema\\\/person\\\/15b51bd564532a8a68d9dec1b8eb890e\"},\"headline\":\"Vander \u00e9 indicado pelo PT como titular em comiss\u00e3o da PEC 37\",\"datePublished\":\"2012-04-10T21:33:53+00:00\",\"mainEntityOfPage\":{\"@id\":\"https:\\\/\\\/vanderloubet.com.br\\\/deputado\\\/vander-e-indicado-pelo-pt-como-titular-em-comissao-especial\\\/\"},\"wordCount\":263,\"publisher\":{\"@id\":\"https:\\\/\\\/vanderloubet.com.br\\\/deputado\\\/#organization\"},\"image\":{\"@id\":\"https:\\\/\\\/vanderloubet.com.br\\\/deputado\\\/vander-e-indicado-pelo-pt-como-titular-em-comissao-especial\\\/#primaryimage\"},\"thumbnailUrl\":\"http:\\\/\\\/www.deputadovander.com.br\\\/website\\\/wp-content\\\/uploads\\\/2010\\\/03\\\/foto-2010-03-02-discurso-brasilia1-400x300.jpg\",\"keywords\":[\"37\",\"beto\",\"deputado\",\"faro\",\"federal\",\"jilmar\",\"jos\u00e9\",\"loubet\",\"lourival\",\"mendes\",\"mentor\",\"minist\u00e9rio\",\"MS\",\"pec\",\"pol\u00edcia\",\"PT\",\"p\u00fablico\",\"siraque\",\"sp\",\"tatto\",\"vander\",\"vanderlei\"],\"articleSection\":[\"Not\u00edcias\"],\"inLanguage\":\"pt-BR\"},{\"@type\":\"WebPage\",\"@id\":\"https:\\\/\\\/vanderloubet.com.br\\\/deputado\\\/vander-e-indicado-pelo-pt-como-titular-em-comissao-especial\\\/\",\"url\":\"https:\\\/\\\/vanderloubet.com.br\\\/deputado\\\/vander-e-indicado-pelo-pt-como-titular-em-comissao-especial\\\/\",\"name\":\"Vander \u00e9 indicado pelo PT como titular em comiss\u00e3o da PEC 37\",\"isPartOf\":{\"@id\":\"https:\\\/\\\/vanderloubet.com.br\\\/deputado\\\/#website\"},\"primaryImageOfPage\":{\"@id\":\"https:\\\/\\\/vanderloubet.com.br\\\/deputado\\\/vander-e-indicado-pelo-pt-como-titular-em-comissao-especial\\\/#primaryimage\"},\"image\":{\"@id\":\"https:\\\/\\\/vanderloubet.com.br\\\/deputado\\\/vander-e-indicado-pelo-pt-como-titular-em-comissao-especial\\\/#primaryimage\"},\"thumbnailUrl\":\"http:\\\/\\\/www.deputadovander.com.br\\\/website\\\/wp-content\\\/uploads\\\/2010\\\/03\\\/foto-2010-03-02-discurso-brasilia1-400x300.jpg\",\"datePublished\":\"2012-04-10T21:33:53+00:00\",\"breadcrumb\":{\"@id\":\"https:\\\/\\\/vanderloubet.com.br\\\/deputado\\\/vander-e-indicado-pelo-pt-como-titular-em-comissao-especial\\\/#breadcrumb\"},\"inLanguage\":\"pt-BR\",\"potentialAction\":[{\"@type\":\"ReadAction\",\"target\":[\"https:\\\/\\\/vanderloubet.com.br\\\/deputado\\\/vander-e-indicado-pelo-pt-como-titular-em-comissao-especial\\\/\"]}]},{\"@type\":\"ImageObject\",\"inLanguage\":\"pt-BR\",\"@id\":\"https:\\\/\\\/vanderloubet.com.br\\\/deputado\\\/vander-e-indicado-pelo-pt-como-titular-em-comissao-especial\\\/#primaryimage\",\"url\":\"http:\\\/\\\/www.deputadovander.com.br\\\/website\\\/wp-content\\\/uploads\\\/2010\\\/03\\\/foto-2010-03-02-discurso-brasilia1-400x300.jpg\",\"contentUrl\":\"http:\\\/\\\/www.deputadovander.com.br\\\/website\\\/wp-content\\\/uploads\\\/2010\\\/03\\\/foto-2010-03-02-discurso-brasilia1-400x300.jpg\"},{\"@type\":\"BreadcrumbList\",\"@id\":\"https:\\\/\\\/vanderloubet.com.br\\\/deputado\\\/vander-e-indicado-pelo-pt-como-titular-em-comissao-especial\\\/#breadcrumb\",\"itemListElement\":[{\"@type\":\"ListItem\",\"position\":1,\"name\":\"In\u00edcio\",\"item\":\"https:\\\/\\\/vanderloubet.com.br\\\/deputado\\\/\"},{\"@type\":\"ListItem\",\"position\":2,\"name\":\"Vander \u00e9 indicado pelo PT como titular em comiss\u00e3o da PEC 37\"}]},{\"@type\":\"WebSite\",\"@id\":\"https:\\\/\\\/vanderloubet.com.br\\\/deputado\\\/#website\",\"url\":\"https:\\\/\\\/vanderloubet.com.br\\\/deputado\\\/\",\"name\":\"Deputado Federal Vander Loubet\",\"description\":\"O Federal de MS\",\"publisher\":{\"@id\":\"https:\\\/\\\/vanderloubet.com.br\\\/deputado\\\/#organization\"},\"alternateName\":\"Deputado Vander\",\"potentialAction\":[{\"@type\":\"SearchAction\",\"target\":{\"@type\":\"EntryPoint\",\"urlTemplate\":\"https:\\\/\\\/vanderloubet.com.br\\\/deputado\\\/?s={search_term_string}\"},\"query-input\":{\"@type\":\"PropertyValueSpecification\",\"valueRequired\":true,\"valueName\":\"search_term_string\"}}],\"inLanguage\":\"pt-BR\"},{\"@type\":\"Organization\",\"@id\":\"https:\\\/\\\/vanderloubet.com.br\\\/deputado\\\/#organization\",\"name\":\"Deputado Federal Vander Loubet\",\"alternateName\":\"Deputado Vander\",\"url\":\"https:\\\/\\\/vanderloubet.com.br\\\/deputado\\\/\",\"logo\":{\"@type\":\"ImageObject\",\"inLanguage\":\"pt-BR\",\"@id\":\"https:\\\/\\\/vanderloubet.com.br\\\/deputado\\\/#\\\/schema\\\/logo\\\/image\\\/\",\"url\":\"https:\\\/\\\/vanderloubet.com.br\\\/deputado\\\/wp-content\\\/uploads\\\/2023\\\/06\\\/foto-2023-06-19-mandato-deputado-vander.jpg\",\"contentUrl\":\"https:\\\/\\\/vanderloubet.com.br\\\/deputado\\\/wp-content\\\/uploads\\\/2023\\\/06\\\/foto-2023-06-19-mandato-deputado-vander.jpg\",\"width\":1080,\"height\":1080,\"caption\":\"Deputado Federal Vander Loubet\"},\"image\":{\"@id\":\"https:\\\/\\\/vanderloubet.com.br\\\/deputado\\\/#\\\/schema\\\/logo\\\/image\\\/\"},\"sameAs\":[\"https:\\\/\\\/facebook.com\\\/deputadovander\",\"https:\\\/\\\/x.com\\\/vanderloubet\",\"https:\\\/\\\/instagram.com\\\/vanderloubet\",\"https:\\\/\\\/youtube.com\\\/vanderloubet\",\"https:\\\/\\\/tiktok.com\\\/@vanderloubetms\"]},{\"@type\":\"Person\",\"@id\":\"https:\\\/\\\/vanderloubet.com.br\\\/deputado\\\/#\\\/schema\\\/person\\\/15b51bd564532a8a68d9dec1b8eb890e\",\"name\":\"\u00c9der\",\"image\":{\"@type\":\"ImageObject\",\"inLanguage\":\"pt-BR\",\"@id\":\"https:\\\/\\\/vanderloubet.com.br\\\/deputado\\\/wp-content\\\/litespeed\\\/avatar\\\/88ca4090d9d5ab1c9495f6ca03b68efa.jpg?ver=1777058957\",\"url\":\"https:\\\/\\\/vanderloubet.com.br\\\/deputado\\\/wp-content\\\/litespeed\\\/avatar\\\/88ca4090d9d5ab1c9495f6ca03b68efa.jpg?ver=1777058957\",\"contentUrl\":\"https:\\\/\\\/vanderloubet.com.br\\\/deputado\\\/wp-content\\\/litespeed\\\/avatar\\\/88ca4090d9d5ab1c9495f6ca03b68efa.jpg?ver=1777058957\",\"caption\":\"\u00c9der\"}}]}<\/script>\n<!-- \/ Yoast SEO plugin. -->","yoast_head_json":{"title":"Vander \u00e9 indicado pelo PT como titular em comiss\u00e3o da PEC 37","robots":{"index":"index","follow":"follow","max-snippet":"max-snippet:-1","max-image-preview":"max-image-preview:large","max-video-preview":"max-video-preview:-1"},"canonical":"https:\/\/vanderloubet.com.br\/deputado\/vander-e-indicado-pelo-pt-como-titular-em-comissao-especial\/","og_locale":"pt_BR","og_type":"article","og_title":"Vander \u00e9 indicado pelo PT como titular em comiss\u00e3o da PEC 37","og_description":"A proposta estabelece que apura\u00e7\u00e3o de infra\u00e7\u00f5es penais ser\u00e1 compet\u00eancia privativa das pol\u00edcias Federal e Civil.","og_url":"https:\/\/vanderloubet.com.br\/deputado\/vander-e-indicado-pelo-pt-como-titular-em-comissao-especial\/","og_site_name":"Deputado Federal Vander Loubet","article_publisher":"https:\/\/facebook.com\/deputadovander","article_published_time":"2012-04-10T21:33:53+00:00","og_image":[{"url":"http:\/\/www.deputadovander.com.br\/website\/wp-content\/uploads\/2010\/03\/foto-2010-03-02-discurso-brasilia1-400x300.jpg","type":"","width":"","height":""}],"author":"\u00c9der","twitter_card":"summary_large_image","twitter_creator":"@vanderloubet","twitter_site":"@vanderloubet","schema":{"@context":"https:\/\/schema.org","@graph":[{"@type":"Article","@id":"https:\/\/vanderloubet.com.br\/deputado\/vander-e-indicado-pelo-pt-como-titular-em-comissao-especial\/#article","isPartOf":{"@id":"https:\/\/vanderloubet.com.br\/deputado\/vander-e-indicado-pelo-pt-como-titular-em-comissao-especial\/"},"author":{"name":"\u00c9der","@id":"https:\/\/vanderloubet.com.br\/deputado\/#\/schema\/person\/15b51bd564532a8a68d9dec1b8eb890e"},"headline":"Vander \u00e9 indicado pelo PT como titular em comiss\u00e3o da PEC 37","datePublished":"2012-04-10T21:33:53+00:00","mainEntityOfPage":{"@id":"https:\/\/vanderloubet.com.br\/deputado\/vander-e-indicado-pelo-pt-como-titular-em-comissao-especial\/"},"wordCount":263,"publisher":{"@id":"https:\/\/vanderloubet.com.br\/deputado\/#organization"},"image":{"@id":"https:\/\/vanderloubet.com.br\/deputado\/vander-e-indicado-pelo-pt-como-titular-em-comissao-especial\/#primaryimage"},"thumbnailUrl":"http:\/\/www.deputadovander.com.br\/website\/wp-content\/uploads\/2010\/03\/foto-2010-03-02-discurso-brasilia1-400x300.jpg","keywords":["37","beto","deputado","faro","federal","jilmar","jos\u00e9","loubet","lourival","mendes","mentor","minist\u00e9rio","MS","pec","pol\u00edcia","PT","p\u00fablico","siraque","sp","tatto","vander","vanderlei"],"articleSection":["Not\u00edcias"],"inLanguage":"pt-BR"},{"@type":"WebPage","@id":"https:\/\/vanderloubet.com.br\/deputado\/vander-e-indicado-pelo-pt-como-titular-em-comissao-especial\/","url":"https:\/\/vanderloubet.com.br\/deputado\/vander-e-indicado-pelo-pt-como-titular-em-comissao-especial\/","name":"Vander \u00e9 indicado pelo PT como titular em comiss\u00e3o da PEC 37","isPartOf":{"@id":"https:\/\/vanderloubet.com.br\/deputado\/#website"},"primaryImageOfPage":{"@id":"https:\/\/vanderloubet.com.br\/deputado\/vander-e-indicado-pelo-pt-como-titular-em-comissao-especial\/#primaryimage"},"image":{"@id":"https:\/\/vanderloubet.com.br\/deputado\/vander-e-indicado-pelo-pt-como-titular-em-comissao-especial\/#primaryimage"},"thumbnailUrl":"http:\/\/www.deputadovander.com.br\/website\/wp-content\/uploads\/2010\/03\/foto-2010-03-02-discurso-brasilia1-400x300.jpg","datePublished":"2012-04-10T21:33:53+00:00","breadcrumb":{"@id":"https:\/\/vanderloubet.com.br\/deputado\/vander-e-indicado-pelo-pt-como-titular-em-comissao-especial\/#breadcrumb"},"inLanguage":"pt-BR","potentialAction":[{"@type":"ReadAction","target":["https:\/\/vanderloubet.com.br\/deputado\/vander-e-indicado-pelo-pt-como-titular-em-comissao-especial\/"]}]},{"@type":"ImageObject","inLanguage":"pt-BR","@id":"https:\/\/vanderloubet.com.br\/deputado\/vander-e-indicado-pelo-pt-como-titular-em-comissao-especial\/#primaryimage","url":"http:\/\/www.deputadovander.com.br\/website\/wp-content\/uploads\/2010\/03\/foto-2010-03-02-discurso-brasilia1-400x300.jpg","contentUrl":"http:\/\/www.deputadovander.com.br\/website\/wp-content\/uploads\/2010\/03\/foto-2010-03-02-discurso-brasilia1-400x300.jpg"},{"@type":"BreadcrumbList","@id":"https:\/\/vanderloubet.com.br\/deputado\/vander-e-indicado-pelo-pt-como-titular-em-comissao-especial\/#breadcrumb","itemListElement":[{"@type":"ListItem","position":1,"name":"In\u00edcio","item":"https:\/\/vanderloubet.com.br\/deputado\/"},{"@type":"ListItem","position":2,"name":"Vander \u00e9 indicado pelo PT como titular em comiss\u00e3o da PEC 37"}]},{"@type":"WebSite","@id":"https:\/\/vanderloubet.com.br\/deputado\/#website","url":"https:\/\/vanderloubet.com.br\/deputado\/","name":"Deputado Federal Vander Loubet","description":"O Federal de MS","publisher":{"@id":"https:\/\/vanderloubet.com.br\/deputado\/#organization"},"alternateName":"Deputado Vander","potentialAction":[{"@type":"SearchAction","target":{"@type":"EntryPoint","urlTemplate":"https:\/\/vanderloubet.com.br\/deputado\/?s={search_term_string}"},"query-input":{"@type":"PropertyValueSpecification","valueRequired":true,"valueName":"search_term_string"}}],"inLanguage":"pt-BR"},{"@type":"Organization","@id":"https:\/\/vanderloubet.com.br\/deputado\/#organization","name":"Deputado Federal Vander Loubet","alternateName":"Deputado Vander","url":"https:\/\/vanderloubet.com.br\/deputado\/","logo":{"@type":"ImageObject","inLanguage":"pt-BR","@id":"https:\/\/vanderloubet.com.br\/deputado\/#\/schema\/logo\/image\/","url":"https:\/\/vanderloubet.com.br\/deputado\/wp-content\/uploads\/2023\/06\/foto-2023-06-19-mandato-deputado-vander.jpg","contentUrl":"https:\/\/vanderloubet.com.br\/deputado\/wp-content\/uploads\/2023\/06\/foto-2023-06-19-mandato-deputado-vander.jpg","width":1080,"height":1080,"caption":"Deputado Federal Vander Loubet"},"image":{"@id":"https:\/\/vanderloubet.com.br\/deputado\/#\/schema\/logo\/image\/"},"sameAs":["https:\/\/facebook.com\/deputadovander","https:\/\/x.com\/vanderloubet","https:\/\/instagram.com\/vanderloubet","https:\/\/youtube.com\/vanderloubet","https:\/\/tiktok.com\/@vanderloubetms"]},{"@type":"Person","@id":"https:\/\/vanderloubet.com.br\/deputado\/#\/schema\/person\/15b51bd564532a8a68d9dec1b8eb890e","name":"\u00c9der","image":{"@type":"ImageObject","inLanguage":"pt-BR","@id":"https:\/\/vanderloubet.com.br\/deputado\/wp-content\/litespeed\/avatar\/88ca4090d9d5ab1c9495f6ca03b68efa.jpg?ver=1777058957","url":"https:\/\/vanderloubet.com.br\/deputado\/wp-content\/litespeed\/avatar\/88ca4090d9d5ab1c9495f6ca03b68efa.jpg?ver=1777058957","contentUrl":"https:\/\/vanderloubet.com.br\/deputado\/wp-content\/litespeed\/avatar\/88ca4090d9d5ab1c9495f6ca03b68efa.jpg?ver=1777058957","caption":"\u00c9der"}}]}},"jetpack_featured_media_url":"","jetpack_sharing_enabled":true,"_links":{"self":[{"href":"https:\/\/vanderloubet.com.br\/deputado\/wp-json\/wp\/v2\/posts\/4885","targetHints":{"allow":["GET"]}}],"collection":[{"href":"https:\/\/vanderloubet.com.br\/deputado\/wp-json\/wp\/v2\/posts"}],"about":[{"href":"https:\/\/vanderloubet.com.br\/deputado\/wp-json\/wp\/v2\/types\/post"}],"author":[{"embeddable":true,"href":"https:\/\/vanderloubet.com.br\/deputado\/wp-json\/wp\/v2\/users\/2"}],"replies":[{"embeddable":true,"href":"https:\/\/vanderloubet.com.br\/deputado\/wp-json\/wp\/v2\/comments?post=4885"}],"version-history":[{"count":0,"href":"https:\/\/vanderloubet.com.br\/deputado\/wp-json\/wp\/v2\/posts\/4885\/revisions"}],"wp:attachment":[{"href":"https:\/\/vanderloubet.com.br\/deputado\/wp-json\/wp\/v2\/media?parent=4885"}],"wp:term":[{"taxonomy":"category","embeddable":true,"href":"https:\/\/vanderloubet.com.br\/deputado\/wp-json\/wp\/v2\/categories?post=4885"},{"taxonomy":"post_tag","embeddable":true,"href":"https:\/\/vanderloubet.com.br\/deputado\/wp-json\/wp\/v2\/tags?post=4885"}],"curies":[{"name":"wp","href":"https:\/\/api.w.org\/{rel}","templated":true}]}}