{"id":4850,"date":"2012-04-07T09:41:43","date_gmt":"2012-04-07T13:41:43","guid":{"rendered":"http:\/\/www.deputadovander.com.br\/website\/?p=4850"},"modified":"2012-04-07T09:41:43","modified_gmt":"2012-04-07T13:41:43","slug":"com-apoio-de-vander-pesca-libera-mais-r-14-milhao-para-dois-irmaos-do-buriti","status":"publish","type":"post","link":"https:\/\/vanderloubet.com.br\/deputado\/com-apoio-de-vander-pesca-libera-mais-r-14-milhao-para-dois-irmaos-do-buriti\/","title":{"rendered":"Com apoio de Vander, Pesca libera mais R$ 1,4 milh\u00e3o para Dois Irm\u00e3os do Buriti"},"content":{"rendered":"<figure id=\"attachment_4853\" aria-describedby=\"caption-attachment-4853\" style=\"width: 400px\" class=\"wp-caption aligncenter\"><a href=\"http:\/\/www.deputadovander.com.br\/website\/wp-content\/uploads\/2012\/04\/foto-2012-04-07-frigorifico-pescado-dois-irmaos-buriti.jpg\" target=\"_blank\"><img decoding=\"async\" class=\"size-medium wp-image-4853  \" title=\"foto-2012-04-07-frigorifico-pescado-dois-irmaos-buriti\" src=\"http:\/\/www.deputadovander.com.br\/website\/wp-content\/uploads\/2012\/04\/foto-2012-04-07-frigorifico-pescado-dois-irmaos-buriti-400x266.jpg\" alt=\"Frigor\u00edfico de pescado em Dois Irm\u00e3os do Buriti (foto: Ernesto Franco)\" width=\"400\" height=\"266\" \/><\/a><figcaption id=\"caption-attachment-4853\" class=\"wp-caption-text\">Frigor\u00edfico de pescado em Dois Irm\u00e3os do Buriti (foto: Ernesto Franco)<\/figcaption><\/figure>\n<p>Em visita a Dois Irm\u00e3os do Buriti, no final da manh\u00e3 da \u00faltima quinta-feira (5), o ministro da Pesca e Aquicultura, Marcelo Crivella, e o deputado federal Vander Loubet (PT-MS) participaram de um ato para a libera\u00e7\u00e3o de R$ 1,4 milh\u00e3o para obras e equipamentos do frigor\u00edfico de pescado em constru\u00e7\u00e3o no munic\u00edpio. Somando-se o valor liberado anteriormente para iniciar as obras (R$ 900 mil), o investimento viabilizado por Vander chega a R$ 2,3 milh\u00f5es.<\/p>\n<p>Participaram do ato o prefeito Wlademir de Souza Volk (PT) &#8211; o Jap\u00e3o -, o deputado federal Antonio Carlos Biffi (PT-MS), o ex governador Zeca do PT e vereadores do munic\u00edpio. Cerca de 300 pessoas da comunidade tamb\u00e9m marcaram presen\u00e7a.<\/p>\n<p>Wlademir ressaltou a import\u00e2ncia dos recursos para a economia da regi\u00e3o e a esperan\u00e7a de que com a diversifica\u00e7\u00e3o venha o desenvolvimento para o munic\u00edpio. &#8220;Agrade\u00e7o o empenho e dedica\u00e7\u00e3o do Vander para obten\u00e7\u00e3o desses recursos. Sua interven\u00e7\u00e3o ajudou o andamento do conv\u00eanio com o Minist\u00e9rio&#8221;, declarou o prefeito.<\/p>\n<figure id=\"attachment_4851\" aria-describedby=\"caption-attachment-4851\" style=\"width: 400px\" class=\"wp-caption aligncenter\"><a href=\"http:\/\/www.deputadovander.com.br\/website\/wp-content\/uploads\/2012\/04\/foto-2012-04-07-ato-frigorifico-dois-irmaos-buriti.jpg\" target=\"_blank\"><img decoding=\"async\" class=\"size-medium wp-image-4851 \" title=\"foto-2012-04-07-ato-frigorifico-dois-irmaos-buriti\" src=\"http:\/\/www.deputadovander.com.br\/website\/wp-content\/uploads\/2012\/04\/foto-2012-04-07-ato-frigorifico-dois-irmaos-buriti-400x266.jpg\" alt=\"Prefeito Jap\u00e3o discursa, observado por Vander e Crivella (foto: Ernesto Franco)\" width=\"400\" height=\"266\" \/><\/a><figcaption id=\"caption-attachment-4851\" class=\"wp-caption-text\">Prefeito Jap\u00e3o discursa, observado por Vander e Crivella (foto: Ernesto Franco)<\/figcaption><\/figure>\n<p>Para o deputado Vander, \u00e9 gratificante poder participar do desenvolvimento de Dois Irm\u00e3os do Buriti e da pr\u00f3pria piscicultura no estado. &#8220;Creio que haver\u00e1 um grande impulso na atividade, pois o frigor\u00edfico representa muito para a agricultura familiar&#8221;, afirmou.<\/p>\n<p>Com os investimentos, o frigor\u00edfico deve aumentar sua capacidade de processamento dos atuais 1.500 quilos de pescado por dia para 5 mil quilos\/dia. Vander ainda lembrou que a regi\u00e3o tem um potencial de 500 hectares de l\u00e2mina d&#8217;\u00e1gua para a cria\u00e7\u00e3o de peixes em cativeiro e que futuramente poder\u00e1 chegar a um abate de 10 mil quilos\/dia.<\/p>\n<p>O ministro Marcelo Crivella teceu elogios ao deputado Vander lembrando que o parlamentar foi um dos primeiros deputados a bater a porta do Minist\u00e9rio para a obten\u00e7\u00e3o de verbas. &#8220;A popula\u00e7\u00e3o de Mato Grosso do Sul deve se orgulhar deste deputado, que \u00e9 um gladiador na luta pelos interesses do estado&#8221;, declarou.<\/p>\n<p><span style=\"font-size: 11px;\">(Rafael Jasovich e \u00c9der Yanaguita &#8211; Assessoria\/Deputado Vander)<\/span><\/p>\n","protected":false},"excerpt":{"rendered":"<p>Recurso ser\u00e1 aplicado em obras e equipamentos do frigor\u00edfico de pescado que est\u00e1 em constru\u00e7\u00e3o no munic\u00edpio.<\/p>\n","protected":false},"author":2,"featured_media":0,"comment_status":"closed","ping_status":"open","sticky":false,"template":"","format":"standard","meta":{"jetpack_post_was_ever_published":false,"_jetpack_newsletter_access":"","_jetpack_dont_email_post_to_subs":false,"_jetpack_newsletter_tier_id":0,"_jetpack_memberships_contains_paywalled_content":false,"_jetpack_memberships_contains_paid_content":false,"footnotes":""},"categories":[10],"tags":[310,520,556,608,662,807,879,1043,1060,1178,1305,1333,1336,1536,1537,1607,1655,2033,2082],"class_list":{"0":"post-4850","1":"post","2":"type-post","3":"status-publish","4":"format-standard","6":"category-noticias","7":"tag-buriti","8":"tag-convenio","9":"tag-crivella","10":"tag-deputado","11":"tag-dois","12":"tag-federal","13":"tag-frigorifico","14":"tag-irmaos","15":"tag-japao","16":"tag-loubet","17":"tag-ministro","18":"tag-mpa","19":"tag-ms","20":"tag-pesca","21":"tag-pescado","22":"tag-prefeito","23":"tag-pt","24":"tag-vander","25":"tag-wlademir"},"yoast_head":"<!-- This site is optimized with the Yoast SEO plugin v27.4 - https:\/\/yoast.com\/product\/yoast-seo-wordpress\/ -->\n<title>Com apoio de Vander, Pesca libera mais R$ 1,4 milh\u00e3o para Dois Irm\u00e3os do Buriti<\/title>\n<meta name=\"robots\" content=\"index, follow, max-snippet:-1, max-image-preview:large, max-video-preview:-1\" \/>\n<link rel=\"canonical\" href=\"https:\/\/vanderloubet.com.br\/deputado\/com-apoio-de-vander-pesca-libera-mais-r-14-milhao-para-dois-irmaos-do-buriti\/\" \/>\n<meta property=\"og:locale\" content=\"pt_BR\" \/>\n<meta property=\"og:type\" content=\"article\" \/>\n<meta property=\"og:title\" content=\"Com apoio de Vander, Pesca libera mais R$ 1,4 milh\u00e3o para Dois Irm\u00e3os do Buriti\" \/>\n<meta property=\"og:description\" content=\"Recurso ser\u00e1 aplicado em obras e equipamentos do frigor\u00edfico de pescado que est\u00e1 em constru\u00e7\u00e3o no munic\u00edpio.\" \/>\n<meta property=\"og:url\" content=\"https:\/\/vanderloubet.com.br\/deputado\/com-apoio-de-vander-pesca-libera-mais-r-14-milhao-para-dois-irmaos-do-buriti\/\" \/>\n<meta property=\"og:site_name\" content=\"Deputado Federal Vander Loubet\" \/>\n<meta property=\"article:publisher\" content=\"https:\/\/facebook.com\/deputadovander\" \/>\n<meta property=\"article:published_time\" content=\"2012-04-07T13:41:43+00:00\" \/>\n<meta property=\"og:image\" content=\"http:\/\/www.deputadovander.com.br\/website\/wp-content\/uploads\/2012\/04\/foto-2012-04-07-frigorifico-pescado-dois-irmaos-buriti-400x266.jpg\" \/>\n<meta name=\"author\" content=\"\u00c9der\" \/>\n<meta name=\"twitter:card\" content=\"summary_large_image\" \/>\n<meta name=\"twitter:creator\" content=\"@vanderloubet\" \/>\n<meta name=\"twitter:site\" content=\"@vanderloubet\" \/>\n<script type=\"application\/ld+json\" class=\"yoast-schema-graph\">{\"@context\":\"https:\\\/\\\/schema.org\",\"@graph\":[{\"@type\":\"Article\",\"@id\":\"https:\\\/\\\/vanderloubet.com.br\\\/deputado\\\/com-apoio-de-vander-pesca-libera-mais-r-14-milhao-para-dois-irmaos-do-buriti\\\/#article\",\"isPartOf\":{\"@id\":\"https:\\\/\\\/vanderloubet.com.br\\\/deputado\\\/com-apoio-de-vander-pesca-libera-mais-r-14-milhao-para-dois-irmaos-do-buriti\\\/\"},\"author\":{\"name\":\"\u00c9der\",\"@id\":\"https:\\\/\\\/vanderloubet.com.br\\\/deputado\\\/#\\\/schema\\\/person\\\/15b51bd564532a8a68d9dec1b8eb890e\"},\"headline\":\"Com apoio de Vander, Pesca libera mais R$ 1,4 milh\u00e3o para Dois Irm\u00e3os do Buriti\",\"datePublished\":\"2012-04-07T13:41:43+00:00\",\"mainEntityOfPage\":{\"@id\":\"https:\\\/\\\/vanderloubet.com.br\\\/deputado\\\/com-apoio-de-vander-pesca-libera-mais-r-14-milhao-para-dois-irmaos-do-buriti\\\/\"},\"wordCount\":402,\"publisher\":{\"@id\":\"https:\\\/\\\/vanderloubet.com.br\\\/deputado\\\/#organization\"},\"image\":{\"@id\":\"https:\\\/\\\/vanderloubet.com.br\\\/deputado\\\/com-apoio-de-vander-pesca-libera-mais-r-14-milhao-para-dois-irmaos-do-buriti\\\/#primaryimage\"},\"thumbnailUrl\":\"http:\\\/\\\/www.deputadovander.com.br\\\/website\\\/wp-content\\\/uploads\\\/2012\\\/04\\\/foto-2012-04-07-frigorifico-pescado-dois-irmaos-buriti-400x266.jpg\",\"keywords\":[\"buriti\",\"conv\u00eanio\",\"crivella\",\"deputado\",\"dois\",\"federal\",\"frigor\u00edfico\",\"irm\u00e3os\",\"jap\u00e3o\",\"loubet\",\"ministro\",\"mpa\",\"MS\",\"pesca\",\"pescado\",\"prefeito\",\"PT\",\"vander\",\"wlademir\"],\"articleSection\":[\"Not\u00edcias\"],\"inLanguage\":\"pt-BR\"},{\"@type\":\"WebPage\",\"@id\":\"https:\\\/\\\/vanderloubet.com.br\\\/deputado\\\/com-apoio-de-vander-pesca-libera-mais-r-14-milhao-para-dois-irmaos-do-buriti\\\/\",\"url\":\"https:\\\/\\\/vanderloubet.com.br\\\/deputado\\\/com-apoio-de-vander-pesca-libera-mais-r-14-milhao-para-dois-irmaos-do-buriti\\\/\",\"name\":\"Com apoio de Vander, Pesca libera mais R$ 1,4 milh\u00e3o para Dois Irm\u00e3os do Buriti\",\"isPartOf\":{\"@id\":\"https:\\\/\\\/vanderloubet.com.br\\\/deputado\\\/#website\"},\"primaryImageOfPage\":{\"@id\":\"https:\\\/\\\/vanderloubet.com.br\\\/deputado\\\/com-apoio-de-vander-pesca-libera-mais-r-14-milhao-para-dois-irmaos-do-buriti\\\/#primaryimage\"},\"image\":{\"@id\":\"https:\\\/\\\/vanderloubet.com.br\\\/deputado\\\/com-apoio-de-vander-pesca-libera-mais-r-14-milhao-para-dois-irmaos-do-buriti\\\/#primaryimage\"},\"thumbnailUrl\":\"http:\\\/\\\/www.deputadovander.com.br\\\/website\\\/wp-content\\\/uploads\\\/2012\\\/04\\\/foto-2012-04-07-frigorifico-pescado-dois-irmaos-buriti-400x266.jpg\",\"datePublished\":\"2012-04-07T13:41:43+00:00\",\"breadcrumb\":{\"@id\":\"https:\\\/\\\/vanderloubet.com.br\\\/deputado\\\/com-apoio-de-vander-pesca-libera-mais-r-14-milhao-para-dois-irmaos-do-buriti\\\/#breadcrumb\"},\"inLanguage\":\"pt-BR\",\"potentialAction\":[{\"@type\":\"ReadAction\",\"target\":[\"https:\\\/\\\/vanderloubet.com.br\\\/deputado\\\/com-apoio-de-vander-pesca-libera-mais-r-14-milhao-para-dois-irmaos-do-buriti\\\/\"]}]},{\"@type\":\"ImageObject\",\"inLanguage\":\"pt-BR\",\"@id\":\"https:\\\/\\\/vanderloubet.com.br\\\/deputado\\\/com-apoio-de-vander-pesca-libera-mais-r-14-milhao-para-dois-irmaos-do-buriti\\\/#primaryimage\",\"url\":\"http:\\\/\\\/www.deputadovander.com.br\\\/website\\\/wp-content\\\/uploads\\\/2012\\\/04\\\/foto-2012-04-07-frigorifico-pescado-dois-irmaos-buriti-400x266.jpg\",\"contentUrl\":\"http:\\\/\\\/www.deputadovander.com.br\\\/website\\\/wp-content\\\/uploads\\\/2012\\\/04\\\/foto-2012-04-07-frigorifico-pescado-dois-irmaos-buriti-400x266.jpg\"},{\"@type\":\"BreadcrumbList\",\"@id\":\"https:\\\/\\\/vanderloubet.com.br\\\/deputado\\\/com-apoio-de-vander-pesca-libera-mais-r-14-milhao-para-dois-irmaos-do-buriti\\\/#breadcrumb\",\"itemListElement\":[{\"@type\":\"ListItem\",\"position\":1,\"name\":\"In\u00edcio\",\"item\":\"https:\\\/\\\/vanderloubet.com.br\\\/deputado\\\/\"},{\"@type\":\"ListItem\",\"position\":2,\"name\":\"Com apoio de Vander, Pesca libera mais R$ 1,4 milh\u00e3o para Dois Irm\u00e3os do Buriti\"}]},{\"@type\":\"WebSite\",\"@id\":\"https:\\\/\\\/vanderloubet.com.br\\\/deputado\\\/#website\",\"url\":\"https:\\\/\\\/vanderloubet.com.br\\\/deputado\\\/\",\"name\":\"Deputado Federal Vander Loubet\",\"description\":\"O Federal de MS\",\"publisher\":{\"@id\":\"https:\\\/\\\/vanderloubet.com.br\\\/deputado\\\/#organization\"},\"alternateName\":\"Deputado Vander\",\"potentialAction\":[{\"@type\":\"SearchAction\",\"target\":{\"@type\":\"EntryPoint\",\"urlTemplate\":\"https:\\\/\\\/vanderloubet.com.br\\\/deputado\\\/?s={search_term_string}\"},\"query-input\":{\"@type\":\"PropertyValueSpecification\",\"valueRequired\":true,\"valueName\":\"search_term_string\"}}],\"inLanguage\":\"pt-BR\"},{\"@type\":\"Organization\",\"@id\":\"https:\\\/\\\/vanderloubet.com.br\\\/deputado\\\/#organization\",\"name\":\"Deputado Federal Vander Loubet\",\"alternateName\":\"Deputado Vander\",\"url\":\"https:\\\/\\\/vanderloubet.com.br\\\/deputado\\\/\",\"logo\":{\"@type\":\"ImageObject\",\"inLanguage\":\"pt-BR\",\"@id\":\"https:\\\/\\\/vanderloubet.com.br\\\/deputado\\\/#\\\/schema\\\/logo\\\/image\\\/\",\"url\":\"https:\\\/\\\/vanderloubet.com.br\\\/deputado\\\/wp-content\\\/uploads\\\/2023\\\/06\\\/foto-2023-06-19-mandato-deputado-vander.jpg\",\"contentUrl\":\"https:\\\/\\\/vanderloubet.com.br\\\/deputado\\\/wp-content\\\/uploads\\\/2023\\\/06\\\/foto-2023-06-19-mandato-deputado-vander.jpg\",\"width\":1080,\"height\":1080,\"caption\":\"Deputado Federal Vander Loubet\"},\"image\":{\"@id\":\"https:\\\/\\\/vanderloubet.com.br\\\/deputado\\\/#\\\/schema\\\/logo\\\/image\\\/\"},\"sameAs\":[\"https:\\\/\\\/facebook.com\\\/deputadovander\",\"https:\\\/\\\/x.com\\\/vanderloubet\",\"https:\\\/\\\/instagram.com\\\/vanderloubet\",\"https:\\\/\\\/youtube.com\\\/vanderloubet\",\"https:\\\/\\\/tiktok.com\\\/@vanderloubetms\"]},{\"@type\":\"Person\",\"@id\":\"https:\\\/\\\/vanderloubet.com.br\\\/deputado\\\/#\\\/schema\\\/person\\\/15b51bd564532a8a68d9dec1b8eb890e\",\"name\":\"\u00c9der\",\"image\":{\"@type\":\"ImageObject\",\"inLanguage\":\"pt-BR\",\"@id\":\"https:\\\/\\\/vanderloubet.com.br\\\/deputado\\\/wp-content\\\/litespeed\\\/avatar\\\/88ca4090d9d5ab1c9495f6ca03b68efa.jpg?ver=1777058957\",\"url\":\"https:\\\/\\\/vanderloubet.com.br\\\/deputado\\\/wp-content\\\/litespeed\\\/avatar\\\/88ca4090d9d5ab1c9495f6ca03b68efa.jpg?ver=1777058957\",\"contentUrl\":\"https:\\\/\\\/vanderloubet.com.br\\\/deputado\\\/wp-content\\\/litespeed\\\/avatar\\\/88ca4090d9d5ab1c9495f6ca03b68efa.jpg?ver=1777058957\",\"caption\":\"\u00c9der\"}}]}<\/script>\n<!-- \/ Yoast SEO plugin. -->","yoast_head_json":{"title":"Com apoio de Vander, Pesca libera mais R$ 1,4 milh\u00e3o para Dois Irm\u00e3os do Buriti","robots":{"index":"index","follow":"follow","max-snippet":"max-snippet:-1","max-image-preview":"max-image-preview:large","max-video-preview":"max-video-preview:-1"},"canonical":"https:\/\/vanderloubet.com.br\/deputado\/com-apoio-de-vander-pesca-libera-mais-r-14-milhao-para-dois-irmaos-do-buriti\/","og_locale":"pt_BR","og_type":"article","og_title":"Com apoio de Vander, Pesca libera mais R$ 1,4 milh\u00e3o para Dois Irm\u00e3os do Buriti","og_description":"Recurso ser\u00e1 aplicado em obras e equipamentos do frigor\u00edfico de pescado que est\u00e1 em constru\u00e7\u00e3o no munic\u00edpio.","og_url":"https:\/\/vanderloubet.com.br\/deputado\/com-apoio-de-vander-pesca-libera-mais-r-14-milhao-para-dois-irmaos-do-buriti\/","og_site_name":"Deputado Federal Vander Loubet","article_publisher":"https:\/\/facebook.com\/deputadovander","article_published_time":"2012-04-07T13:41:43+00:00","og_image":[{"url":"http:\/\/www.deputadovander.com.br\/website\/wp-content\/uploads\/2012\/04\/foto-2012-04-07-frigorifico-pescado-dois-irmaos-buriti-400x266.jpg","type":"","width":"","height":""}],"author":"\u00c9der","twitter_card":"summary_large_image","twitter_creator":"@vanderloubet","twitter_site":"@vanderloubet","schema":{"@context":"https:\/\/schema.org","@graph":[{"@type":"Article","@id":"https:\/\/vanderloubet.com.br\/deputado\/com-apoio-de-vander-pesca-libera-mais-r-14-milhao-para-dois-irmaos-do-buriti\/#article","isPartOf":{"@id":"https:\/\/vanderloubet.com.br\/deputado\/com-apoio-de-vander-pesca-libera-mais-r-14-milhao-para-dois-irmaos-do-buriti\/"},"author":{"name":"\u00c9der","@id":"https:\/\/vanderloubet.com.br\/deputado\/#\/schema\/person\/15b51bd564532a8a68d9dec1b8eb890e"},"headline":"Com apoio de Vander, Pesca libera mais R$ 1,4 milh\u00e3o para Dois Irm\u00e3os do Buriti","datePublished":"2012-04-07T13:41:43+00:00","mainEntityOfPage":{"@id":"https:\/\/vanderloubet.com.br\/deputado\/com-apoio-de-vander-pesca-libera-mais-r-14-milhao-para-dois-irmaos-do-buriti\/"},"wordCount":402,"publisher":{"@id":"https:\/\/vanderloubet.com.br\/deputado\/#organization"},"image":{"@id":"https:\/\/vanderloubet.com.br\/deputado\/com-apoio-de-vander-pesca-libera-mais-r-14-milhao-para-dois-irmaos-do-buriti\/#primaryimage"},"thumbnailUrl":"http:\/\/www.deputadovander.com.br\/website\/wp-content\/uploads\/2012\/04\/foto-2012-04-07-frigorifico-pescado-dois-irmaos-buriti-400x266.jpg","keywords":["buriti","conv\u00eanio","crivella","deputado","dois","federal","frigor\u00edfico","irm\u00e3os","jap\u00e3o","loubet","ministro","mpa","MS","pesca","pescado","prefeito","PT","vander","wlademir"],"articleSection":["Not\u00edcias"],"inLanguage":"pt-BR"},{"@type":"WebPage","@id":"https:\/\/vanderloubet.com.br\/deputado\/com-apoio-de-vander-pesca-libera-mais-r-14-milhao-para-dois-irmaos-do-buriti\/","url":"https:\/\/vanderloubet.com.br\/deputado\/com-apoio-de-vander-pesca-libera-mais-r-14-milhao-para-dois-irmaos-do-buriti\/","name":"Com apoio de Vander, Pesca libera mais R$ 1,4 milh\u00e3o para Dois Irm\u00e3os do Buriti","isPartOf":{"@id":"https:\/\/vanderloubet.com.br\/deputado\/#website"},"primaryImageOfPage":{"@id":"https:\/\/vanderloubet.com.br\/deputado\/com-apoio-de-vander-pesca-libera-mais-r-14-milhao-para-dois-irmaos-do-buriti\/#primaryimage"},"image":{"@id":"https:\/\/vanderloubet.com.br\/deputado\/com-apoio-de-vander-pesca-libera-mais-r-14-milhao-para-dois-irmaos-do-buriti\/#primaryimage"},"thumbnailUrl":"http:\/\/www.deputadovander.com.br\/website\/wp-content\/uploads\/2012\/04\/foto-2012-04-07-frigorifico-pescado-dois-irmaos-buriti-400x266.jpg","datePublished":"2012-04-07T13:41:43+00:00","breadcrumb":{"@id":"https:\/\/vanderloubet.com.br\/deputado\/com-apoio-de-vander-pesca-libera-mais-r-14-milhao-para-dois-irmaos-do-buriti\/#breadcrumb"},"inLanguage":"pt-BR","potentialAction":[{"@type":"ReadAction","target":["https:\/\/vanderloubet.com.br\/deputado\/com-apoio-de-vander-pesca-libera-mais-r-14-milhao-para-dois-irmaos-do-buriti\/"]}]},{"@type":"ImageObject","inLanguage":"pt-BR","@id":"https:\/\/vanderloubet.com.br\/deputado\/com-apoio-de-vander-pesca-libera-mais-r-14-milhao-para-dois-irmaos-do-buriti\/#primaryimage","url":"http:\/\/www.deputadovander.com.br\/website\/wp-content\/uploads\/2012\/04\/foto-2012-04-07-frigorifico-pescado-dois-irmaos-buriti-400x266.jpg","contentUrl":"http:\/\/www.deputadovander.com.br\/website\/wp-content\/uploads\/2012\/04\/foto-2012-04-07-frigorifico-pescado-dois-irmaos-buriti-400x266.jpg"},{"@type":"BreadcrumbList","@id":"https:\/\/vanderloubet.com.br\/deputado\/com-apoio-de-vander-pesca-libera-mais-r-14-milhao-para-dois-irmaos-do-buriti\/#breadcrumb","itemListElement":[{"@type":"ListItem","position":1,"name":"In\u00edcio","item":"https:\/\/vanderloubet.com.br\/deputado\/"},{"@type":"ListItem","position":2,"name":"Com apoio de Vander, Pesca libera mais R$ 1,4 milh\u00e3o para Dois Irm\u00e3os do Buriti"}]},{"@type":"WebSite","@id":"https:\/\/vanderloubet.com.br\/deputado\/#website","url":"https:\/\/vanderloubet.com.br\/deputado\/","name":"Deputado Federal Vander Loubet","description":"O Federal de MS","publisher":{"@id":"https:\/\/vanderloubet.com.br\/deputado\/#organization"},"alternateName":"Deputado Vander","potentialAction":[{"@type":"SearchAction","target":{"@type":"EntryPoint","urlTemplate":"https:\/\/vanderloubet.com.br\/deputado\/?s={search_term_string}"},"query-input":{"@type":"PropertyValueSpecification","valueRequired":true,"valueName":"search_term_string"}}],"inLanguage":"pt-BR"},{"@type":"Organization","@id":"https:\/\/vanderloubet.com.br\/deputado\/#organization","name":"Deputado Federal Vander Loubet","alternateName":"Deputado Vander","url":"https:\/\/vanderloubet.com.br\/deputado\/","logo":{"@type":"ImageObject","inLanguage":"pt-BR","@id":"https:\/\/vanderloubet.com.br\/deputado\/#\/schema\/logo\/image\/","url":"https:\/\/vanderloubet.com.br\/deputado\/wp-content\/uploads\/2023\/06\/foto-2023-06-19-mandato-deputado-vander.jpg","contentUrl":"https:\/\/vanderloubet.com.br\/deputado\/wp-content\/uploads\/2023\/06\/foto-2023-06-19-mandato-deputado-vander.jpg","width":1080,"height":1080,"caption":"Deputado Federal Vander Loubet"},"image":{"@id":"https:\/\/vanderloubet.com.br\/deputado\/#\/schema\/logo\/image\/"},"sameAs":["https:\/\/facebook.com\/deputadovander","https:\/\/x.com\/vanderloubet","https:\/\/instagram.com\/vanderloubet","https:\/\/youtube.com\/vanderloubet","https:\/\/tiktok.com\/@vanderloubetms"]},{"@type":"Person","@id":"https:\/\/vanderloubet.com.br\/deputado\/#\/schema\/person\/15b51bd564532a8a68d9dec1b8eb890e","name":"\u00c9der","image":{"@type":"ImageObject","inLanguage":"pt-BR","@id":"https:\/\/vanderloubet.com.br\/deputado\/wp-content\/litespeed\/avatar\/88ca4090d9d5ab1c9495f6ca03b68efa.jpg?ver=1777058957","url":"https:\/\/vanderloubet.com.br\/deputado\/wp-content\/litespeed\/avatar\/88ca4090d9d5ab1c9495f6ca03b68efa.jpg?ver=1777058957","contentUrl":"https:\/\/vanderloubet.com.br\/deputado\/wp-content\/litespeed\/avatar\/88ca4090d9d5ab1c9495f6ca03b68efa.jpg?ver=1777058957","caption":"\u00c9der"}}]}},"jetpack_featured_media_url":"","jetpack_sharing_enabled":true,"_links":{"self":[{"href":"https:\/\/vanderloubet.com.br\/deputado\/wp-json\/wp\/v2\/posts\/4850","targetHints":{"allow":["GET"]}}],"collection":[{"href":"https:\/\/vanderloubet.com.br\/deputado\/wp-json\/wp\/v2\/posts"}],"about":[{"href":"https:\/\/vanderloubet.com.br\/deputado\/wp-json\/wp\/v2\/types\/post"}],"author":[{"embeddable":true,"href":"https:\/\/vanderloubet.com.br\/deputado\/wp-json\/wp\/v2\/users\/2"}],"replies":[{"embeddable":true,"href":"https:\/\/vanderloubet.com.br\/deputado\/wp-json\/wp\/v2\/comments?post=4850"}],"version-history":[{"count":0,"href":"https:\/\/vanderloubet.com.br\/deputado\/wp-json\/wp\/v2\/posts\/4850\/revisions"}],"wp:attachment":[{"href":"https:\/\/vanderloubet.com.br\/deputado\/wp-json\/wp\/v2\/media?parent=4850"}],"wp:term":[{"taxonomy":"category","embeddable":true,"href":"https:\/\/vanderloubet.com.br\/deputado\/wp-json\/wp\/v2\/categories?post=4850"},{"taxonomy":"post_tag","embeddable":true,"href":"https:\/\/vanderloubet.com.br\/deputado\/wp-json\/wp\/v2\/tags?post=4850"}],"curies":[{"name":"wp","href":"https:\/\/api.w.org\/{rel}","templated":true}]}}