{"id":4813,"date":"2012-04-04T15:08:45","date_gmt":"2012-04-04T19:08:45","guid":{"rendered":"http:\/\/www.deputadovander.com.br\/website\/?p=4813"},"modified":"2012-04-04T15:08:45","modified_gmt":"2012-04-04T19:08:45","slug":"ministra-gleisi-afirma-a-vander-que-vai-liberar-recursos-do-pro-transporte","status":"publish","type":"post","link":"https:\/\/vanderloubet.com.br\/deputado\/ministra-gleisi-afirma-a-vander-que-vai-liberar-recursos-do-pro-transporte\/","title":{"rendered":"Ministra Gleisi afirma a Vander que vai liberar recursos do Pr\u00f3-Transporte"},"content":{"rendered":"<figure id=\"attachment_4816\" aria-describedby=\"caption-attachment-4816\" style=\"width: 400px\" class=\"wp-caption aligncenter\"><a href=\"http:\/\/www.deputadovander.com.br\/website\/wp-content\/uploads\/2012\/04\/foto-2012-04-04-vander-delcidio-gleisi-ideli-920x470.jpg\" target=\"_blank\"><img decoding=\"async\" class=\"size-medium wp-image-4816 \" title=\"foto-2012-04-04-vander-delcidio-gleisi-ideli-920x470\" src=\"http:\/\/www.deputadovander.com.br\/website\/wp-content\/uploads\/2012\/04\/foto-2012-04-04-vander-delcidio-gleisi-ideli-920x470-400x204.jpg\" alt=\"Vander, Delc\u00eddio, Gleisi e Ideli reunidos na Casa Civil da Presid\u00eancia\" width=\"400\" height=\"204\" \/><\/a><figcaption id=\"caption-attachment-4816\" class=\"wp-caption-text\">Vander, Delc\u00eddio, Gleisi e Ideli reunidos na Casa Civil da Presid\u00eancia<\/figcaption><\/figure>\n<p>O deputado federal Vander Loubet (PT-MS) e o senador Delc\u00eddio do Amaral (PT-MS) foram recebidos ontem (3) em audi\u00eancia no Pal\u00e1cio do Planalto pela ministra-chefe da Casa Civil da Presid\u00eancia da Rep\u00fablica, Gleisi Hoffmann, e pela ministra de Rela\u00e7\u00f5es Institucionais, Ideli Salvatti, para tratar da libera\u00e7\u00e3o de emendas parlamentares e recursos para os munic\u00edpios relativas a 2009 e 2010 e que at\u00e9 agora n\u00e3o foram empenhadas pelo governo.<\/p>\n<p>&#8220;Nossa maior preocupa\u00e7\u00e3o \u00e9 garantir a libera\u00e7\u00e3o desses recursos para que as prefeituras fa\u00e7am suas licita\u00e7\u00f5es e possam come\u00e7ar as obras antes do per\u00edodo eleitoral. Ou seja, as emendas e investimentos precisam ser empenhados at\u00e9 no m\u00e1ximo o m\u00eas de maio&#8221;, afirmou Vander.<\/p>\n<p>Um dos assuntos abordados pelo deputado com Gleisi foi a libera\u00e7\u00e3o dos recursos do Programa Pr\u00f3-Transporte para os munic\u00edpios de Nova Alvorada do Sul (R$ 15,9 milh\u00f5es) e Amambai (R$ 6,9 milh\u00f5es). Vander pediu celeridade ao processo tendo em vista que a verba n\u00e3o causar\u00e1 impacto no or\u00e7amento da Uni\u00e3o, j\u00e1 que se trata de uma linha de cr\u00e9dito da Caixa Econ\u00f4mica Federal (CEF) para as Prefeituras. &#8220;O Pr\u00f3-Tranporte n\u00e3o \u00e9 recurso a fundo perdido. \u00c9 uma forma pr\u00e1tica de captar investimento para grandes obras e que n\u00e3o pesa nas contas municipais, pois o prazo para quitar o financiamento \u00e9 de 30 anos e os juros s\u00e3o m\u00ednimos&#8221;, explicou.<\/p>\n<figure id=\"attachment_4814\" aria-describedby=\"caption-attachment-4814\" style=\"width: 400px\" class=\"wp-caption aligncenter\"><a href=\"http:\/\/www.deputadovander.com.br\/website\/wp-content\/uploads\/2012\/04\/foto-2012-04-04-vander-arlei-gleisi-delcidio-920x540.jpg\" target=\"_blank\"><img decoding=\"async\" class=\"size-medium wp-image-4814 \" title=\"foto-2012-04-04-vander-arlei-gleisi-delcidio-920x540\" src=\"http:\/\/www.deputadovander.com.br\/website\/wp-content\/uploads\/2012\/04\/foto-2012-04-04-vander-arlei-gleisi-delcidio-920x540-400x234.jpg\" alt=\"Entre Vander e Gleisi, Arlei comemorou recursos para Nova Alvorada do Sul\" width=\"400\" height=\"234\" \/><\/a><figcaption id=\"caption-attachment-4814\" class=\"wp-caption-text\">Entre Vander e Gleisi, Arlei comemorou recursos para Nova Alvorada do Sul<\/figcaption><\/figure>\n<p>\u00c0 Vander, a ministra Gleisi disse que vai providenciar junto ao Minist\u00e9rio das Cidades a libera\u00e7\u00e3o dos recursos &#8211; investimentos que devem ser aplicados em obras para melhorar o tr\u00e2nsito para ve\u00edculos e pessoas, a acessibilidade e os transportes coletivos urbanos, como pavimenta\u00e7\u00e3o asf\u00e1ltica e drenagem, contru\u00e7\u00e3o de ciclovias, instala\u00e7\u00e3o de pontos de \u00f4nibus com cobertura, constru\u00e7\u00e3o de cal\u00e7adas e sinaliza\u00e7\u00e3o de vias p\u00fablicas. Gleisi informou ainda que deve se reunir em breve com o ministro das Cidades, Aguinaldo Ribeiro, para avaliar a libera\u00e7\u00e3o do Pr\u00f3-Transporte para os demais munic\u00edpios de Mato Grosso do Sul que pleiteiam essa linha de cr\u00e9dito, caso de Maracaju, Bataguassu, Iguatemi, Mundo Novo e Dourados.<\/p>\n<p><span style=\"font-size: 11px;\">(\u00c9der Yanaguita &#8211; Assessoria\/Deputado Vander, com informa\u00e7\u00f5es da Assessoria\/Delc\u00eddio)<\/span><\/p>\n","protected":false},"excerpt":{"rendered":"<p>Em reuni\u00e3o com ministra da Casa Civil, deputado pediu celeridade na libera\u00e7\u00e3o de recursos para Nova Alvorada do Sul e Amambai.<\/p>\n","protected":false},"author":2,"featured_media":0,"comment_status":"closed","ping_status":"open","sticky":false,"template":"","format":"standard","meta":{"jetpack_post_was_ever_published":false,"_jetpack_newsletter_access":"","_jetpack_dont_email_post_to_subs":false,"_jetpack_newsletter_tier_id":0,"_jetpack_memberships_contains_paywalled_content":false,"_jetpack_memberships_contains_paid_content":false,"footnotes":""},"categories":[10],"tags":[112,114,175,375,451,590,608,807,922,967,984,1178,1304,1336,1400,1607,1612,1620,1655,1778,1823,1902,1972,2033],"class_list":{"0":"post-4813","1":"post","2":"type-post","3":"status-publish","4":"format-standard","6":"category-noticias","7":"tag-alvorada","8":"tag-amambai","9":"tag-arlei","10":"tag-casa","11":"tag-civil","12":"tag-delcidio","13":"tag-deputado","14":"tag-federal","15":"tag-gleisi","16":"tag-hoffmann","17":"tag-ideli","18":"tag-loubet","19":"tag-ministra","20":"tag-ms","21":"tag-nova","22":"tag-prefeito","23":"tag-presidencia","24":"tag-pro","25":"tag-pt","26":"tag-salvatti","27":"tag-senador","28":"tag-sul","29":"tag-transporte","30":"tag-vander"},"yoast_head":"<!-- This site is optimized with the Yoast SEO plugin v27.4 - https:\/\/yoast.com\/product\/yoast-seo-wordpress\/ -->\n<title>Ministra Gleisi afirma a Vander que vai liberar recursos do Pr\u00f3-Transporte<\/title>\n<meta name=\"robots\" content=\"index, follow, max-snippet:-1, max-image-preview:large, max-video-preview:-1\" \/>\n<link rel=\"canonical\" href=\"https:\/\/vanderloubet.com.br\/deputado\/ministra-gleisi-afirma-a-vander-que-vai-liberar-recursos-do-pro-transporte\/\" \/>\n<meta property=\"og:locale\" content=\"pt_BR\" \/>\n<meta property=\"og:type\" content=\"article\" \/>\n<meta property=\"og:title\" content=\"Ministra Gleisi afirma a Vander que vai liberar recursos do Pr\u00f3-Transporte\" \/>\n<meta property=\"og:description\" content=\"Em reuni\u00e3o com ministra da Casa Civil, deputado pediu celeridade na libera\u00e7\u00e3o de recursos para Nova Alvorada do Sul e Amambai.\" \/>\n<meta property=\"og:url\" content=\"https:\/\/vanderloubet.com.br\/deputado\/ministra-gleisi-afirma-a-vander-que-vai-liberar-recursos-do-pro-transporte\/\" \/>\n<meta property=\"og:site_name\" content=\"Deputado Federal Vander Loubet\" \/>\n<meta property=\"article:publisher\" content=\"https:\/\/facebook.com\/deputadovander\" \/>\n<meta property=\"article:published_time\" content=\"2012-04-04T19:08:45+00:00\" \/>\n<meta property=\"og:image\" content=\"http:\/\/www.deputadovander.com.br\/website\/wp-content\/uploads\/2012\/04\/foto-2012-04-04-vander-delcidio-gleisi-ideli-920x470-400x204.jpg\" \/>\n<meta name=\"author\" content=\"\u00c9der\" \/>\n<meta name=\"twitter:card\" content=\"summary_large_image\" \/>\n<meta name=\"twitter:creator\" content=\"@vanderloubet\" \/>\n<meta name=\"twitter:site\" content=\"@vanderloubet\" \/>\n<script type=\"application\/ld+json\" class=\"yoast-schema-graph\">{\"@context\":\"https:\\\/\\\/schema.org\",\"@graph\":[{\"@type\":\"Article\",\"@id\":\"https:\\\/\\\/vanderloubet.com.br\\\/deputado\\\/ministra-gleisi-afirma-a-vander-que-vai-liberar-recursos-do-pro-transporte\\\/#article\",\"isPartOf\":{\"@id\":\"https:\\\/\\\/vanderloubet.com.br\\\/deputado\\\/ministra-gleisi-afirma-a-vander-que-vai-liberar-recursos-do-pro-transporte\\\/\"},\"author\":{\"name\":\"\u00c9der\",\"@id\":\"https:\\\/\\\/vanderloubet.com.br\\\/deputado\\\/#\\\/schema\\\/person\\\/15b51bd564532a8a68d9dec1b8eb890e\"},\"headline\":\"Ministra Gleisi afirma a Vander que vai liberar recursos do Pr\u00f3-Transporte\",\"datePublished\":\"2012-04-04T19:08:45+00:00\",\"mainEntityOfPage\":{\"@id\":\"https:\\\/\\\/vanderloubet.com.br\\\/deputado\\\/ministra-gleisi-afirma-a-vander-que-vai-liberar-recursos-do-pro-transporte\\\/\"},\"wordCount\":434,\"publisher\":{\"@id\":\"https:\\\/\\\/vanderloubet.com.br\\\/deputado\\\/#organization\"},\"image\":{\"@id\":\"https:\\\/\\\/vanderloubet.com.br\\\/deputado\\\/ministra-gleisi-afirma-a-vander-que-vai-liberar-recursos-do-pro-transporte\\\/#primaryimage\"},\"thumbnailUrl\":\"http:\\\/\\\/www.deputadovander.com.br\\\/website\\\/wp-content\\\/uploads\\\/2012\\\/04\\\/foto-2012-04-04-vander-delcidio-gleisi-ideli-920x470-400x204.jpg\",\"keywords\":[\"alvorada\",\"amambai\",\"arlei\",\"casa\",\"civil\",\"delc\u00eddio\",\"deputado\",\"federal\",\"gleisi\",\"hoffmann\",\"ideli\",\"loubet\",\"ministra\",\"MS\",\"nova\",\"prefeito\",\"presid\u00eancia\",\"pr\u00f3\",\"PT\",\"salvatti\",\"senador\",\"sul\",\"transporte\",\"vander\"],\"articleSection\":[\"Not\u00edcias\"],\"inLanguage\":\"pt-BR\"},{\"@type\":\"WebPage\",\"@id\":\"https:\\\/\\\/vanderloubet.com.br\\\/deputado\\\/ministra-gleisi-afirma-a-vander-que-vai-liberar-recursos-do-pro-transporte\\\/\",\"url\":\"https:\\\/\\\/vanderloubet.com.br\\\/deputado\\\/ministra-gleisi-afirma-a-vander-que-vai-liberar-recursos-do-pro-transporte\\\/\",\"name\":\"Ministra Gleisi afirma a Vander que vai liberar recursos do Pr\u00f3-Transporte\",\"isPartOf\":{\"@id\":\"https:\\\/\\\/vanderloubet.com.br\\\/deputado\\\/#website\"},\"primaryImageOfPage\":{\"@id\":\"https:\\\/\\\/vanderloubet.com.br\\\/deputado\\\/ministra-gleisi-afirma-a-vander-que-vai-liberar-recursos-do-pro-transporte\\\/#primaryimage\"},\"image\":{\"@id\":\"https:\\\/\\\/vanderloubet.com.br\\\/deputado\\\/ministra-gleisi-afirma-a-vander-que-vai-liberar-recursos-do-pro-transporte\\\/#primaryimage\"},\"thumbnailUrl\":\"http:\\\/\\\/www.deputadovander.com.br\\\/website\\\/wp-content\\\/uploads\\\/2012\\\/04\\\/foto-2012-04-04-vander-delcidio-gleisi-ideli-920x470-400x204.jpg\",\"datePublished\":\"2012-04-04T19:08:45+00:00\",\"breadcrumb\":{\"@id\":\"https:\\\/\\\/vanderloubet.com.br\\\/deputado\\\/ministra-gleisi-afirma-a-vander-que-vai-liberar-recursos-do-pro-transporte\\\/#breadcrumb\"},\"inLanguage\":\"pt-BR\",\"potentialAction\":[{\"@type\":\"ReadAction\",\"target\":[\"https:\\\/\\\/vanderloubet.com.br\\\/deputado\\\/ministra-gleisi-afirma-a-vander-que-vai-liberar-recursos-do-pro-transporte\\\/\"]}]},{\"@type\":\"ImageObject\",\"inLanguage\":\"pt-BR\",\"@id\":\"https:\\\/\\\/vanderloubet.com.br\\\/deputado\\\/ministra-gleisi-afirma-a-vander-que-vai-liberar-recursos-do-pro-transporte\\\/#primaryimage\",\"url\":\"http:\\\/\\\/www.deputadovander.com.br\\\/website\\\/wp-content\\\/uploads\\\/2012\\\/04\\\/foto-2012-04-04-vander-delcidio-gleisi-ideli-920x470-400x204.jpg\",\"contentUrl\":\"http:\\\/\\\/www.deputadovander.com.br\\\/website\\\/wp-content\\\/uploads\\\/2012\\\/04\\\/foto-2012-04-04-vander-delcidio-gleisi-ideli-920x470-400x204.jpg\"},{\"@type\":\"BreadcrumbList\",\"@id\":\"https:\\\/\\\/vanderloubet.com.br\\\/deputado\\\/ministra-gleisi-afirma-a-vander-que-vai-liberar-recursos-do-pro-transporte\\\/#breadcrumb\",\"itemListElement\":[{\"@type\":\"ListItem\",\"position\":1,\"name\":\"In\u00edcio\",\"item\":\"https:\\\/\\\/vanderloubet.com.br\\\/deputado\\\/\"},{\"@type\":\"ListItem\",\"position\":2,\"name\":\"Ministra Gleisi afirma a Vander que vai liberar recursos do Pr\u00f3-Transporte\"}]},{\"@type\":\"WebSite\",\"@id\":\"https:\\\/\\\/vanderloubet.com.br\\\/deputado\\\/#website\",\"url\":\"https:\\\/\\\/vanderloubet.com.br\\\/deputado\\\/\",\"name\":\"Deputado Federal Vander Loubet\",\"description\":\"O Federal de MS\",\"publisher\":{\"@id\":\"https:\\\/\\\/vanderloubet.com.br\\\/deputado\\\/#organization\"},\"alternateName\":\"Deputado Vander\",\"potentialAction\":[{\"@type\":\"SearchAction\",\"target\":{\"@type\":\"EntryPoint\",\"urlTemplate\":\"https:\\\/\\\/vanderloubet.com.br\\\/deputado\\\/?s={search_term_string}\"},\"query-input\":{\"@type\":\"PropertyValueSpecification\",\"valueRequired\":true,\"valueName\":\"search_term_string\"}}],\"inLanguage\":\"pt-BR\"},{\"@type\":\"Organization\",\"@id\":\"https:\\\/\\\/vanderloubet.com.br\\\/deputado\\\/#organization\",\"name\":\"Deputado Federal Vander Loubet\",\"alternateName\":\"Deputado Vander\",\"url\":\"https:\\\/\\\/vanderloubet.com.br\\\/deputado\\\/\",\"logo\":{\"@type\":\"ImageObject\",\"inLanguage\":\"pt-BR\",\"@id\":\"https:\\\/\\\/vanderloubet.com.br\\\/deputado\\\/#\\\/schema\\\/logo\\\/image\\\/\",\"url\":\"https:\\\/\\\/vanderloubet.com.br\\\/deputado\\\/wp-content\\\/uploads\\\/2023\\\/06\\\/foto-2023-06-19-mandato-deputado-vander.jpg\",\"contentUrl\":\"https:\\\/\\\/vanderloubet.com.br\\\/deputado\\\/wp-content\\\/uploads\\\/2023\\\/06\\\/foto-2023-06-19-mandato-deputado-vander.jpg\",\"width\":1080,\"height\":1080,\"caption\":\"Deputado Federal Vander Loubet\"},\"image\":{\"@id\":\"https:\\\/\\\/vanderloubet.com.br\\\/deputado\\\/#\\\/schema\\\/logo\\\/image\\\/\"},\"sameAs\":[\"https:\\\/\\\/facebook.com\\\/deputadovander\",\"https:\\\/\\\/x.com\\\/vanderloubet\",\"https:\\\/\\\/instagram.com\\\/vanderloubet\",\"https:\\\/\\\/youtube.com\\\/vanderloubet\",\"https:\\\/\\\/tiktok.com\\\/@vanderloubetms\"]},{\"@type\":\"Person\",\"@id\":\"https:\\\/\\\/vanderloubet.com.br\\\/deputado\\\/#\\\/schema\\\/person\\\/15b51bd564532a8a68d9dec1b8eb890e\",\"name\":\"\u00c9der\",\"image\":{\"@type\":\"ImageObject\",\"inLanguage\":\"pt-BR\",\"@id\":\"https:\\\/\\\/vanderloubet.com.br\\\/deputado\\\/wp-content\\\/litespeed\\\/avatar\\\/88ca4090d9d5ab1c9495f6ca03b68efa.jpg?ver=1777058957\",\"url\":\"https:\\\/\\\/vanderloubet.com.br\\\/deputado\\\/wp-content\\\/litespeed\\\/avatar\\\/88ca4090d9d5ab1c9495f6ca03b68efa.jpg?ver=1777058957\",\"contentUrl\":\"https:\\\/\\\/vanderloubet.com.br\\\/deputado\\\/wp-content\\\/litespeed\\\/avatar\\\/88ca4090d9d5ab1c9495f6ca03b68efa.jpg?ver=1777058957\",\"caption\":\"\u00c9der\"}}]}<\/script>\n<!-- \/ Yoast SEO plugin. -->","yoast_head_json":{"title":"Ministra Gleisi afirma a Vander que vai liberar recursos do Pr\u00f3-Transporte","robots":{"index":"index","follow":"follow","max-snippet":"max-snippet:-1","max-image-preview":"max-image-preview:large","max-video-preview":"max-video-preview:-1"},"canonical":"https:\/\/vanderloubet.com.br\/deputado\/ministra-gleisi-afirma-a-vander-que-vai-liberar-recursos-do-pro-transporte\/","og_locale":"pt_BR","og_type":"article","og_title":"Ministra Gleisi afirma a Vander que vai liberar recursos do Pr\u00f3-Transporte","og_description":"Em reuni\u00e3o com ministra da Casa Civil, deputado pediu celeridade na libera\u00e7\u00e3o de recursos para Nova Alvorada do Sul e Amambai.","og_url":"https:\/\/vanderloubet.com.br\/deputado\/ministra-gleisi-afirma-a-vander-que-vai-liberar-recursos-do-pro-transporte\/","og_site_name":"Deputado Federal Vander Loubet","article_publisher":"https:\/\/facebook.com\/deputadovander","article_published_time":"2012-04-04T19:08:45+00:00","og_image":[{"url":"http:\/\/www.deputadovander.com.br\/website\/wp-content\/uploads\/2012\/04\/foto-2012-04-04-vander-delcidio-gleisi-ideli-920x470-400x204.jpg","type":"","width":"","height":""}],"author":"\u00c9der","twitter_card":"summary_large_image","twitter_creator":"@vanderloubet","twitter_site":"@vanderloubet","schema":{"@context":"https:\/\/schema.org","@graph":[{"@type":"Article","@id":"https:\/\/vanderloubet.com.br\/deputado\/ministra-gleisi-afirma-a-vander-que-vai-liberar-recursos-do-pro-transporte\/#article","isPartOf":{"@id":"https:\/\/vanderloubet.com.br\/deputado\/ministra-gleisi-afirma-a-vander-que-vai-liberar-recursos-do-pro-transporte\/"},"author":{"name":"\u00c9der","@id":"https:\/\/vanderloubet.com.br\/deputado\/#\/schema\/person\/15b51bd564532a8a68d9dec1b8eb890e"},"headline":"Ministra Gleisi afirma a Vander que vai liberar recursos do Pr\u00f3-Transporte","datePublished":"2012-04-04T19:08:45+00:00","mainEntityOfPage":{"@id":"https:\/\/vanderloubet.com.br\/deputado\/ministra-gleisi-afirma-a-vander-que-vai-liberar-recursos-do-pro-transporte\/"},"wordCount":434,"publisher":{"@id":"https:\/\/vanderloubet.com.br\/deputado\/#organization"},"image":{"@id":"https:\/\/vanderloubet.com.br\/deputado\/ministra-gleisi-afirma-a-vander-que-vai-liberar-recursos-do-pro-transporte\/#primaryimage"},"thumbnailUrl":"http:\/\/www.deputadovander.com.br\/website\/wp-content\/uploads\/2012\/04\/foto-2012-04-04-vander-delcidio-gleisi-ideli-920x470-400x204.jpg","keywords":["alvorada","amambai","arlei","casa","civil","delc\u00eddio","deputado","federal","gleisi","hoffmann","ideli","loubet","ministra","MS","nova","prefeito","presid\u00eancia","pr\u00f3","PT","salvatti","senador","sul","transporte","vander"],"articleSection":["Not\u00edcias"],"inLanguage":"pt-BR"},{"@type":"WebPage","@id":"https:\/\/vanderloubet.com.br\/deputado\/ministra-gleisi-afirma-a-vander-que-vai-liberar-recursos-do-pro-transporte\/","url":"https:\/\/vanderloubet.com.br\/deputado\/ministra-gleisi-afirma-a-vander-que-vai-liberar-recursos-do-pro-transporte\/","name":"Ministra Gleisi afirma a Vander que vai liberar recursos do Pr\u00f3-Transporte","isPartOf":{"@id":"https:\/\/vanderloubet.com.br\/deputado\/#website"},"primaryImageOfPage":{"@id":"https:\/\/vanderloubet.com.br\/deputado\/ministra-gleisi-afirma-a-vander-que-vai-liberar-recursos-do-pro-transporte\/#primaryimage"},"image":{"@id":"https:\/\/vanderloubet.com.br\/deputado\/ministra-gleisi-afirma-a-vander-que-vai-liberar-recursos-do-pro-transporte\/#primaryimage"},"thumbnailUrl":"http:\/\/www.deputadovander.com.br\/website\/wp-content\/uploads\/2012\/04\/foto-2012-04-04-vander-delcidio-gleisi-ideli-920x470-400x204.jpg","datePublished":"2012-04-04T19:08:45+00:00","breadcrumb":{"@id":"https:\/\/vanderloubet.com.br\/deputado\/ministra-gleisi-afirma-a-vander-que-vai-liberar-recursos-do-pro-transporte\/#breadcrumb"},"inLanguage":"pt-BR","potentialAction":[{"@type":"ReadAction","target":["https:\/\/vanderloubet.com.br\/deputado\/ministra-gleisi-afirma-a-vander-que-vai-liberar-recursos-do-pro-transporte\/"]}]},{"@type":"ImageObject","inLanguage":"pt-BR","@id":"https:\/\/vanderloubet.com.br\/deputado\/ministra-gleisi-afirma-a-vander-que-vai-liberar-recursos-do-pro-transporte\/#primaryimage","url":"http:\/\/www.deputadovander.com.br\/website\/wp-content\/uploads\/2012\/04\/foto-2012-04-04-vander-delcidio-gleisi-ideli-920x470-400x204.jpg","contentUrl":"http:\/\/www.deputadovander.com.br\/website\/wp-content\/uploads\/2012\/04\/foto-2012-04-04-vander-delcidio-gleisi-ideli-920x470-400x204.jpg"},{"@type":"BreadcrumbList","@id":"https:\/\/vanderloubet.com.br\/deputado\/ministra-gleisi-afirma-a-vander-que-vai-liberar-recursos-do-pro-transporte\/#breadcrumb","itemListElement":[{"@type":"ListItem","position":1,"name":"In\u00edcio","item":"https:\/\/vanderloubet.com.br\/deputado\/"},{"@type":"ListItem","position":2,"name":"Ministra Gleisi afirma a Vander que vai liberar recursos do Pr\u00f3-Transporte"}]},{"@type":"WebSite","@id":"https:\/\/vanderloubet.com.br\/deputado\/#website","url":"https:\/\/vanderloubet.com.br\/deputado\/","name":"Deputado Federal Vander Loubet","description":"O Federal de MS","publisher":{"@id":"https:\/\/vanderloubet.com.br\/deputado\/#organization"},"alternateName":"Deputado Vander","potentialAction":[{"@type":"SearchAction","target":{"@type":"EntryPoint","urlTemplate":"https:\/\/vanderloubet.com.br\/deputado\/?s={search_term_string}"},"query-input":{"@type":"PropertyValueSpecification","valueRequired":true,"valueName":"search_term_string"}}],"inLanguage":"pt-BR"},{"@type":"Organization","@id":"https:\/\/vanderloubet.com.br\/deputado\/#organization","name":"Deputado Federal Vander Loubet","alternateName":"Deputado Vander","url":"https:\/\/vanderloubet.com.br\/deputado\/","logo":{"@type":"ImageObject","inLanguage":"pt-BR","@id":"https:\/\/vanderloubet.com.br\/deputado\/#\/schema\/logo\/image\/","url":"https:\/\/vanderloubet.com.br\/deputado\/wp-content\/uploads\/2023\/06\/foto-2023-06-19-mandato-deputado-vander.jpg","contentUrl":"https:\/\/vanderloubet.com.br\/deputado\/wp-content\/uploads\/2023\/06\/foto-2023-06-19-mandato-deputado-vander.jpg","width":1080,"height":1080,"caption":"Deputado Federal Vander Loubet"},"image":{"@id":"https:\/\/vanderloubet.com.br\/deputado\/#\/schema\/logo\/image\/"},"sameAs":["https:\/\/facebook.com\/deputadovander","https:\/\/x.com\/vanderloubet","https:\/\/instagram.com\/vanderloubet","https:\/\/youtube.com\/vanderloubet","https:\/\/tiktok.com\/@vanderloubetms"]},{"@type":"Person","@id":"https:\/\/vanderloubet.com.br\/deputado\/#\/schema\/person\/15b51bd564532a8a68d9dec1b8eb890e","name":"\u00c9der","image":{"@type":"ImageObject","inLanguage":"pt-BR","@id":"https:\/\/vanderloubet.com.br\/deputado\/wp-content\/litespeed\/avatar\/88ca4090d9d5ab1c9495f6ca03b68efa.jpg?ver=1777058957","url":"https:\/\/vanderloubet.com.br\/deputado\/wp-content\/litespeed\/avatar\/88ca4090d9d5ab1c9495f6ca03b68efa.jpg?ver=1777058957","contentUrl":"https:\/\/vanderloubet.com.br\/deputado\/wp-content\/litespeed\/avatar\/88ca4090d9d5ab1c9495f6ca03b68efa.jpg?ver=1777058957","caption":"\u00c9der"}}]}},"jetpack_featured_media_url":"","jetpack_sharing_enabled":true,"_links":{"self":[{"href":"https:\/\/vanderloubet.com.br\/deputado\/wp-json\/wp\/v2\/posts\/4813","targetHints":{"allow":["GET"]}}],"collection":[{"href":"https:\/\/vanderloubet.com.br\/deputado\/wp-json\/wp\/v2\/posts"}],"about":[{"href":"https:\/\/vanderloubet.com.br\/deputado\/wp-json\/wp\/v2\/types\/post"}],"author":[{"embeddable":true,"href":"https:\/\/vanderloubet.com.br\/deputado\/wp-json\/wp\/v2\/users\/2"}],"replies":[{"embeddable":true,"href":"https:\/\/vanderloubet.com.br\/deputado\/wp-json\/wp\/v2\/comments?post=4813"}],"version-history":[{"count":0,"href":"https:\/\/vanderloubet.com.br\/deputado\/wp-json\/wp\/v2\/posts\/4813\/revisions"}],"wp:attachment":[{"href":"https:\/\/vanderloubet.com.br\/deputado\/wp-json\/wp\/v2\/media?parent=4813"}],"wp:term":[{"taxonomy":"category","embeddable":true,"href":"https:\/\/vanderloubet.com.br\/deputado\/wp-json\/wp\/v2\/categories?post=4813"},{"taxonomy":"post_tag","embeddable":true,"href":"https:\/\/vanderloubet.com.br\/deputado\/wp-json\/wp\/v2\/tags?post=4813"}],"curies":[{"name":"wp","href":"https:\/\/api.w.org\/{rel}","templated":true}]}}