{"id":4738,"date":"2012-03-27T17:07:42","date_gmt":"2012-03-27T21:07:42","guid":{"rendered":"http:\/\/www.deputadovander.com.br\/website\/?p=4738"},"modified":"2012-03-27T17:07:42","modified_gmt":"2012-03-27T21:07:42","slug":"vander-visita-ufms-e-se-compromete-com-projetos-de-estudantes","status":"publish","type":"post","link":"https:\/\/vanderloubet.com.br\/deputado\/vander-visita-ufms-e-se-compromete-com-projetos-de-estudantes\/","title":{"rendered":"Vander visita UFMS e se compromete com projetos de estudantes"},"content":{"rendered":"<figure id=\"attachment_4739\" aria-describedby=\"caption-attachment-4739\" style=\"width: 400px\" class=\"wp-caption aligncenter\"><a href=\"http:\/\/www.deputadovander.com.br\/website\/wp-content\/uploads\/2012\/03\/foto-2012-03-27-vander-visita-ufms-01.jpg\" target=\"_blank\"><img decoding=\"async\" class=\"size-medium wp-image-4739 \" title=\"foto-2012-03-27-vander-visita-ufms-01\" src=\"http:\/\/www.deputadovander.com.br\/website\/wp-content\/uploads\/2012\/03\/foto-2012-03-27-vander-visita-ufms-01-400x266.jpg\" alt=\"Vander reunido com os alunos em frente ao DCE da UFMS\" width=\"400\" height=\"266\" \/><\/a><figcaption id=\"caption-attachment-4739\" class=\"wp-caption-text\">Vander reunido com os alunos em frente ao DCE da UFMS<\/figcaption><\/figure>\n<p>O deputado federal Vander Loubet (PT-MS) visitou ontem (26) o campus da Universidade Federal de Mato Grosso do Sul (UFMS) em Campo Grande. Ele esteve no Diret\u00f3rio Central dos Estudantes (DCE), onde participou de uma reuni\u00e3o com lideran\u00e7as do movimento estudantil.<\/p>\n<p>Na conversa, os alunos da UFMS apresentaram duas antigas reivindica\u00e7\u00f5es da comunidade: a constru\u00e7\u00e3o da Casa do Estudante, um alojamento para os alunos de baixa renda vindos de outras cidades ou estados, e a revitaliza\u00e7\u00e3o da \u00e1rea do Auto Cine, ao lado do Est\u00e1dio Pedro Pedrossian (Moren\u00e3o).<\/p>\n<p>&#8220;\u00c9 uma reivindica\u00e7\u00e3o just\u00edssima. Posso falar pela minha experi\u00eancia: quando cheguei em Campo Grande para estudar na Fucmat [atual UCDB], o que me ajudou muito foi a Casa do Estudante que o Pedro Teruel [ex-deputado estadual] tinha montado. \u00c9 uma assist\u00eancia importante para quem vem de fora e n\u00e3o tem parentes aqui ou condi\u00e7\u00f5es financeiras de pagar por uma moradia. Os estudantes est\u00e3o certos em batalhar por isso&#8221;, destacou Vander.<\/p>\n<p>O deputado informou que dentro de alguns dias deve se reunir em Bras\u00edlia com a reitora da UFMS, C\u00e9lia Maria Oliveira, e que vai aproveitar a ocasi\u00e3o para agendar uma conversa junto com os representantes do DCE para elaborar e encaminhar um projeto ao Minist\u00e9rio da Educa\u00e7\u00e3o visando captar recursos para as a\u00e7\u00f5es reivindicadas.<\/p>\n<p>&#8220;Minha a\u00e7\u00e3o na UFMS n\u00e3o \u00e9 de agora. Sou o respons\u00e1vel pelos R$ 3 milh\u00f5es que permitiram a constru\u00e7\u00e3o da nova biblioteca em Campo Grande e pelos recursos para implanta\u00e7\u00e3o das unidades em Chapad\u00e3o do Sul e Nova Andradina. Por isso, tenho certeza que com o trabalho conjunto entre a Reitoria e o DCE e com meu apoio ser\u00e1 poss\u00edvel atender esses pedidos&#8221;, pontuou o parlamentar.<\/p>\n<p><strong>Almo\u00e7o<\/strong><\/p>\n<p>Ap\u00f3s a reuni\u00e3o no DCE, Vander foi almo\u00e7ar no Restaurante Universit\u00e1rio (RU) na companhia de alguns alunos. Na entrada do local foi recepcionado por Ademar Macedo dos Santos, assessor da Reitoria; Daniela Ota, assessora de comunica\u00e7\u00e3o da UFMS; e Jo\u00e3o Batista de Santana, chefe da Coordenadoria de Extens\u00e3o (CEX\/Preae). O parlamentar elogiou a reabertura do restaurante, depois de cerca de uma d\u00e9cada de desativa\u00e7\u00e3o.<\/p>\n<figure id=\"attachment_4743\" aria-describedby=\"caption-attachment-4743\" style=\"width: 400px\" class=\"wp-caption aligncenter\"><a href=\"http:\/\/www.deputadovander.com.br\/website\/wp-content\/uploads\/2012\/03\/foto-2012-03-27-vander-visita-ufms-031.jpg\" target=\"_blank\"><img decoding=\"async\" class=\"size-medium wp-image-4743 \" title=\"foto-2012-03-27-vander-visita-ufms-03\" src=\"http:\/\/www.deputadovander.com.br\/website\/wp-content\/uploads\/2012\/03\/foto-2012-03-27-vander-visita-ufms-031-400x266.jpg\" alt=\"Ap\u00f3s a reuni\u00e3o, o deputado almo\u00e7ou no RU\" width=\"400\" height=\"266\" \/><\/a><figcaption id=\"caption-attachment-4743\" class=\"wp-caption-text\">Ap\u00f3s a reuni\u00e3o, o deputado almo\u00e7ou no RU<\/figcaption><\/figure>\n<p>&#8220;\u00c9 importante manter o aluno dentro do campus, oferecendo op\u00e7\u00f5es acess\u00edveis de refei\u00e7\u00e3o. Quem pode, certamente sai de carro e vai almo\u00e7ar em casa ou em restaurantes no Centro, mas essa n\u00e3o deve ser a realidade da maioria. Por isso, poder ter esse bandeij\u00e3o \u00e0 disposi\u00e7\u00e3o ajuda bastante&#8221;, avaliou Vander, que pagou R$ 6,27 por uma refei\u00e7\u00e3o que inclu\u00eda arroz, feij\u00e3o, farofa, bife de carne bovina e salada de repolho, al\u00e9m de uma ma\u00e7\u00e3 como sobremesa.<\/p>\n<p>Os acad\u00eamicos que fizeram o cadastro do RU t\u00eam pre\u00e7os mais acess\u00edveis para as refei\u00e7\u00f5es: o almo\u00e7o sai por R$ 2,50 e o caf\u00e9 da manh\u00e3 por R$ 1. Para os alunos beneficiados pelo Programa Nacional de Assist\u00eancia Estudantil (PNAES), as refei\u00e7\u00f5es s\u00e3o gratuitas. J\u00e1 os acad\u00eamicos que n\u00e3o se inscreveram, t\u00e9cnicos, docentes e visitantes pagam o valor integral das refei\u00e7\u00f5es: caf\u00e9 da manh\u00e3 a R$ 2,39 e o almo\u00e7o a R$ 6,27.<\/p>\n<p><span style=\"font-size: 11px;\">(\u00c9der Yanaguita &#8211; Assessoria\/Deputado Vander)<\/span><\/p>\n","protected":false},"excerpt":{"rendered":"<p>Estudantes apresentaram duas antigas reivindica\u00e7\u00f5es: a Casa do Estudante e a revitaliza\u00e7\u00e3o da \u00e1rea do Auto Cine.<\/p>\n","protected":false},"author":2,"featured_media":0,"comment_status":"closed","ping_status":"open","sticky":false,"template":"","format":"standard","meta":{"jetpack_post_was_ever_published":false,"_jetpack_newsletter_access":"","_jetpack_dont_email_post_to_subs":false,"_jetpack_newsletter_tier_id":0,"_jetpack_memberships_contains_paywalled_content":false,"_jetpack_memberships_contains_paid_content":false,"footnotes":""},"categories":[10],"tags":[400,577,608,697,807,1178,1229,1252,1302,1336,1421,1655,1705,1720,1762,2002,2013,2033],"class_list":{"0":"post-4738","1":"post","2":"type-post","3":"status-publish","4":"format-standard","6":"category-noticias","7":"tag-celia","8":"tag-dce","9":"tag-deputado","10":"tag-educacao","11":"tag-federal","12":"tag-loubet","13":"tag-maria","14":"tag-mec","15":"tag-ministerio","16":"tag-ms","17":"tag-oliveira","18":"tag-pt","19":"tag-reitora","20":"tag-restaurante","21":"tag-ru","22":"tag-ufms","23":"tag-universitario","24":"tag-vander"},"yoast_head":"<!-- This site is optimized with the Yoast SEO plugin v27.4 - https:\/\/yoast.com\/product\/yoast-seo-wordpress\/ -->\n<title>Vander visita UFMS e se compromete com projetos de estudantes<\/title>\n<meta name=\"robots\" content=\"index, follow, max-snippet:-1, max-image-preview:large, max-video-preview:-1\" \/>\n<link rel=\"canonical\" href=\"https:\/\/vanderloubet.com.br\/deputado\/vander-visita-ufms-e-se-compromete-com-projetos-de-estudantes\/\" \/>\n<meta property=\"og:locale\" content=\"pt_BR\" \/>\n<meta property=\"og:type\" content=\"article\" \/>\n<meta property=\"og:title\" content=\"Vander visita UFMS e se compromete com projetos de estudantes\" \/>\n<meta property=\"og:description\" content=\"Estudantes apresentaram duas antigas reivindica\u00e7\u00f5es: a Casa do Estudante e a revitaliza\u00e7\u00e3o da \u00e1rea do Auto Cine.\" \/>\n<meta property=\"og:url\" content=\"https:\/\/vanderloubet.com.br\/deputado\/vander-visita-ufms-e-se-compromete-com-projetos-de-estudantes\/\" \/>\n<meta property=\"og:site_name\" content=\"Deputado Federal Vander Loubet\" \/>\n<meta property=\"article:publisher\" content=\"https:\/\/facebook.com\/deputadovander\" \/>\n<meta property=\"article:published_time\" content=\"2012-03-27T21:07:42+00:00\" \/>\n<meta property=\"og:image\" content=\"http:\/\/www.deputadovander.com.br\/website\/wp-content\/uploads\/2012\/03\/foto-2012-03-27-vander-visita-ufms-01-400x266.jpg\" \/>\n<meta name=\"author\" content=\"\u00c9der\" \/>\n<meta name=\"twitter:card\" content=\"summary_large_image\" \/>\n<meta name=\"twitter:creator\" content=\"@vanderloubet\" \/>\n<meta name=\"twitter:site\" content=\"@vanderloubet\" \/>\n<script type=\"application\/ld+json\" class=\"yoast-schema-graph\">{\"@context\":\"https:\\\/\\\/schema.org\",\"@graph\":[{\"@type\":\"Article\",\"@id\":\"https:\\\/\\\/vanderloubet.com.br\\\/deputado\\\/vander-visita-ufms-e-se-compromete-com-projetos-de-estudantes\\\/#article\",\"isPartOf\":{\"@id\":\"https:\\\/\\\/vanderloubet.com.br\\\/deputado\\\/vander-visita-ufms-e-se-compromete-com-projetos-de-estudantes\\\/\"},\"author\":{\"name\":\"\u00c9der\",\"@id\":\"https:\\\/\\\/vanderloubet.com.br\\\/deputado\\\/#\\\/schema\\\/person\\\/15b51bd564532a8a68d9dec1b8eb890e\"},\"headline\":\"Vander visita UFMS e se compromete com projetos de estudantes\",\"datePublished\":\"2012-03-27T21:07:42+00:00\",\"mainEntityOfPage\":{\"@id\":\"https:\\\/\\\/vanderloubet.com.br\\\/deputado\\\/vander-visita-ufms-e-se-compromete-com-projetos-de-estudantes\\\/\"},\"wordCount\":599,\"publisher\":{\"@id\":\"https:\\\/\\\/vanderloubet.com.br\\\/deputado\\\/#organization\"},\"image\":{\"@id\":\"https:\\\/\\\/vanderloubet.com.br\\\/deputado\\\/vander-visita-ufms-e-se-compromete-com-projetos-de-estudantes\\\/#primaryimage\"},\"thumbnailUrl\":\"http:\\\/\\\/www.deputadovander.com.br\\\/website\\\/wp-content\\\/uploads\\\/2012\\\/03\\\/foto-2012-03-27-vander-visita-ufms-01-400x266.jpg\",\"keywords\":[\"c\u00e9lia\",\"dce\",\"deputado\",\"educa\u00e7\u00e3o\",\"federal\",\"loubet\",\"maria\",\"mec\",\"minist\u00e9rio\",\"MS\",\"oliveira\",\"PT\",\"reitora\",\"restaurante\",\"ru\",\"ufms\",\"universit\u00e1rio\",\"vander\"],\"articleSection\":[\"Not\u00edcias\"],\"inLanguage\":\"pt-BR\"},{\"@type\":\"WebPage\",\"@id\":\"https:\\\/\\\/vanderloubet.com.br\\\/deputado\\\/vander-visita-ufms-e-se-compromete-com-projetos-de-estudantes\\\/\",\"url\":\"https:\\\/\\\/vanderloubet.com.br\\\/deputado\\\/vander-visita-ufms-e-se-compromete-com-projetos-de-estudantes\\\/\",\"name\":\"Vander visita UFMS e se compromete com projetos de estudantes\",\"isPartOf\":{\"@id\":\"https:\\\/\\\/vanderloubet.com.br\\\/deputado\\\/#website\"},\"primaryImageOfPage\":{\"@id\":\"https:\\\/\\\/vanderloubet.com.br\\\/deputado\\\/vander-visita-ufms-e-se-compromete-com-projetos-de-estudantes\\\/#primaryimage\"},\"image\":{\"@id\":\"https:\\\/\\\/vanderloubet.com.br\\\/deputado\\\/vander-visita-ufms-e-se-compromete-com-projetos-de-estudantes\\\/#primaryimage\"},\"thumbnailUrl\":\"http:\\\/\\\/www.deputadovander.com.br\\\/website\\\/wp-content\\\/uploads\\\/2012\\\/03\\\/foto-2012-03-27-vander-visita-ufms-01-400x266.jpg\",\"datePublished\":\"2012-03-27T21:07:42+00:00\",\"breadcrumb\":{\"@id\":\"https:\\\/\\\/vanderloubet.com.br\\\/deputado\\\/vander-visita-ufms-e-se-compromete-com-projetos-de-estudantes\\\/#breadcrumb\"},\"inLanguage\":\"pt-BR\",\"potentialAction\":[{\"@type\":\"ReadAction\",\"target\":[\"https:\\\/\\\/vanderloubet.com.br\\\/deputado\\\/vander-visita-ufms-e-se-compromete-com-projetos-de-estudantes\\\/\"]}]},{\"@type\":\"ImageObject\",\"inLanguage\":\"pt-BR\",\"@id\":\"https:\\\/\\\/vanderloubet.com.br\\\/deputado\\\/vander-visita-ufms-e-se-compromete-com-projetos-de-estudantes\\\/#primaryimage\",\"url\":\"http:\\\/\\\/www.deputadovander.com.br\\\/website\\\/wp-content\\\/uploads\\\/2012\\\/03\\\/foto-2012-03-27-vander-visita-ufms-01-400x266.jpg\",\"contentUrl\":\"http:\\\/\\\/www.deputadovander.com.br\\\/website\\\/wp-content\\\/uploads\\\/2012\\\/03\\\/foto-2012-03-27-vander-visita-ufms-01-400x266.jpg\"},{\"@type\":\"BreadcrumbList\",\"@id\":\"https:\\\/\\\/vanderloubet.com.br\\\/deputado\\\/vander-visita-ufms-e-se-compromete-com-projetos-de-estudantes\\\/#breadcrumb\",\"itemListElement\":[{\"@type\":\"ListItem\",\"position\":1,\"name\":\"In\u00edcio\",\"item\":\"https:\\\/\\\/vanderloubet.com.br\\\/deputado\\\/\"},{\"@type\":\"ListItem\",\"position\":2,\"name\":\"Vander visita UFMS e se compromete com projetos de estudantes\"}]},{\"@type\":\"WebSite\",\"@id\":\"https:\\\/\\\/vanderloubet.com.br\\\/deputado\\\/#website\",\"url\":\"https:\\\/\\\/vanderloubet.com.br\\\/deputado\\\/\",\"name\":\"Deputado Federal Vander Loubet\",\"description\":\"O Federal de MS\",\"publisher\":{\"@id\":\"https:\\\/\\\/vanderloubet.com.br\\\/deputado\\\/#organization\"},\"alternateName\":\"Deputado Vander\",\"potentialAction\":[{\"@type\":\"SearchAction\",\"target\":{\"@type\":\"EntryPoint\",\"urlTemplate\":\"https:\\\/\\\/vanderloubet.com.br\\\/deputado\\\/?s={search_term_string}\"},\"query-input\":{\"@type\":\"PropertyValueSpecification\",\"valueRequired\":true,\"valueName\":\"search_term_string\"}}],\"inLanguage\":\"pt-BR\"},{\"@type\":\"Organization\",\"@id\":\"https:\\\/\\\/vanderloubet.com.br\\\/deputado\\\/#organization\",\"name\":\"Deputado Federal Vander Loubet\",\"alternateName\":\"Deputado Vander\",\"url\":\"https:\\\/\\\/vanderloubet.com.br\\\/deputado\\\/\",\"logo\":{\"@type\":\"ImageObject\",\"inLanguage\":\"pt-BR\",\"@id\":\"https:\\\/\\\/vanderloubet.com.br\\\/deputado\\\/#\\\/schema\\\/logo\\\/image\\\/\",\"url\":\"https:\\\/\\\/vanderloubet.com.br\\\/deputado\\\/wp-content\\\/uploads\\\/2023\\\/06\\\/foto-2023-06-19-mandato-deputado-vander.jpg\",\"contentUrl\":\"https:\\\/\\\/vanderloubet.com.br\\\/deputado\\\/wp-content\\\/uploads\\\/2023\\\/06\\\/foto-2023-06-19-mandato-deputado-vander.jpg\",\"width\":1080,\"height\":1080,\"caption\":\"Deputado Federal Vander Loubet\"},\"image\":{\"@id\":\"https:\\\/\\\/vanderloubet.com.br\\\/deputado\\\/#\\\/schema\\\/logo\\\/image\\\/\"},\"sameAs\":[\"https:\\\/\\\/facebook.com\\\/deputadovander\",\"https:\\\/\\\/x.com\\\/vanderloubet\",\"https:\\\/\\\/instagram.com\\\/vanderloubet\",\"https:\\\/\\\/youtube.com\\\/vanderloubet\",\"https:\\\/\\\/tiktok.com\\\/@vanderloubetms\"]},{\"@type\":\"Person\",\"@id\":\"https:\\\/\\\/vanderloubet.com.br\\\/deputado\\\/#\\\/schema\\\/person\\\/15b51bd564532a8a68d9dec1b8eb890e\",\"name\":\"\u00c9der\",\"image\":{\"@type\":\"ImageObject\",\"inLanguage\":\"pt-BR\",\"@id\":\"https:\\\/\\\/vanderloubet.com.br\\\/deputado\\\/wp-content\\\/litespeed\\\/avatar\\\/88ca4090d9d5ab1c9495f6ca03b68efa.jpg?ver=1777058957\",\"url\":\"https:\\\/\\\/vanderloubet.com.br\\\/deputado\\\/wp-content\\\/litespeed\\\/avatar\\\/88ca4090d9d5ab1c9495f6ca03b68efa.jpg?ver=1777058957\",\"contentUrl\":\"https:\\\/\\\/vanderloubet.com.br\\\/deputado\\\/wp-content\\\/litespeed\\\/avatar\\\/88ca4090d9d5ab1c9495f6ca03b68efa.jpg?ver=1777058957\",\"caption\":\"\u00c9der\"}}]}<\/script>\n<!-- \/ Yoast SEO plugin. -->","yoast_head_json":{"title":"Vander visita UFMS e se compromete com projetos de estudantes","robots":{"index":"index","follow":"follow","max-snippet":"max-snippet:-1","max-image-preview":"max-image-preview:large","max-video-preview":"max-video-preview:-1"},"canonical":"https:\/\/vanderloubet.com.br\/deputado\/vander-visita-ufms-e-se-compromete-com-projetos-de-estudantes\/","og_locale":"pt_BR","og_type":"article","og_title":"Vander visita UFMS e se compromete com projetos de estudantes","og_description":"Estudantes apresentaram duas antigas reivindica\u00e7\u00f5es: a Casa do Estudante e a revitaliza\u00e7\u00e3o da \u00e1rea do Auto Cine.","og_url":"https:\/\/vanderloubet.com.br\/deputado\/vander-visita-ufms-e-se-compromete-com-projetos-de-estudantes\/","og_site_name":"Deputado Federal Vander Loubet","article_publisher":"https:\/\/facebook.com\/deputadovander","article_published_time":"2012-03-27T21:07:42+00:00","og_image":[{"url":"http:\/\/www.deputadovander.com.br\/website\/wp-content\/uploads\/2012\/03\/foto-2012-03-27-vander-visita-ufms-01-400x266.jpg","type":"","width":"","height":""}],"author":"\u00c9der","twitter_card":"summary_large_image","twitter_creator":"@vanderloubet","twitter_site":"@vanderloubet","schema":{"@context":"https:\/\/schema.org","@graph":[{"@type":"Article","@id":"https:\/\/vanderloubet.com.br\/deputado\/vander-visita-ufms-e-se-compromete-com-projetos-de-estudantes\/#article","isPartOf":{"@id":"https:\/\/vanderloubet.com.br\/deputado\/vander-visita-ufms-e-se-compromete-com-projetos-de-estudantes\/"},"author":{"name":"\u00c9der","@id":"https:\/\/vanderloubet.com.br\/deputado\/#\/schema\/person\/15b51bd564532a8a68d9dec1b8eb890e"},"headline":"Vander visita UFMS e se compromete com projetos de estudantes","datePublished":"2012-03-27T21:07:42+00:00","mainEntityOfPage":{"@id":"https:\/\/vanderloubet.com.br\/deputado\/vander-visita-ufms-e-se-compromete-com-projetos-de-estudantes\/"},"wordCount":599,"publisher":{"@id":"https:\/\/vanderloubet.com.br\/deputado\/#organization"},"image":{"@id":"https:\/\/vanderloubet.com.br\/deputado\/vander-visita-ufms-e-se-compromete-com-projetos-de-estudantes\/#primaryimage"},"thumbnailUrl":"http:\/\/www.deputadovander.com.br\/website\/wp-content\/uploads\/2012\/03\/foto-2012-03-27-vander-visita-ufms-01-400x266.jpg","keywords":["c\u00e9lia","dce","deputado","educa\u00e7\u00e3o","federal","loubet","maria","mec","minist\u00e9rio","MS","oliveira","PT","reitora","restaurante","ru","ufms","universit\u00e1rio","vander"],"articleSection":["Not\u00edcias"],"inLanguage":"pt-BR"},{"@type":"WebPage","@id":"https:\/\/vanderloubet.com.br\/deputado\/vander-visita-ufms-e-se-compromete-com-projetos-de-estudantes\/","url":"https:\/\/vanderloubet.com.br\/deputado\/vander-visita-ufms-e-se-compromete-com-projetos-de-estudantes\/","name":"Vander visita UFMS e se compromete com projetos de estudantes","isPartOf":{"@id":"https:\/\/vanderloubet.com.br\/deputado\/#website"},"primaryImageOfPage":{"@id":"https:\/\/vanderloubet.com.br\/deputado\/vander-visita-ufms-e-se-compromete-com-projetos-de-estudantes\/#primaryimage"},"image":{"@id":"https:\/\/vanderloubet.com.br\/deputado\/vander-visita-ufms-e-se-compromete-com-projetos-de-estudantes\/#primaryimage"},"thumbnailUrl":"http:\/\/www.deputadovander.com.br\/website\/wp-content\/uploads\/2012\/03\/foto-2012-03-27-vander-visita-ufms-01-400x266.jpg","datePublished":"2012-03-27T21:07:42+00:00","breadcrumb":{"@id":"https:\/\/vanderloubet.com.br\/deputado\/vander-visita-ufms-e-se-compromete-com-projetos-de-estudantes\/#breadcrumb"},"inLanguage":"pt-BR","potentialAction":[{"@type":"ReadAction","target":["https:\/\/vanderloubet.com.br\/deputado\/vander-visita-ufms-e-se-compromete-com-projetos-de-estudantes\/"]}]},{"@type":"ImageObject","inLanguage":"pt-BR","@id":"https:\/\/vanderloubet.com.br\/deputado\/vander-visita-ufms-e-se-compromete-com-projetos-de-estudantes\/#primaryimage","url":"http:\/\/www.deputadovander.com.br\/website\/wp-content\/uploads\/2012\/03\/foto-2012-03-27-vander-visita-ufms-01-400x266.jpg","contentUrl":"http:\/\/www.deputadovander.com.br\/website\/wp-content\/uploads\/2012\/03\/foto-2012-03-27-vander-visita-ufms-01-400x266.jpg"},{"@type":"BreadcrumbList","@id":"https:\/\/vanderloubet.com.br\/deputado\/vander-visita-ufms-e-se-compromete-com-projetos-de-estudantes\/#breadcrumb","itemListElement":[{"@type":"ListItem","position":1,"name":"In\u00edcio","item":"https:\/\/vanderloubet.com.br\/deputado\/"},{"@type":"ListItem","position":2,"name":"Vander visita UFMS e se compromete com projetos de estudantes"}]},{"@type":"WebSite","@id":"https:\/\/vanderloubet.com.br\/deputado\/#website","url":"https:\/\/vanderloubet.com.br\/deputado\/","name":"Deputado Federal Vander Loubet","description":"O Federal de MS","publisher":{"@id":"https:\/\/vanderloubet.com.br\/deputado\/#organization"},"alternateName":"Deputado Vander","potentialAction":[{"@type":"SearchAction","target":{"@type":"EntryPoint","urlTemplate":"https:\/\/vanderloubet.com.br\/deputado\/?s={search_term_string}"},"query-input":{"@type":"PropertyValueSpecification","valueRequired":true,"valueName":"search_term_string"}}],"inLanguage":"pt-BR"},{"@type":"Organization","@id":"https:\/\/vanderloubet.com.br\/deputado\/#organization","name":"Deputado Federal Vander Loubet","alternateName":"Deputado Vander","url":"https:\/\/vanderloubet.com.br\/deputado\/","logo":{"@type":"ImageObject","inLanguage":"pt-BR","@id":"https:\/\/vanderloubet.com.br\/deputado\/#\/schema\/logo\/image\/","url":"https:\/\/vanderloubet.com.br\/deputado\/wp-content\/uploads\/2023\/06\/foto-2023-06-19-mandato-deputado-vander.jpg","contentUrl":"https:\/\/vanderloubet.com.br\/deputado\/wp-content\/uploads\/2023\/06\/foto-2023-06-19-mandato-deputado-vander.jpg","width":1080,"height":1080,"caption":"Deputado Federal Vander Loubet"},"image":{"@id":"https:\/\/vanderloubet.com.br\/deputado\/#\/schema\/logo\/image\/"},"sameAs":["https:\/\/facebook.com\/deputadovander","https:\/\/x.com\/vanderloubet","https:\/\/instagram.com\/vanderloubet","https:\/\/youtube.com\/vanderloubet","https:\/\/tiktok.com\/@vanderloubetms"]},{"@type":"Person","@id":"https:\/\/vanderloubet.com.br\/deputado\/#\/schema\/person\/15b51bd564532a8a68d9dec1b8eb890e","name":"\u00c9der","image":{"@type":"ImageObject","inLanguage":"pt-BR","@id":"https:\/\/vanderloubet.com.br\/deputado\/wp-content\/litespeed\/avatar\/88ca4090d9d5ab1c9495f6ca03b68efa.jpg?ver=1777058957","url":"https:\/\/vanderloubet.com.br\/deputado\/wp-content\/litespeed\/avatar\/88ca4090d9d5ab1c9495f6ca03b68efa.jpg?ver=1777058957","contentUrl":"https:\/\/vanderloubet.com.br\/deputado\/wp-content\/litespeed\/avatar\/88ca4090d9d5ab1c9495f6ca03b68efa.jpg?ver=1777058957","caption":"\u00c9der"}}]}},"jetpack_featured_media_url":"","jetpack_sharing_enabled":true,"_links":{"self":[{"href":"https:\/\/vanderloubet.com.br\/deputado\/wp-json\/wp\/v2\/posts\/4738","targetHints":{"allow":["GET"]}}],"collection":[{"href":"https:\/\/vanderloubet.com.br\/deputado\/wp-json\/wp\/v2\/posts"}],"about":[{"href":"https:\/\/vanderloubet.com.br\/deputado\/wp-json\/wp\/v2\/types\/post"}],"author":[{"embeddable":true,"href":"https:\/\/vanderloubet.com.br\/deputado\/wp-json\/wp\/v2\/users\/2"}],"replies":[{"embeddable":true,"href":"https:\/\/vanderloubet.com.br\/deputado\/wp-json\/wp\/v2\/comments?post=4738"}],"version-history":[{"count":0,"href":"https:\/\/vanderloubet.com.br\/deputado\/wp-json\/wp\/v2\/posts\/4738\/revisions"}],"wp:attachment":[{"href":"https:\/\/vanderloubet.com.br\/deputado\/wp-json\/wp\/v2\/media?parent=4738"}],"wp:term":[{"taxonomy":"category","embeddable":true,"href":"https:\/\/vanderloubet.com.br\/deputado\/wp-json\/wp\/v2\/categories?post=4738"},{"taxonomy":"post_tag","embeddable":true,"href":"https:\/\/vanderloubet.com.br\/deputado\/wp-json\/wp\/v2\/tags?post=4738"}],"curies":[{"name":"wp","href":"https:\/\/api.w.org\/{rel}","templated":true}]}}