{"id":4727,"date":"2012-03-27T13:36:34","date_gmt":"2012-03-27T17:36:34","guid":{"rendered":"http:\/\/www.deputadovander.com.br\/website\/?p=4727"},"modified":"2015-01-06T16:50:43","modified_gmt":"2015-01-06T19:50:43","slug":"vander-reafirma-compromisso-do-pt-com-reforma-agraria-e-agricultura-familiar","status":"publish","type":"post","link":"https:\/\/vanderloubet.com.br\/deputado\/vander-reafirma-compromisso-do-pt-com-reforma-agraria-e-agricultura-familiar\/","title":{"rendered":"Vander reafirma compromisso do PT com piscicultura e agricultura familiar em MS"},"content":{"rendered":"<figure id=\"attachment_8533\" aria-describedby=\"caption-attachment-8533\" style=\"width: 700px\" class=\"wp-caption alignnone\"><a href=\"http:\/\/vanderloubet.com.br\/deputado\/wp-content\/uploads\/2012\/03\/foto-2012-03-27-vander-loubet-entrevista.jpg\" target=\"_blank\"><img decoding=\"async\" class=\"wp-image-8533 size-large\" title=\"Vander foi entrevistado pela R\u00e1dio TV PT em Bras\u00edlia\" src=\"http:\/\/vanderloubet.com.br\/deputado\/wp-content\/uploads\/2012\/03\/foto-2012-03-27-vander-loubet-entrevista-700x394.jpg\" alt=\"Vander foi entrevistado pela R\u00e1dio TV PT em Bras\u00edlia\" width=\"700\" height=\"394\" srcset=\"https:\/\/vanderloubet.com.br\/deputado\/wp-content\/uploads\/2012\/03\/foto-2012-03-27-vander-loubet-entrevista-700x394.jpg 700w, https:\/\/vanderloubet.com.br\/deputado\/wp-content\/uploads\/2012\/03\/foto-2012-03-27-vander-loubet-entrevista-350x197.jpg 350w, https:\/\/vanderloubet.com.br\/deputado\/wp-content\/uploads\/2012\/03\/foto-2012-03-27-vander-loubet-entrevista-768x432.jpg 768w, https:\/\/vanderloubet.com.br\/deputado\/wp-content\/uploads\/2012\/03\/foto-2012-03-27-vander-loubet-entrevista-747x420.jpg 747w, https:\/\/vanderloubet.com.br\/deputado\/wp-content\/uploads\/2012\/03\/foto-2012-03-27-vander-loubet-entrevista-696x391.jpg 696w, https:\/\/vanderloubet.com.br\/deputado\/wp-content\/uploads\/2012\/03\/foto-2012-03-27-vander-loubet-entrevista.jpg 900w\" sizes=\"(max-width: 700px) 100vw, 700px\" \/><\/a><figcaption id=\"caption-attachment-8533\" class=\"wp-caption-text\">Vander foi entrevistado pela R\u00e1dio TV PT em Bras\u00edlia<\/figcaption><\/figure>\n<p>O deputado federal pelo PT do Mato Grosso do Sul, Vander Loubet, <a title=\"Link\" href=\"http:\/\/vanderloubet.com.br\/deputado\/em-entrevista-vander-reafirma-compromisso-do-pt-com-a-agricultura-familiar\/\" target=\"_blank\">participou do programa &#8220;R\u00e1dio TV PT Entrevista&#8221;<\/a> na semana passada. Nas pr\u00f3ximas semanas, o estado vai receber um programa do governo federal com o objetivo de beneficiar os agricultores familiares, principalmente aqueles ligados \u00e0 aquicultura.<\/p>\n<p>&#8220;N\u00f3s desenvolvemos um programa com a Funda\u00e7\u00e3o Projeto Pacu, que \u00e9 pioneira na procria\u00e7\u00e3o de alevinos em cativeiro. Por meio de uma emenda vamos entregar retroescavadeiras para treze munic\u00edpios de Mato Grosso do Sul &#8211; onde ser\u00e1 desenvolvida a piscicultura em assentamentos e pequenas propriedades &#8211; e equipamentos para um frigor\u00edfico de pescado em Dois Irm\u00e3os do Buriti. Com certeza essa a\u00e7\u00e3o contribuir\u00e1 muito para o aumento da renda familiar desses assentados. Estou convencido de que a melhor forma de viabilizar os assentamentos \u00e9 por esse caminho, porque a piscicultura envolve n\u00e3o s\u00f3 o assentado, mas os filhos do assentado, a fam\u00edlia toda. S\u00f3 para se ter uma id\u00e9ia: cada tanque pode gerar uma renda de R$ 900 a R$ 1.200 reais por m\u00eas&#8221;, explicou o deputado.<\/p>\n<p>O parlamentar ainda destaca na entrevista que a milit\u00e2ncia do partido est\u00e1 engajada em todos os projetos que est\u00e3o alavancando o crescimento de Mato Grosso do Sul.<\/p>\n<p>&#8220;O PT tem um compromisso no nosso governo, na nossa hist\u00f3ria. Um compromisso com a reforma agr\u00e1ria, com a agricultura familiar, com o pessoal da terra que sempre foi muito penalizado, nunca teve cr\u00e9dito, nunca teve assist\u00eancia t\u00e9cnica, nunca teve financiamento e, principalmente, programas que pudessem atend\u00ea-los. N\u00f3s temos agora &#8211; e nos orgulha muito nesses oito anos do presidente Lula e agora da nossa presidenta Dilma &#8211; pol\u00edticas e programas que atendem a essas fam\u00edlias. Contribu\u00edmos muito para o Brasil chegar nas condi\u00e7\u00f5es de hoje, com distribui\u00e7\u00e3o de renda, com as pessoas consumindo mais e a economia interna forte&#8221;, enfatiza Vander.<\/p>\n<p><em>(Fonte: Ana Claudia Feltrim &#8211; R\u00e1dio TV PT)<\/em><\/p>\n","protected":false},"excerpt":{"rendered":"<p>\u00c0 R\u00e1dio TV PT, o deputado falou sobre programa federal de aquicultura desenvolvido em MS para beneficiar assentamentos.<\/p>\n","protected":false},"author":2,"featured_media":8533,"comment_status":"closed","ping_status":"open","sticky":false,"template":"","format":"standard","meta":{"jetpack_post_was_ever_published":false,"_jetpack_newsletter_access":"","_jetpack_dont_email_post_to_subs":false,"_jetpack_newsletter_tier_id":0,"_jetpack_memberships_contains_paywalled_content":false,"_jetpack_memberships_contains_paid_content":false,"footnotes":""},"categories":[2099,10],"tags":[2276,2275,1549],"class_list":{"0":"post-4727","1":"post","2":"type-post","3":"status-publish","4":"format-standard","5":"has-post-thumbnail","7":"category-ms-noticias","8":"category-noticias","9":"tag-escavadeira-hidraulica","10":"tag-ministerio-da-pesca-e-aquicultura","11":"tag-piscicultura"},"yoast_head":"<!-- This site is optimized with the Yoast SEO plugin v27.4 - https:\/\/yoast.com\/product\/yoast-seo-wordpress\/ -->\n<title>Vander reafirma compromisso do PT com piscicultura e agricultura familiar em MS<\/title>\n<meta name=\"robots\" content=\"index, follow, max-snippet:-1, max-image-preview:large, max-video-preview:-1\" \/>\n<link rel=\"canonical\" href=\"https:\/\/vanderloubet.com.br\/deputado\/vander-reafirma-compromisso-do-pt-com-reforma-agraria-e-agricultura-familiar\/\" \/>\n<meta property=\"og:locale\" content=\"pt_BR\" \/>\n<meta property=\"og:type\" content=\"article\" \/>\n<meta property=\"og:title\" content=\"Vander reafirma compromisso do PT com piscicultura e agricultura familiar em MS\" \/>\n<meta property=\"og:description\" content=\"\u00c0 R\u00e1dio TV PT, o deputado falou sobre programa federal de aquicultura desenvolvido em MS para beneficiar assentamentos.\" \/>\n<meta property=\"og:url\" content=\"https:\/\/vanderloubet.com.br\/deputado\/vander-reafirma-compromisso-do-pt-com-reforma-agraria-e-agricultura-familiar\/\" \/>\n<meta property=\"og:site_name\" content=\"Deputado Federal Vander Loubet\" \/>\n<meta property=\"article:publisher\" content=\"https:\/\/facebook.com\/deputadovander\" \/>\n<meta property=\"article:published_time\" content=\"2012-03-27T17:36:34+00:00\" \/>\n<meta property=\"article:modified_time\" content=\"2015-01-06T19:50:43+00:00\" \/>\n<meta property=\"og:image\" content=\"https:\/\/vanderloubet.com.br\/deputado\/wp-content\/uploads\/2012\/03\/foto-2012-03-27-vander-loubet-entrevista.jpg\" \/>\n\t<meta property=\"og:image:width\" content=\"1200\" \/>\n\t<meta property=\"og:image:height\" content=\"675\" \/>\n\t<meta property=\"og:image:type\" content=\"image\/jpeg\" \/>\n<meta name=\"author\" content=\"\u00c9der\" \/>\n<meta name=\"twitter:card\" content=\"summary_large_image\" \/>\n<meta name=\"twitter:creator\" content=\"@vanderloubet\" \/>\n<meta name=\"twitter:site\" content=\"@vanderloubet\" \/>\n<script type=\"application\/ld+json\" class=\"yoast-schema-graph\">{\"@context\":\"https:\\\/\\\/schema.org\",\"@graph\":[{\"@type\":\"Article\",\"@id\":\"https:\\\/\\\/vanderloubet.com.br\\\/deputado\\\/vander-reafirma-compromisso-do-pt-com-reforma-agraria-e-agricultura-familiar\\\/#article\",\"isPartOf\":{\"@id\":\"https:\\\/\\\/vanderloubet.com.br\\\/deputado\\\/vander-reafirma-compromisso-do-pt-com-reforma-agraria-e-agricultura-familiar\\\/\"},\"author\":{\"name\":\"\u00c9der\",\"@id\":\"https:\\\/\\\/vanderloubet.com.br\\\/deputado\\\/#\\\/schema\\\/person\\\/15b51bd564532a8a68d9dec1b8eb890e\"},\"headline\":\"Vander reafirma compromisso do PT com piscicultura e agricultura familiar em MS\",\"datePublished\":\"2012-03-27T17:36:34+00:00\",\"dateModified\":\"2015-01-06T19:50:43+00:00\",\"mainEntityOfPage\":{\"@id\":\"https:\\\/\\\/vanderloubet.com.br\\\/deputado\\\/vander-reafirma-compromisso-do-pt-com-reforma-agraria-e-agricultura-familiar\\\/\"},\"wordCount\":364,\"publisher\":{\"@id\":\"https:\\\/\\\/vanderloubet.com.br\\\/deputado\\\/#organization\"},\"image\":{\"@id\":\"https:\\\/\\\/vanderloubet.com.br\\\/deputado\\\/vander-reafirma-compromisso-do-pt-com-reforma-agraria-e-agricultura-familiar\\\/#primaryimage\"},\"thumbnailUrl\":\"https:\\\/\\\/vanderloubet.com.br\\\/deputado\\\/wp-content\\\/uploads\\\/2012\\\/03\\\/foto-2012-03-27-vander-loubet-entrevista.jpg\",\"keywords\":[\"escavadeira hidr\u00e1ulica\",\"minist\u00e9rio da pesca e aquicultura\",\"piscicultura\"],\"articleSection\":[\"Mato Grosso do Sul\",\"Not\u00edcias\"],\"inLanguage\":\"pt-BR\"},{\"@type\":\"WebPage\",\"@id\":\"https:\\\/\\\/vanderloubet.com.br\\\/deputado\\\/vander-reafirma-compromisso-do-pt-com-reforma-agraria-e-agricultura-familiar\\\/\",\"url\":\"https:\\\/\\\/vanderloubet.com.br\\\/deputado\\\/vander-reafirma-compromisso-do-pt-com-reforma-agraria-e-agricultura-familiar\\\/\",\"name\":\"Vander reafirma compromisso do PT com piscicultura e agricultura familiar em MS\",\"isPartOf\":{\"@id\":\"https:\\\/\\\/vanderloubet.com.br\\\/deputado\\\/#website\"},\"primaryImageOfPage\":{\"@id\":\"https:\\\/\\\/vanderloubet.com.br\\\/deputado\\\/vander-reafirma-compromisso-do-pt-com-reforma-agraria-e-agricultura-familiar\\\/#primaryimage\"},\"image\":{\"@id\":\"https:\\\/\\\/vanderloubet.com.br\\\/deputado\\\/vander-reafirma-compromisso-do-pt-com-reforma-agraria-e-agricultura-familiar\\\/#primaryimage\"},\"thumbnailUrl\":\"https:\\\/\\\/vanderloubet.com.br\\\/deputado\\\/wp-content\\\/uploads\\\/2012\\\/03\\\/foto-2012-03-27-vander-loubet-entrevista.jpg\",\"datePublished\":\"2012-03-27T17:36:34+00:00\",\"dateModified\":\"2015-01-06T19:50:43+00:00\",\"breadcrumb\":{\"@id\":\"https:\\\/\\\/vanderloubet.com.br\\\/deputado\\\/vander-reafirma-compromisso-do-pt-com-reforma-agraria-e-agricultura-familiar\\\/#breadcrumb\"},\"inLanguage\":\"pt-BR\",\"potentialAction\":[{\"@type\":\"ReadAction\",\"target\":[\"https:\\\/\\\/vanderloubet.com.br\\\/deputado\\\/vander-reafirma-compromisso-do-pt-com-reforma-agraria-e-agricultura-familiar\\\/\"]}]},{\"@type\":\"ImageObject\",\"inLanguage\":\"pt-BR\",\"@id\":\"https:\\\/\\\/vanderloubet.com.br\\\/deputado\\\/vander-reafirma-compromisso-do-pt-com-reforma-agraria-e-agricultura-familiar\\\/#primaryimage\",\"url\":\"https:\\\/\\\/vanderloubet.com.br\\\/deputado\\\/wp-content\\\/uploads\\\/2012\\\/03\\\/foto-2012-03-27-vander-loubet-entrevista.jpg\",\"contentUrl\":\"https:\\\/\\\/vanderloubet.com.br\\\/deputado\\\/wp-content\\\/uploads\\\/2012\\\/03\\\/foto-2012-03-27-vander-loubet-entrevista.jpg\",\"width\":900,\"height\":506,\"caption\":\"Vander foi entrevistado pela R\u00e1dio TV PT em Bras\u00edlia\"},{\"@type\":\"BreadcrumbList\",\"@id\":\"https:\\\/\\\/vanderloubet.com.br\\\/deputado\\\/vander-reafirma-compromisso-do-pt-com-reforma-agraria-e-agricultura-familiar\\\/#breadcrumb\",\"itemListElement\":[{\"@type\":\"ListItem\",\"position\":1,\"name\":\"In\u00edcio\",\"item\":\"https:\\\/\\\/vanderloubet.com.br\\\/deputado\\\/\"},{\"@type\":\"ListItem\",\"position\":2,\"name\":\"Vander reafirma compromisso do PT com piscicultura e agricultura familiar em MS\"}]},{\"@type\":\"WebSite\",\"@id\":\"https:\\\/\\\/vanderloubet.com.br\\\/deputado\\\/#website\",\"url\":\"https:\\\/\\\/vanderloubet.com.br\\\/deputado\\\/\",\"name\":\"Deputado Federal Vander Loubet\",\"description\":\"O Federal de MS\",\"publisher\":{\"@id\":\"https:\\\/\\\/vanderloubet.com.br\\\/deputado\\\/#organization\"},\"alternateName\":\"Deputado Vander\",\"potentialAction\":[{\"@type\":\"SearchAction\",\"target\":{\"@type\":\"EntryPoint\",\"urlTemplate\":\"https:\\\/\\\/vanderloubet.com.br\\\/deputado\\\/?s={search_term_string}\"},\"query-input\":{\"@type\":\"PropertyValueSpecification\",\"valueRequired\":true,\"valueName\":\"search_term_string\"}}],\"inLanguage\":\"pt-BR\"},{\"@type\":\"Organization\",\"@id\":\"https:\\\/\\\/vanderloubet.com.br\\\/deputado\\\/#organization\",\"name\":\"Deputado Federal Vander Loubet\",\"alternateName\":\"Deputado Vander\",\"url\":\"https:\\\/\\\/vanderloubet.com.br\\\/deputado\\\/\",\"logo\":{\"@type\":\"ImageObject\",\"inLanguage\":\"pt-BR\",\"@id\":\"https:\\\/\\\/vanderloubet.com.br\\\/deputado\\\/#\\\/schema\\\/logo\\\/image\\\/\",\"url\":\"https:\\\/\\\/vanderloubet.com.br\\\/deputado\\\/wp-content\\\/uploads\\\/2023\\\/06\\\/foto-2023-06-19-mandato-deputado-vander.jpg\",\"contentUrl\":\"https:\\\/\\\/vanderloubet.com.br\\\/deputado\\\/wp-content\\\/uploads\\\/2023\\\/06\\\/foto-2023-06-19-mandato-deputado-vander.jpg\",\"width\":1080,\"height\":1080,\"caption\":\"Deputado Federal Vander Loubet\"},\"image\":{\"@id\":\"https:\\\/\\\/vanderloubet.com.br\\\/deputado\\\/#\\\/schema\\\/logo\\\/image\\\/\"},\"sameAs\":[\"https:\\\/\\\/facebook.com\\\/deputadovander\",\"https:\\\/\\\/x.com\\\/vanderloubet\",\"https:\\\/\\\/instagram.com\\\/vanderloubet\",\"https:\\\/\\\/youtube.com\\\/vanderloubet\",\"https:\\\/\\\/tiktok.com\\\/@vanderloubetms\"]},{\"@type\":\"Person\",\"@id\":\"https:\\\/\\\/vanderloubet.com.br\\\/deputado\\\/#\\\/schema\\\/person\\\/15b51bd564532a8a68d9dec1b8eb890e\",\"name\":\"\u00c9der\",\"image\":{\"@type\":\"ImageObject\",\"inLanguage\":\"pt-BR\",\"@id\":\"https:\\\/\\\/vanderloubet.com.br\\\/deputado\\\/wp-content\\\/litespeed\\\/avatar\\\/88ca4090d9d5ab1c9495f6ca03b68efa.jpg?ver=1777058957\",\"url\":\"https:\\\/\\\/vanderloubet.com.br\\\/deputado\\\/wp-content\\\/litespeed\\\/avatar\\\/88ca4090d9d5ab1c9495f6ca03b68efa.jpg?ver=1777058957\",\"contentUrl\":\"https:\\\/\\\/vanderloubet.com.br\\\/deputado\\\/wp-content\\\/litespeed\\\/avatar\\\/88ca4090d9d5ab1c9495f6ca03b68efa.jpg?ver=1777058957\",\"caption\":\"\u00c9der\"}}]}<\/script>\n<!-- \/ Yoast SEO plugin. -->","yoast_head_json":{"title":"Vander reafirma compromisso do PT com piscicultura e agricultura familiar em MS","robots":{"index":"index","follow":"follow","max-snippet":"max-snippet:-1","max-image-preview":"max-image-preview:large","max-video-preview":"max-video-preview:-1"},"canonical":"https:\/\/vanderloubet.com.br\/deputado\/vander-reafirma-compromisso-do-pt-com-reforma-agraria-e-agricultura-familiar\/","og_locale":"pt_BR","og_type":"article","og_title":"Vander reafirma compromisso do PT com piscicultura e agricultura familiar em MS","og_description":"\u00c0 R\u00e1dio TV PT, o deputado falou sobre programa federal de aquicultura desenvolvido em MS para beneficiar assentamentos.","og_url":"https:\/\/vanderloubet.com.br\/deputado\/vander-reafirma-compromisso-do-pt-com-reforma-agraria-e-agricultura-familiar\/","og_site_name":"Deputado Federal Vander Loubet","article_publisher":"https:\/\/facebook.com\/deputadovander","article_published_time":"2012-03-27T17:36:34+00:00","article_modified_time":"2015-01-06T19:50:43+00:00","og_image":[{"width":1200,"height":675,"url":"https:\/\/vanderloubet.com.br\/deputado\/wp-content\/uploads\/2012\/03\/foto-2012-03-27-vander-loubet-entrevista.jpg","type":"image\/jpeg"}],"author":"\u00c9der","twitter_card":"summary_large_image","twitter_creator":"@vanderloubet","twitter_site":"@vanderloubet","schema":{"@context":"https:\/\/schema.org","@graph":[{"@type":"Article","@id":"https:\/\/vanderloubet.com.br\/deputado\/vander-reafirma-compromisso-do-pt-com-reforma-agraria-e-agricultura-familiar\/#article","isPartOf":{"@id":"https:\/\/vanderloubet.com.br\/deputado\/vander-reafirma-compromisso-do-pt-com-reforma-agraria-e-agricultura-familiar\/"},"author":{"name":"\u00c9der","@id":"https:\/\/vanderloubet.com.br\/deputado\/#\/schema\/person\/15b51bd564532a8a68d9dec1b8eb890e"},"headline":"Vander reafirma compromisso do PT com piscicultura e agricultura familiar em MS","datePublished":"2012-03-27T17:36:34+00:00","dateModified":"2015-01-06T19:50:43+00:00","mainEntityOfPage":{"@id":"https:\/\/vanderloubet.com.br\/deputado\/vander-reafirma-compromisso-do-pt-com-reforma-agraria-e-agricultura-familiar\/"},"wordCount":364,"publisher":{"@id":"https:\/\/vanderloubet.com.br\/deputado\/#organization"},"image":{"@id":"https:\/\/vanderloubet.com.br\/deputado\/vander-reafirma-compromisso-do-pt-com-reforma-agraria-e-agricultura-familiar\/#primaryimage"},"thumbnailUrl":"https:\/\/vanderloubet.com.br\/deputado\/wp-content\/uploads\/2012\/03\/foto-2012-03-27-vander-loubet-entrevista.jpg","keywords":["escavadeira hidr\u00e1ulica","minist\u00e9rio da pesca e aquicultura","piscicultura"],"articleSection":["Mato Grosso do Sul","Not\u00edcias"],"inLanguage":"pt-BR"},{"@type":"WebPage","@id":"https:\/\/vanderloubet.com.br\/deputado\/vander-reafirma-compromisso-do-pt-com-reforma-agraria-e-agricultura-familiar\/","url":"https:\/\/vanderloubet.com.br\/deputado\/vander-reafirma-compromisso-do-pt-com-reforma-agraria-e-agricultura-familiar\/","name":"Vander reafirma compromisso do PT com piscicultura e agricultura familiar em MS","isPartOf":{"@id":"https:\/\/vanderloubet.com.br\/deputado\/#website"},"primaryImageOfPage":{"@id":"https:\/\/vanderloubet.com.br\/deputado\/vander-reafirma-compromisso-do-pt-com-reforma-agraria-e-agricultura-familiar\/#primaryimage"},"image":{"@id":"https:\/\/vanderloubet.com.br\/deputado\/vander-reafirma-compromisso-do-pt-com-reforma-agraria-e-agricultura-familiar\/#primaryimage"},"thumbnailUrl":"https:\/\/vanderloubet.com.br\/deputado\/wp-content\/uploads\/2012\/03\/foto-2012-03-27-vander-loubet-entrevista.jpg","datePublished":"2012-03-27T17:36:34+00:00","dateModified":"2015-01-06T19:50:43+00:00","breadcrumb":{"@id":"https:\/\/vanderloubet.com.br\/deputado\/vander-reafirma-compromisso-do-pt-com-reforma-agraria-e-agricultura-familiar\/#breadcrumb"},"inLanguage":"pt-BR","potentialAction":[{"@type":"ReadAction","target":["https:\/\/vanderloubet.com.br\/deputado\/vander-reafirma-compromisso-do-pt-com-reforma-agraria-e-agricultura-familiar\/"]}]},{"@type":"ImageObject","inLanguage":"pt-BR","@id":"https:\/\/vanderloubet.com.br\/deputado\/vander-reafirma-compromisso-do-pt-com-reforma-agraria-e-agricultura-familiar\/#primaryimage","url":"https:\/\/vanderloubet.com.br\/deputado\/wp-content\/uploads\/2012\/03\/foto-2012-03-27-vander-loubet-entrevista.jpg","contentUrl":"https:\/\/vanderloubet.com.br\/deputado\/wp-content\/uploads\/2012\/03\/foto-2012-03-27-vander-loubet-entrevista.jpg","width":900,"height":506,"caption":"Vander foi entrevistado pela R\u00e1dio TV PT em Bras\u00edlia"},{"@type":"BreadcrumbList","@id":"https:\/\/vanderloubet.com.br\/deputado\/vander-reafirma-compromisso-do-pt-com-reforma-agraria-e-agricultura-familiar\/#breadcrumb","itemListElement":[{"@type":"ListItem","position":1,"name":"In\u00edcio","item":"https:\/\/vanderloubet.com.br\/deputado\/"},{"@type":"ListItem","position":2,"name":"Vander reafirma compromisso do PT com piscicultura e agricultura familiar em MS"}]},{"@type":"WebSite","@id":"https:\/\/vanderloubet.com.br\/deputado\/#website","url":"https:\/\/vanderloubet.com.br\/deputado\/","name":"Deputado Federal Vander Loubet","description":"O Federal de MS","publisher":{"@id":"https:\/\/vanderloubet.com.br\/deputado\/#organization"},"alternateName":"Deputado Vander","potentialAction":[{"@type":"SearchAction","target":{"@type":"EntryPoint","urlTemplate":"https:\/\/vanderloubet.com.br\/deputado\/?s={search_term_string}"},"query-input":{"@type":"PropertyValueSpecification","valueRequired":true,"valueName":"search_term_string"}}],"inLanguage":"pt-BR"},{"@type":"Organization","@id":"https:\/\/vanderloubet.com.br\/deputado\/#organization","name":"Deputado Federal Vander Loubet","alternateName":"Deputado Vander","url":"https:\/\/vanderloubet.com.br\/deputado\/","logo":{"@type":"ImageObject","inLanguage":"pt-BR","@id":"https:\/\/vanderloubet.com.br\/deputado\/#\/schema\/logo\/image\/","url":"https:\/\/vanderloubet.com.br\/deputado\/wp-content\/uploads\/2023\/06\/foto-2023-06-19-mandato-deputado-vander.jpg","contentUrl":"https:\/\/vanderloubet.com.br\/deputado\/wp-content\/uploads\/2023\/06\/foto-2023-06-19-mandato-deputado-vander.jpg","width":1080,"height":1080,"caption":"Deputado Federal Vander Loubet"},"image":{"@id":"https:\/\/vanderloubet.com.br\/deputado\/#\/schema\/logo\/image\/"},"sameAs":["https:\/\/facebook.com\/deputadovander","https:\/\/x.com\/vanderloubet","https:\/\/instagram.com\/vanderloubet","https:\/\/youtube.com\/vanderloubet","https:\/\/tiktok.com\/@vanderloubetms"]},{"@type":"Person","@id":"https:\/\/vanderloubet.com.br\/deputado\/#\/schema\/person\/15b51bd564532a8a68d9dec1b8eb890e","name":"\u00c9der","image":{"@type":"ImageObject","inLanguage":"pt-BR","@id":"https:\/\/vanderloubet.com.br\/deputado\/wp-content\/litespeed\/avatar\/88ca4090d9d5ab1c9495f6ca03b68efa.jpg?ver=1777058957","url":"https:\/\/vanderloubet.com.br\/deputado\/wp-content\/litespeed\/avatar\/88ca4090d9d5ab1c9495f6ca03b68efa.jpg?ver=1777058957","contentUrl":"https:\/\/vanderloubet.com.br\/deputado\/wp-content\/litespeed\/avatar\/88ca4090d9d5ab1c9495f6ca03b68efa.jpg?ver=1777058957","caption":"\u00c9der"}}]}},"jetpack_featured_media_url":"https:\/\/vanderloubet.com.br\/deputado\/wp-content\/uploads\/2012\/03\/foto-2012-03-27-vander-loubet-entrevista.jpg","jetpack_sharing_enabled":true,"_links":{"self":[{"href":"https:\/\/vanderloubet.com.br\/deputado\/wp-json\/wp\/v2\/posts\/4727","targetHints":{"allow":["GET"]}}],"collection":[{"href":"https:\/\/vanderloubet.com.br\/deputado\/wp-json\/wp\/v2\/posts"}],"about":[{"href":"https:\/\/vanderloubet.com.br\/deputado\/wp-json\/wp\/v2\/types\/post"}],"author":[{"embeddable":true,"href":"https:\/\/vanderloubet.com.br\/deputado\/wp-json\/wp\/v2\/users\/2"}],"replies":[{"embeddable":true,"href":"https:\/\/vanderloubet.com.br\/deputado\/wp-json\/wp\/v2\/comments?post=4727"}],"version-history":[{"count":0,"href":"https:\/\/vanderloubet.com.br\/deputado\/wp-json\/wp\/v2\/posts\/4727\/revisions"}],"wp:featuredmedia":[{"embeddable":true,"href":"https:\/\/vanderloubet.com.br\/deputado\/wp-json\/wp\/v2\/media\/8533"}],"wp:attachment":[{"href":"https:\/\/vanderloubet.com.br\/deputado\/wp-json\/wp\/v2\/media?parent=4727"}],"wp:term":[{"taxonomy":"category","embeddable":true,"href":"https:\/\/vanderloubet.com.br\/deputado\/wp-json\/wp\/v2\/categories?post=4727"},{"taxonomy":"post_tag","embeddable":true,"href":"https:\/\/vanderloubet.com.br\/deputado\/wp-json\/wp\/v2\/tags?post=4727"}],"curies":[{"name":"wp","href":"https:\/\/api.w.org\/{rel}","templated":true}]}}