{"id":4667,"date":"2012-03-21T13:20:48","date_gmt":"2012-03-21T17:20:48","guid":{"rendered":"http:\/\/www.deputadovander.com.br\/website\/?p=4667"},"modified":"2012-03-21T13:20:48","modified_gmt":"2012-03-21T17:20:48","slug":"com-emenda-de-vander-exercito-constroi-poliesportivo-na-fronteira","status":"publish","type":"post","link":"https:\/\/vanderloubet.com.br\/deputado\/com-emenda-de-vander-exercito-constroi-poliesportivo-na-fronteira\/","title":{"rendered":"Com emenda de Vander, Ex\u00e9rcito constr\u00f3i poliesportivo na fronteira"},"content":{"rendered":"<figure id=\"attachment_4668\" aria-describedby=\"caption-attachment-4668\" style=\"width: 378px\" class=\"wp-caption aligncenter\"><a href=\"http:\/\/www.deputadovander.com.br\/website\/wp-content\/uploads\/2012\/03\/foto-2012-03-21-ginasio-exercito-ponta-pora.jpg\" target=\"_blank\"><img decoding=\"async\" class=\"size-medium wp-image-4668 \" title=\"foto-2012-03-21-ginasio-exercito-ponta-pora\" src=\"http:\/\/www.deputadovander.com.br\/website\/wp-content\/uploads\/2012\/03\/foto-2012-03-21-ginasio-exercito-ponta-pora-378x400.jpg\" alt=\"Gin\u00e1sio est\u00e1 sendo constru\u00eddo no Clube dos Subtenentes e Sargentos\" width=\"378\" height=\"400\" \/><\/a><figcaption id=\"caption-attachment-4668\" class=\"wp-caption-text\">Gin\u00e1sio est\u00e1 sendo constru\u00eddo no Clube dos Subtenentes e Sargentos<\/figcaption><\/figure>\n<p>Iniciadas no dia 27 de janeiro deste ano, as obras do Gin\u00e1sio Poliesportivo do 11\u00ba Regimento de Cavalaria Mecanizada, em Ponta Por\u00e3, materializam antigo sonho dessa querida e tradicional unidade do Ex\u00e9rcito na fronteira com o Paraguai. O investimento foi assegurado gra\u00e7as a uma emenda parlamentar do deputado federal Vander Loubet (PT-MS), no valor de R$ 1 milh\u00e3o, consolidando um compromisso que assumiu em mar\u00e7o do ano passado, quando, em jantar no C\u00edrculo Militar de Ponta Por\u00e3, aconteceu a apresenta\u00e7\u00e3o oficial do projeto do poliesportivo.<\/p>\n<p>No evento, a import\u00e2ncia da obra foi ressaltada por diversas autoridades &#8211; entre as quais o comandante militar do Oeste na \u00e9poca, general Ferrarezi &#8211; e lideran\u00e7as sociais, pol\u00edticas e empresariais. No in\u00edcio das obras estiveram presentes o coronel Monteiro de Castro (comandante j\u00e1 substitu\u00eddo), o tenente-coronel Paulo Filho (atual titular do Comando), o deputado Vander e a engenheira respons\u00e1vel pela obra.<\/p>\n<p>O gin\u00e1sio do 11\u00ba Rec Mec, que est\u00e1 sendo constru\u00eddo na \u00e1rea do Clube dos Subtenentes e Sargentos, ter\u00e1 infraestrutura completa, com quadra poliesportiva, arquibancada (com capacidade para 200 pessoas sentadas), vesti\u00e1rios e sala de muscula\u00e7\u00e3o. O Ex\u00e9rcito, por meio de complementa\u00e7\u00e3o de cr\u00e9dito, incrementou mais a obra investindo na constru\u00e7\u00e3o da cobertura e no aquecimento da piscina, para que esta possa ser utilizada em todas as esta\u00e7\u00f5es do ano.<\/p>\n<figure id=\"attachment_4670\" aria-describedby=\"caption-attachment-4670\" style=\"width: 400px\" class=\"wp-caption aligncenter\"><a href=\"http:\/\/www.deputadovander.com.br\/website\/wp-content\/uploads\/2012\/03\/foto-2012-03-21-vander-circulo-militar-ponta-pora.jpg\" target=\"_blank\"><img decoding=\"async\" class=\"size-medium wp-image-4670 \" title=\"foto-2012-03-21-vander-circulo-militar-ponta-pora\" src=\"http:\/\/www.deputadovander.com.br\/website\/wp-content\/uploads\/2012\/03\/foto-2012-03-21-vander-circulo-militar-ponta-pora-400x266.jpg\" alt=\"Militares apresentaram o projeto a Vander no C\u00edrculo Militar\" width=\"400\" height=\"266\" \/><\/a><figcaption id=\"caption-attachment-4670\" class=\"wp-caption-text\">Militares apresentaram o projeto a Vander no C\u00edrculo Militar<\/figcaption><\/figure>\n<p>&#8220;As nossas For\u00e7as Armadas t\u00eam cumprido um papel de excepcional dimens\u00e3o social, cultural e de fortalecimento dos la\u00e7os afetivos nestas regi\u00f5es de fronteira. A emenda que apresentei \u00e9 uma obriga\u00e7\u00e3o pol\u00edtica, mas acima de tudo foi apresentada no impulso do respeito e do carinho que cultivo pelo Ex\u00e9rcito&#8221;, salientou Vander.<\/p>\n<p>O Comando do 11\u00ba Rec Mec real\u00e7a o alcance da obra n\u00e3o s\u00f3 pelo benef\u00edcio direto ao destacamento, mas pelo aproveitamento comunit\u00e1rio que se desenha. O gin\u00e1sio tamb\u00e9m atender\u00e1 o Munic\u00edpio e oferecer\u00e1 melhor estrutura para iniciativas de inclus\u00e3o social como o Profesp (Projeto For\u00e7a no Esporte), que fomenta as pr\u00e1ticas esportivas e aulas de Educa\u00e7\u00e3o F\u00edsica para 200 crian\u00e7as.<\/p>\n<p><span style=\"font-size: 11px;\">(Edson Moraes &#8211; Assessoria\/Deputado Vander)<\/span><\/p>\n","protected":false},"excerpt":{"rendered":"<p>Gin\u00e1sio do 11\u00ba Rec Mec, que est\u00e1 sendo constru\u00eddo no Clube dos Subtenentes e Sargentos, ter\u00e1 papel social.<\/p>\n","protected":false},"author":2,"featured_media":0,"comment_status":"closed","ping_status":"open","sticky":false,"template":"","format":"standard","meta":{"jetpack_post_was_ever_published":false,"_jetpack_newsletter_access":"","_jetpack_dont_email_post_to_subs":false,"_jetpack_newsletter_tier_id":0,"_jetpack_memberships_contains_paywalled_content":false,"_jetpack_memberships_contains_paid_content":false,"footnotes":""},"categories":[10],"tags":[387,608,709,774,807,880,920,1178,1254,1336,1408,1472,1575,1579,1585,1655,1699,2033],"class_list":{"0":"post-4667","1":"post","2":"type-post","3":"status-publish","4":"format-standard","6":"category-noticias","7":"tag-cavalaria","8":"tag-deputado","9":"tag-emenda","10":"tag-exercito","11":"tag-federal","12":"tag-fronteira","13":"tag-ginasio","14":"tag-loubet","15":"tag-mecanizada","16":"tag-ms","17":"tag-obra","18":"tag-paraguai","19":"tag-poliesportivo","20":"tag-ponta","21":"tag-pora","22":"tag-pt","23":"tag-regimento","24":"tag-vander"},"yoast_head":"<!-- This site is optimized with the Yoast SEO plugin v27.4 - https:\/\/yoast.com\/product\/yoast-seo-wordpress\/ -->\n<title>Com emenda de Vander, Ex\u00e9rcito constr\u00f3i poliesportivo na fronteira<\/title>\n<meta name=\"robots\" content=\"index, follow, max-snippet:-1, max-image-preview:large, max-video-preview:-1\" \/>\n<link rel=\"canonical\" href=\"https:\/\/vanderloubet.com.br\/deputado\/com-emenda-de-vander-exercito-constroi-poliesportivo-na-fronteira\/\" \/>\n<meta property=\"og:locale\" content=\"pt_BR\" \/>\n<meta property=\"og:type\" content=\"article\" \/>\n<meta property=\"og:title\" content=\"Com emenda de Vander, Ex\u00e9rcito constr\u00f3i poliesportivo na fronteira\" \/>\n<meta property=\"og:description\" content=\"Gin\u00e1sio do 11\u00ba Rec Mec, que est\u00e1 sendo constru\u00eddo no Clube dos Subtenentes e Sargentos, ter\u00e1 papel social.\" \/>\n<meta property=\"og:url\" content=\"https:\/\/vanderloubet.com.br\/deputado\/com-emenda-de-vander-exercito-constroi-poliesportivo-na-fronteira\/\" \/>\n<meta property=\"og:site_name\" content=\"Deputado Federal Vander Loubet\" \/>\n<meta property=\"article:publisher\" content=\"https:\/\/facebook.com\/deputadovander\" \/>\n<meta property=\"article:published_time\" content=\"2012-03-21T17:20:48+00:00\" \/>\n<meta property=\"og:image\" content=\"http:\/\/www.deputadovander.com.br\/website\/wp-content\/uploads\/2012\/03\/foto-2012-03-21-ginasio-exercito-ponta-pora-378x400.jpg\" \/>\n<meta name=\"author\" content=\"\u00c9der\" \/>\n<meta name=\"twitter:card\" content=\"summary_large_image\" \/>\n<meta name=\"twitter:creator\" content=\"@vanderloubet\" \/>\n<meta name=\"twitter:site\" content=\"@vanderloubet\" \/>\n<script type=\"application\/ld+json\" class=\"yoast-schema-graph\">{\"@context\":\"https:\\\/\\\/schema.org\",\"@graph\":[{\"@type\":\"Article\",\"@id\":\"https:\\\/\\\/vanderloubet.com.br\\\/deputado\\\/com-emenda-de-vander-exercito-constroi-poliesportivo-na-fronteira\\\/#article\",\"isPartOf\":{\"@id\":\"https:\\\/\\\/vanderloubet.com.br\\\/deputado\\\/com-emenda-de-vander-exercito-constroi-poliesportivo-na-fronteira\\\/\"},\"author\":{\"name\":\"\u00c9der\",\"@id\":\"https:\\\/\\\/vanderloubet.com.br\\\/deputado\\\/#\\\/schema\\\/person\\\/15b51bd564532a8a68d9dec1b8eb890e\"},\"headline\":\"Com emenda de Vander, Ex\u00e9rcito constr\u00f3i poliesportivo na fronteira\",\"datePublished\":\"2012-03-21T17:20:48+00:00\",\"mainEntityOfPage\":{\"@id\":\"https:\\\/\\\/vanderloubet.com.br\\\/deputado\\\/com-emenda-de-vander-exercito-constroi-poliesportivo-na-fronteira\\\/\"},\"wordCount\":417,\"publisher\":{\"@id\":\"https:\\\/\\\/vanderloubet.com.br\\\/deputado\\\/#organization\"},\"image\":{\"@id\":\"https:\\\/\\\/vanderloubet.com.br\\\/deputado\\\/com-emenda-de-vander-exercito-constroi-poliesportivo-na-fronteira\\\/#primaryimage\"},\"thumbnailUrl\":\"http:\\\/\\\/www.deputadovander.com.br\\\/website\\\/wp-content\\\/uploads\\\/2012\\\/03\\\/foto-2012-03-21-ginasio-exercito-ponta-pora-378x400.jpg\",\"keywords\":[\"cavalaria\",\"deputado\",\"emenda\",\"ex\u00e9rcito\",\"federal\",\"fronteira\",\"gin\u00e1sio\",\"loubet\",\"mecanizada\",\"MS\",\"obra\",\"paraguai\",\"poliesportivo\",\"ponta\",\"por\u00e3\",\"PT\",\"regimento\",\"vander\"],\"articleSection\":[\"Not\u00edcias\"],\"inLanguage\":\"pt-BR\"},{\"@type\":\"WebPage\",\"@id\":\"https:\\\/\\\/vanderloubet.com.br\\\/deputado\\\/com-emenda-de-vander-exercito-constroi-poliesportivo-na-fronteira\\\/\",\"url\":\"https:\\\/\\\/vanderloubet.com.br\\\/deputado\\\/com-emenda-de-vander-exercito-constroi-poliesportivo-na-fronteira\\\/\",\"name\":\"Com emenda de Vander, Ex\u00e9rcito constr\u00f3i poliesportivo na fronteira\",\"isPartOf\":{\"@id\":\"https:\\\/\\\/vanderloubet.com.br\\\/deputado\\\/#website\"},\"primaryImageOfPage\":{\"@id\":\"https:\\\/\\\/vanderloubet.com.br\\\/deputado\\\/com-emenda-de-vander-exercito-constroi-poliesportivo-na-fronteira\\\/#primaryimage\"},\"image\":{\"@id\":\"https:\\\/\\\/vanderloubet.com.br\\\/deputado\\\/com-emenda-de-vander-exercito-constroi-poliesportivo-na-fronteira\\\/#primaryimage\"},\"thumbnailUrl\":\"http:\\\/\\\/www.deputadovander.com.br\\\/website\\\/wp-content\\\/uploads\\\/2012\\\/03\\\/foto-2012-03-21-ginasio-exercito-ponta-pora-378x400.jpg\",\"datePublished\":\"2012-03-21T17:20:48+00:00\",\"breadcrumb\":{\"@id\":\"https:\\\/\\\/vanderloubet.com.br\\\/deputado\\\/com-emenda-de-vander-exercito-constroi-poliesportivo-na-fronteira\\\/#breadcrumb\"},\"inLanguage\":\"pt-BR\",\"potentialAction\":[{\"@type\":\"ReadAction\",\"target\":[\"https:\\\/\\\/vanderloubet.com.br\\\/deputado\\\/com-emenda-de-vander-exercito-constroi-poliesportivo-na-fronteira\\\/\"]}]},{\"@type\":\"ImageObject\",\"inLanguage\":\"pt-BR\",\"@id\":\"https:\\\/\\\/vanderloubet.com.br\\\/deputado\\\/com-emenda-de-vander-exercito-constroi-poliesportivo-na-fronteira\\\/#primaryimage\",\"url\":\"http:\\\/\\\/www.deputadovander.com.br\\\/website\\\/wp-content\\\/uploads\\\/2012\\\/03\\\/foto-2012-03-21-ginasio-exercito-ponta-pora-378x400.jpg\",\"contentUrl\":\"http:\\\/\\\/www.deputadovander.com.br\\\/website\\\/wp-content\\\/uploads\\\/2012\\\/03\\\/foto-2012-03-21-ginasio-exercito-ponta-pora-378x400.jpg\"},{\"@type\":\"BreadcrumbList\",\"@id\":\"https:\\\/\\\/vanderloubet.com.br\\\/deputado\\\/com-emenda-de-vander-exercito-constroi-poliesportivo-na-fronteira\\\/#breadcrumb\",\"itemListElement\":[{\"@type\":\"ListItem\",\"position\":1,\"name\":\"In\u00edcio\",\"item\":\"https:\\\/\\\/vanderloubet.com.br\\\/deputado\\\/\"},{\"@type\":\"ListItem\",\"position\":2,\"name\":\"Com emenda de Vander, Ex\u00e9rcito constr\u00f3i poliesportivo na fronteira\"}]},{\"@type\":\"WebSite\",\"@id\":\"https:\\\/\\\/vanderloubet.com.br\\\/deputado\\\/#website\",\"url\":\"https:\\\/\\\/vanderloubet.com.br\\\/deputado\\\/\",\"name\":\"Deputado Federal Vander Loubet\",\"description\":\"O Federal de MS\",\"publisher\":{\"@id\":\"https:\\\/\\\/vanderloubet.com.br\\\/deputado\\\/#organization\"},\"alternateName\":\"Deputado Vander\",\"potentialAction\":[{\"@type\":\"SearchAction\",\"target\":{\"@type\":\"EntryPoint\",\"urlTemplate\":\"https:\\\/\\\/vanderloubet.com.br\\\/deputado\\\/?s={search_term_string}\"},\"query-input\":{\"@type\":\"PropertyValueSpecification\",\"valueRequired\":true,\"valueName\":\"search_term_string\"}}],\"inLanguage\":\"pt-BR\"},{\"@type\":\"Organization\",\"@id\":\"https:\\\/\\\/vanderloubet.com.br\\\/deputado\\\/#organization\",\"name\":\"Deputado Federal Vander Loubet\",\"alternateName\":\"Deputado Vander\",\"url\":\"https:\\\/\\\/vanderloubet.com.br\\\/deputado\\\/\",\"logo\":{\"@type\":\"ImageObject\",\"inLanguage\":\"pt-BR\",\"@id\":\"https:\\\/\\\/vanderloubet.com.br\\\/deputado\\\/#\\\/schema\\\/logo\\\/image\\\/\",\"url\":\"https:\\\/\\\/vanderloubet.com.br\\\/deputado\\\/wp-content\\\/uploads\\\/2023\\\/06\\\/foto-2023-06-19-mandato-deputado-vander.jpg\",\"contentUrl\":\"https:\\\/\\\/vanderloubet.com.br\\\/deputado\\\/wp-content\\\/uploads\\\/2023\\\/06\\\/foto-2023-06-19-mandato-deputado-vander.jpg\",\"width\":1080,\"height\":1080,\"caption\":\"Deputado Federal Vander Loubet\"},\"image\":{\"@id\":\"https:\\\/\\\/vanderloubet.com.br\\\/deputado\\\/#\\\/schema\\\/logo\\\/image\\\/\"},\"sameAs\":[\"https:\\\/\\\/facebook.com\\\/deputadovander\",\"https:\\\/\\\/x.com\\\/vanderloubet\",\"https:\\\/\\\/instagram.com\\\/vanderloubet\",\"https:\\\/\\\/youtube.com\\\/vanderloubet\",\"https:\\\/\\\/tiktok.com\\\/@vanderloubetms\"]},{\"@type\":\"Person\",\"@id\":\"https:\\\/\\\/vanderloubet.com.br\\\/deputado\\\/#\\\/schema\\\/person\\\/15b51bd564532a8a68d9dec1b8eb890e\",\"name\":\"\u00c9der\",\"image\":{\"@type\":\"ImageObject\",\"inLanguage\":\"pt-BR\",\"@id\":\"https:\\\/\\\/vanderloubet.com.br\\\/deputado\\\/wp-content\\\/litespeed\\\/avatar\\\/88ca4090d9d5ab1c9495f6ca03b68efa.jpg?ver=1777058957\",\"url\":\"https:\\\/\\\/vanderloubet.com.br\\\/deputado\\\/wp-content\\\/litespeed\\\/avatar\\\/88ca4090d9d5ab1c9495f6ca03b68efa.jpg?ver=1777058957\",\"contentUrl\":\"https:\\\/\\\/vanderloubet.com.br\\\/deputado\\\/wp-content\\\/litespeed\\\/avatar\\\/88ca4090d9d5ab1c9495f6ca03b68efa.jpg?ver=1777058957\",\"caption\":\"\u00c9der\"}}]}<\/script>\n<!-- \/ Yoast SEO plugin. -->","yoast_head_json":{"title":"Com emenda de Vander, Ex\u00e9rcito constr\u00f3i poliesportivo na fronteira","robots":{"index":"index","follow":"follow","max-snippet":"max-snippet:-1","max-image-preview":"max-image-preview:large","max-video-preview":"max-video-preview:-1"},"canonical":"https:\/\/vanderloubet.com.br\/deputado\/com-emenda-de-vander-exercito-constroi-poliesportivo-na-fronteira\/","og_locale":"pt_BR","og_type":"article","og_title":"Com emenda de Vander, Ex\u00e9rcito constr\u00f3i poliesportivo na fronteira","og_description":"Gin\u00e1sio do 11\u00ba Rec Mec, que est\u00e1 sendo constru\u00eddo no Clube dos Subtenentes e Sargentos, ter\u00e1 papel social.","og_url":"https:\/\/vanderloubet.com.br\/deputado\/com-emenda-de-vander-exercito-constroi-poliesportivo-na-fronteira\/","og_site_name":"Deputado Federal Vander Loubet","article_publisher":"https:\/\/facebook.com\/deputadovander","article_published_time":"2012-03-21T17:20:48+00:00","og_image":[{"url":"http:\/\/www.deputadovander.com.br\/website\/wp-content\/uploads\/2012\/03\/foto-2012-03-21-ginasio-exercito-ponta-pora-378x400.jpg","type":"","width":"","height":""}],"author":"\u00c9der","twitter_card":"summary_large_image","twitter_creator":"@vanderloubet","twitter_site":"@vanderloubet","schema":{"@context":"https:\/\/schema.org","@graph":[{"@type":"Article","@id":"https:\/\/vanderloubet.com.br\/deputado\/com-emenda-de-vander-exercito-constroi-poliesportivo-na-fronteira\/#article","isPartOf":{"@id":"https:\/\/vanderloubet.com.br\/deputado\/com-emenda-de-vander-exercito-constroi-poliesportivo-na-fronteira\/"},"author":{"name":"\u00c9der","@id":"https:\/\/vanderloubet.com.br\/deputado\/#\/schema\/person\/15b51bd564532a8a68d9dec1b8eb890e"},"headline":"Com emenda de Vander, Ex\u00e9rcito constr\u00f3i poliesportivo na fronteira","datePublished":"2012-03-21T17:20:48+00:00","mainEntityOfPage":{"@id":"https:\/\/vanderloubet.com.br\/deputado\/com-emenda-de-vander-exercito-constroi-poliesportivo-na-fronteira\/"},"wordCount":417,"publisher":{"@id":"https:\/\/vanderloubet.com.br\/deputado\/#organization"},"image":{"@id":"https:\/\/vanderloubet.com.br\/deputado\/com-emenda-de-vander-exercito-constroi-poliesportivo-na-fronteira\/#primaryimage"},"thumbnailUrl":"http:\/\/www.deputadovander.com.br\/website\/wp-content\/uploads\/2012\/03\/foto-2012-03-21-ginasio-exercito-ponta-pora-378x400.jpg","keywords":["cavalaria","deputado","emenda","ex\u00e9rcito","federal","fronteira","gin\u00e1sio","loubet","mecanizada","MS","obra","paraguai","poliesportivo","ponta","por\u00e3","PT","regimento","vander"],"articleSection":["Not\u00edcias"],"inLanguage":"pt-BR"},{"@type":"WebPage","@id":"https:\/\/vanderloubet.com.br\/deputado\/com-emenda-de-vander-exercito-constroi-poliesportivo-na-fronteira\/","url":"https:\/\/vanderloubet.com.br\/deputado\/com-emenda-de-vander-exercito-constroi-poliesportivo-na-fronteira\/","name":"Com emenda de Vander, Ex\u00e9rcito constr\u00f3i poliesportivo na fronteira","isPartOf":{"@id":"https:\/\/vanderloubet.com.br\/deputado\/#website"},"primaryImageOfPage":{"@id":"https:\/\/vanderloubet.com.br\/deputado\/com-emenda-de-vander-exercito-constroi-poliesportivo-na-fronteira\/#primaryimage"},"image":{"@id":"https:\/\/vanderloubet.com.br\/deputado\/com-emenda-de-vander-exercito-constroi-poliesportivo-na-fronteira\/#primaryimage"},"thumbnailUrl":"http:\/\/www.deputadovander.com.br\/website\/wp-content\/uploads\/2012\/03\/foto-2012-03-21-ginasio-exercito-ponta-pora-378x400.jpg","datePublished":"2012-03-21T17:20:48+00:00","breadcrumb":{"@id":"https:\/\/vanderloubet.com.br\/deputado\/com-emenda-de-vander-exercito-constroi-poliesportivo-na-fronteira\/#breadcrumb"},"inLanguage":"pt-BR","potentialAction":[{"@type":"ReadAction","target":["https:\/\/vanderloubet.com.br\/deputado\/com-emenda-de-vander-exercito-constroi-poliesportivo-na-fronteira\/"]}]},{"@type":"ImageObject","inLanguage":"pt-BR","@id":"https:\/\/vanderloubet.com.br\/deputado\/com-emenda-de-vander-exercito-constroi-poliesportivo-na-fronteira\/#primaryimage","url":"http:\/\/www.deputadovander.com.br\/website\/wp-content\/uploads\/2012\/03\/foto-2012-03-21-ginasio-exercito-ponta-pora-378x400.jpg","contentUrl":"http:\/\/www.deputadovander.com.br\/website\/wp-content\/uploads\/2012\/03\/foto-2012-03-21-ginasio-exercito-ponta-pora-378x400.jpg"},{"@type":"BreadcrumbList","@id":"https:\/\/vanderloubet.com.br\/deputado\/com-emenda-de-vander-exercito-constroi-poliesportivo-na-fronteira\/#breadcrumb","itemListElement":[{"@type":"ListItem","position":1,"name":"In\u00edcio","item":"https:\/\/vanderloubet.com.br\/deputado\/"},{"@type":"ListItem","position":2,"name":"Com emenda de Vander, Ex\u00e9rcito constr\u00f3i poliesportivo na fronteira"}]},{"@type":"WebSite","@id":"https:\/\/vanderloubet.com.br\/deputado\/#website","url":"https:\/\/vanderloubet.com.br\/deputado\/","name":"Deputado Federal Vander Loubet","description":"O Federal de MS","publisher":{"@id":"https:\/\/vanderloubet.com.br\/deputado\/#organization"},"alternateName":"Deputado Vander","potentialAction":[{"@type":"SearchAction","target":{"@type":"EntryPoint","urlTemplate":"https:\/\/vanderloubet.com.br\/deputado\/?s={search_term_string}"},"query-input":{"@type":"PropertyValueSpecification","valueRequired":true,"valueName":"search_term_string"}}],"inLanguage":"pt-BR"},{"@type":"Organization","@id":"https:\/\/vanderloubet.com.br\/deputado\/#organization","name":"Deputado Federal Vander Loubet","alternateName":"Deputado Vander","url":"https:\/\/vanderloubet.com.br\/deputado\/","logo":{"@type":"ImageObject","inLanguage":"pt-BR","@id":"https:\/\/vanderloubet.com.br\/deputado\/#\/schema\/logo\/image\/","url":"https:\/\/vanderloubet.com.br\/deputado\/wp-content\/uploads\/2023\/06\/foto-2023-06-19-mandato-deputado-vander.jpg","contentUrl":"https:\/\/vanderloubet.com.br\/deputado\/wp-content\/uploads\/2023\/06\/foto-2023-06-19-mandato-deputado-vander.jpg","width":1080,"height":1080,"caption":"Deputado Federal Vander Loubet"},"image":{"@id":"https:\/\/vanderloubet.com.br\/deputado\/#\/schema\/logo\/image\/"},"sameAs":["https:\/\/facebook.com\/deputadovander","https:\/\/x.com\/vanderloubet","https:\/\/instagram.com\/vanderloubet","https:\/\/youtube.com\/vanderloubet","https:\/\/tiktok.com\/@vanderloubetms"]},{"@type":"Person","@id":"https:\/\/vanderloubet.com.br\/deputado\/#\/schema\/person\/15b51bd564532a8a68d9dec1b8eb890e","name":"\u00c9der","image":{"@type":"ImageObject","inLanguage":"pt-BR","@id":"https:\/\/vanderloubet.com.br\/deputado\/wp-content\/litespeed\/avatar\/88ca4090d9d5ab1c9495f6ca03b68efa.jpg?ver=1777058957","url":"https:\/\/vanderloubet.com.br\/deputado\/wp-content\/litespeed\/avatar\/88ca4090d9d5ab1c9495f6ca03b68efa.jpg?ver=1777058957","contentUrl":"https:\/\/vanderloubet.com.br\/deputado\/wp-content\/litespeed\/avatar\/88ca4090d9d5ab1c9495f6ca03b68efa.jpg?ver=1777058957","caption":"\u00c9der"}}]}},"jetpack_featured_media_url":"","jetpack_sharing_enabled":true,"_links":{"self":[{"href":"https:\/\/vanderloubet.com.br\/deputado\/wp-json\/wp\/v2\/posts\/4667","targetHints":{"allow":["GET"]}}],"collection":[{"href":"https:\/\/vanderloubet.com.br\/deputado\/wp-json\/wp\/v2\/posts"}],"about":[{"href":"https:\/\/vanderloubet.com.br\/deputado\/wp-json\/wp\/v2\/types\/post"}],"author":[{"embeddable":true,"href":"https:\/\/vanderloubet.com.br\/deputado\/wp-json\/wp\/v2\/users\/2"}],"replies":[{"embeddable":true,"href":"https:\/\/vanderloubet.com.br\/deputado\/wp-json\/wp\/v2\/comments?post=4667"}],"version-history":[{"count":0,"href":"https:\/\/vanderloubet.com.br\/deputado\/wp-json\/wp\/v2\/posts\/4667\/revisions"}],"wp:attachment":[{"href":"https:\/\/vanderloubet.com.br\/deputado\/wp-json\/wp\/v2\/media?parent=4667"}],"wp:term":[{"taxonomy":"category","embeddable":true,"href":"https:\/\/vanderloubet.com.br\/deputado\/wp-json\/wp\/v2\/categories?post=4667"},{"taxonomy":"post_tag","embeddable":true,"href":"https:\/\/vanderloubet.com.br\/deputado\/wp-json\/wp\/v2\/tags?post=4667"}],"curies":[{"name":"wp","href":"https:\/\/api.w.org\/{rel}","templated":true}]}}