{"id":4654,"date":"2012-03-20T10:27:26","date_gmt":"2012-03-20T14:27:26","guid":{"rendered":"http:\/\/www.deputadovander.com.br\/website\/?p=4654"},"modified":"2012-03-20T10:27:26","modified_gmt":"2012-03-20T14:27:26","slug":"deputado-vander-passa-a-integrar-quatro-comissoes-na-camara","status":"publish","type":"post","link":"https:\/\/vanderloubet.com.br\/deputado\/deputado-vander-passa-a-integrar-quatro-comissoes-na-camara\/","title":{"rendered":"Deputado Vander passa a integrar quatro comiss\u00f5es na C\u00e2mara"},"content":{"rendered":"<figure id=\"attachment_4655\" aria-describedby=\"caption-attachment-4655\" style=\"width: 400px\" class=\"wp-caption aligncenter\"><a href=\"http:\/\/www.deputadovander.com.br\/website\/wp-content\/uploads\/2012\/03\/foto-2012-03-20-congresso-nacional.jpg\" target=\"_blank\"><img decoding=\"async\" class=\"size-medium wp-image-4655 \" title=\"foto-2012-03-20-congresso-nacional\" src=\"http:\/\/www.deputadovander.com.br\/website\/wp-content\/uploads\/2012\/03\/foto-2012-03-20-congresso-nacional-400x228.jpg\" alt=\"Congresso Nacional em Bras\u00edlia (DF)\" width=\"400\" height=\"228\" \/><\/a><figcaption id=\"caption-attachment-4655\" class=\"wp-caption-text\">Congresso Nacional em Bras\u00edlia (DF)<\/figcaption><\/figure>\n<p>Foram eleitos neste m\u00eas os presidentes das 20 comiss\u00f5es permanentes da C\u00e2mara dos Deputados para o ano de 2012. A distribui\u00e7\u00e3o das presid\u00eancias das comiss\u00f5es \u00e9 baseada na regra da proporcionalidade partid\u00e1ria e o crit\u00e9rio para escolha dos nomes \u00e9 definido pelos blocos ou partidos.<\/p>\n<p>O PT e o PMDB, as duas maiores bancadas desta legislatura, ficaram com tr\u00eas comiss\u00f5es cada um. Deputados do PT comandar\u00e3o as de Constitui\u00e7\u00e3o e Justi\u00e7a e de Cidadania (CCJC), Direitos Humanos e Minorias (CDHM) e Educa\u00e7\u00e3o e Cultura (CEC). O PMDB ficou com a presid\u00eancia das comiss\u00f5es da Amaz\u00f4nia, Integra\u00e7\u00e3o Nacional e de Desenvolvimento Regional (CAINDR), Finan\u00e7as e Tributa\u00e7\u00e3o (CFT); e Via\u00e7\u00e3o e Transportes (CVT). PSDB, PP, DEM e PR ficaram, cada um, com duas comiss\u00f5es. Os demais partidos &#8211; PTB, PSB, PSC, PV, PCdoB e PDT &#8211; presidir\u00e3o uma.<\/p>\n<p>A partir de agora o deputado federal Vander Loubet (PT-MS) passa a ser titular da Comiss\u00e3o de Minas e Energia (<a title=\"Link\" href=\"http:\/\/www2.camara.gov.br\/atividade-legislativa\/comissoes\/comissoes-permanentes\/cme\" target=\"_blank\">CME<\/a>) e da Subcomiss\u00e3o Permanente de Fus\u00e3o de Empresas (SUBFUS\u00c3O), al\u00e9m de ser suplente da Comiss\u00e3o de Agricultura, Pecu\u00e1ria, Abastecimento e Desenvolvimento Rural (<a title=\"Link\" href=\"http:\/\/www2.camara.gov.br\/atividade-legislativa\/comissoes\/comissoes-permanentes\/capadr\" target=\"_blank\">CAPADR<\/a>) e da Comiss\u00e3o Mista de Planos, Or\u00e7amentos P\u00fablicos e Fiscaliza\u00e7\u00e3o (<a title=\"Link\" href=\"http:\/\/www2.camara.gov.br\/atividade-legislativa\/comissoes\/comissoes-mistas\/cmo\" target=\"_blank\">CMO<\/a>).<\/p>\n<p><strong>Papel das comiss\u00f5es<\/strong><\/p>\n<p>O Congresso Nacional \u00e9 composto de duas Casas: C\u00e2mara dos Deputados e Senado Federal. Cada uma possui comiss\u00f5es parlamentares, permanentes ou tempor\u00e1rias, com duas fun\u00e7\u00f5es b\u00e1sicas: de elabora\u00e7\u00e3o das leis e de acompanhamento das a\u00e7\u00f5es administrativas. As comiss\u00f5es promovem tamb\u00e9m debates e discuss\u00f5es com a participa\u00e7\u00e3o da sociedade sobre temas ou assuntos de seu interesse.<\/p>\n<p>\u00c9 tamb\u00e9m no \u00e2mbito das comiss\u00f5es que se apresentam e se estudam todos os dados, antecedentes, circunst\u00e2ncias e conveni\u00eancia de um projeto. Nas comiss\u00f5es se possibilita que esses aspectos sofram ampla discuss\u00e3o e haja mais liberdade para express\u00e3o das opini\u00f5es e forma\u00e7\u00e3o do consenso que, emitido sob a forma de parecer da comiss\u00e3o, ir\u00e1 orientar o Plen\u00e1rio na aprecia\u00e7\u00e3o da mat\u00e9ria.<\/p>\n<p>S\u00e3o duas as formas de aprecia\u00e7\u00e3o: a conclusiva, quando os projetos s\u00e3o apreciados somente pelas comiss\u00f5es (que t\u00eam o poder de aprov\u00e1-los ou rejeit\u00e1-los, sem ouvir o Plen\u00e1rio) e a realizada pelo Plen\u00e1rio, quando \u00e9 o conjunto dos deputados quem d\u00e1 a palavra final sobre o projeto, ap\u00f3s a an\u00e1lise das comiss\u00f5es.<\/p>\n<p><span style=\"font-size: 11px;\">(\u00c9der Yanaguita &#8211; Assessoria\/Deputado Vander)<\/span><\/p>\n","protected":false},"excerpt":{"rendered":"<p>PT e PMDB, maiores bancadas, ficaram com tr\u00eas comiss\u00f5es cada. PSDB, PP, DEM e PR ficaram com duas. Demais partidos ter\u00e3o uma.<\/p>\n","protected":false},"author":2,"featured_media":0,"comment_status":"closed","ping_status":"open","sticky":false,"template":"","format":"standard","meta":{"jetpack_post_was_ever_published":false,"_jetpack_newsletter_access":"","_jetpack_dont_email_post_to_subs":false,"_jetpack_newsletter_tier_id":0,"_jetpack_memberships_contains_paywalled_content":false,"_jetpack_memberships_contains_paid_content":false,"footnotes":""},"categories":[10],"tags":[70,332,353,460,462,485,502,608,719,807,1178,1295,1309,1433,1564,1655,2033],"class_list":{"0":"post-4654","1":"post","2":"type-post","3":"status-publish","4":"format-standard","6":"category-noticias","7":"tag-agricultura","8":"tag-camara","9":"tag-capadr","10":"tag-cme","11":"tag-cmo","12":"tag-comissao","13":"tag-congresso","14":"tag-deputado","15":"tag-energia","16":"tag-federal","17":"tag-loubet","18":"tag-minas","19":"tag-mista","20":"tag-orcamento","21":"tag-pmdb","22":"tag-pt","23":"tag-vander"},"yoast_head":"<!-- This site is optimized with the Yoast SEO plugin v27.4 - https:\/\/yoast.com\/product\/yoast-seo-wordpress\/ -->\n<title>Deputado Vander passa a integrar quatro comiss\u00f5es na C\u00e2mara<\/title>\n<meta name=\"robots\" content=\"index, follow, max-snippet:-1, max-image-preview:large, max-video-preview:-1\" \/>\n<link rel=\"canonical\" href=\"https:\/\/vanderloubet.com.br\/deputado\/deputado-vander-passa-a-integrar-quatro-comissoes-na-camara\/\" \/>\n<meta property=\"og:locale\" content=\"pt_BR\" \/>\n<meta property=\"og:type\" content=\"article\" \/>\n<meta property=\"og:title\" content=\"Deputado Vander passa a integrar quatro comiss\u00f5es na C\u00e2mara\" \/>\n<meta property=\"og:description\" content=\"PT e PMDB, maiores bancadas, ficaram com tr\u00eas comiss\u00f5es cada. PSDB, PP, DEM e PR ficaram com duas. Demais partidos ter\u00e3o uma.\" \/>\n<meta property=\"og:url\" content=\"https:\/\/vanderloubet.com.br\/deputado\/deputado-vander-passa-a-integrar-quatro-comissoes-na-camara\/\" \/>\n<meta property=\"og:site_name\" content=\"Deputado Federal Vander Loubet\" \/>\n<meta property=\"article:publisher\" content=\"https:\/\/facebook.com\/deputadovander\" \/>\n<meta property=\"article:published_time\" content=\"2012-03-20T14:27:26+00:00\" \/>\n<meta property=\"og:image\" content=\"http:\/\/www.deputadovander.com.br\/website\/wp-content\/uploads\/2012\/03\/foto-2012-03-20-congresso-nacional-400x228.jpg\" \/>\n<meta name=\"author\" content=\"\u00c9der\" \/>\n<meta name=\"twitter:card\" content=\"summary_large_image\" \/>\n<meta name=\"twitter:creator\" content=\"@vanderloubet\" \/>\n<meta name=\"twitter:site\" content=\"@vanderloubet\" \/>\n<script type=\"application\/ld+json\" class=\"yoast-schema-graph\">{\"@context\":\"https:\\\/\\\/schema.org\",\"@graph\":[{\"@type\":\"Article\",\"@id\":\"https:\\\/\\\/vanderloubet.com.br\\\/deputado\\\/deputado-vander-passa-a-integrar-quatro-comissoes-na-camara\\\/#article\",\"isPartOf\":{\"@id\":\"https:\\\/\\\/vanderloubet.com.br\\\/deputado\\\/deputado-vander-passa-a-integrar-quatro-comissoes-na-camara\\\/\"},\"author\":{\"name\":\"\u00c9der\",\"@id\":\"https:\\\/\\\/vanderloubet.com.br\\\/deputado\\\/#\\\/schema\\\/person\\\/15b51bd564532a8a68d9dec1b8eb890e\"},\"headline\":\"Deputado Vander passa a integrar quatro comiss\u00f5es na C\u00e2mara\",\"datePublished\":\"2012-03-20T14:27:26+00:00\",\"mainEntityOfPage\":{\"@id\":\"https:\\\/\\\/vanderloubet.com.br\\\/deputado\\\/deputado-vander-passa-a-integrar-quatro-comissoes-na-camara\\\/\"},\"wordCount\":457,\"publisher\":{\"@id\":\"https:\\\/\\\/vanderloubet.com.br\\\/deputado\\\/#organization\"},\"image\":{\"@id\":\"https:\\\/\\\/vanderloubet.com.br\\\/deputado\\\/deputado-vander-passa-a-integrar-quatro-comissoes-na-camara\\\/#primaryimage\"},\"thumbnailUrl\":\"http:\\\/\\\/www.deputadovander.com.br\\\/website\\\/wp-content\\\/uploads\\\/2012\\\/03\\\/foto-2012-03-20-congresso-nacional-400x228.jpg\",\"keywords\":[\"agricultura\",\"c\u00e2mara\",\"capadr\",\"cme\",\"cmo\",\"comiss\u00e3o\",\"congresso\",\"deputado\",\"energia\",\"federal\",\"loubet\",\"minas\",\"mista\",\"or\u00e7amento\",\"pmdb\",\"PT\",\"vander\"],\"articleSection\":[\"Not\u00edcias\"],\"inLanguage\":\"pt-BR\"},{\"@type\":\"WebPage\",\"@id\":\"https:\\\/\\\/vanderloubet.com.br\\\/deputado\\\/deputado-vander-passa-a-integrar-quatro-comissoes-na-camara\\\/\",\"url\":\"https:\\\/\\\/vanderloubet.com.br\\\/deputado\\\/deputado-vander-passa-a-integrar-quatro-comissoes-na-camara\\\/\",\"name\":\"Deputado Vander passa a integrar quatro comiss\u00f5es na C\u00e2mara\",\"isPartOf\":{\"@id\":\"https:\\\/\\\/vanderloubet.com.br\\\/deputado\\\/#website\"},\"primaryImageOfPage\":{\"@id\":\"https:\\\/\\\/vanderloubet.com.br\\\/deputado\\\/deputado-vander-passa-a-integrar-quatro-comissoes-na-camara\\\/#primaryimage\"},\"image\":{\"@id\":\"https:\\\/\\\/vanderloubet.com.br\\\/deputado\\\/deputado-vander-passa-a-integrar-quatro-comissoes-na-camara\\\/#primaryimage\"},\"thumbnailUrl\":\"http:\\\/\\\/www.deputadovander.com.br\\\/website\\\/wp-content\\\/uploads\\\/2012\\\/03\\\/foto-2012-03-20-congresso-nacional-400x228.jpg\",\"datePublished\":\"2012-03-20T14:27:26+00:00\",\"breadcrumb\":{\"@id\":\"https:\\\/\\\/vanderloubet.com.br\\\/deputado\\\/deputado-vander-passa-a-integrar-quatro-comissoes-na-camara\\\/#breadcrumb\"},\"inLanguage\":\"pt-BR\",\"potentialAction\":[{\"@type\":\"ReadAction\",\"target\":[\"https:\\\/\\\/vanderloubet.com.br\\\/deputado\\\/deputado-vander-passa-a-integrar-quatro-comissoes-na-camara\\\/\"]}]},{\"@type\":\"ImageObject\",\"inLanguage\":\"pt-BR\",\"@id\":\"https:\\\/\\\/vanderloubet.com.br\\\/deputado\\\/deputado-vander-passa-a-integrar-quatro-comissoes-na-camara\\\/#primaryimage\",\"url\":\"http:\\\/\\\/www.deputadovander.com.br\\\/website\\\/wp-content\\\/uploads\\\/2012\\\/03\\\/foto-2012-03-20-congresso-nacional-400x228.jpg\",\"contentUrl\":\"http:\\\/\\\/www.deputadovander.com.br\\\/website\\\/wp-content\\\/uploads\\\/2012\\\/03\\\/foto-2012-03-20-congresso-nacional-400x228.jpg\"},{\"@type\":\"BreadcrumbList\",\"@id\":\"https:\\\/\\\/vanderloubet.com.br\\\/deputado\\\/deputado-vander-passa-a-integrar-quatro-comissoes-na-camara\\\/#breadcrumb\",\"itemListElement\":[{\"@type\":\"ListItem\",\"position\":1,\"name\":\"In\u00edcio\",\"item\":\"https:\\\/\\\/vanderloubet.com.br\\\/deputado\\\/\"},{\"@type\":\"ListItem\",\"position\":2,\"name\":\"Deputado Vander passa a integrar quatro comiss\u00f5es na C\u00e2mara\"}]},{\"@type\":\"WebSite\",\"@id\":\"https:\\\/\\\/vanderloubet.com.br\\\/deputado\\\/#website\",\"url\":\"https:\\\/\\\/vanderloubet.com.br\\\/deputado\\\/\",\"name\":\"Deputado Federal Vander Loubet\",\"description\":\"O Federal de MS\",\"publisher\":{\"@id\":\"https:\\\/\\\/vanderloubet.com.br\\\/deputado\\\/#organization\"},\"alternateName\":\"Deputado Vander\",\"potentialAction\":[{\"@type\":\"SearchAction\",\"target\":{\"@type\":\"EntryPoint\",\"urlTemplate\":\"https:\\\/\\\/vanderloubet.com.br\\\/deputado\\\/?s={search_term_string}\"},\"query-input\":{\"@type\":\"PropertyValueSpecification\",\"valueRequired\":true,\"valueName\":\"search_term_string\"}}],\"inLanguage\":\"pt-BR\"},{\"@type\":\"Organization\",\"@id\":\"https:\\\/\\\/vanderloubet.com.br\\\/deputado\\\/#organization\",\"name\":\"Deputado Federal Vander Loubet\",\"alternateName\":\"Deputado Vander\",\"url\":\"https:\\\/\\\/vanderloubet.com.br\\\/deputado\\\/\",\"logo\":{\"@type\":\"ImageObject\",\"inLanguage\":\"pt-BR\",\"@id\":\"https:\\\/\\\/vanderloubet.com.br\\\/deputado\\\/#\\\/schema\\\/logo\\\/image\\\/\",\"url\":\"https:\\\/\\\/vanderloubet.com.br\\\/deputado\\\/wp-content\\\/uploads\\\/2023\\\/06\\\/foto-2023-06-19-mandato-deputado-vander.jpg\",\"contentUrl\":\"https:\\\/\\\/vanderloubet.com.br\\\/deputado\\\/wp-content\\\/uploads\\\/2023\\\/06\\\/foto-2023-06-19-mandato-deputado-vander.jpg\",\"width\":1080,\"height\":1080,\"caption\":\"Deputado Federal Vander Loubet\"},\"image\":{\"@id\":\"https:\\\/\\\/vanderloubet.com.br\\\/deputado\\\/#\\\/schema\\\/logo\\\/image\\\/\"},\"sameAs\":[\"https:\\\/\\\/facebook.com\\\/deputadovander\",\"https:\\\/\\\/x.com\\\/vanderloubet\",\"https:\\\/\\\/instagram.com\\\/vanderloubet\",\"https:\\\/\\\/youtube.com\\\/vanderloubet\",\"https:\\\/\\\/tiktok.com\\\/@vanderloubetms\"]},{\"@type\":\"Person\",\"@id\":\"https:\\\/\\\/vanderloubet.com.br\\\/deputado\\\/#\\\/schema\\\/person\\\/15b51bd564532a8a68d9dec1b8eb890e\",\"name\":\"\u00c9der\",\"image\":{\"@type\":\"ImageObject\",\"inLanguage\":\"pt-BR\",\"@id\":\"https:\\\/\\\/vanderloubet.com.br\\\/deputado\\\/wp-content\\\/litespeed\\\/avatar\\\/88ca4090d9d5ab1c9495f6ca03b68efa.jpg?ver=1777058957\",\"url\":\"https:\\\/\\\/vanderloubet.com.br\\\/deputado\\\/wp-content\\\/litespeed\\\/avatar\\\/88ca4090d9d5ab1c9495f6ca03b68efa.jpg?ver=1777058957\",\"contentUrl\":\"https:\\\/\\\/vanderloubet.com.br\\\/deputado\\\/wp-content\\\/litespeed\\\/avatar\\\/88ca4090d9d5ab1c9495f6ca03b68efa.jpg?ver=1777058957\",\"caption\":\"\u00c9der\"}}]}<\/script>\n<!-- \/ Yoast SEO plugin. -->","yoast_head_json":{"title":"Deputado Vander passa a integrar quatro comiss\u00f5es na C\u00e2mara","robots":{"index":"index","follow":"follow","max-snippet":"max-snippet:-1","max-image-preview":"max-image-preview:large","max-video-preview":"max-video-preview:-1"},"canonical":"https:\/\/vanderloubet.com.br\/deputado\/deputado-vander-passa-a-integrar-quatro-comissoes-na-camara\/","og_locale":"pt_BR","og_type":"article","og_title":"Deputado Vander passa a integrar quatro comiss\u00f5es na C\u00e2mara","og_description":"PT e PMDB, maiores bancadas, ficaram com tr\u00eas comiss\u00f5es cada. PSDB, PP, DEM e PR ficaram com duas. Demais partidos ter\u00e3o uma.","og_url":"https:\/\/vanderloubet.com.br\/deputado\/deputado-vander-passa-a-integrar-quatro-comissoes-na-camara\/","og_site_name":"Deputado Federal Vander Loubet","article_publisher":"https:\/\/facebook.com\/deputadovander","article_published_time":"2012-03-20T14:27:26+00:00","og_image":[{"url":"http:\/\/www.deputadovander.com.br\/website\/wp-content\/uploads\/2012\/03\/foto-2012-03-20-congresso-nacional-400x228.jpg","type":"","width":"","height":""}],"author":"\u00c9der","twitter_card":"summary_large_image","twitter_creator":"@vanderloubet","twitter_site":"@vanderloubet","schema":{"@context":"https:\/\/schema.org","@graph":[{"@type":"Article","@id":"https:\/\/vanderloubet.com.br\/deputado\/deputado-vander-passa-a-integrar-quatro-comissoes-na-camara\/#article","isPartOf":{"@id":"https:\/\/vanderloubet.com.br\/deputado\/deputado-vander-passa-a-integrar-quatro-comissoes-na-camara\/"},"author":{"name":"\u00c9der","@id":"https:\/\/vanderloubet.com.br\/deputado\/#\/schema\/person\/15b51bd564532a8a68d9dec1b8eb890e"},"headline":"Deputado Vander passa a integrar quatro comiss\u00f5es na C\u00e2mara","datePublished":"2012-03-20T14:27:26+00:00","mainEntityOfPage":{"@id":"https:\/\/vanderloubet.com.br\/deputado\/deputado-vander-passa-a-integrar-quatro-comissoes-na-camara\/"},"wordCount":457,"publisher":{"@id":"https:\/\/vanderloubet.com.br\/deputado\/#organization"},"image":{"@id":"https:\/\/vanderloubet.com.br\/deputado\/deputado-vander-passa-a-integrar-quatro-comissoes-na-camara\/#primaryimage"},"thumbnailUrl":"http:\/\/www.deputadovander.com.br\/website\/wp-content\/uploads\/2012\/03\/foto-2012-03-20-congresso-nacional-400x228.jpg","keywords":["agricultura","c\u00e2mara","capadr","cme","cmo","comiss\u00e3o","congresso","deputado","energia","federal","loubet","minas","mista","or\u00e7amento","pmdb","PT","vander"],"articleSection":["Not\u00edcias"],"inLanguage":"pt-BR"},{"@type":"WebPage","@id":"https:\/\/vanderloubet.com.br\/deputado\/deputado-vander-passa-a-integrar-quatro-comissoes-na-camara\/","url":"https:\/\/vanderloubet.com.br\/deputado\/deputado-vander-passa-a-integrar-quatro-comissoes-na-camara\/","name":"Deputado Vander passa a integrar quatro comiss\u00f5es na C\u00e2mara","isPartOf":{"@id":"https:\/\/vanderloubet.com.br\/deputado\/#website"},"primaryImageOfPage":{"@id":"https:\/\/vanderloubet.com.br\/deputado\/deputado-vander-passa-a-integrar-quatro-comissoes-na-camara\/#primaryimage"},"image":{"@id":"https:\/\/vanderloubet.com.br\/deputado\/deputado-vander-passa-a-integrar-quatro-comissoes-na-camara\/#primaryimage"},"thumbnailUrl":"http:\/\/www.deputadovander.com.br\/website\/wp-content\/uploads\/2012\/03\/foto-2012-03-20-congresso-nacional-400x228.jpg","datePublished":"2012-03-20T14:27:26+00:00","breadcrumb":{"@id":"https:\/\/vanderloubet.com.br\/deputado\/deputado-vander-passa-a-integrar-quatro-comissoes-na-camara\/#breadcrumb"},"inLanguage":"pt-BR","potentialAction":[{"@type":"ReadAction","target":["https:\/\/vanderloubet.com.br\/deputado\/deputado-vander-passa-a-integrar-quatro-comissoes-na-camara\/"]}]},{"@type":"ImageObject","inLanguage":"pt-BR","@id":"https:\/\/vanderloubet.com.br\/deputado\/deputado-vander-passa-a-integrar-quatro-comissoes-na-camara\/#primaryimage","url":"http:\/\/www.deputadovander.com.br\/website\/wp-content\/uploads\/2012\/03\/foto-2012-03-20-congresso-nacional-400x228.jpg","contentUrl":"http:\/\/www.deputadovander.com.br\/website\/wp-content\/uploads\/2012\/03\/foto-2012-03-20-congresso-nacional-400x228.jpg"},{"@type":"BreadcrumbList","@id":"https:\/\/vanderloubet.com.br\/deputado\/deputado-vander-passa-a-integrar-quatro-comissoes-na-camara\/#breadcrumb","itemListElement":[{"@type":"ListItem","position":1,"name":"In\u00edcio","item":"https:\/\/vanderloubet.com.br\/deputado\/"},{"@type":"ListItem","position":2,"name":"Deputado Vander passa a integrar quatro comiss\u00f5es na C\u00e2mara"}]},{"@type":"WebSite","@id":"https:\/\/vanderloubet.com.br\/deputado\/#website","url":"https:\/\/vanderloubet.com.br\/deputado\/","name":"Deputado Federal Vander Loubet","description":"O Federal de MS","publisher":{"@id":"https:\/\/vanderloubet.com.br\/deputado\/#organization"},"alternateName":"Deputado Vander","potentialAction":[{"@type":"SearchAction","target":{"@type":"EntryPoint","urlTemplate":"https:\/\/vanderloubet.com.br\/deputado\/?s={search_term_string}"},"query-input":{"@type":"PropertyValueSpecification","valueRequired":true,"valueName":"search_term_string"}}],"inLanguage":"pt-BR"},{"@type":"Organization","@id":"https:\/\/vanderloubet.com.br\/deputado\/#organization","name":"Deputado Federal Vander Loubet","alternateName":"Deputado Vander","url":"https:\/\/vanderloubet.com.br\/deputado\/","logo":{"@type":"ImageObject","inLanguage":"pt-BR","@id":"https:\/\/vanderloubet.com.br\/deputado\/#\/schema\/logo\/image\/","url":"https:\/\/vanderloubet.com.br\/deputado\/wp-content\/uploads\/2023\/06\/foto-2023-06-19-mandato-deputado-vander.jpg","contentUrl":"https:\/\/vanderloubet.com.br\/deputado\/wp-content\/uploads\/2023\/06\/foto-2023-06-19-mandato-deputado-vander.jpg","width":1080,"height":1080,"caption":"Deputado Federal Vander Loubet"},"image":{"@id":"https:\/\/vanderloubet.com.br\/deputado\/#\/schema\/logo\/image\/"},"sameAs":["https:\/\/facebook.com\/deputadovander","https:\/\/x.com\/vanderloubet","https:\/\/instagram.com\/vanderloubet","https:\/\/youtube.com\/vanderloubet","https:\/\/tiktok.com\/@vanderloubetms"]},{"@type":"Person","@id":"https:\/\/vanderloubet.com.br\/deputado\/#\/schema\/person\/15b51bd564532a8a68d9dec1b8eb890e","name":"\u00c9der","image":{"@type":"ImageObject","inLanguage":"pt-BR","@id":"https:\/\/vanderloubet.com.br\/deputado\/wp-content\/litespeed\/avatar\/88ca4090d9d5ab1c9495f6ca03b68efa.jpg?ver=1777058957","url":"https:\/\/vanderloubet.com.br\/deputado\/wp-content\/litespeed\/avatar\/88ca4090d9d5ab1c9495f6ca03b68efa.jpg?ver=1777058957","contentUrl":"https:\/\/vanderloubet.com.br\/deputado\/wp-content\/litespeed\/avatar\/88ca4090d9d5ab1c9495f6ca03b68efa.jpg?ver=1777058957","caption":"\u00c9der"}}]}},"jetpack_featured_media_url":"","jetpack_sharing_enabled":true,"_links":{"self":[{"href":"https:\/\/vanderloubet.com.br\/deputado\/wp-json\/wp\/v2\/posts\/4654","targetHints":{"allow":["GET"]}}],"collection":[{"href":"https:\/\/vanderloubet.com.br\/deputado\/wp-json\/wp\/v2\/posts"}],"about":[{"href":"https:\/\/vanderloubet.com.br\/deputado\/wp-json\/wp\/v2\/types\/post"}],"author":[{"embeddable":true,"href":"https:\/\/vanderloubet.com.br\/deputado\/wp-json\/wp\/v2\/users\/2"}],"replies":[{"embeddable":true,"href":"https:\/\/vanderloubet.com.br\/deputado\/wp-json\/wp\/v2\/comments?post=4654"}],"version-history":[{"count":0,"href":"https:\/\/vanderloubet.com.br\/deputado\/wp-json\/wp\/v2\/posts\/4654\/revisions"}],"wp:attachment":[{"href":"https:\/\/vanderloubet.com.br\/deputado\/wp-json\/wp\/v2\/media?parent=4654"}],"wp:term":[{"taxonomy":"category","embeddable":true,"href":"https:\/\/vanderloubet.com.br\/deputado\/wp-json\/wp\/v2\/categories?post=4654"},{"taxonomy":"post_tag","embeddable":true,"href":"https:\/\/vanderloubet.com.br\/deputado\/wp-json\/wp\/v2\/tags?post=4654"}],"curies":[{"name":"wp","href":"https:\/\/api.w.org\/{rel}","templated":true}]}}