{"id":462,"date":"2010-03-25T08:54:34","date_gmt":"2010-03-25T12:54:34","guid":{"rendered":"http:\/\/www.deputadovander.com.br\/website\/?p=462"},"modified":"2010-03-25T08:54:34","modified_gmt":"2010-03-25T12:54:34","slug":"reuniao-busca-recursos-para-ferrovia-entre-ms-e-paranagua","status":"publish","type":"post","link":"https:\/\/vanderloubet.com.br\/deputado\/reuniao-busca-recursos-para-ferrovia-entre-ms-e-paranagua\/","title":{"rendered":"Reuni\u00e3o busca recursos para ferrovia entre MS e Paranagu\u00e1"},"content":{"rendered":"<p style=\"text-align: center;\">\n<figure id=\"attachment_463\" aria-describedby=\"caption-attachment-463\" style=\"width: 300px\" class=\"wp-caption aligncenter\"><a href=\"http:\/\/deputadovander.com.br\/website\/wp-content\/uploads\/2010\/03\/foto-2010-03-25-ferrovia-paranagua1.jpg\" target=\"_blank\"><img decoding=\"async\" class=\"size-medium wp-image-463 \" title=\"foto-2010-03-25-ferrovia-paranagua\" src=\"http:\/\/www.deputadovander.com.br\/website\/wp-content\/uploads\/2010\/03\/foto-2010-03-25-ferrovia-paranagua-300x225.jpg\" alt=\"Dagoberto, Samuel e Vander em Bras\u00edlia\" width=\"300\" height=\"225\" \/><\/a><figcaption id=\"caption-attachment-463\" class=\"wp-caption-text\">Dagoberto, Samuel e Vander em Bras\u00edlia<\/figcaption><\/figure>\n<p>Os deputados federais sul-mato-grossenses Vander Loubet (PT) e Dagoberto Nogueira (PDT) participaram ontem (24) de uma reuni\u00e3o em Bras\u00edlia (DF) com o diretor-presidente da Ferroeste (Estrada de Ferro Paran\u00e1 Oeste S\/A), Samuel Gomes e o presidente da Valec Engenharia, Constru\u00e7\u00f5es e Ferrovia, Jos\u00e9 Francisco das Neves.<\/p>\n<p>A reuni\u00e3o foi convocada por Vander e Dagoberto com o objetivo de solicitar a agiliza\u00e7\u00e3o na transfer\u00eancia de  R$ 30 milh\u00f5es pela Valec ao Departamento de Engenharia e Constru\u00e7\u00e3o (DEC) do Ex\u00e9rcito para a implementa\u00e7\u00e3o do  plano de trabalho de engenharia nos trechos Maracaju-Cascavel e  Guarapuava-Paranagu\u00e1. Outro ponto discutido foi a inclus\u00e3o no PAC 2 da  liga\u00e7\u00e3o ferrovi\u00e1ria Maracaju-Paranagu\u00e1.<\/p>\n<p>A Ferroeste \u00e9 uma sociedade de economia mista ligada ao Governo do Estado do Paran\u00e1. J\u00e1 a Valec \u00e9 uma empresa vinculada ao Minist\u00e9rio dos Transportes. Participaram tamb\u00e9m da reuni\u00e3o o general-de-divis\u00e3o Paulo Kazumori   Komatsu, representante do DEC   do Ex\u00e9rcito, o prefeito de Maracaju, Celso Vargas, e o vereador do   munic\u00edpio, Kleber Barbosa.<\/p>\n<p>A transfer\u00eancia dos recursos da Valec para o Ex\u00e9rcito foi decidida em reuni\u00e3o no Minist\u00e9rio dos Transportes em 13 de novembro de 2009, mas at\u00e9 o momento ainda n\u00e3o foi implementada, o que vem retardando o cronograma da constru\u00e7\u00e3o da ferrovia. O deputado Vander espera que os recursos sejam liberados com a maior rapidez poss\u00edvel devo \u00e0 import\u00e2ncia do projeto, &#8220;Essa ferrovia \u00e9 fundamental n\u00e3o s\u00f3 para o desenvolvimento econ\u00f4mico e social do Mato Grosso do Sul, mas tamb\u00e9m do Paran\u00e1. Vai ser uma melhoria significativa na log\u00edstica de transporte do nosso estado&#8221;, afirmou Vander.<\/p>\n<p>J\u00e1 o deputado Dagoberto, comentando a import\u00e2ncia do Porto de Paranagu\u00e1 para as exporta\u00e7\u00f5es de seu Estado, adiantou: &#8220;O Vander e eu vamos conversar com o ministro Alexandre Padilha para conseguir viabilizar os recursos que liguem efetivamente Mato Grosso do Sul ao Porto de Paranagu\u00e1&#8221;, disse. &#8220;N\u00e3o podemos apenas garantir que produ\u00e7\u00e3o agr\u00edcola saia de Maracaju, precisamos ter a certeza que os mais de mil quil\u00f4metros de ferrovia garantam que a soja embarque para outros pa\u00edses pelo Paran\u00e1&#8221;, complementou.<\/p>\n<p><strong>Ferrosul<\/strong><\/p>\n<p>O diretor-presidente da Ferroeste aproveitou a reuni\u00e3o para dar not\u00edcia aos presentes de que, na \u00faltima segunda-feira (20), o governo do Paran\u00e1 encaminhou \u00e0 Assembl\u00e9ia Legislativa do Paran\u00e1 o anteprojeto que constitui a Ferrovia da Integra\u00e7\u00e3o do Sul S\/A (Ferrosul), com o prop\u00f3sito de, sob controle p\u00fablico, planejar, construir e operar ferrovias e sistemas log\u00edsticos nos quatro estados da regi\u00e3o, conforme decis\u00e3o do Conselho de Desenvolvimento e Integra\u00e7\u00e3o Sul (Codesul).<\/p>\n<p>A participa\u00e7\u00e3o do Mato Grosso do Sul, Santa Catarina e Rio Grande do Sul no capital da Ferrosul precisar\u00e1 ser autorizada pelas assembl\u00e9ias legislativas e a gest\u00e3o compartilhada entre os quatro estados ser\u00e1 assegurada por acordo de acionistas. Os trechos ferrovi\u00e1rios existentes e os direitos de concess\u00e3o da Ferroeste passar\u00e3o a ser propriedade da Ferrosul.<\/p>\n<p><strong>Ex\u00e9rcito<\/strong><\/p>\n<p>Em rela\u00e7\u00e3o \u00e0 participa\u00e7\u00e3o do Ex\u00e9rcito na constru\u00e7\u00e3o e supervis\u00e3o de novos trechos de ferrovias, o deputado Vander destaca que \u00e9 uma garantia de qualidade nas obras. &#8220;Acredito no profissionalismo e no patriotismo da engenharia militar brasileira, que possui em seus quadros profissionais altamente qualificados&#8221;. Samuel Gomes endossou o deputado, lembrando que foram os militares que constru\u00edram o trecho de 250 km da Ferroeste entre Guarapuava e Cascavel.<\/p>\n<p><small>(\u00c9der Yanaguita &#8211; Assessoria de Comunica\u00e7\u00e3o, com informa\u00e7\u00f5es da AEN\/PR e foto de Clodoaldo Silva)<\/small><\/p>\n","protected":false},"excerpt":{"rendered":"<p>Reuni\u00e3o foi convocada pelos deputados Vander e Dagoberto para agilizar transfer\u00eancia de R$ 30 milh\u00f5es pelo Minist\u00e9rio dos Transportes.<\/p>\n","protected":false},"author":2,"featured_media":0,"comment_status":"closed","ping_status":"open","sticky":false,"template":"","format":"standard","meta":{"jetpack_post_was_ever_published":false,"_jetpack_newsletter_access":"","_jetpack_dont_email_post_to_subs":false,"_jetpack_newsletter_tier_id":0,"_jetpack_memberships_contains_paywalled_content":false,"_jetpack_memberships_contains_paid_content":false,"footnotes":""},"categories":[10],"tags":[377,567,821,824,1216,1476,2027,2035],"class_list":{"0":"post-462","1":"post","2":"type-post","3":"status-publish","4":"format-standard","6":"category-noticias","7":"tag-cascavel","8":"tag-dagoberto","9":"tag-ferroeste","10":"tag-ferrovia","11":"tag-maracaju","12":"tag-paranagua","13":"tag-valec","14":"tag-vander-loubet"},"yoast_head":"<!-- This site is optimized with the Yoast SEO plugin v27.4 - https:\/\/yoast.com\/product\/yoast-seo-wordpress\/ -->\n<title>Reuni\u00e3o busca recursos para ferrovia entre MS e Paranagu\u00e1<\/title>\n<meta name=\"robots\" content=\"index, follow, max-snippet:-1, max-image-preview:large, max-video-preview:-1\" \/>\n<link rel=\"canonical\" href=\"https:\/\/vanderloubet.com.br\/deputado\/reuniao-busca-recursos-para-ferrovia-entre-ms-e-paranagua\/\" \/>\n<meta property=\"og:locale\" content=\"pt_BR\" \/>\n<meta property=\"og:type\" content=\"article\" \/>\n<meta property=\"og:title\" content=\"Reuni\u00e3o busca recursos para ferrovia entre MS e Paranagu\u00e1\" \/>\n<meta property=\"og:description\" content=\"Reuni\u00e3o foi convocada pelos deputados Vander e Dagoberto para agilizar transfer\u00eancia de R$ 30 milh\u00f5es pelo Minist\u00e9rio dos Transportes.\" \/>\n<meta property=\"og:url\" content=\"https:\/\/vanderloubet.com.br\/deputado\/reuniao-busca-recursos-para-ferrovia-entre-ms-e-paranagua\/\" \/>\n<meta property=\"og:site_name\" content=\"Deputado Federal Vander Loubet\" \/>\n<meta property=\"article:publisher\" content=\"https:\/\/facebook.com\/deputadovander\" \/>\n<meta property=\"article:published_time\" content=\"2010-03-25T12:54:34+00:00\" \/>\n<meta property=\"og:image\" content=\"http:\/\/www.deputadovander.com.br\/website\/wp-content\/uploads\/2010\/03\/foto-2010-03-25-ferrovia-paranagua-300x225.jpg\" \/>\n<meta name=\"author\" content=\"\u00c9der\" \/>\n<meta name=\"twitter:card\" content=\"summary_large_image\" \/>\n<meta name=\"twitter:creator\" content=\"@vanderloubet\" \/>\n<meta name=\"twitter:site\" content=\"@vanderloubet\" \/>\n<script type=\"application\/ld+json\" class=\"yoast-schema-graph\">{\"@context\":\"https:\\\/\\\/schema.org\",\"@graph\":[{\"@type\":\"Article\",\"@id\":\"https:\\\/\\\/vanderloubet.com.br\\\/deputado\\\/reuniao-busca-recursos-para-ferrovia-entre-ms-e-paranagua\\\/#article\",\"isPartOf\":{\"@id\":\"https:\\\/\\\/vanderloubet.com.br\\\/deputado\\\/reuniao-busca-recursos-para-ferrovia-entre-ms-e-paranagua\\\/\"},\"author\":{\"name\":\"\u00c9der\",\"@id\":\"https:\\\/\\\/vanderloubet.com.br\\\/deputado\\\/#\\\/schema\\\/person\\\/15b51bd564532a8a68d9dec1b8eb890e\"},\"headline\":\"Reuni\u00e3o busca recursos para ferrovia entre MS e Paranagu\u00e1\",\"datePublished\":\"2010-03-25T12:54:34+00:00\",\"mainEntityOfPage\":{\"@id\":\"https:\\\/\\\/vanderloubet.com.br\\\/deputado\\\/reuniao-busca-recursos-para-ferrovia-entre-ms-e-paranagua\\\/\"},\"wordCount\":619,\"publisher\":{\"@id\":\"https:\\\/\\\/vanderloubet.com.br\\\/deputado\\\/#organization\"},\"image\":{\"@id\":\"https:\\\/\\\/vanderloubet.com.br\\\/deputado\\\/reuniao-busca-recursos-para-ferrovia-entre-ms-e-paranagua\\\/#primaryimage\"},\"thumbnailUrl\":\"http:\\\/\\\/www.deputadovander.com.br\\\/website\\\/wp-content\\\/uploads\\\/2010\\\/03\\\/foto-2010-03-25-ferrovia-paranagua-300x225.jpg\",\"keywords\":[\"cascavel\",\"dagoberto\",\"ferroeste\",\"ferrovia\",\"maracaju\",\"paranagu\u00e1\",\"valec\",\"vander loubet\"],\"articleSection\":[\"Not\u00edcias\"],\"inLanguage\":\"pt-BR\"},{\"@type\":\"WebPage\",\"@id\":\"https:\\\/\\\/vanderloubet.com.br\\\/deputado\\\/reuniao-busca-recursos-para-ferrovia-entre-ms-e-paranagua\\\/\",\"url\":\"https:\\\/\\\/vanderloubet.com.br\\\/deputado\\\/reuniao-busca-recursos-para-ferrovia-entre-ms-e-paranagua\\\/\",\"name\":\"Reuni\u00e3o busca recursos para ferrovia entre MS e Paranagu\u00e1\",\"isPartOf\":{\"@id\":\"https:\\\/\\\/vanderloubet.com.br\\\/deputado\\\/#website\"},\"primaryImageOfPage\":{\"@id\":\"https:\\\/\\\/vanderloubet.com.br\\\/deputado\\\/reuniao-busca-recursos-para-ferrovia-entre-ms-e-paranagua\\\/#primaryimage\"},\"image\":{\"@id\":\"https:\\\/\\\/vanderloubet.com.br\\\/deputado\\\/reuniao-busca-recursos-para-ferrovia-entre-ms-e-paranagua\\\/#primaryimage\"},\"thumbnailUrl\":\"http:\\\/\\\/www.deputadovander.com.br\\\/website\\\/wp-content\\\/uploads\\\/2010\\\/03\\\/foto-2010-03-25-ferrovia-paranagua-300x225.jpg\",\"datePublished\":\"2010-03-25T12:54:34+00:00\",\"breadcrumb\":{\"@id\":\"https:\\\/\\\/vanderloubet.com.br\\\/deputado\\\/reuniao-busca-recursos-para-ferrovia-entre-ms-e-paranagua\\\/#breadcrumb\"},\"inLanguage\":\"pt-BR\",\"potentialAction\":[{\"@type\":\"ReadAction\",\"target\":[\"https:\\\/\\\/vanderloubet.com.br\\\/deputado\\\/reuniao-busca-recursos-para-ferrovia-entre-ms-e-paranagua\\\/\"]}]},{\"@type\":\"ImageObject\",\"inLanguage\":\"pt-BR\",\"@id\":\"https:\\\/\\\/vanderloubet.com.br\\\/deputado\\\/reuniao-busca-recursos-para-ferrovia-entre-ms-e-paranagua\\\/#primaryimage\",\"url\":\"http:\\\/\\\/www.deputadovander.com.br\\\/website\\\/wp-content\\\/uploads\\\/2010\\\/03\\\/foto-2010-03-25-ferrovia-paranagua-300x225.jpg\",\"contentUrl\":\"http:\\\/\\\/www.deputadovander.com.br\\\/website\\\/wp-content\\\/uploads\\\/2010\\\/03\\\/foto-2010-03-25-ferrovia-paranagua-300x225.jpg\"},{\"@type\":\"BreadcrumbList\",\"@id\":\"https:\\\/\\\/vanderloubet.com.br\\\/deputado\\\/reuniao-busca-recursos-para-ferrovia-entre-ms-e-paranagua\\\/#breadcrumb\",\"itemListElement\":[{\"@type\":\"ListItem\",\"position\":1,\"name\":\"In\u00edcio\",\"item\":\"https:\\\/\\\/vanderloubet.com.br\\\/deputado\\\/\"},{\"@type\":\"ListItem\",\"position\":2,\"name\":\"Reuni\u00e3o busca recursos para ferrovia entre MS e Paranagu\u00e1\"}]},{\"@type\":\"WebSite\",\"@id\":\"https:\\\/\\\/vanderloubet.com.br\\\/deputado\\\/#website\",\"url\":\"https:\\\/\\\/vanderloubet.com.br\\\/deputado\\\/\",\"name\":\"Deputado Federal Vander Loubet\",\"description\":\"O Federal de MS\",\"publisher\":{\"@id\":\"https:\\\/\\\/vanderloubet.com.br\\\/deputado\\\/#organization\"},\"alternateName\":\"Deputado Vander\",\"potentialAction\":[{\"@type\":\"SearchAction\",\"target\":{\"@type\":\"EntryPoint\",\"urlTemplate\":\"https:\\\/\\\/vanderloubet.com.br\\\/deputado\\\/?s={search_term_string}\"},\"query-input\":{\"@type\":\"PropertyValueSpecification\",\"valueRequired\":true,\"valueName\":\"search_term_string\"}}],\"inLanguage\":\"pt-BR\"},{\"@type\":\"Organization\",\"@id\":\"https:\\\/\\\/vanderloubet.com.br\\\/deputado\\\/#organization\",\"name\":\"Deputado Federal Vander Loubet\",\"alternateName\":\"Deputado Vander\",\"url\":\"https:\\\/\\\/vanderloubet.com.br\\\/deputado\\\/\",\"logo\":{\"@type\":\"ImageObject\",\"inLanguage\":\"pt-BR\",\"@id\":\"https:\\\/\\\/vanderloubet.com.br\\\/deputado\\\/#\\\/schema\\\/logo\\\/image\\\/\",\"url\":\"https:\\\/\\\/vanderloubet.com.br\\\/deputado\\\/wp-content\\\/uploads\\\/2023\\\/06\\\/foto-2023-06-19-mandato-deputado-vander.jpg\",\"contentUrl\":\"https:\\\/\\\/vanderloubet.com.br\\\/deputado\\\/wp-content\\\/uploads\\\/2023\\\/06\\\/foto-2023-06-19-mandato-deputado-vander.jpg\",\"width\":1080,\"height\":1080,\"caption\":\"Deputado Federal Vander Loubet\"},\"image\":{\"@id\":\"https:\\\/\\\/vanderloubet.com.br\\\/deputado\\\/#\\\/schema\\\/logo\\\/image\\\/\"},\"sameAs\":[\"https:\\\/\\\/facebook.com\\\/deputadovander\",\"https:\\\/\\\/x.com\\\/vanderloubet\",\"https:\\\/\\\/instagram.com\\\/vanderloubet\",\"https:\\\/\\\/youtube.com\\\/vanderloubet\",\"https:\\\/\\\/tiktok.com\\\/@vanderloubetms\"]},{\"@type\":\"Person\",\"@id\":\"https:\\\/\\\/vanderloubet.com.br\\\/deputado\\\/#\\\/schema\\\/person\\\/15b51bd564532a8a68d9dec1b8eb890e\",\"name\":\"\u00c9der\",\"image\":{\"@type\":\"ImageObject\",\"inLanguage\":\"pt-BR\",\"@id\":\"https:\\\/\\\/vanderloubet.com.br\\\/deputado\\\/wp-content\\\/litespeed\\\/avatar\\\/88ca4090d9d5ab1c9495f6ca03b68efa.jpg?ver=1777058957\",\"url\":\"https:\\\/\\\/vanderloubet.com.br\\\/deputado\\\/wp-content\\\/litespeed\\\/avatar\\\/88ca4090d9d5ab1c9495f6ca03b68efa.jpg?ver=1777058957\",\"contentUrl\":\"https:\\\/\\\/vanderloubet.com.br\\\/deputado\\\/wp-content\\\/litespeed\\\/avatar\\\/88ca4090d9d5ab1c9495f6ca03b68efa.jpg?ver=1777058957\",\"caption\":\"\u00c9der\"}}]}<\/script>\n<!-- \/ Yoast SEO plugin. -->","yoast_head_json":{"title":"Reuni\u00e3o busca recursos para ferrovia entre MS e Paranagu\u00e1","robots":{"index":"index","follow":"follow","max-snippet":"max-snippet:-1","max-image-preview":"max-image-preview:large","max-video-preview":"max-video-preview:-1"},"canonical":"https:\/\/vanderloubet.com.br\/deputado\/reuniao-busca-recursos-para-ferrovia-entre-ms-e-paranagua\/","og_locale":"pt_BR","og_type":"article","og_title":"Reuni\u00e3o busca recursos para ferrovia entre MS e Paranagu\u00e1","og_description":"Reuni\u00e3o foi convocada pelos deputados Vander e Dagoberto para agilizar transfer\u00eancia de R$ 30 milh\u00f5es pelo Minist\u00e9rio dos Transportes.","og_url":"https:\/\/vanderloubet.com.br\/deputado\/reuniao-busca-recursos-para-ferrovia-entre-ms-e-paranagua\/","og_site_name":"Deputado Federal Vander Loubet","article_publisher":"https:\/\/facebook.com\/deputadovander","article_published_time":"2010-03-25T12:54:34+00:00","og_image":[{"url":"http:\/\/www.deputadovander.com.br\/website\/wp-content\/uploads\/2010\/03\/foto-2010-03-25-ferrovia-paranagua-300x225.jpg","type":"","width":"","height":""}],"author":"\u00c9der","twitter_card":"summary_large_image","twitter_creator":"@vanderloubet","twitter_site":"@vanderloubet","schema":{"@context":"https:\/\/schema.org","@graph":[{"@type":"Article","@id":"https:\/\/vanderloubet.com.br\/deputado\/reuniao-busca-recursos-para-ferrovia-entre-ms-e-paranagua\/#article","isPartOf":{"@id":"https:\/\/vanderloubet.com.br\/deputado\/reuniao-busca-recursos-para-ferrovia-entre-ms-e-paranagua\/"},"author":{"name":"\u00c9der","@id":"https:\/\/vanderloubet.com.br\/deputado\/#\/schema\/person\/15b51bd564532a8a68d9dec1b8eb890e"},"headline":"Reuni\u00e3o busca recursos para ferrovia entre MS e Paranagu\u00e1","datePublished":"2010-03-25T12:54:34+00:00","mainEntityOfPage":{"@id":"https:\/\/vanderloubet.com.br\/deputado\/reuniao-busca-recursos-para-ferrovia-entre-ms-e-paranagua\/"},"wordCount":619,"publisher":{"@id":"https:\/\/vanderloubet.com.br\/deputado\/#organization"},"image":{"@id":"https:\/\/vanderloubet.com.br\/deputado\/reuniao-busca-recursos-para-ferrovia-entre-ms-e-paranagua\/#primaryimage"},"thumbnailUrl":"http:\/\/www.deputadovander.com.br\/website\/wp-content\/uploads\/2010\/03\/foto-2010-03-25-ferrovia-paranagua-300x225.jpg","keywords":["cascavel","dagoberto","ferroeste","ferrovia","maracaju","paranagu\u00e1","valec","vander loubet"],"articleSection":["Not\u00edcias"],"inLanguage":"pt-BR"},{"@type":"WebPage","@id":"https:\/\/vanderloubet.com.br\/deputado\/reuniao-busca-recursos-para-ferrovia-entre-ms-e-paranagua\/","url":"https:\/\/vanderloubet.com.br\/deputado\/reuniao-busca-recursos-para-ferrovia-entre-ms-e-paranagua\/","name":"Reuni\u00e3o busca recursos para ferrovia entre MS e Paranagu\u00e1","isPartOf":{"@id":"https:\/\/vanderloubet.com.br\/deputado\/#website"},"primaryImageOfPage":{"@id":"https:\/\/vanderloubet.com.br\/deputado\/reuniao-busca-recursos-para-ferrovia-entre-ms-e-paranagua\/#primaryimage"},"image":{"@id":"https:\/\/vanderloubet.com.br\/deputado\/reuniao-busca-recursos-para-ferrovia-entre-ms-e-paranagua\/#primaryimage"},"thumbnailUrl":"http:\/\/www.deputadovander.com.br\/website\/wp-content\/uploads\/2010\/03\/foto-2010-03-25-ferrovia-paranagua-300x225.jpg","datePublished":"2010-03-25T12:54:34+00:00","breadcrumb":{"@id":"https:\/\/vanderloubet.com.br\/deputado\/reuniao-busca-recursos-para-ferrovia-entre-ms-e-paranagua\/#breadcrumb"},"inLanguage":"pt-BR","potentialAction":[{"@type":"ReadAction","target":["https:\/\/vanderloubet.com.br\/deputado\/reuniao-busca-recursos-para-ferrovia-entre-ms-e-paranagua\/"]}]},{"@type":"ImageObject","inLanguage":"pt-BR","@id":"https:\/\/vanderloubet.com.br\/deputado\/reuniao-busca-recursos-para-ferrovia-entre-ms-e-paranagua\/#primaryimage","url":"http:\/\/www.deputadovander.com.br\/website\/wp-content\/uploads\/2010\/03\/foto-2010-03-25-ferrovia-paranagua-300x225.jpg","contentUrl":"http:\/\/www.deputadovander.com.br\/website\/wp-content\/uploads\/2010\/03\/foto-2010-03-25-ferrovia-paranagua-300x225.jpg"},{"@type":"BreadcrumbList","@id":"https:\/\/vanderloubet.com.br\/deputado\/reuniao-busca-recursos-para-ferrovia-entre-ms-e-paranagua\/#breadcrumb","itemListElement":[{"@type":"ListItem","position":1,"name":"In\u00edcio","item":"https:\/\/vanderloubet.com.br\/deputado\/"},{"@type":"ListItem","position":2,"name":"Reuni\u00e3o busca recursos para ferrovia entre MS e Paranagu\u00e1"}]},{"@type":"WebSite","@id":"https:\/\/vanderloubet.com.br\/deputado\/#website","url":"https:\/\/vanderloubet.com.br\/deputado\/","name":"Deputado Federal Vander Loubet","description":"O Federal de MS","publisher":{"@id":"https:\/\/vanderloubet.com.br\/deputado\/#organization"},"alternateName":"Deputado Vander","potentialAction":[{"@type":"SearchAction","target":{"@type":"EntryPoint","urlTemplate":"https:\/\/vanderloubet.com.br\/deputado\/?s={search_term_string}"},"query-input":{"@type":"PropertyValueSpecification","valueRequired":true,"valueName":"search_term_string"}}],"inLanguage":"pt-BR"},{"@type":"Organization","@id":"https:\/\/vanderloubet.com.br\/deputado\/#organization","name":"Deputado Federal Vander Loubet","alternateName":"Deputado Vander","url":"https:\/\/vanderloubet.com.br\/deputado\/","logo":{"@type":"ImageObject","inLanguage":"pt-BR","@id":"https:\/\/vanderloubet.com.br\/deputado\/#\/schema\/logo\/image\/","url":"https:\/\/vanderloubet.com.br\/deputado\/wp-content\/uploads\/2023\/06\/foto-2023-06-19-mandato-deputado-vander.jpg","contentUrl":"https:\/\/vanderloubet.com.br\/deputado\/wp-content\/uploads\/2023\/06\/foto-2023-06-19-mandato-deputado-vander.jpg","width":1080,"height":1080,"caption":"Deputado Federal Vander Loubet"},"image":{"@id":"https:\/\/vanderloubet.com.br\/deputado\/#\/schema\/logo\/image\/"},"sameAs":["https:\/\/facebook.com\/deputadovander","https:\/\/x.com\/vanderloubet","https:\/\/instagram.com\/vanderloubet","https:\/\/youtube.com\/vanderloubet","https:\/\/tiktok.com\/@vanderloubetms"]},{"@type":"Person","@id":"https:\/\/vanderloubet.com.br\/deputado\/#\/schema\/person\/15b51bd564532a8a68d9dec1b8eb890e","name":"\u00c9der","image":{"@type":"ImageObject","inLanguage":"pt-BR","@id":"https:\/\/vanderloubet.com.br\/deputado\/wp-content\/litespeed\/avatar\/88ca4090d9d5ab1c9495f6ca03b68efa.jpg?ver=1777058957","url":"https:\/\/vanderloubet.com.br\/deputado\/wp-content\/litespeed\/avatar\/88ca4090d9d5ab1c9495f6ca03b68efa.jpg?ver=1777058957","contentUrl":"https:\/\/vanderloubet.com.br\/deputado\/wp-content\/litespeed\/avatar\/88ca4090d9d5ab1c9495f6ca03b68efa.jpg?ver=1777058957","caption":"\u00c9der"}}]}},"jetpack_featured_media_url":"","jetpack_sharing_enabled":true,"_links":{"self":[{"href":"https:\/\/vanderloubet.com.br\/deputado\/wp-json\/wp\/v2\/posts\/462","targetHints":{"allow":["GET"]}}],"collection":[{"href":"https:\/\/vanderloubet.com.br\/deputado\/wp-json\/wp\/v2\/posts"}],"about":[{"href":"https:\/\/vanderloubet.com.br\/deputado\/wp-json\/wp\/v2\/types\/post"}],"author":[{"embeddable":true,"href":"https:\/\/vanderloubet.com.br\/deputado\/wp-json\/wp\/v2\/users\/2"}],"replies":[{"embeddable":true,"href":"https:\/\/vanderloubet.com.br\/deputado\/wp-json\/wp\/v2\/comments?post=462"}],"version-history":[{"count":0,"href":"https:\/\/vanderloubet.com.br\/deputado\/wp-json\/wp\/v2\/posts\/462\/revisions"}],"wp:attachment":[{"href":"https:\/\/vanderloubet.com.br\/deputado\/wp-json\/wp\/v2\/media?parent=462"}],"wp:term":[{"taxonomy":"category","embeddable":true,"href":"https:\/\/vanderloubet.com.br\/deputado\/wp-json\/wp\/v2\/categories?post=462"},{"taxonomy":"post_tag","embeddable":true,"href":"https:\/\/vanderloubet.com.br\/deputado\/wp-json\/wp\/v2\/tags?post=462"}],"curies":[{"name":"wp","href":"https:\/\/api.w.org\/{rel}","templated":true}]}}