{"id":4577,"date":"2012-03-08T14:42:04","date_gmt":"2012-03-08T18:42:04","guid":{"rendered":"http:\/\/www.deputadovander.com.br\/website\/?p=4577"},"modified":"2012-03-08T14:42:04","modified_gmt":"2012-03-08T18:42:04","slug":"em-reuniao-com-vander-e-vaccarezza-anffa-pede-apoio-a-subsidio-para-fiscais","status":"publish","type":"post","link":"https:\/\/vanderloubet.com.br\/deputado\/em-reuniao-com-vander-e-vaccarezza-anffa-pede-apoio-a-subsidio-para-fiscais\/","title":{"rendered":"Em reuni\u00e3o com Vander e Vaccarezza, Anffa pede apoio \u00e0 subs\u00eddio para fiscais"},"content":{"rendered":"<figure id=\"attachment_4579\" aria-describedby=\"caption-attachment-4579\" style=\"width: 400px\" class=\"wp-caption aligncenter\"><a href=\"http:\/\/www.deputadovander.com.br\/website\/wp-content\/uploads\/2012\/03\/foto-2012-03-08-reuniao-vaccarezza-vander-anffa-02.jpg\" target=\"_blank\"><img decoding=\"async\" class=\"size-medium wp-image-4579 \" title=\"foto-2012-03-08-reuniao-vaccarezza-vander-anffa-02\" src=\"http:\/\/www.deputadovander.com.br\/website\/wp-content\/uploads\/2012\/03\/foto-2012-03-08-reuniao-vaccarezza-vander-anffa-02-400x266.jpg\" alt=\"Deputados Vander e Vaccarezza ouvem representantes da Anffa Sindical\" width=\"400\" height=\"266\" \/><\/a><figcaption id=\"caption-attachment-4579\" class=\"wp-caption-text\">Deputados Vander e Vaccarezza ouvem representantes da Anffa Sindical<\/figcaption><\/figure>\n<p>Representantes do Sindicato Nacional dos Fiscais Federais Agropecu\u00e1rios (Anffa Sindical) estiveram ontem (7) em Bras\u00edlia para cobrar dos deputados do PT o apoio ao pedido da categoria para ado\u00e7\u00e3o da remunera\u00e7\u00e3o por subs\u00eddio para a carreira de fiscal do Minist\u00e9rio da Agricultura, Pecu\u00e1ria e Abastecimento (Mapa). O grupo foi recebido na C\u00e2mara Federal pelos deputados C\u00e2ndido Vaccarezza (PT-SP) &#8211; l\u00edder do governo na Casa &#8211; e Vander Loubet (PT-MS).<\/p>\n<p>De acordo com o presidente da Anffa Sindical, Wilson Roberto de S\u00e1, o Mapa j\u00e1 remeteu dois avisos ministeriais ao Minist\u00e9rio do Planejamento, Or\u00e7amento e Gest\u00e3o (MPOG) solicitando a ado\u00e7\u00e3o da remunera\u00e7\u00e3o por subs\u00eddio para a carreira de fiscal federal agropecu\u00e1rio. Segundo S\u00e1, \u00e9 poss\u00edvel conceder esse direito \u00e0 categoria sem gerar impacto financeiro aos cofres p\u00fablicos. Os fiscais defendem que a medida corrige distor\u00e7\u00f5es da carreira e contribuir\u00e1 para melhorar o desempenho dos profissionais, al\u00e9m de tornar a carreira ainda mais atrativa a profissionais qualificados em futuros processos seletivos.<\/p>\n<figure id=\"attachment_4578\" aria-describedby=\"caption-attachment-4578\" style=\"width: 400px\" class=\"wp-caption aligncenter\"><a href=\"http:\/\/www.deputadovander.com.br\/website\/wp-content\/uploads\/2012\/03\/foto-2012-03-08-reuniao-vaccarezza-vander-anffa-01.jpg\" target=\"_blank\"><img decoding=\"async\" class=\"size-medium wp-image-4578 \" title=\"foto-2012-03-08-reuniao-vaccarezza-vander-anffa-01\" src=\"http:\/\/www.deputadovander.com.br\/website\/wp-content\/uploads\/2012\/03\/foto-2012-03-08-reuniao-vaccarezza-vander-anffa-01-400x266.jpg\" alt=\"Anffa Sindical foi buscar apoio da bancada petista para subs\u00eddio\" width=\"400\" height=\"266\" \/><\/a><figcaption id=\"caption-attachment-4578\" class=\"wp-caption-text\">Anffa Sindical foi buscar apoio da bancada petista para subs\u00eddio<\/figcaption><\/figure>\n<p>Em agosto do ano passado, o deputado sul-mato-grossense j\u00e1 havia se reunido com fiscais agropecu\u00e1rios na sede da Superintend\u00eancia Federal de Agricultura de Mato Grosso do Sul (SFA\/MS), \u00f3rg\u00e3o subordinado ao Mapa. Na ocasi\u00e3o, Vander ouviu do chefe da Divis\u00e3o de Pol\u00edtica, Produ\u00e7\u00e3o e Desenvolvimento Agropecu\u00e1rio, Celso de Sousa Martins, e de outras lideran\u00e7as da SFA um pedido de aten\u00e7\u00e3o para a reivindica\u00e7\u00e3o do subs\u00eddio como forma de remunera\u00e7\u00e3o.<\/p>\n<p>&#8220;\u00c9 uma categoria importante e que cumpre um papel fundamental no setor produtivo do Pa\u00eds, especialmente no meu estado, Mato Grosso do Sul, que possui uma economia fortemente baseada na agropecu\u00e1ria. Tenho certeza que eu e os demais colegas da bancada petista vamos trabalhar para buscar essa valoriza\u00e7\u00e3o dos fiscais do Minist\u00e9rio Agricultura&#8221;, afirmou Vander.<\/p>\n<p><span style=\"font-size: 11px;\">(\u00c9der Yanaguita &#8211; Assessoria\/Deputado Vander)<\/span><\/p>\n","protected":false},"excerpt":{"rendered":"<p>Sindicato cobrou da bancada do PT apoio para ado\u00e7\u00e3o da remunera\u00e7\u00e3o por subs\u00eddio na carreira de fiscal do Minist\u00e9rio da Agricultura.<\/p>\n","protected":false},"author":2,"featured_media":0,"comment_status":"closed","ping_status":"open","sticky":false,"template":"","format":"standard","meta":{"jetpack_post_was_ever_published":false,"_jetpack_newsletter_access":"","_jetpack_dont_email_post_to_subs":false,"_jetpack_newsletter_tier_id":0,"_jetpack_memberships_contains_paywalled_content":false,"_jetpack_memberships_contains_paid_content":false,"footnotes":""},"categories":[10],"tags":[70,76,134,349,370,608,807,848,914,1178,1302,1336,1433,1516,1655,1853,1854,1892,1895,2023,2033],"class_list":{"0":"post-4577","1":"post","2":"type-post","3":"status-publish","4":"format-standard","6":"category-noticias","7":"tag-agricultura","8":"tag-agropecuarios","9":"tag-anffa","10":"tag-candido","11":"tag-carreira","12":"tag-deputado","13":"tag-federal","14":"tag-fiscais","15":"tag-gestao","16":"tag-loubet","17":"tag-ministerio","18":"tag-ms","19":"tag-orcamento","20":"tag-pecuaria","21":"tag-pt","22":"tag-sindical","23":"tag-sindicato","24":"tag-sp","25":"tag-subsidio","26":"tag-vaccarezza","27":"tag-vander"},"yoast_head":"<!-- This site is optimized with the Yoast SEO plugin v27.4 - https:\/\/yoast.com\/product\/yoast-seo-wordpress\/ -->\n<title>Em reuni\u00e3o com Vander e Vaccarezza, Anffa pede apoio \u00e0 subs\u00eddio para fiscais<\/title>\n<meta name=\"robots\" content=\"index, follow, max-snippet:-1, max-image-preview:large, max-video-preview:-1\" \/>\n<link rel=\"canonical\" href=\"https:\/\/vanderloubet.com.br\/deputado\/em-reuniao-com-vander-e-vaccarezza-anffa-pede-apoio-a-subsidio-para-fiscais\/\" \/>\n<meta property=\"og:locale\" content=\"pt_BR\" \/>\n<meta property=\"og:type\" content=\"article\" \/>\n<meta property=\"og:title\" content=\"Em reuni\u00e3o com Vander e Vaccarezza, Anffa pede apoio \u00e0 subs\u00eddio para fiscais\" \/>\n<meta property=\"og:description\" content=\"Sindicato cobrou da bancada do PT apoio para ado\u00e7\u00e3o da remunera\u00e7\u00e3o por subs\u00eddio na carreira de fiscal do Minist\u00e9rio da Agricultura.\" \/>\n<meta property=\"og:url\" content=\"https:\/\/vanderloubet.com.br\/deputado\/em-reuniao-com-vander-e-vaccarezza-anffa-pede-apoio-a-subsidio-para-fiscais\/\" \/>\n<meta property=\"og:site_name\" content=\"Deputado Federal Vander Loubet\" \/>\n<meta property=\"article:publisher\" content=\"https:\/\/facebook.com\/deputadovander\" \/>\n<meta property=\"article:published_time\" content=\"2012-03-08T18:42:04+00:00\" \/>\n<meta property=\"og:image\" content=\"http:\/\/www.deputadovander.com.br\/website\/wp-content\/uploads\/2012\/03\/foto-2012-03-08-reuniao-vaccarezza-vander-anffa-02-400x266.jpg\" \/>\n<meta name=\"author\" content=\"\u00c9der\" \/>\n<meta name=\"twitter:card\" content=\"summary_large_image\" \/>\n<meta name=\"twitter:creator\" content=\"@vanderloubet\" \/>\n<meta name=\"twitter:site\" content=\"@vanderloubet\" \/>\n<script type=\"application\/ld+json\" class=\"yoast-schema-graph\">{\"@context\":\"https:\\\/\\\/schema.org\",\"@graph\":[{\"@type\":\"Article\",\"@id\":\"https:\\\/\\\/vanderloubet.com.br\\\/deputado\\\/em-reuniao-com-vander-e-vaccarezza-anffa-pede-apoio-a-subsidio-para-fiscais\\\/#article\",\"isPartOf\":{\"@id\":\"https:\\\/\\\/vanderloubet.com.br\\\/deputado\\\/em-reuniao-com-vander-e-vaccarezza-anffa-pede-apoio-a-subsidio-para-fiscais\\\/\"},\"author\":{\"name\":\"\u00c9der\",\"@id\":\"https:\\\/\\\/vanderloubet.com.br\\\/deputado\\\/#\\\/schema\\\/person\\\/15b51bd564532a8a68d9dec1b8eb890e\"},\"headline\":\"Em reuni\u00e3o com Vander e Vaccarezza, Anffa pede apoio \u00e0 subs\u00eddio para fiscais\",\"datePublished\":\"2012-03-08T18:42:04+00:00\",\"mainEntityOfPage\":{\"@id\":\"https:\\\/\\\/vanderloubet.com.br\\\/deputado\\\/em-reuniao-com-vander-e-vaccarezza-anffa-pede-apoio-a-subsidio-para-fiscais\\\/\"},\"wordCount\":374,\"publisher\":{\"@id\":\"https:\\\/\\\/vanderloubet.com.br\\\/deputado\\\/#organization\"},\"image\":{\"@id\":\"https:\\\/\\\/vanderloubet.com.br\\\/deputado\\\/em-reuniao-com-vander-e-vaccarezza-anffa-pede-apoio-a-subsidio-para-fiscais\\\/#primaryimage\"},\"thumbnailUrl\":\"http:\\\/\\\/www.deputadovander.com.br\\\/website\\\/wp-content\\\/uploads\\\/2012\\\/03\\\/foto-2012-03-08-reuniao-vaccarezza-vander-anffa-02-400x266.jpg\",\"keywords\":[\"agricultura\",\"agropecu\u00e1rios\",\"anffa\",\"c\u00e2ndido\",\"carreira\",\"deputado\",\"federal\",\"fiscais\",\"gest\u00e3o\",\"loubet\",\"minist\u00e9rio\",\"MS\",\"or\u00e7amento\",\"pecu\u00e1ria\",\"PT\",\"sindical\",\"sindicato\",\"sp\",\"subs\u00eddio\",\"vaccarezza\",\"vander\"],\"articleSection\":[\"Not\u00edcias\"],\"inLanguage\":\"pt-BR\"},{\"@type\":\"WebPage\",\"@id\":\"https:\\\/\\\/vanderloubet.com.br\\\/deputado\\\/em-reuniao-com-vander-e-vaccarezza-anffa-pede-apoio-a-subsidio-para-fiscais\\\/\",\"url\":\"https:\\\/\\\/vanderloubet.com.br\\\/deputado\\\/em-reuniao-com-vander-e-vaccarezza-anffa-pede-apoio-a-subsidio-para-fiscais\\\/\",\"name\":\"Em reuni\u00e3o com Vander e Vaccarezza, Anffa pede apoio \u00e0 subs\u00eddio para fiscais\",\"isPartOf\":{\"@id\":\"https:\\\/\\\/vanderloubet.com.br\\\/deputado\\\/#website\"},\"primaryImageOfPage\":{\"@id\":\"https:\\\/\\\/vanderloubet.com.br\\\/deputado\\\/em-reuniao-com-vander-e-vaccarezza-anffa-pede-apoio-a-subsidio-para-fiscais\\\/#primaryimage\"},\"image\":{\"@id\":\"https:\\\/\\\/vanderloubet.com.br\\\/deputado\\\/em-reuniao-com-vander-e-vaccarezza-anffa-pede-apoio-a-subsidio-para-fiscais\\\/#primaryimage\"},\"thumbnailUrl\":\"http:\\\/\\\/www.deputadovander.com.br\\\/website\\\/wp-content\\\/uploads\\\/2012\\\/03\\\/foto-2012-03-08-reuniao-vaccarezza-vander-anffa-02-400x266.jpg\",\"datePublished\":\"2012-03-08T18:42:04+00:00\",\"breadcrumb\":{\"@id\":\"https:\\\/\\\/vanderloubet.com.br\\\/deputado\\\/em-reuniao-com-vander-e-vaccarezza-anffa-pede-apoio-a-subsidio-para-fiscais\\\/#breadcrumb\"},\"inLanguage\":\"pt-BR\",\"potentialAction\":[{\"@type\":\"ReadAction\",\"target\":[\"https:\\\/\\\/vanderloubet.com.br\\\/deputado\\\/em-reuniao-com-vander-e-vaccarezza-anffa-pede-apoio-a-subsidio-para-fiscais\\\/\"]}]},{\"@type\":\"ImageObject\",\"inLanguage\":\"pt-BR\",\"@id\":\"https:\\\/\\\/vanderloubet.com.br\\\/deputado\\\/em-reuniao-com-vander-e-vaccarezza-anffa-pede-apoio-a-subsidio-para-fiscais\\\/#primaryimage\",\"url\":\"http:\\\/\\\/www.deputadovander.com.br\\\/website\\\/wp-content\\\/uploads\\\/2012\\\/03\\\/foto-2012-03-08-reuniao-vaccarezza-vander-anffa-02-400x266.jpg\",\"contentUrl\":\"http:\\\/\\\/www.deputadovander.com.br\\\/website\\\/wp-content\\\/uploads\\\/2012\\\/03\\\/foto-2012-03-08-reuniao-vaccarezza-vander-anffa-02-400x266.jpg\"},{\"@type\":\"BreadcrumbList\",\"@id\":\"https:\\\/\\\/vanderloubet.com.br\\\/deputado\\\/em-reuniao-com-vander-e-vaccarezza-anffa-pede-apoio-a-subsidio-para-fiscais\\\/#breadcrumb\",\"itemListElement\":[{\"@type\":\"ListItem\",\"position\":1,\"name\":\"In\u00edcio\",\"item\":\"https:\\\/\\\/vanderloubet.com.br\\\/deputado\\\/\"},{\"@type\":\"ListItem\",\"position\":2,\"name\":\"Em reuni\u00e3o com Vander e Vaccarezza, Anffa pede apoio \u00e0 subs\u00eddio para fiscais\"}]},{\"@type\":\"WebSite\",\"@id\":\"https:\\\/\\\/vanderloubet.com.br\\\/deputado\\\/#website\",\"url\":\"https:\\\/\\\/vanderloubet.com.br\\\/deputado\\\/\",\"name\":\"Deputado Federal Vander Loubet\",\"description\":\"O Federal de MS\",\"publisher\":{\"@id\":\"https:\\\/\\\/vanderloubet.com.br\\\/deputado\\\/#organization\"},\"alternateName\":\"Deputado Vander\",\"potentialAction\":[{\"@type\":\"SearchAction\",\"target\":{\"@type\":\"EntryPoint\",\"urlTemplate\":\"https:\\\/\\\/vanderloubet.com.br\\\/deputado\\\/?s={search_term_string}\"},\"query-input\":{\"@type\":\"PropertyValueSpecification\",\"valueRequired\":true,\"valueName\":\"search_term_string\"}}],\"inLanguage\":\"pt-BR\"},{\"@type\":\"Organization\",\"@id\":\"https:\\\/\\\/vanderloubet.com.br\\\/deputado\\\/#organization\",\"name\":\"Deputado Federal Vander Loubet\",\"alternateName\":\"Deputado Vander\",\"url\":\"https:\\\/\\\/vanderloubet.com.br\\\/deputado\\\/\",\"logo\":{\"@type\":\"ImageObject\",\"inLanguage\":\"pt-BR\",\"@id\":\"https:\\\/\\\/vanderloubet.com.br\\\/deputado\\\/#\\\/schema\\\/logo\\\/image\\\/\",\"url\":\"https:\\\/\\\/vanderloubet.com.br\\\/deputado\\\/wp-content\\\/uploads\\\/2023\\\/06\\\/foto-2023-06-19-mandato-deputado-vander.jpg\",\"contentUrl\":\"https:\\\/\\\/vanderloubet.com.br\\\/deputado\\\/wp-content\\\/uploads\\\/2023\\\/06\\\/foto-2023-06-19-mandato-deputado-vander.jpg\",\"width\":1080,\"height\":1080,\"caption\":\"Deputado Federal Vander Loubet\"},\"image\":{\"@id\":\"https:\\\/\\\/vanderloubet.com.br\\\/deputado\\\/#\\\/schema\\\/logo\\\/image\\\/\"},\"sameAs\":[\"https:\\\/\\\/facebook.com\\\/deputadovander\",\"https:\\\/\\\/x.com\\\/vanderloubet\",\"https:\\\/\\\/instagram.com\\\/vanderloubet\",\"https:\\\/\\\/youtube.com\\\/vanderloubet\",\"https:\\\/\\\/tiktok.com\\\/@vanderloubetms\"]},{\"@type\":\"Person\",\"@id\":\"https:\\\/\\\/vanderloubet.com.br\\\/deputado\\\/#\\\/schema\\\/person\\\/15b51bd564532a8a68d9dec1b8eb890e\",\"name\":\"\u00c9der\",\"image\":{\"@type\":\"ImageObject\",\"inLanguage\":\"pt-BR\",\"@id\":\"https:\\\/\\\/vanderloubet.com.br\\\/deputado\\\/wp-content\\\/litespeed\\\/avatar\\\/88ca4090d9d5ab1c9495f6ca03b68efa.jpg?ver=1777058957\",\"url\":\"https:\\\/\\\/vanderloubet.com.br\\\/deputado\\\/wp-content\\\/litespeed\\\/avatar\\\/88ca4090d9d5ab1c9495f6ca03b68efa.jpg?ver=1777058957\",\"contentUrl\":\"https:\\\/\\\/vanderloubet.com.br\\\/deputado\\\/wp-content\\\/litespeed\\\/avatar\\\/88ca4090d9d5ab1c9495f6ca03b68efa.jpg?ver=1777058957\",\"caption\":\"\u00c9der\"}}]}<\/script>\n<!-- \/ Yoast SEO plugin. -->","yoast_head_json":{"title":"Em reuni\u00e3o com Vander e Vaccarezza, Anffa pede apoio \u00e0 subs\u00eddio para fiscais","robots":{"index":"index","follow":"follow","max-snippet":"max-snippet:-1","max-image-preview":"max-image-preview:large","max-video-preview":"max-video-preview:-1"},"canonical":"https:\/\/vanderloubet.com.br\/deputado\/em-reuniao-com-vander-e-vaccarezza-anffa-pede-apoio-a-subsidio-para-fiscais\/","og_locale":"pt_BR","og_type":"article","og_title":"Em reuni\u00e3o com Vander e Vaccarezza, Anffa pede apoio \u00e0 subs\u00eddio para fiscais","og_description":"Sindicato cobrou da bancada do PT apoio para ado\u00e7\u00e3o da remunera\u00e7\u00e3o por subs\u00eddio na carreira de fiscal do Minist\u00e9rio da Agricultura.","og_url":"https:\/\/vanderloubet.com.br\/deputado\/em-reuniao-com-vander-e-vaccarezza-anffa-pede-apoio-a-subsidio-para-fiscais\/","og_site_name":"Deputado Federal Vander Loubet","article_publisher":"https:\/\/facebook.com\/deputadovander","article_published_time":"2012-03-08T18:42:04+00:00","og_image":[{"url":"http:\/\/www.deputadovander.com.br\/website\/wp-content\/uploads\/2012\/03\/foto-2012-03-08-reuniao-vaccarezza-vander-anffa-02-400x266.jpg","type":"","width":"","height":""}],"author":"\u00c9der","twitter_card":"summary_large_image","twitter_creator":"@vanderloubet","twitter_site":"@vanderloubet","schema":{"@context":"https:\/\/schema.org","@graph":[{"@type":"Article","@id":"https:\/\/vanderloubet.com.br\/deputado\/em-reuniao-com-vander-e-vaccarezza-anffa-pede-apoio-a-subsidio-para-fiscais\/#article","isPartOf":{"@id":"https:\/\/vanderloubet.com.br\/deputado\/em-reuniao-com-vander-e-vaccarezza-anffa-pede-apoio-a-subsidio-para-fiscais\/"},"author":{"name":"\u00c9der","@id":"https:\/\/vanderloubet.com.br\/deputado\/#\/schema\/person\/15b51bd564532a8a68d9dec1b8eb890e"},"headline":"Em reuni\u00e3o com Vander e Vaccarezza, Anffa pede apoio \u00e0 subs\u00eddio para fiscais","datePublished":"2012-03-08T18:42:04+00:00","mainEntityOfPage":{"@id":"https:\/\/vanderloubet.com.br\/deputado\/em-reuniao-com-vander-e-vaccarezza-anffa-pede-apoio-a-subsidio-para-fiscais\/"},"wordCount":374,"publisher":{"@id":"https:\/\/vanderloubet.com.br\/deputado\/#organization"},"image":{"@id":"https:\/\/vanderloubet.com.br\/deputado\/em-reuniao-com-vander-e-vaccarezza-anffa-pede-apoio-a-subsidio-para-fiscais\/#primaryimage"},"thumbnailUrl":"http:\/\/www.deputadovander.com.br\/website\/wp-content\/uploads\/2012\/03\/foto-2012-03-08-reuniao-vaccarezza-vander-anffa-02-400x266.jpg","keywords":["agricultura","agropecu\u00e1rios","anffa","c\u00e2ndido","carreira","deputado","federal","fiscais","gest\u00e3o","loubet","minist\u00e9rio","MS","or\u00e7amento","pecu\u00e1ria","PT","sindical","sindicato","sp","subs\u00eddio","vaccarezza","vander"],"articleSection":["Not\u00edcias"],"inLanguage":"pt-BR"},{"@type":"WebPage","@id":"https:\/\/vanderloubet.com.br\/deputado\/em-reuniao-com-vander-e-vaccarezza-anffa-pede-apoio-a-subsidio-para-fiscais\/","url":"https:\/\/vanderloubet.com.br\/deputado\/em-reuniao-com-vander-e-vaccarezza-anffa-pede-apoio-a-subsidio-para-fiscais\/","name":"Em reuni\u00e3o com Vander e Vaccarezza, Anffa pede apoio \u00e0 subs\u00eddio para fiscais","isPartOf":{"@id":"https:\/\/vanderloubet.com.br\/deputado\/#website"},"primaryImageOfPage":{"@id":"https:\/\/vanderloubet.com.br\/deputado\/em-reuniao-com-vander-e-vaccarezza-anffa-pede-apoio-a-subsidio-para-fiscais\/#primaryimage"},"image":{"@id":"https:\/\/vanderloubet.com.br\/deputado\/em-reuniao-com-vander-e-vaccarezza-anffa-pede-apoio-a-subsidio-para-fiscais\/#primaryimage"},"thumbnailUrl":"http:\/\/www.deputadovander.com.br\/website\/wp-content\/uploads\/2012\/03\/foto-2012-03-08-reuniao-vaccarezza-vander-anffa-02-400x266.jpg","datePublished":"2012-03-08T18:42:04+00:00","breadcrumb":{"@id":"https:\/\/vanderloubet.com.br\/deputado\/em-reuniao-com-vander-e-vaccarezza-anffa-pede-apoio-a-subsidio-para-fiscais\/#breadcrumb"},"inLanguage":"pt-BR","potentialAction":[{"@type":"ReadAction","target":["https:\/\/vanderloubet.com.br\/deputado\/em-reuniao-com-vander-e-vaccarezza-anffa-pede-apoio-a-subsidio-para-fiscais\/"]}]},{"@type":"ImageObject","inLanguage":"pt-BR","@id":"https:\/\/vanderloubet.com.br\/deputado\/em-reuniao-com-vander-e-vaccarezza-anffa-pede-apoio-a-subsidio-para-fiscais\/#primaryimage","url":"http:\/\/www.deputadovander.com.br\/website\/wp-content\/uploads\/2012\/03\/foto-2012-03-08-reuniao-vaccarezza-vander-anffa-02-400x266.jpg","contentUrl":"http:\/\/www.deputadovander.com.br\/website\/wp-content\/uploads\/2012\/03\/foto-2012-03-08-reuniao-vaccarezza-vander-anffa-02-400x266.jpg"},{"@type":"BreadcrumbList","@id":"https:\/\/vanderloubet.com.br\/deputado\/em-reuniao-com-vander-e-vaccarezza-anffa-pede-apoio-a-subsidio-para-fiscais\/#breadcrumb","itemListElement":[{"@type":"ListItem","position":1,"name":"In\u00edcio","item":"https:\/\/vanderloubet.com.br\/deputado\/"},{"@type":"ListItem","position":2,"name":"Em reuni\u00e3o com Vander e Vaccarezza, Anffa pede apoio \u00e0 subs\u00eddio para fiscais"}]},{"@type":"WebSite","@id":"https:\/\/vanderloubet.com.br\/deputado\/#website","url":"https:\/\/vanderloubet.com.br\/deputado\/","name":"Deputado Federal Vander Loubet","description":"O Federal de MS","publisher":{"@id":"https:\/\/vanderloubet.com.br\/deputado\/#organization"},"alternateName":"Deputado Vander","potentialAction":[{"@type":"SearchAction","target":{"@type":"EntryPoint","urlTemplate":"https:\/\/vanderloubet.com.br\/deputado\/?s={search_term_string}"},"query-input":{"@type":"PropertyValueSpecification","valueRequired":true,"valueName":"search_term_string"}}],"inLanguage":"pt-BR"},{"@type":"Organization","@id":"https:\/\/vanderloubet.com.br\/deputado\/#organization","name":"Deputado Federal Vander Loubet","alternateName":"Deputado Vander","url":"https:\/\/vanderloubet.com.br\/deputado\/","logo":{"@type":"ImageObject","inLanguage":"pt-BR","@id":"https:\/\/vanderloubet.com.br\/deputado\/#\/schema\/logo\/image\/","url":"https:\/\/vanderloubet.com.br\/deputado\/wp-content\/uploads\/2023\/06\/foto-2023-06-19-mandato-deputado-vander.jpg","contentUrl":"https:\/\/vanderloubet.com.br\/deputado\/wp-content\/uploads\/2023\/06\/foto-2023-06-19-mandato-deputado-vander.jpg","width":1080,"height":1080,"caption":"Deputado Federal Vander Loubet"},"image":{"@id":"https:\/\/vanderloubet.com.br\/deputado\/#\/schema\/logo\/image\/"},"sameAs":["https:\/\/facebook.com\/deputadovander","https:\/\/x.com\/vanderloubet","https:\/\/instagram.com\/vanderloubet","https:\/\/youtube.com\/vanderloubet","https:\/\/tiktok.com\/@vanderloubetms"]},{"@type":"Person","@id":"https:\/\/vanderloubet.com.br\/deputado\/#\/schema\/person\/15b51bd564532a8a68d9dec1b8eb890e","name":"\u00c9der","image":{"@type":"ImageObject","inLanguage":"pt-BR","@id":"https:\/\/vanderloubet.com.br\/deputado\/wp-content\/litespeed\/avatar\/88ca4090d9d5ab1c9495f6ca03b68efa.jpg?ver=1777058957","url":"https:\/\/vanderloubet.com.br\/deputado\/wp-content\/litespeed\/avatar\/88ca4090d9d5ab1c9495f6ca03b68efa.jpg?ver=1777058957","contentUrl":"https:\/\/vanderloubet.com.br\/deputado\/wp-content\/litespeed\/avatar\/88ca4090d9d5ab1c9495f6ca03b68efa.jpg?ver=1777058957","caption":"\u00c9der"}}]}},"jetpack_featured_media_url":"","jetpack_sharing_enabled":true,"_links":{"self":[{"href":"https:\/\/vanderloubet.com.br\/deputado\/wp-json\/wp\/v2\/posts\/4577","targetHints":{"allow":["GET"]}}],"collection":[{"href":"https:\/\/vanderloubet.com.br\/deputado\/wp-json\/wp\/v2\/posts"}],"about":[{"href":"https:\/\/vanderloubet.com.br\/deputado\/wp-json\/wp\/v2\/types\/post"}],"author":[{"embeddable":true,"href":"https:\/\/vanderloubet.com.br\/deputado\/wp-json\/wp\/v2\/users\/2"}],"replies":[{"embeddable":true,"href":"https:\/\/vanderloubet.com.br\/deputado\/wp-json\/wp\/v2\/comments?post=4577"}],"version-history":[{"count":0,"href":"https:\/\/vanderloubet.com.br\/deputado\/wp-json\/wp\/v2\/posts\/4577\/revisions"}],"wp:attachment":[{"href":"https:\/\/vanderloubet.com.br\/deputado\/wp-json\/wp\/v2\/media?parent=4577"}],"wp:term":[{"taxonomy":"category","embeddable":true,"href":"https:\/\/vanderloubet.com.br\/deputado\/wp-json\/wp\/v2\/categories?post=4577"},{"taxonomy":"post_tag","embeddable":true,"href":"https:\/\/vanderloubet.com.br\/deputado\/wp-json\/wp\/v2\/tags?post=4577"}],"curies":[{"name":"wp","href":"https:\/\/api.w.org\/{rel}","templated":true}]}}