{"id":4573,"date":"2012-03-08T11:48:59","date_gmt":"2012-03-08T15:48:59","guid":{"rendered":"http:\/\/www.deputadovander.com.br\/website\/?p=4573"},"modified":"2012-03-08T11:48:59","modified_gmt":"2012-03-08T15:48:59","slug":"estadio-de-aral-moreira-ganha-arquibancada-com-apoio-de-vander","status":"publish","type":"post","link":"https:\/\/vanderloubet.com.br\/deputado\/estadio-de-aral-moreira-ganha-arquibancada-com-apoio-de-vander\/","title":{"rendered":"Est\u00e1dio de Aral Moreira ganha arquibancada com apoio de Vander"},"content":{"rendered":"<figure id=\"attachment_4574\" aria-describedby=\"caption-attachment-4574\" style=\"width: 400px\" class=\"wp-caption aligncenter\"><a href=\"http:\/\/www.deputadovander.com.br\/website\/wp-content\/uploads\/2012\/03\/foto-2012-03-08-arquibancadas-estadio-campao-aral-moreira.jpg\" target=\"_blank\"><img decoding=\"async\" class=\"size-medium wp-image-4574 \" title=\"foto-2012-03-08-arquibancadas-estadio-campao-aral-moreira\" src=\"http:\/\/www.deputadovander.com.br\/website\/wp-content\/uploads\/2012\/03\/foto-2012-03-08-arquibancadas-estadio-campao-aral-moreira-400x266.jpg\" alt=\"Arquibancadas do Camp\u00e3o devem ficar prontas em breve\" width=\"400\" height=\"266\" \/><\/a><figcaption id=\"caption-attachment-4574\" class=\"wp-caption-text\">Arquibancadas do Camp\u00e3o devem ficar prontas em breve<\/figcaption><\/figure>\n<p>A Prefeitura Municipal de Aral Moreira est\u00e1 construindo as arquibancadas do Est\u00e1dio Municipal e resgata um compromisso assumido com os desportistas da cidade, que agora ter\u00e3o mais comodidade durante as partidas dos mais diversos campeonatos que s\u00e3o realizados no local.<\/p>\n<p>A obra, iniciada h\u00e1 duas semanas, em breve estar\u00e1 pronta e o est\u00e1dio poder\u00e1 sediar novas competi\u00e7\u00f5es. Os recursos para as arquibancadas foram viabilizados pelo deputado federal Vander Loubet (PT-MS) junto ao Minist\u00e9rio do Esporte. Ao total est\u00e3o sendo investidos R$ 101,3 mil, sendo R$ 97,5 mil do governo federal e R$ 3,8 mil de contrapartida da Prefeitura.<\/p>\n<p>O prefeito Edson de David (PTB) ressaltou a import\u00e2ncia da obra para o munic\u00edpio, uma vez que o antigo &#8220;Camp\u00e3o&#8221; &#8211; como o est\u00e1dio \u00e9 chamado carinhosamente pela popula\u00e7\u00e3o &#8211; \u00e9 uma refer\u00eancia na pr\u00e1tica esportiva local. Com as arquibancadas, o est\u00e1dio, que j\u00e1 era iluminado, ficar\u00e1 completo.<\/p>\n<p><span style=\"font-size: 11px;\">(fonte: M\u00eddiaflex e Prefeitura de Aral Moreira)<\/span><\/p>\n","protected":false},"excerpt":{"rendered":"<p>Os recursos para as arquibancadas foram viabilizados pelo deputado federal Vander Loubet (PT-MS) junto ao Minist\u00e9rio do Esporte.<\/p>\n","protected":false},"author":2,"featured_media":0,"comment_status":"closed","ping_status":"open","sticky":false,"template":"","format":"standard","meta":{"jetpack_post_was_ever_published":false,"_jetpack_newsletter_access":"","_jetpack_dont_email_post_to_subs":false,"_jetpack_newsletter_tier_id":0,"_jetpack_memberships_contains_paywalled_content":false,"_jetpack_memberships_contains_paid_content":false,"footnotes":""},"categories":[10],"tags":[167,179,339,576,608,693,739,744,807,893,1178,1302,1318,1336,1345,1607,1609,1655,1656,2033],"class_list":{"0":"post-4573","1":"post","2":"type-post","3":"status-publish","4":"format-standard","6":"category-noticias","7":"tag-aral","8":"tag-arquibancadas","9":"tag-campao","10":"tag-david","11":"tag-deputado","12":"tag-edson","13":"tag-esporte","14":"tag-estadio","15":"tag-federal","16":"tag-futebol","17":"tag-loubet","18":"tag-ministerio","19":"tag-moreira","20":"tag-ms","21":"tag-municipal","22":"tag-prefeito","23":"tag-prefeitura","24":"tag-pt","25":"tag-ptb","26":"tag-vander"},"yoast_head":"<!-- This site is optimized with the Yoast SEO plugin v27.4 - https:\/\/yoast.com\/product\/yoast-seo-wordpress\/ -->\n<title>Est\u00e1dio de Aral Moreira ganha arquibancada com apoio de Vander<\/title>\n<meta name=\"robots\" content=\"index, follow, max-snippet:-1, max-image-preview:large, max-video-preview:-1\" \/>\n<link rel=\"canonical\" href=\"https:\/\/vanderloubet.com.br\/deputado\/estadio-de-aral-moreira-ganha-arquibancada-com-apoio-de-vander\/\" \/>\n<meta property=\"og:locale\" content=\"pt_BR\" \/>\n<meta property=\"og:type\" content=\"article\" \/>\n<meta property=\"og:title\" content=\"Est\u00e1dio de Aral Moreira ganha arquibancada com apoio de Vander\" \/>\n<meta property=\"og:description\" content=\"Os recursos para as arquibancadas foram viabilizados pelo deputado federal Vander Loubet (PT-MS) junto ao Minist\u00e9rio do Esporte.\" \/>\n<meta property=\"og:url\" content=\"https:\/\/vanderloubet.com.br\/deputado\/estadio-de-aral-moreira-ganha-arquibancada-com-apoio-de-vander\/\" \/>\n<meta property=\"og:site_name\" content=\"Deputado Federal Vander Loubet\" \/>\n<meta property=\"article:publisher\" content=\"https:\/\/facebook.com\/deputadovander\" \/>\n<meta property=\"article:published_time\" content=\"2012-03-08T15:48:59+00:00\" \/>\n<meta property=\"og:image\" content=\"http:\/\/www.deputadovander.com.br\/website\/wp-content\/uploads\/2012\/03\/foto-2012-03-08-arquibancadas-estadio-campao-aral-moreira-400x266.jpg\" \/>\n<meta name=\"author\" content=\"\u00c9der\" \/>\n<meta name=\"twitter:card\" content=\"summary_large_image\" \/>\n<meta name=\"twitter:creator\" content=\"@vanderloubet\" \/>\n<meta name=\"twitter:site\" content=\"@vanderloubet\" \/>\n<script type=\"application\/ld+json\" class=\"yoast-schema-graph\">{\"@context\":\"https:\\\/\\\/schema.org\",\"@graph\":[{\"@type\":\"Article\",\"@id\":\"https:\\\/\\\/vanderloubet.com.br\\\/deputado\\\/estadio-de-aral-moreira-ganha-arquibancada-com-apoio-de-vander\\\/#article\",\"isPartOf\":{\"@id\":\"https:\\\/\\\/vanderloubet.com.br\\\/deputado\\\/estadio-de-aral-moreira-ganha-arquibancada-com-apoio-de-vander\\\/\"},\"author\":{\"name\":\"\u00c9der\",\"@id\":\"https:\\\/\\\/vanderloubet.com.br\\\/deputado\\\/#\\\/schema\\\/person\\\/15b51bd564532a8a68d9dec1b8eb890e\"},\"headline\":\"Est\u00e1dio de Aral Moreira ganha arquibancada com apoio de Vander\",\"datePublished\":\"2012-03-08T15:48:59+00:00\",\"mainEntityOfPage\":{\"@id\":\"https:\\\/\\\/vanderloubet.com.br\\\/deputado\\\/estadio-de-aral-moreira-ganha-arquibancada-com-apoio-de-vander\\\/\"},\"wordCount\":192,\"publisher\":{\"@id\":\"https:\\\/\\\/vanderloubet.com.br\\\/deputado\\\/#organization\"},\"image\":{\"@id\":\"https:\\\/\\\/vanderloubet.com.br\\\/deputado\\\/estadio-de-aral-moreira-ganha-arquibancada-com-apoio-de-vander\\\/#primaryimage\"},\"thumbnailUrl\":\"http:\\\/\\\/www.deputadovander.com.br\\\/website\\\/wp-content\\\/uploads\\\/2012\\\/03\\\/foto-2012-03-08-arquibancadas-estadio-campao-aral-moreira-400x266.jpg\",\"keywords\":[\"aral\",\"arquibancadas\",\"camp\u00e3o\",\"david\",\"deputado\",\"edson\",\"esporte\",\"est\u00e1dio\",\"federal\",\"futebol\",\"loubet\",\"minist\u00e9rio\",\"moreira\",\"MS\",\"municipal\",\"prefeito\",\"prefeitura\",\"PT\",\"ptb\",\"vander\"],\"articleSection\":[\"Not\u00edcias\"],\"inLanguage\":\"pt-BR\"},{\"@type\":\"WebPage\",\"@id\":\"https:\\\/\\\/vanderloubet.com.br\\\/deputado\\\/estadio-de-aral-moreira-ganha-arquibancada-com-apoio-de-vander\\\/\",\"url\":\"https:\\\/\\\/vanderloubet.com.br\\\/deputado\\\/estadio-de-aral-moreira-ganha-arquibancada-com-apoio-de-vander\\\/\",\"name\":\"Est\u00e1dio de Aral Moreira ganha arquibancada com apoio de Vander\",\"isPartOf\":{\"@id\":\"https:\\\/\\\/vanderloubet.com.br\\\/deputado\\\/#website\"},\"primaryImageOfPage\":{\"@id\":\"https:\\\/\\\/vanderloubet.com.br\\\/deputado\\\/estadio-de-aral-moreira-ganha-arquibancada-com-apoio-de-vander\\\/#primaryimage\"},\"image\":{\"@id\":\"https:\\\/\\\/vanderloubet.com.br\\\/deputado\\\/estadio-de-aral-moreira-ganha-arquibancada-com-apoio-de-vander\\\/#primaryimage\"},\"thumbnailUrl\":\"http:\\\/\\\/www.deputadovander.com.br\\\/website\\\/wp-content\\\/uploads\\\/2012\\\/03\\\/foto-2012-03-08-arquibancadas-estadio-campao-aral-moreira-400x266.jpg\",\"datePublished\":\"2012-03-08T15:48:59+00:00\",\"breadcrumb\":{\"@id\":\"https:\\\/\\\/vanderloubet.com.br\\\/deputado\\\/estadio-de-aral-moreira-ganha-arquibancada-com-apoio-de-vander\\\/#breadcrumb\"},\"inLanguage\":\"pt-BR\",\"potentialAction\":[{\"@type\":\"ReadAction\",\"target\":[\"https:\\\/\\\/vanderloubet.com.br\\\/deputado\\\/estadio-de-aral-moreira-ganha-arquibancada-com-apoio-de-vander\\\/\"]}]},{\"@type\":\"ImageObject\",\"inLanguage\":\"pt-BR\",\"@id\":\"https:\\\/\\\/vanderloubet.com.br\\\/deputado\\\/estadio-de-aral-moreira-ganha-arquibancada-com-apoio-de-vander\\\/#primaryimage\",\"url\":\"http:\\\/\\\/www.deputadovander.com.br\\\/website\\\/wp-content\\\/uploads\\\/2012\\\/03\\\/foto-2012-03-08-arquibancadas-estadio-campao-aral-moreira-400x266.jpg\",\"contentUrl\":\"http:\\\/\\\/www.deputadovander.com.br\\\/website\\\/wp-content\\\/uploads\\\/2012\\\/03\\\/foto-2012-03-08-arquibancadas-estadio-campao-aral-moreira-400x266.jpg\"},{\"@type\":\"BreadcrumbList\",\"@id\":\"https:\\\/\\\/vanderloubet.com.br\\\/deputado\\\/estadio-de-aral-moreira-ganha-arquibancada-com-apoio-de-vander\\\/#breadcrumb\",\"itemListElement\":[{\"@type\":\"ListItem\",\"position\":1,\"name\":\"In\u00edcio\",\"item\":\"https:\\\/\\\/vanderloubet.com.br\\\/deputado\\\/\"},{\"@type\":\"ListItem\",\"position\":2,\"name\":\"Est\u00e1dio de Aral Moreira ganha arquibancada com apoio de Vander\"}]},{\"@type\":\"WebSite\",\"@id\":\"https:\\\/\\\/vanderloubet.com.br\\\/deputado\\\/#website\",\"url\":\"https:\\\/\\\/vanderloubet.com.br\\\/deputado\\\/\",\"name\":\"Deputado Federal Vander Loubet\",\"description\":\"O Federal de MS\",\"publisher\":{\"@id\":\"https:\\\/\\\/vanderloubet.com.br\\\/deputado\\\/#organization\"},\"alternateName\":\"Deputado Vander\",\"potentialAction\":[{\"@type\":\"SearchAction\",\"target\":{\"@type\":\"EntryPoint\",\"urlTemplate\":\"https:\\\/\\\/vanderloubet.com.br\\\/deputado\\\/?s={search_term_string}\"},\"query-input\":{\"@type\":\"PropertyValueSpecification\",\"valueRequired\":true,\"valueName\":\"search_term_string\"}}],\"inLanguage\":\"pt-BR\"},{\"@type\":\"Organization\",\"@id\":\"https:\\\/\\\/vanderloubet.com.br\\\/deputado\\\/#organization\",\"name\":\"Deputado Federal Vander Loubet\",\"alternateName\":\"Deputado Vander\",\"url\":\"https:\\\/\\\/vanderloubet.com.br\\\/deputado\\\/\",\"logo\":{\"@type\":\"ImageObject\",\"inLanguage\":\"pt-BR\",\"@id\":\"https:\\\/\\\/vanderloubet.com.br\\\/deputado\\\/#\\\/schema\\\/logo\\\/image\\\/\",\"url\":\"https:\\\/\\\/vanderloubet.com.br\\\/deputado\\\/wp-content\\\/uploads\\\/2023\\\/06\\\/foto-2023-06-19-mandato-deputado-vander.jpg\",\"contentUrl\":\"https:\\\/\\\/vanderloubet.com.br\\\/deputado\\\/wp-content\\\/uploads\\\/2023\\\/06\\\/foto-2023-06-19-mandato-deputado-vander.jpg\",\"width\":1080,\"height\":1080,\"caption\":\"Deputado Federal Vander Loubet\"},\"image\":{\"@id\":\"https:\\\/\\\/vanderloubet.com.br\\\/deputado\\\/#\\\/schema\\\/logo\\\/image\\\/\"},\"sameAs\":[\"https:\\\/\\\/facebook.com\\\/deputadovander\",\"https:\\\/\\\/x.com\\\/vanderloubet\",\"https:\\\/\\\/instagram.com\\\/vanderloubet\",\"https:\\\/\\\/youtube.com\\\/vanderloubet\",\"https:\\\/\\\/tiktok.com\\\/@vanderloubetms\"]},{\"@type\":\"Person\",\"@id\":\"https:\\\/\\\/vanderloubet.com.br\\\/deputado\\\/#\\\/schema\\\/person\\\/15b51bd564532a8a68d9dec1b8eb890e\",\"name\":\"\u00c9der\",\"image\":{\"@type\":\"ImageObject\",\"inLanguage\":\"pt-BR\",\"@id\":\"https:\\\/\\\/vanderloubet.com.br\\\/deputado\\\/wp-content\\\/litespeed\\\/avatar\\\/88ca4090d9d5ab1c9495f6ca03b68efa.jpg?ver=1777058957\",\"url\":\"https:\\\/\\\/vanderloubet.com.br\\\/deputado\\\/wp-content\\\/litespeed\\\/avatar\\\/88ca4090d9d5ab1c9495f6ca03b68efa.jpg?ver=1777058957\",\"contentUrl\":\"https:\\\/\\\/vanderloubet.com.br\\\/deputado\\\/wp-content\\\/litespeed\\\/avatar\\\/88ca4090d9d5ab1c9495f6ca03b68efa.jpg?ver=1777058957\",\"caption\":\"\u00c9der\"}}]}<\/script>\n<!-- \/ Yoast SEO plugin. -->","yoast_head_json":{"title":"Est\u00e1dio de Aral Moreira ganha arquibancada com apoio de Vander","robots":{"index":"index","follow":"follow","max-snippet":"max-snippet:-1","max-image-preview":"max-image-preview:large","max-video-preview":"max-video-preview:-1"},"canonical":"https:\/\/vanderloubet.com.br\/deputado\/estadio-de-aral-moreira-ganha-arquibancada-com-apoio-de-vander\/","og_locale":"pt_BR","og_type":"article","og_title":"Est\u00e1dio de Aral Moreira ganha arquibancada com apoio de Vander","og_description":"Os recursos para as arquibancadas foram viabilizados pelo deputado federal Vander Loubet (PT-MS) junto ao Minist\u00e9rio do Esporte.","og_url":"https:\/\/vanderloubet.com.br\/deputado\/estadio-de-aral-moreira-ganha-arquibancada-com-apoio-de-vander\/","og_site_name":"Deputado Federal Vander Loubet","article_publisher":"https:\/\/facebook.com\/deputadovander","article_published_time":"2012-03-08T15:48:59+00:00","og_image":[{"url":"http:\/\/www.deputadovander.com.br\/website\/wp-content\/uploads\/2012\/03\/foto-2012-03-08-arquibancadas-estadio-campao-aral-moreira-400x266.jpg","type":"","width":"","height":""}],"author":"\u00c9der","twitter_card":"summary_large_image","twitter_creator":"@vanderloubet","twitter_site":"@vanderloubet","schema":{"@context":"https:\/\/schema.org","@graph":[{"@type":"Article","@id":"https:\/\/vanderloubet.com.br\/deputado\/estadio-de-aral-moreira-ganha-arquibancada-com-apoio-de-vander\/#article","isPartOf":{"@id":"https:\/\/vanderloubet.com.br\/deputado\/estadio-de-aral-moreira-ganha-arquibancada-com-apoio-de-vander\/"},"author":{"name":"\u00c9der","@id":"https:\/\/vanderloubet.com.br\/deputado\/#\/schema\/person\/15b51bd564532a8a68d9dec1b8eb890e"},"headline":"Est\u00e1dio de Aral Moreira ganha arquibancada com apoio de Vander","datePublished":"2012-03-08T15:48:59+00:00","mainEntityOfPage":{"@id":"https:\/\/vanderloubet.com.br\/deputado\/estadio-de-aral-moreira-ganha-arquibancada-com-apoio-de-vander\/"},"wordCount":192,"publisher":{"@id":"https:\/\/vanderloubet.com.br\/deputado\/#organization"},"image":{"@id":"https:\/\/vanderloubet.com.br\/deputado\/estadio-de-aral-moreira-ganha-arquibancada-com-apoio-de-vander\/#primaryimage"},"thumbnailUrl":"http:\/\/www.deputadovander.com.br\/website\/wp-content\/uploads\/2012\/03\/foto-2012-03-08-arquibancadas-estadio-campao-aral-moreira-400x266.jpg","keywords":["aral","arquibancadas","camp\u00e3o","david","deputado","edson","esporte","est\u00e1dio","federal","futebol","loubet","minist\u00e9rio","moreira","MS","municipal","prefeito","prefeitura","PT","ptb","vander"],"articleSection":["Not\u00edcias"],"inLanguage":"pt-BR"},{"@type":"WebPage","@id":"https:\/\/vanderloubet.com.br\/deputado\/estadio-de-aral-moreira-ganha-arquibancada-com-apoio-de-vander\/","url":"https:\/\/vanderloubet.com.br\/deputado\/estadio-de-aral-moreira-ganha-arquibancada-com-apoio-de-vander\/","name":"Est\u00e1dio de Aral Moreira ganha arquibancada com apoio de Vander","isPartOf":{"@id":"https:\/\/vanderloubet.com.br\/deputado\/#website"},"primaryImageOfPage":{"@id":"https:\/\/vanderloubet.com.br\/deputado\/estadio-de-aral-moreira-ganha-arquibancada-com-apoio-de-vander\/#primaryimage"},"image":{"@id":"https:\/\/vanderloubet.com.br\/deputado\/estadio-de-aral-moreira-ganha-arquibancada-com-apoio-de-vander\/#primaryimage"},"thumbnailUrl":"http:\/\/www.deputadovander.com.br\/website\/wp-content\/uploads\/2012\/03\/foto-2012-03-08-arquibancadas-estadio-campao-aral-moreira-400x266.jpg","datePublished":"2012-03-08T15:48:59+00:00","breadcrumb":{"@id":"https:\/\/vanderloubet.com.br\/deputado\/estadio-de-aral-moreira-ganha-arquibancada-com-apoio-de-vander\/#breadcrumb"},"inLanguage":"pt-BR","potentialAction":[{"@type":"ReadAction","target":["https:\/\/vanderloubet.com.br\/deputado\/estadio-de-aral-moreira-ganha-arquibancada-com-apoio-de-vander\/"]}]},{"@type":"ImageObject","inLanguage":"pt-BR","@id":"https:\/\/vanderloubet.com.br\/deputado\/estadio-de-aral-moreira-ganha-arquibancada-com-apoio-de-vander\/#primaryimage","url":"http:\/\/www.deputadovander.com.br\/website\/wp-content\/uploads\/2012\/03\/foto-2012-03-08-arquibancadas-estadio-campao-aral-moreira-400x266.jpg","contentUrl":"http:\/\/www.deputadovander.com.br\/website\/wp-content\/uploads\/2012\/03\/foto-2012-03-08-arquibancadas-estadio-campao-aral-moreira-400x266.jpg"},{"@type":"BreadcrumbList","@id":"https:\/\/vanderloubet.com.br\/deputado\/estadio-de-aral-moreira-ganha-arquibancada-com-apoio-de-vander\/#breadcrumb","itemListElement":[{"@type":"ListItem","position":1,"name":"In\u00edcio","item":"https:\/\/vanderloubet.com.br\/deputado\/"},{"@type":"ListItem","position":2,"name":"Est\u00e1dio de Aral Moreira ganha arquibancada com apoio de Vander"}]},{"@type":"WebSite","@id":"https:\/\/vanderloubet.com.br\/deputado\/#website","url":"https:\/\/vanderloubet.com.br\/deputado\/","name":"Deputado Federal Vander Loubet","description":"O Federal de MS","publisher":{"@id":"https:\/\/vanderloubet.com.br\/deputado\/#organization"},"alternateName":"Deputado Vander","potentialAction":[{"@type":"SearchAction","target":{"@type":"EntryPoint","urlTemplate":"https:\/\/vanderloubet.com.br\/deputado\/?s={search_term_string}"},"query-input":{"@type":"PropertyValueSpecification","valueRequired":true,"valueName":"search_term_string"}}],"inLanguage":"pt-BR"},{"@type":"Organization","@id":"https:\/\/vanderloubet.com.br\/deputado\/#organization","name":"Deputado Federal Vander Loubet","alternateName":"Deputado Vander","url":"https:\/\/vanderloubet.com.br\/deputado\/","logo":{"@type":"ImageObject","inLanguage":"pt-BR","@id":"https:\/\/vanderloubet.com.br\/deputado\/#\/schema\/logo\/image\/","url":"https:\/\/vanderloubet.com.br\/deputado\/wp-content\/uploads\/2023\/06\/foto-2023-06-19-mandato-deputado-vander.jpg","contentUrl":"https:\/\/vanderloubet.com.br\/deputado\/wp-content\/uploads\/2023\/06\/foto-2023-06-19-mandato-deputado-vander.jpg","width":1080,"height":1080,"caption":"Deputado Federal Vander Loubet"},"image":{"@id":"https:\/\/vanderloubet.com.br\/deputado\/#\/schema\/logo\/image\/"},"sameAs":["https:\/\/facebook.com\/deputadovander","https:\/\/x.com\/vanderloubet","https:\/\/instagram.com\/vanderloubet","https:\/\/youtube.com\/vanderloubet","https:\/\/tiktok.com\/@vanderloubetms"]},{"@type":"Person","@id":"https:\/\/vanderloubet.com.br\/deputado\/#\/schema\/person\/15b51bd564532a8a68d9dec1b8eb890e","name":"\u00c9der","image":{"@type":"ImageObject","inLanguage":"pt-BR","@id":"https:\/\/vanderloubet.com.br\/deputado\/wp-content\/litespeed\/avatar\/88ca4090d9d5ab1c9495f6ca03b68efa.jpg?ver=1777058957","url":"https:\/\/vanderloubet.com.br\/deputado\/wp-content\/litespeed\/avatar\/88ca4090d9d5ab1c9495f6ca03b68efa.jpg?ver=1777058957","contentUrl":"https:\/\/vanderloubet.com.br\/deputado\/wp-content\/litespeed\/avatar\/88ca4090d9d5ab1c9495f6ca03b68efa.jpg?ver=1777058957","caption":"\u00c9der"}}]}},"jetpack_featured_media_url":"","jetpack_sharing_enabled":true,"_links":{"self":[{"href":"https:\/\/vanderloubet.com.br\/deputado\/wp-json\/wp\/v2\/posts\/4573","targetHints":{"allow":["GET"]}}],"collection":[{"href":"https:\/\/vanderloubet.com.br\/deputado\/wp-json\/wp\/v2\/posts"}],"about":[{"href":"https:\/\/vanderloubet.com.br\/deputado\/wp-json\/wp\/v2\/types\/post"}],"author":[{"embeddable":true,"href":"https:\/\/vanderloubet.com.br\/deputado\/wp-json\/wp\/v2\/users\/2"}],"replies":[{"embeddable":true,"href":"https:\/\/vanderloubet.com.br\/deputado\/wp-json\/wp\/v2\/comments?post=4573"}],"version-history":[{"count":0,"href":"https:\/\/vanderloubet.com.br\/deputado\/wp-json\/wp\/v2\/posts\/4573\/revisions"}],"wp:attachment":[{"href":"https:\/\/vanderloubet.com.br\/deputado\/wp-json\/wp\/v2\/media?parent=4573"}],"wp:term":[{"taxonomy":"category","embeddable":true,"href":"https:\/\/vanderloubet.com.br\/deputado\/wp-json\/wp\/v2\/categories?post=4573"},{"taxonomy":"post_tag","embeddable":true,"href":"https:\/\/vanderloubet.com.br\/deputado\/wp-json\/wp\/v2\/tags?post=4573"}],"curies":[{"name":"wp","href":"https:\/\/api.w.org\/{rel}","templated":true}]}}