{"id":4498,"date":"2012-03-01T09:55:14","date_gmt":"2012-03-01T13:55:14","guid":{"rendered":"http:\/\/www.deputadovander.com.br\/website\/?p=4498"},"modified":"2012-03-01T09:55:14","modified_gmt":"2012-03-01T13:55:14","slug":"pt-em-acao-governo-federal-assegura-r-188-milhoes-para-campo-grande","status":"publish","type":"post","link":"https:\/\/vanderloubet.com.br\/deputado\/pt-em-acao-governo-federal-assegura-r-188-milhoes-para-campo-grande\/","title":{"rendered":"PT em a\u00e7\u00e3o: governo federal assegura R$ 18,8 milh\u00f5es para Campo Grande"},"content":{"rendered":"<figure id=\"attachment_4499\" aria-describedby=\"caption-attachment-4499\" style=\"width: 400px\" class=\"wp-caption aligncenter\"><a href=\"http:\/\/www.deputadovander.com.br\/website\/wp-content\/uploads\/2012\/03\/foto-2012-03-01-campo-grande.jpg\" target=\"_blank\"><img decoding=\"async\" class=\"size-medium wp-image-4499  \" title=\"foto-2012-03-01-campo-grande\" src=\"http:\/\/www.deputadovander.com.br\/website\/wp-content\/uploads\/2012\/03\/foto-2012-03-01-campo-grande-400x266.jpg\" alt=\"Campo Grande segue recebendo forte investimento do governo federal\" width=\"400\" height=\"266\" \/><\/a><figcaption id=\"caption-attachment-4499\" class=\"wp-caption-text\">Campo Grande segue recebendo forte investimento do governo federal<\/figcaption><\/figure>\n<p>Na manh\u00e3 de quinta-feira (29\/02), a Caixa Econ\u00f4mica Federal (CEF) assinou dois contratos com a Prefeitura de Campo Grande para o investimento de R$ 8,3 milh\u00f5es na constru\u00e7\u00e3o de duas pra\u00e7as nos bairros Parque do Sol e no Jardim Noroeste. Do total, R$ 7,3 milh\u00f5es (87,9%) s\u00e3o oriundos da segunda fase do Plano de Acelera\u00e7\u00e3o do Crescimento (PAC 2), do governo federal. O projeto inclui, numa \u00e1rea de sete mil metros quadrados, estrutura para atividades culturais, de lazer e de esporte. O processo de licita\u00e7\u00e3o para a constru\u00e7\u00e3o das pra\u00e7as deve ser lan\u00e7ado na pr\u00f3xima segunda-feira (05\/03) e as obras iniciadas dentro de 60 dias.<\/p>\n<p>A assinatura contou com a presen\u00e7a do assessor especial da Secretaria de Rela\u00e7\u00f5es Institucionais da Presid\u00eancia da Rep\u00fablica, Nelson Motta. Ele destacou que o governo federal tem trabalhado intensamente para atender as demandas e reivindica\u00e7\u00f5es de Campo Grande. &#8220;A presidenta Dilma, assim como nosso ex-presidente Lula, tem um carinho muito grande pela cidade. Prova disso s\u00e3o os grandes investimentos que t\u00eam sido feitos por meio do PAC e do PAC 2&#8221;, lembrou.<\/p>\n<p>Cada pra\u00e7a, or\u00e7ada em R$ 4,1 milh\u00f5es, ter\u00e1 um Centro de Refer\u00eancia da Assist\u00eancia Social (CRAS), salas multiuso, cineteatro com 125 lugares, pista de skate, equipamentos de gin\u00e1stica, playground, quadra poliesportiva, quadra de areia, jogos de mesa e pista de caminhada.<\/p>\n<p>A pra\u00e7a do Jardim Noroeste ser\u00e1 constru\u00edda numa quadra circundada pelas ruas Barbacena, Indian\u00e1polis, Nazar\u00e9 e Piraputanga. No Parque do Sol, a estrutura ser\u00e1 constru\u00edda entre as ruas Manoel Macedo Falc\u00e3o, Cenira Soares Magalh\u00e3es e Durando Pereira da Silva, abrangendo uma \u00e1rea de 10 mil metros quadrados.<\/p>\n<p>Para o deputado federal Vander Loubet (PT-MS), esse investimento do PAC 2 \u00e9 mais uma a\u00e7\u00e3o do governo do PT na Presid\u00eancia em prol da melhoria da qualidade de vida da popula\u00e7\u00e3o campo-grandense. &#8220;Sem d\u00favida essas pra\u00e7as representam um grande avan\u00e7o para o bem estar da comunidade das regi\u00f5es beneficiadas. At\u00e9 porque o projeto contempla asfalto e rede de esgoto nas ruas em torno das pra\u00e7as. Isso tudo \u00e9 reflexo da grande preocupa\u00e7\u00e3o do PT com a municipalidade. Desde a gest\u00e3o de Lula o governo federal tem feito fortes investimentos nas cidades e essa pol\u00edtica est\u00e1 sendo mantida com Dilma&#8221;, destacou Vander.<\/p>\n<p><strong>Esfor\u00e7o da Bancada<\/strong><\/p>\n<p>No \u00faltimo s\u00e1bado (25\/02), durante evento na Pra\u00e7a R\u00e1dio Clube, a Caixa Econ\u00f4mica Federal (CEF) j\u00e1 havia assinado com a Prefeitura outros nove contratos que garantem investimentos de R$ 10,5 milh\u00f5es para Campo Grande. Desse montante, R$ 9,5 milh\u00f5es (90,4% do total) s\u00e3o do governo federal. Os recursos possibilitar\u00e3o obras de pavimenta\u00e7\u00e3o e drenagem em quatro bairros &#8211; Vila Vilma, Atl\u00e2ntico Sul, Jardim Tatiana e Jardim Botafogo -, a revitaliza\u00e7\u00e3o do Mercado Municipal, reforma do Parque Ayrton Senna, a cria\u00e7\u00e3o do Museu Hist\u00f3rico e Filos\u00f3fico, reforma do Centro Cultural Jos\u00e9 Oct\u00e1vio Guizzo e execu\u00e7\u00e3o de projetos de recupera\u00e7\u00e3o de \u00e1reas degradadas na bacia hidrogr\u00e1fica do C\u00f3rrego Guariroba.<\/p>\n<figure id=\"attachment_4505\" aria-describedby=\"caption-attachment-4505\" style=\"width: 400px\" class=\"wp-caption aligncenter\"><a href=\"http:\/\/www.deputadovander.com.br\/website\/wp-content\/uploads\/2012\/03\/foto-2012-03-01-vander-delcidio-biffi.jpg\" target=\"_blank\"><img decoding=\"async\" class=\"size-medium wp-image-4505 \" title=\"foto-2012-03-01-vander-delcidio-biffi\" src=\"http:\/\/www.deputadovander.com.br\/website\/wp-content\/uploads\/2012\/03\/foto-2012-03-01-vander-delcidio-biffi-400x266.jpg\" alt=\"Vander, Delc\u00eddio e Biffi: resultado do trabalho da bancada \u00e9 vis\u00edvel na Capital\" width=\"400\" height=\"266\" \/><\/a><figcaption id=\"caption-attachment-4505\" class=\"wp-caption-text\">Vander, Delc\u00eddio e Biffi: resultado do trabalho da bancada \u00e9 vis\u00edvel na Capital<\/figcaption><\/figure>\n<p>Vander enalteceu o trabalho da Bancada do PT no Congresso na capta\u00e7\u00e3o desses investimentos junto aos minist\u00e9rios do Turismo, das Cidades, dos Esportes e na Ag\u00eancia Nacional de \u00c1guas. &#8220;Esses recursos que Campo Grande est\u00e1 recebendo s\u00e3o resultado de um grande trabalho da nossa bancada &#8211; Delc\u00eddio, Biffi e eu &#8211; junto ao governo federal. E esse trabalho felizmente tem obtido resultado positivo, at\u00e9 porque \u00e9 o investimento maci\u00e7o nas cidades \u00e9 caracter\u00edstica da gest\u00e3o petista, pois \u00e9 assim que se melhora a vida da popula\u00e7\u00e3o&#8221;.<\/p>\n<p><span style=\"font-size: 11px;\">(Assessoria\/Deputado Vander, com informa\u00e7\u00f5es do Campo Grande News)<\/span><\/p>\n","protected":false},"excerpt":{"rendered":"<p>Para Vander, investimento do PAC 2 \u00e9 mais uma a\u00e7\u00e3o do governo do PT na Presid\u00eancia em prol da qualidade de vida da popula\u00e7\u00e3o.<\/p>\n","protected":false},"author":2,"featured_media":0,"comment_status":"closed","ping_status":"open","sticky":false,"template":"","format":"standard","meta":{"jetpack_post_was_ever_published":false,"_jetpack_newsletter_access":"","_jetpack_dont_email_post_to_subs":false,"_jetpack_newsletter_tier_id":0,"_jetpack_memberships_contains_paywalled_content":false,"_jetpack_memberships_contains_paid_content":false,"footnotes":""},"categories":[10],"tags":[39,230,262,324,398,552,590,608,631,687,807,955,1089,1178,1189,1275,1351,1410,1445,1484,1556,1600,1655,1826,1924,2033],"class_list":{"0":"post-4498","1":"post","2":"type-post","3":"status-publish","4":"format-standard","6":"category-noticias","7":"tag-aceleracao","8":"tag-ayrton","9":"tag-biffi","10":"tag-caixa","11":"tag-cef","12":"tag-crescimento","13":"tag-delcidio","14":"tag-deputado","15":"tag-dilma","16":"tag-economica","17":"tag-federal","18":"tag-guizzo","19":"tag-jose","20":"tag-loubet","21":"tag-lula","22":"tag-mercado","23":"tag-museu","24":"tag-octavio","25":"tag-pac","26":"tag-parque","27":"tag-plano","28":"tag-pracas","29":"tag-pt","30":"tag-senna","31":"tag-teatro","32":"tag-vander"},"yoast_head":"<!-- This site is optimized with the Yoast SEO plugin v27.4 - https:\/\/yoast.com\/product\/yoast-seo-wordpress\/ -->\n<title>PT em a\u00e7\u00e3o: governo federal assegura R$ 18,8 milh\u00f5es para Campo Grande<\/title>\n<meta name=\"robots\" content=\"index, follow, max-snippet:-1, max-image-preview:large, max-video-preview:-1\" \/>\n<link rel=\"canonical\" href=\"https:\/\/vanderloubet.com.br\/deputado\/pt-em-acao-governo-federal-assegura-r-188-milhoes-para-campo-grande\/\" \/>\n<meta property=\"og:locale\" content=\"pt_BR\" \/>\n<meta property=\"og:type\" content=\"article\" \/>\n<meta property=\"og:title\" content=\"PT em a\u00e7\u00e3o: governo federal assegura R$ 18,8 milh\u00f5es para Campo Grande\" \/>\n<meta property=\"og:description\" content=\"Para Vander, investimento do PAC 2 \u00e9 mais uma a\u00e7\u00e3o do governo do PT na Presid\u00eancia em prol da qualidade de vida da popula\u00e7\u00e3o.\" \/>\n<meta property=\"og:url\" content=\"https:\/\/vanderloubet.com.br\/deputado\/pt-em-acao-governo-federal-assegura-r-188-milhoes-para-campo-grande\/\" \/>\n<meta property=\"og:site_name\" content=\"Deputado Federal Vander Loubet\" \/>\n<meta property=\"article:publisher\" content=\"https:\/\/facebook.com\/deputadovander\" \/>\n<meta property=\"article:published_time\" content=\"2012-03-01T13:55:14+00:00\" \/>\n<meta property=\"og:image\" content=\"http:\/\/www.deputadovander.com.br\/website\/wp-content\/uploads\/2012\/03\/foto-2012-03-01-campo-grande-400x266.jpg\" \/>\n<meta name=\"author\" content=\"\u00c9der\" \/>\n<meta name=\"twitter:card\" content=\"summary_large_image\" \/>\n<meta name=\"twitter:creator\" content=\"@vanderloubet\" \/>\n<meta name=\"twitter:site\" content=\"@vanderloubet\" \/>\n<script type=\"application\/ld+json\" class=\"yoast-schema-graph\">{\"@context\":\"https:\\\/\\\/schema.org\",\"@graph\":[{\"@type\":\"Article\",\"@id\":\"https:\\\/\\\/vanderloubet.com.br\\\/deputado\\\/pt-em-acao-governo-federal-assegura-r-188-milhoes-para-campo-grande\\\/#article\",\"isPartOf\":{\"@id\":\"https:\\\/\\\/vanderloubet.com.br\\\/deputado\\\/pt-em-acao-governo-federal-assegura-r-188-milhoes-para-campo-grande\\\/\"},\"author\":{\"name\":\"\u00c9der\",\"@id\":\"https:\\\/\\\/vanderloubet.com.br\\\/deputado\\\/#\\\/schema\\\/person\\\/15b51bd564532a8a68d9dec1b8eb890e\"},\"headline\":\"PT em a\u00e7\u00e3o: governo federal assegura R$ 18,8 milh\u00f5es para Campo Grande\",\"datePublished\":\"2012-03-01T13:55:14+00:00\",\"mainEntityOfPage\":{\"@id\":\"https:\\\/\\\/vanderloubet.com.br\\\/deputado\\\/pt-em-acao-governo-federal-assegura-r-188-milhoes-para-campo-grande\\\/\"},\"wordCount\":675,\"publisher\":{\"@id\":\"https:\\\/\\\/vanderloubet.com.br\\\/deputado\\\/#organization\"},\"image\":{\"@id\":\"https:\\\/\\\/vanderloubet.com.br\\\/deputado\\\/pt-em-acao-governo-federal-assegura-r-188-milhoes-para-campo-grande\\\/#primaryimage\"},\"thumbnailUrl\":\"http:\\\/\\\/www.deputadovander.com.br\\\/website\\\/wp-content\\\/uploads\\\/2012\\\/03\\\/foto-2012-03-01-campo-grande-400x266.jpg\",\"keywords\":[\"acelera\u00e7\u00e3o\",\"ayrton\",\"biffi\",\"caixa\",\"cef\",\"crescimento\",\"delc\u00eddio\",\"deputado\",\"dilma\",\"econ\u00f4mica\",\"federal\",\"guizzo\",\"jos\u00e9\",\"loubet\",\"lula\",\"mercado\",\"museu\",\"oct\u00e1vio\",\"pac\",\"parque\",\"plano\",\"pra\u00e7as\",\"PT\",\"senna\",\"teatro\",\"vander\"],\"articleSection\":[\"Not\u00edcias\"],\"inLanguage\":\"pt-BR\"},{\"@type\":\"WebPage\",\"@id\":\"https:\\\/\\\/vanderloubet.com.br\\\/deputado\\\/pt-em-acao-governo-federal-assegura-r-188-milhoes-para-campo-grande\\\/\",\"url\":\"https:\\\/\\\/vanderloubet.com.br\\\/deputado\\\/pt-em-acao-governo-federal-assegura-r-188-milhoes-para-campo-grande\\\/\",\"name\":\"PT em a\u00e7\u00e3o: governo federal assegura R$ 18,8 milh\u00f5es para Campo Grande\",\"isPartOf\":{\"@id\":\"https:\\\/\\\/vanderloubet.com.br\\\/deputado\\\/#website\"},\"primaryImageOfPage\":{\"@id\":\"https:\\\/\\\/vanderloubet.com.br\\\/deputado\\\/pt-em-acao-governo-federal-assegura-r-188-milhoes-para-campo-grande\\\/#primaryimage\"},\"image\":{\"@id\":\"https:\\\/\\\/vanderloubet.com.br\\\/deputado\\\/pt-em-acao-governo-federal-assegura-r-188-milhoes-para-campo-grande\\\/#primaryimage\"},\"thumbnailUrl\":\"http:\\\/\\\/www.deputadovander.com.br\\\/website\\\/wp-content\\\/uploads\\\/2012\\\/03\\\/foto-2012-03-01-campo-grande-400x266.jpg\",\"datePublished\":\"2012-03-01T13:55:14+00:00\",\"breadcrumb\":{\"@id\":\"https:\\\/\\\/vanderloubet.com.br\\\/deputado\\\/pt-em-acao-governo-federal-assegura-r-188-milhoes-para-campo-grande\\\/#breadcrumb\"},\"inLanguage\":\"pt-BR\",\"potentialAction\":[{\"@type\":\"ReadAction\",\"target\":[\"https:\\\/\\\/vanderloubet.com.br\\\/deputado\\\/pt-em-acao-governo-federal-assegura-r-188-milhoes-para-campo-grande\\\/\"]}]},{\"@type\":\"ImageObject\",\"inLanguage\":\"pt-BR\",\"@id\":\"https:\\\/\\\/vanderloubet.com.br\\\/deputado\\\/pt-em-acao-governo-federal-assegura-r-188-milhoes-para-campo-grande\\\/#primaryimage\",\"url\":\"http:\\\/\\\/www.deputadovander.com.br\\\/website\\\/wp-content\\\/uploads\\\/2012\\\/03\\\/foto-2012-03-01-campo-grande-400x266.jpg\",\"contentUrl\":\"http:\\\/\\\/www.deputadovander.com.br\\\/website\\\/wp-content\\\/uploads\\\/2012\\\/03\\\/foto-2012-03-01-campo-grande-400x266.jpg\"},{\"@type\":\"BreadcrumbList\",\"@id\":\"https:\\\/\\\/vanderloubet.com.br\\\/deputado\\\/pt-em-acao-governo-federal-assegura-r-188-milhoes-para-campo-grande\\\/#breadcrumb\",\"itemListElement\":[{\"@type\":\"ListItem\",\"position\":1,\"name\":\"In\u00edcio\",\"item\":\"https:\\\/\\\/vanderloubet.com.br\\\/deputado\\\/\"},{\"@type\":\"ListItem\",\"position\":2,\"name\":\"PT em a\u00e7\u00e3o: governo federal assegura R$ 18,8 milh\u00f5es para Campo Grande\"}]},{\"@type\":\"WebSite\",\"@id\":\"https:\\\/\\\/vanderloubet.com.br\\\/deputado\\\/#website\",\"url\":\"https:\\\/\\\/vanderloubet.com.br\\\/deputado\\\/\",\"name\":\"Deputado Federal Vander Loubet\",\"description\":\"O Federal de MS\",\"publisher\":{\"@id\":\"https:\\\/\\\/vanderloubet.com.br\\\/deputado\\\/#organization\"},\"alternateName\":\"Deputado Vander\",\"potentialAction\":[{\"@type\":\"SearchAction\",\"target\":{\"@type\":\"EntryPoint\",\"urlTemplate\":\"https:\\\/\\\/vanderloubet.com.br\\\/deputado\\\/?s={search_term_string}\"},\"query-input\":{\"@type\":\"PropertyValueSpecification\",\"valueRequired\":true,\"valueName\":\"search_term_string\"}}],\"inLanguage\":\"pt-BR\"},{\"@type\":\"Organization\",\"@id\":\"https:\\\/\\\/vanderloubet.com.br\\\/deputado\\\/#organization\",\"name\":\"Deputado Federal Vander Loubet\",\"alternateName\":\"Deputado Vander\",\"url\":\"https:\\\/\\\/vanderloubet.com.br\\\/deputado\\\/\",\"logo\":{\"@type\":\"ImageObject\",\"inLanguage\":\"pt-BR\",\"@id\":\"https:\\\/\\\/vanderloubet.com.br\\\/deputado\\\/#\\\/schema\\\/logo\\\/image\\\/\",\"url\":\"https:\\\/\\\/vanderloubet.com.br\\\/deputado\\\/wp-content\\\/uploads\\\/2023\\\/06\\\/foto-2023-06-19-mandato-deputado-vander.jpg\",\"contentUrl\":\"https:\\\/\\\/vanderloubet.com.br\\\/deputado\\\/wp-content\\\/uploads\\\/2023\\\/06\\\/foto-2023-06-19-mandato-deputado-vander.jpg\",\"width\":1080,\"height\":1080,\"caption\":\"Deputado Federal Vander Loubet\"},\"image\":{\"@id\":\"https:\\\/\\\/vanderloubet.com.br\\\/deputado\\\/#\\\/schema\\\/logo\\\/image\\\/\"},\"sameAs\":[\"https:\\\/\\\/facebook.com\\\/deputadovander\",\"https:\\\/\\\/x.com\\\/vanderloubet\",\"https:\\\/\\\/instagram.com\\\/vanderloubet\",\"https:\\\/\\\/youtube.com\\\/vanderloubet\",\"https:\\\/\\\/tiktok.com\\\/@vanderloubetms\"]},{\"@type\":\"Person\",\"@id\":\"https:\\\/\\\/vanderloubet.com.br\\\/deputado\\\/#\\\/schema\\\/person\\\/15b51bd564532a8a68d9dec1b8eb890e\",\"name\":\"\u00c9der\",\"image\":{\"@type\":\"ImageObject\",\"inLanguage\":\"pt-BR\",\"@id\":\"https:\\\/\\\/vanderloubet.com.br\\\/deputado\\\/wp-content\\\/litespeed\\\/avatar\\\/88ca4090d9d5ab1c9495f6ca03b68efa.jpg?ver=1777058957\",\"url\":\"https:\\\/\\\/vanderloubet.com.br\\\/deputado\\\/wp-content\\\/litespeed\\\/avatar\\\/88ca4090d9d5ab1c9495f6ca03b68efa.jpg?ver=1777058957\",\"contentUrl\":\"https:\\\/\\\/vanderloubet.com.br\\\/deputado\\\/wp-content\\\/litespeed\\\/avatar\\\/88ca4090d9d5ab1c9495f6ca03b68efa.jpg?ver=1777058957\",\"caption\":\"\u00c9der\"}}]}<\/script>\n<!-- \/ Yoast SEO plugin. -->","yoast_head_json":{"title":"PT em a\u00e7\u00e3o: governo federal assegura R$ 18,8 milh\u00f5es para Campo Grande","robots":{"index":"index","follow":"follow","max-snippet":"max-snippet:-1","max-image-preview":"max-image-preview:large","max-video-preview":"max-video-preview:-1"},"canonical":"https:\/\/vanderloubet.com.br\/deputado\/pt-em-acao-governo-federal-assegura-r-188-milhoes-para-campo-grande\/","og_locale":"pt_BR","og_type":"article","og_title":"PT em a\u00e7\u00e3o: governo federal assegura R$ 18,8 milh\u00f5es para Campo Grande","og_description":"Para Vander, investimento do PAC 2 \u00e9 mais uma a\u00e7\u00e3o do governo do PT na Presid\u00eancia em prol da qualidade de vida da popula\u00e7\u00e3o.","og_url":"https:\/\/vanderloubet.com.br\/deputado\/pt-em-acao-governo-federal-assegura-r-188-milhoes-para-campo-grande\/","og_site_name":"Deputado Federal Vander Loubet","article_publisher":"https:\/\/facebook.com\/deputadovander","article_published_time":"2012-03-01T13:55:14+00:00","og_image":[{"url":"http:\/\/www.deputadovander.com.br\/website\/wp-content\/uploads\/2012\/03\/foto-2012-03-01-campo-grande-400x266.jpg","type":"","width":"","height":""}],"author":"\u00c9der","twitter_card":"summary_large_image","twitter_creator":"@vanderloubet","twitter_site":"@vanderloubet","schema":{"@context":"https:\/\/schema.org","@graph":[{"@type":"Article","@id":"https:\/\/vanderloubet.com.br\/deputado\/pt-em-acao-governo-federal-assegura-r-188-milhoes-para-campo-grande\/#article","isPartOf":{"@id":"https:\/\/vanderloubet.com.br\/deputado\/pt-em-acao-governo-federal-assegura-r-188-milhoes-para-campo-grande\/"},"author":{"name":"\u00c9der","@id":"https:\/\/vanderloubet.com.br\/deputado\/#\/schema\/person\/15b51bd564532a8a68d9dec1b8eb890e"},"headline":"PT em a\u00e7\u00e3o: governo federal assegura R$ 18,8 milh\u00f5es para Campo Grande","datePublished":"2012-03-01T13:55:14+00:00","mainEntityOfPage":{"@id":"https:\/\/vanderloubet.com.br\/deputado\/pt-em-acao-governo-federal-assegura-r-188-milhoes-para-campo-grande\/"},"wordCount":675,"publisher":{"@id":"https:\/\/vanderloubet.com.br\/deputado\/#organization"},"image":{"@id":"https:\/\/vanderloubet.com.br\/deputado\/pt-em-acao-governo-federal-assegura-r-188-milhoes-para-campo-grande\/#primaryimage"},"thumbnailUrl":"http:\/\/www.deputadovander.com.br\/website\/wp-content\/uploads\/2012\/03\/foto-2012-03-01-campo-grande-400x266.jpg","keywords":["acelera\u00e7\u00e3o","ayrton","biffi","caixa","cef","crescimento","delc\u00eddio","deputado","dilma","econ\u00f4mica","federal","guizzo","jos\u00e9","loubet","lula","mercado","museu","oct\u00e1vio","pac","parque","plano","pra\u00e7as","PT","senna","teatro","vander"],"articleSection":["Not\u00edcias"],"inLanguage":"pt-BR"},{"@type":"WebPage","@id":"https:\/\/vanderloubet.com.br\/deputado\/pt-em-acao-governo-federal-assegura-r-188-milhoes-para-campo-grande\/","url":"https:\/\/vanderloubet.com.br\/deputado\/pt-em-acao-governo-federal-assegura-r-188-milhoes-para-campo-grande\/","name":"PT em a\u00e7\u00e3o: governo federal assegura R$ 18,8 milh\u00f5es para Campo Grande","isPartOf":{"@id":"https:\/\/vanderloubet.com.br\/deputado\/#website"},"primaryImageOfPage":{"@id":"https:\/\/vanderloubet.com.br\/deputado\/pt-em-acao-governo-federal-assegura-r-188-milhoes-para-campo-grande\/#primaryimage"},"image":{"@id":"https:\/\/vanderloubet.com.br\/deputado\/pt-em-acao-governo-federal-assegura-r-188-milhoes-para-campo-grande\/#primaryimage"},"thumbnailUrl":"http:\/\/www.deputadovander.com.br\/website\/wp-content\/uploads\/2012\/03\/foto-2012-03-01-campo-grande-400x266.jpg","datePublished":"2012-03-01T13:55:14+00:00","breadcrumb":{"@id":"https:\/\/vanderloubet.com.br\/deputado\/pt-em-acao-governo-federal-assegura-r-188-milhoes-para-campo-grande\/#breadcrumb"},"inLanguage":"pt-BR","potentialAction":[{"@type":"ReadAction","target":["https:\/\/vanderloubet.com.br\/deputado\/pt-em-acao-governo-federal-assegura-r-188-milhoes-para-campo-grande\/"]}]},{"@type":"ImageObject","inLanguage":"pt-BR","@id":"https:\/\/vanderloubet.com.br\/deputado\/pt-em-acao-governo-federal-assegura-r-188-milhoes-para-campo-grande\/#primaryimage","url":"http:\/\/www.deputadovander.com.br\/website\/wp-content\/uploads\/2012\/03\/foto-2012-03-01-campo-grande-400x266.jpg","contentUrl":"http:\/\/www.deputadovander.com.br\/website\/wp-content\/uploads\/2012\/03\/foto-2012-03-01-campo-grande-400x266.jpg"},{"@type":"BreadcrumbList","@id":"https:\/\/vanderloubet.com.br\/deputado\/pt-em-acao-governo-federal-assegura-r-188-milhoes-para-campo-grande\/#breadcrumb","itemListElement":[{"@type":"ListItem","position":1,"name":"In\u00edcio","item":"https:\/\/vanderloubet.com.br\/deputado\/"},{"@type":"ListItem","position":2,"name":"PT em a\u00e7\u00e3o: governo federal assegura R$ 18,8 milh\u00f5es para Campo Grande"}]},{"@type":"WebSite","@id":"https:\/\/vanderloubet.com.br\/deputado\/#website","url":"https:\/\/vanderloubet.com.br\/deputado\/","name":"Deputado Federal Vander Loubet","description":"O Federal de MS","publisher":{"@id":"https:\/\/vanderloubet.com.br\/deputado\/#organization"},"alternateName":"Deputado Vander","potentialAction":[{"@type":"SearchAction","target":{"@type":"EntryPoint","urlTemplate":"https:\/\/vanderloubet.com.br\/deputado\/?s={search_term_string}"},"query-input":{"@type":"PropertyValueSpecification","valueRequired":true,"valueName":"search_term_string"}}],"inLanguage":"pt-BR"},{"@type":"Organization","@id":"https:\/\/vanderloubet.com.br\/deputado\/#organization","name":"Deputado Federal Vander Loubet","alternateName":"Deputado Vander","url":"https:\/\/vanderloubet.com.br\/deputado\/","logo":{"@type":"ImageObject","inLanguage":"pt-BR","@id":"https:\/\/vanderloubet.com.br\/deputado\/#\/schema\/logo\/image\/","url":"https:\/\/vanderloubet.com.br\/deputado\/wp-content\/uploads\/2023\/06\/foto-2023-06-19-mandato-deputado-vander.jpg","contentUrl":"https:\/\/vanderloubet.com.br\/deputado\/wp-content\/uploads\/2023\/06\/foto-2023-06-19-mandato-deputado-vander.jpg","width":1080,"height":1080,"caption":"Deputado Federal Vander Loubet"},"image":{"@id":"https:\/\/vanderloubet.com.br\/deputado\/#\/schema\/logo\/image\/"},"sameAs":["https:\/\/facebook.com\/deputadovander","https:\/\/x.com\/vanderloubet","https:\/\/instagram.com\/vanderloubet","https:\/\/youtube.com\/vanderloubet","https:\/\/tiktok.com\/@vanderloubetms"]},{"@type":"Person","@id":"https:\/\/vanderloubet.com.br\/deputado\/#\/schema\/person\/15b51bd564532a8a68d9dec1b8eb890e","name":"\u00c9der","image":{"@type":"ImageObject","inLanguage":"pt-BR","@id":"https:\/\/vanderloubet.com.br\/deputado\/wp-content\/litespeed\/avatar\/88ca4090d9d5ab1c9495f6ca03b68efa.jpg?ver=1777058957","url":"https:\/\/vanderloubet.com.br\/deputado\/wp-content\/litespeed\/avatar\/88ca4090d9d5ab1c9495f6ca03b68efa.jpg?ver=1777058957","contentUrl":"https:\/\/vanderloubet.com.br\/deputado\/wp-content\/litespeed\/avatar\/88ca4090d9d5ab1c9495f6ca03b68efa.jpg?ver=1777058957","caption":"\u00c9der"}}]}},"jetpack_featured_media_url":"","jetpack_sharing_enabled":true,"_links":{"self":[{"href":"https:\/\/vanderloubet.com.br\/deputado\/wp-json\/wp\/v2\/posts\/4498","targetHints":{"allow":["GET"]}}],"collection":[{"href":"https:\/\/vanderloubet.com.br\/deputado\/wp-json\/wp\/v2\/posts"}],"about":[{"href":"https:\/\/vanderloubet.com.br\/deputado\/wp-json\/wp\/v2\/types\/post"}],"author":[{"embeddable":true,"href":"https:\/\/vanderloubet.com.br\/deputado\/wp-json\/wp\/v2\/users\/2"}],"replies":[{"embeddable":true,"href":"https:\/\/vanderloubet.com.br\/deputado\/wp-json\/wp\/v2\/comments?post=4498"}],"version-history":[{"count":0,"href":"https:\/\/vanderloubet.com.br\/deputado\/wp-json\/wp\/v2\/posts\/4498\/revisions"}],"wp:attachment":[{"href":"https:\/\/vanderloubet.com.br\/deputado\/wp-json\/wp\/v2\/media?parent=4498"}],"wp:term":[{"taxonomy":"category","embeddable":true,"href":"https:\/\/vanderloubet.com.br\/deputado\/wp-json\/wp\/v2\/categories?post=4498"},{"taxonomy":"post_tag","embeddable":true,"href":"https:\/\/vanderloubet.com.br\/deputado\/wp-json\/wp\/v2\/tags?post=4498"}],"curies":[{"name":"wp","href":"https:\/\/api.w.org\/{rel}","templated":true}]}}