{"id":4489,"date":"2012-02-28T20:38:30","date_gmt":"2012-02-29T00:38:30","guid":{"rendered":"http:\/\/www.deputadovander.com.br\/website\/?p=4489"},"modified":"2012-02-28T20:38:30","modified_gmt":"2012-02-29T00:38:30","slug":"com-apoio-de-vander-nova-alvorada-do-sul-lanca-pacote-de-obras","status":"publish","type":"post","link":"https:\/\/vanderloubet.com.br\/deputado\/com-apoio-de-vander-nova-alvorada-do-sul-lanca-pacote-de-obras\/","title":{"rendered":"Com apoio de Vander, Nova Alvorada do Sul lan\u00e7a pacote de obras"},"content":{"rendered":"<figure id=\"attachment_4490\" aria-describedby=\"caption-attachment-4490\" style=\"width: 400px\" class=\"wp-caption aligncenter\"><a href=\"http:\/\/www.deputadovander.com.br\/website\/wp-content\/uploads\/2012\/02\/foto-2012-02-27-nova-alvorada-do-sul.jpg\" target=\"_blank\"><img decoding=\"async\" class=\"size-medium wp-image-4490 \" title=\"foto-2012-02-27-nova-alvorada-do-sul\" src=\"http:\/\/www.deputadovander.com.br\/website\/wp-content\/uploads\/2012\/02\/foto-2012-02-27-nova-alvorada-do-sul-400x266.jpg\" alt=\"Vista geral do munic\u00edpio de Nova Alvorada do Sul\" width=\"400\" height=\"266\" \/><\/a><figcaption id=\"caption-attachment-4490\" class=\"wp-caption-text\">Vista geral do munic\u00edpio de Nova Alvorada do Sul<\/figcaption><\/figure>\n<p>No dia 2 de mar\u00e7o, \u00e0s 19h, a Prefeitura de Nova Alvorada do Sul vai realizar, na quadra da Secretaria de Assist\u00eancia Social, a solenidade de lan\u00e7amento do &#8220;Plano de Obras e A\u00e7\u00f5es I&#8221;. Trata-se da primeira etapa de um grande pacote de investimentos &#8211; no valor de R$ 7,1 milh\u00f5es &#8211; que o prefeito Arlei Silva Barbosa (PT) estar\u00e1 implementando no munic\u00edpio.<\/p>\n<p>Das 22 a\u00e7\u00f5es e obras do plano, tr\u00eas prov\u00e9m de emendas parlamentares e recursos viabilizados pelo deputado federal Vander Loubet (PT-MS): apoio para a abertura do Campeonato Estadual de Motocross (R$ 15 mil), Constru\u00e7\u00e3o de Unidade B\u00e1sica da Sa\u00fade da Fam\u00edlia no Distrito da Pana (R$ 240 mil) e in\u00edcio das obras do Parque Nelson Terer\u00e9 (campo de futebol su\u00ed\u00e7o, quadra poliesportiva, quadra de areia, pista de skate, campo de malha, campo de bocha e quadra de basquete, R$ 1,2 milh\u00e3o).<\/p>\n<p><strong>Cart\u00e3o postal<\/strong><\/p>\n<p>De acordo com o prefeito Arlei, o Parque Nelson Terer\u00e9 ser\u00e1 um dos cart\u00f5es postais da cidade, dando um grande impacto na qualidade de vida da popula\u00e7\u00e3o. Ao todo, a obra deve receber investimentos de R$ 5 milh\u00f5es. &#8220;Ser\u00e1 um local integrado num conceito moderno, com espa\u00e7os para a popula\u00e7\u00e3o fazer exerc\u00edcios, levar os filhos para brincar e ser um ponto de encontro de amigos e da fam\u00edlia. O espa\u00e7o contar\u00e1 com lumin\u00e1rias mantidas atrav\u00e9s de energia solar, pista de caminhada, playground, quadras poliesportivas e academia ao ar livre. Al\u00e9m disso, haver\u00e1 a revitaliza\u00e7\u00e3o do lago, tornando-o a principal atra\u00e7\u00e3o tur\u00edstica da nossa cidade&#8221;, destacou o prefeito, ressaltando a importante parceria com Vander Loubet, que sempre tem contribu\u00eddo para o desenvolvimento de Nova Alvorada do Sul.<\/p>\n<figure id=\"attachment_3192\" aria-describedby=\"caption-attachment-3192\" style=\"width: 400px\" class=\"wp-caption aligncenter\"><a href=\"http:\/\/www.deputadovander.com.br\/website\/wp-content\/uploads\/2011\/05\/foto-2011-05-21-parque-nova-alvorada.jpg\" target=\"_blank\"><img decoding=\"async\" class=\"size-medium wp-image-3192 \" title=\"foto-2011-05-21-parque-nova-alvorada\" src=\"http:\/\/www.deputadovander.com.br\/website\/wp-content\/uploads\/2011\/05\/foto-2011-05-21-parque-nova-alvorada-400x237.jpg\" alt=\"Projeto do Parque Nelson Terer\u00e9 em Nova Alvorada do Sul\" width=\"400\" height=\"237\" \/><\/a><figcaption id=\"caption-attachment-3192\" class=\"wp-caption-text\">Projeto do Parque Nelson Terer\u00e9 em Nova Alvorada do Sul<\/figcaption><\/figure>\n<p>J\u00e1 o deputado Vander destaca que o plano de obras e a\u00e7\u00f5es \u00e9 mais uma amostra do desenvolvimento de Nova Alvorada do Sul, que recentemente foi apontada em estudo da Federa\u00e7\u00e3o das Ind\u00fastrias do Estado do Rio de Janeiro (Firjan) como uma das 10 das cidades com mais alto grau de desenvolvimento no Brasil. &#8220;O PT cuida bem das cidades que administra e o Arlei tem feito um excelente trabalho, que somado aos esfor\u00e7os da bancada federal petista resultou nesse alto grau de desenvolvimento&#8221;, afirmou. \u201cAl\u00e9m disso, n\u00e3o podemos esquecer a grande preocupa\u00e7\u00e3o do governo federal, com Lula e Dilma, de investir na municipalidade. Sem d\u00favida isso fez e faz a diferen\u00e7a&#8221;, completa.<\/p>\n<p><span style=\"font-size: 11px;\">(\u00c9der Yanaguita &#8211; Assessoria\/Deputado Vander)<\/span><\/p>\n","protected":false},"excerpt":{"rendered":"<p>Das 22 a\u00e7\u00f5es do pacote, tr\u00eas s\u00e3o emendas parlamentares e recursos viabilizados por Vander que somam R$ 1,5 milh\u00e3o.<\/p>\n","protected":false},"author":2,"featured_media":0,"comment_status":"closed","ping_status":"open","sticky":false,"template":"","format":"standard","meta":{"jetpack_post_was_ever_published":false,"_jetpack_newsletter_access":"","_jetpack_dont_email_post_to_subs":false,"_jetpack_newsletter_tier_id":0,"_jetpack_memberships_contains_paywalled_content":false,"_jetpack_memberships_contains_paid_content":false,"footnotes":""},"categories":[10],"tags":[112,175,242,608,710,807,1178,1325,1336,1375,1400,1409,1484,1655,1846,1902,1939,2033],"class_list":{"0":"post-4489","1":"post","2":"type-post","3":"status-publish","4":"format-standard","6":"category-noticias","7":"tag-alvorada","8":"tag-arlei","9":"tag-barbosa","10":"tag-deputado","11":"tag-emendas","12":"tag-federal","13":"tag-loubet","14":"tag-motocross","15":"tag-ms","16":"tag-nelson","17":"tag-nova","18":"tag-obras","19":"tag-parque","20":"tag-pt","21":"tag-silva","22":"tag-sul","23":"tag-terere","24":"tag-vander"},"yoast_head":"<!-- This site is optimized with the Yoast SEO plugin v27.4 - https:\/\/yoast.com\/product\/yoast-seo-wordpress\/ -->\n<title>Com apoio de Vander, Nova Alvorada do Sul lan\u00e7a pacote de obras<\/title>\n<meta name=\"robots\" content=\"index, follow, max-snippet:-1, max-image-preview:large, max-video-preview:-1\" \/>\n<link rel=\"canonical\" href=\"https:\/\/vanderloubet.com.br\/deputado\/com-apoio-de-vander-nova-alvorada-do-sul-lanca-pacote-de-obras\/\" \/>\n<meta property=\"og:locale\" content=\"pt_BR\" \/>\n<meta property=\"og:type\" content=\"article\" \/>\n<meta property=\"og:title\" content=\"Com apoio de Vander, Nova Alvorada do Sul lan\u00e7a pacote de obras\" \/>\n<meta property=\"og:description\" content=\"Das 22 a\u00e7\u00f5es do pacote, tr\u00eas s\u00e3o emendas parlamentares e recursos viabilizados por Vander que somam R$ 1,5 milh\u00e3o.\" \/>\n<meta property=\"og:url\" content=\"https:\/\/vanderloubet.com.br\/deputado\/com-apoio-de-vander-nova-alvorada-do-sul-lanca-pacote-de-obras\/\" \/>\n<meta property=\"og:site_name\" content=\"Deputado Federal Vander Loubet\" \/>\n<meta property=\"article:publisher\" content=\"https:\/\/facebook.com\/deputadovander\" \/>\n<meta property=\"article:published_time\" content=\"2012-02-29T00:38:30+00:00\" \/>\n<meta property=\"og:image\" content=\"http:\/\/www.deputadovander.com.br\/website\/wp-content\/uploads\/2012\/02\/foto-2012-02-27-nova-alvorada-do-sul-400x266.jpg\" \/>\n<meta name=\"author\" content=\"\u00c9der\" \/>\n<meta name=\"twitter:card\" content=\"summary_large_image\" \/>\n<meta name=\"twitter:creator\" content=\"@vanderloubet\" \/>\n<meta name=\"twitter:site\" content=\"@vanderloubet\" \/>\n<script type=\"application\/ld+json\" class=\"yoast-schema-graph\">{\"@context\":\"https:\\\/\\\/schema.org\",\"@graph\":[{\"@type\":\"Article\",\"@id\":\"https:\\\/\\\/vanderloubet.com.br\\\/deputado\\\/com-apoio-de-vander-nova-alvorada-do-sul-lanca-pacote-de-obras\\\/#article\",\"isPartOf\":{\"@id\":\"https:\\\/\\\/vanderloubet.com.br\\\/deputado\\\/com-apoio-de-vander-nova-alvorada-do-sul-lanca-pacote-de-obras\\\/\"},\"author\":{\"name\":\"\u00c9der\",\"@id\":\"https:\\\/\\\/vanderloubet.com.br\\\/deputado\\\/#\\\/schema\\\/person\\\/15b51bd564532a8a68d9dec1b8eb890e\"},\"headline\":\"Com apoio de Vander, Nova Alvorada do Sul lan\u00e7a pacote de obras\",\"datePublished\":\"2012-02-29T00:38:30+00:00\",\"mainEntityOfPage\":{\"@id\":\"https:\\\/\\\/vanderloubet.com.br\\\/deputado\\\/com-apoio-de-vander-nova-alvorada-do-sul-lanca-pacote-de-obras\\\/\"},\"wordCount\":472,\"publisher\":{\"@id\":\"https:\\\/\\\/vanderloubet.com.br\\\/deputado\\\/#organization\"},\"image\":{\"@id\":\"https:\\\/\\\/vanderloubet.com.br\\\/deputado\\\/com-apoio-de-vander-nova-alvorada-do-sul-lanca-pacote-de-obras\\\/#primaryimage\"},\"thumbnailUrl\":\"http:\\\/\\\/www.deputadovander.com.br\\\/website\\\/wp-content\\\/uploads\\\/2012\\\/02\\\/foto-2012-02-27-nova-alvorada-do-sul-400x266.jpg\",\"keywords\":[\"alvorada\",\"arlei\",\"barbosa\",\"deputado\",\"emendas\",\"federal\",\"loubet\",\"motocross\",\"MS\",\"nelson\",\"nova\",\"obras\",\"parque\",\"PT\",\"silva\",\"sul\",\"terer\u00e9\",\"vander\"],\"articleSection\":[\"Not\u00edcias\"],\"inLanguage\":\"pt-BR\"},{\"@type\":\"WebPage\",\"@id\":\"https:\\\/\\\/vanderloubet.com.br\\\/deputado\\\/com-apoio-de-vander-nova-alvorada-do-sul-lanca-pacote-de-obras\\\/\",\"url\":\"https:\\\/\\\/vanderloubet.com.br\\\/deputado\\\/com-apoio-de-vander-nova-alvorada-do-sul-lanca-pacote-de-obras\\\/\",\"name\":\"Com apoio de Vander, Nova Alvorada do Sul lan\u00e7a pacote de obras\",\"isPartOf\":{\"@id\":\"https:\\\/\\\/vanderloubet.com.br\\\/deputado\\\/#website\"},\"primaryImageOfPage\":{\"@id\":\"https:\\\/\\\/vanderloubet.com.br\\\/deputado\\\/com-apoio-de-vander-nova-alvorada-do-sul-lanca-pacote-de-obras\\\/#primaryimage\"},\"image\":{\"@id\":\"https:\\\/\\\/vanderloubet.com.br\\\/deputado\\\/com-apoio-de-vander-nova-alvorada-do-sul-lanca-pacote-de-obras\\\/#primaryimage\"},\"thumbnailUrl\":\"http:\\\/\\\/www.deputadovander.com.br\\\/website\\\/wp-content\\\/uploads\\\/2012\\\/02\\\/foto-2012-02-27-nova-alvorada-do-sul-400x266.jpg\",\"datePublished\":\"2012-02-29T00:38:30+00:00\",\"breadcrumb\":{\"@id\":\"https:\\\/\\\/vanderloubet.com.br\\\/deputado\\\/com-apoio-de-vander-nova-alvorada-do-sul-lanca-pacote-de-obras\\\/#breadcrumb\"},\"inLanguage\":\"pt-BR\",\"potentialAction\":[{\"@type\":\"ReadAction\",\"target\":[\"https:\\\/\\\/vanderloubet.com.br\\\/deputado\\\/com-apoio-de-vander-nova-alvorada-do-sul-lanca-pacote-de-obras\\\/\"]}]},{\"@type\":\"ImageObject\",\"inLanguage\":\"pt-BR\",\"@id\":\"https:\\\/\\\/vanderloubet.com.br\\\/deputado\\\/com-apoio-de-vander-nova-alvorada-do-sul-lanca-pacote-de-obras\\\/#primaryimage\",\"url\":\"http:\\\/\\\/www.deputadovander.com.br\\\/website\\\/wp-content\\\/uploads\\\/2012\\\/02\\\/foto-2012-02-27-nova-alvorada-do-sul-400x266.jpg\",\"contentUrl\":\"http:\\\/\\\/www.deputadovander.com.br\\\/website\\\/wp-content\\\/uploads\\\/2012\\\/02\\\/foto-2012-02-27-nova-alvorada-do-sul-400x266.jpg\"},{\"@type\":\"BreadcrumbList\",\"@id\":\"https:\\\/\\\/vanderloubet.com.br\\\/deputado\\\/com-apoio-de-vander-nova-alvorada-do-sul-lanca-pacote-de-obras\\\/#breadcrumb\",\"itemListElement\":[{\"@type\":\"ListItem\",\"position\":1,\"name\":\"In\u00edcio\",\"item\":\"https:\\\/\\\/vanderloubet.com.br\\\/deputado\\\/\"},{\"@type\":\"ListItem\",\"position\":2,\"name\":\"Com apoio de Vander, Nova Alvorada do Sul lan\u00e7a pacote de obras\"}]},{\"@type\":\"WebSite\",\"@id\":\"https:\\\/\\\/vanderloubet.com.br\\\/deputado\\\/#website\",\"url\":\"https:\\\/\\\/vanderloubet.com.br\\\/deputado\\\/\",\"name\":\"Deputado Federal Vander Loubet\",\"description\":\"O Federal de MS\",\"publisher\":{\"@id\":\"https:\\\/\\\/vanderloubet.com.br\\\/deputado\\\/#organization\"},\"alternateName\":\"Deputado Vander\",\"potentialAction\":[{\"@type\":\"SearchAction\",\"target\":{\"@type\":\"EntryPoint\",\"urlTemplate\":\"https:\\\/\\\/vanderloubet.com.br\\\/deputado\\\/?s={search_term_string}\"},\"query-input\":{\"@type\":\"PropertyValueSpecification\",\"valueRequired\":true,\"valueName\":\"search_term_string\"}}],\"inLanguage\":\"pt-BR\"},{\"@type\":\"Organization\",\"@id\":\"https:\\\/\\\/vanderloubet.com.br\\\/deputado\\\/#organization\",\"name\":\"Deputado Federal Vander Loubet\",\"alternateName\":\"Deputado Vander\",\"url\":\"https:\\\/\\\/vanderloubet.com.br\\\/deputado\\\/\",\"logo\":{\"@type\":\"ImageObject\",\"inLanguage\":\"pt-BR\",\"@id\":\"https:\\\/\\\/vanderloubet.com.br\\\/deputado\\\/#\\\/schema\\\/logo\\\/image\\\/\",\"url\":\"https:\\\/\\\/vanderloubet.com.br\\\/deputado\\\/wp-content\\\/uploads\\\/2023\\\/06\\\/foto-2023-06-19-mandato-deputado-vander.jpg\",\"contentUrl\":\"https:\\\/\\\/vanderloubet.com.br\\\/deputado\\\/wp-content\\\/uploads\\\/2023\\\/06\\\/foto-2023-06-19-mandato-deputado-vander.jpg\",\"width\":1080,\"height\":1080,\"caption\":\"Deputado Federal Vander Loubet\"},\"image\":{\"@id\":\"https:\\\/\\\/vanderloubet.com.br\\\/deputado\\\/#\\\/schema\\\/logo\\\/image\\\/\"},\"sameAs\":[\"https:\\\/\\\/facebook.com\\\/deputadovander\",\"https:\\\/\\\/x.com\\\/vanderloubet\",\"https:\\\/\\\/instagram.com\\\/vanderloubet\",\"https:\\\/\\\/youtube.com\\\/vanderloubet\",\"https:\\\/\\\/tiktok.com\\\/@vanderloubetms\"]},{\"@type\":\"Person\",\"@id\":\"https:\\\/\\\/vanderloubet.com.br\\\/deputado\\\/#\\\/schema\\\/person\\\/15b51bd564532a8a68d9dec1b8eb890e\",\"name\":\"\u00c9der\",\"image\":{\"@type\":\"ImageObject\",\"inLanguage\":\"pt-BR\",\"@id\":\"https:\\\/\\\/vanderloubet.com.br\\\/deputado\\\/wp-content\\\/litespeed\\\/avatar\\\/88ca4090d9d5ab1c9495f6ca03b68efa.jpg?ver=1777058957\",\"url\":\"https:\\\/\\\/vanderloubet.com.br\\\/deputado\\\/wp-content\\\/litespeed\\\/avatar\\\/88ca4090d9d5ab1c9495f6ca03b68efa.jpg?ver=1777058957\",\"contentUrl\":\"https:\\\/\\\/vanderloubet.com.br\\\/deputado\\\/wp-content\\\/litespeed\\\/avatar\\\/88ca4090d9d5ab1c9495f6ca03b68efa.jpg?ver=1777058957\",\"caption\":\"\u00c9der\"}}]}<\/script>\n<!-- \/ Yoast SEO plugin. -->","yoast_head_json":{"title":"Com apoio de Vander, Nova Alvorada do Sul lan\u00e7a pacote de obras","robots":{"index":"index","follow":"follow","max-snippet":"max-snippet:-1","max-image-preview":"max-image-preview:large","max-video-preview":"max-video-preview:-1"},"canonical":"https:\/\/vanderloubet.com.br\/deputado\/com-apoio-de-vander-nova-alvorada-do-sul-lanca-pacote-de-obras\/","og_locale":"pt_BR","og_type":"article","og_title":"Com apoio de Vander, Nova Alvorada do Sul lan\u00e7a pacote de obras","og_description":"Das 22 a\u00e7\u00f5es do pacote, tr\u00eas s\u00e3o emendas parlamentares e recursos viabilizados por Vander que somam R$ 1,5 milh\u00e3o.","og_url":"https:\/\/vanderloubet.com.br\/deputado\/com-apoio-de-vander-nova-alvorada-do-sul-lanca-pacote-de-obras\/","og_site_name":"Deputado Federal Vander Loubet","article_publisher":"https:\/\/facebook.com\/deputadovander","article_published_time":"2012-02-29T00:38:30+00:00","og_image":[{"url":"http:\/\/www.deputadovander.com.br\/website\/wp-content\/uploads\/2012\/02\/foto-2012-02-27-nova-alvorada-do-sul-400x266.jpg","type":"","width":"","height":""}],"author":"\u00c9der","twitter_card":"summary_large_image","twitter_creator":"@vanderloubet","twitter_site":"@vanderloubet","schema":{"@context":"https:\/\/schema.org","@graph":[{"@type":"Article","@id":"https:\/\/vanderloubet.com.br\/deputado\/com-apoio-de-vander-nova-alvorada-do-sul-lanca-pacote-de-obras\/#article","isPartOf":{"@id":"https:\/\/vanderloubet.com.br\/deputado\/com-apoio-de-vander-nova-alvorada-do-sul-lanca-pacote-de-obras\/"},"author":{"name":"\u00c9der","@id":"https:\/\/vanderloubet.com.br\/deputado\/#\/schema\/person\/15b51bd564532a8a68d9dec1b8eb890e"},"headline":"Com apoio de Vander, Nova Alvorada do Sul lan\u00e7a pacote de obras","datePublished":"2012-02-29T00:38:30+00:00","mainEntityOfPage":{"@id":"https:\/\/vanderloubet.com.br\/deputado\/com-apoio-de-vander-nova-alvorada-do-sul-lanca-pacote-de-obras\/"},"wordCount":472,"publisher":{"@id":"https:\/\/vanderloubet.com.br\/deputado\/#organization"},"image":{"@id":"https:\/\/vanderloubet.com.br\/deputado\/com-apoio-de-vander-nova-alvorada-do-sul-lanca-pacote-de-obras\/#primaryimage"},"thumbnailUrl":"http:\/\/www.deputadovander.com.br\/website\/wp-content\/uploads\/2012\/02\/foto-2012-02-27-nova-alvorada-do-sul-400x266.jpg","keywords":["alvorada","arlei","barbosa","deputado","emendas","federal","loubet","motocross","MS","nelson","nova","obras","parque","PT","silva","sul","terer\u00e9","vander"],"articleSection":["Not\u00edcias"],"inLanguage":"pt-BR"},{"@type":"WebPage","@id":"https:\/\/vanderloubet.com.br\/deputado\/com-apoio-de-vander-nova-alvorada-do-sul-lanca-pacote-de-obras\/","url":"https:\/\/vanderloubet.com.br\/deputado\/com-apoio-de-vander-nova-alvorada-do-sul-lanca-pacote-de-obras\/","name":"Com apoio de Vander, Nova Alvorada do Sul lan\u00e7a pacote de obras","isPartOf":{"@id":"https:\/\/vanderloubet.com.br\/deputado\/#website"},"primaryImageOfPage":{"@id":"https:\/\/vanderloubet.com.br\/deputado\/com-apoio-de-vander-nova-alvorada-do-sul-lanca-pacote-de-obras\/#primaryimage"},"image":{"@id":"https:\/\/vanderloubet.com.br\/deputado\/com-apoio-de-vander-nova-alvorada-do-sul-lanca-pacote-de-obras\/#primaryimage"},"thumbnailUrl":"http:\/\/www.deputadovander.com.br\/website\/wp-content\/uploads\/2012\/02\/foto-2012-02-27-nova-alvorada-do-sul-400x266.jpg","datePublished":"2012-02-29T00:38:30+00:00","breadcrumb":{"@id":"https:\/\/vanderloubet.com.br\/deputado\/com-apoio-de-vander-nova-alvorada-do-sul-lanca-pacote-de-obras\/#breadcrumb"},"inLanguage":"pt-BR","potentialAction":[{"@type":"ReadAction","target":["https:\/\/vanderloubet.com.br\/deputado\/com-apoio-de-vander-nova-alvorada-do-sul-lanca-pacote-de-obras\/"]}]},{"@type":"ImageObject","inLanguage":"pt-BR","@id":"https:\/\/vanderloubet.com.br\/deputado\/com-apoio-de-vander-nova-alvorada-do-sul-lanca-pacote-de-obras\/#primaryimage","url":"http:\/\/www.deputadovander.com.br\/website\/wp-content\/uploads\/2012\/02\/foto-2012-02-27-nova-alvorada-do-sul-400x266.jpg","contentUrl":"http:\/\/www.deputadovander.com.br\/website\/wp-content\/uploads\/2012\/02\/foto-2012-02-27-nova-alvorada-do-sul-400x266.jpg"},{"@type":"BreadcrumbList","@id":"https:\/\/vanderloubet.com.br\/deputado\/com-apoio-de-vander-nova-alvorada-do-sul-lanca-pacote-de-obras\/#breadcrumb","itemListElement":[{"@type":"ListItem","position":1,"name":"In\u00edcio","item":"https:\/\/vanderloubet.com.br\/deputado\/"},{"@type":"ListItem","position":2,"name":"Com apoio de Vander, Nova Alvorada do Sul lan\u00e7a pacote de obras"}]},{"@type":"WebSite","@id":"https:\/\/vanderloubet.com.br\/deputado\/#website","url":"https:\/\/vanderloubet.com.br\/deputado\/","name":"Deputado Federal Vander Loubet","description":"O Federal de MS","publisher":{"@id":"https:\/\/vanderloubet.com.br\/deputado\/#organization"},"alternateName":"Deputado Vander","potentialAction":[{"@type":"SearchAction","target":{"@type":"EntryPoint","urlTemplate":"https:\/\/vanderloubet.com.br\/deputado\/?s={search_term_string}"},"query-input":{"@type":"PropertyValueSpecification","valueRequired":true,"valueName":"search_term_string"}}],"inLanguage":"pt-BR"},{"@type":"Organization","@id":"https:\/\/vanderloubet.com.br\/deputado\/#organization","name":"Deputado Federal Vander Loubet","alternateName":"Deputado Vander","url":"https:\/\/vanderloubet.com.br\/deputado\/","logo":{"@type":"ImageObject","inLanguage":"pt-BR","@id":"https:\/\/vanderloubet.com.br\/deputado\/#\/schema\/logo\/image\/","url":"https:\/\/vanderloubet.com.br\/deputado\/wp-content\/uploads\/2023\/06\/foto-2023-06-19-mandato-deputado-vander.jpg","contentUrl":"https:\/\/vanderloubet.com.br\/deputado\/wp-content\/uploads\/2023\/06\/foto-2023-06-19-mandato-deputado-vander.jpg","width":1080,"height":1080,"caption":"Deputado Federal Vander Loubet"},"image":{"@id":"https:\/\/vanderloubet.com.br\/deputado\/#\/schema\/logo\/image\/"},"sameAs":["https:\/\/facebook.com\/deputadovander","https:\/\/x.com\/vanderloubet","https:\/\/instagram.com\/vanderloubet","https:\/\/youtube.com\/vanderloubet","https:\/\/tiktok.com\/@vanderloubetms"]},{"@type":"Person","@id":"https:\/\/vanderloubet.com.br\/deputado\/#\/schema\/person\/15b51bd564532a8a68d9dec1b8eb890e","name":"\u00c9der","image":{"@type":"ImageObject","inLanguage":"pt-BR","@id":"https:\/\/vanderloubet.com.br\/deputado\/wp-content\/litespeed\/avatar\/88ca4090d9d5ab1c9495f6ca03b68efa.jpg?ver=1777058957","url":"https:\/\/vanderloubet.com.br\/deputado\/wp-content\/litespeed\/avatar\/88ca4090d9d5ab1c9495f6ca03b68efa.jpg?ver=1777058957","contentUrl":"https:\/\/vanderloubet.com.br\/deputado\/wp-content\/litespeed\/avatar\/88ca4090d9d5ab1c9495f6ca03b68efa.jpg?ver=1777058957","caption":"\u00c9der"}}]}},"jetpack_featured_media_url":"","jetpack_sharing_enabled":true,"_links":{"self":[{"href":"https:\/\/vanderloubet.com.br\/deputado\/wp-json\/wp\/v2\/posts\/4489","targetHints":{"allow":["GET"]}}],"collection":[{"href":"https:\/\/vanderloubet.com.br\/deputado\/wp-json\/wp\/v2\/posts"}],"about":[{"href":"https:\/\/vanderloubet.com.br\/deputado\/wp-json\/wp\/v2\/types\/post"}],"author":[{"embeddable":true,"href":"https:\/\/vanderloubet.com.br\/deputado\/wp-json\/wp\/v2\/users\/2"}],"replies":[{"embeddable":true,"href":"https:\/\/vanderloubet.com.br\/deputado\/wp-json\/wp\/v2\/comments?post=4489"}],"version-history":[{"count":0,"href":"https:\/\/vanderloubet.com.br\/deputado\/wp-json\/wp\/v2\/posts\/4489\/revisions"}],"wp:attachment":[{"href":"https:\/\/vanderloubet.com.br\/deputado\/wp-json\/wp\/v2\/media?parent=4489"}],"wp:term":[{"taxonomy":"category","embeddable":true,"href":"https:\/\/vanderloubet.com.br\/deputado\/wp-json\/wp\/v2\/categories?post=4489"},{"taxonomy":"post_tag","embeddable":true,"href":"https:\/\/vanderloubet.com.br\/deputado\/wp-json\/wp\/v2\/tags?post=4489"}],"curies":[{"name":"wp","href":"https:\/\/api.w.org\/{rel}","templated":true}]}}