{"id":4448,"date":"2012-02-16T10:42:51","date_gmt":"2012-02-16T14:42:51","guid":{"rendered":"http:\/\/www.deputadovander.com.br\/website\/?p=4448"},"modified":"2012-02-16T10:42:51","modified_gmt":"2012-02-16T14:42:51","slug":"bancada-do-pt-consegue-no-mda-retroescavadeiras-para-35-municipios","status":"publish","type":"post","link":"https:\/\/vanderloubet.com.br\/deputado\/bancada-do-pt-consegue-no-mda-retroescavadeiras-para-35-municipios\/","title":{"rendered":"Bancada do PT consegue no MDA retroescavadeiras para 35 munic\u00edpios"},"content":{"rendered":"<figure id=\"attachment_4449\" aria-describedby=\"caption-attachment-4449\" style=\"width: 400px\" class=\"wp-caption aligncenter\"><a href=\"http:\/\/www.deputadovander.com.br\/website\/wp-content\/uploads\/2012\/02\/foto-2012-02-09-vander-delcidio-biffi-florence-grandao-01.jpg\" target=\"_blank\"><img decoding=\"async\" class=\"size-medium wp-image-4449 \" title=\"foto-2012-02-09-vander-delcidio-biffi-florence-grandao-01\" src=\"http:\/\/www.deputadovander.com.br\/website\/wp-content\/uploads\/2012\/02\/foto-2012-02-09-vander-delcidio-biffi-florence-grandao-01-400x266.jpg\" alt=\"Reuni\u00e3o no MDA definiu libera\u00e7\u00e3o de maquin\u00e1rios e outras a\u00e7\u00f5es\" width=\"400\" height=\"266\" \/><\/a><figcaption id=\"caption-attachment-4449\" class=\"wp-caption-text\">Reuni\u00e3o no MDA definiu libera\u00e7\u00e3o de maquin\u00e1rios e outras a\u00e7\u00f5es<\/figcaption><\/figure>\n<p>O senador Delc\u00eddio do Amaral e os deputados federais Vander Loubet e Antonio Carlos Biffi, integrantes da bancada do PT de Mato Grosso do Sul no Congresso Nacional, se reuniram na quinta-feira passada (9) com o ministro do Desenvolvimento Agr\u00e1rio, Afonso Florence, para discutir o cronograma de entrega de 35 retroescavadeiras adquiridas pelo MDA e que ser\u00e3o destinadas \u00e0s prefeituras para atender dezenas de assentamentos do interior do estado.<\/p>\n<p>O delegado do MDA em Mato Grosso do Sul, Jo\u00e3o Grand\u00e3o, tamb\u00e9m presente ao encontro, explicou que as m\u00e1quinas est\u00e3o sendo compradas com recursos oriundos da segunda fase do Programa de Acelera\u00e7\u00e3o do Crescimento (PAC 2) para o fortalecimento da agricultura familiar. Os munic\u00edpios contemplados s\u00e3o Amambai, Anauril\u00e2ndia, Ang\u00e9lica, Bataguassu, Bataypor\u00e3, Bela Vista, Bodoquena, Bonito, Brasil\u00e2ndia, Caarap\u00f3, Deod\u00e1polis, Dois Irm\u00e3os do Buriti, Eldorado, F\u00e1tima do Sul, Gl\u00f3ria de Dourados, Guia Lopes da Laguna, Iguatemi, Itapor\u00e3, Itaquira\u00ed, Ivinhema, Japor\u00e3, Jate\u00ed, Juti, Mundo Novo, Nioaque, Nova Alvorada do Sul, Nova Andradina, Novo Horizonte do Sul, Rio Brilhante, Santa Rita do Pardo, Sidrol\u00e2ndia, Tacuru, Taquarussu, Terenos e Vicentina. A id\u00e9ia \u00e9 fazer a entrega em duas etapas. A primeira delas seria realizada na segunda quinzena de abril e a outra no m\u00eas de maio.<\/p>\n<p>O delegado Jo\u00e3o Grand\u00e3o destacou o empenho da bancada para a concretiza\u00e7\u00e3o de um sonho de milhares de assentados de Mato Grosso do Sul. &#8220;A participa\u00e7\u00e3o dos deputados Vander e Biffi e do senador Delc\u00eddio foi muito importante, uma vez que se trata de uma a\u00e7\u00e3o que vem se desenrolando h\u00e1 meses com a participa\u00e7\u00e3o efetiva dos Territ\u00f3rios da Cidadania e dos nossos articuladores estaduais e regionais. O resultado \u00e9 a aquisi\u00e7\u00e3o desse maquin\u00e1rio atrav\u00e9s do PAC 2. Como delegado do MDA, fico muito feliz de estar sob a nossa responsabilidade a entrega dessas 35 m\u00e1quinas. O ministro nos garantiu inclusive que estar\u00e1 presente nas entregas, que devem ocorrer nos munic\u00edpios de Nova Alvorada do Sul e de Ivinhema&#8221;, adiantou Grand\u00e3o.<\/p>\n<figure id=\"attachment_4450\" aria-describedby=\"caption-attachment-4450\" style=\"width: 400px\" class=\"wp-caption aligncenter\"><a href=\"http:\/\/www.deputadovander.com.br\/website\/wp-content\/uploads\/2012\/02\/foto-2012-02-09-vander-delcidio-biffi-florence-grandao-02.jpg\" target=\"_blank\"><img decoding=\"async\" class=\"size-medium wp-image-4450 \" title=\"foto-2012-02-09-vander-delcidio-biffi-florence-grandao-02\" src=\"http:\/\/www.deputadovander.com.br\/website\/wp-content\/uploads\/2012\/02\/foto-2012-02-09-vander-delcidio-biffi-florence-grandao-02-400x266.jpg\" alt=\"Vander, Delc\u00eddio, Biffi, Florence e Grand\u00e3o ao final da reuni\u00e3o\" width=\"400\" height=\"266\" \/><\/a><figcaption id=\"caption-attachment-4450\" class=\"wp-caption-text\">Vander, Delc\u00eddio, Biffi, Florence e Grand\u00e3o ao final da reuni\u00e3o<\/figcaption><\/figure>\n<p>Ainda durante o encontro, a bancada e o ministro discutiram tamb\u00e9m o programa Rede Brasil Rural, voltado para a agricultura familiar, que estimula a implanta\u00e7\u00e3o de cooperativas de compra e venda atrav\u00e9s da internet. &#8220;Vamos batalhar para implantar esse programa em Mato Grosso do Sul o quanto antes&#8221;, assegurou Vander. Ficou acertado ainda que o senador e os deputados do PT-MS v\u00e3o trabalhar ao longo de 2012 para liberar, numa rubrica nacional , R$ 10 milh\u00f5es para investimentos em agricultura familiar. &#8220;Tamb\u00e9m fizemos o compromisso &#8211; Delc\u00eddio, Biffi e eu &#8211; de apresentar emendas de bancada para os Or\u00e7amentos de 2013 e de 2014, de R$ 10 milh\u00f5es cada uma. S\u00e3o a\u00e7\u00f5es important\u00edssimas para promovermos o desenvolvimento agr\u00e1rio em Mato Grosso do Sul&#8221;, concluiu o deputado.<\/p>\n<p><span style=\"font-size: 11px;\">(\u00c9der Yanaguita &#8211; Assessoria\/Deputado Vander, com informa\u00e7\u00f5es da Assessoria\/Senador Delc\u00eddio)<\/span><\/p>\n","protected":false},"excerpt":{"rendered":"<p>Libera\u00e7\u00e3o ocorreu em reuni\u00e3o entre Vander, Delc\u00eddio, Biffi e ministro do Desenvolvimento Agr\u00e1rio, Afonso Florence, em Bras\u00edlia.<\/p>\n","protected":false},"author":2,"featured_media":0,"comment_status":"closed","ping_status":"open","sticky":false,"template":"","format":"standard","meta":{"jetpack_post_was_ever_published":false,"_jetpack_newsletter_access":"","_jetpack_dont_email_post_to_subs":false,"_jetpack_newsletter_tier_id":0,"_jetpack_memberships_contains_paywalled_content":false,"_jetpack_memberships_contains_paid_content":false,"footnotes":""},"categories":[10],"tags":[58,70,236,262,590,593,608,793,807,852,935,1074,1178,1251,1305,1336,1655,1725,1823,2033],"class_list":{"0":"post-4448","1":"post","2":"type-post","3":"status-publish","4":"format-standard","6":"category-noticias","7":"tag-afonso","8":"tag-agricultura","9":"tag-bancada","10":"tag-biffi","11":"tag-delcidio","12":"tag-delegado","13":"tag-deputado","14":"tag-familiar","15":"tag-federal","16":"tag-florence","17":"tag-grandao","18":"tag-joao","19":"tag-loubet","20":"tag-mda","21":"tag-ministro","22":"tag-ms","23":"tag-pt","24":"tag-retroescavadeira","25":"tag-senador","26":"tag-vander"},"yoast_head":"<!-- This site is optimized with the Yoast SEO plugin v27.4 - https:\/\/yoast.com\/product\/yoast-seo-wordpress\/ -->\n<title>Bancada do PT consegue no MDA retroescavadeiras para 35 munic\u00edpios<\/title>\n<meta name=\"robots\" content=\"index, follow, max-snippet:-1, max-image-preview:large, max-video-preview:-1\" \/>\n<link rel=\"canonical\" href=\"https:\/\/vanderloubet.com.br\/deputado\/bancada-do-pt-consegue-no-mda-retroescavadeiras-para-35-municipios\/\" \/>\n<meta property=\"og:locale\" content=\"pt_BR\" \/>\n<meta property=\"og:type\" content=\"article\" \/>\n<meta property=\"og:title\" content=\"Bancada do PT consegue no MDA retroescavadeiras para 35 munic\u00edpios\" \/>\n<meta property=\"og:description\" content=\"Libera\u00e7\u00e3o ocorreu em reuni\u00e3o entre Vander, Delc\u00eddio, Biffi e ministro do Desenvolvimento Agr\u00e1rio, Afonso Florence, em Bras\u00edlia.\" \/>\n<meta property=\"og:url\" content=\"https:\/\/vanderloubet.com.br\/deputado\/bancada-do-pt-consegue-no-mda-retroescavadeiras-para-35-municipios\/\" \/>\n<meta property=\"og:site_name\" content=\"Deputado Federal Vander Loubet\" \/>\n<meta property=\"article:publisher\" content=\"https:\/\/facebook.com\/deputadovander\" \/>\n<meta property=\"article:published_time\" content=\"2012-02-16T14:42:51+00:00\" \/>\n<meta property=\"og:image\" content=\"http:\/\/www.deputadovander.com.br\/website\/wp-content\/uploads\/2012\/02\/foto-2012-02-09-vander-delcidio-biffi-florence-grandao-01-400x266.jpg\" \/>\n<meta name=\"author\" content=\"\u00c9der\" \/>\n<meta name=\"twitter:card\" content=\"summary_large_image\" \/>\n<meta name=\"twitter:creator\" content=\"@vanderloubet\" \/>\n<meta name=\"twitter:site\" content=\"@vanderloubet\" \/>\n<script type=\"application\/ld+json\" class=\"yoast-schema-graph\">{\"@context\":\"https:\\\/\\\/schema.org\",\"@graph\":[{\"@type\":\"Article\",\"@id\":\"https:\\\/\\\/vanderloubet.com.br\\\/deputado\\\/bancada-do-pt-consegue-no-mda-retroescavadeiras-para-35-municipios\\\/#article\",\"isPartOf\":{\"@id\":\"https:\\\/\\\/vanderloubet.com.br\\\/deputado\\\/bancada-do-pt-consegue-no-mda-retroescavadeiras-para-35-municipios\\\/\"},\"author\":{\"name\":\"\u00c9der\",\"@id\":\"https:\\\/\\\/vanderloubet.com.br\\\/deputado\\\/#\\\/schema\\\/person\\\/15b51bd564532a8a68d9dec1b8eb890e\"},\"headline\":\"Bancada do PT consegue no MDA retroescavadeiras para 35 munic\u00edpios\",\"datePublished\":\"2012-02-16T14:42:51+00:00\",\"mainEntityOfPage\":{\"@id\":\"https:\\\/\\\/vanderloubet.com.br\\\/deputado\\\/bancada-do-pt-consegue-no-mda-retroescavadeiras-para-35-municipios\\\/\"},\"wordCount\":549,\"publisher\":{\"@id\":\"https:\\\/\\\/vanderloubet.com.br\\\/deputado\\\/#organization\"},\"image\":{\"@id\":\"https:\\\/\\\/vanderloubet.com.br\\\/deputado\\\/bancada-do-pt-consegue-no-mda-retroescavadeiras-para-35-municipios\\\/#primaryimage\"},\"thumbnailUrl\":\"http:\\\/\\\/www.deputadovander.com.br\\\/website\\\/wp-content\\\/uploads\\\/2012\\\/02\\\/foto-2012-02-09-vander-delcidio-biffi-florence-grandao-01-400x266.jpg\",\"keywords\":[\"afonso\",\"agricultura\",\"bancada\",\"biffi\",\"delc\u00eddio\",\"delegado\",\"deputado\",\"familiar\",\"federal\",\"florence\",\"grand\u00e3o\",\"jo\u00e3o\",\"loubet\",\"mda\",\"ministro\",\"MS\",\"PT\",\"retroescavadeira\",\"senador\",\"vander\"],\"articleSection\":[\"Not\u00edcias\"],\"inLanguage\":\"pt-BR\"},{\"@type\":\"WebPage\",\"@id\":\"https:\\\/\\\/vanderloubet.com.br\\\/deputado\\\/bancada-do-pt-consegue-no-mda-retroescavadeiras-para-35-municipios\\\/\",\"url\":\"https:\\\/\\\/vanderloubet.com.br\\\/deputado\\\/bancada-do-pt-consegue-no-mda-retroescavadeiras-para-35-municipios\\\/\",\"name\":\"Bancada do PT consegue no MDA retroescavadeiras para 35 munic\u00edpios\",\"isPartOf\":{\"@id\":\"https:\\\/\\\/vanderloubet.com.br\\\/deputado\\\/#website\"},\"primaryImageOfPage\":{\"@id\":\"https:\\\/\\\/vanderloubet.com.br\\\/deputado\\\/bancada-do-pt-consegue-no-mda-retroescavadeiras-para-35-municipios\\\/#primaryimage\"},\"image\":{\"@id\":\"https:\\\/\\\/vanderloubet.com.br\\\/deputado\\\/bancada-do-pt-consegue-no-mda-retroescavadeiras-para-35-municipios\\\/#primaryimage\"},\"thumbnailUrl\":\"http:\\\/\\\/www.deputadovander.com.br\\\/website\\\/wp-content\\\/uploads\\\/2012\\\/02\\\/foto-2012-02-09-vander-delcidio-biffi-florence-grandao-01-400x266.jpg\",\"datePublished\":\"2012-02-16T14:42:51+00:00\",\"breadcrumb\":{\"@id\":\"https:\\\/\\\/vanderloubet.com.br\\\/deputado\\\/bancada-do-pt-consegue-no-mda-retroescavadeiras-para-35-municipios\\\/#breadcrumb\"},\"inLanguage\":\"pt-BR\",\"potentialAction\":[{\"@type\":\"ReadAction\",\"target\":[\"https:\\\/\\\/vanderloubet.com.br\\\/deputado\\\/bancada-do-pt-consegue-no-mda-retroescavadeiras-para-35-municipios\\\/\"]}]},{\"@type\":\"ImageObject\",\"inLanguage\":\"pt-BR\",\"@id\":\"https:\\\/\\\/vanderloubet.com.br\\\/deputado\\\/bancada-do-pt-consegue-no-mda-retroescavadeiras-para-35-municipios\\\/#primaryimage\",\"url\":\"http:\\\/\\\/www.deputadovander.com.br\\\/website\\\/wp-content\\\/uploads\\\/2012\\\/02\\\/foto-2012-02-09-vander-delcidio-biffi-florence-grandao-01-400x266.jpg\",\"contentUrl\":\"http:\\\/\\\/www.deputadovander.com.br\\\/website\\\/wp-content\\\/uploads\\\/2012\\\/02\\\/foto-2012-02-09-vander-delcidio-biffi-florence-grandao-01-400x266.jpg\"},{\"@type\":\"BreadcrumbList\",\"@id\":\"https:\\\/\\\/vanderloubet.com.br\\\/deputado\\\/bancada-do-pt-consegue-no-mda-retroescavadeiras-para-35-municipios\\\/#breadcrumb\",\"itemListElement\":[{\"@type\":\"ListItem\",\"position\":1,\"name\":\"In\u00edcio\",\"item\":\"https:\\\/\\\/vanderloubet.com.br\\\/deputado\\\/\"},{\"@type\":\"ListItem\",\"position\":2,\"name\":\"Bancada do PT consegue no MDA retroescavadeiras para 35 munic\u00edpios\"}]},{\"@type\":\"WebSite\",\"@id\":\"https:\\\/\\\/vanderloubet.com.br\\\/deputado\\\/#website\",\"url\":\"https:\\\/\\\/vanderloubet.com.br\\\/deputado\\\/\",\"name\":\"Deputado Federal Vander Loubet\",\"description\":\"O Federal de MS\",\"publisher\":{\"@id\":\"https:\\\/\\\/vanderloubet.com.br\\\/deputado\\\/#organization\"},\"alternateName\":\"Deputado Vander\",\"potentialAction\":[{\"@type\":\"SearchAction\",\"target\":{\"@type\":\"EntryPoint\",\"urlTemplate\":\"https:\\\/\\\/vanderloubet.com.br\\\/deputado\\\/?s={search_term_string}\"},\"query-input\":{\"@type\":\"PropertyValueSpecification\",\"valueRequired\":true,\"valueName\":\"search_term_string\"}}],\"inLanguage\":\"pt-BR\"},{\"@type\":\"Organization\",\"@id\":\"https:\\\/\\\/vanderloubet.com.br\\\/deputado\\\/#organization\",\"name\":\"Deputado Federal Vander Loubet\",\"alternateName\":\"Deputado Vander\",\"url\":\"https:\\\/\\\/vanderloubet.com.br\\\/deputado\\\/\",\"logo\":{\"@type\":\"ImageObject\",\"inLanguage\":\"pt-BR\",\"@id\":\"https:\\\/\\\/vanderloubet.com.br\\\/deputado\\\/#\\\/schema\\\/logo\\\/image\\\/\",\"url\":\"https:\\\/\\\/vanderloubet.com.br\\\/deputado\\\/wp-content\\\/uploads\\\/2023\\\/06\\\/foto-2023-06-19-mandato-deputado-vander.jpg\",\"contentUrl\":\"https:\\\/\\\/vanderloubet.com.br\\\/deputado\\\/wp-content\\\/uploads\\\/2023\\\/06\\\/foto-2023-06-19-mandato-deputado-vander.jpg\",\"width\":1080,\"height\":1080,\"caption\":\"Deputado Federal Vander Loubet\"},\"image\":{\"@id\":\"https:\\\/\\\/vanderloubet.com.br\\\/deputado\\\/#\\\/schema\\\/logo\\\/image\\\/\"},\"sameAs\":[\"https:\\\/\\\/facebook.com\\\/deputadovander\",\"https:\\\/\\\/x.com\\\/vanderloubet\",\"https:\\\/\\\/instagram.com\\\/vanderloubet\",\"https:\\\/\\\/youtube.com\\\/vanderloubet\",\"https:\\\/\\\/tiktok.com\\\/@vanderloubetms\"]},{\"@type\":\"Person\",\"@id\":\"https:\\\/\\\/vanderloubet.com.br\\\/deputado\\\/#\\\/schema\\\/person\\\/15b51bd564532a8a68d9dec1b8eb890e\",\"name\":\"\u00c9der\",\"image\":{\"@type\":\"ImageObject\",\"inLanguage\":\"pt-BR\",\"@id\":\"https:\\\/\\\/vanderloubet.com.br\\\/deputado\\\/wp-content\\\/litespeed\\\/avatar\\\/88ca4090d9d5ab1c9495f6ca03b68efa.jpg?ver=1777058957\",\"url\":\"https:\\\/\\\/vanderloubet.com.br\\\/deputado\\\/wp-content\\\/litespeed\\\/avatar\\\/88ca4090d9d5ab1c9495f6ca03b68efa.jpg?ver=1777058957\",\"contentUrl\":\"https:\\\/\\\/vanderloubet.com.br\\\/deputado\\\/wp-content\\\/litespeed\\\/avatar\\\/88ca4090d9d5ab1c9495f6ca03b68efa.jpg?ver=1777058957\",\"caption\":\"\u00c9der\"}}]}<\/script>\n<!-- \/ Yoast SEO plugin. -->","yoast_head_json":{"title":"Bancada do PT consegue no MDA retroescavadeiras para 35 munic\u00edpios","robots":{"index":"index","follow":"follow","max-snippet":"max-snippet:-1","max-image-preview":"max-image-preview:large","max-video-preview":"max-video-preview:-1"},"canonical":"https:\/\/vanderloubet.com.br\/deputado\/bancada-do-pt-consegue-no-mda-retroescavadeiras-para-35-municipios\/","og_locale":"pt_BR","og_type":"article","og_title":"Bancada do PT consegue no MDA retroescavadeiras para 35 munic\u00edpios","og_description":"Libera\u00e7\u00e3o ocorreu em reuni\u00e3o entre Vander, Delc\u00eddio, Biffi e ministro do Desenvolvimento Agr\u00e1rio, Afonso Florence, em Bras\u00edlia.","og_url":"https:\/\/vanderloubet.com.br\/deputado\/bancada-do-pt-consegue-no-mda-retroescavadeiras-para-35-municipios\/","og_site_name":"Deputado Federal Vander Loubet","article_publisher":"https:\/\/facebook.com\/deputadovander","article_published_time":"2012-02-16T14:42:51+00:00","og_image":[{"url":"http:\/\/www.deputadovander.com.br\/website\/wp-content\/uploads\/2012\/02\/foto-2012-02-09-vander-delcidio-biffi-florence-grandao-01-400x266.jpg","type":"","width":"","height":""}],"author":"\u00c9der","twitter_card":"summary_large_image","twitter_creator":"@vanderloubet","twitter_site":"@vanderloubet","schema":{"@context":"https:\/\/schema.org","@graph":[{"@type":"Article","@id":"https:\/\/vanderloubet.com.br\/deputado\/bancada-do-pt-consegue-no-mda-retroescavadeiras-para-35-municipios\/#article","isPartOf":{"@id":"https:\/\/vanderloubet.com.br\/deputado\/bancada-do-pt-consegue-no-mda-retroescavadeiras-para-35-municipios\/"},"author":{"name":"\u00c9der","@id":"https:\/\/vanderloubet.com.br\/deputado\/#\/schema\/person\/15b51bd564532a8a68d9dec1b8eb890e"},"headline":"Bancada do PT consegue no MDA retroescavadeiras para 35 munic\u00edpios","datePublished":"2012-02-16T14:42:51+00:00","mainEntityOfPage":{"@id":"https:\/\/vanderloubet.com.br\/deputado\/bancada-do-pt-consegue-no-mda-retroescavadeiras-para-35-municipios\/"},"wordCount":549,"publisher":{"@id":"https:\/\/vanderloubet.com.br\/deputado\/#organization"},"image":{"@id":"https:\/\/vanderloubet.com.br\/deputado\/bancada-do-pt-consegue-no-mda-retroescavadeiras-para-35-municipios\/#primaryimage"},"thumbnailUrl":"http:\/\/www.deputadovander.com.br\/website\/wp-content\/uploads\/2012\/02\/foto-2012-02-09-vander-delcidio-biffi-florence-grandao-01-400x266.jpg","keywords":["afonso","agricultura","bancada","biffi","delc\u00eddio","delegado","deputado","familiar","federal","florence","grand\u00e3o","jo\u00e3o","loubet","mda","ministro","MS","PT","retroescavadeira","senador","vander"],"articleSection":["Not\u00edcias"],"inLanguage":"pt-BR"},{"@type":"WebPage","@id":"https:\/\/vanderloubet.com.br\/deputado\/bancada-do-pt-consegue-no-mda-retroescavadeiras-para-35-municipios\/","url":"https:\/\/vanderloubet.com.br\/deputado\/bancada-do-pt-consegue-no-mda-retroescavadeiras-para-35-municipios\/","name":"Bancada do PT consegue no MDA retroescavadeiras para 35 munic\u00edpios","isPartOf":{"@id":"https:\/\/vanderloubet.com.br\/deputado\/#website"},"primaryImageOfPage":{"@id":"https:\/\/vanderloubet.com.br\/deputado\/bancada-do-pt-consegue-no-mda-retroescavadeiras-para-35-municipios\/#primaryimage"},"image":{"@id":"https:\/\/vanderloubet.com.br\/deputado\/bancada-do-pt-consegue-no-mda-retroescavadeiras-para-35-municipios\/#primaryimage"},"thumbnailUrl":"http:\/\/www.deputadovander.com.br\/website\/wp-content\/uploads\/2012\/02\/foto-2012-02-09-vander-delcidio-biffi-florence-grandao-01-400x266.jpg","datePublished":"2012-02-16T14:42:51+00:00","breadcrumb":{"@id":"https:\/\/vanderloubet.com.br\/deputado\/bancada-do-pt-consegue-no-mda-retroescavadeiras-para-35-municipios\/#breadcrumb"},"inLanguage":"pt-BR","potentialAction":[{"@type":"ReadAction","target":["https:\/\/vanderloubet.com.br\/deputado\/bancada-do-pt-consegue-no-mda-retroescavadeiras-para-35-municipios\/"]}]},{"@type":"ImageObject","inLanguage":"pt-BR","@id":"https:\/\/vanderloubet.com.br\/deputado\/bancada-do-pt-consegue-no-mda-retroescavadeiras-para-35-municipios\/#primaryimage","url":"http:\/\/www.deputadovander.com.br\/website\/wp-content\/uploads\/2012\/02\/foto-2012-02-09-vander-delcidio-biffi-florence-grandao-01-400x266.jpg","contentUrl":"http:\/\/www.deputadovander.com.br\/website\/wp-content\/uploads\/2012\/02\/foto-2012-02-09-vander-delcidio-biffi-florence-grandao-01-400x266.jpg"},{"@type":"BreadcrumbList","@id":"https:\/\/vanderloubet.com.br\/deputado\/bancada-do-pt-consegue-no-mda-retroescavadeiras-para-35-municipios\/#breadcrumb","itemListElement":[{"@type":"ListItem","position":1,"name":"In\u00edcio","item":"https:\/\/vanderloubet.com.br\/deputado\/"},{"@type":"ListItem","position":2,"name":"Bancada do PT consegue no MDA retroescavadeiras para 35 munic\u00edpios"}]},{"@type":"WebSite","@id":"https:\/\/vanderloubet.com.br\/deputado\/#website","url":"https:\/\/vanderloubet.com.br\/deputado\/","name":"Deputado Federal Vander Loubet","description":"O Federal de MS","publisher":{"@id":"https:\/\/vanderloubet.com.br\/deputado\/#organization"},"alternateName":"Deputado Vander","potentialAction":[{"@type":"SearchAction","target":{"@type":"EntryPoint","urlTemplate":"https:\/\/vanderloubet.com.br\/deputado\/?s={search_term_string}"},"query-input":{"@type":"PropertyValueSpecification","valueRequired":true,"valueName":"search_term_string"}}],"inLanguage":"pt-BR"},{"@type":"Organization","@id":"https:\/\/vanderloubet.com.br\/deputado\/#organization","name":"Deputado Federal Vander Loubet","alternateName":"Deputado Vander","url":"https:\/\/vanderloubet.com.br\/deputado\/","logo":{"@type":"ImageObject","inLanguage":"pt-BR","@id":"https:\/\/vanderloubet.com.br\/deputado\/#\/schema\/logo\/image\/","url":"https:\/\/vanderloubet.com.br\/deputado\/wp-content\/uploads\/2023\/06\/foto-2023-06-19-mandato-deputado-vander.jpg","contentUrl":"https:\/\/vanderloubet.com.br\/deputado\/wp-content\/uploads\/2023\/06\/foto-2023-06-19-mandato-deputado-vander.jpg","width":1080,"height":1080,"caption":"Deputado Federal Vander Loubet"},"image":{"@id":"https:\/\/vanderloubet.com.br\/deputado\/#\/schema\/logo\/image\/"},"sameAs":["https:\/\/facebook.com\/deputadovander","https:\/\/x.com\/vanderloubet","https:\/\/instagram.com\/vanderloubet","https:\/\/youtube.com\/vanderloubet","https:\/\/tiktok.com\/@vanderloubetms"]},{"@type":"Person","@id":"https:\/\/vanderloubet.com.br\/deputado\/#\/schema\/person\/15b51bd564532a8a68d9dec1b8eb890e","name":"\u00c9der","image":{"@type":"ImageObject","inLanguage":"pt-BR","@id":"https:\/\/vanderloubet.com.br\/deputado\/wp-content\/litespeed\/avatar\/88ca4090d9d5ab1c9495f6ca03b68efa.jpg?ver=1777058957","url":"https:\/\/vanderloubet.com.br\/deputado\/wp-content\/litespeed\/avatar\/88ca4090d9d5ab1c9495f6ca03b68efa.jpg?ver=1777058957","contentUrl":"https:\/\/vanderloubet.com.br\/deputado\/wp-content\/litespeed\/avatar\/88ca4090d9d5ab1c9495f6ca03b68efa.jpg?ver=1777058957","caption":"\u00c9der"}}]}},"jetpack_featured_media_url":"","jetpack_sharing_enabled":true,"_links":{"self":[{"href":"https:\/\/vanderloubet.com.br\/deputado\/wp-json\/wp\/v2\/posts\/4448","targetHints":{"allow":["GET"]}}],"collection":[{"href":"https:\/\/vanderloubet.com.br\/deputado\/wp-json\/wp\/v2\/posts"}],"about":[{"href":"https:\/\/vanderloubet.com.br\/deputado\/wp-json\/wp\/v2\/types\/post"}],"author":[{"embeddable":true,"href":"https:\/\/vanderloubet.com.br\/deputado\/wp-json\/wp\/v2\/users\/2"}],"replies":[{"embeddable":true,"href":"https:\/\/vanderloubet.com.br\/deputado\/wp-json\/wp\/v2\/comments?post=4448"}],"version-history":[{"count":0,"href":"https:\/\/vanderloubet.com.br\/deputado\/wp-json\/wp\/v2\/posts\/4448\/revisions"}],"wp:attachment":[{"href":"https:\/\/vanderloubet.com.br\/deputado\/wp-json\/wp\/v2\/media?parent=4448"}],"wp:term":[{"taxonomy":"category","embeddable":true,"href":"https:\/\/vanderloubet.com.br\/deputado\/wp-json\/wp\/v2\/categories?post=4448"},{"taxonomy":"post_tag","embeddable":true,"href":"https:\/\/vanderloubet.com.br\/deputado\/wp-json\/wp\/v2\/tags?post=4448"}],"curies":[{"name":"wp","href":"https:\/\/api.w.org\/{rel}","templated":true}]}}