{"id":4427,"date":"2012-02-10T15:06:44","date_gmt":"2012-02-10T19:06:44","guid":{"rendered":"http:\/\/www.deputadovander.com.br\/website\/?p=4427"},"modified":"2012-02-10T15:06:44","modified_gmt":"2012-02-10T19:06:44","slug":"vander-defende-que-nome-para-dnit-saia-do-quadro-de-servidores","status":"publish","type":"post","link":"https:\/\/vanderloubet.com.br\/deputado\/vander-defende-que-nome-para-dnit-saia-do-quadro-de-servidores\/","title":{"rendered":"Vander defende que nome para Dnit seja do quadro de servidores"},"content":{"rendered":"<figure id=\"attachment_4428\" aria-describedby=\"caption-attachment-4428\" style=\"width: 400px\" class=\"wp-caption aligncenter\"><a href=\"http:\/\/www.deputadovander.com.br\/website\/wp-content\/uploads\/2012\/02\/foto-2012-02-10-deputado-vander-loubet.jpg\" target=\"_blank\"><img decoding=\"async\" class=\"size-medium wp-image-4428 \" title=\"foto-2012-02-10-deputado-vander-loubet\" src=\"http:\/\/www.deputadovander.com.br\/website\/wp-content\/uploads\/2012\/02\/foto-2012-02-10-deputado-vander-loubet-400x266.jpg\" alt=\"Vander defende que nome de carreira do Dnit seja prestigiado em MS\" width=\"400\" height=\"266\" \/><\/a><figcaption id=\"caption-attachment-4428\" class=\"wp-caption-text\">Vander defende que nome de carreira do Dnit seja prestigiado em MS<\/figcaption><\/figure>\n<p>O deputado federal Vander Loubet (PT-MS) afirmou na tarde dessa sexta-feira (10), em rela\u00e7\u00e3o \u00e0 escolha do novo superintendente regional do Departamento Nacional de Infraestrutura e Transporte (Dnit) em Mato Grosso do Sul, que defende a posi\u00e7\u00e3o de Dil\u00e7o Martins, presidente da Associa\u00e7\u00e3o dos Servidores Federais em Transportes (Asdner-MS), segundo o qual a vaga deveria ser preenchida por um funcion\u00e1rio de carreira da pr\u00f3pria autarquia no estado, j\u00e1 que o Dnit-MS disp\u00f5e de t\u00e9cnicos com os requisitos necess\u00e1rios para suprir a Superintend\u00eancia.<\/p>\n<p>&#8220;Da minha parte e da parte da bancada do PT de MS no Congresso Nacional, n\u00e3o h\u00e1 nada pessoal contra o Jos\u00e9 Luiz Vianna Ferreira [nome do engenheiro do Minist\u00e9rio do Planejamento cogitado para ocupar o cargo de superitendente do Dnit-MS]. A quest\u00e3o \u00e9 que defendemos que seja algu\u00e9m do pr\u00f3prio quadro de servidores do \u00f3rg\u00e3o em Mato Grosso do Sul, pois certamente ser\u00e1 um profissional com conhecimento da realidade do nosso estado&#8221;, explicou Vander.<\/p>\n<p><strong>Portaria<\/strong><\/p>\n<p>De acordo com o notici\u00e1rio regional, os servidores do Dnit-MS foram convocados para uma assembl\u00e9ia nesta segunda-feira (13) para escolha e indica\u00e7\u00e3o de t\u00e9cnicos do \u00f3rg\u00e3o para ocupar o cargo de superintendente. A indica\u00e7\u00e3o est\u00e1 em conformidade com a Portaria n\u00ba 329, de 5 dezembro de 2011, do Minist\u00e9rio dos Transportes, que torna privativa para os servidores das carreiras do Dnit e para os servidores do Plano Especial de Cargos do Dnit a nomea\u00e7\u00e3o para os cargos de superintendente regionais.<\/p>\n<p>&#8220;Progressivamente, estamos constatando que as escolhas da presidenta Dilma est\u00e3o privilegiando crit\u00e9rios t\u00e9cnicos e pautados na meritocracia. Isso \u00e9 um grande avan\u00e7o para o nosso pa\u00eds e acredito ser importante que isso tamb\u00e9m seja aplicado ao caso do Dnit&#8221;, concluiu o deputado.<\/p>\n<p><span style=\"font-size: 11px;\">(\u00c9der Yanaguita\/Assessoria Deputado Vander)<\/span><\/p>\n","protected":false},"excerpt":{"rendered":"<p>Para a Associa\u00e7\u00e3o dos Servidores (Asdner), Dnit-MS disp\u00f5e de t\u00e9cnicos com requisitos para suprir a Superintend\u00eancia.<\/p>\n","protected":false},"author":2,"featured_media":0,"comment_status":"closed","ping_status":"open","sticky":false,"template":"","format":"standard","meta":{"jetpack_post_was_ever_published":false,"_jetpack_newsletter_access":"","_jetpack_dont_email_post_to_subs":false,"_jetpack_newsletter_tier_id":0,"_jetpack_memberships_contains_paywalled_content":false,"_jetpack_memberships_contains_paid_content":false,"footnotes":""},"categories":[10],"tags":[188,608,630,656,807,819,1089,1178,1188,1241,1302,1336,1655,1904,1973,2033,2054],"class_list":{"0":"post-4427","1":"post","2":"type-post","3":"status-publish","4":"format-standard","6":"category-noticias","7":"tag-asdner","8":"tag-deputado","9":"tag-dilco","10":"tag-dnit","11":"tag-federal","12":"tag-ferreira","13":"tag-jose","14":"tag-loubet","15":"tag-luiz","16":"tag-martins","17":"tag-ministerio","18":"tag-ms","19":"tag-pt","20":"tag-superintendente","21":"tag-transportes","22":"tag-vander","23":"tag-vianna"},"yoast_head":"<!-- This site is optimized with the Yoast SEO plugin v27.4 - https:\/\/yoast.com\/product\/yoast-seo-wordpress\/ -->\n<title>Vander defende que nome para Dnit seja do quadro de servidores<\/title>\n<meta name=\"robots\" content=\"index, follow, max-snippet:-1, max-image-preview:large, max-video-preview:-1\" \/>\n<link rel=\"canonical\" href=\"https:\/\/vanderloubet.com.br\/deputado\/vander-defende-que-nome-para-dnit-saia-do-quadro-de-servidores\/\" \/>\n<meta property=\"og:locale\" content=\"pt_BR\" \/>\n<meta property=\"og:type\" content=\"article\" \/>\n<meta property=\"og:title\" content=\"Vander defende que nome para Dnit seja do quadro de servidores\" \/>\n<meta property=\"og:description\" content=\"Para a Associa\u00e7\u00e3o dos Servidores (Asdner), Dnit-MS disp\u00f5e de t\u00e9cnicos com requisitos para suprir a Superintend\u00eancia.\" \/>\n<meta property=\"og:url\" content=\"https:\/\/vanderloubet.com.br\/deputado\/vander-defende-que-nome-para-dnit-saia-do-quadro-de-servidores\/\" \/>\n<meta property=\"og:site_name\" content=\"Deputado Federal Vander Loubet\" \/>\n<meta property=\"article:publisher\" content=\"https:\/\/facebook.com\/deputadovander\" \/>\n<meta property=\"article:published_time\" content=\"2012-02-10T19:06:44+00:00\" \/>\n<meta property=\"og:image\" content=\"http:\/\/www.deputadovander.com.br\/website\/wp-content\/uploads\/2012\/02\/foto-2012-02-10-deputado-vander-loubet-400x266.jpg\" \/>\n<meta name=\"author\" content=\"\u00c9der\" \/>\n<meta name=\"twitter:card\" content=\"summary_large_image\" \/>\n<meta name=\"twitter:creator\" content=\"@vanderloubet\" \/>\n<meta name=\"twitter:site\" content=\"@vanderloubet\" \/>\n<script type=\"application\/ld+json\" class=\"yoast-schema-graph\">{\"@context\":\"https:\\\/\\\/schema.org\",\"@graph\":[{\"@type\":\"Article\",\"@id\":\"https:\\\/\\\/vanderloubet.com.br\\\/deputado\\\/vander-defende-que-nome-para-dnit-saia-do-quadro-de-servidores\\\/#article\",\"isPartOf\":{\"@id\":\"https:\\\/\\\/vanderloubet.com.br\\\/deputado\\\/vander-defende-que-nome-para-dnit-saia-do-quadro-de-servidores\\\/\"},\"author\":{\"name\":\"\u00c9der\",\"@id\":\"https:\\\/\\\/vanderloubet.com.br\\\/deputado\\\/#\\\/schema\\\/person\\\/15b51bd564532a8a68d9dec1b8eb890e\"},\"headline\":\"Vander defende que nome para Dnit seja do quadro de servidores\",\"datePublished\":\"2012-02-10T19:06:44+00:00\",\"mainEntityOfPage\":{\"@id\":\"https:\\\/\\\/vanderloubet.com.br\\\/deputado\\\/vander-defende-que-nome-para-dnit-saia-do-quadro-de-servidores\\\/\"},\"wordCount\":338,\"publisher\":{\"@id\":\"https:\\\/\\\/vanderloubet.com.br\\\/deputado\\\/#organization\"},\"image\":{\"@id\":\"https:\\\/\\\/vanderloubet.com.br\\\/deputado\\\/vander-defende-que-nome-para-dnit-saia-do-quadro-de-servidores\\\/#primaryimage\"},\"thumbnailUrl\":\"http:\\\/\\\/www.deputadovander.com.br\\\/website\\\/wp-content\\\/uploads\\\/2012\\\/02\\\/foto-2012-02-10-deputado-vander-loubet-400x266.jpg\",\"keywords\":[\"asdner\",\"deputado\",\"dil\u00e7o\",\"dnit\",\"federal\",\"ferreira\",\"jos\u00e9\",\"loubet\",\"luiz\",\"martins\",\"minist\u00e9rio\",\"MS\",\"PT\",\"superintendente\",\"transportes\",\"vander\",\"vianna\"],\"articleSection\":[\"Not\u00edcias\"],\"inLanguage\":\"pt-BR\"},{\"@type\":\"WebPage\",\"@id\":\"https:\\\/\\\/vanderloubet.com.br\\\/deputado\\\/vander-defende-que-nome-para-dnit-saia-do-quadro-de-servidores\\\/\",\"url\":\"https:\\\/\\\/vanderloubet.com.br\\\/deputado\\\/vander-defende-que-nome-para-dnit-saia-do-quadro-de-servidores\\\/\",\"name\":\"Vander defende que nome para Dnit seja do quadro de servidores\",\"isPartOf\":{\"@id\":\"https:\\\/\\\/vanderloubet.com.br\\\/deputado\\\/#website\"},\"primaryImageOfPage\":{\"@id\":\"https:\\\/\\\/vanderloubet.com.br\\\/deputado\\\/vander-defende-que-nome-para-dnit-saia-do-quadro-de-servidores\\\/#primaryimage\"},\"image\":{\"@id\":\"https:\\\/\\\/vanderloubet.com.br\\\/deputado\\\/vander-defende-que-nome-para-dnit-saia-do-quadro-de-servidores\\\/#primaryimage\"},\"thumbnailUrl\":\"http:\\\/\\\/www.deputadovander.com.br\\\/website\\\/wp-content\\\/uploads\\\/2012\\\/02\\\/foto-2012-02-10-deputado-vander-loubet-400x266.jpg\",\"datePublished\":\"2012-02-10T19:06:44+00:00\",\"breadcrumb\":{\"@id\":\"https:\\\/\\\/vanderloubet.com.br\\\/deputado\\\/vander-defende-que-nome-para-dnit-saia-do-quadro-de-servidores\\\/#breadcrumb\"},\"inLanguage\":\"pt-BR\",\"potentialAction\":[{\"@type\":\"ReadAction\",\"target\":[\"https:\\\/\\\/vanderloubet.com.br\\\/deputado\\\/vander-defende-que-nome-para-dnit-saia-do-quadro-de-servidores\\\/\"]}]},{\"@type\":\"ImageObject\",\"inLanguage\":\"pt-BR\",\"@id\":\"https:\\\/\\\/vanderloubet.com.br\\\/deputado\\\/vander-defende-que-nome-para-dnit-saia-do-quadro-de-servidores\\\/#primaryimage\",\"url\":\"http:\\\/\\\/www.deputadovander.com.br\\\/website\\\/wp-content\\\/uploads\\\/2012\\\/02\\\/foto-2012-02-10-deputado-vander-loubet-400x266.jpg\",\"contentUrl\":\"http:\\\/\\\/www.deputadovander.com.br\\\/website\\\/wp-content\\\/uploads\\\/2012\\\/02\\\/foto-2012-02-10-deputado-vander-loubet-400x266.jpg\"},{\"@type\":\"BreadcrumbList\",\"@id\":\"https:\\\/\\\/vanderloubet.com.br\\\/deputado\\\/vander-defende-que-nome-para-dnit-saia-do-quadro-de-servidores\\\/#breadcrumb\",\"itemListElement\":[{\"@type\":\"ListItem\",\"position\":1,\"name\":\"In\u00edcio\",\"item\":\"https:\\\/\\\/vanderloubet.com.br\\\/deputado\\\/\"},{\"@type\":\"ListItem\",\"position\":2,\"name\":\"Vander defende que nome para Dnit seja do quadro de servidores\"}]},{\"@type\":\"WebSite\",\"@id\":\"https:\\\/\\\/vanderloubet.com.br\\\/deputado\\\/#website\",\"url\":\"https:\\\/\\\/vanderloubet.com.br\\\/deputado\\\/\",\"name\":\"Deputado Federal Vander Loubet\",\"description\":\"O Federal de MS\",\"publisher\":{\"@id\":\"https:\\\/\\\/vanderloubet.com.br\\\/deputado\\\/#organization\"},\"alternateName\":\"Deputado Vander\",\"potentialAction\":[{\"@type\":\"SearchAction\",\"target\":{\"@type\":\"EntryPoint\",\"urlTemplate\":\"https:\\\/\\\/vanderloubet.com.br\\\/deputado\\\/?s={search_term_string}\"},\"query-input\":{\"@type\":\"PropertyValueSpecification\",\"valueRequired\":true,\"valueName\":\"search_term_string\"}}],\"inLanguage\":\"pt-BR\"},{\"@type\":\"Organization\",\"@id\":\"https:\\\/\\\/vanderloubet.com.br\\\/deputado\\\/#organization\",\"name\":\"Deputado Federal Vander Loubet\",\"alternateName\":\"Deputado Vander\",\"url\":\"https:\\\/\\\/vanderloubet.com.br\\\/deputado\\\/\",\"logo\":{\"@type\":\"ImageObject\",\"inLanguage\":\"pt-BR\",\"@id\":\"https:\\\/\\\/vanderloubet.com.br\\\/deputado\\\/#\\\/schema\\\/logo\\\/image\\\/\",\"url\":\"https:\\\/\\\/vanderloubet.com.br\\\/deputado\\\/wp-content\\\/uploads\\\/2023\\\/06\\\/foto-2023-06-19-mandato-deputado-vander.jpg\",\"contentUrl\":\"https:\\\/\\\/vanderloubet.com.br\\\/deputado\\\/wp-content\\\/uploads\\\/2023\\\/06\\\/foto-2023-06-19-mandato-deputado-vander.jpg\",\"width\":1080,\"height\":1080,\"caption\":\"Deputado Federal Vander Loubet\"},\"image\":{\"@id\":\"https:\\\/\\\/vanderloubet.com.br\\\/deputado\\\/#\\\/schema\\\/logo\\\/image\\\/\"},\"sameAs\":[\"https:\\\/\\\/facebook.com\\\/deputadovander\",\"https:\\\/\\\/x.com\\\/vanderloubet\",\"https:\\\/\\\/instagram.com\\\/vanderloubet\",\"https:\\\/\\\/youtube.com\\\/vanderloubet\",\"https:\\\/\\\/tiktok.com\\\/@vanderloubetms\"]},{\"@type\":\"Person\",\"@id\":\"https:\\\/\\\/vanderloubet.com.br\\\/deputado\\\/#\\\/schema\\\/person\\\/15b51bd564532a8a68d9dec1b8eb890e\",\"name\":\"\u00c9der\",\"image\":{\"@type\":\"ImageObject\",\"inLanguage\":\"pt-BR\",\"@id\":\"https:\\\/\\\/vanderloubet.com.br\\\/deputado\\\/wp-content\\\/litespeed\\\/avatar\\\/88ca4090d9d5ab1c9495f6ca03b68efa.jpg?ver=1777058957\",\"url\":\"https:\\\/\\\/vanderloubet.com.br\\\/deputado\\\/wp-content\\\/litespeed\\\/avatar\\\/88ca4090d9d5ab1c9495f6ca03b68efa.jpg?ver=1777058957\",\"contentUrl\":\"https:\\\/\\\/vanderloubet.com.br\\\/deputado\\\/wp-content\\\/litespeed\\\/avatar\\\/88ca4090d9d5ab1c9495f6ca03b68efa.jpg?ver=1777058957\",\"caption\":\"\u00c9der\"}}]}<\/script>\n<!-- \/ Yoast SEO plugin. -->","yoast_head_json":{"title":"Vander defende que nome para Dnit seja do quadro de servidores","robots":{"index":"index","follow":"follow","max-snippet":"max-snippet:-1","max-image-preview":"max-image-preview:large","max-video-preview":"max-video-preview:-1"},"canonical":"https:\/\/vanderloubet.com.br\/deputado\/vander-defende-que-nome-para-dnit-saia-do-quadro-de-servidores\/","og_locale":"pt_BR","og_type":"article","og_title":"Vander defende que nome para Dnit seja do quadro de servidores","og_description":"Para a Associa\u00e7\u00e3o dos Servidores (Asdner), Dnit-MS disp\u00f5e de t\u00e9cnicos com requisitos para suprir a Superintend\u00eancia.","og_url":"https:\/\/vanderloubet.com.br\/deputado\/vander-defende-que-nome-para-dnit-saia-do-quadro-de-servidores\/","og_site_name":"Deputado Federal Vander Loubet","article_publisher":"https:\/\/facebook.com\/deputadovander","article_published_time":"2012-02-10T19:06:44+00:00","og_image":[{"url":"http:\/\/www.deputadovander.com.br\/website\/wp-content\/uploads\/2012\/02\/foto-2012-02-10-deputado-vander-loubet-400x266.jpg","type":"","width":"","height":""}],"author":"\u00c9der","twitter_card":"summary_large_image","twitter_creator":"@vanderloubet","twitter_site":"@vanderloubet","schema":{"@context":"https:\/\/schema.org","@graph":[{"@type":"Article","@id":"https:\/\/vanderloubet.com.br\/deputado\/vander-defende-que-nome-para-dnit-saia-do-quadro-de-servidores\/#article","isPartOf":{"@id":"https:\/\/vanderloubet.com.br\/deputado\/vander-defende-que-nome-para-dnit-saia-do-quadro-de-servidores\/"},"author":{"name":"\u00c9der","@id":"https:\/\/vanderloubet.com.br\/deputado\/#\/schema\/person\/15b51bd564532a8a68d9dec1b8eb890e"},"headline":"Vander defende que nome para Dnit seja do quadro de servidores","datePublished":"2012-02-10T19:06:44+00:00","mainEntityOfPage":{"@id":"https:\/\/vanderloubet.com.br\/deputado\/vander-defende-que-nome-para-dnit-saia-do-quadro-de-servidores\/"},"wordCount":338,"publisher":{"@id":"https:\/\/vanderloubet.com.br\/deputado\/#organization"},"image":{"@id":"https:\/\/vanderloubet.com.br\/deputado\/vander-defende-que-nome-para-dnit-saia-do-quadro-de-servidores\/#primaryimage"},"thumbnailUrl":"http:\/\/www.deputadovander.com.br\/website\/wp-content\/uploads\/2012\/02\/foto-2012-02-10-deputado-vander-loubet-400x266.jpg","keywords":["asdner","deputado","dil\u00e7o","dnit","federal","ferreira","jos\u00e9","loubet","luiz","martins","minist\u00e9rio","MS","PT","superintendente","transportes","vander","vianna"],"articleSection":["Not\u00edcias"],"inLanguage":"pt-BR"},{"@type":"WebPage","@id":"https:\/\/vanderloubet.com.br\/deputado\/vander-defende-que-nome-para-dnit-saia-do-quadro-de-servidores\/","url":"https:\/\/vanderloubet.com.br\/deputado\/vander-defende-que-nome-para-dnit-saia-do-quadro-de-servidores\/","name":"Vander defende que nome para Dnit seja do quadro de servidores","isPartOf":{"@id":"https:\/\/vanderloubet.com.br\/deputado\/#website"},"primaryImageOfPage":{"@id":"https:\/\/vanderloubet.com.br\/deputado\/vander-defende-que-nome-para-dnit-saia-do-quadro-de-servidores\/#primaryimage"},"image":{"@id":"https:\/\/vanderloubet.com.br\/deputado\/vander-defende-que-nome-para-dnit-saia-do-quadro-de-servidores\/#primaryimage"},"thumbnailUrl":"http:\/\/www.deputadovander.com.br\/website\/wp-content\/uploads\/2012\/02\/foto-2012-02-10-deputado-vander-loubet-400x266.jpg","datePublished":"2012-02-10T19:06:44+00:00","breadcrumb":{"@id":"https:\/\/vanderloubet.com.br\/deputado\/vander-defende-que-nome-para-dnit-saia-do-quadro-de-servidores\/#breadcrumb"},"inLanguage":"pt-BR","potentialAction":[{"@type":"ReadAction","target":["https:\/\/vanderloubet.com.br\/deputado\/vander-defende-que-nome-para-dnit-saia-do-quadro-de-servidores\/"]}]},{"@type":"ImageObject","inLanguage":"pt-BR","@id":"https:\/\/vanderloubet.com.br\/deputado\/vander-defende-que-nome-para-dnit-saia-do-quadro-de-servidores\/#primaryimage","url":"http:\/\/www.deputadovander.com.br\/website\/wp-content\/uploads\/2012\/02\/foto-2012-02-10-deputado-vander-loubet-400x266.jpg","contentUrl":"http:\/\/www.deputadovander.com.br\/website\/wp-content\/uploads\/2012\/02\/foto-2012-02-10-deputado-vander-loubet-400x266.jpg"},{"@type":"BreadcrumbList","@id":"https:\/\/vanderloubet.com.br\/deputado\/vander-defende-que-nome-para-dnit-saia-do-quadro-de-servidores\/#breadcrumb","itemListElement":[{"@type":"ListItem","position":1,"name":"In\u00edcio","item":"https:\/\/vanderloubet.com.br\/deputado\/"},{"@type":"ListItem","position":2,"name":"Vander defende que nome para Dnit seja do quadro de servidores"}]},{"@type":"WebSite","@id":"https:\/\/vanderloubet.com.br\/deputado\/#website","url":"https:\/\/vanderloubet.com.br\/deputado\/","name":"Deputado Federal Vander Loubet","description":"O Federal de MS","publisher":{"@id":"https:\/\/vanderloubet.com.br\/deputado\/#organization"},"alternateName":"Deputado Vander","potentialAction":[{"@type":"SearchAction","target":{"@type":"EntryPoint","urlTemplate":"https:\/\/vanderloubet.com.br\/deputado\/?s={search_term_string}"},"query-input":{"@type":"PropertyValueSpecification","valueRequired":true,"valueName":"search_term_string"}}],"inLanguage":"pt-BR"},{"@type":"Organization","@id":"https:\/\/vanderloubet.com.br\/deputado\/#organization","name":"Deputado Federal Vander Loubet","alternateName":"Deputado Vander","url":"https:\/\/vanderloubet.com.br\/deputado\/","logo":{"@type":"ImageObject","inLanguage":"pt-BR","@id":"https:\/\/vanderloubet.com.br\/deputado\/#\/schema\/logo\/image\/","url":"https:\/\/vanderloubet.com.br\/deputado\/wp-content\/uploads\/2023\/06\/foto-2023-06-19-mandato-deputado-vander.jpg","contentUrl":"https:\/\/vanderloubet.com.br\/deputado\/wp-content\/uploads\/2023\/06\/foto-2023-06-19-mandato-deputado-vander.jpg","width":1080,"height":1080,"caption":"Deputado Federal Vander Loubet"},"image":{"@id":"https:\/\/vanderloubet.com.br\/deputado\/#\/schema\/logo\/image\/"},"sameAs":["https:\/\/facebook.com\/deputadovander","https:\/\/x.com\/vanderloubet","https:\/\/instagram.com\/vanderloubet","https:\/\/youtube.com\/vanderloubet","https:\/\/tiktok.com\/@vanderloubetms"]},{"@type":"Person","@id":"https:\/\/vanderloubet.com.br\/deputado\/#\/schema\/person\/15b51bd564532a8a68d9dec1b8eb890e","name":"\u00c9der","image":{"@type":"ImageObject","inLanguage":"pt-BR","@id":"https:\/\/vanderloubet.com.br\/deputado\/wp-content\/litespeed\/avatar\/88ca4090d9d5ab1c9495f6ca03b68efa.jpg?ver=1777058957","url":"https:\/\/vanderloubet.com.br\/deputado\/wp-content\/litespeed\/avatar\/88ca4090d9d5ab1c9495f6ca03b68efa.jpg?ver=1777058957","contentUrl":"https:\/\/vanderloubet.com.br\/deputado\/wp-content\/litespeed\/avatar\/88ca4090d9d5ab1c9495f6ca03b68efa.jpg?ver=1777058957","caption":"\u00c9der"}}]}},"jetpack_featured_media_url":"","jetpack_sharing_enabled":true,"_links":{"self":[{"href":"https:\/\/vanderloubet.com.br\/deputado\/wp-json\/wp\/v2\/posts\/4427","targetHints":{"allow":["GET"]}}],"collection":[{"href":"https:\/\/vanderloubet.com.br\/deputado\/wp-json\/wp\/v2\/posts"}],"about":[{"href":"https:\/\/vanderloubet.com.br\/deputado\/wp-json\/wp\/v2\/types\/post"}],"author":[{"embeddable":true,"href":"https:\/\/vanderloubet.com.br\/deputado\/wp-json\/wp\/v2\/users\/2"}],"replies":[{"embeddable":true,"href":"https:\/\/vanderloubet.com.br\/deputado\/wp-json\/wp\/v2\/comments?post=4427"}],"version-history":[{"count":0,"href":"https:\/\/vanderloubet.com.br\/deputado\/wp-json\/wp\/v2\/posts\/4427\/revisions"}],"wp:attachment":[{"href":"https:\/\/vanderloubet.com.br\/deputado\/wp-json\/wp\/v2\/media?parent=4427"}],"wp:term":[{"taxonomy":"category","embeddable":true,"href":"https:\/\/vanderloubet.com.br\/deputado\/wp-json\/wp\/v2\/categories?post=4427"},{"taxonomy":"post_tag","embeddable":true,"href":"https:\/\/vanderloubet.com.br\/deputado\/wp-json\/wp\/v2\/tags?post=4427"}],"curies":[{"name":"wp","href":"https:\/\/api.w.org\/{rel}","templated":true}]}}