{"id":4343,"date":"2012-01-31T11:47:34","date_gmt":"2012-01-31T15:47:34","guid":{"rendered":"http:\/\/www.deputadovander.com.br\/website\/?p=4343"},"modified":"2012-01-31T11:47:34","modified_gmt":"2012-01-31T15:47:34","slug":"se-alguem-aparelha-o-estado-esse-alguem-e-o-pmdb-afirma-vander","status":"publish","type":"post","link":"https:\/\/vanderloubet.com.br\/deputado\/se-alguem-aparelha-o-estado-esse-alguem-e-o-pmdb-afirma-vander\/","title":{"rendered":"Se algu\u00e9m aparelha o Estado, esse algu\u00e9m \u00e9 o PMDB, afirma Vander"},"content":{"rendered":"<figure id=\"attachment_4344\" aria-describedby=\"caption-attachment-4344\" style=\"width: 400px\" class=\"wp-caption aligncenter\"><a href=\"http:\/\/www.deputadovander.com.br\/website\/wp-content\/uploads\/2012\/01\/foto-2012-01-31-deputado-vander-loubet.jpg\" target=\"_blank\"><img decoding=\"async\" class=\"size-medium wp-image-4344 \" title=\"foto-2012-01-31-deputado-vander-loubet\" src=\"http:\/\/www.deputadovander.com.br\/website\/wp-content\/uploads\/2012\/01\/foto-2012-01-31-deputado-vander-loubet-400x266.jpg\" alt=\"Deputado Federal Vander Loubet (PT-MS)\" width=\"400\" height=\"266\" \/><\/a><figcaption id=\"caption-attachment-4344\" class=\"wp-caption-text\">Deputado Federal Vander Loubet (PT-MS)<\/figcaption><\/figure>\n<p>De Bras\u00edlia (DF), o deputado federal Vander Loubet (PT-MS) comentou a manifesta\u00e7\u00e3o do colega de bancada, deputado F\u00e1bio Trad (PMDB-MS), em mat\u00e9ria publicada no jornal Correio do Estado de hoje (31), na qual acusa o PT de Mato Grosso do Sul de aparelhar o Estado politicamente. O petista destacou n\u00e3o entender de onde Trad tirou tal afirma\u00e7\u00e3o e ironizou a situa\u00e7\u00e3o.<\/p>\n<p>&#8220;Chega a ser engra\u00e7ada a acusa\u00e7\u00e3o do F\u00e1bio Trad. Se algu\u00e9m aparelha o Estado, esse algu\u00e9m \u00e9 o PMDB. Eles governam Campo Grande e o Estado de Mato Grosso do Sul, logo det\u00e9m milhares de cargos de confian\u00e7a e, pelo que me consta, praticamente todas as indica\u00e7\u00f5es n\u00e3o s\u00e3o t\u00e9cnicas e sim pol\u00edticas. Basta dar uma olhada na ocupa\u00e7\u00e3o desses cargos&#8221;, afirmou Vander.<\/p>\n<p>O deputado petista acrescentou ainda que, em se tratando da Capital, onde o PMDB governa h\u00e1 mais de 20 anos, as rela\u00e7\u00f5es v\u00e3o muito al\u00e9m da partid\u00e1ria. &#8220;Em Campo Grande, a ocupa\u00e7\u00e3o dos mandatos p\u00fablicos e at\u00e9 de algumas fun\u00e7\u00f5es no Executivo se enredam tamb\u00e9m pelas la\u00e7os familiares, envolvendo irm\u00e3os, primos, mulheres, sobrinhos, etc. Ou seja, n\u00e3o faz sentido querer acusar o PT de aparelhar coisa alguma&#8221;, concluiu.<\/p>\n<p><span style=\"font-size: 11px;\">(\u00c9der Yanaguita\/Assessoria Deputado Vander)<\/span><\/p>\n","protected":false},"excerpt":{"rendered":"<p>De acordo com Vander, o PMDB \u00e9 quem governa Campo Grande e o Estado de MS, logo \u00e9 quem ocupa milhares de cargos.<\/p>\n","protected":false},"author":2,"featured_media":0,"comment_status":"closed","ping_status":"open","sticky":false,"template":"","format":"standard","meta":{"jetpack_post_was_ever_published":false,"_jetpack_newsletter_access":"","_jetpack_dont_email_post_to_subs":false,"_jetpack_newsletter_tier_id":0,"_jetpack_memberships_contains_paywalled_content":false,"_jetpack_memberships_contains_paid_content":false,"footnotes":""},"categories":[10],"tags":[341,359,500,531,608,745,782,807,936,1084,1178,1336,1564,1609,1655,1965,2033],"class_list":{"0":"post-4343","1":"post","2":"type-post","3":"status-publish","4":"format-standard","6":"category-noticias","7":"tag-campo","8":"tag-cargos","9":"tag-confianca","10":"tag-correio","11":"tag-deputado","12":"tag-estado","13":"tag-fabio","14":"tag-federal","15":"tag-grande","16":"tag-jornal","17":"tag-loubet","18":"tag-ms","19":"tag-pmdb","20":"tag-prefeitura","21":"tag-pt","22":"tag-trad","23":"tag-vander"},"yoast_head":"<!-- This site is optimized with the Yoast SEO plugin v27.4 - https:\/\/yoast.com\/product\/yoast-seo-wordpress\/ -->\n<title>Se algu\u00e9m aparelha o Estado, esse algu\u00e9m \u00e9 o PMDB, afirma Vander<\/title>\n<meta name=\"robots\" content=\"index, follow, max-snippet:-1, max-image-preview:large, max-video-preview:-1\" \/>\n<link rel=\"canonical\" href=\"https:\/\/vanderloubet.com.br\/deputado\/se-alguem-aparelha-o-estado-esse-alguem-e-o-pmdb-afirma-vander\/\" \/>\n<meta property=\"og:locale\" content=\"pt_BR\" \/>\n<meta property=\"og:type\" content=\"article\" \/>\n<meta property=\"og:title\" content=\"Se algu\u00e9m aparelha o Estado, esse algu\u00e9m \u00e9 o PMDB, afirma Vander\" \/>\n<meta property=\"og:description\" content=\"De acordo com Vander, o PMDB \u00e9 quem governa Campo Grande e o Estado de MS, logo \u00e9 quem ocupa milhares de cargos.\" \/>\n<meta property=\"og:url\" content=\"https:\/\/vanderloubet.com.br\/deputado\/se-alguem-aparelha-o-estado-esse-alguem-e-o-pmdb-afirma-vander\/\" \/>\n<meta property=\"og:site_name\" content=\"Deputado Federal Vander Loubet\" \/>\n<meta property=\"article:publisher\" content=\"https:\/\/facebook.com\/deputadovander\" \/>\n<meta property=\"article:published_time\" content=\"2012-01-31T15:47:34+00:00\" \/>\n<meta property=\"og:image\" content=\"http:\/\/www.deputadovander.com.br\/website\/wp-content\/uploads\/2012\/01\/foto-2012-01-31-deputado-vander-loubet-400x266.jpg\" \/>\n<meta name=\"author\" content=\"\u00c9der\" \/>\n<meta name=\"twitter:card\" content=\"summary_large_image\" \/>\n<meta name=\"twitter:creator\" content=\"@vanderloubet\" \/>\n<meta name=\"twitter:site\" content=\"@vanderloubet\" \/>\n<script type=\"application\/ld+json\" class=\"yoast-schema-graph\">{\"@context\":\"https:\\\/\\\/schema.org\",\"@graph\":[{\"@type\":\"Article\",\"@id\":\"https:\\\/\\\/vanderloubet.com.br\\\/deputado\\\/se-alguem-aparelha-o-estado-esse-alguem-e-o-pmdb-afirma-vander\\\/#article\",\"isPartOf\":{\"@id\":\"https:\\\/\\\/vanderloubet.com.br\\\/deputado\\\/se-alguem-aparelha-o-estado-esse-alguem-e-o-pmdb-afirma-vander\\\/\"},\"author\":{\"name\":\"\u00c9der\",\"@id\":\"https:\\\/\\\/vanderloubet.com.br\\\/deputado\\\/#\\\/schema\\\/person\\\/15b51bd564532a8a68d9dec1b8eb890e\"},\"headline\":\"Se algu\u00e9m aparelha o Estado, esse algu\u00e9m \u00e9 o PMDB, afirma Vander\",\"datePublished\":\"2012-01-31T15:47:34+00:00\",\"mainEntityOfPage\":{\"@id\":\"https:\\\/\\\/vanderloubet.com.br\\\/deputado\\\/se-alguem-aparelha-o-estado-esse-alguem-e-o-pmdb-afirma-vander\\\/\"},\"wordCount\":251,\"publisher\":{\"@id\":\"https:\\\/\\\/vanderloubet.com.br\\\/deputado\\\/#organization\"},\"image\":{\"@id\":\"https:\\\/\\\/vanderloubet.com.br\\\/deputado\\\/se-alguem-aparelha-o-estado-esse-alguem-e-o-pmdb-afirma-vander\\\/#primaryimage\"},\"thumbnailUrl\":\"http:\\\/\\\/www.deputadovander.com.br\\\/website\\\/wp-content\\\/uploads\\\/2012\\\/01\\\/foto-2012-01-31-deputado-vander-loubet-400x266.jpg\",\"keywords\":[\"campo\",\"cargos\",\"confian\u00e7a\",\"correio\",\"deputado\",\"estado\",\"f\u00e1bio\",\"federal\",\"grande\",\"jornal\",\"loubet\",\"MS\",\"pmdb\",\"prefeitura\",\"PT\",\"trad\",\"vander\"],\"articleSection\":[\"Not\u00edcias\"],\"inLanguage\":\"pt-BR\"},{\"@type\":\"WebPage\",\"@id\":\"https:\\\/\\\/vanderloubet.com.br\\\/deputado\\\/se-alguem-aparelha-o-estado-esse-alguem-e-o-pmdb-afirma-vander\\\/\",\"url\":\"https:\\\/\\\/vanderloubet.com.br\\\/deputado\\\/se-alguem-aparelha-o-estado-esse-alguem-e-o-pmdb-afirma-vander\\\/\",\"name\":\"Se algu\u00e9m aparelha o Estado, esse algu\u00e9m \u00e9 o PMDB, afirma Vander\",\"isPartOf\":{\"@id\":\"https:\\\/\\\/vanderloubet.com.br\\\/deputado\\\/#website\"},\"primaryImageOfPage\":{\"@id\":\"https:\\\/\\\/vanderloubet.com.br\\\/deputado\\\/se-alguem-aparelha-o-estado-esse-alguem-e-o-pmdb-afirma-vander\\\/#primaryimage\"},\"image\":{\"@id\":\"https:\\\/\\\/vanderloubet.com.br\\\/deputado\\\/se-alguem-aparelha-o-estado-esse-alguem-e-o-pmdb-afirma-vander\\\/#primaryimage\"},\"thumbnailUrl\":\"http:\\\/\\\/www.deputadovander.com.br\\\/website\\\/wp-content\\\/uploads\\\/2012\\\/01\\\/foto-2012-01-31-deputado-vander-loubet-400x266.jpg\",\"datePublished\":\"2012-01-31T15:47:34+00:00\",\"breadcrumb\":{\"@id\":\"https:\\\/\\\/vanderloubet.com.br\\\/deputado\\\/se-alguem-aparelha-o-estado-esse-alguem-e-o-pmdb-afirma-vander\\\/#breadcrumb\"},\"inLanguage\":\"pt-BR\",\"potentialAction\":[{\"@type\":\"ReadAction\",\"target\":[\"https:\\\/\\\/vanderloubet.com.br\\\/deputado\\\/se-alguem-aparelha-o-estado-esse-alguem-e-o-pmdb-afirma-vander\\\/\"]}]},{\"@type\":\"ImageObject\",\"inLanguage\":\"pt-BR\",\"@id\":\"https:\\\/\\\/vanderloubet.com.br\\\/deputado\\\/se-alguem-aparelha-o-estado-esse-alguem-e-o-pmdb-afirma-vander\\\/#primaryimage\",\"url\":\"http:\\\/\\\/www.deputadovander.com.br\\\/website\\\/wp-content\\\/uploads\\\/2012\\\/01\\\/foto-2012-01-31-deputado-vander-loubet-400x266.jpg\",\"contentUrl\":\"http:\\\/\\\/www.deputadovander.com.br\\\/website\\\/wp-content\\\/uploads\\\/2012\\\/01\\\/foto-2012-01-31-deputado-vander-loubet-400x266.jpg\"},{\"@type\":\"BreadcrumbList\",\"@id\":\"https:\\\/\\\/vanderloubet.com.br\\\/deputado\\\/se-alguem-aparelha-o-estado-esse-alguem-e-o-pmdb-afirma-vander\\\/#breadcrumb\",\"itemListElement\":[{\"@type\":\"ListItem\",\"position\":1,\"name\":\"In\u00edcio\",\"item\":\"https:\\\/\\\/vanderloubet.com.br\\\/deputado\\\/\"},{\"@type\":\"ListItem\",\"position\":2,\"name\":\"Se algu\u00e9m aparelha o Estado, esse algu\u00e9m \u00e9 o PMDB, afirma Vander\"}]},{\"@type\":\"WebSite\",\"@id\":\"https:\\\/\\\/vanderloubet.com.br\\\/deputado\\\/#website\",\"url\":\"https:\\\/\\\/vanderloubet.com.br\\\/deputado\\\/\",\"name\":\"Deputado Federal Vander Loubet\",\"description\":\"O Federal de MS\",\"publisher\":{\"@id\":\"https:\\\/\\\/vanderloubet.com.br\\\/deputado\\\/#organization\"},\"alternateName\":\"Deputado Vander\",\"potentialAction\":[{\"@type\":\"SearchAction\",\"target\":{\"@type\":\"EntryPoint\",\"urlTemplate\":\"https:\\\/\\\/vanderloubet.com.br\\\/deputado\\\/?s={search_term_string}\"},\"query-input\":{\"@type\":\"PropertyValueSpecification\",\"valueRequired\":true,\"valueName\":\"search_term_string\"}}],\"inLanguage\":\"pt-BR\"},{\"@type\":\"Organization\",\"@id\":\"https:\\\/\\\/vanderloubet.com.br\\\/deputado\\\/#organization\",\"name\":\"Deputado Federal Vander Loubet\",\"alternateName\":\"Deputado Vander\",\"url\":\"https:\\\/\\\/vanderloubet.com.br\\\/deputado\\\/\",\"logo\":{\"@type\":\"ImageObject\",\"inLanguage\":\"pt-BR\",\"@id\":\"https:\\\/\\\/vanderloubet.com.br\\\/deputado\\\/#\\\/schema\\\/logo\\\/image\\\/\",\"url\":\"https:\\\/\\\/vanderloubet.com.br\\\/deputado\\\/wp-content\\\/uploads\\\/2023\\\/06\\\/foto-2023-06-19-mandato-deputado-vander.jpg\",\"contentUrl\":\"https:\\\/\\\/vanderloubet.com.br\\\/deputado\\\/wp-content\\\/uploads\\\/2023\\\/06\\\/foto-2023-06-19-mandato-deputado-vander.jpg\",\"width\":1080,\"height\":1080,\"caption\":\"Deputado Federal Vander Loubet\"},\"image\":{\"@id\":\"https:\\\/\\\/vanderloubet.com.br\\\/deputado\\\/#\\\/schema\\\/logo\\\/image\\\/\"},\"sameAs\":[\"https:\\\/\\\/facebook.com\\\/deputadovander\",\"https:\\\/\\\/x.com\\\/vanderloubet\",\"https:\\\/\\\/instagram.com\\\/vanderloubet\",\"https:\\\/\\\/youtube.com\\\/vanderloubet\",\"https:\\\/\\\/tiktok.com\\\/@vanderloubetms\"]},{\"@type\":\"Person\",\"@id\":\"https:\\\/\\\/vanderloubet.com.br\\\/deputado\\\/#\\\/schema\\\/person\\\/15b51bd564532a8a68d9dec1b8eb890e\",\"name\":\"\u00c9der\",\"image\":{\"@type\":\"ImageObject\",\"inLanguage\":\"pt-BR\",\"@id\":\"https:\\\/\\\/vanderloubet.com.br\\\/deputado\\\/wp-content\\\/litespeed\\\/avatar\\\/88ca4090d9d5ab1c9495f6ca03b68efa.jpg?ver=1777058957\",\"url\":\"https:\\\/\\\/vanderloubet.com.br\\\/deputado\\\/wp-content\\\/litespeed\\\/avatar\\\/88ca4090d9d5ab1c9495f6ca03b68efa.jpg?ver=1777058957\",\"contentUrl\":\"https:\\\/\\\/vanderloubet.com.br\\\/deputado\\\/wp-content\\\/litespeed\\\/avatar\\\/88ca4090d9d5ab1c9495f6ca03b68efa.jpg?ver=1777058957\",\"caption\":\"\u00c9der\"}}]}<\/script>\n<!-- \/ Yoast SEO plugin. -->","yoast_head_json":{"title":"Se algu\u00e9m aparelha o Estado, esse algu\u00e9m \u00e9 o PMDB, afirma Vander","robots":{"index":"index","follow":"follow","max-snippet":"max-snippet:-1","max-image-preview":"max-image-preview:large","max-video-preview":"max-video-preview:-1"},"canonical":"https:\/\/vanderloubet.com.br\/deputado\/se-alguem-aparelha-o-estado-esse-alguem-e-o-pmdb-afirma-vander\/","og_locale":"pt_BR","og_type":"article","og_title":"Se algu\u00e9m aparelha o Estado, esse algu\u00e9m \u00e9 o PMDB, afirma Vander","og_description":"De acordo com Vander, o PMDB \u00e9 quem governa Campo Grande e o Estado de MS, logo \u00e9 quem ocupa milhares de cargos.","og_url":"https:\/\/vanderloubet.com.br\/deputado\/se-alguem-aparelha-o-estado-esse-alguem-e-o-pmdb-afirma-vander\/","og_site_name":"Deputado Federal Vander Loubet","article_publisher":"https:\/\/facebook.com\/deputadovander","article_published_time":"2012-01-31T15:47:34+00:00","og_image":[{"url":"http:\/\/www.deputadovander.com.br\/website\/wp-content\/uploads\/2012\/01\/foto-2012-01-31-deputado-vander-loubet-400x266.jpg","type":"","width":"","height":""}],"author":"\u00c9der","twitter_card":"summary_large_image","twitter_creator":"@vanderloubet","twitter_site":"@vanderloubet","schema":{"@context":"https:\/\/schema.org","@graph":[{"@type":"Article","@id":"https:\/\/vanderloubet.com.br\/deputado\/se-alguem-aparelha-o-estado-esse-alguem-e-o-pmdb-afirma-vander\/#article","isPartOf":{"@id":"https:\/\/vanderloubet.com.br\/deputado\/se-alguem-aparelha-o-estado-esse-alguem-e-o-pmdb-afirma-vander\/"},"author":{"name":"\u00c9der","@id":"https:\/\/vanderloubet.com.br\/deputado\/#\/schema\/person\/15b51bd564532a8a68d9dec1b8eb890e"},"headline":"Se algu\u00e9m aparelha o Estado, esse algu\u00e9m \u00e9 o PMDB, afirma Vander","datePublished":"2012-01-31T15:47:34+00:00","mainEntityOfPage":{"@id":"https:\/\/vanderloubet.com.br\/deputado\/se-alguem-aparelha-o-estado-esse-alguem-e-o-pmdb-afirma-vander\/"},"wordCount":251,"publisher":{"@id":"https:\/\/vanderloubet.com.br\/deputado\/#organization"},"image":{"@id":"https:\/\/vanderloubet.com.br\/deputado\/se-alguem-aparelha-o-estado-esse-alguem-e-o-pmdb-afirma-vander\/#primaryimage"},"thumbnailUrl":"http:\/\/www.deputadovander.com.br\/website\/wp-content\/uploads\/2012\/01\/foto-2012-01-31-deputado-vander-loubet-400x266.jpg","keywords":["campo","cargos","confian\u00e7a","correio","deputado","estado","f\u00e1bio","federal","grande","jornal","loubet","MS","pmdb","prefeitura","PT","trad","vander"],"articleSection":["Not\u00edcias"],"inLanguage":"pt-BR"},{"@type":"WebPage","@id":"https:\/\/vanderloubet.com.br\/deputado\/se-alguem-aparelha-o-estado-esse-alguem-e-o-pmdb-afirma-vander\/","url":"https:\/\/vanderloubet.com.br\/deputado\/se-alguem-aparelha-o-estado-esse-alguem-e-o-pmdb-afirma-vander\/","name":"Se algu\u00e9m aparelha o Estado, esse algu\u00e9m \u00e9 o PMDB, afirma Vander","isPartOf":{"@id":"https:\/\/vanderloubet.com.br\/deputado\/#website"},"primaryImageOfPage":{"@id":"https:\/\/vanderloubet.com.br\/deputado\/se-alguem-aparelha-o-estado-esse-alguem-e-o-pmdb-afirma-vander\/#primaryimage"},"image":{"@id":"https:\/\/vanderloubet.com.br\/deputado\/se-alguem-aparelha-o-estado-esse-alguem-e-o-pmdb-afirma-vander\/#primaryimage"},"thumbnailUrl":"http:\/\/www.deputadovander.com.br\/website\/wp-content\/uploads\/2012\/01\/foto-2012-01-31-deputado-vander-loubet-400x266.jpg","datePublished":"2012-01-31T15:47:34+00:00","breadcrumb":{"@id":"https:\/\/vanderloubet.com.br\/deputado\/se-alguem-aparelha-o-estado-esse-alguem-e-o-pmdb-afirma-vander\/#breadcrumb"},"inLanguage":"pt-BR","potentialAction":[{"@type":"ReadAction","target":["https:\/\/vanderloubet.com.br\/deputado\/se-alguem-aparelha-o-estado-esse-alguem-e-o-pmdb-afirma-vander\/"]}]},{"@type":"ImageObject","inLanguage":"pt-BR","@id":"https:\/\/vanderloubet.com.br\/deputado\/se-alguem-aparelha-o-estado-esse-alguem-e-o-pmdb-afirma-vander\/#primaryimage","url":"http:\/\/www.deputadovander.com.br\/website\/wp-content\/uploads\/2012\/01\/foto-2012-01-31-deputado-vander-loubet-400x266.jpg","contentUrl":"http:\/\/www.deputadovander.com.br\/website\/wp-content\/uploads\/2012\/01\/foto-2012-01-31-deputado-vander-loubet-400x266.jpg"},{"@type":"BreadcrumbList","@id":"https:\/\/vanderloubet.com.br\/deputado\/se-alguem-aparelha-o-estado-esse-alguem-e-o-pmdb-afirma-vander\/#breadcrumb","itemListElement":[{"@type":"ListItem","position":1,"name":"In\u00edcio","item":"https:\/\/vanderloubet.com.br\/deputado\/"},{"@type":"ListItem","position":2,"name":"Se algu\u00e9m aparelha o Estado, esse algu\u00e9m \u00e9 o PMDB, afirma Vander"}]},{"@type":"WebSite","@id":"https:\/\/vanderloubet.com.br\/deputado\/#website","url":"https:\/\/vanderloubet.com.br\/deputado\/","name":"Deputado Federal Vander Loubet","description":"O Federal de MS","publisher":{"@id":"https:\/\/vanderloubet.com.br\/deputado\/#organization"},"alternateName":"Deputado Vander","potentialAction":[{"@type":"SearchAction","target":{"@type":"EntryPoint","urlTemplate":"https:\/\/vanderloubet.com.br\/deputado\/?s={search_term_string}"},"query-input":{"@type":"PropertyValueSpecification","valueRequired":true,"valueName":"search_term_string"}}],"inLanguage":"pt-BR"},{"@type":"Organization","@id":"https:\/\/vanderloubet.com.br\/deputado\/#organization","name":"Deputado Federal Vander Loubet","alternateName":"Deputado Vander","url":"https:\/\/vanderloubet.com.br\/deputado\/","logo":{"@type":"ImageObject","inLanguage":"pt-BR","@id":"https:\/\/vanderloubet.com.br\/deputado\/#\/schema\/logo\/image\/","url":"https:\/\/vanderloubet.com.br\/deputado\/wp-content\/uploads\/2023\/06\/foto-2023-06-19-mandato-deputado-vander.jpg","contentUrl":"https:\/\/vanderloubet.com.br\/deputado\/wp-content\/uploads\/2023\/06\/foto-2023-06-19-mandato-deputado-vander.jpg","width":1080,"height":1080,"caption":"Deputado Federal Vander Loubet"},"image":{"@id":"https:\/\/vanderloubet.com.br\/deputado\/#\/schema\/logo\/image\/"},"sameAs":["https:\/\/facebook.com\/deputadovander","https:\/\/x.com\/vanderloubet","https:\/\/instagram.com\/vanderloubet","https:\/\/youtube.com\/vanderloubet","https:\/\/tiktok.com\/@vanderloubetms"]},{"@type":"Person","@id":"https:\/\/vanderloubet.com.br\/deputado\/#\/schema\/person\/15b51bd564532a8a68d9dec1b8eb890e","name":"\u00c9der","image":{"@type":"ImageObject","inLanguage":"pt-BR","@id":"https:\/\/vanderloubet.com.br\/deputado\/wp-content\/litespeed\/avatar\/88ca4090d9d5ab1c9495f6ca03b68efa.jpg?ver=1777058957","url":"https:\/\/vanderloubet.com.br\/deputado\/wp-content\/litespeed\/avatar\/88ca4090d9d5ab1c9495f6ca03b68efa.jpg?ver=1777058957","contentUrl":"https:\/\/vanderloubet.com.br\/deputado\/wp-content\/litespeed\/avatar\/88ca4090d9d5ab1c9495f6ca03b68efa.jpg?ver=1777058957","caption":"\u00c9der"}}]}},"jetpack_featured_media_url":"","jetpack_sharing_enabled":true,"_links":{"self":[{"href":"https:\/\/vanderloubet.com.br\/deputado\/wp-json\/wp\/v2\/posts\/4343","targetHints":{"allow":["GET"]}}],"collection":[{"href":"https:\/\/vanderloubet.com.br\/deputado\/wp-json\/wp\/v2\/posts"}],"about":[{"href":"https:\/\/vanderloubet.com.br\/deputado\/wp-json\/wp\/v2\/types\/post"}],"author":[{"embeddable":true,"href":"https:\/\/vanderloubet.com.br\/deputado\/wp-json\/wp\/v2\/users\/2"}],"replies":[{"embeddable":true,"href":"https:\/\/vanderloubet.com.br\/deputado\/wp-json\/wp\/v2\/comments?post=4343"}],"version-history":[{"count":0,"href":"https:\/\/vanderloubet.com.br\/deputado\/wp-json\/wp\/v2\/posts\/4343\/revisions"}],"wp:attachment":[{"href":"https:\/\/vanderloubet.com.br\/deputado\/wp-json\/wp\/v2\/media?parent=4343"}],"wp:term":[{"taxonomy":"category","embeddable":true,"href":"https:\/\/vanderloubet.com.br\/deputado\/wp-json\/wp\/v2\/categories?post=4343"},{"taxonomy":"post_tag","embeddable":true,"href":"https:\/\/vanderloubet.com.br\/deputado\/wp-json\/wp\/v2\/tags?post=4343"}],"curies":[{"name":"wp","href":"https:\/\/api.w.org\/{rel}","templated":true}]}}