{"id":4315,"date":"2012-01-28T14:04:23","date_gmt":"2012-01-28T18:04:23","guid":{"rendered":"http:\/\/www.deputadovander.com.br\/website\/?p=4315"},"modified":"2012-01-28T14:04:23","modified_gmt":"2012-01-28T18:04:23","slug":"vander-vai-cobrar-informacoes-sobre-aplicacao-de-verba-federal-contra-enchentes","status":"publish","type":"post","link":"https:\/\/vanderloubet.com.br\/deputado\/vander-vai-cobrar-informacoes-sobre-aplicacao-de-verba-federal-contra-enchentes\/","title":{"rendered":"Vander vai cobrar informa\u00e7\u00f5es de verba federal contra enchentes"},"content":{"rendered":"<figure id=\"attachment_4316\" aria-describedby=\"caption-attachment-4316\" style=\"width: 400px\" class=\"wp-caption aligncenter\"><a href=\"http:\/\/www.deputadovander.com.br\/website\/wp-content\/uploads\/2012\/01\/foto-2012-01-28-vander-loubet-tribuna-livre.jpg\" target=\"_blank\"><img decoding=\"async\" class=\"size-medium wp-image-4316 \" title=\"foto-2012-01-28-vander-loubet-tribuna-livre\" src=\"http:\/\/www.deputadovander.com.br\/website\/wp-content\/uploads\/2012\/01\/foto-2012-01-28-vander-loubet-tribuna-livre-400x266.jpg\" alt=\"Vander fala ao Tribuna Livre da FM Capital (foto: Ernesto Franco)\" width=\"400\" height=\"266\" \/><\/a><figcaption id=\"caption-attachment-4316\" class=\"wp-caption-text\">Vander fala ao Tribuna Livre da FM Capital (foto: Ernesto Franco)<\/figcaption><\/figure>\n<p>Na \u00faltima sexta-feira (27), durante e ap\u00f3s entrevista ao programa Tribuna Livre da FM Capital, o deputado federal Vander Loubet (PT-MS) analisou os problemas causados pelas chuvas ocorridas em Campo Grande recentemente, que ocasionaram inunda\u00e7\u00f5es e muitos estragos na cidade. Segundo o parlamentar, ano ap\u00f3s ano essa quest\u00e3o segue sem resolu\u00e7\u00e3o. &#8220;Tem alguma coisa errada. A chuva destruiu v\u00e1rias das obras de conten\u00e7\u00e3o de enchentes. Ou essas obras est\u00e3o mal feitas ou os projetos foram feitos de forma incorreta&#8221;, afirmou.<\/p>\n<p>&#8220;Os estragos que estamos vendo em Campo Grande denotam que muitas das obras que deveriam resolver ou amenizar a quest\u00e3o das enchentes n\u00e3o foram realizadas com a qualidade e os cuidados necess\u00e1rios, desde o asfalto, a drenagem e as barragens at\u00e9 as interven\u00e7\u00f5es espec\u00edficas para o combate \u00e0s enchentes, como a obra no C\u00f3rrego S\u00f3ter, na Via Park, que seria inaugurada na quarta-feira (26) pelo prefeito&#8221;, declarou Vander, que \u00e9 morador do Carand\u00e1 Bosque III, bairro bastante castigado pelas chuvas.<\/p>\n<p>De acordo com o parlamentar, na condi\u00e7\u00e3o de cidad\u00e3o e de deputado federal que tem viabilizado em Bras\u00edlia, junto com a bancada federal, investimentos e recursos para Campo Grande, preocupa muito saber que, por incompet\u00eancia administrativa, essas obras n\u00e3o s\u00e3o conclu\u00eddas em definitivo ou n\u00e3o est\u00e3o atendendo o prop\u00f3sito pelo qual foram feitas. &#8220;E n\u00e3o se trata apenas das verbas provenientes do governo federal. Na Avenida Ricardo Brand\u00e3o, por exemplo, mais de uma vez as \u00e1guas destru\u00edram as obras feitas na margem do C\u00f3rrego Prosa. Foi uma obra refeita por pelo menos duas ou tr\u00eas vezes. Os recursos dos impostos pagos pela nossa popula\u00e7\u00e3o est\u00e3o literalmente indo para o ralo. Nao podemos aceitar isso&#8221;, reclamou.<\/p>\n<figure id=\"attachment_4317\" aria-describedby=\"caption-attachment-4317\" style=\"width: 400px\" class=\"wp-caption aligncenter\"><a href=\"http:\/\/www.deputadovander.com.br\/website\/wp-content\/uploads\/2012\/01\/foto-2012-01-28-via-parque-enchente.jpg\" target=\"_blank\"><img decoding=\"async\" class=\"size-medium wp-image-4317 \" title=\"foto-2012-01-28-via-parque-enchente\" src=\"http:\/\/www.deputadovander.com.br\/website\/wp-content\/uploads\/2012\/01\/foto-2012-01-28-via-parque-enchente-400x266.jpg\" alt=\"Obras no C\u00f3rrego S\u00f3ter n\u00e3o resistiram \u00e0 chuva e ficaram destru\u00eddas\" width=\"400\" height=\"266\" \/><\/a><figcaption id=\"caption-attachment-4317\" class=\"wp-caption-text\">Obras no C\u00f3rrego S\u00f3ter n\u00e3o resistiram \u00e0 chuva e ficaram destru\u00eddas<\/figcaption><\/figure>\n<p>Apesar dos problemas vis\u00edveis na execu\u00e7\u00e3o das obras com recursos federais na Capital, Vander afirmou que vai continuar trabalhando em Bras\u00edlia, sobretudo com o senador Delc\u00eddio do Anaral e o deputado federal Antonio Carlos Biffi, para trazer recursos e investimentos para a cidade, pois a popula\u00e7\u00e3o campo-grandense n\u00e3o pode ser penalizada pelas falhas da Administra\u00e7\u00e3o Municipal. Contudo, destacou que estar\u00e1 buscando informa\u00e7\u00f5es detalhadas sobre a forma como esses recursos est\u00e3o sendo gastos.<\/p>\n<p>&#8220;Na pr\u00f3xima semana, apesar do recesso do Congresso Nacional, estarei em Bras\u00edlia e pretendo solicitar provid\u00eancias formais para saber se esses recursos est\u00e3o sendo aplicados com a qualidade t\u00e9cnica adequada, pois se forem constatados erros ou irregularidades, quem errou ter\u00e1 que ser responsabilizado&#8221;, concluiu.<\/p>\n<p><span style=\"font-size: 11px;\">(\u00c9der Yanaguita\/Assessoria Deputado Vander)<\/span><\/p>\n","protected":false},"excerpt":{"rendered":"<p>Segundo o deputado, algo est\u00e1 errado, pois a chuva em Campo Grande destruiu v\u00e1rias das obras de conten\u00e7\u00e3o de enchentes.<\/p>\n","protected":false},"author":2,"featured_media":0,"comment_status":"closed","ping_status":"open","sticky":false,"template":"","format":"standard","meta":{"jetpack_post_was_ever_published":false,"_jetpack_newsletter_access":"","_jetpack_dont_email_post_to_subs":false,"_jetpack_newsletter_tier_id":0,"_jetpack_memberships_contains_paywalled_content":false,"_jetpack_memberships_contains_paid_content":false,"footnotes":""},"categories":[10],"tags":[341,437,517,530,608,717,807,936,1037,1178,1336,1409,1484,1642,1655,1891,2033,2051],"class_list":{"0":"post-4315","1":"post","2":"type-post","3":"status-publish","4":"format-standard","6":"category-noticias","7":"tag-campo","8":"tag-chuvas","9":"tag-contencao","10":"tag-corrego","11":"tag-deputado","12":"tag-enchentes","13":"tag-federal","14":"tag-grande","15":"tag-inundacoes","16":"tag-loubet","17":"tag-ms","18":"tag-obras","19":"tag-parque","20":"tag-prosa","21":"tag-pt","22":"tag-soter","23":"tag-vander","24":"tag-via"},"yoast_head":"<!-- This site is optimized with the Yoast SEO plugin v27.4 - https:\/\/yoast.com\/product\/yoast-seo-wordpress\/ -->\n<title>Vander vai cobrar informa\u00e7\u00f5es de verba federal contra enchentes<\/title>\n<meta name=\"robots\" content=\"index, follow, max-snippet:-1, max-image-preview:large, max-video-preview:-1\" \/>\n<link rel=\"canonical\" href=\"https:\/\/vanderloubet.com.br\/deputado\/vander-vai-cobrar-informacoes-sobre-aplicacao-de-verba-federal-contra-enchentes\/\" \/>\n<meta property=\"og:locale\" content=\"pt_BR\" \/>\n<meta property=\"og:type\" content=\"article\" \/>\n<meta property=\"og:title\" content=\"Vander vai cobrar informa\u00e7\u00f5es de verba federal contra enchentes\" \/>\n<meta property=\"og:description\" content=\"Segundo o deputado, algo est\u00e1 errado, pois a chuva em Campo Grande destruiu v\u00e1rias das obras de conten\u00e7\u00e3o de enchentes.\" \/>\n<meta property=\"og:url\" content=\"https:\/\/vanderloubet.com.br\/deputado\/vander-vai-cobrar-informacoes-sobre-aplicacao-de-verba-federal-contra-enchentes\/\" \/>\n<meta property=\"og:site_name\" content=\"Deputado Federal Vander Loubet\" \/>\n<meta property=\"article:publisher\" content=\"https:\/\/facebook.com\/deputadovander\" \/>\n<meta property=\"article:published_time\" content=\"2012-01-28T18:04:23+00:00\" \/>\n<meta property=\"og:image\" content=\"http:\/\/www.deputadovander.com.br\/website\/wp-content\/uploads\/2012\/01\/foto-2012-01-28-vander-loubet-tribuna-livre-400x266.jpg\" \/>\n<meta name=\"author\" content=\"\u00c9der\" \/>\n<meta name=\"twitter:card\" content=\"summary_large_image\" \/>\n<meta name=\"twitter:creator\" content=\"@vanderloubet\" \/>\n<meta name=\"twitter:site\" content=\"@vanderloubet\" \/>\n<script type=\"application\/ld+json\" class=\"yoast-schema-graph\">{\"@context\":\"https:\\\/\\\/schema.org\",\"@graph\":[{\"@type\":\"Article\",\"@id\":\"https:\\\/\\\/vanderloubet.com.br\\\/deputado\\\/vander-vai-cobrar-informacoes-sobre-aplicacao-de-verba-federal-contra-enchentes\\\/#article\",\"isPartOf\":{\"@id\":\"https:\\\/\\\/vanderloubet.com.br\\\/deputado\\\/vander-vai-cobrar-informacoes-sobre-aplicacao-de-verba-federal-contra-enchentes\\\/\"},\"author\":{\"name\":\"\u00c9der\",\"@id\":\"https:\\\/\\\/vanderloubet.com.br\\\/deputado\\\/#\\\/schema\\\/person\\\/15b51bd564532a8a68d9dec1b8eb890e\"},\"headline\":\"Vander vai cobrar informa\u00e7\u00f5es de verba federal contra enchentes\",\"datePublished\":\"2012-01-28T18:04:23+00:00\",\"mainEntityOfPage\":{\"@id\":\"https:\\\/\\\/vanderloubet.com.br\\\/deputado\\\/vander-vai-cobrar-informacoes-sobre-aplicacao-de-verba-federal-contra-enchentes\\\/\"},\"wordCount\":490,\"publisher\":{\"@id\":\"https:\\\/\\\/vanderloubet.com.br\\\/deputado\\\/#organization\"},\"image\":{\"@id\":\"https:\\\/\\\/vanderloubet.com.br\\\/deputado\\\/vander-vai-cobrar-informacoes-sobre-aplicacao-de-verba-federal-contra-enchentes\\\/#primaryimage\"},\"thumbnailUrl\":\"http:\\\/\\\/www.deputadovander.com.br\\\/website\\\/wp-content\\\/uploads\\\/2012\\\/01\\\/foto-2012-01-28-vander-loubet-tribuna-livre-400x266.jpg\",\"keywords\":[\"campo\",\"chuvas\",\"conten\u00e7\u00e3o\",\"c\u00f3rrego\",\"deputado\",\"enchentes\",\"federal\",\"grande\",\"inunda\u00e7\u00f5es\",\"loubet\",\"MS\",\"obras\",\"parque\",\"prosa\",\"PT\",\"s\u00f3ter\",\"vander\",\"via\"],\"articleSection\":[\"Not\u00edcias\"],\"inLanguage\":\"pt-BR\"},{\"@type\":\"WebPage\",\"@id\":\"https:\\\/\\\/vanderloubet.com.br\\\/deputado\\\/vander-vai-cobrar-informacoes-sobre-aplicacao-de-verba-federal-contra-enchentes\\\/\",\"url\":\"https:\\\/\\\/vanderloubet.com.br\\\/deputado\\\/vander-vai-cobrar-informacoes-sobre-aplicacao-de-verba-federal-contra-enchentes\\\/\",\"name\":\"Vander vai cobrar informa\u00e7\u00f5es de verba federal contra enchentes\",\"isPartOf\":{\"@id\":\"https:\\\/\\\/vanderloubet.com.br\\\/deputado\\\/#website\"},\"primaryImageOfPage\":{\"@id\":\"https:\\\/\\\/vanderloubet.com.br\\\/deputado\\\/vander-vai-cobrar-informacoes-sobre-aplicacao-de-verba-federal-contra-enchentes\\\/#primaryimage\"},\"image\":{\"@id\":\"https:\\\/\\\/vanderloubet.com.br\\\/deputado\\\/vander-vai-cobrar-informacoes-sobre-aplicacao-de-verba-federal-contra-enchentes\\\/#primaryimage\"},\"thumbnailUrl\":\"http:\\\/\\\/www.deputadovander.com.br\\\/website\\\/wp-content\\\/uploads\\\/2012\\\/01\\\/foto-2012-01-28-vander-loubet-tribuna-livre-400x266.jpg\",\"datePublished\":\"2012-01-28T18:04:23+00:00\",\"breadcrumb\":{\"@id\":\"https:\\\/\\\/vanderloubet.com.br\\\/deputado\\\/vander-vai-cobrar-informacoes-sobre-aplicacao-de-verba-federal-contra-enchentes\\\/#breadcrumb\"},\"inLanguage\":\"pt-BR\",\"potentialAction\":[{\"@type\":\"ReadAction\",\"target\":[\"https:\\\/\\\/vanderloubet.com.br\\\/deputado\\\/vander-vai-cobrar-informacoes-sobre-aplicacao-de-verba-federal-contra-enchentes\\\/\"]}]},{\"@type\":\"ImageObject\",\"inLanguage\":\"pt-BR\",\"@id\":\"https:\\\/\\\/vanderloubet.com.br\\\/deputado\\\/vander-vai-cobrar-informacoes-sobre-aplicacao-de-verba-federal-contra-enchentes\\\/#primaryimage\",\"url\":\"http:\\\/\\\/www.deputadovander.com.br\\\/website\\\/wp-content\\\/uploads\\\/2012\\\/01\\\/foto-2012-01-28-vander-loubet-tribuna-livre-400x266.jpg\",\"contentUrl\":\"http:\\\/\\\/www.deputadovander.com.br\\\/website\\\/wp-content\\\/uploads\\\/2012\\\/01\\\/foto-2012-01-28-vander-loubet-tribuna-livre-400x266.jpg\"},{\"@type\":\"BreadcrumbList\",\"@id\":\"https:\\\/\\\/vanderloubet.com.br\\\/deputado\\\/vander-vai-cobrar-informacoes-sobre-aplicacao-de-verba-federal-contra-enchentes\\\/#breadcrumb\",\"itemListElement\":[{\"@type\":\"ListItem\",\"position\":1,\"name\":\"In\u00edcio\",\"item\":\"https:\\\/\\\/vanderloubet.com.br\\\/deputado\\\/\"},{\"@type\":\"ListItem\",\"position\":2,\"name\":\"Vander vai cobrar informa\u00e7\u00f5es de verba federal contra enchentes\"}]},{\"@type\":\"WebSite\",\"@id\":\"https:\\\/\\\/vanderloubet.com.br\\\/deputado\\\/#website\",\"url\":\"https:\\\/\\\/vanderloubet.com.br\\\/deputado\\\/\",\"name\":\"Deputado Federal Vander Loubet\",\"description\":\"O Federal de MS\",\"publisher\":{\"@id\":\"https:\\\/\\\/vanderloubet.com.br\\\/deputado\\\/#organization\"},\"alternateName\":\"Deputado Vander\",\"potentialAction\":[{\"@type\":\"SearchAction\",\"target\":{\"@type\":\"EntryPoint\",\"urlTemplate\":\"https:\\\/\\\/vanderloubet.com.br\\\/deputado\\\/?s={search_term_string}\"},\"query-input\":{\"@type\":\"PropertyValueSpecification\",\"valueRequired\":true,\"valueName\":\"search_term_string\"}}],\"inLanguage\":\"pt-BR\"},{\"@type\":\"Organization\",\"@id\":\"https:\\\/\\\/vanderloubet.com.br\\\/deputado\\\/#organization\",\"name\":\"Deputado Federal Vander Loubet\",\"alternateName\":\"Deputado Vander\",\"url\":\"https:\\\/\\\/vanderloubet.com.br\\\/deputado\\\/\",\"logo\":{\"@type\":\"ImageObject\",\"inLanguage\":\"pt-BR\",\"@id\":\"https:\\\/\\\/vanderloubet.com.br\\\/deputado\\\/#\\\/schema\\\/logo\\\/image\\\/\",\"url\":\"https:\\\/\\\/vanderloubet.com.br\\\/deputado\\\/wp-content\\\/uploads\\\/2023\\\/06\\\/foto-2023-06-19-mandato-deputado-vander.jpg\",\"contentUrl\":\"https:\\\/\\\/vanderloubet.com.br\\\/deputado\\\/wp-content\\\/uploads\\\/2023\\\/06\\\/foto-2023-06-19-mandato-deputado-vander.jpg\",\"width\":1080,\"height\":1080,\"caption\":\"Deputado Federal Vander Loubet\"},\"image\":{\"@id\":\"https:\\\/\\\/vanderloubet.com.br\\\/deputado\\\/#\\\/schema\\\/logo\\\/image\\\/\"},\"sameAs\":[\"https:\\\/\\\/facebook.com\\\/deputadovander\",\"https:\\\/\\\/x.com\\\/vanderloubet\",\"https:\\\/\\\/instagram.com\\\/vanderloubet\",\"https:\\\/\\\/youtube.com\\\/vanderloubet\",\"https:\\\/\\\/tiktok.com\\\/@vanderloubetms\"]},{\"@type\":\"Person\",\"@id\":\"https:\\\/\\\/vanderloubet.com.br\\\/deputado\\\/#\\\/schema\\\/person\\\/15b51bd564532a8a68d9dec1b8eb890e\",\"name\":\"\u00c9der\",\"image\":{\"@type\":\"ImageObject\",\"inLanguage\":\"pt-BR\",\"@id\":\"https:\\\/\\\/vanderloubet.com.br\\\/deputado\\\/wp-content\\\/litespeed\\\/avatar\\\/88ca4090d9d5ab1c9495f6ca03b68efa.jpg?ver=1777058957\",\"url\":\"https:\\\/\\\/vanderloubet.com.br\\\/deputado\\\/wp-content\\\/litespeed\\\/avatar\\\/88ca4090d9d5ab1c9495f6ca03b68efa.jpg?ver=1777058957\",\"contentUrl\":\"https:\\\/\\\/vanderloubet.com.br\\\/deputado\\\/wp-content\\\/litespeed\\\/avatar\\\/88ca4090d9d5ab1c9495f6ca03b68efa.jpg?ver=1777058957\",\"caption\":\"\u00c9der\"}}]}<\/script>\n<!-- \/ Yoast SEO plugin. -->","yoast_head_json":{"title":"Vander vai cobrar informa\u00e7\u00f5es de verba federal contra enchentes","robots":{"index":"index","follow":"follow","max-snippet":"max-snippet:-1","max-image-preview":"max-image-preview:large","max-video-preview":"max-video-preview:-1"},"canonical":"https:\/\/vanderloubet.com.br\/deputado\/vander-vai-cobrar-informacoes-sobre-aplicacao-de-verba-federal-contra-enchentes\/","og_locale":"pt_BR","og_type":"article","og_title":"Vander vai cobrar informa\u00e7\u00f5es de verba federal contra enchentes","og_description":"Segundo o deputado, algo est\u00e1 errado, pois a chuva em Campo Grande destruiu v\u00e1rias das obras de conten\u00e7\u00e3o de enchentes.","og_url":"https:\/\/vanderloubet.com.br\/deputado\/vander-vai-cobrar-informacoes-sobre-aplicacao-de-verba-federal-contra-enchentes\/","og_site_name":"Deputado Federal Vander Loubet","article_publisher":"https:\/\/facebook.com\/deputadovander","article_published_time":"2012-01-28T18:04:23+00:00","og_image":[{"url":"http:\/\/www.deputadovander.com.br\/website\/wp-content\/uploads\/2012\/01\/foto-2012-01-28-vander-loubet-tribuna-livre-400x266.jpg","type":"","width":"","height":""}],"author":"\u00c9der","twitter_card":"summary_large_image","twitter_creator":"@vanderloubet","twitter_site":"@vanderloubet","schema":{"@context":"https:\/\/schema.org","@graph":[{"@type":"Article","@id":"https:\/\/vanderloubet.com.br\/deputado\/vander-vai-cobrar-informacoes-sobre-aplicacao-de-verba-federal-contra-enchentes\/#article","isPartOf":{"@id":"https:\/\/vanderloubet.com.br\/deputado\/vander-vai-cobrar-informacoes-sobre-aplicacao-de-verba-federal-contra-enchentes\/"},"author":{"name":"\u00c9der","@id":"https:\/\/vanderloubet.com.br\/deputado\/#\/schema\/person\/15b51bd564532a8a68d9dec1b8eb890e"},"headline":"Vander vai cobrar informa\u00e7\u00f5es de verba federal contra enchentes","datePublished":"2012-01-28T18:04:23+00:00","mainEntityOfPage":{"@id":"https:\/\/vanderloubet.com.br\/deputado\/vander-vai-cobrar-informacoes-sobre-aplicacao-de-verba-federal-contra-enchentes\/"},"wordCount":490,"publisher":{"@id":"https:\/\/vanderloubet.com.br\/deputado\/#organization"},"image":{"@id":"https:\/\/vanderloubet.com.br\/deputado\/vander-vai-cobrar-informacoes-sobre-aplicacao-de-verba-federal-contra-enchentes\/#primaryimage"},"thumbnailUrl":"http:\/\/www.deputadovander.com.br\/website\/wp-content\/uploads\/2012\/01\/foto-2012-01-28-vander-loubet-tribuna-livre-400x266.jpg","keywords":["campo","chuvas","conten\u00e7\u00e3o","c\u00f3rrego","deputado","enchentes","federal","grande","inunda\u00e7\u00f5es","loubet","MS","obras","parque","prosa","PT","s\u00f3ter","vander","via"],"articleSection":["Not\u00edcias"],"inLanguage":"pt-BR"},{"@type":"WebPage","@id":"https:\/\/vanderloubet.com.br\/deputado\/vander-vai-cobrar-informacoes-sobre-aplicacao-de-verba-federal-contra-enchentes\/","url":"https:\/\/vanderloubet.com.br\/deputado\/vander-vai-cobrar-informacoes-sobre-aplicacao-de-verba-federal-contra-enchentes\/","name":"Vander vai cobrar informa\u00e7\u00f5es de verba federal contra enchentes","isPartOf":{"@id":"https:\/\/vanderloubet.com.br\/deputado\/#website"},"primaryImageOfPage":{"@id":"https:\/\/vanderloubet.com.br\/deputado\/vander-vai-cobrar-informacoes-sobre-aplicacao-de-verba-federal-contra-enchentes\/#primaryimage"},"image":{"@id":"https:\/\/vanderloubet.com.br\/deputado\/vander-vai-cobrar-informacoes-sobre-aplicacao-de-verba-federal-contra-enchentes\/#primaryimage"},"thumbnailUrl":"http:\/\/www.deputadovander.com.br\/website\/wp-content\/uploads\/2012\/01\/foto-2012-01-28-vander-loubet-tribuna-livre-400x266.jpg","datePublished":"2012-01-28T18:04:23+00:00","breadcrumb":{"@id":"https:\/\/vanderloubet.com.br\/deputado\/vander-vai-cobrar-informacoes-sobre-aplicacao-de-verba-federal-contra-enchentes\/#breadcrumb"},"inLanguage":"pt-BR","potentialAction":[{"@type":"ReadAction","target":["https:\/\/vanderloubet.com.br\/deputado\/vander-vai-cobrar-informacoes-sobre-aplicacao-de-verba-federal-contra-enchentes\/"]}]},{"@type":"ImageObject","inLanguage":"pt-BR","@id":"https:\/\/vanderloubet.com.br\/deputado\/vander-vai-cobrar-informacoes-sobre-aplicacao-de-verba-federal-contra-enchentes\/#primaryimage","url":"http:\/\/www.deputadovander.com.br\/website\/wp-content\/uploads\/2012\/01\/foto-2012-01-28-vander-loubet-tribuna-livre-400x266.jpg","contentUrl":"http:\/\/www.deputadovander.com.br\/website\/wp-content\/uploads\/2012\/01\/foto-2012-01-28-vander-loubet-tribuna-livre-400x266.jpg"},{"@type":"BreadcrumbList","@id":"https:\/\/vanderloubet.com.br\/deputado\/vander-vai-cobrar-informacoes-sobre-aplicacao-de-verba-federal-contra-enchentes\/#breadcrumb","itemListElement":[{"@type":"ListItem","position":1,"name":"In\u00edcio","item":"https:\/\/vanderloubet.com.br\/deputado\/"},{"@type":"ListItem","position":2,"name":"Vander vai cobrar informa\u00e7\u00f5es de verba federal contra enchentes"}]},{"@type":"WebSite","@id":"https:\/\/vanderloubet.com.br\/deputado\/#website","url":"https:\/\/vanderloubet.com.br\/deputado\/","name":"Deputado Federal Vander Loubet","description":"O Federal de MS","publisher":{"@id":"https:\/\/vanderloubet.com.br\/deputado\/#organization"},"alternateName":"Deputado Vander","potentialAction":[{"@type":"SearchAction","target":{"@type":"EntryPoint","urlTemplate":"https:\/\/vanderloubet.com.br\/deputado\/?s={search_term_string}"},"query-input":{"@type":"PropertyValueSpecification","valueRequired":true,"valueName":"search_term_string"}}],"inLanguage":"pt-BR"},{"@type":"Organization","@id":"https:\/\/vanderloubet.com.br\/deputado\/#organization","name":"Deputado Federal Vander Loubet","alternateName":"Deputado Vander","url":"https:\/\/vanderloubet.com.br\/deputado\/","logo":{"@type":"ImageObject","inLanguage":"pt-BR","@id":"https:\/\/vanderloubet.com.br\/deputado\/#\/schema\/logo\/image\/","url":"https:\/\/vanderloubet.com.br\/deputado\/wp-content\/uploads\/2023\/06\/foto-2023-06-19-mandato-deputado-vander.jpg","contentUrl":"https:\/\/vanderloubet.com.br\/deputado\/wp-content\/uploads\/2023\/06\/foto-2023-06-19-mandato-deputado-vander.jpg","width":1080,"height":1080,"caption":"Deputado Federal Vander Loubet"},"image":{"@id":"https:\/\/vanderloubet.com.br\/deputado\/#\/schema\/logo\/image\/"},"sameAs":["https:\/\/facebook.com\/deputadovander","https:\/\/x.com\/vanderloubet","https:\/\/instagram.com\/vanderloubet","https:\/\/youtube.com\/vanderloubet","https:\/\/tiktok.com\/@vanderloubetms"]},{"@type":"Person","@id":"https:\/\/vanderloubet.com.br\/deputado\/#\/schema\/person\/15b51bd564532a8a68d9dec1b8eb890e","name":"\u00c9der","image":{"@type":"ImageObject","inLanguage":"pt-BR","@id":"https:\/\/vanderloubet.com.br\/deputado\/wp-content\/litespeed\/avatar\/88ca4090d9d5ab1c9495f6ca03b68efa.jpg?ver=1777058957","url":"https:\/\/vanderloubet.com.br\/deputado\/wp-content\/litespeed\/avatar\/88ca4090d9d5ab1c9495f6ca03b68efa.jpg?ver=1777058957","contentUrl":"https:\/\/vanderloubet.com.br\/deputado\/wp-content\/litespeed\/avatar\/88ca4090d9d5ab1c9495f6ca03b68efa.jpg?ver=1777058957","caption":"\u00c9der"}}]}},"jetpack_featured_media_url":"","jetpack_sharing_enabled":true,"_links":{"self":[{"href":"https:\/\/vanderloubet.com.br\/deputado\/wp-json\/wp\/v2\/posts\/4315","targetHints":{"allow":["GET"]}}],"collection":[{"href":"https:\/\/vanderloubet.com.br\/deputado\/wp-json\/wp\/v2\/posts"}],"about":[{"href":"https:\/\/vanderloubet.com.br\/deputado\/wp-json\/wp\/v2\/types\/post"}],"author":[{"embeddable":true,"href":"https:\/\/vanderloubet.com.br\/deputado\/wp-json\/wp\/v2\/users\/2"}],"replies":[{"embeddable":true,"href":"https:\/\/vanderloubet.com.br\/deputado\/wp-json\/wp\/v2\/comments?post=4315"}],"version-history":[{"count":0,"href":"https:\/\/vanderloubet.com.br\/deputado\/wp-json\/wp\/v2\/posts\/4315\/revisions"}],"wp:attachment":[{"href":"https:\/\/vanderloubet.com.br\/deputado\/wp-json\/wp\/v2\/media?parent=4315"}],"wp:term":[{"taxonomy":"category","embeddable":true,"href":"https:\/\/vanderloubet.com.br\/deputado\/wp-json\/wp\/v2\/categories?post=4315"},{"taxonomy":"post_tag","embeddable":true,"href":"https:\/\/vanderloubet.com.br\/deputado\/wp-json\/wp\/v2\/tags?post=4315"}],"curies":[{"name":"wp","href":"https:\/\/api.w.org\/{rel}","templated":true}]}}