{"id":4304,"date":"2012-01-26T13:52:58","date_gmt":"2012-01-26T17:52:58","guid":{"rendered":"http:\/\/www.deputadovander.com.br\/website\/?p=4304"},"modified":"2012-01-26T13:52:58","modified_gmt":"2012-01-26T17:52:58","slug":"vander-trabalha-por-inclusao-de-municipios-de-ms-no-mcmv-2","status":"publish","type":"post","link":"https:\/\/vanderloubet.com.br\/deputado\/vander-trabalha-por-inclusao-de-municipios-de-ms-no-mcmv-2\/","title":{"rendered":"Vander trabalha por inclus\u00e3o de munic\u00edpios de MS no MCMV 2"},"content":{"rendered":"<figure id=\"attachment_4305\" aria-describedby=\"caption-attachment-4305\" style=\"width: 400px\" class=\"wp-caption aligncenter\"><a href=\"http:\/\/www.deputadovander.com.br\/website\/wp-content\/uploads\/2012\/01\/foto-2012-01-26-ministerio-cidades-mcmv2.jpg\" target=\"_blank\"><img decoding=\"async\" class=\"size-medium wp-image-4305 \" title=\"foto-2012-01-26-ministerio-cidades-mcmv2\" src=\"http:\/\/www.deputadovander.com.br\/website\/wp-content\/uploads\/2012\/01\/foto-2012-01-26-ministerio-cidades-mcmv2-400x266.jpg\" alt=\"Equipe do MC se re\u00fane com institui\u00e7\u00f5es e agentes financeiros do MCMV 2\" width=\"400\" height=\"266\" \/><\/a><figcaption id=\"caption-attachment-4305\" class=\"wp-caption-text\">Equipe do MC se re\u00fane com institui\u00e7\u00f5es e agentes financeiros do MCMV 2<\/figcaption><\/figure>\n<p>Um dia antes da divulga\u00e7\u00e3o pelo Minist\u00e9rio das Cidades da lista dos munic\u00edpios que ser\u00e3o contemplados na segunda fase do programa Minha Casa, Minha Vida (MCMV 2), o deputado federal Vander Loubet (PT-MS), que visitou a Secretaria Nacional de Habita\u00e7\u00e3o (SNH) nesta semana, avaliou que aguarda um resultado positivo para os munic\u00edpios de Mato Grosso do Sul.<\/p>\n<p>&#8220;Nessa semana tive diversas reuni\u00f5es na SNH, intercedendo pelos prefeitos e buscando viabilizar o maior n\u00famero de munic\u00edpios para o Minha Casa, Minha Vida 2. Por onde passei na Secretaria fui bem recebido pela equipe da secret\u00e1ria In\u00eas Magalh\u00e3es, por isso a expectativa \u00e9 a melhor poss\u00edvel&#8221;, afirmou Vander.<\/p>\n<p>A primeira etapa do processo do MCMV 2 ocorreu em dezembro passado, quando o Minist\u00e9rio das Cidades homologou o resultado da sele\u00e7\u00e3o das institui\u00e7\u00f5es e agentes financeiros, no dia 26. Os munic\u00edpios contemplados ser\u00e3o divulgados amanh\u00e3 (sexta-feira, 27).<\/p>\n<p>Esta modalidade do programa, para munic\u00edpios com at\u00e9 50 mil habitantes, visa apoiar estados e munic\u00edpios no desenvolvimento de a\u00e7\u00f5es de acesso \u00e0 moradia digna, em \u00e1reas urbanas, voltadas ao atendimento de fam\u00edlias com renda at\u00e9 R$ 1.600.<\/p>\n<p>Est\u00e3o sendo selecionadas este ano 43.970 moradias na regi\u00e3o Nordeste, 29.301 no Sudeste, 14.936 no Sul, 8.771 no Norte e 10.370 no Centro-Oeste. A primeira oferta soma 107.348 unidades no pa\u00eds. At\u00e9 2014, a meta desta modalidade \u00e9 de 220 mil cotas.<\/p>\n<p><span style=\"font-size: 11px;\">(\u00c9der Yanaguita\/Assessoria Deputado Vander)<\/span><\/p>\n","protected":false},"excerpt":{"rendered":"<p>Os munic\u00edpios contemplados pela segunda fase do programa ser\u00e3o divulgados nesta sexta-feira pelo Minist\u00e9rio das Cidades.<\/p>\n","protected":false},"author":2,"featured_media":0,"comment_status":"closed","ping_status":"open","sticky":false,"template":"","format":"standard","meta":{"jetpack_post_was_ever_published":false,"_jetpack_newsletter_access":"","_jetpack_dont_email_post_to_subs":false,"_jetpack_newsletter_tier_id":0,"_jetpack_memberships_contains_paywalled_content":false,"_jetpack_memberships_contains_paid_content":false,"footnotes":""},"categories":[10],"tags":[375,442,608,807,956,1178,1250,1300,1302,1336,1353,1655,1806,1876,2033,2060],"class_list":{"0":"post-4304","1":"post","2":"type-post","3":"status-publish","4":"format-standard","6":"category-noticias","7":"tag-casa","8":"tag-cidades","9":"tag-deputado","10":"tag-federal","11":"tag-habitacao","12":"tag-loubet","13":"tag-mcmv","14":"tag-minha","15":"tag-ministerio","16":"tag-ms","17":"tag-nacional","18":"tag-pt","19":"tag-secretaria","20":"tag-snh","21":"tag-vander","22":"tag-vida"},"yoast_head":"<!-- This site is optimized with the Yoast SEO plugin v27.4 - https:\/\/yoast.com\/product\/yoast-seo-wordpress\/ -->\n<title>Vander trabalha por inclus\u00e3o de munic\u00edpios de MS no MCMV 2<\/title>\n<meta name=\"robots\" content=\"index, follow, max-snippet:-1, max-image-preview:large, max-video-preview:-1\" \/>\n<link rel=\"canonical\" href=\"http:\/\/vanderloubet.com.br\/deputado\/vander-trabalha-por-inclusao-de-municipios-de-ms-no-mcmv-2\/\" \/>\n<meta property=\"og:locale\" content=\"pt_BR\" \/>\n<meta property=\"og:type\" content=\"article\" \/>\n<meta property=\"og:title\" content=\"Vander trabalha por inclus\u00e3o de munic\u00edpios de MS no MCMV 2\" \/>\n<meta property=\"og:description\" content=\"Os munic\u00edpios contemplados pela segunda fase do programa ser\u00e3o divulgados nesta sexta-feira pelo Minist\u00e9rio das Cidades.\" \/>\n<meta property=\"og:url\" content=\"http:\/\/vanderloubet.com.br\/deputado\/vander-trabalha-por-inclusao-de-municipios-de-ms-no-mcmv-2\/\" \/>\n<meta property=\"og:site_name\" content=\"Deputado Federal Vander Loubet\" \/>\n<meta property=\"article:publisher\" content=\"https:\/\/facebook.com\/deputadovander\" \/>\n<meta property=\"article:published_time\" content=\"2012-01-26T17:52:58+00:00\" \/>\n<meta property=\"og:image\" content=\"http:\/\/www.deputadovander.com.br\/website\/wp-content\/uploads\/2012\/01\/foto-2012-01-26-ministerio-cidades-mcmv2-400x266.jpg\" \/>\n<meta name=\"author\" content=\"\u00c9der\" \/>\n<meta name=\"twitter:card\" content=\"summary_large_image\" \/>\n<meta name=\"twitter:creator\" content=\"@vanderloubet\" \/>\n<meta name=\"twitter:site\" content=\"@vanderloubet\" \/>\n<script type=\"application\/ld+json\" class=\"yoast-schema-graph\">{\"@context\":\"https:\\\/\\\/schema.org\",\"@graph\":[{\"@type\":\"Article\",\"@id\":\"http:\\\/\\\/vanderloubet.com.br\\\/deputado\\\/vander-trabalha-por-inclusao-de-municipios-de-ms-no-mcmv-2\\\/#article\",\"isPartOf\":{\"@id\":\"http:\\\/\\\/vanderloubet.com.br\\\/deputado\\\/vander-trabalha-por-inclusao-de-municipios-de-ms-no-mcmv-2\\\/\"},\"author\":{\"name\":\"\u00c9der\",\"@id\":\"https:\\\/\\\/vanderloubet.com.br\\\/deputado\\\/#\\\/schema\\\/person\\\/15b51bd564532a8a68d9dec1b8eb890e\"},\"headline\":\"Vander trabalha por inclus\u00e3o de munic\u00edpios de MS no MCMV 2\",\"datePublished\":\"2012-01-26T17:52:58+00:00\",\"mainEntityOfPage\":{\"@id\":\"http:\\\/\\\/vanderloubet.com.br\\\/deputado\\\/vander-trabalha-por-inclusao-de-municipios-de-ms-no-mcmv-2\\\/\"},\"wordCount\":270,\"publisher\":{\"@id\":\"https:\\\/\\\/vanderloubet.com.br\\\/deputado\\\/#organization\"},\"image\":{\"@id\":\"http:\\\/\\\/vanderloubet.com.br\\\/deputado\\\/vander-trabalha-por-inclusao-de-municipios-de-ms-no-mcmv-2\\\/#primaryimage\"},\"thumbnailUrl\":\"http:\\\/\\\/www.deputadovander.com.br\\\/website\\\/wp-content\\\/uploads\\\/2012\\\/01\\\/foto-2012-01-26-ministerio-cidades-mcmv2-400x266.jpg\",\"keywords\":[\"casa\",\"cidades\",\"deputado\",\"federal\",\"habita\u00e7\u00e3o\",\"loubet\",\"mcmv\",\"minha\",\"minist\u00e9rio\",\"MS\",\"nacional\",\"PT\",\"secretaria\",\"snh\",\"vander\",\"vida\"],\"articleSection\":[\"Not\u00edcias\"],\"inLanguage\":\"pt-BR\"},{\"@type\":\"WebPage\",\"@id\":\"http:\\\/\\\/vanderloubet.com.br\\\/deputado\\\/vander-trabalha-por-inclusao-de-municipios-de-ms-no-mcmv-2\\\/\",\"url\":\"http:\\\/\\\/vanderloubet.com.br\\\/deputado\\\/vander-trabalha-por-inclusao-de-municipios-de-ms-no-mcmv-2\\\/\",\"name\":\"Vander trabalha por inclus\u00e3o de munic\u00edpios de MS no MCMV 2\",\"isPartOf\":{\"@id\":\"https:\\\/\\\/vanderloubet.com.br\\\/deputado\\\/#website\"},\"primaryImageOfPage\":{\"@id\":\"http:\\\/\\\/vanderloubet.com.br\\\/deputado\\\/vander-trabalha-por-inclusao-de-municipios-de-ms-no-mcmv-2\\\/#primaryimage\"},\"image\":{\"@id\":\"http:\\\/\\\/vanderloubet.com.br\\\/deputado\\\/vander-trabalha-por-inclusao-de-municipios-de-ms-no-mcmv-2\\\/#primaryimage\"},\"thumbnailUrl\":\"http:\\\/\\\/www.deputadovander.com.br\\\/website\\\/wp-content\\\/uploads\\\/2012\\\/01\\\/foto-2012-01-26-ministerio-cidades-mcmv2-400x266.jpg\",\"datePublished\":\"2012-01-26T17:52:58+00:00\",\"breadcrumb\":{\"@id\":\"http:\\\/\\\/vanderloubet.com.br\\\/deputado\\\/vander-trabalha-por-inclusao-de-municipios-de-ms-no-mcmv-2\\\/#breadcrumb\"},\"inLanguage\":\"pt-BR\",\"potentialAction\":[{\"@type\":\"ReadAction\",\"target\":[\"http:\\\/\\\/vanderloubet.com.br\\\/deputado\\\/vander-trabalha-por-inclusao-de-municipios-de-ms-no-mcmv-2\\\/\"]}]},{\"@type\":\"ImageObject\",\"inLanguage\":\"pt-BR\",\"@id\":\"http:\\\/\\\/vanderloubet.com.br\\\/deputado\\\/vander-trabalha-por-inclusao-de-municipios-de-ms-no-mcmv-2\\\/#primaryimage\",\"url\":\"http:\\\/\\\/www.deputadovander.com.br\\\/website\\\/wp-content\\\/uploads\\\/2012\\\/01\\\/foto-2012-01-26-ministerio-cidades-mcmv2-400x266.jpg\",\"contentUrl\":\"http:\\\/\\\/www.deputadovander.com.br\\\/website\\\/wp-content\\\/uploads\\\/2012\\\/01\\\/foto-2012-01-26-ministerio-cidades-mcmv2-400x266.jpg\"},{\"@type\":\"BreadcrumbList\",\"@id\":\"http:\\\/\\\/vanderloubet.com.br\\\/deputado\\\/vander-trabalha-por-inclusao-de-municipios-de-ms-no-mcmv-2\\\/#breadcrumb\",\"itemListElement\":[{\"@type\":\"ListItem\",\"position\":1,\"name\":\"In\u00edcio\",\"item\":\"https:\\\/\\\/vanderloubet.com.br\\\/deputado\\\/\"},{\"@type\":\"ListItem\",\"position\":2,\"name\":\"Vander trabalha por inclus\u00e3o de munic\u00edpios de MS no MCMV 2\"}]},{\"@type\":\"WebSite\",\"@id\":\"https:\\\/\\\/vanderloubet.com.br\\\/deputado\\\/#website\",\"url\":\"https:\\\/\\\/vanderloubet.com.br\\\/deputado\\\/\",\"name\":\"Deputado Federal Vander Loubet\",\"description\":\"O Federal de MS\",\"publisher\":{\"@id\":\"https:\\\/\\\/vanderloubet.com.br\\\/deputado\\\/#organization\"},\"alternateName\":\"Deputado Vander\",\"potentialAction\":[{\"@type\":\"SearchAction\",\"target\":{\"@type\":\"EntryPoint\",\"urlTemplate\":\"https:\\\/\\\/vanderloubet.com.br\\\/deputado\\\/?s={search_term_string}\"},\"query-input\":{\"@type\":\"PropertyValueSpecification\",\"valueRequired\":true,\"valueName\":\"search_term_string\"}}],\"inLanguage\":\"pt-BR\"},{\"@type\":\"Organization\",\"@id\":\"https:\\\/\\\/vanderloubet.com.br\\\/deputado\\\/#organization\",\"name\":\"Deputado Federal Vander Loubet\",\"alternateName\":\"Deputado Vander\",\"url\":\"https:\\\/\\\/vanderloubet.com.br\\\/deputado\\\/\",\"logo\":{\"@type\":\"ImageObject\",\"inLanguage\":\"pt-BR\",\"@id\":\"https:\\\/\\\/vanderloubet.com.br\\\/deputado\\\/#\\\/schema\\\/logo\\\/image\\\/\",\"url\":\"https:\\\/\\\/vanderloubet.com.br\\\/deputado\\\/wp-content\\\/uploads\\\/2023\\\/06\\\/foto-2023-06-19-mandato-deputado-vander.jpg\",\"contentUrl\":\"https:\\\/\\\/vanderloubet.com.br\\\/deputado\\\/wp-content\\\/uploads\\\/2023\\\/06\\\/foto-2023-06-19-mandato-deputado-vander.jpg\",\"width\":1080,\"height\":1080,\"caption\":\"Deputado Federal Vander Loubet\"},\"image\":{\"@id\":\"https:\\\/\\\/vanderloubet.com.br\\\/deputado\\\/#\\\/schema\\\/logo\\\/image\\\/\"},\"sameAs\":[\"https:\\\/\\\/facebook.com\\\/deputadovander\",\"https:\\\/\\\/x.com\\\/vanderloubet\",\"https:\\\/\\\/instagram.com\\\/vanderloubet\",\"https:\\\/\\\/youtube.com\\\/vanderloubet\",\"https:\\\/\\\/tiktok.com\\\/@vanderloubetms\"]},{\"@type\":\"Person\",\"@id\":\"https:\\\/\\\/vanderloubet.com.br\\\/deputado\\\/#\\\/schema\\\/person\\\/15b51bd564532a8a68d9dec1b8eb890e\",\"name\":\"\u00c9der\",\"image\":{\"@type\":\"ImageObject\",\"inLanguage\":\"pt-BR\",\"@id\":\"https:\\\/\\\/vanderloubet.com.br\\\/deputado\\\/wp-content\\\/litespeed\\\/avatar\\\/88ca4090d9d5ab1c9495f6ca03b68efa.jpg?ver=1777058957\",\"url\":\"https:\\\/\\\/vanderloubet.com.br\\\/deputado\\\/wp-content\\\/litespeed\\\/avatar\\\/88ca4090d9d5ab1c9495f6ca03b68efa.jpg?ver=1777058957\",\"contentUrl\":\"https:\\\/\\\/vanderloubet.com.br\\\/deputado\\\/wp-content\\\/litespeed\\\/avatar\\\/88ca4090d9d5ab1c9495f6ca03b68efa.jpg?ver=1777058957\",\"caption\":\"\u00c9der\"}}]}<\/script>\n<!-- \/ Yoast SEO plugin. -->","yoast_head_json":{"title":"Vander trabalha por inclus\u00e3o de munic\u00edpios de MS no MCMV 2","robots":{"index":"index","follow":"follow","max-snippet":"max-snippet:-1","max-image-preview":"max-image-preview:large","max-video-preview":"max-video-preview:-1"},"canonical":"http:\/\/vanderloubet.com.br\/deputado\/vander-trabalha-por-inclusao-de-municipios-de-ms-no-mcmv-2\/","og_locale":"pt_BR","og_type":"article","og_title":"Vander trabalha por inclus\u00e3o de munic\u00edpios de MS no MCMV 2","og_description":"Os munic\u00edpios contemplados pela segunda fase do programa ser\u00e3o divulgados nesta sexta-feira pelo Minist\u00e9rio das Cidades.","og_url":"http:\/\/vanderloubet.com.br\/deputado\/vander-trabalha-por-inclusao-de-municipios-de-ms-no-mcmv-2\/","og_site_name":"Deputado Federal Vander Loubet","article_publisher":"https:\/\/facebook.com\/deputadovander","article_published_time":"2012-01-26T17:52:58+00:00","og_image":[{"url":"http:\/\/www.deputadovander.com.br\/website\/wp-content\/uploads\/2012\/01\/foto-2012-01-26-ministerio-cidades-mcmv2-400x266.jpg","type":"","width":"","height":""}],"author":"\u00c9der","twitter_card":"summary_large_image","twitter_creator":"@vanderloubet","twitter_site":"@vanderloubet","schema":{"@context":"https:\/\/schema.org","@graph":[{"@type":"Article","@id":"http:\/\/vanderloubet.com.br\/deputado\/vander-trabalha-por-inclusao-de-municipios-de-ms-no-mcmv-2\/#article","isPartOf":{"@id":"http:\/\/vanderloubet.com.br\/deputado\/vander-trabalha-por-inclusao-de-municipios-de-ms-no-mcmv-2\/"},"author":{"name":"\u00c9der","@id":"https:\/\/vanderloubet.com.br\/deputado\/#\/schema\/person\/15b51bd564532a8a68d9dec1b8eb890e"},"headline":"Vander trabalha por inclus\u00e3o de munic\u00edpios de MS no MCMV 2","datePublished":"2012-01-26T17:52:58+00:00","mainEntityOfPage":{"@id":"http:\/\/vanderloubet.com.br\/deputado\/vander-trabalha-por-inclusao-de-municipios-de-ms-no-mcmv-2\/"},"wordCount":270,"publisher":{"@id":"https:\/\/vanderloubet.com.br\/deputado\/#organization"},"image":{"@id":"http:\/\/vanderloubet.com.br\/deputado\/vander-trabalha-por-inclusao-de-municipios-de-ms-no-mcmv-2\/#primaryimage"},"thumbnailUrl":"http:\/\/www.deputadovander.com.br\/website\/wp-content\/uploads\/2012\/01\/foto-2012-01-26-ministerio-cidades-mcmv2-400x266.jpg","keywords":["casa","cidades","deputado","federal","habita\u00e7\u00e3o","loubet","mcmv","minha","minist\u00e9rio","MS","nacional","PT","secretaria","snh","vander","vida"],"articleSection":["Not\u00edcias"],"inLanguage":"pt-BR"},{"@type":"WebPage","@id":"http:\/\/vanderloubet.com.br\/deputado\/vander-trabalha-por-inclusao-de-municipios-de-ms-no-mcmv-2\/","url":"http:\/\/vanderloubet.com.br\/deputado\/vander-trabalha-por-inclusao-de-municipios-de-ms-no-mcmv-2\/","name":"Vander trabalha por inclus\u00e3o de munic\u00edpios de MS no MCMV 2","isPartOf":{"@id":"https:\/\/vanderloubet.com.br\/deputado\/#website"},"primaryImageOfPage":{"@id":"http:\/\/vanderloubet.com.br\/deputado\/vander-trabalha-por-inclusao-de-municipios-de-ms-no-mcmv-2\/#primaryimage"},"image":{"@id":"http:\/\/vanderloubet.com.br\/deputado\/vander-trabalha-por-inclusao-de-municipios-de-ms-no-mcmv-2\/#primaryimage"},"thumbnailUrl":"http:\/\/www.deputadovander.com.br\/website\/wp-content\/uploads\/2012\/01\/foto-2012-01-26-ministerio-cidades-mcmv2-400x266.jpg","datePublished":"2012-01-26T17:52:58+00:00","breadcrumb":{"@id":"http:\/\/vanderloubet.com.br\/deputado\/vander-trabalha-por-inclusao-de-municipios-de-ms-no-mcmv-2\/#breadcrumb"},"inLanguage":"pt-BR","potentialAction":[{"@type":"ReadAction","target":["http:\/\/vanderloubet.com.br\/deputado\/vander-trabalha-por-inclusao-de-municipios-de-ms-no-mcmv-2\/"]}]},{"@type":"ImageObject","inLanguage":"pt-BR","@id":"http:\/\/vanderloubet.com.br\/deputado\/vander-trabalha-por-inclusao-de-municipios-de-ms-no-mcmv-2\/#primaryimage","url":"http:\/\/www.deputadovander.com.br\/website\/wp-content\/uploads\/2012\/01\/foto-2012-01-26-ministerio-cidades-mcmv2-400x266.jpg","contentUrl":"http:\/\/www.deputadovander.com.br\/website\/wp-content\/uploads\/2012\/01\/foto-2012-01-26-ministerio-cidades-mcmv2-400x266.jpg"},{"@type":"BreadcrumbList","@id":"http:\/\/vanderloubet.com.br\/deputado\/vander-trabalha-por-inclusao-de-municipios-de-ms-no-mcmv-2\/#breadcrumb","itemListElement":[{"@type":"ListItem","position":1,"name":"In\u00edcio","item":"https:\/\/vanderloubet.com.br\/deputado\/"},{"@type":"ListItem","position":2,"name":"Vander trabalha por inclus\u00e3o de munic\u00edpios de MS no MCMV 2"}]},{"@type":"WebSite","@id":"https:\/\/vanderloubet.com.br\/deputado\/#website","url":"https:\/\/vanderloubet.com.br\/deputado\/","name":"Deputado Federal Vander Loubet","description":"O Federal de MS","publisher":{"@id":"https:\/\/vanderloubet.com.br\/deputado\/#organization"},"alternateName":"Deputado Vander","potentialAction":[{"@type":"SearchAction","target":{"@type":"EntryPoint","urlTemplate":"https:\/\/vanderloubet.com.br\/deputado\/?s={search_term_string}"},"query-input":{"@type":"PropertyValueSpecification","valueRequired":true,"valueName":"search_term_string"}}],"inLanguage":"pt-BR"},{"@type":"Organization","@id":"https:\/\/vanderloubet.com.br\/deputado\/#organization","name":"Deputado Federal Vander Loubet","alternateName":"Deputado Vander","url":"https:\/\/vanderloubet.com.br\/deputado\/","logo":{"@type":"ImageObject","inLanguage":"pt-BR","@id":"https:\/\/vanderloubet.com.br\/deputado\/#\/schema\/logo\/image\/","url":"https:\/\/vanderloubet.com.br\/deputado\/wp-content\/uploads\/2023\/06\/foto-2023-06-19-mandato-deputado-vander.jpg","contentUrl":"https:\/\/vanderloubet.com.br\/deputado\/wp-content\/uploads\/2023\/06\/foto-2023-06-19-mandato-deputado-vander.jpg","width":1080,"height":1080,"caption":"Deputado Federal Vander Loubet"},"image":{"@id":"https:\/\/vanderloubet.com.br\/deputado\/#\/schema\/logo\/image\/"},"sameAs":["https:\/\/facebook.com\/deputadovander","https:\/\/x.com\/vanderloubet","https:\/\/instagram.com\/vanderloubet","https:\/\/youtube.com\/vanderloubet","https:\/\/tiktok.com\/@vanderloubetms"]},{"@type":"Person","@id":"https:\/\/vanderloubet.com.br\/deputado\/#\/schema\/person\/15b51bd564532a8a68d9dec1b8eb890e","name":"\u00c9der","image":{"@type":"ImageObject","inLanguage":"pt-BR","@id":"https:\/\/vanderloubet.com.br\/deputado\/wp-content\/litespeed\/avatar\/88ca4090d9d5ab1c9495f6ca03b68efa.jpg?ver=1777058957","url":"https:\/\/vanderloubet.com.br\/deputado\/wp-content\/litespeed\/avatar\/88ca4090d9d5ab1c9495f6ca03b68efa.jpg?ver=1777058957","contentUrl":"https:\/\/vanderloubet.com.br\/deputado\/wp-content\/litespeed\/avatar\/88ca4090d9d5ab1c9495f6ca03b68efa.jpg?ver=1777058957","caption":"\u00c9der"}}]}},"jetpack_featured_media_url":"","jetpack_sharing_enabled":true,"_links":{"self":[{"href":"https:\/\/vanderloubet.com.br\/deputado\/wp-json\/wp\/v2\/posts\/4304","targetHints":{"allow":["GET"]}}],"collection":[{"href":"https:\/\/vanderloubet.com.br\/deputado\/wp-json\/wp\/v2\/posts"}],"about":[{"href":"https:\/\/vanderloubet.com.br\/deputado\/wp-json\/wp\/v2\/types\/post"}],"author":[{"embeddable":true,"href":"https:\/\/vanderloubet.com.br\/deputado\/wp-json\/wp\/v2\/users\/2"}],"replies":[{"embeddable":true,"href":"https:\/\/vanderloubet.com.br\/deputado\/wp-json\/wp\/v2\/comments?post=4304"}],"version-history":[{"count":0,"href":"https:\/\/vanderloubet.com.br\/deputado\/wp-json\/wp\/v2\/posts\/4304\/revisions"}],"wp:attachment":[{"href":"https:\/\/vanderloubet.com.br\/deputado\/wp-json\/wp\/v2\/media?parent=4304"}],"wp:term":[{"taxonomy":"category","embeddable":true,"href":"https:\/\/vanderloubet.com.br\/deputado\/wp-json\/wp\/v2\/categories?post=4304"},{"taxonomy":"post_tag","embeddable":true,"href":"https:\/\/vanderloubet.com.br\/deputado\/wp-json\/wp\/v2\/tags?post=4304"}],"curies":[{"name":"wp","href":"https:\/\/api.w.org\/{rel}","templated":true}]}}