{"id":4275,"date":"2012-01-20T17:28:06","date_gmt":"2012-01-20T21:28:06","guid":{"rendered":"http:\/\/www.deputadovander.com.br\/website\/?p=4275"},"modified":"2012-01-20T17:28:06","modified_gmt":"2012-01-20T21:28:06","slug":"ibopewin-otimismo-dos-brasileiros-bate-recorde-pelo-terceiro-ano-seguido","status":"publish","type":"post","link":"https:\/\/vanderloubet.com.br\/deputado\/ibopewin-otimismo-dos-brasileiros-bate-recorde-pelo-terceiro-ano-seguido\/","title":{"rendered":"Ibope: otimismo dos brasileiros bate recorde pelo terceiro ano seguido"},"content":{"rendered":"<figure id=\"attachment_4276\" aria-describedby=\"caption-attachment-4276\" style=\"width: 400px\" class=\"wp-caption aligncenter\"><a href=\"http:\/\/www.deputadovander.com.br\/website\/wp-content\/uploads\/2012\/01\/foto-2012-01-20-otimismo-brasil-ibope-win.jpg\" target=\"_blank\"><img decoding=\"async\" class=\"size-medium wp-image-4276 \" title=\"foto-2012-01-20-otimismo-brasil-ibope-win\" src=\"http:\/\/www.deputadovander.com.br\/website\/wp-content\/uploads\/2012\/01\/foto-2012-01-20-otimismo-brasil-ibope-win-400x266.jpg\" alt=\"Otimismo do brasileiro com o PT no governo cresce a cada ano\" width=\"400\" height=\"266\" \/><\/a><figcaption id=\"caption-attachment-4276\" class=\"wp-caption-text\">Otimismo do brasileiro com o PT no governo cresce a cada ano<\/figcaption><\/figure>\n<p>O ano de 2012 ser\u00e1 melhor que 2011 na opini\u00e3o de 74% dos brasileiros consultados em <a title=\"Link\" href=\"http:\/\/www.ibope.com.br\/calandraWeb\/servlet\/CalandraRedirect?temp=5&amp;proj=PortalIBOPE&amp;pub=T&amp;db=caldb&amp;comp=Noticias&amp;docid=1F1EB2952499B89783257989005DEDE5\" target=\"_blank\">pesquisa<\/a> realizada pelo Ibope Intelig\u00eancia, em parceria com a empresa Worldwide Independent Network of Market Research (WIN).<\/p>\n<p>O resultado \u00e9 recorde pelo terceiro ano seguido &#8211; em 2010 o percentual foi de 71% e, em 2011, de 73%. A propor\u00e7\u00e3o de otimistas no Brasil, de acordo com o Bar\u00f4metro Global de Otimismo divulgado na \u00faltima quarta-feira (18), praticamente dobrou em 32 anos, j\u00e1 que em 1980 essa parcela era de apenas 38%.<\/p>\n<p>Para o deputado federal Vander Loubet (PT-MS), os n\u00fameros mostram o alto grau de confian\u00e7a da popula\u00e7\u00e3o no governo federal. &#8220;Desde a chegada de Lula \u00e0 Presid\u00eancia, em 2003, o Brasil est\u00e1 experimentando um per\u00edodo de grande desenvolvimento econ\u00f4mico, de prosperidade, e que melhorou a qualidade de vida de toda a popula\u00e7\u00e3o, independente da classe social. Obviamente, isso se traduz em otimismo, pois esse trabalho est\u00e1 tendo continuidade com Dilma&#8221;, destacou o parlamentar sul-mato-grossense.<\/p>\n<p><strong>Prosperidade<\/strong><\/p>\n<p>A pesquisa identifica otimismo tamb\u00e9m em rela\u00e7\u00e3o \u00e0 situa\u00e7\u00e3o econ\u00f4mica dos brasileiros. Para 60% dos consultados, 2012 ser\u00e1 um ano de prosperidade. Esse \u00edndice \u00e9 praticamente o dobro da m\u00e9dia da popula\u00e7\u00e3o que se considera otimista em 58 pa\u00edses pesquisados, onde apenas 32% acreditam que o ano ser\u00e1 de prosperidade.<\/p>\n<p>A \u00c1frica \u00e9 o continente que come\u00e7ou o ano mais confiante em rela\u00e7\u00e3o \u00e0 economia (68%), seguido da Am\u00e9rica Latina (54%). A regi\u00e3o menos otimista \u00e9 o oeste europeu, cen\u00e1rio da maior crise econ\u00f4mica da atualidade, onde s\u00f3 7% est\u00e3o confiantes de que o ano ser\u00e1 de prosperidade. No leste europeu esse \u00edndice foi de 14%.<\/p>\n<p><strong>Satisfa\u00e7\u00e3o<\/strong><\/p>\n<p>A sondagem do Ibope e da WIN mostra que 76% dos brasileiros declararam estar satisfeitos com suas vidas hoje, patamar acima da m\u00e9dia global, que \u00e9 de 53%. O Sul \u00e9 onde est\u00e1 a maior parcela de pessoas satisfeitas com sua vida (81%), seguido pelo Sudeste (76%) e pelo Nordeste, Norte e Centro-Oeste (ambas com 75%).<\/p>\n<p>No ranking dos 58 pa\u00edses pesquisados, o Brasil aparece na sexta posi\u00e7\u00e3o do \u00edndice de felicidade, atr\u00e1s de Fiji, Nig\u00e9ria, Gana, Holanda e Su\u00ed\u00e7a. Os habitantes da Rom\u00eania e do Egito s\u00e3o os mais infelizes, com \u00edndices de 39% e 36%, respectivamente.<\/p>\n<p>O Bar\u00f4metro Global de Otimismo busca medir a expectativa da popula\u00e7\u00e3o mundial para o ano que se inicia. Foram entrevistadas 52.913 pessoas em 58 pa\u00edses. No Brasil, foram 2.002 cidad\u00e3os com mais de 16 anos em 142 munic\u00edpios, entre os dias 8 e 12 de dezembro de 2011.<\/p>\n<p><span style=\"font-size: 11px;\">(\u00c9der Yanaguita\/Assessoria Deputado Vander, com informa\u00e7\u00f5es do Ibope)<\/span><\/p>\n","protected":false},"excerpt":{"rendered":"<p>Para Vander, n\u00fameros mostram o alto grau de confian\u00e7a no governo federal desde a chegada de Lula e do PT \u00e0 Presid\u00eancia, em 2003.<\/p>\n","protected":false},"author":2,"featured_media":0,"comment_status":"closed","ping_status":"open","sticky":false,"template":"","format":"standard","meta":{"jetpack_post_was_ever_published":false,"_jetpack_newsletter_access":"","_jetpack_dont_email_post_to_subs":false,"_jetpack_newsletter_tier_id":0,"_jetpack_memberships_contains_paywalled_content":false,"_jetpack_memberships_contains_paid_content":false,"footnotes":""},"categories":[10],"tags":[243,299,608,807,923,981,1014,1381,1440,1643,1802,2033,2081,2084],"class_list":{"0":"post-4275","1":"post","2":"type-post","3":"status-publish","4":"format-standard","6":"category-noticias","7":"tag-barometro","8":"tag-brasil","9":"tag-deputado","10":"tag-federal","11":"tag-global","12":"tag-ibope","13":"tag-independent","14":"tag-network","15":"tag-otimismo","16":"tag-prosperidade","17":"tag-satisfacao","18":"tag-vander","19":"tag-win","20":"tag-wordwilde"},"yoast_head":"<!-- This site is optimized with the Yoast SEO plugin v27.4 - https:\/\/yoast.com\/product\/yoast-seo-wordpress\/ -->\n<title>Ibope: otimismo dos brasileiros bate recorde pelo terceiro ano seguido<\/title>\n<meta name=\"robots\" content=\"index, follow, max-snippet:-1, max-image-preview:large, max-video-preview:-1\" \/>\n<link rel=\"canonical\" href=\"https:\/\/vanderloubet.com.br\/deputado\/ibopewin-otimismo-dos-brasileiros-bate-recorde-pelo-terceiro-ano-seguido\/\" \/>\n<meta property=\"og:locale\" content=\"pt_BR\" \/>\n<meta property=\"og:type\" content=\"article\" \/>\n<meta property=\"og:title\" content=\"Ibope: otimismo dos brasileiros bate recorde pelo terceiro ano seguido\" \/>\n<meta property=\"og:description\" content=\"Para Vander, n\u00fameros mostram o alto grau de confian\u00e7a no governo federal desde a chegada de Lula e do PT \u00e0 Presid\u00eancia, em 2003.\" \/>\n<meta property=\"og:url\" content=\"https:\/\/vanderloubet.com.br\/deputado\/ibopewin-otimismo-dos-brasileiros-bate-recorde-pelo-terceiro-ano-seguido\/\" \/>\n<meta property=\"og:site_name\" content=\"Deputado Federal Vander Loubet\" \/>\n<meta property=\"article:publisher\" content=\"https:\/\/facebook.com\/deputadovander\" \/>\n<meta property=\"article:published_time\" content=\"2012-01-20T21:28:06+00:00\" \/>\n<meta property=\"og:image\" content=\"http:\/\/www.deputadovander.com.br\/website\/wp-content\/uploads\/2012\/01\/foto-2012-01-20-otimismo-brasil-ibope-win-400x266.jpg\" \/>\n<meta name=\"author\" content=\"\u00c9der\" \/>\n<meta name=\"twitter:card\" content=\"summary_large_image\" \/>\n<meta name=\"twitter:creator\" content=\"@vanderloubet\" \/>\n<meta name=\"twitter:site\" content=\"@vanderloubet\" \/>\n<script type=\"application\/ld+json\" class=\"yoast-schema-graph\">{\"@context\":\"https:\\\/\\\/schema.org\",\"@graph\":[{\"@type\":\"Article\",\"@id\":\"https:\\\/\\\/vanderloubet.com.br\\\/deputado\\\/ibopewin-otimismo-dos-brasileiros-bate-recorde-pelo-terceiro-ano-seguido\\\/#article\",\"isPartOf\":{\"@id\":\"https:\\\/\\\/vanderloubet.com.br\\\/deputado\\\/ibopewin-otimismo-dos-brasileiros-bate-recorde-pelo-terceiro-ano-seguido\\\/\"},\"author\":{\"name\":\"\u00c9der\",\"@id\":\"https:\\\/\\\/vanderloubet.com.br\\\/deputado\\\/#\\\/schema\\\/person\\\/15b51bd564532a8a68d9dec1b8eb890e\"},\"headline\":\"Ibope: otimismo dos brasileiros bate recorde pelo terceiro ano seguido\",\"datePublished\":\"2012-01-20T21:28:06+00:00\",\"mainEntityOfPage\":{\"@id\":\"https:\\\/\\\/vanderloubet.com.br\\\/deputado\\\/ibopewin-otimismo-dos-brasileiros-bate-recorde-pelo-terceiro-ano-seguido\\\/\"},\"wordCount\":450,\"publisher\":{\"@id\":\"https:\\\/\\\/vanderloubet.com.br\\\/deputado\\\/#organization\"},\"image\":{\"@id\":\"https:\\\/\\\/vanderloubet.com.br\\\/deputado\\\/ibopewin-otimismo-dos-brasileiros-bate-recorde-pelo-terceiro-ano-seguido\\\/#primaryimage\"},\"thumbnailUrl\":\"http:\\\/\\\/www.deputadovander.com.br\\\/website\\\/wp-content\\\/uploads\\\/2012\\\/01\\\/foto-2012-01-20-otimismo-brasil-ibope-win-400x266.jpg\",\"keywords\":[\"bar\u00f4metro\",\"brasil\",\"deputado\",\"federal\",\"global\",\"ibope\",\"independent\",\"network\",\"otimismo\",\"prosperidade\",\"satisfa\u00e7\u00e3o\",\"vander\",\"win\",\"wordwilde\"],\"articleSection\":[\"Not\u00edcias\"],\"inLanguage\":\"pt-BR\"},{\"@type\":\"WebPage\",\"@id\":\"https:\\\/\\\/vanderloubet.com.br\\\/deputado\\\/ibopewin-otimismo-dos-brasileiros-bate-recorde-pelo-terceiro-ano-seguido\\\/\",\"url\":\"https:\\\/\\\/vanderloubet.com.br\\\/deputado\\\/ibopewin-otimismo-dos-brasileiros-bate-recorde-pelo-terceiro-ano-seguido\\\/\",\"name\":\"Ibope: otimismo dos brasileiros bate recorde pelo terceiro ano seguido\",\"isPartOf\":{\"@id\":\"https:\\\/\\\/vanderloubet.com.br\\\/deputado\\\/#website\"},\"primaryImageOfPage\":{\"@id\":\"https:\\\/\\\/vanderloubet.com.br\\\/deputado\\\/ibopewin-otimismo-dos-brasileiros-bate-recorde-pelo-terceiro-ano-seguido\\\/#primaryimage\"},\"image\":{\"@id\":\"https:\\\/\\\/vanderloubet.com.br\\\/deputado\\\/ibopewin-otimismo-dos-brasileiros-bate-recorde-pelo-terceiro-ano-seguido\\\/#primaryimage\"},\"thumbnailUrl\":\"http:\\\/\\\/www.deputadovander.com.br\\\/website\\\/wp-content\\\/uploads\\\/2012\\\/01\\\/foto-2012-01-20-otimismo-brasil-ibope-win-400x266.jpg\",\"datePublished\":\"2012-01-20T21:28:06+00:00\",\"breadcrumb\":{\"@id\":\"https:\\\/\\\/vanderloubet.com.br\\\/deputado\\\/ibopewin-otimismo-dos-brasileiros-bate-recorde-pelo-terceiro-ano-seguido\\\/#breadcrumb\"},\"inLanguage\":\"pt-BR\",\"potentialAction\":[{\"@type\":\"ReadAction\",\"target\":[\"https:\\\/\\\/vanderloubet.com.br\\\/deputado\\\/ibopewin-otimismo-dos-brasileiros-bate-recorde-pelo-terceiro-ano-seguido\\\/\"]}]},{\"@type\":\"ImageObject\",\"inLanguage\":\"pt-BR\",\"@id\":\"https:\\\/\\\/vanderloubet.com.br\\\/deputado\\\/ibopewin-otimismo-dos-brasileiros-bate-recorde-pelo-terceiro-ano-seguido\\\/#primaryimage\",\"url\":\"http:\\\/\\\/www.deputadovander.com.br\\\/website\\\/wp-content\\\/uploads\\\/2012\\\/01\\\/foto-2012-01-20-otimismo-brasil-ibope-win-400x266.jpg\",\"contentUrl\":\"http:\\\/\\\/www.deputadovander.com.br\\\/website\\\/wp-content\\\/uploads\\\/2012\\\/01\\\/foto-2012-01-20-otimismo-brasil-ibope-win-400x266.jpg\"},{\"@type\":\"BreadcrumbList\",\"@id\":\"https:\\\/\\\/vanderloubet.com.br\\\/deputado\\\/ibopewin-otimismo-dos-brasileiros-bate-recorde-pelo-terceiro-ano-seguido\\\/#breadcrumb\",\"itemListElement\":[{\"@type\":\"ListItem\",\"position\":1,\"name\":\"In\u00edcio\",\"item\":\"https:\\\/\\\/vanderloubet.com.br\\\/deputado\\\/\"},{\"@type\":\"ListItem\",\"position\":2,\"name\":\"Ibope: otimismo dos brasileiros bate recorde pelo terceiro ano seguido\"}]},{\"@type\":\"WebSite\",\"@id\":\"https:\\\/\\\/vanderloubet.com.br\\\/deputado\\\/#website\",\"url\":\"https:\\\/\\\/vanderloubet.com.br\\\/deputado\\\/\",\"name\":\"Deputado Federal Vander Loubet\",\"description\":\"O Federal de MS\",\"publisher\":{\"@id\":\"https:\\\/\\\/vanderloubet.com.br\\\/deputado\\\/#organization\"},\"alternateName\":\"Deputado Vander\",\"potentialAction\":[{\"@type\":\"SearchAction\",\"target\":{\"@type\":\"EntryPoint\",\"urlTemplate\":\"https:\\\/\\\/vanderloubet.com.br\\\/deputado\\\/?s={search_term_string}\"},\"query-input\":{\"@type\":\"PropertyValueSpecification\",\"valueRequired\":true,\"valueName\":\"search_term_string\"}}],\"inLanguage\":\"pt-BR\"},{\"@type\":\"Organization\",\"@id\":\"https:\\\/\\\/vanderloubet.com.br\\\/deputado\\\/#organization\",\"name\":\"Deputado Federal Vander Loubet\",\"alternateName\":\"Deputado Vander\",\"url\":\"https:\\\/\\\/vanderloubet.com.br\\\/deputado\\\/\",\"logo\":{\"@type\":\"ImageObject\",\"inLanguage\":\"pt-BR\",\"@id\":\"https:\\\/\\\/vanderloubet.com.br\\\/deputado\\\/#\\\/schema\\\/logo\\\/image\\\/\",\"url\":\"https:\\\/\\\/vanderloubet.com.br\\\/deputado\\\/wp-content\\\/uploads\\\/2023\\\/06\\\/foto-2023-06-19-mandato-deputado-vander.jpg\",\"contentUrl\":\"https:\\\/\\\/vanderloubet.com.br\\\/deputado\\\/wp-content\\\/uploads\\\/2023\\\/06\\\/foto-2023-06-19-mandato-deputado-vander.jpg\",\"width\":1080,\"height\":1080,\"caption\":\"Deputado Federal Vander Loubet\"},\"image\":{\"@id\":\"https:\\\/\\\/vanderloubet.com.br\\\/deputado\\\/#\\\/schema\\\/logo\\\/image\\\/\"},\"sameAs\":[\"https:\\\/\\\/facebook.com\\\/deputadovander\",\"https:\\\/\\\/x.com\\\/vanderloubet\",\"https:\\\/\\\/instagram.com\\\/vanderloubet\",\"https:\\\/\\\/youtube.com\\\/vanderloubet\",\"https:\\\/\\\/tiktok.com\\\/@vanderloubetms\"]},{\"@type\":\"Person\",\"@id\":\"https:\\\/\\\/vanderloubet.com.br\\\/deputado\\\/#\\\/schema\\\/person\\\/15b51bd564532a8a68d9dec1b8eb890e\",\"name\":\"\u00c9der\",\"image\":{\"@type\":\"ImageObject\",\"inLanguage\":\"pt-BR\",\"@id\":\"https:\\\/\\\/vanderloubet.com.br\\\/deputado\\\/wp-content\\\/litespeed\\\/avatar\\\/88ca4090d9d5ab1c9495f6ca03b68efa.jpg?ver=1777058957\",\"url\":\"https:\\\/\\\/vanderloubet.com.br\\\/deputado\\\/wp-content\\\/litespeed\\\/avatar\\\/88ca4090d9d5ab1c9495f6ca03b68efa.jpg?ver=1777058957\",\"contentUrl\":\"https:\\\/\\\/vanderloubet.com.br\\\/deputado\\\/wp-content\\\/litespeed\\\/avatar\\\/88ca4090d9d5ab1c9495f6ca03b68efa.jpg?ver=1777058957\",\"caption\":\"\u00c9der\"}}]}<\/script>\n<!-- \/ Yoast SEO plugin. -->","yoast_head_json":{"title":"Ibope: otimismo dos brasileiros bate recorde pelo terceiro ano seguido","robots":{"index":"index","follow":"follow","max-snippet":"max-snippet:-1","max-image-preview":"max-image-preview:large","max-video-preview":"max-video-preview:-1"},"canonical":"https:\/\/vanderloubet.com.br\/deputado\/ibopewin-otimismo-dos-brasileiros-bate-recorde-pelo-terceiro-ano-seguido\/","og_locale":"pt_BR","og_type":"article","og_title":"Ibope: otimismo dos brasileiros bate recorde pelo terceiro ano seguido","og_description":"Para Vander, n\u00fameros mostram o alto grau de confian\u00e7a no governo federal desde a chegada de Lula e do PT \u00e0 Presid\u00eancia, em 2003.","og_url":"https:\/\/vanderloubet.com.br\/deputado\/ibopewin-otimismo-dos-brasileiros-bate-recorde-pelo-terceiro-ano-seguido\/","og_site_name":"Deputado Federal Vander Loubet","article_publisher":"https:\/\/facebook.com\/deputadovander","article_published_time":"2012-01-20T21:28:06+00:00","og_image":[{"url":"http:\/\/www.deputadovander.com.br\/website\/wp-content\/uploads\/2012\/01\/foto-2012-01-20-otimismo-brasil-ibope-win-400x266.jpg","type":"","width":"","height":""}],"author":"\u00c9der","twitter_card":"summary_large_image","twitter_creator":"@vanderloubet","twitter_site":"@vanderloubet","schema":{"@context":"https:\/\/schema.org","@graph":[{"@type":"Article","@id":"https:\/\/vanderloubet.com.br\/deputado\/ibopewin-otimismo-dos-brasileiros-bate-recorde-pelo-terceiro-ano-seguido\/#article","isPartOf":{"@id":"https:\/\/vanderloubet.com.br\/deputado\/ibopewin-otimismo-dos-brasileiros-bate-recorde-pelo-terceiro-ano-seguido\/"},"author":{"name":"\u00c9der","@id":"https:\/\/vanderloubet.com.br\/deputado\/#\/schema\/person\/15b51bd564532a8a68d9dec1b8eb890e"},"headline":"Ibope: otimismo dos brasileiros bate recorde pelo terceiro ano seguido","datePublished":"2012-01-20T21:28:06+00:00","mainEntityOfPage":{"@id":"https:\/\/vanderloubet.com.br\/deputado\/ibopewin-otimismo-dos-brasileiros-bate-recorde-pelo-terceiro-ano-seguido\/"},"wordCount":450,"publisher":{"@id":"https:\/\/vanderloubet.com.br\/deputado\/#organization"},"image":{"@id":"https:\/\/vanderloubet.com.br\/deputado\/ibopewin-otimismo-dos-brasileiros-bate-recorde-pelo-terceiro-ano-seguido\/#primaryimage"},"thumbnailUrl":"http:\/\/www.deputadovander.com.br\/website\/wp-content\/uploads\/2012\/01\/foto-2012-01-20-otimismo-brasil-ibope-win-400x266.jpg","keywords":["bar\u00f4metro","brasil","deputado","federal","global","ibope","independent","network","otimismo","prosperidade","satisfa\u00e7\u00e3o","vander","win","wordwilde"],"articleSection":["Not\u00edcias"],"inLanguage":"pt-BR"},{"@type":"WebPage","@id":"https:\/\/vanderloubet.com.br\/deputado\/ibopewin-otimismo-dos-brasileiros-bate-recorde-pelo-terceiro-ano-seguido\/","url":"https:\/\/vanderloubet.com.br\/deputado\/ibopewin-otimismo-dos-brasileiros-bate-recorde-pelo-terceiro-ano-seguido\/","name":"Ibope: otimismo dos brasileiros bate recorde pelo terceiro ano seguido","isPartOf":{"@id":"https:\/\/vanderloubet.com.br\/deputado\/#website"},"primaryImageOfPage":{"@id":"https:\/\/vanderloubet.com.br\/deputado\/ibopewin-otimismo-dos-brasileiros-bate-recorde-pelo-terceiro-ano-seguido\/#primaryimage"},"image":{"@id":"https:\/\/vanderloubet.com.br\/deputado\/ibopewin-otimismo-dos-brasileiros-bate-recorde-pelo-terceiro-ano-seguido\/#primaryimage"},"thumbnailUrl":"http:\/\/www.deputadovander.com.br\/website\/wp-content\/uploads\/2012\/01\/foto-2012-01-20-otimismo-brasil-ibope-win-400x266.jpg","datePublished":"2012-01-20T21:28:06+00:00","breadcrumb":{"@id":"https:\/\/vanderloubet.com.br\/deputado\/ibopewin-otimismo-dos-brasileiros-bate-recorde-pelo-terceiro-ano-seguido\/#breadcrumb"},"inLanguage":"pt-BR","potentialAction":[{"@type":"ReadAction","target":["https:\/\/vanderloubet.com.br\/deputado\/ibopewin-otimismo-dos-brasileiros-bate-recorde-pelo-terceiro-ano-seguido\/"]}]},{"@type":"ImageObject","inLanguage":"pt-BR","@id":"https:\/\/vanderloubet.com.br\/deputado\/ibopewin-otimismo-dos-brasileiros-bate-recorde-pelo-terceiro-ano-seguido\/#primaryimage","url":"http:\/\/www.deputadovander.com.br\/website\/wp-content\/uploads\/2012\/01\/foto-2012-01-20-otimismo-brasil-ibope-win-400x266.jpg","contentUrl":"http:\/\/www.deputadovander.com.br\/website\/wp-content\/uploads\/2012\/01\/foto-2012-01-20-otimismo-brasil-ibope-win-400x266.jpg"},{"@type":"BreadcrumbList","@id":"https:\/\/vanderloubet.com.br\/deputado\/ibopewin-otimismo-dos-brasileiros-bate-recorde-pelo-terceiro-ano-seguido\/#breadcrumb","itemListElement":[{"@type":"ListItem","position":1,"name":"In\u00edcio","item":"https:\/\/vanderloubet.com.br\/deputado\/"},{"@type":"ListItem","position":2,"name":"Ibope: otimismo dos brasileiros bate recorde pelo terceiro ano seguido"}]},{"@type":"WebSite","@id":"https:\/\/vanderloubet.com.br\/deputado\/#website","url":"https:\/\/vanderloubet.com.br\/deputado\/","name":"Deputado Federal Vander Loubet","description":"O Federal de MS","publisher":{"@id":"https:\/\/vanderloubet.com.br\/deputado\/#organization"},"alternateName":"Deputado Vander","potentialAction":[{"@type":"SearchAction","target":{"@type":"EntryPoint","urlTemplate":"https:\/\/vanderloubet.com.br\/deputado\/?s={search_term_string}"},"query-input":{"@type":"PropertyValueSpecification","valueRequired":true,"valueName":"search_term_string"}}],"inLanguage":"pt-BR"},{"@type":"Organization","@id":"https:\/\/vanderloubet.com.br\/deputado\/#organization","name":"Deputado Federal Vander Loubet","alternateName":"Deputado Vander","url":"https:\/\/vanderloubet.com.br\/deputado\/","logo":{"@type":"ImageObject","inLanguage":"pt-BR","@id":"https:\/\/vanderloubet.com.br\/deputado\/#\/schema\/logo\/image\/","url":"https:\/\/vanderloubet.com.br\/deputado\/wp-content\/uploads\/2023\/06\/foto-2023-06-19-mandato-deputado-vander.jpg","contentUrl":"https:\/\/vanderloubet.com.br\/deputado\/wp-content\/uploads\/2023\/06\/foto-2023-06-19-mandato-deputado-vander.jpg","width":1080,"height":1080,"caption":"Deputado Federal Vander Loubet"},"image":{"@id":"https:\/\/vanderloubet.com.br\/deputado\/#\/schema\/logo\/image\/"},"sameAs":["https:\/\/facebook.com\/deputadovander","https:\/\/x.com\/vanderloubet","https:\/\/instagram.com\/vanderloubet","https:\/\/youtube.com\/vanderloubet","https:\/\/tiktok.com\/@vanderloubetms"]},{"@type":"Person","@id":"https:\/\/vanderloubet.com.br\/deputado\/#\/schema\/person\/15b51bd564532a8a68d9dec1b8eb890e","name":"\u00c9der","image":{"@type":"ImageObject","inLanguage":"pt-BR","@id":"https:\/\/vanderloubet.com.br\/deputado\/wp-content\/litespeed\/avatar\/88ca4090d9d5ab1c9495f6ca03b68efa.jpg?ver=1777058957","url":"https:\/\/vanderloubet.com.br\/deputado\/wp-content\/litespeed\/avatar\/88ca4090d9d5ab1c9495f6ca03b68efa.jpg?ver=1777058957","contentUrl":"https:\/\/vanderloubet.com.br\/deputado\/wp-content\/litespeed\/avatar\/88ca4090d9d5ab1c9495f6ca03b68efa.jpg?ver=1777058957","caption":"\u00c9der"}}]}},"jetpack_featured_media_url":"","jetpack_sharing_enabled":true,"_links":{"self":[{"href":"https:\/\/vanderloubet.com.br\/deputado\/wp-json\/wp\/v2\/posts\/4275","targetHints":{"allow":["GET"]}}],"collection":[{"href":"https:\/\/vanderloubet.com.br\/deputado\/wp-json\/wp\/v2\/posts"}],"about":[{"href":"https:\/\/vanderloubet.com.br\/deputado\/wp-json\/wp\/v2\/types\/post"}],"author":[{"embeddable":true,"href":"https:\/\/vanderloubet.com.br\/deputado\/wp-json\/wp\/v2\/users\/2"}],"replies":[{"embeddable":true,"href":"https:\/\/vanderloubet.com.br\/deputado\/wp-json\/wp\/v2\/comments?post=4275"}],"version-history":[{"count":0,"href":"https:\/\/vanderloubet.com.br\/deputado\/wp-json\/wp\/v2\/posts\/4275\/revisions"}],"wp:attachment":[{"href":"https:\/\/vanderloubet.com.br\/deputado\/wp-json\/wp\/v2\/media?parent=4275"}],"wp:term":[{"taxonomy":"category","embeddable":true,"href":"https:\/\/vanderloubet.com.br\/deputado\/wp-json\/wp\/v2\/categories?post=4275"},{"taxonomy":"post_tag","embeddable":true,"href":"https:\/\/vanderloubet.com.br\/deputado\/wp-json\/wp\/v2\/tags?post=4275"}],"curies":[{"name":"wp","href":"https:\/\/api.w.org\/{rel}","templated":true}]}}