{"id":4265,"date":"2012-01-19T14:36:21","date_gmt":"2012-01-19T18:36:21","guid":{"rendered":"http:\/\/www.deputadovander.com.br\/website\/?p=4265"},"modified":"2012-01-19T14:36:21","modified_gmt":"2012-01-19T18:36:21","slug":"ensino-superior-deu-salto-enorme-com-pt-na-presidencia-afirma-vander","status":"publish","type":"post","link":"https:\/\/vanderloubet.com.br\/deputado\/ensino-superior-deu-salto-enorme-com-pt-na-presidencia-afirma-vander\/","title":{"rendered":"Ensino Superior deu salto enorme com PT na Presid\u00eancia, afirma Vander"},"content":{"rendered":"<figure id=\"attachment_4266\" aria-describedby=\"caption-attachment-4266\" style=\"width: 400px\" class=\"wp-caption aligncenter\"><a href=\"http:\/\/www.deputadovander.com.br\/website\/wp-content\/uploads\/2012\/01\/foto-2012-01-19-lula-formandos-medicina-prouni.jpg\" target=\"_blank\"><img decoding=\"async\" class=\"size-medium wp-image-4266  \" title=\"foto-2012-01-19-lula-formandos-medicina-prouni\" src=\"http:\/\/www.deputadovander.com.br\/website\/wp-content\/uploads\/2012\/01\/foto-2012-01-19-lula-formandos-medicina-prouni-400x266.jpg\" alt=\"Lula com primeiros formandos em Medicina do ProUni (foto: Ricardo Stuckert\/PR)\" width=\"400\" height=\"266\" \/><\/a><figcaption id=\"caption-attachment-4266\" class=\"wp-caption-text\">Lula com primeiros formandos em Medicina do ProUni (foto: Ricardo Stuckert\/PR)<\/figcaption><\/figure>\n<p>O deputado federal Vander Loubet (PT-MS) comentou as recentes declara\u00e7\u00f5es da presidenta Dilma Rousseff sobre o Sistema de Sele\u00e7\u00e3o Unificada (Sisu) e o Programa Universidade para Todos (Prouni), que ir\u00e3o ofertar 300 mil vagas no ensino superior no primeiro semestre de 2012. Ao falar no programa semanal de r\u00e1dio &#8220;Caf\u00e9 com a Presidenta&#8221;, Dilma destacou que esses alunos entrar\u00e3o em institui\u00e7\u00f5es de ensino superior a partir do Exame Nacional do Ensino M\u00e9dio (Enem) e lembrou que, neste m\u00eas, o governo federal atingir\u00e1 a marca de 1 milh\u00e3o de vagas no ProUni, cujas inscri\u00e7\u00f5es encerram hoje (19).<\/p>\n<p>&#8220;O nosso ex-presidente Lula sempre foi criticado por muita gente por n\u00e3o ter conclu\u00eddo do estudos formais e por n\u00e3o ter o diploma de uma faculdade. Mas foi com ele, com o PT na Presid\u00eancia, que o Brasil deu um salto enorme na democratiza\u00e7\u00e3o do ensino superior. E agora esse processo seguir\u00e1 firme&#8221;, afirmou Vander.<\/p>\n<p>&#8220;O Enem democratizou o acesso ao Ensino Superior. Al\u00e9m de poder escolher entre as 95 institui\u00e7\u00f5es p\u00fablicas do Sisu, com a nota do Enem, o candidato tamb\u00e9m pode pleitear uma bolsa de estudos do Prouni para estudar em uma faculdade particular. As bolsas &#8211; integrais ou parciais &#8211; s\u00e3o para estudantes que fizeram o Ensino M\u00e9dio em escolas p\u00fablicas, e valem para 1.321 institui\u00e7\u00f5es em todo o Pa\u00eds&#8221;, declarou Dilma no r\u00e1dio.<\/p>\n<p>Para quem n\u00e3o conseguiu uma vaga no Sisu ou no Prouni, h\u00e1 tamb\u00e9m outras formas de acesso ao Ensino Superior, como o Financiamento Estudantil (Fies), que oferece cr\u00e9dito para custeio de at\u00e9 100% da mensalidade, com juros de 3,4% ao ano. O estudante come\u00e7a a pagar o empr\u00e9stimo um ano e meio ap\u00f3s o t\u00e9rmino do curso, com prazo para pagamento de tr\u00eas vezes a dura\u00e7\u00e3o do curso, mais um ano. Os jovens que fizerem o curso de licenciatura ou medicina e que forem trabalhar dando aulas nas escolas p\u00fablicas ou atendendo pacientes do Sistema \u00danico de Sa\u00fade (SUS) em locais em que h\u00e1 car\u00eancia de m\u00e9dicos podem ter o d\u00e9bito com o Fies reduzido.<\/p>\n<p><strong>Expans\u00e3o<\/strong><\/p>\n<p>A fala de Vander sobre o avan\u00e7o do ensino superior federal \u00e9 atestada pelos n\u00fameros positivos do setor. A expans\u00e3o da Rede Federal de Educa\u00e7\u00e3o Superior teve in\u00edcio em 2003 com a interioriza\u00e7\u00e3o dos campi das universidades federais. Com isso, o n\u00famero de munic\u00edpios atendidos pelas universidades passou de 114 em 2003 para 237 em 2011. Foram criadas 14 novas universidades e mais de 100 novos campi que possibilitaram a amplia\u00e7\u00e3o de vagas e a cria\u00e7\u00e3o de novos cursos de gradua\u00e7\u00e3o.<\/p>\n<p>Na Universidade Federal de Mato Grosso do Sul (UFMS), o n\u00famero de vagas cresceu 41% entre 2003 (ano em que Lula assumiu como presidente) e 2010, saindo de 12 mil para 17 mil. A quantidade de campi saltou de 5 para 11 no per\u00edodo (+120%), interiorizando o acesso \u00e0 Universidade. Cresceu tamb\u00e9m a quantidade de professores: de 800 (2003) para 1.000 (2010), incremento de 25%. Al\u00e9m disso, houve a cria\u00e7\u00e3o da Universidade Federal da Grande Dourados (UFGD), em 2006, a partir do campus da UFMS no munic\u00edpio.<\/p>\n<p>&#8220;S\u00e3o n\u00fameros consistentes, que demonstram a preocupa\u00e7\u00e3o do PT com a educa\u00e7\u00e3o superior. Durantes muitos anos, a gradua\u00e7\u00e3o era apenas um sonho para milh\u00f5es de jovens no Brasil. Hoje, o acesso a uma universidade \u00e9 um sonho que todos e todas podem sonhar e realizar, inclusive aqui em Mato Grosso do Sul, onde essa a\u00e7\u00e3o do governo federal foi marcante&#8221;, destaca o deputado federal, que contribuiu muito para o crescimento da UFMS por meio de tr\u00eas emendas parlamentares que somaram R$ 4 milh\u00f5es para constru\u00e7\u00e3o da nova Biblioteca Central em Campo Grande e dos campi de Nova Andradina e Chapad\u00e3o do Sul.<\/p>\n<figure id=\"attachment_4268\" aria-describedby=\"caption-attachment-4268\" style=\"width: 400px\" class=\"wp-caption aligncenter\"><a href=\"http:\/\/www.deputadovander.com.br\/website\/wp-content\/uploads\/2012\/01\/foto-2012-01-19-nova-biblioteca-central-ufms.jpg\" target=\"_blank\"><img decoding=\"async\" class=\"size-medium wp-image-4268 \" title=\"foto-2012-01-19-nova-biblioteca-central-ufms\" src=\"http:\/\/www.deputadovander.com.br\/website\/wp-content\/uploads\/2012\/01\/foto-2012-01-19-nova-biblioteca-central-ufms-400x266.jpg\" alt=\"Nova Biblioteca Central na Capital \u00e9 uma das a\u00e7\u00f5es de Vander pela UFMS\" width=\"400\" height=\"266\" \/><\/a><figcaption id=\"caption-attachment-4268\" class=\"wp-caption-text\">Nova Biblioteca Central na Capital \u00e9 uma das a\u00e7\u00f5es de Vander pela UFMS<\/figcaption><\/figure>\n<p><strong>Melhores sal\u00e1rios<\/strong><\/p>\n<p>O parlamentar sul-mato-grossense tamb\u00e9m fez quest\u00e3o de lembrar que n\u00e3o foi s\u00f3 a quantidade que melhorou no ensino superior federal. &#8220;Melhoraram tamb\u00e9m os sal\u00e1rios dos professores e dos servidores administrativos das universidades federais&#8221;.<\/p>\n<p>Durante o governo do presidente Fernando Henrique Cardoso, os professores universit\u00e1rios tiveram seus sal\u00e1rios e est\u00edmulos profissionais deixados de lado. Foram oito anos de vencimentos congelados. J\u00e1 com a chegada do PT ao governo, os docentes das Institui\u00e7oes Federais de Ensino Superior (Ifes) conquistaram melhorias salariais justas. &#8220;O presidente Lula sempre se mostrou sens\u00edvel \u00e0s reinvindica\u00e7\u00f5es dos professores do ensino superior. Como parlamentar, vejo o reajuste salarial como item fundamental para a valoriza\u00e7\u00e3o profissional do magist\u00e9rio superior&#8221;, destaca Vander.<\/p>\n<p>Um professor (categoria adjunto, n\u00edvel 4) com Doutorado que at\u00e9 2008 recebia R$ 5.982 passou a ganhar R$ 7.913 em 2010 (reajuste de 32,2%). No caso de professor doutor da categoria titular, esse incremento chegou a 58,8%, saltando de R$ 7.393 para R$ 11.746.<\/p>\n<p>No caso dos demais servidores das Ifes, em 2005, no governo Lula, houve a aprova\u00e7\u00e3o da Lei 11.091, que finalmente regulamentou o Plano de Carreira dos Cargos T\u00e9cnico-Administrativos em Educa\u00e7\u00e3o das Institui\u00e7\u00f5es Federais de Ensino. A aprova\u00e7\u00e3o da lei, que contou com grande empenho do deputado federal Vander Loubet, foi uma grande conquista para a categoria.<\/p>\n<p>&#8220;A lei ajudou muito, nos deu uma nova vis\u00e3o da carreira. Tamb\u00e9m n\u00e3o d\u00e1 para deixar de citar outras quest\u00f5es importantes da categoria, como a recupera\u00e7\u00e3o salarial referente \u00e0 1995. Dependendo do t\u00e9cnico, houve recupera\u00e7\u00e3o de 105%. Isso \u00e9 um avan\u00e7o tremendo para a gente&#8221;, afirmou Lucivaldo dos Santos, servidor da UFMS e coordenador geral do Sindicato dos Trabalhadores das Institui\u00e7\u00f5es Federais de Ensino de Mato Grosso do Sul (Sista\/MS), que cita tamb\u00e9m o aumento do aux\u00edlio-alimenta\u00e7\u00e3o em 140% no come\u00e7o de 2010.<\/p>\n<p><span style=\"font-size: 11px;\">(\u00c9der Yanaguita\/Assessoria Deputado Vander)<\/span><\/p>\n","protected":false},"excerpt":{"rendered":"<p>Deputado comentou recentes declara\u00e7\u00f5es de Dilma sobre Sisu e Prouni, que ofertam 300 mil vagas neste semestre de 2012.<\/p>\n","protected":false},"author":2,"featured_media":0,"comment_status":"closed","ping_status":"open","sticky":false,"template":"","format":"standard","meta":{"jetpack_post_was_ever_published":false,"_jetpack_newsletter_access":"","_jetpack_dont_email_post_to_subs":false,"_jetpack_newsletter_tier_id":0,"_jetpack_memberships_contains_paywalled_content":false,"_jetpack_memberships_contains_paid_content":false,"footnotes":""},"categories":[10],"tags":[608,631,697,724,775,807,839,1178,1189,1252,1336,1613,1647,1655,1727,1757,1874,1905,2001,2002,2033],"class_list":{"0":"post-4265","1":"post","2":"type-post","3":"status-publish","4":"format-standard","6":"category-noticias","7":"tag-deputado","8":"tag-dilma","9":"tag-educacao","10":"tag-ensino","11":"tag-expansao","12":"tag-federal","13":"tag-fies","14":"tag-loubet","15":"tag-lula","16":"tag-mec","17":"tag-ms","18":"tag-presidenta","19":"tag-prouni","20":"tag-pt","21":"tag-reuni","22":"tag-rousseff","23":"tag-sisu","24":"tag-superior","25":"tag-ufgd","26":"tag-ufms","27":"tag-vander"},"yoast_head":"<!-- This site is optimized with the Yoast SEO plugin v27.4 - https:\/\/yoast.com\/product\/yoast-seo-wordpress\/ -->\n<title>Ensino Superior deu salto enorme com PT na Presid\u00eancia, afirma Vander<\/title>\n<meta name=\"robots\" content=\"index, follow, max-snippet:-1, max-image-preview:large, max-video-preview:-1\" \/>\n<link rel=\"canonical\" href=\"https:\/\/vanderloubet.com.br\/deputado\/ensino-superior-deu-salto-enorme-com-pt-na-presidencia-afirma-vander\/\" \/>\n<meta property=\"og:locale\" content=\"pt_BR\" \/>\n<meta property=\"og:type\" content=\"article\" \/>\n<meta property=\"og:title\" content=\"Ensino Superior deu salto enorme com PT na Presid\u00eancia, afirma Vander\" \/>\n<meta property=\"og:description\" content=\"Deputado comentou recentes declara\u00e7\u00f5es de Dilma sobre Sisu e Prouni, que ofertam 300 mil vagas neste semestre de 2012.\" \/>\n<meta property=\"og:url\" content=\"https:\/\/vanderloubet.com.br\/deputado\/ensino-superior-deu-salto-enorme-com-pt-na-presidencia-afirma-vander\/\" \/>\n<meta property=\"og:site_name\" content=\"Deputado Federal Vander Loubet\" \/>\n<meta property=\"article:publisher\" content=\"https:\/\/facebook.com\/deputadovander\" \/>\n<meta property=\"article:published_time\" content=\"2012-01-19T18:36:21+00:00\" \/>\n<meta property=\"og:image\" content=\"http:\/\/www.deputadovander.com.br\/website\/wp-content\/uploads\/2012\/01\/foto-2012-01-19-lula-formandos-medicina-prouni-400x266.jpg\" \/>\n<meta name=\"author\" content=\"\u00c9der\" \/>\n<meta name=\"twitter:card\" content=\"summary_large_image\" \/>\n<meta name=\"twitter:creator\" content=\"@vanderloubet\" \/>\n<meta name=\"twitter:site\" content=\"@vanderloubet\" \/>\n<script type=\"application\/ld+json\" class=\"yoast-schema-graph\">{\"@context\":\"https:\\\/\\\/schema.org\",\"@graph\":[{\"@type\":\"Article\",\"@id\":\"https:\\\/\\\/vanderloubet.com.br\\\/deputado\\\/ensino-superior-deu-salto-enorme-com-pt-na-presidencia-afirma-vander\\\/#article\",\"isPartOf\":{\"@id\":\"https:\\\/\\\/vanderloubet.com.br\\\/deputado\\\/ensino-superior-deu-salto-enorme-com-pt-na-presidencia-afirma-vander\\\/\"},\"author\":{\"name\":\"\u00c9der\",\"@id\":\"https:\\\/\\\/vanderloubet.com.br\\\/deputado\\\/#\\\/schema\\\/person\\\/15b51bd564532a8a68d9dec1b8eb890e\"},\"headline\":\"Ensino Superior deu salto enorme com PT na Presid\u00eancia, afirma Vander\",\"datePublished\":\"2012-01-19T18:36:21+00:00\",\"mainEntityOfPage\":{\"@id\":\"https:\\\/\\\/vanderloubet.com.br\\\/deputado\\\/ensino-superior-deu-salto-enorme-com-pt-na-presidencia-afirma-vander\\\/\"},\"wordCount\":1016,\"publisher\":{\"@id\":\"https:\\\/\\\/vanderloubet.com.br\\\/deputado\\\/#organization\"},\"image\":{\"@id\":\"https:\\\/\\\/vanderloubet.com.br\\\/deputado\\\/ensino-superior-deu-salto-enorme-com-pt-na-presidencia-afirma-vander\\\/#primaryimage\"},\"thumbnailUrl\":\"http:\\\/\\\/www.deputadovander.com.br\\\/website\\\/wp-content\\\/uploads\\\/2012\\\/01\\\/foto-2012-01-19-lula-formandos-medicina-prouni-400x266.jpg\",\"keywords\":[\"deputado\",\"dilma\",\"educa\u00e7\u00e3o\",\"ensino\",\"expans\u00e3o\",\"federal\",\"fies\",\"loubet\",\"lula\",\"mec\",\"MS\",\"presidenta\",\"prouni\",\"PT\",\"reuni\",\"rousseff\",\"sisu\",\"superior\",\"ufgd\",\"ufms\",\"vander\"],\"articleSection\":[\"Not\u00edcias\"],\"inLanguage\":\"pt-BR\"},{\"@type\":\"WebPage\",\"@id\":\"https:\\\/\\\/vanderloubet.com.br\\\/deputado\\\/ensino-superior-deu-salto-enorme-com-pt-na-presidencia-afirma-vander\\\/\",\"url\":\"https:\\\/\\\/vanderloubet.com.br\\\/deputado\\\/ensino-superior-deu-salto-enorme-com-pt-na-presidencia-afirma-vander\\\/\",\"name\":\"Ensino Superior deu salto enorme com PT na Presid\u00eancia, afirma Vander\",\"isPartOf\":{\"@id\":\"https:\\\/\\\/vanderloubet.com.br\\\/deputado\\\/#website\"},\"primaryImageOfPage\":{\"@id\":\"https:\\\/\\\/vanderloubet.com.br\\\/deputado\\\/ensino-superior-deu-salto-enorme-com-pt-na-presidencia-afirma-vander\\\/#primaryimage\"},\"image\":{\"@id\":\"https:\\\/\\\/vanderloubet.com.br\\\/deputado\\\/ensino-superior-deu-salto-enorme-com-pt-na-presidencia-afirma-vander\\\/#primaryimage\"},\"thumbnailUrl\":\"http:\\\/\\\/www.deputadovander.com.br\\\/website\\\/wp-content\\\/uploads\\\/2012\\\/01\\\/foto-2012-01-19-lula-formandos-medicina-prouni-400x266.jpg\",\"datePublished\":\"2012-01-19T18:36:21+00:00\",\"breadcrumb\":{\"@id\":\"https:\\\/\\\/vanderloubet.com.br\\\/deputado\\\/ensino-superior-deu-salto-enorme-com-pt-na-presidencia-afirma-vander\\\/#breadcrumb\"},\"inLanguage\":\"pt-BR\",\"potentialAction\":[{\"@type\":\"ReadAction\",\"target\":[\"https:\\\/\\\/vanderloubet.com.br\\\/deputado\\\/ensino-superior-deu-salto-enorme-com-pt-na-presidencia-afirma-vander\\\/\"]}]},{\"@type\":\"ImageObject\",\"inLanguage\":\"pt-BR\",\"@id\":\"https:\\\/\\\/vanderloubet.com.br\\\/deputado\\\/ensino-superior-deu-salto-enorme-com-pt-na-presidencia-afirma-vander\\\/#primaryimage\",\"url\":\"http:\\\/\\\/www.deputadovander.com.br\\\/website\\\/wp-content\\\/uploads\\\/2012\\\/01\\\/foto-2012-01-19-lula-formandos-medicina-prouni-400x266.jpg\",\"contentUrl\":\"http:\\\/\\\/www.deputadovander.com.br\\\/website\\\/wp-content\\\/uploads\\\/2012\\\/01\\\/foto-2012-01-19-lula-formandos-medicina-prouni-400x266.jpg\"},{\"@type\":\"BreadcrumbList\",\"@id\":\"https:\\\/\\\/vanderloubet.com.br\\\/deputado\\\/ensino-superior-deu-salto-enorme-com-pt-na-presidencia-afirma-vander\\\/#breadcrumb\",\"itemListElement\":[{\"@type\":\"ListItem\",\"position\":1,\"name\":\"In\u00edcio\",\"item\":\"https:\\\/\\\/vanderloubet.com.br\\\/deputado\\\/\"},{\"@type\":\"ListItem\",\"position\":2,\"name\":\"Ensino Superior deu salto enorme com PT na Presid\u00eancia, afirma Vander\"}]},{\"@type\":\"WebSite\",\"@id\":\"https:\\\/\\\/vanderloubet.com.br\\\/deputado\\\/#website\",\"url\":\"https:\\\/\\\/vanderloubet.com.br\\\/deputado\\\/\",\"name\":\"Deputado Federal Vander Loubet\",\"description\":\"O Federal de MS\",\"publisher\":{\"@id\":\"https:\\\/\\\/vanderloubet.com.br\\\/deputado\\\/#organization\"},\"alternateName\":\"Deputado Vander\",\"potentialAction\":[{\"@type\":\"SearchAction\",\"target\":{\"@type\":\"EntryPoint\",\"urlTemplate\":\"https:\\\/\\\/vanderloubet.com.br\\\/deputado\\\/?s={search_term_string}\"},\"query-input\":{\"@type\":\"PropertyValueSpecification\",\"valueRequired\":true,\"valueName\":\"search_term_string\"}}],\"inLanguage\":\"pt-BR\"},{\"@type\":\"Organization\",\"@id\":\"https:\\\/\\\/vanderloubet.com.br\\\/deputado\\\/#organization\",\"name\":\"Deputado Federal Vander Loubet\",\"alternateName\":\"Deputado Vander\",\"url\":\"https:\\\/\\\/vanderloubet.com.br\\\/deputado\\\/\",\"logo\":{\"@type\":\"ImageObject\",\"inLanguage\":\"pt-BR\",\"@id\":\"https:\\\/\\\/vanderloubet.com.br\\\/deputado\\\/#\\\/schema\\\/logo\\\/image\\\/\",\"url\":\"https:\\\/\\\/vanderloubet.com.br\\\/deputado\\\/wp-content\\\/uploads\\\/2023\\\/06\\\/foto-2023-06-19-mandato-deputado-vander.jpg\",\"contentUrl\":\"https:\\\/\\\/vanderloubet.com.br\\\/deputado\\\/wp-content\\\/uploads\\\/2023\\\/06\\\/foto-2023-06-19-mandato-deputado-vander.jpg\",\"width\":1080,\"height\":1080,\"caption\":\"Deputado Federal Vander Loubet\"},\"image\":{\"@id\":\"https:\\\/\\\/vanderloubet.com.br\\\/deputado\\\/#\\\/schema\\\/logo\\\/image\\\/\"},\"sameAs\":[\"https:\\\/\\\/facebook.com\\\/deputadovander\",\"https:\\\/\\\/x.com\\\/vanderloubet\",\"https:\\\/\\\/instagram.com\\\/vanderloubet\",\"https:\\\/\\\/youtube.com\\\/vanderloubet\",\"https:\\\/\\\/tiktok.com\\\/@vanderloubetms\"]},{\"@type\":\"Person\",\"@id\":\"https:\\\/\\\/vanderloubet.com.br\\\/deputado\\\/#\\\/schema\\\/person\\\/15b51bd564532a8a68d9dec1b8eb890e\",\"name\":\"\u00c9der\",\"image\":{\"@type\":\"ImageObject\",\"inLanguage\":\"pt-BR\",\"@id\":\"https:\\\/\\\/vanderloubet.com.br\\\/deputado\\\/wp-content\\\/litespeed\\\/avatar\\\/88ca4090d9d5ab1c9495f6ca03b68efa.jpg?ver=1777058957\",\"url\":\"https:\\\/\\\/vanderloubet.com.br\\\/deputado\\\/wp-content\\\/litespeed\\\/avatar\\\/88ca4090d9d5ab1c9495f6ca03b68efa.jpg?ver=1777058957\",\"contentUrl\":\"https:\\\/\\\/vanderloubet.com.br\\\/deputado\\\/wp-content\\\/litespeed\\\/avatar\\\/88ca4090d9d5ab1c9495f6ca03b68efa.jpg?ver=1777058957\",\"caption\":\"\u00c9der\"}}]}<\/script>\n<!-- \/ Yoast SEO plugin. -->","yoast_head_json":{"title":"Ensino Superior deu salto enorme com PT na Presid\u00eancia, afirma Vander","robots":{"index":"index","follow":"follow","max-snippet":"max-snippet:-1","max-image-preview":"max-image-preview:large","max-video-preview":"max-video-preview:-1"},"canonical":"https:\/\/vanderloubet.com.br\/deputado\/ensino-superior-deu-salto-enorme-com-pt-na-presidencia-afirma-vander\/","og_locale":"pt_BR","og_type":"article","og_title":"Ensino Superior deu salto enorme com PT na Presid\u00eancia, afirma Vander","og_description":"Deputado comentou recentes declara\u00e7\u00f5es de Dilma sobre Sisu e Prouni, que ofertam 300 mil vagas neste semestre de 2012.","og_url":"https:\/\/vanderloubet.com.br\/deputado\/ensino-superior-deu-salto-enorme-com-pt-na-presidencia-afirma-vander\/","og_site_name":"Deputado Federal Vander Loubet","article_publisher":"https:\/\/facebook.com\/deputadovander","article_published_time":"2012-01-19T18:36:21+00:00","og_image":[{"url":"http:\/\/www.deputadovander.com.br\/website\/wp-content\/uploads\/2012\/01\/foto-2012-01-19-lula-formandos-medicina-prouni-400x266.jpg","type":"","width":"","height":""}],"author":"\u00c9der","twitter_card":"summary_large_image","twitter_creator":"@vanderloubet","twitter_site":"@vanderloubet","schema":{"@context":"https:\/\/schema.org","@graph":[{"@type":"Article","@id":"https:\/\/vanderloubet.com.br\/deputado\/ensino-superior-deu-salto-enorme-com-pt-na-presidencia-afirma-vander\/#article","isPartOf":{"@id":"https:\/\/vanderloubet.com.br\/deputado\/ensino-superior-deu-salto-enorme-com-pt-na-presidencia-afirma-vander\/"},"author":{"name":"\u00c9der","@id":"https:\/\/vanderloubet.com.br\/deputado\/#\/schema\/person\/15b51bd564532a8a68d9dec1b8eb890e"},"headline":"Ensino Superior deu salto enorme com PT na Presid\u00eancia, afirma Vander","datePublished":"2012-01-19T18:36:21+00:00","mainEntityOfPage":{"@id":"https:\/\/vanderloubet.com.br\/deputado\/ensino-superior-deu-salto-enorme-com-pt-na-presidencia-afirma-vander\/"},"wordCount":1016,"publisher":{"@id":"https:\/\/vanderloubet.com.br\/deputado\/#organization"},"image":{"@id":"https:\/\/vanderloubet.com.br\/deputado\/ensino-superior-deu-salto-enorme-com-pt-na-presidencia-afirma-vander\/#primaryimage"},"thumbnailUrl":"http:\/\/www.deputadovander.com.br\/website\/wp-content\/uploads\/2012\/01\/foto-2012-01-19-lula-formandos-medicina-prouni-400x266.jpg","keywords":["deputado","dilma","educa\u00e7\u00e3o","ensino","expans\u00e3o","federal","fies","loubet","lula","mec","MS","presidenta","prouni","PT","reuni","rousseff","sisu","superior","ufgd","ufms","vander"],"articleSection":["Not\u00edcias"],"inLanguage":"pt-BR"},{"@type":"WebPage","@id":"https:\/\/vanderloubet.com.br\/deputado\/ensino-superior-deu-salto-enorme-com-pt-na-presidencia-afirma-vander\/","url":"https:\/\/vanderloubet.com.br\/deputado\/ensino-superior-deu-salto-enorme-com-pt-na-presidencia-afirma-vander\/","name":"Ensino Superior deu salto enorme com PT na Presid\u00eancia, afirma Vander","isPartOf":{"@id":"https:\/\/vanderloubet.com.br\/deputado\/#website"},"primaryImageOfPage":{"@id":"https:\/\/vanderloubet.com.br\/deputado\/ensino-superior-deu-salto-enorme-com-pt-na-presidencia-afirma-vander\/#primaryimage"},"image":{"@id":"https:\/\/vanderloubet.com.br\/deputado\/ensino-superior-deu-salto-enorme-com-pt-na-presidencia-afirma-vander\/#primaryimage"},"thumbnailUrl":"http:\/\/www.deputadovander.com.br\/website\/wp-content\/uploads\/2012\/01\/foto-2012-01-19-lula-formandos-medicina-prouni-400x266.jpg","datePublished":"2012-01-19T18:36:21+00:00","breadcrumb":{"@id":"https:\/\/vanderloubet.com.br\/deputado\/ensino-superior-deu-salto-enorme-com-pt-na-presidencia-afirma-vander\/#breadcrumb"},"inLanguage":"pt-BR","potentialAction":[{"@type":"ReadAction","target":["https:\/\/vanderloubet.com.br\/deputado\/ensino-superior-deu-salto-enorme-com-pt-na-presidencia-afirma-vander\/"]}]},{"@type":"ImageObject","inLanguage":"pt-BR","@id":"https:\/\/vanderloubet.com.br\/deputado\/ensino-superior-deu-salto-enorme-com-pt-na-presidencia-afirma-vander\/#primaryimage","url":"http:\/\/www.deputadovander.com.br\/website\/wp-content\/uploads\/2012\/01\/foto-2012-01-19-lula-formandos-medicina-prouni-400x266.jpg","contentUrl":"http:\/\/www.deputadovander.com.br\/website\/wp-content\/uploads\/2012\/01\/foto-2012-01-19-lula-formandos-medicina-prouni-400x266.jpg"},{"@type":"BreadcrumbList","@id":"https:\/\/vanderloubet.com.br\/deputado\/ensino-superior-deu-salto-enorme-com-pt-na-presidencia-afirma-vander\/#breadcrumb","itemListElement":[{"@type":"ListItem","position":1,"name":"In\u00edcio","item":"https:\/\/vanderloubet.com.br\/deputado\/"},{"@type":"ListItem","position":2,"name":"Ensino Superior deu salto enorme com PT na Presid\u00eancia, afirma Vander"}]},{"@type":"WebSite","@id":"https:\/\/vanderloubet.com.br\/deputado\/#website","url":"https:\/\/vanderloubet.com.br\/deputado\/","name":"Deputado Federal Vander Loubet","description":"O Federal de MS","publisher":{"@id":"https:\/\/vanderloubet.com.br\/deputado\/#organization"},"alternateName":"Deputado Vander","potentialAction":[{"@type":"SearchAction","target":{"@type":"EntryPoint","urlTemplate":"https:\/\/vanderloubet.com.br\/deputado\/?s={search_term_string}"},"query-input":{"@type":"PropertyValueSpecification","valueRequired":true,"valueName":"search_term_string"}}],"inLanguage":"pt-BR"},{"@type":"Organization","@id":"https:\/\/vanderloubet.com.br\/deputado\/#organization","name":"Deputado Federal Vander Loubet","alternateName":"Deputado Vander","url":"https:\/\/vanderloubet.com.br\/deputado\/","logo":{"@type":"ImageObject","inLanguage":"pt-BR","@id":"https:\/\/vanderloubet.com.br\/deputado\/#\/schema\/logo\/image\/","url":"https:\/\/vanderloubet.com.br\/deputado\/wp-content\/uploads\/2023\/06\/foto-2023-06-19-mandato-deputado-vander.jpg","contentUrl":"https:\/\/vanderloubet.com.br\/deputado\/wp-content\/uploads\/2023\/06\/foto-2023-06-19-mandato-deputado-vander.jpg","width":1080,"height":1080,"caption":"Deputado Federal Vander Loubet"},"image":{"@id":"https:\/\/vanderloubet.com.br\/deputado\/#\/schema\/logo\/image\/"},"sameAs":["https:\/\/facebook.com\/deputadovander","https:\/\/x.com\/vanderloubet","https:\/\/instagram.com\/vanderloubet","https:\/\/youtube.com\/vanderloubet","https:\/\/tiktok.com\/@vanderloubetms"]},{"@type":"Person","@id":"https:\/\/vanderloubet.com.br\/deputado\/#\/schema\/person\/15b51bd564532a8a68d9dec1b8eb890e","name":"\u00c9der","image":{"@type":"ImageObject","inLanguage":"pt-BR","@id":"https:\/\/vanderloubet.com.br\/deputado\/wp-content\/litespeed\/avatar\/88ca4090d9d5ab1c9495f6ca03b68efa.jpg?ver=1777058957","url":"https:\/\/vanderloubet.com.br\/deputado\/wp-content\/litespeed\/avatar\/88ca4090d9d5ab1c9495f6ca03b68efa.jpg?ver=1777058957","contentUrl":"https:\/\/vanderloubet.com.br\/deputado\/wp-content\/litespeed\/avatar\/88ca4090d9d5ab1c9495f6ca03b68efa.jpg?ver=1777058957","caption":"\u00c9der"}}]}},"jetpack_featured_media_url":"","jetpack_sharing_enabled":true,"_links":{"self":[{"href":"https:\/\/vanderloubet.com.br\/deputado\/wp-json\/wp\/v2\/posts\/4265","targetHints":{"allow":["GET"]}}],"collection":[{"href":"https:\/\/vanderloubet.com.br\/deputado\/wp-json\/wp\/v2\/posts"}],"about":[{"href":"https:\/\/vanderloubet.com.br\/deputado\/wp-json\/wp\/v2\/types\/post"}],"author":[{"embeddable":true,"href":"https:\/\/vanderloubet.com.br\/deputado\/wp-json\/wp\/v2\/users\/2"}],"replies":[{"embeddable":true,"href":"https:\/\/vanderloubet.com.br\/deputado\/wp-json\/wp\/v2\/comments?post=4265"}],"version-history":[{"count":0,"href":"https:\/\/vanderloubet.com.br\/deputado\/wp-json\/wp\/v2\/posts\/4265\/revisions"}],"wp:attachment":[{"href":"https:\/\/vanderloubet.com.br\/deputado\/wp-json\/wp\/v2\/media?parent=4265"}],"wp:term":[{"taxonomy":"category","embeddable":true,"href":"https:\/\/vanderloubet.com.br\/deputado\/wp-json\/wp\/v2\/categories?post=4265"},{"taxonomy":"post_tag","embeddable":true,"href":"https:\/\/vanderloubet.com.br\/deputado\/wp-json\/wp\/v2\/tags?post=4265"}],"curies":[{"name":"wp","href":"https:\/\/api.w.org\/{rel}","templated":true}]}}