{"id":4257,"date":"2012-01-16T14:11:37","date_gmt":"2012-01-16T18:11:37","guid":{"rendered":"http:\/\/www.deputadovander.com.br\/website\/?p=4257"},"modified":"2012-01-16T14:11:37","modified_gmt":"2012-01-16T18:11:37","slug":"mais-renda-mais-emprego-e-mais-crescimento-em-2012","status":"publish","type":"post","link":"https:\/\/vanderloubet.com.br\/deputado\/mais-renda-mais-emprego-e-mais-crescimento-em-2012\/","title":{"rendered":"Mais renda, mais emprego e mais crescimento em 2012"},"content":{"rendered":"<figure id=\"attachment_4258\" aria-describedby=\"caption-attachment-4258\" style=\"width: 400px\" class=\"wp-caption aligncenter\"><a href=\"http:\/\/www.deputadovander.com.br\/website\/wp-content\/uploads\/2012\/01\/foto-2012-01-16-deputado-vander-presidenta-dilma.jpg\" target=\"_blank\"><img decoding=\"async\" class=\"size-medium wp-image-4258 \" title=\"foto-2012-01-16-deputado-vander-presidenta-dilma\" src=\"http:\/\/www.deputadovander.com.br\/website\/wp-content\/uploads\/2012\/01\/foto-2012-01-16-deputado-vander-presidenta-dilma-400x266.jpg\" alt=\"Deputado Vander e presidenta Dilma Rousseff\" width=\"400\" height=\"266\" \/><\/a><figcaption id=\"caption-attachment-4258\" class=\"wp-caption-text\">Deputado Vander e presidenta Dilma Rousseff<\/figcaption><\/figure>\n<p>No in\u00edcio do m\u00eas a presidenta Dilma Rousseff falou, no programa de r\u00e1dio Caf\u00e9 com a Presidenta, sobre as medidas econ\u00f4micas que entram em vigor a partir deste m\u00eas e que beneficiam trabalhadores, micro e pequenos empres\u00e1rios e empreendedores. Entre as medidas, est\u00e3o o aumento do sal\u00e1rio m\u00ednimo, o reajuste da tabela do Imposto de Renda para Pessoa F\u00edsica (IRPF) e a amplia\u00e7\u00e3o das faixas de faturamento para os micro e pequenos empres\u00e1rios que optam pelo Supersimples e para os microempreendedores individuais (MEI).<\/p>\n<p>Para o deputado federal Vander Loubet (PT-MS), o &#8220;pacot\u00e3o&#8221; de medidas \u00e9 mais um forte indicativo da preocupa\u00e7\u00e3o da gest\u00e3o do PT na Presid\u00eancia em reduzir a carga tribut\u00e1ria e investir em a\u00e7\u00f5es que gerem emprego e renda. &#8220;Mais renda e mais emprego significam mais crescimento. E \u00e9 nisso que o governo federal est\u00e1 focado, especialmente num momento como esse, em que o mundo vive uma crise econ\u00f4mica&#8221;, destacou o parlamentar sul-mato-grossense.<\/p>\n<p><strong>Medidas<\/strong><\/p>\n<p>Com base no reajuste de 4,5% da tabela do IRPF, cerca de 25 milh\u00f5es de contribuintes pagar\u00e3o menos impostos e 800 mil ficar\u00e3o isentos. J\u00e1 o aumento do sal\u00e1rio m\u00ednimo, que passou de R$ 545 para R$ 622, vai permitir que 40 milh\u00f5es de brasileiros diretamente beneficiados consumam mais e vivam melhor, contribuindo para criar mais demanda para a ind\u00fastria, o com\u00e9rcio e o setor de servi\u00e7os.<\/p>\n<p>Desses 40 milh\u00f5es, cerca de metade s\u00e3o empregados cujo sal\u00e1rio corresponde ao m\u00ednimo. H\u00e1 tamb\u00e9m 20 milh\u00f5es de aposentados e pensionistas que recebem o sal\u00e1rio m\u00ednimo &#8211; dois em cada tr\u00eas aposentados receber\u00e3o o reajuste. Esse aumento vai injetar cerca de R$ 47 bilh\u00f5es na economia nacional.<\/p>\n<p><strong>Empreendedores<\/strong><\/p>\n<p>As novas regras do Supersimples e do MEI que entram em vigor resultar\u00e3o em menos impostos a esses segmentos.<\/p>\n<p>Quem se enquadra no Supersimples paga um imposto \u00fanico e com al\u00edquota pequena. E agora o governo federal aumentou o n\u00famero de empresas que podem usar o Supersimple. O que tamb\u00e9m mudou este ano \u00e9 que mais empreendedores poder\u00e3o ter direito aos benef\u00edcios do sistema MEI. Agora o limite de faturamento anual \u00e9 de R$ 60 mil, ou seja, de quem ganha at\u00e9 R$ 5 mil por m\u00eas. &#8220;Trata-se de uma forma de estimular o microempreendedor individual a formalizar e a expandir seus neg\u00f3cios. A Dilma est\u00e1 acertando em cheio&#8221;, elogia Vander.<\/p>\n<p><span style=\"font-size: 11px;\">(\u00c9der Yanaguita\/Assessoria Deputado Vander)<\/span><\/p>\n","protected":false},"excerpt":{"rendered":"<p>Medidas econ\u00f4micas do governo federal que entram em vigor beneficiam trabalhadores, micro empresas e empreendedores.<\/p>\n","protected":false},"author":2,"featured_media":0,"comment_status":"closed","ping_status":"open","sticky":false,"template":"","format":"standard","meta":{"jetpack_post_was_ever_published":false,"_jetpack_newsletter_access":"","_jetpack_dont_email_post_to_subs":false,"_jetpack_newsletter_tier_id":0,"_jetpack_memberships_contains_paywalled_content":false,"_jetpack_memberships_contains_paid_content":false,"footnotes":""},"categories":[10],"tags":[608,631,712,713,714,807,999,1021,1044,1178,1265,1284,1301,1336,1531,1613,1655,1711,1757,1774,2033],"class_list":{"0":"post-4257","1":"post","2":"type-post","3":"status-publish","4":"format-standard","6":"category-noticias","7":"tag-deputado","8":"tag-dilma","9":"tag-empreendedor","10":"tag-emprego","11":"tag-empresa","12":"tag-federal","13":"tag-imposto","14":"tag-individual","15":"tag-irpf","16":"tag-loubet","17":"tag-mei","18":"tag-micro","19":"tag-minimo","20":"tag-ms","21":"tag-pequena","22":"tag-presidenta","23":"tag-pt","24":"tag-renda","25":"tag-rousseff","26":"tag-salario","27":"tag-vander"},"yoast_head":"<!-- This site is optimized with the Yoast SEO plugin v27.4 - https:\/\/yoast.com\/product\/yoast-seo-wordpress\/ -->\n<title>Mais renda, mais emprego e mais crescimento em 2012<\/title>\n<meta name=\"robots\" content=\"index, follow, max-snippet:-1, max-image-preview:large, max-video-preview:-1\" \/>\n<link rel=\"canonical\" href=\"https:\/\/vanderloubet.com.br\/deputado\/mais-renda-mais-emprego-e-mais-crescimento-em-2012\/\" \/>\n<meta property=\"og:locale\" content=\"pt_BR\" \/>\n<meta property=\"og:type\" content=\"article\" \/>\n<meta property=\"og:title\" content=\"Mais renda, mais emprego e mais crescimento em 2012\" \/>\n<meta property=\"og:description\" content=\"Medidas econ\u00f4micas do governo federal que entram em vigor beneficiam trabalhadores, micro empresas e empreendedores.\" \/>\n<meta property=\"og:url\" content=\"https:\/\/vanderloubet.com.br\/deputado\/mais-renda-mais-emprego-e-mais-crescimento-em-2012\/\" \/>\n<meta property=\"og:site_name\" content=\"Deputado Federal Vander Loubet\" \/>\n<meta property=\"article:publisher\" content=\"https:\/\/facebook.com\/deputadovander\" \/>\n<meta property=\"article:published_time\" content=\"2012-01-16T18:11:37+00:00\" \/>\n<meta property=\"og:image\" content=\"http:\/\/www.deputadovander.com.br\/website\/wp-content\/uploads\/2012\/01\/foto-2012-01-16-deputado-vander-presidenta-dilma-400x266.jpg\" \/>\n<meta name=\"author\" content=\"\u00c9der\" \/>\n<meta name=\"twitter:card\" content=\"summary_large_image\" \/>\n<meta name=\"twitter:creator\" content=\"@vanderloubet\" \/>\n<meta name=\"twitter:site\" content=\"@vanderloubet\" \/>\n<script type=\"application\/ld+json\" class=\"yoast-schema-graph\">{\"@context\":\"https:\\\/\\\/schema.org\",\"@graph\":[{\"@type\":\"Article\",\"@id\":\"https:\\\/\\\/vanderloubet.com.br\\\/deputado\\\/mais-renda-mais-emprego-e-mais-crescimento-em-2012\\\/#article\",\"isPartOf\":{\"@id\":\"https:\\\/\\\/vanderloubet.com.br\\\/deputado\\\/mais-renda-mais-emprego-e-mais-crescimento-em-2012\\\/\"},\"author\":{\"name\":\"\u00c9der\",\"@id\":\"https:\\\/\\\/vanderloubet.com.br\\\/deputado\\\/#\\\/schema\\\/person\\\/15b51bd564532a8a68d9dec1b8eb890e\"},\"headline\":\"Mais renda, mais emprego e mais crescimento em 2012\",\"datePublished\":\"2012-01-16T18:11:37+00:00\",\"mainEntityOfPage\":{\"@id\":\"https:\\\/\\\/vanderloubet.com.br\\\/deputado\\\/mais-renda-mais-emprego-e-mais-crescimento-em-2012\\\/\"},\"wordCount\":441,\"publisher\":{\"@id\":\"https:\\\/\\\/vanderloubet.com.br\\\/deputado\\\/#organization\"},\"image\":{\"@id\":\"https:\\\/\\\/vanderloubet.com.br\\\/deputado\\\/mais-renda-mais-emprego-e-mais-crescimento-em-2012\\\/#primaryimage\"},\"thumbnailUrl\":\"http:\\\/\\\/www.deputadovander.com.br\\\/website\\\/wp-content\\\/uploads\\\/2012\\\/01\\\/foto-2012-01-16-deputado-vander-presidenta-dilma-400x266.jpg\",\"keywords\":[\"deputado\",\"dilma\",\"empreendedor\",\"emprego\",\"empresa\",\"federal\",\"imposto\",\"individual\",\"irpf\",\"loubet\",\"mei\",\"micro\",\"m\u00ednimo\",\"MS\",\"pequena\",\"presidenta\",\"PT\",\"renda\",\"rousseff\",\"sal\u00e1rio\",\"vander\"],\"articleSection\":[\"Not\u00edcias\"],\"inLanguage\":\"pt-BR\"},{\"@type\":\"WebPage\",\"@id\":\"https:\\\/\\\/vanderloubet.com.br\\\/deputado\\\/mais-renda-mais-emprego-e-mais-crescimento-em-2012\\\/\",\"url\":\"https:\\\/\\\/vanderloubet.com.br\\\/deputado\\\/mais-renda-mais-emprego-e-mais-crescimento-em-2012\\\/\",\"name\":\"Mais renda, mais emprego e mais crescimento em 2012\",\"isPartOf\":{\"@id\":\"https:\\\/\\\/vanderloubet.com.br\\\/deputado\\\/#website\"},\"primaryImageOfPage\":{\"@id\":\"https:\\\/\\\/vanderloubet.com.br\\\/deputado\\\/mais-renda-mais-emprego-e-mais-crescimento-em-2012\\\/#primaryimage\"},\"image\":{\"@id\":\"https:\\\/\\\/vanderloubet.com.br\\\/deputado\\\/mais-renda-mais-emprego-e-mais-crescimento-em-2012\\\/#primaryimage\"},\"thumbnailUrl\":\"http:\\\/\\\/www.deputadovander.com.br\\\/website\\\/wp-content\\\/uploads\\\/2012\\\/01\\\/foto-2012-01-16-deputado-vander-presidenta-dilma-400x266.jpg\",\"datePublished\":\"2012-01-16T18:11:37+00:00\",\"breadcrumb\":{\"@id\":\"https:\\\/\\\/vanderloubet.com.br\\\/deputado\\\/mais-renda-mais-emprego-e-mais-crescimento-em-2012\\\/#breadcrumb\"},\"inLanguage\":\"pt-BR\",\"potentialAction\":[{\"@type\":\"ReadAction\",\"target\":[\"https:\\\/\\\/vanderloubet.com.br\\\/deputado\\\/mais-renda-mais-emprego-e-mais-crescimento-em-2012\\\/\"]}]},{\"@type\":\"ImageObject\",\"inLanguage\":\"pt-BR\",\"@id\":\"https:\\\/\\\/vanderloubet.com.br\\\/deputado\\\/mais-renda-mais-emprego-e-mais-crescimento-em-2012\\\/#primaryimage\",\"url\":\"http:\\\/\\\/www.deputadovander.com.br\\\/website\\\/wp-content\\\/uploads\\\/2012\\\/01\\\/foto-2012-01-16-deputado-vander-presidenta-dilma-400x266.jpg\",\"contentUrl\":\"http:\\\/\\\/www.deputadovander.com.br\\\/website\\\/wp-content\\\/uploads\\\/2012\\\/01\\\/foto-2012-01-16-deputado-vander-presidenta-dilma-400x266.jpg\"},{\"@type\":\"BreadcrumbList\",\"@id\":\"https:\\\/\\\/vanderloubet.com.br\\\/deputado\\\/mais-renda-mais-emprego-e-mais-crescimento-em-2012\\\/#breadcrumb\",\"itemListElement\":[{\"@type\":\"ListItem\",\"position\":1,\"name\":\"In\u00edcio\",\"item\":\"https:\\\/\\\/vanderloubet.com.br\\\/deputado\\\/\"},{\"@type\":\"ListItem\",\"position\":2,\"name\":\"Mais renda, mais emprego e mais crescimento em 2012\"}]},{\"@type\":\"WebSite\",\"@id\":\"https:\\\/\\\/vanderloubet.com.br\\\/deputado\\\/#website\",\"url\":\"https:\\\/\\\/vanderloubet.com.br\\\/deputado\\\/\",\"name\":\"Deputado Federal Vander Loubet\",\"description\":\"O Federal de MS\",\"publisher\":{\"@id\":\"https:\\\/\\\/vanderloubet.com.br\\\/deputado\\\/#organization\"},\"alternateName\":\"Deputado Vander\",\"potentialAction\":[{\"@type\":\"SearchAction\",\"target\":{\"@type\":\"EntryPoint\",\"urlTemplate\":\"https:\\\/\\\/vanderloubet.com.br\\\/deputado\\\/?s={search_term_string}\"},\"query-input\":{\"@type\":\"PropertyValueSpecification\",\"valueRequired\":true,\"valueName\":\"search_term_string\"}}],\"inLanguage\":\"pt-BR\"},{\"@type\":\"Organization\",\"@id\":\"https:\\\/\\\/vanderloubet.com.br\\\/deputado\\\/#organization\",\"name\":\"Deputado Federal Vander Loubet\",\"alternateName\":\"Deputado Vander\",\"url\":\"https:\\\/\\\/vanderloubet.com.br\\\/deputado\\\/\",\"logo\":{\"@type\":\"ImageObject\",\"inLanguage\":\"pt-BR\",\"@id\":\"https:\\\/\\\/vanderloubet.com.br\\\/deputado\\\/#\\\/schema\\\/logo\\\/image\\\/\",\"url\":\"https:\\\/\\\/vanderloubet.com.br\\\/deputado\\\/wp-content\\\/uploads\\\/2023\\\/06\\\/foto-2023-06-19-mandato-deputado-vander.jpg\",\"contentUrl\":\"https:\\\/\\\/vanderloubet.com.br\\\/deputado\\\/wp-content\\\/uploads\\\/2023\\\/06\\\/foto-2023-06-19-mandato-deputado-vander.jpg\",\"width\":1080,\"height\":1080,\"caption\":\"Deputado Federal Vander Loubet\"},\"image\":{\"@id\":\"https:\\\/\\\/vanderloubet.com.br\\\/deputado\\\/#\\\/schema\\\/logo\\\/image\\\/\"},\"sameAs\":[\"https:\\\/\\\/facebook.com\\\/deputadovander\",\"https:\\\/\\\/x.com\\\/vanderloubet\",\"https:\\\/\\\/instagram.com\\\/vanderloubet\",\"https:\\\/\\\/youtube.com\\\/vanderloubet\",\"https:\\\/\\\/tiktok.com\\\/@vanderloubetms\"]},{\"@type\":\"Person\",\"@id\":\"https:\\\/\\\/vanderloubet.com.br\\\/deputado\\\/#\\\/schema\\\/person\\\/15b51bd564532a8a68d9dec1b8eb890e\",\"name\":\"\u00c9der\",\"image\":{\"@type\":\"ImageObject\",\"inLanguage\":\"pt-BR\",\"@id\":\"https:\\\/\\\/vanderloubet.com.br\\\/deputado\\\/wp-content\\\/litespeed\\\/avatar\\\/88ca4090d9d5ab1c9495f6ca03b68efa.jpg?ver=1777058957\",\"url\":\"https:\\\/\\\/vanderloubet.com.br\\\/deputado\\\/wp-content\\\/litespeed\\\/avatar\\\/88ca4090d9d5ab1c9495f6ca03b68efa.jpg?ver=1777058957\",\"contentUrl\":\"https:\\\/\\\/vanderloubet.com.br\\\/deputado\\\/wp-content\\\/litespeed\\\/avatar\\\/88ca4090d9d5ab1c9495f6ca03b68efa.jpg?ver=1777058957\",\"caption\":\"\u00c9der\"}}]}<\/script>\n<!-- \/ Yoast SEO plugin. -->","yoast_head_json":{"title":"Mais renda, mais emprego e mais crescimento em 2012","robots":{"index":"index","follow":"follow","max-snippet":"max-snippet:-1","max-image-preview":"max-image-preview:large","max-video-preview":"max-video-preview:-1"},"canonical":"https:\/\/vanderloubet.com.br\/deputado\/mais-renda-mais-emprego-e-mais-crescimento-em-2012\/","og_locale":"pt_BR","og_type":"article","og_title":"Mais renda, mais emprego e mais crescimento em 2012","og_description":"Medidas econ\u00f4micas do governo federal que entram em vigor beneficiam trabalhadores, micro empresas e empreendedores.","og_url":"https:\/\/vanderloubet.com.br\/deputado\/mais-renda-mais-emprego-e-mais-crescimento-em-2012\/","og_site_name":"Deputado Federal Vander Loubet","article_publisher":"https:\/\/facebook.com\/deputadovander","article_published_time":"2012-01-16T18:11:37+00:00","og_image":[{"url":"http:\/\/www.deputadovander.com.br\/website\/wp-content\/uploads\/2012\/01\/foto-2012-01-16-deputado-vander-presidenta-dilma-400x266.jpg","type":"","width":"","height":""}],"author":"\u00c9der","twitter_card":"summary_large_image","twitter_creator":"@vanderloubet","twitter_site":"@vanderloubet","schema":{"@context":"https:\/\/schema.org","@graph":[{"@type":"Article","@id":"https:\/\/vanderloubet.com.br\/deputado\/mais-renda-mais-emprego-e-mais-crescimento-em-2012\/#article","isPartOf":{"@id":"https:\/\/vanderloubet.com.br\/deputado\/mais-renda-mais-emprego-e-mais-crescimento-em-2012\/"},"author":{"name":"\u00c9der","@id":"https:\/\/vanderloubet.com.br\/deputado\/#\/schema\/person\/15b51bd564532a8a68d9dec1b8eb890e"},"headline":"Mais renda, mais emprego e mais crescimento em 2012","datePublished":"2012-01-16T18:11:37+00:00","mainEntityOfPage":{"@id":"https:\/\/vanderloubet.com.br\/deputado\/mais-renda-mais-emprego-e-mais-crescimento-em-2012\/"},"wordCount":441,"publisher":{"@id":"https:\/\/vanderloubet.com.br\/deputado\/#organization"},"image":{"@id":"https:\/\/vanderloubet.com.br\/deputado\/mais-renda-mais-emprego-e-mais-crescimento-em-2012\/#primaryimage"},"thumbnailUrl":"http:\/\/www.deputadovander.com.br\/website\/wp-content\/uploads\/2012\/01\/foto-2012-01-16-deputado-vander-presidenta-dilma-400x266.jpg","keywords":["deputado","dilma","empreendedor","emprego","empresa","federal","imposto","individual","irpf","loubet","mei","micro","m\u00ednimo","MS","pequena","presidenta","PT","renda","rousseff","sal\u00e1rio","vander"],"articleSection":["Not\u00edcias"],"inLanguage":"pt-BR"},{"@type":"WebPage","@id":"https:\/\/vanderloubet.com.br\/deputado\/mais-renda-mais-emprego-e-mais-crescimento-em-2012\/","url":"https:\/\/vanderloubet.com.br\/deputado\/mais-renda-mais-emprego-e-mais-crescimento-em-2012\/","name":"Mais renda, mais emprego e mais crescimento em 2012","isPartOf":{"@id":"https:\/\/vanderloubet.com.br\/deputado\/#website"},"primaryImageOfPage":{"@id":"https:\/\/vanderloubet.com.br\/deputado\/mais-renda-mais-emprego-e-mais-crescimento-em-2012\/#primaryimage"},"image":{"@id":"https:\/\/vanderloubet.com.br\/deputado\/mais-renda-mais-emprego-e-mais-crescimento-em-2012\/#primaryimage"},"thumbnailUrl":"http:\/\/www.deputadovander.com.br\/website\/wp-content\/uploads\/2012\/01\/foto-2012-01-16-deputado-vander-presidenta-dilma-400x266.jpg","datePublished":"2012-01-16T18:11:37+00:00","breadcrumb":{"@id":"https:\/\/vanderloubet.com.br\/deputado\/mais-renda-mais-emprego-e-mais-crescimento-em-2012\/#breadcrumb"},"inLanguage":"pt-BR","potentialAction":[{"@type":"ReadAction","target":["https:\/\/vanderloubet.com.br\/deputado\/mais-renda-mais-emprego-e-mais-crescimento-em-2012\/"]}]},{"@type":"ImageObject","inLanguage":"pt-BR","@id":"https:\/\/vanderloubet.com.br\/deputado\/mais-renda-mais-emprego-e-mais-crescimento-em-2012\/#primaryimage","url":"http:\/\/www.deputadovander.com.br\/website\/wp-content\/uploads\/2012\/01\/foto-2012-01-16-deputado-vander-presidenta-dilma-400x266.jpg","contentUrl":"http:\/\/www.deputadovander.com.br\/website\/wp-content\/uploads\/2012\/01\/foto-2012-01-16-deputado-vander-presidenta-dilma-400x266.jpg"},{"@type":"BreadcrumbList","@id":"https:\/\/vanderloubet.com.br\/deputado\/mais-renda-mais-emprego-e-mais-crescimento-em-2012\/#breadcrumb","itemListElement":[{"@type":"ListItem","position":1,"name":"In\u00edcio","item":"https:\/\/vanderloubet.com.br\/deputado\/"},{"@type":"ListItem","position":2,"name":"Mais renda, mais emprego e mais crescimento em 2012"}]},{"@type":"WebSite","@id":"https:\/\/vanderloubet.com.br\/deputado\/#website","url":"https:\/\/vanderloubet.com.br\/deputado\/","name":"Deputado Federal Vander Loubet","description":"O Federal de MS","publisher":{"@id":"https:\/\/vanderloubet.com.br\/deputado\/#organization"},"alternateName":"Deputado Vander","potentialAction":[{"@type":"SearchAction","target":{"@type":"EntryPoint","urlTemplate":"https:\/\/vanderloubet.com.br\/deputado\/?s={search_term_string}"},"query-input":{"@type":"PropertyValueSpecification","valueRequired":true,"valueName":"search_term_string"}}],"inLanguage":"pt-BR"},{"@type":"Organization","@id":"https:\/\/vanderloubet.com.br\/deputado\/#organization","name":"Deputado Federal Vander Loubet","alternateName":"Deputado Vander","url":"https:\/\/vanderloubet.com.br\/deputado\/","logo":{"@type":"ImageObject","inLanguage":"pt-BR","@id":"https:\/\/vanderloubet.com.br\/deputado\/#\/schema\/logo\/image\/","url":"https:\/\/vanderloubet.com.br\/deputado\/wp-content\/uploads\/2023\/06\/foto-2023-06-19-mandato-deputado-vander.jpg","contentUrl":"https:\/\/vanderloubet.com.br\/deputado\/wp-content\/uploads\/2023\/06\/foto-2023-06-19-mandato-deputado-vander.jpg","width":1080,"height":1080,"caption":"Deputado Federal Vander Loubet"},"image":{"@id":"https:\/\/vanderloubet.com.br\/deputado\/#\/schema\/logo\/image\/"},"sameAs":["https:\/\/facebook.com\/deputadovander","https:\/\/x.com\/vanderloubet","https:\/\/instagram.com\/vanderloubet","https:\/\/youtube.com\/vanderloubet","https:\/\/tiktok.com\/@vanderloubetms"]},{"@type":"Person","@id":"https:\/\/vanderloubet.com.br\/deputado\/#\/schema\/person\/15b51bd564532a8a68d9dec1b8eb890e","name":"\u00c9der","image":{"@type":"ImageObject","inLanguage":"pt-BR","@id":"https:\/\/vanderloubet.com.br\/deputado\/wp-content\/litespeed\/avatar\/88ca4090d9d5ab1c9495f6ca03b68efa.jpg?ver=1777058957","url":"https:\/\/vanderloubet.com.br\/deputado\/wp-content\/litespeed\/avatar\/88ca4090d9d5ab1c9495f6ca03b68efa.jpg?ver=1777058957","contentUrl":"https:\/\/vanderloubet.com.br\/deputado\/wp-content\/litespeed\/avatar\/88ca4090d9d5ab1c9495f6ca03b68efa.jpg?ver=1777058957","caption":"\u00c9der"}}]}},"jetpack_featured_media_url":"","jetpack_sharing_enabled":true,"_links":{"self":[{"href":"https:\/\/vanderloubet.com.br\/deputado\/wp-json\/wp\/v2\/posts\/4257","targetHints":{"allow":["GET"]}}],"collection":[{"href":"https:\/\/vanderloubet.com.br\/deputado\/wp-json\/wp\/v2\/posts"}],"about":[{"href":"https:\/\/vanderloubet.com.br\/deputado\/wp-json\/wp\/v2\/types\/post"}],"author":[{"embeddable":true,"href":"https:\/\/vanderloubet.com.br\/deputado\/wp-json\/wp\/v2\/users\/2"}],"replies":[{"embeddable":true,"href":"https:\/\/vanderloubet.com.br\/deputado\/wp-json\/wp\/v2\/comments?post=4257"}],"version-history":[{"count":0,"href":"https:\/\/vanderloubet.com.br\/deputado\/wp-json\/wp\/v2\/posts\/4257\/revisions"}],"wp:attachment":[{"href":"https:\/\/vanderloubet.com.br\/deputado\/wp-json\/wp\/v2\/media?parent=4257"}],"wp:term":[{"taxonomy":"category","embeddable":true,"href":"https:\/\/vanderloubet.com.br\/deputado\/wp-json\/wp\/v2\/categories?post=4257"},{"taxonomy":"post_tag","embeddable":true,"href":"https:\/\/vanderloubet.com.br\/deputado\/wp-json\/wp\/v2\/tags?post=4257"}],"curies":[{"name":"wp","href":"https:\/\/api.w.org\/{rel}","templated":true}]}}