{"id":4242,"date":"2011-12-30T15:39:00","date_gmt":"2011-12-30T19:39:00","guid":{"rendered":"http:\/\/www.deputadovander.com.br\/website\/?p=4242"},"modified":"2011-12-30T15:39:00","modified_gmt":"2011-12-30T19:39:00","slug":"vander-se-solidariza-com-familia-de-maikon-e-lamenta-lixao-em-campo-grande","status":"publish","type":"post","link":"https:\/\/vanderloubet.com.br\/deputado\/vander-se-solidariza-com-familia-de-maikon-e-lamenta-lixao-em-campo-grande\/","title":{"rendered":"Vander se solidariza com fam\u00edlia de Maikon e lamenta exist\u00eancia de lix\u00e3o"},"content":{"rendered":"<figure id=\"attachment_4243\" aria-describedby=\"caption-attachment-4243\" style=\"width: 400px\" class=\"wp-caption aligncenter\"><a href=\"http:\/\/www.deputadovander.com.br\/website\/wp-content\/uploads\/2011\/12\/foto-2011-12-30-resgate-corpo-maycon-lixao.jpg\" target=\"_blank\"><img decoding=\"async\" class=\"size-medium wp-image-4243 \" title=\"foto-2011-12-30-resgate-corpo-maycon-lixao\" src=\"http:\/\/www.deputadovander.com.br\/website\/wp-content\/uploads\/2011\/12\/foto-2011-12-30-resgate-corpo-maycon-lixao-400x266.jpg\" alt=\"Corpo de Maycon \u00e9 resgatado do lix\u00e3o (foto: Gerson Oliveira\/Correio do Estado)\" width=\"400\" height=\"266\" \/><\/a><figcaption id=\"caption-attachment-4243\" class=\"wp-caption-text\">Corpo de Maycon \u00e9 resgatado do lix\u00e3o (foto: Gerson Oliveira\/Correio do Estado)<\/figcaption><\/figure>\n<p>De Bras\u00edlia (DF), onde est\u00e1 visitando os minist\u00e9rios do governo em busca da libera\u00e7\u00e3o de recursos para os munic\u00edpios de Mato Grosso do Sul, o deputado federal Vander Loubet (PT-MS) manifestou hoje (30) pesar pela <a title=\"Link\" href=\"http:\/\/www.midiamax.com.br\/noticias\/781610-apos+20+horas+buscas+localizado+corpo+garoto+soterrado+lixao+campo+grande.html\" target=\"_blank\">morte<\/a> do menino Maikon Correia de Andrade, de apenas nove anos, e se solidarizou com os familiares da crian\u00e7a.<\/p>\n<p>&#8220;\u00c9 um momento de sil\u00eancio, de ora\u00e7\u00e3o e de solidariedade \u00e0 dor e ao sofrimento da fam\u00edlia desse menino&#8221;, afirmou Vander. No entanto, o parlamentar acredita que \u00e9 importante a sociedade e as intitui\u00e7\u00f5es que a representam cobrarem das autoridades a resolu\u00e7\u00e3o da quest\u00e3o do lix\u00e3o, at\u00e9 para que esse tipo de trag\u00e9dia n\u00e3o volte a ocorrer.<\/p>\n<p>&#8220;Essa situa\u00e7\u00e3o poderia ter sido evitada se houvesse maior comprometimento do poder p\u00fablico municipal com a quest\u00e3o do lix\u00e3o e com o acesso das pessoas ao local, especialmente as crian\u00e7as. \u00c9 muito grave que, numa cidade como Campo Grande &#8211; uma capital -, ainda tenhamos esse lix\u00e3o, um problema que se estende h\u00e1 quase 30 anos, sem uma solu\u00e7\u00e3o&#8221;, destacou o deputado, que acrescenta: mais grave que a exist\u00eancia do lix\u00e3o \u00e9 a falta de condi\u00e7\u00f5es de seguran\u00e7a \u00e0s pessoas que trabalham no local.<\/p>\n<p>&#8220;J\u00e1 passou da hora da Capital ter um aterro sanit\u00e1rio, que garanta todos os cuidados com a quest\u00e3o ambiental e permita, ainda, condi\u00e7\u00f5es dignas de trabalho para os catadores por meio de cooperativas e de uma usina de reciclagem. Cidades do porte de Campo Grande j\u00e1 resolveram em definitivo essa quest\u00e3o do lixo urbano e n\u00e3o convivem mais com fatos t\u00e3o lament\u00e1veis como o ocorrido com o Maikon&#8221;, afirma Vander.<\/p>\n<p><strong>Problema antigo<\/strong><\/p>\n<p>O lix\u00e3o de Campo Grande existe desde 1984 e mesmo ap\u00f3s 27 anos, nenhuma administra\u00e7\u00e3o no Munic\u00edpio solucionou o problema, que sempre frequentou os notici\u00e1rios da cidade. At\u00e9 foi iniciada a constru\u00e7\u00e3o de uma usina de triagem de lixo, mas faz oito anos que a obra se arrasta sem ser conclu\u00edda.<\/p>\n<p>A entrada de crian\u00e7as sem qualquer controle por parte da Prefeitura j\u00e1 foi motivo de A\u00e7\u00e3o Civil P\u00fablica movida em 1999 pelo Minist\u00e9rio P\u00fablico Estadual (MPE) contra o Munic\u00edpio. O Executivo campo-grandense inclusive j\u00e1 foi multado em R$ 5,4 milh\u00f5es por n\u00e3o cumprir uma senten\u00e7a que exigia v\u00e1rias provid\u00eancias relacionadas ao dep\u00f3sito de lixo, incluindo o isolamento da \u00e1rea visando proibir a circula\u00e7\u00e3o de pessoas no local.<\/p>\n<p>Depois de mais de uma d\u00e9cada de tramita\u00e7\u00e3o e sem ter sido julgada em definitivo, o MPE e a Prefeitura firmaram um Termo de Ajustamento de Conduta (TAC), no qual o munic\u00edpio assumiu in\u00fameros compromissos para solucionar o problema da destina\u00e7\u00e3o dos res\u00edduos s\u00f3lidos da Capital e a quest\u00e3o social que envolve os trabalhadores do lix\u00e3o. Contudo, o problema segue sem resolu\u00e7\u00e3o.<\/p>\n<p><span style=\"font-size: 11px;\">(Assessoria de Comunica\u00e7\u00e3o\/Deputado Vander)<\/span><\/p>\n","protected":false},"excerpt":{"rendered":"<p>&#8220;\u00c9 um momento de sil\u00eancio, de ora\u00e7\u00e3o e de solidariedade \u00e0 dor e ao sofrimento da fam\u00edlia desse menino&#8221;, afirmou o deputado.<\/p>\n","protected":false},"author":2,"featured_media":0,"comment_status":"closed","ping_status":"open","sticky":false,"template":"","format":"standard","meta":{"jetpack_post_was_ever_published":false,"_jetpack_newsletter_access":"","_jetpack_dont_email_post_to_subs":false,"_jetpack_newsletter_tier_id":0,"_jetpack_memberships_contains_paywalled_content":false,"_jetpack_memberships_contains_paid_content":false,"footnotes":""},"categories":[10],"tags":[129,207,341,381,529,608,807,936,1166,1167,1178,1249,1302,1322,1334,1336,1609,1655,1660,1685,1786,1910,2020,2033],"class_list":{"0":"post-4242","1":"post","2":"type-post","3":"status-publish","4":"format-standard","6":"category-noticias","7":"tag-andrade","8":"tag-aterro","9":"tag-campo","10":"tag-catadores","11":"tag-correa","12":"tag-deputado","13":"tag-federal","14":"tag-grande","15":"tag-lixao","16":"tag-lixo","17":"tag-loubet","18":"tag-maycon","19":"tag-ministerio","20":"tag-morte","21":"tag-mpe","22":"tag-ms","23":"tag-prefeitura","24":"tag-pt","25":"tag-publico","26":"tag-reciclagem","27":"tag-sanitario","28":"tag-tac","29":"tag-usina","30":"tag-vander"},"yoast_head":"<!-- This site is optimized with the Yoast SEO plugin v27.4 - https:\/\/yoast.com\/product\/yoast-seo-wordpress\/ -->\n<title>Vander se solidariza com fam\u00edlia de Maikon e lamenta exist\u00eancia de lix\u00e3o<\/title>\n<meta name=\"robots\" content=\"index, follow, max-snippet:-1, max-image-preview:large, max-video-preview:-1\" \/>\n<link rel=\"canonical\" href=\"https:\/\/vanderloubet.com.br\/deputado\/vander-se-solidariza-com-familia-de-maikon-e-lamenta-lixao-em-campo-grande\/\" \/>\n<meta property=\"og:locale\" content=\"pt_BR\" \/>\n<meta property=\"og:type\" content=\"article\" \/>\n<meta property=\"og:title\" content=\"Vander se solidariza com fam\u00edlia de Maikon e lamenta exist\u00eancia de lix\u00e3o\" \/>\n<meta property=\"og:description\" content=\"&quot;\u00c9 um momento de sil\u00eancio, de ora\u00e7\u00e3o e de solidariedade \u00e0 dor e ao sofrimento da fam\u00edlia desse menino&quot;, afirmou o deputado.\" \/>\n<meta property=\"og:url\" content=\"https:\/\/vanderloubet.com.br\/deputado\/vander-se-solidariza-com-familia-de-maikon-e-lamenta-lixao-em-campo-grande\/\" \/>\n<meta property=\"og:site_name\" content=\"Deputado Federal Vander Loubet\" \/>\n<meta property=\"article:publisher\" content=\"https:\/\/facebook.com\/deputadovander\" \/>\n<meta property=\"article:published_time\" content=\"2011-12-30T19:39:00+00:00\" \/>\n<meta property=\"og:image\" content=\"http:\/\/www.deputadovander.com.br\/website\/wp-content\/uploads\/2011\/12\/foto-2011-12-30-resgate-corpo-maycon-lixao-400x266.jpg\" \/>\n<meta name=\"author\" content=\"\u00c9der\" \/>\n<meta name=\"twitter:card\" content=\"summary_large_image\" \/>\n<meta name=\"twitter:creator\" content=\"@vanderloubet\" \/>\n<meta name=\"twitter:site\" content=\"@vanderloubet\" \/>\n<script type=\"application\/ld+json\" class=\"yoast-schema-graph\">{\"@context\":\"https:\\\/\\\/schema.org\",\"@graph\":[{\"@type\":\"Article\",\"@id\":\"https:\\\/\\\/vanderloubet.com.br\\\/deputado\\\/vander-se-solidariza-com-familia-de-maikon-e-lamenta-lixao-em-campo-grande\\\/#article\",\"isPartOf\":{\"@id\":\"https:\\\/\\\/vanderloubet.com.br\\\/deputado\\\/vander-se-solidariza-com-familia-de-maikon-e-lamenta-lixao-em-campo-grande\\\/\"},\"author\":{\"name\":\"\u00c9der\",\"@id\":\"https:\\\/\\\/vanderloubet.com.br\\\/deputado\\\/#\\\/schema\\\/person\\\/15b51bd564532a8a68d9dec1b8eb890e\"},\"headline\":\"Vander se solidariza com fam\u00edlia de Maikon e lamenta exist\u00eancia de lix\u00e3o\",\"datePublished\":\"2011-12-30T19:39:00+00:00\",\"mainEntityOfPage\":{\"@id\":\"https:\\\/\\\/vanderloubet.com.br\\\/deputado\\\/vander-se-solidariza-com-familia-de-maikon-e-lamenta-lixao-em-campo-grande\\\/\"},\"wordCount\":540,\"publisher\":{\"@id\":\"https:\\\/\\\/vanderloubet.com.br\\\/deputado\\\/#organization\"},\"image\":{\"@id\":\"https:\\\/\\\/vanderloubet.com.br\\\/deputado\\\/vander-se-solidariza-com-familia-de-maikon-e-lamenta-lixao-em-campo-grande\\\/#primaryimage\"},\"thumbnailUrl\":\"http:\\\/\\\/www.deputadovander.com.br\\\/website\\\/wp-content\\\/uploads\\\/2011\\\/12\\\/foto-2011-12-30-resgate-corpo-maycon-lixao-400x266.jpg\",\"keywords\":[\"andrade\",\"aterro\",\"campo\",\"catadores\",\"corr\u00eaa\",\"deputado\",\"federal\",\"grande\",\"lix\u00e3o\",\"lixo\",\"loubet\",\"maycon\",\"minist\u00e9rio\",\"morte\",\"mpe\",\"MS\",\"prefeitura\",\"PT\",\"p\u00fablico\",\"reciclagem\",\"sanit\u00e1rio\",\"tac\",\"usina\",\"vander\"],\"articleSection\":[\"Not\u00edcias\"],\"inLanguage\":\"pt-BR\"},{\"@type\":\"WebPage\",\"@id\":\"https:\\\/\\\/vanderloubet.com.br\\\/deputado\\\/vander-se-solidariza-com-familia-de-maikon-e-lamenta-lixao-em-campo-grande\\\/\",\"url\":\"https:\\\/\\\/vanderloubet.com.br\\\/deputado\\\/vander-se-solidariza-com-familia-de-maikon-e-lamenta-lixao-em-campo-grande\\\/\",\"name\":\"Vander se solidariza com fam\u00edlia de Maikon e lamenta exist\u00eancia de lix\u00e3o\",\"isPartOf\":{\"@id\":\"https:\\\/\\\/vanderloubet.com.br\\\/deputado\\\/#website\"},\"primaryImageOfPage\":{\"@id\":\"https:\\\/\\\/vanderloubet.com.br\\\/deputado\\\/vander-se-solidariza-com-familia-de-maikon-e-lamenta-lixao-em-campo-grande\\\/#primaryimage\"},\"image\":{\"@id\":\"https:\\\/\\\/vanderloubet.com.br\\\/deputado\\\/vander-se-solidariza-com-familia-de-maikon-e-lamenta-lixao-em-campo-grande\\\/#primaryimage\"},\"thumbnailUrl\":\"http:\\\/\\\/www.deputadovander.com.br\\\/website\\\/wp-content\\\/uploads\\\/2011\\\/12\\\/foto-2011-12-30-resgate-corpo-maycon-lixao-400x266.jpg\",\"datePublished\":\"2011-12-30T19:39:00+00:00\",\"breadcrumb\":{\"@id\":\"https:\\\/\\\/vanderloubet.com.br\\\/deputado\\\/vander-se-solidariza-com-familia-de-maikon-e-lamenta-lixao-em-campo-grande\\\/#breadcrumb\"},\"inLanguage\":\"pt-BR\",\"potentialAction\":[{\"@type\":\"ReadAction\",\"target\":[\"https:\\\/\\\/vanderloubet.com.br\\\/deputado\\\/vander-se-solidariza-com-familia-de-maikon-e-lamenta-lixao-em-campo-grande\\\/\"]}]},{\"@type\":\"ImageObject\",\"inLanguage\":\"pt-BR\",\"@id\":\"https:\\\/\\\/vanderloubet.com.br\\\/deputado\\\/vander-se-solidariza-com-familia-de-maikon-e-lamenta-lixao-em-campo-grande\\\/#primaryimage\",\"url\":\"http:\\\/\\\/www.deputadovander.com.br\\\/website\\\/wp-content\\\/uploads\\\/2011\\\/12\\\/foto-2011-12-30-resgate-corpo-maycon-lixao-400x266.jpg\",\"contentUrl\":\"http:\\\/\\\/www.deputadovander.com.br\\\/website\\\/wp-content\\\/uploads\\\/2011\\\/12\\\/foto-2011-12-30-resgate-corpo-maycon-lixao-400x266.jpg\"},{\"@type\":\"BreadcrumbList\",\"@id\":\"https:\\\/\\\/vanderloubet.com.br\\\/deputado\\\/vander-se-solidariza-com-familia-de-maikon-e-lamenta-lixao-em-campo-grande\\\/#breadcrumb\",\"itemListElement\":[{\"@type\":\"ListItem\",\"position\":1,\"name\":\"In\u00edcio\",\"item\":\"https:\\\/\\\/vanderloubet.com.br\\\/deputado\\\/\"},{\"@type\":\"ListItem\",\"position\":2,\"name\":\"Vander se solidariza com fam\u00edlia de Maikon e lamenta exist\u00eancia de lix\u00e3o\"}]},{\"@type\":\"WebSite\",\"@id\":\"https:\\\/\\\/vanderloubet.com.br\\\/deputado\\\/#website\",\"url\":\"https:\\\/\\\/vanderloubet.com.br\\\/deputado\\\/\",\"name\":\"Deputado Federal Vander Loubet\",\"description\":\"O Federal de MS\",\"publisher\":{\"@id\":\"https:\\\/\\\/vanderloubet.com.br\\\/deputado\\\/#organization\"},\"alternateName\":\"Deputado Vander\",\"potentialAction\":[{\"@type\":\"SearchAction\",\"target\":{\"@type\":\"EntryPoint\",\"urlTemplate\":\"https:\\\/\\\/vanderloubet.com.br\\\/deputado\\\/?s={search_term_string}\"},\"query-input\":{\"@type\":\"PropertyValueSpecification\",\"valueRequired\":true,\"valueName\":\"search_term_string\"}}],\"inLanguage\":\"pt-BR\"},{\"@type\":\"Organization\",\"@id\":\"https:\\\/\\\/vanderloubet.com.br\\\/deputado\\\/#organization\",\"name\":\"Deputado Federal Vander Loubet\",\"alternateName\":\"Deputado Vander\",\"url\":\"https:\\\/\\\/vanderloubet.com.br\\\/deputado\\\/\",\"logo\":{\"@type\":\"ImageObject\",\"inLanguage\":\"pt-BR\",\"@id\":\"https:\\\/\\\/vanderloubet.com.br\\\/deputado\\\/#\\\/schema\\\/logo\\\/image\\\/\",\"url\":\"https:\\\/\\\/vanderloubet.com.br\\\/deputado\\\/wp-content\\\/uploads\\\/2023\\\/06\\\/foto-2023-06-19-mandato-deputado-vander.jpg\",\"contentUrl\":\"https:\\\/\\\/vanderloubet.com.br\\\/deputado\\\/wp-content\\\/uploads\\\/2023\\\/06\\\/foto-2023-06-19-mandato-deputado-vander.jpg\",\"width\":1080,\"height\":1080,\"caption\":\"Deputado Federal Vander Loubet\"},\"image\":{\"@id\":\"https:\\\/\\\/vanderloubet.com.br\\\/deputado\\\/#\\\/schema\\\/logo\\\/image\\\/\"},\"sameAs\":[\"https:\\\/\\\/facebook.com\\\/deputadovander\",\"https:\\\/\\\/x.com\\\/vanderloubet\",\"https:\\\/\\\/instagram.com\\\/vanderloubet\",\"https:\\\/\\\/youtube.com\\\/vanderloubet\",\"https:\\\/\\\/tiktok.com\\\/@vanderloubetms\"]},{\"@type\":\"Person\",\"@id\":\"https:\\\/\\\/vanderloubet.com.br\\\/deputado\\\/#\\\/schema\\\/person\\\/15b51bd564532a8a68d9dec1b8eb890e\",\"name\":\"\u00c9der\",\"image\":{\"@type\":\"ImageObject\",\"inLanguage\":\"pt-BR\",\"@id\":\"https:\\\/\\\/vanderloubet.com.br\\\/deputado\\\/wp-content\\\/litespeed\\\/avatar\\\/88ca4090d9d5ab1c9495f6ca03b68efa.jpg?ver=1777058957\",\"url\":\"https:\\\/\\\/vanderloubet.com.br\\\/deputado\\\/wp-content\\\/litespeed\\\/avatar\\\/88ca4090d9d5ab1c9495f6ca03b68efa.jpg?ver=1777058957\",\"contentUrl\":\"https:\\\/\\\/vanderloubet.com.br\\\/deputado\\\/wp-content\\\/litespeed\\\/avatar\\\/88ca4090d9d5ab1c9495f6ca03b68efa.jpg?ver=1777058957\",\"caption\":\"\u00c9der\"}}]}<\/script>\n<!-- \/ Yoast SEO plugin. -->","yoast_head_json":{"title":"Vander se solidariza com fam\u00edlia de Maikon e lamenta exist\u00eancia de lix\u00e3o","robots":{"index":"index","follow":"follow","max-snippet":"max-snippet:-1","max-image-preview":"max-image-preview:large","max-video-preview":"max-video-preview:-1"},"canonical":"https:\/\/vanderloubet.com.br\/deputado\/vander-se-solidariza-com-familia-de-maikon-e-lamenta-lixao-em-campo-grande\/","og_locale":"pt_BR","og_type":"article","og_title":"Vander se solidariza com fam\u00edlia de Maikon e lamenta exist\u00eancia de lix\u00e3o","og_description":"\"\u00c9 um momento de sil\u00eancio, de ora\u00e7\u00e3o e de solidariedade \u00e0 dor e ao sofrimento da fam\u00edlia desse menino\", afirmou o deputado.","og_url":"https:\/\/vanderloubet.com.br\/deputado\/vander-se-solidariza-com-familia-de-maikon-e-lamenta-lixao-em-campo-grande\/","og_site_name":"Deputado Federal Vander Loubet","article_publisher":"https:\/\/facebook.com\/deputadovander","article_published_time":"2011-12-30T19:39:00+00:00","og_image":[{"url":"http:\/\/www.deputadovander.com.br\/website\/wp-content\/uploads\/2011\/12\/foto-2011-12-30-resgate-corpo-maycon-lixao-400x266.jpg","type":"","width":"","height":""}],"author":"\u00c9der","twitter_card":"summary_large_image","twitter_creator":"@vanderloubet","twitter_site":"@vanderloubet","schema":{"@context":"https:\/\/schema.org","@graph":[{"@type":"Article","@id":"https:\/\/vanderloubet.com.br\/deputado\/vander-se-solidariza-com-familia-de-maikon-e-lamenta-lixao-em-campo-grande\/#article","isPartOf":{"@id":"https:\/\/vanderloubet.com.br\/deputado\/vander-se-solidariza-com-familia-de-maikon-e-lamenta-lixao-em-campo-grande\/"},"author":{"name":"\u00c9der","@id":"https:\/\/vanderloubet.com.br\/deputado\/#\/schema\/person\/15b51bd564532a8a68d9dec1b8eb890e"},"headline":"Vander se solidariza com fam\u00edlia de Maikon e lamenta exist\u00eancia de lix\u00e3o","datePublished":"2011-12-30T19:39:00+00:00","mainEntityOfPage":{"@id":"https:\/\/vanderloubet.com.br\/deputado\/vander-se-solidariza-com-familia-de-maikon-e-lamenta-lixao-em-campo-grande\/"},"wordCount":540,"publisher":{"@id":"https:\/\/vanderloubet.com.br\/deputado\/#organization"},"image":{"@id":"https:\/\/vanderloubet.com.br\/deputado\/vander-se-solidariza-com-familia-de-maikon-e-lamenta-lixao-em-campo-grande\/#primaryimage"},"thumbnailUrl":"http:\/\/www.deputadovander.com.br\/website\/wp-content\/uploads\/2011\/12\/foto-2011-12-30-resgate-corpo-maycon-lixao-400x266.jpg","keywords":["andrade","aterro","campo","catadores","corr\u00eaa","deputado","federal","grande","lix\u00e3o","lixo","loubet","maycon","minist\u00e9rio","morte","mpe","MS","prefeitura","PT","p\u00fablico","reciclagem","sanit\u00e1rio","tac","usina","vander"],"articleSection":["Not\u00edcias"],"inLanguage":"pt-BR"},{"@type":"WebPage","@id":"https:\/\/vanderloubet.com.br\/deputado\/vander-se-solidariza-com-familia-de-maikon-e-lamenta-lixao-em-campo-grande\/","url":"https:\/\/vanderloubet.com.br\/deputado\/vander-se-solidariza-com-familia-de-maikon-e-lamenta-lixao-em-campo-grande\/","name":"Vander se solidariza com fam\u00edlia de Maikon e lamenta exist\u00eancia de lix\u00e3o","isPartOf":{"@id":"https:\/\/vanderloubet.com.br\/deputado\/#website"},"primaryImageOfPage":{"@id":"https:\/\/vanderloubet.com.br\/deputado\/vander-se-solidariza-com-familia-de-maikon-e-lamenta-lixao-em-campo-grande\/#primaryimage"},"image":{"@id":"https:\/\/vanderloubet.com.br\/deputado\/vander-se-solidariza-com-familia-de-maikon-e-lamenta-lixao-em-campo-grande\/#primaryimage"},"thumbnailUrl":"http:\/\/www.deputadovander.com.br\/website\/wp-content\/uploads\/2011\/12\/foto-2011-12-30-resgate-corpo-maycon-lixao-400x266.jpg","datePublished":"2011-12-30T19:39:00+00:00","breadcrumb":{"@id":"https:\/\/vanderloubet.com.br\/deputado\/vander-se-solidariza-com-familia-de-maikon-e-lamenta-lixao-em-campo-grande\/#breadcrumb"},"inLanguage":"pt-BR","potentialAction":[{"@type":"ReadAction","target":["https:\/\/vanderloubet.com.br\/deputado\/vander-se-solidariza-com-familia-de-maikon-e-lamenta-lixao-em-campo-grande\/"]}]},{"@type":"ImageObject","inLanguage":"pt-BR","@id":"https:\/\/vanderloubet.com.br\/deputado\/vander-se-solidariza-com-familia-de-maikon-e-lamenta-lixao-em-campo-grande\/#primaryimage","url":"http:\/\/www.deputadovander.com.br\/website\/wp-content\/uploads\/2011\/12\/foto-2011-12-30-resgate-corpo-maycon-lixao-400x266.jpg","contentUrl":"http:\/\/www.deputadovander.com.br\/website\/wp-content\/uploads\/2011\/12\/foto-2011-12-30-resgate-corpo-maycon-lixao-400x266.jpg"},{"@type":"BreadcrumbList","@id":"https:\/\/vanderloubet.com.br\/deputado\/vander-se-solidariza-com-familia-de-maikon-e-lamenta-lixao-em-campo-grande\/#breadcrumb","itemListElement":[{"@type":"ListItem","position":1,"name":"In\u00edcio","item":"https:\/\/vanderloubet.com.br\/deputado\/"},{"@type":"ListItem","position":2,"name":"Vander se solidariza com fam\u00edlia de Maikon e lamenta exist\u00eancia de lix\u00e3o"}]},{"@type":"WebSite","@id":"https:\/\/vanderloubet.com.br\/deputado\/#website","url":"https:\/\/vanderloubet.com.br\/deputado\/","name":"Deputado Federal Vander Loubet","description":"O Federal de MS","publisher":{"@id":"https:\/\/vanderloubet.com.br\/deputado\/#organization"},"alternateName":"Deputado Vander","potentialAction":[{"@type":"SearchAction","target":{"@type":"EntryPoint","urlTemplate":"https:\/\/vanderloubet.com.br\/deputado\/?s={search_term_string}"},"query-input":{"@type":"PropertyValueSpecification","valueRequired":true,"valueName":"search_term_string"}}],"inLanguage":"pt-BR"},{"@type":"Organization","@id":"https:\/\/vanderloubet.com.br\/deputado\/#organization","name":"Deputado Federal Vander Loubet","alternateName":"Deputado Vander","url":"https:\/\/vanderloubet.com.br\/deputado\/","logo":{"@type":"ImageObject","inLanguage":"pt-BR","@id":"https:\/\/vanderloubet.com.br\/deputado\/#\/schema\/logo\/image\/","url":"https:\/\/vanderloubet.com.br\/deputado\/wp-content\/uploads\/2023\/06\/foto-2023-06-19-mandato-deputado-vander.jpg","contentUrl":"https:\/\/vanderloubet.com.br\/deputado\/wp-content\/uploads\/2023\/06\/foto-2023-06-19-mandato-deputado-vander.jpg","width":1080,"height":1080,"caption":"Deputado Federal Vander Loubet"},"image":{"@id":"https:\/\/vanderloubet.com.br\/deputado\/#\/schema\/logo\/image\/"},"sameAs":["https:\/\/facebook.com\/deputadovander","https:\/\/x.com\/vanderloubet","https:\/\/instagram.com\/vanderloubet","https:\/\/youtube.com\/vanderloubet","https:\/\/tiktok.com\/@vanderloubetms"]},{"@type":"Person","@id":"https:\/\/vanderloubet.com.br\/deputado\/#\/schema\/person\/15b51bd564532a8a68d9dec1b8eb890e","name":"\u00c9der","image":{"@type":"ImageObject","inLanguage":"pt-BR","@id":"https:\/\/vanderloubet.com.br\/deputado\/wp-content\/litespeed\/avatar\/88ca4090d9d5ab1c9495f6ca03b68efa.jpg?ver=1777058957","url":"https:\/\/vanderloubet.com.br\/deputado\/wp-content\/litespeed\/avatar\/88ca4090d9d5ab1c9495f6ca03b68efa.jpg?ver=1777058957","contentUrl":"https:\/\/vanderloubet.com.br\/deputado\/wp-content\/litespeed\/avatar\/88ca4090d9d5ab1c9495f6ca03b68efa.jpg?ver=1777058957","caption":"\u00c9der"}}]}},"jetpack_featured_media_url":"","jetpack_sharing_enabled":true,"_links":{"self":[{"href":"https:\/\/vanderloubet.com.br\/deputado\/wp-json\/wp\/v2\/posts\/4242","targetHints":{"allow":["GET"]}}],"collection":[{"href":"https:\/\/vanderloubet.com.br\/deputado\/wp-json\/wp\/v2\/posts"}],"about":[{"href":"https:\/\/vanderloubet.com.br\/deputado\/wp-json\/wp\/v2\/types\/post"}],"author":[{"embeddable":true,"href":"https:\/\/vanderloubet.com.br\/deputado\/wp-json\/wp\/v2\/users\/2"}],"replies":[{"embeddable":true,"href":"https:\/\/vanderloubet.com.br\/deputado\/wp-json\/wp\/v2\/comments?post=4242"}],"version-history":[{"count":0,"href":"https:\/\/vanderloubet.com.br\/deputado\/wp-json\/wp\/v2\/posts\/4242\/revisions"}],"wp:attachment":[{"href":"https:\/\/vanderloubet.com.br\/deputado\/wp-json\/wp\/v2\/media?parent=4242"}],"wp:term":[{"taxonomy":"category","embeddable":true,"href":"https:\/\/vanderloubet.com.br\/deputado\/wp-json\/wp\/v2\/categories?post=4242"},{"taxonomy":"post_tag","embeddable":true,"href":"https:\/\/vanderloubet.com.br\/deputado\/wp-json\/wp\/v2\/tags?post=4242"}],"curies":[{"name":"wp","href":"https:\/\/api.w.org\/{rel}","templated":true}]}}