{"id":4231,"date":"2011-12-29T14:28:12","date_gmt":"2011-12-29T18:28:12","guid":{"rendered":"http:\/\/www.deputadovander.com.br\/website\/?p=4231"},"modified":"2011-12-29T14:28:12","modified_gmt":"2011-12-29T18:28:12","slug":"ministra-gleisi-ratifica-a-vander-compromisso-do-governo-com-campo-grande-e-ms","status":"publish","type":"post","link":"https:\/\/vanderloubet.com.br\/deputado\/ministra-gleisi-ratifica-a-vander-compromisso-do-governo-com-campo-grande-e-ms\/","title":{"rendered":"Gleisi ratifica a Vander compromisso do governo com Campo Grande e MS"},"content":{"rendered":"<figure id=\"attachment_4232\" aria-describedby=\"caption-attachment-4232\" style=\"width: 400px\" class=\"wp-caption aligncenter\"><a href=\"http:\/\/www.deputadovander.com.br\/website\/wp-content\/uploads\/2011\/12\/foto-2011-12-29-deputado-vander-ministra-gleisi.jpg\" target=\"_blank\"><img decoding=\"async\" class=\"size-medium wp-image-4232 \" title=\"foto-2011-12-29-deputado-vander-ministra-gleisi\" src=\"http:\/\/www.deputadovander.com.br\/website\/wp-content\/uploads\/2011\/12\/foto-2011-12-29-deputado-vander-ministra-gleisi-400x266.jpg\" alt=\"Deputado Vander e ministra Gleisi em reuni\u00e3o na Casa Civil\" width=\"400\" height=\"266\" \/><\/a><figcaption id=\"caption-attachment-4232\" class=\"wp-caption-text\">Deputado Vander e ministra Gleisi em reuni\u00e3o na Casa Civil<\/figcaption><\/figure>\n<p>Em visita de cortesia na manh\u00e3 de hoje (29) \u00e0 Casa Civil da Presid\u00eancia, em Bras\u00edlia (DF), o deputado federal Vander Loubet (PT-MS) esteve com a ministra-chefe Gleisi Hoffmann, a quem passou seus votos de um excelente Ano Novo \u00e0 presidenta Dilma Rousseff, \u00e0 pr\u00f3pria ministra e \u00e0 toda equipe ministerial do Planalto. Na ocasi\u00e3o, Vander aproveitou para elogiar o trabalho de Gleisi e para tratar de interesses da popula\u00e7\u00e3o de Mato Grosso do Sul.<\/p>\n<p>&#8220;Acredito que esse ano de 2011 foi bastante desafiador para a Gleisi, que assumiu a Casa Civil num momento decisivo, quando o governo da Dilma ainda estava no come\u00e7o. Ela se saiu muito bem ao meu ver e, pela nossa rela\u00e7\u00e3o de amizade, achei importante transmitir \u00e0 ela minha admira\u00e7\u00e3o pelo trabalho que ela realizou, at\u00e9 como forma de apoi\u00e1-la para que, no ano que vem, a Casa Civil possa ter um desempenho ainda melhor&#8221;, afirma o parlamentar sul-mato-grossense, fazendo men\u00e7\u00e3o ao per\u00edodo em que Gleisi Hoffmann foi secret\u00e1ria de Reestrutura\u00e7\u00e3o Administrativa no primeiro governo de Zeca do PT em Mato Grosso do Sul. &#8220;Al\u00e9m disso, n\u00e3o podia deixar de agradecer o empenho para a libera\u00e7\u00e3o de emendas e investimentos para os nossos munic\u00edpios. Sem d\u00favida, o carinho dela por MS foi importante nessa quest\u00e3o&#8221;, completa.<\/p>\n<p><strong>Compromisso<\/strong><\/p>\n<p>Durante a reuni\u00e3o, o deputado Vander levou \u00e0 ministra-chefe da Casa Civil alguns pedidos referentes \u00e0 investimentos para os munic\u00edpios de Mato Grosso do Sul, que foram prontamente atendidos por Gleisi. Fazem parte dos pleitos atendidos emendas que somam mais de R$ 1,7 milh\u00e3o para constru\u00e7\u00e3o, reforma e\/ou amplia\u00e7\u00e3o de postos de sa\u00fade em sete cidades (Aparecida do Taboado, Camapu\u00e3, Chapad\u00e3o do Sul, Dois Irm\u00e3os do Buriti, Brasil\u00e2ndia, Douradina e Rio Brilhante) e para constru\u00e7\u00e3o de academias de sa\u00fade em outras tr\u00eas (Brasil\u00e2ndia, Eldorado e Coronel Sapucaia). Tamb\u00e9m est\u00e3o na lista emendas para aquisi\u00e7\u00e3o de patrulhas mecanizadas para atender a agricultura familiar em Anast\u00e1cio, Dois Irm\u00e3os do Buriti e Amambai, que totalizam R$ 292,5 mil.<\/p>\n<p>Gleisi tamb\u00e9m ratificou a Vander o compromisso do governo federal com Campo Grande e com todo o Mato Grosso do Sul, destacando que o governo Dilma, assim como foi no governo Lula, segue focada nos investimentos que garantam uma vida melhor aos brasileiros e brasileiras. E avisou: pretende visitar o estado em 2012.<\/p>\n<p><strong>Balan\u00e7o<\/strong><\/p>\n<p>O deputado Vander aproveitou a ocasi\u00e3o para fazer um balan\u00e7o dos recursos liberados pelo governo federal por meio do seu mandato. Al\u00e9m dos recursos viabilizados na conversa com a ministra Gleisi, foram mais de R$ 12,6 milh\u00f5es em investimentos, entre emendas individuais e de bancada, contemplando 25 munic\u00edpios em cinco \u00e1reas: sa\u00fade, infraestrutura, pesca, agricultura familiar, turismo e esporte.<\/p>\n<p>&#8220;Apesar de ter sido um ano de ajustes na Uni\u00e3o, a presidenta Dilma n\u00e3o descuidou da aten\u00e7\u00e3o aos munic\u00edpios. O governo federal sabe da import\u00e2ncia dessas emendas para as prefeituras. Isso sem falar no PAC [Plano de Acelera\u00e7\u00e3o do Crescimento], que tem contemplado muitos munic\u00edpios de Mato Grosso do Sul, sobretudo a capital Campo Grande. Tenho certeza que em 2012 esses investimentos v\u00e3o crescer, mais emendas ser\u00e3o liberadas e o Brasil e as cidades do nosso estado ser\u00e3o muito beneficiadas&#8221;, conclui Vander.<\/p>\n<p><span style=\"font-size: 11px;\">(\u00c9der Yanaguita\/Assessoria Deputado Vander)<\/span><\/p>\n","protected":false},"excerpt":{"rendered":"<p>Durante reuni\u00e3o, Vander viabilizou quase R$ 2 milh\u00f5es para 12 munic\u00edpios e fez balan\u00e7o sobre investimentos para MS.<\/p>\n","protected":false},"author":2,"featured_media":0,"comment_status":"closed","ping_status":"open","sticky":false,"template":"","format":"standard","meta":{"jetpack_post_was_ever_published":false,"_jetpack_newsletter_access":"","_jetpack_dont_email_post_to_subs":false,"_jetpack_newsletter_tier_id":0,"_jetpack_memberships_contains_paywalled_content":false,"_jetpack_memberships_contains_paid_content":false,"footnotes":""},"categories":[10],"tags":[341,375,451,608,631,710,807,922,931,936,967,1178,1189,1304,1336,1445,1655,1803,2033],"class_list":{"0":"post-4231","1":"post","2":"type-post","3":"status-publish","4":"format-standard","6":"category-noticias","7":"tag-campo","8":"tag-casa","9":"tag-civil","10":"tag-deputado","11":"tag-dilma","12":"tag-emendas","13":"tag-federal","14":"tag-gleisi","15":"tag-governo","16":"tag-grande","17":"tag-hoffmann","18":"tag-loubet","19":"tag-lula","20":"tag-ministra","21":"tag-ms","22":"tag-pac","23":"tag-pt","24":"tag-saude","25":"tag-vander"},"yoast_head":"<!-- This site is optimized with the Yoast SEO plugin v27.4 - https:\/\/yoast.com\/product\/yoast-seo-wordpress\/ -->\n<title>Gleisi ratifica a Vander compromisso do governo com Campo Grande e MS<\/title>\n<meta name=\"robots\" content=\"index, follow, max-snippet:-1, max-image-preview:large, max-video-preview:-1\" \/>\n<link rel=\"canonical\" href=\"https:\/\/vanderloubet.com.br\/deputado\/ministra-gleisi-ratifica-a-vander-compromisso-do-governo-com-campo-grande-e-ms\/\" \/>\n<meta property=\"og:locale\" content=\"pt_BR\" \/>\n<meta property=\"og:type\" content=\"article\" \/>\n<meta property=\"og:title\" content=\"Gleisi ratifica a Vander compromisso do governo com Campo Grande e MS\" \/>\n<meta property=\"og:description\" content=\"Durante reuni\u00e3o, Vander viabilizou quase R$ 2 milh\u00f5es para 12 munic\u00edpios e fez balan\u00e7o sobre investimentos para MS.\" \/>\n<meta property=\"og:url\" content=\"https:\/\/vanderloubet.com.br\/deputado\/ministra-gleisi-ratifica-a-vander-compromisso-do-governo-com-campo-grande-e-ms\/\" \/>\n<meta property=\"og:site_name\" content=\"Deputado Federal Vander Loubet\" \/>\n<meta property=\"article:publisher\" content=\"https:\/\/facebook.com\/deputadovander\" \/>\n<meta property=\"article:published_time\" content=\"2011-12-29T18:28:12+00:00\" \/>\n<meta property=\"og:image\" content=\"http:\/\/www.deputadovander.com.br\/website\/wp-content\/uploads\/2011\/12\/foto-2011-12-29-deputado-vander-ministra-gleisi-400x266.jpg\" \/>\n<meta name=\"author\" content=\"\u00c9der\" \/>\n<meta name=\"twitter:card\" content=\"summary_large_image\" \/>\n<meta name=\"twitter:creator\" content=\"@vanderloubet\" \/>\n<meta name=\"twitter:site\" content=\"@vanderloubet\" \/>\n<script type=\"application\/ld+json\" class=\"yoast-schema-graph\">{\"@context\":\"https:\\\/\\\/schema.org\",\"@graph\":[{\"@type\":\"Article\",\"@id\":\"https:\\\/\\\/vanderloubet.com.br\\\/deputado\\\/ministra-gleisi-ratifica-a-vander-compromisso-do-governo-com-campo-grande-e-ms\\\/#article\",\"isPartOf\":{\"@id\":\"https:\\\/\\\/vanderloubet.com.br\\\/deputado\\\/ministra-gleisi-ratifica-a-vander-compromisso-do-governo-com-campo-grande-e-ms\\\/\"},\"author\":{\"name\":\"\u00c9der\",\"@id\":\"https:\\\/\\\/vanderloubet.com.br\\\/deputado\\\/#\\\/schema\\\/person\\\/15b51bd564532a8a68d9dec1b8eb890e\"},\"headline\":\"Gleisi ratifica a Vander compromisso do governo com Campo Grande e MS\",\"datePublished\":\"2011-12-29T18:28:12+00:00\",\"mainEntityOfPage\":{\"@id\":\"https:\\\/\\\/vanderloubet.com.br\\\/deputado\\\/ministra-gleisi-ratifica-a-vander-compromisso-do-governo-com-campo-grande-e-ms\\\/\"},\"wordCount\":599,\"publisher\":{\"@id\":\"https:\\\/\\\/vanderloubet.com.br\\\/deputado\\\/#organization\"},\"image\":{\"@id\":\"https:\\\/\\\/vanderloubet.com.br\\\/deputado\\\/ministra-gleisi-ratifica-a-vander-compromisso-do-governo-com-campo-grande-e-ms\\\/#primaryimage\"},\"thumbnailUrl\":\"http:\\\/\\\/www.deputadovander.com.br\\\/website\\\/wp-content\\\/uploads\\\/2011\\\/12\\\/foto-2011-12-29-deputado-vander-ministra-gleisi-400x266.jpg\",\"keywords\":[\"campo\",\"casa\",\"civil\",\"deputado\",\"dilma\",\"emendas\",\"federal\",\"gleisi\",\"governo\",\"grande\",\"hoffmann\",\"loubet\",\"lula\",\"ministra\",\"MS\",\"pac\",\"PT\",\"sa\u00fade\",\"vander\"],\"articleSection\":[\"Not\u00edcias\"],\"inLanguage\":\"pt-BR\"},{\"@type\":\"WebPage\",\"@id\":\"https:\\\/\\\/vanderloubet.com.br\\\/deputado\\\/ministra-gleisi-ratifica-a-vander-compromisso-do-governo-com-campo-grande-e-ms\\\/\",\"url\":\"https:\\\/\\\/vanderloubet.com.br\\\/deputado\\\/ministra-gleisi-ratifica-a-vander-compromisso-do-governo-com-campo-grande-e-ms\\\/\",\"name\":\"Gleisi ratifica a Vander compromisso do governo com Campo Grande e MS\",\"isPartOf\":{\"@id\":\"https:\\\/\\\/vanderloubet.com.br\\\/deputado\\\/#website\"},\"primaryImageOfPage\":{\"@id\":\"https:\\\/\\\/vanderloubet.com.br\\\/deputado\\\/ministra-gleisi-ratifica-a-vander-compromisso-do-governo-com-campo-grande-e-ms\\\/#primaryimage\"},\"image\":{\"@id\":\"https:\\\/\\\/vanderloubet.com.br\\\/deputado\\\/ministra-gleisi-ratifica-a-vander-compromisso-do-governo-com-campo-grande-e-ms\\\/#primaryimage\"},\"thumbnailUrl\":\"http:\\\/\\\/www.deputadovander.com.br\\\/website\\\/wp-content\\\/uploads\\\/2011\\\/12\\\/foto-2011-12-29-deputado-vander-ministra-gleisi-400x266.jpg\",\"datePublished\":\"2011-12-29T18:28:12+00:00\",\"breadcrumb\":{\"@id\":\"https:\\\/\\\/vanderloubet.com.br\\\/deputado\\\/ministra-gleisi-ratifica-a-vander-compromisso-do-governo-com-campo-grande-e-ms\\\/#breadcrumb\"},\"inLanguage\":\"pt-BR\",\"potentialAction\":[{\"@type\":\"ReadAction\",\"target\":[\"https:\\\/\\\/vanderloubet.com.br\\\/deputado\\\/ministra-gleisi-ratifica-a-vander-compromisso-do-governo-com-campo-grande-e-ms\\\/\"]}]},{\"@type\":\"ImageObject\",\"inLanguage\":\"pt-BR\",\"@id\":\"https:\\\/\\\/vanderloubet.com.br\\\/deputado\\\/ministra-gleisi-ratifica-a-vander-compromisso-do-governo-com-campo-grande-e-ms\\\/#primaryimage\",\"url\":\"http:\\\/\\\/www.deputadovander.com.br\\\/website\\\/wp-content\\\/uploads\\\/2011\\\/12\\\/foto-2011-12-29-deputado-vander-ministra-gleisi-400x266.jpg\",\"contentUrl\":\"http:\\\/\\\/www.deputadovander.com.br\\\/website\\\/wp-content\\\/uploads\\\/2011\\\/12\\\/foto-2011-12-29-deputado-vander-ministra-gleisi-400x266.jpg\"},{\"@type\":\"BreadcrumbList\",\"@id\":\"https:\\\/\\\/vanderloubet.com.br\\\/deputado\\\/ministra-gleisi-ratifica-a-vander-compromisso-do-governo-com-campo-grande-e-ms\\\/#breadcrumb\",\"itemListElement\":[{\"@type\":\"ListItem\",\"position\":1,\"name\":\"In\u00edcio\",\"item\":\"https:\\\/\\\/vanderloubet.com.br\\\/deputado\\\/\"},{\"@type\":\"ListItem\",\"position\":2,\"name\":\"Gleisi ratifica a Vander compromisso do governo com Campo Grande e MS\"}]},{\"@type\":\"WebSite\",\"@id\":\"https:\\\/\\\/vanderloubet.com.br\\\/deputado\\\/#website\",\"url\":\"https:\\\/\\\/vanderloubet.com.br\\\/deputado\\\/\",\"name\":\"Deputado Federal Vander Loubet\",\"description\":\"O Federal de MS\",\"publisher\":{\"@id\":\"https:\\\/\\\/vanderloubet.com.br\\\/deputado\\\/#organization\"},\"alternateName\":\"Deputado Vander\",\"potentialAction\":[{\"@type\":\"SearchAction\",\"target\":{\"@type\":\"EntryPoint\",\"urlTemplate\":\"https:\\\/\\\/vanderloubet.com.br\\\/deputado\\\/?s={search_term_string}\"},\"query-input\":{\"@type\":\"PropertyValueSpecification\",\"valueRequired\":true,\"valueName\":\"search_term_string\"}}],\"inLanguage\":\"pt-BR\"},{\"@type\":\"Organization\",\"@id\":\"https:\\\/\\\/vanderloubet.com.br\\\/deputado\\\/#organization\",\"name\":\"Deputado Federal Vander Loubet\",\"alternateName\":\"Deputado Vander\",\"url\":\"https:\\\/\\\/vanderloubet.com.br\\\/deputado\\\/\",\"logo\":{\"@type\":\"ImageObject\",\"inLanguage\":\"pt-BR\",\"@id\":\"https:\\\/\\\/vanderloubet.com.br\\\/deputado\\\/#\\\/schema\\\/logo\\\/image\\\/\",\"url\":\"https:\\\/\\\/vanderloubet.com.br\\\/deputado\\\/wp-content\\\/uploads\\\/2023\\\/06\\\/foto-2023-06-19-mandato-deputado-vander.jpg\",\"contentUrl\":\"https:\\\/\\\/vanderloubet.com.br\\\/deputado\\\/wp-content\\\/uploads\\\/2023\\\/06\\\/foto-2023-06-19-mandato-deputado-vander.jpg\",\"width\":1080,\"height\":1080,\"caption\":\"Deputado Federal Vander Loubet\"},\"image\":{\"@id\":\"https:\\\/\\\/vanderloubet.com.br\\\/deputado\\\/#\\\/schema\\\/logo\\\/image\\\/\"},\"sameAs\":[\"https:\\\/\\\/facebook.com\\\/deputadovander\",\"https:\\\/\\\/x.com\\\/vanderloubet\",\"https:\\\/\\\/instagram.com\\\/vanderloubet\",\"https:\\\/\\\/youtube.com\\\/vanderloubet\",\"https:\\\/\\\/tiktok.com\\\/@vanderloubetms\"]},{\"@type\":\"Person\",\"@id\":\"https:\\\/\\\/vanderloubet.com.br\\\/deputado\\\/#\\\/schema\\\/person\\\/15b51bd564532a8a68d9dec1b8eb890e\",\"name\":\"\u00c9der\",\"image\":{\"@type\":\"ImageObject\",\"inLanguage\":\"pt-BR\",\"@id\":\"https:\\\/\\\/vanderloubet.com.br\\\/deputado\\\/wp-content\\\/litespeed\\\/avatar\\\/88ca4090d9d5ab1c9495f6ca03b68efa.jpg?ver=1777058957\",\"url\":\"https:\\\/\\\/vanderloubet.com.br\\\/deputado\\\/wp-content\\\/litespeed\\\/avatar\\\/88ca4090d9d5ab1c9495f6ca03b68efa.jpg?ver=1777058957\",\"contentUrl\":\"https:\\\/\\\/vanderloubet.com.br\\\/deputado\\\/wp-content\\\/litespeed\\\/avatar\\\/88ca4090d9d5ab1c9495f6ca03b68efa.jpg?ver=1777058957\",\"caption\":\"\u00c9der\"}}]}<\/script>\n<!-- \/ Yoast SEO plugin. -->","yoast_head_json":{"title":"Gleisi ratifica a Vander compromisso do governo com Campo Grande e MS","robots":{"index":"index","follow":"follow","max-snippet":"max-snippet:-1","max-image-preview":"max-image-preview:large","max-video-preview":"max-video-preview:-1"},"canonical":"https:\/\/vanderloubet.com.br\/deputado\/ministra-gleisi-ratifica-a-vander-compromisso-do-governo-com-campo-grande-e-ms\/","og_locale":"pt_BR","og_type":"article","og_title":"Gleisi ratifica a Vander compromisso do governo com Campo Grande e MS","og_description":"Durante reuni\u00e3o, Vander viabilizou quase R$ 2 milh\u00f5es para 12 munic\u00edpios e fez balan\u00e7o sobre investimentos para MS.","og_url":"https:\/\/vanderloubet.com.br\/deputado\/ministra-gleisi-ratifica-a-vander-compromisso-do-governo-com-campo-grande-e-ms\/","og_site_name":"Deputado Federal Vander Loubet","article_publisher":"https:\/\/facebook.com\/deputadovander","article_published_time":"2011-12-29T18:28:12+00:00","og_image":[{"url":"http:\/\/www.deputadovander.com.br\/website\/wp-content\/uploads\/2011\/12\/foto-2011-12-29-deputado-vander-ministra-gleisi-400x266.jpg","type":"","width":"","height":""}],"author":"\u00c9der","twitter_card":"summary_large_image","twitter_creator":"@vanderloubet","twitter_site":"@vanderloubet","schema":{"@context":"https:\/\/schema.org","@graph":[{"@type":"Article","@id":"https:\/\/vanderloubet.com.br\/deputado\/ministra-gleisi-ratifica-a-vander-compromisso-do-governo-com-campo-grande-e-ms\/#article","isPartOf":{"@id":"https:\/\/vanderloubet.com.br\/deputado\/ministra-gleisi-ratifica-a-vander-compromisso-do-governo-com-campo-grande-e-ms\/"},"author":{"name":"\u00c9der","@id":"https:\/\/vanderloubet.com.br\/deputado\/#\/schema\/person\/15b51bd564532a8a68d9dec1b8eb890e"},"headline":"Gleisi ratifica a Vander compromisso do governo com Campo Grande e MS","datePublished":"2011-12-29T18:28:12+00:00","mainEntityOfPage":{"@id":"https:\/\/vanderloubet.com.br\/deputado\/ministra-gleisi-ratifica-a-vander-compromisso-do-governo-com-campo-grande-e-ms\/"},"wordCount":599,"publisher":{"@id":"https:\/\/vanderloubet.com.br\/deputado\/#organization"},"image":{"@id":"https:\/\/vanderloubet.com.br\/deputado\/ministra-gleisi-ratifica-a-vander-compromisso-do-governo-com-campo-grande-e-ms\/#primaryimage"},"thumbnailUrl":"http:\/\/www.deputadovander.com.br\/website\/wp-content\/uploads\/2011\/12\/foto-2011-12-29-deputado-vander-ministra-gleisi-400x266.jpg","keywords":["campo","casa","civil","deputado","dilma","emendas","federal","gleisi","governo","grande","hoffmann","loubet","lula","ministra","MS","pac","PT","sa\u00fade","vander"],"articleSection":["Not\u00edcias"],"inLanguage":"pt-BR"},{"@type":"WebPage","@id":"https:\/\/vanderloubet.com.br\/deputado\/ministra-gleisi-ratifica-a-vander-compromisso-do-governo-com-campo-grande-e-ms\/","url":"https:\/\/vanderloubet.com.br\/deputado\/ministra-gleisi-ratifica-a-vander-compromisso-do-governo-com-campo-grande-e-ms\/","name":"Gleisi ratifica a Vander compromisso do governo com Campo Grande e MS","isPartOf":{"@id":"https:\/\/vanderloubet.com.br\/deputado\/#website"},"primaryImageOfPage":{"@id":"https:\/\/vanderloubet.com.br\/deputado\/ministra-gleisi-ratifica-a-vander-compromisso-do-governo-com-campo-grande-e-ms\/#primaryimage"},"image":{"@id":"https:\/\/vanderloubet.com.br\/deputado\/ministra-gleisi-ratifica-a-vander-compromisso-do-governo-com-campo-grande-e-ms\/#primaryimage"},"thumbnailUrl":"http:\/\/www.deputadovander.com.br\/website\/wp-content\/uploads\/2011\/12\/foto-2011-12-29-deputado-vander-ministra-gleisi-400x266.jpg","datePublished":"2011-12-29T18:28:12+00:00","breadcrumb":{"@id":"https:\/\/vanderloubet.com.br\/deputado\/ministra-gleisi-ratifica-a-vander-compromisso-do-governo-com-campo-grande-e-ms\/#breadcrumb"},"inLanguage":"pt-BR","potentialAction":[{"@type":"ReadAction","target":["https:\/\/vanderloubet.com.br\/deputado\/ministra-gleisi-ratifica-a-vander-compromisso-do-governo-com-campo-grande-e-ms\/"]}]},{"@type":"ImageObject","inLanguage":"pt-BR","@id":"https:\/\/vanderloubet.com.br\/deputado\/ministra-gleisi-ratifica-a-vander-compromisso-do-governo-com-campo-grande-e-ms\/#primaryimage","url":"http:\/\/www.deputadovander.com.br\/website\/wp-content\/uploads\/2011\/12\/foto-2011-12-29-deputado-vander-ministra-gleisi-400x266.jpg","contentUrl":"http:\/\/www.deputadovander.com.br\/website\/wp-content\/uploads\/2011\/12\/foto-2011-12-29-deputado-vander-ministra-gleisi-400x266.jpg"},{"@type":"BreadcrumbList","@id":"https:\/\/vanderloubet.com.br\/deputado\/ministra-gleisi-ratifica-a-vander-compromisso-do-governo-com-campo-grande-e-ms\/#breadcrumb","itemListElement":[{"@type":"ListItem","position":1,"name":"In\u00edcio","item":"https:\/\/vanderloubet.com.br\/deputado\/"},{"@type":"ListItem","position":2,"name":"Gleisi ratifica a Vander compromisso do governo com Campo Grande e MS"}]},{"@type":"WebSite","@id":"https:\/\/vanderloubet.com.br\/deputado\/#website","url":"https:\/\/vanderloubet.com.br\/deputado\/","name":"Deputado Federal Vander Loubet","description":"O Federal de MS","publisher":{"@id":"https:\/\/vanderloubet.com.br\/deputado\/#organization"},"alternateName":"Deputado Vander","potentialAction":[{"@type":"SearchAction","target":{"@type":"EntryPoint","urlTemplate":"https:\/\/vanderloubet.com.br\/deputado\/?s={search_term_string}"},"query-input":{"@type":"PropertyValueSpecification","valueRequired":true,"valueName":"search_term_string"}}],"inLanguage":"pt-BR"},{"@type":"Organization","@id":"https:\/\/vanderloubet.com.br\/deputado\/#organization","name":"Deputado Federal Vander Loubet","alternateName":"Deputado Vander","url":"https:\/\/vanderloubet.com.br\/deputado\/","logo":{"@type":"ImageObject","inLanguage":"pt-BR","@id":"https:\/\/vanderloubet.com.br\/deputado\/#\/schema\/logo\/image\/","url":"https:\/\/vanderloubet.com.br\/deputado\/wp-content\/uploads\/2023\/06\/foto-2023-06-19-mandato-deputado-vander.jpg","contentUrl":"https:\/\/vanderloubet.com.br\/deputado\/wp-content\/uploads\/2023\/06\/foto-2023-06-19-mandato-deputado-vander.jpg","width":1080,"height":1080,"caption":"Deputado Federal Vander Loubet"},"image":{"@id":"https:\/\/vanderloubet.com.br\/deputado\/#\/schema\/logo\/image\/"},"sameAs":["https:\/\/facebook.com\/deputadovander","https:\/\/x.com\/vanderloubet","https:\/\/instagram.com\/vanderloubet","https:\/\/youtube.com\/vanderloubet","https:\/\/tiktok.com\/@vanderloubetms"]},{"@type":"Person","@id":"https:\/\/vanderloubet.com.br\/deputado\/#\/schema\/person\/15b51bd564532a8a68d9dec1b8eb890e","name":"\u00c9der","image":{"@type":"ImageObject","inLanguage":"pt-BR","@id":"https:\/\/vanderloubet.com.br\/deputado\/wp-content\/litespeed\/avatar\/88ca4090d9d5ab1c9495f6ca03b68efa.jpg?ver=1777058957","url":"https:\/\/vanderloubet.com.br\/deputado\/wp-content\/litespeed\/avatar\/88ca4090d9d5ab1c9495f6ca03b68efa.jpg?ver=1777058957","contentUrl":"https:\/\/vanderloubet.com.br\/deputado\/wp-content\/litespeed\/avatar\/88ca4090d9d5ab1c9495f6ca03b68efa.jpg?ver=1777058957","caption":"\u00c9der"}}]}},"jetpack_featured_media_url":"","jetpack_sharing_enabled":true,"_links":{"self":[{"href":"https:\/\/vanderloubet.com.br\/deputado\/wp-json\/wp\/v2\/posts\/4231","targetHints":{"allow":["GET"]}}],"collection":[{"href":"https:\/\/vanderloubet.com.br\/deputado\/wp-json\/wp\/v2\/posts"}],"about":[{"href":"https:\/\/vanderloubet.com.br\/deputado\/wp-json\/wp\/v2\/types\/post"}],"author":[{"embeddable":true,"href":"https:\/\/vanderloubet.com.br\/deputado\/wp-json\/wp\/v2\/users\/2"}],"replies":[{"embeddable":true,"href":"https:\/\/vanderloubet.com.br\/deputado\/wp-json\/wp\/v2\/comments?post=4231"}],"version-history":[{"count":0,"href":"https:\/\/vanderloubet.com.br\/deputado\/wp-json\/wp\/v2\/posts\/4231\/revisions"}],"wp:attachment":[{"href":"https:\/\/vanderloubet.com.br\/deputado\/wp-json\/wp\/v2\/media?parent=4231"}],"wp:term":[{"taxonomy":"category","embeddable":true,"href":"https:\/\/vanderloubet.com.br\/deputado\/wp-json\/wp\/v2\/categories?post=4231"},{"taxonomy":"post_tag","embeddable":true,"href":"https:\/\/vanderloubet.com.br\/deputado\/wp-json\/wp\/v2\/tags?post=4231"}],"curies":[{"name":"wp","href":"https:\/\/api.w.org\/{rel}","templated":true}]}}