{"id":4226,"date":"2011-12-27T16:29:36","date_gmt":"2011-12-27T20:29:36","guid":{"rendered":"http:\/\/www.deputadovander.com.br\/website\/?p=4226"},"modified":"2011-12-27T16:29:36","modified_gmt":"2011-12-27T20:29:36","slug":"complexo-lagoa-e-mais-uma-acao-do-pt-em-campo-grande-destaca-vander","status":"publish","type":"post","link":"https:\/\/vanderloubet.com.br\/deputado\/complexo-lagoa-e-mais-uma-acao-do-pt-em-campo-grande-destaca-vander\/","title":{"rendered":"Complexo Lagoa \u00e9 mais uma a\u00e7\u00e3o do PT em Campo Grande, destaca Vander"},"content":{"rendered":"<figure id=\"attachment_4227\" aria-describedby=\"caption-attachment-4227\" style=\"width: 400px\" class=\"wp-caption aligncenter\"><a href=\"http:\/\/www.deputadovander.com.br\/website\/wp-content\/uploads\/2011\/12\/foto-2011-12-27-complexo-lagoa-campo-grande.jpg\" target=\"_blank\"><img decoding=\"async\" class=\"size-medium wp-image-4227 \" title=\"foto-2011-12-27-complexo-lagoa-campo-grande\" src=\"http:\/\/www.deputadovander.com.br\/website\/wp-content\/uploads\/2011\/12\/foto-2011-12-27-complexo-lagoa-campo-grande-400x266.jpg\" alt=\"Avenida L\u00fadio Coelho, pr\u00f3ximo \u00e0 Avenida Duque de Caxias (foto: PMCG)\" width=\"400\" height=\"266\" \/><\/a><figcaption id=\"caption-attachment-4227\" class=\"wp-caption-text\">Avenida L\u00fadio Coelho, pr\u00f3ximo \u00e0 Avenida Duque de Caxias (foto: PMCG)<\/figcaption><\/figure>\n<p>A entrega das obras do Complexo Lagoa,\u00a0realizada\u00a0neste m\u00eas em Campo Grande, \u00e9 mais uma a\u00e7\u00e3o do PT pela Capital, com recursos que\u00a0garantem melhor infraestutura e mais bem estar para a popula\u00e7\u00e3o. Essa \u00e9 a avalia\u00e7\u00e3o do deputado federal Vander Loubet (PT-MS).<\/p>\n<p>&#8220;Gra\u00e7as aos recursos investidos pelo governo federal nas gest\u00f5es de Lula e Dilma, sobretudo os do PAC [Plano de Acelera\u00e7\u00e3o do Crescimento], as fam\u00edlias de Campo Grande est\u00e3o podendo vivenciar um enorme salto em sua qualidade de vida. S\u00e3o obras que melhoram a mobilidade das pessoas, o acesso aos bairros, garantem moradia digna e que deixam nossa cidade ainda mais bonita&#8221;, destaca Vander.<\/p>\n<p>Na regi\u00e3o do C\u00f3rrego Lagoa, foram executadas obras de controle e manejo de \u00e1guas pluviais, controle de enchentes e recupera\u00e7\u00e3o de \u00e1reas degradadas, al\u00e9m de pavimenta\u00e7\u00e3o de dezenas de bairros e da constru\u00e7\u00e3o de quatro novas pontes que v\u00e3o dar seguran\u00e7a e melhorar o acesso da popula\u00e7\u00e3o. Antes, somente uma ponte fazia essa interliga\u00e7\u00e3o. As pontes foram constru\u00eddas nas regi\u00f5es do Buriti\/Jardim S\u00e3o Conrado, Barra da Tijuca 2\/Aquarius, Portal Caiob\u00e1\/Lagoa Bela e Portal Caiob\u00e1\/Lagoa Parque. Entre os bairros pavimentados est\u00e3o S\u00e3o Jorge da Lagoa, Tijuca I e II, Verdes Mares, Oliveira, S\u00e3o Conrado, Santa Em\u00edlia\/Aquarius, Portal Caiob\u00e1, Tarum\u00e3, Barra da Tijuca e Lagoa Parque.<\/p>\n<p><strong>Nova via de liga\u00e7\u00e3o<\/strong><\/p>\n<p>Uma das principais interven\u00e7\u00f5es no Complexo Lagoa \u00e9 uma nova avenida, de pista dupla, marginal ao c\u00f3rrego, com 10,5 km de extens\u00e3o, que come\u00e7a na Avenida Duque de Caxias, na sa\u00edda para Corumb\u00e1 (proximidades da Base A\u00e9rea) e termina no anel rodovi\u00e1rio, na sa\u00edda para Sidrol\u00e2ndia. No trecho entre a Avenida Duque de Caxias e a Rua Ant\u00f4nio Bandeira, denominada Avenida L\u00fadio Martins Coelho, com mais de 4 km de extens\u00e3o, foram aplicados R$ 19,2 milh\u00f5es, sendo R$ 13,6 milh\u00f5es (70,8% do total) vindos do governo federal, por meio do PAC 2. J\u00e1 a faixa que vai da Avenida Ant\u00f4nio Bandeira at\u00e9 o anel vi\u00e1rio, chamada de Avenida Nasri Siufi, com 6 km de extens\u00e3o, teve investimentos de R$ 36 milh\u00f5es, sendo R$ 32 milh\u00f5es (88,8% do total) oriundos do PAC.<\/p>\n<figure id=\"attachment_4228\" aria-describedby=\"caption-attachment-4228\" style=\"width: 400px\" class=\"wp-caption aligncenter\"><a href=\"http:\/\/www.deputadovander.com.br\/website\/wp-content\/uploads\/2011\/12\/foto-2011-12-27-obras-complexo-lagoa-campo-grande.jpg\" target=\"_blank\"><img decoding=\"async\" class=\"size-medium wp-image-4228 \" title=\"foto-2011-12-27-obras-complexo-lagoa-campo-grande\" src=\"http:\/\/www.deputadovander.com.br\/website\/wp-content\/uploads\/2011\/12\/foto-2011-12-27-obras-complexo-lagoa-campo-grande-400x140.jpg\" alt=\"Mapa com parte das obras realizadas ao longo do C\u00f3rrego Lagoa (foto: PMCG)\" width=\"400\" height=\"140\" \/><\/a><figcaption id=\"caption-attachment-4228\" class=\"wp-caption-text\">Mapa com parte das obras realizadas ao longo do C\u00f3rrego Lagoa (foto: PMCG)<\/figcaption><\/figure>\n<p><strong>Parque e moradias dignas<\/strong><\/p>\n<p>Outra obra importante do Complexo Lagoa \u00e9 um parque linear com 97 hectares de \u00e1rea de preserva\u00e7\u00e3o ambiental. Trata-se de um novo espa\u00e7o para o lazer das fam\u00edlias campo-grandenses, que ganharam pistas de caminhada e ciclovias para a pr\u00e1tica de esportes.<\/p>\n<p>Na quest\u00e3o habitacional, as a\u00e7\u00f5es de urbaniza\u00e7\u00e3o do C\u00f3rrego Lagoa garantiram n\u00e3o s\u00f3 asfalto, mas tamb\u00e9m moradia digna para 102 fam\u00edlias (43 do Crato, 27 do Bonan\u00e7a e 30 do Uni\u00e3o), que foram encaminhadas para o Residencial Aquarius, no Bairro Santa Em\u00edlia. Outras 100 fam\u00edlias foram beneficiadas com novas casas no Portal Caiob\u00e1.<\/p>\n<p>&#8220;Campo Grande nunca vivenciou tantas obras transformadoras. E isso \u00e9 resultado da forma de governar do PT, que na Presid\u00eancia da Rep\u00fablica tem focado os investimentos nas cidades. Afinal, investindo nas cidades, o governo federal melhora a vida das pessoas&#8221;, conclui Vander.<\/p>\n<p><span style=\"font-size: 11px;\">(\u00c9der Yanaguita\/Assessoria Deputado Vander, com informa\u00e7\u00f5es do Campo Grande News)<\/span><\/p>\n","protected":false},"excerpt":{"rendered":"<p>Para o deputado, recursos investidos pelos governos de Lula e Dilma garantem salto na qualidade de vida das fam\u00edlias da Capital.<\/p>\n","protected":false},"author":2,"featured_media":0,"comment_status":"closed","ping_status":"open","sticky":false,"template":"","format":"standard","meta":{"jetpack_post_was_ever_published":false,"_jetpack_newsletter_access":"","_jetpack_dont_email_post_to_subs":false,"_jetpack_newsletter_tier_id":0,"_jetpack_memberships_contains_paywalled_content":false,"_jetpack_memberships_contains_paid_content":false,"footnotes":""},"categories":[10],"tags":[190,225,341,469,489,530,608,631,807,931,936,956,1120,1178,1186,1189,1336,1409,1445,1655,2033],"class_list":{"0":"post-4226","1":"post","2":"type-post","3":"status-publish","4":"format-standard","6":"category-noticias","7":"tag-asfalto","8":"tag-avenida","9":"tag-campo","10":"tag-coelho","11":"tag-complexo","12":"tag-corrego","13":"tag-deputado","14":"tag-dilma","15":"tag-federal","16":"tag-governo","17":"tag-grande","18":"tag-habitacao","19":"tag-lagoa","20":"tag-loubet","21":"tag-ludio","22":"tag-lula","23":"tag-ms","24":"tag-obras","25":"tag-pac","26":"tag-pt","27":"tag-vander"},"yoast_head":"<!-- This site is optimized with the Yoast SEO plugin v27.4 - https:\/\/yoast.com\/product\/yoast-seo-wordpress\/ -->\n<title>Complexo Lagoa \u00e9 mais uma a\u00e7\u00e3o do PT em Campo Grande, destaca Vander<\/title>\n<meta name=\"robots\" content=\"index, follow, max-snippet:-1, max-image-preview:large, max-video-preview:-1\" \/>\n<link rel=\"canonical\" href=\"https:\/\/vanderloubet.com.br\/deputado\/complexo-lagoa-e-mais-uma-acao-do-pt-em-campo-grande-destaca-vander\/\" \/>\n<meta property=\"og:locale\" content=\"pt_BR\" \/>\n<meta property=\"og:type\" content=\"article\" \/>\n<meta property=\"og:title\" content=\"Complexo Lagoa \u00e9 mais uma a\u00e7\u00e3o do PT em Campo Grande, destaca Vander\" \/>\n<meta property=\"og:description\" content=\"Para o deputado, recursos investidos pelos governos de Lula e Dilma garantem salto na qualidade de vida das fam\u00edlias da Capital.\" \/>\n<meta property=\"og:url\" content=\"https:\/\/vanderloubet.com.br\/deputado\/complexo-lagoa-e-mais-uma-acao-do-pt-em-campo-grande-destaca-vander\/\" \/>\n<meta property=\"og:site_name\" content=\"Deputado Federal Vander Loubet\" \/>\n<meta property=\"article:publisher\" content=\"https:\/\/facebook.com\/deputadovander\" \/>\n<meta property=\"article:published_time\" content=\"2011-12-27T20:29:36+00:00\" \/>\n<meta property=\"og:image\" content=\"http:\/\/www.deputadovander.com.br\/website\/wp-content\/uploads\/2011\/12\/foto-2011-12-27-complexo-lagoa-campo-grande-400x266.jpg\" \/>\n<meta name=\"author\" content=\"\u00c9der\" \/>\n<meta name=\"twitter:card\" content=\"summary_large_image\" \/>\n<meta name=\"twitter:creator\" content=\"@vanderloubet\" \/>\n<meta name=\"twitter:site\" content=\"@vanderloubet\" \/>\n<script type=\"application\/ld+json\" class=\"yoast-schema-graph\">{\"@context\":\"https:\\\/\\\/schema.org\",\"@graph\":[{\"@type\":\"Article\",\"@id\":\"https:\\\/\\\/vanderloubet.com.br\\\/deputado\\\/complexo-lagoa-e-mais-uma-acao-do-pt-em-campo-grande-destaca-vander\\\/#article\",\"isPartOf\":{\"@id\":\"https:\\\/\\\/vanderloubet.com.br\\\/deputado\\\/complexo-lagoa-e-mais-uma-acao-do-pt-em-campo-grande-destaca-vander\\\/\"},\"author\":{\"name\":\"\u00c9der\",\"@id\":\"https:\\\/\\\/vanderloubet.com.br\\\/deputado\\\/#\\\/schema\\\/person\\\/15b51bd564532a8a68d9dec1b8eb890e\"},\"headline\":\"Complexo Lagoa \u00e9 mais uma a\u00e7\u00e3o do PT em Campo Grande, destaca Vander\",\"datePublished\":\"2011-12-27T20:29:36+00:00\",\"mainEntityOfPage\":{\"@id\":\"https:\\\/\\\/vanderloubet.com.br\\\/deputado\\\/complexo-lagoa-e-mais-uma-acao-do-pt-em-campo-grande-destaca-vander\\\/\"},\"wordCount\":600,\"publisher\":{\"@id\":\"https:\\\/\\\/vanderloubet.com.br\\\/deputado\\\/#organization\"},\"image\":{\"@id\":\"https:\\\/\\\/vanderloubet.com.br\\\/deputado\\\/complexo-lagoa-e-mais-uma-acao-do-pt-em-campo-grande-destaca-vander\\\/#primaryimage\"},\"thumbnailUrl\":\"http:\\\/\\\/www.deputadovander.com.br\\\/website\\\/wp-content\\\/uploads\\\/2011\\\/12\\\/foto-2011-12-27-complexo-lagoa-campo-grande-400x266.jpg\",\"keywords\":[\"asfalto\",\"avenida\",\"campo\",\"coelho\",\"complexo\",\"c\u00f3rrego\",\"deputado\",\"dilma\",\"federal\",\"governo\",\"grande\",\"habita\u00e7\u00e3o\",\"lagoa\",\"loubet\",\"l\u00fadio\",\"lula\",\"MS\",\"obras\",\"pac\",\"PT\",\"vander\"],\"articleSection\":[\"Not\u00edcias\"],\"inLanguage\":\"pt-BR\"},{\"@type\":\"WebPage\",\"@id\":\"https:\\\/\\\/vanderloubet.com.br\\\/deputado\\\/complexo-lagoa-e-mais-uma-acao-do-pt-em-campo-grande-destaca-vander\\\/\",\"url\":\"https:\\\/\\\/vanderloubet.com.br\\\/deputado\\\/complexo-lagoa-e-mais-uma-acao-do-pt-em-campo-grande-destaca-vander\\\/\",\"name\":\"Complexo Lagoa \u00e9 mais uma a\u00e7\u00e3o do PT em Campo Grande, destaca Vander\",\"isPartOf\":{\"@id\":\"https:\\\/\\\/vanderloubet.com.br\\\/deputado\\\/#website\"},\"primaryImageOfPage\":{\"@id\":\"https:\\\/\\\/vanderloubet.com.br\\\/deputado\\\/complexo-lagoa-e-mais-uma-acao-do-pt-em-campo-grande-destaca-vander\\\/#primaryimage\"},\"image\":{\"@id\":\"https:\\\/\\\/vanderloubet.com.br\\\/deputado\\\/complexo-lagoa-e-mais-uma-acao-do-pt-em-campo-grande-destaca-vander\\\/#primaryimage\"},\"thumbnailUrl\":\"http:\\\/\\\/www.deputadovander.com.br\\\/website\\\/wp-content\\\/uploads\\\/2011\\\/12\\\/foto-2011-12-27-complexo-lagoa-campo-grande-400x266.jpg\",\"datePublished\":\"2011-12-27T20:29:36+00:00\",\"breadcrumb\":{\"@id\":\"https:\\\/\\\/vanderloubet.com.br\\\/deputado\\\/complexo-lagoa-e-mais-uma-acao-do-pt-em-campo-grande-destaca-vander\\\/#breadcrumb\"},\"inLanguage\":\"pt-BR\",\"potentialAction\":[{\"@type\":\"ReadAction\",\"target\":[\"https:\\\/\\\/vanderloubet.com.br\\\/deputado\\\/complexo-lagoa-e-mais-uma-acao-do-pt-em-campo-grande-destaca-vander\\\/\"]}]},{\"@type\":\"ImageObject\",\"inLanguage\":\"pt-BR\",\"@id\":\"https:\\\/\\\/vanderloubet.com.br\\\/deputado\\\/complexo-lagoa-e-mais-uma-acao-do-pt-em-campo-grande-destaca-vander\\\/#primaryimage\",\"url\":\"http:\\\/\\\/www.deputadovander.com.br\\\/website\\\/wp-content\\\/uploads\\\/2011\\\/12\\\/foto-2011-12-27-complexo-lagoa-campo-grande-400x266.jpg\",\"contentUrl\":\"http:\\\/\\\/www.deputadovander.com.br\\\/website\\\/wp-content\\\/uploads\\\/2011\\\/12\\\/foto-2011-12-27-complexo-lagoa-campo-grande-400x266.jpg\"},{\"@type\":\"BreadcrumbList\",\"@id\":\"https:\\\/\\\/vanderloubet.com.br\\\/deputado\\\/complexo-lagoa-e-mais-uma-acao-do-pt-em-campo-grande-destaca-vander\\\/#breadcrumb\",\"itemListElement\":[{\"@type\":\"ListItem\",\"position\":1,\"name\":\"In\u00edcio\",\"item\":\"https:\\\/\\\/vanderloubet.com.br\\\/deputado\\\/\"},{\"@type\":\"ListItem\",\"position\":2,\"name\":\"Complexo Lagoa \u00e9 mais uma a\u00e7\u00e3o do PT em Campo Grande, destaca Vander\"}]},{\"@type\":\"WebSite\",\"@id\":\"https:\\\/\\\/vanderloubet.com.br\\\/deputado\\\/#website\",\"url\":\"https:\\\/\\\/vanderloubet.com.br\\\/deputado\\\/\",\"name\":\"Deputado Federal Vander Loubet\",\"description\":\"O Federal de MS\",\"publisher\":{\"@id\":\"https:\\\/\\\/vanderloubet.com.br\\\/deputado\\\/#organization\"},\"alternateName\":\"Deputado Vander\",\"potentialAction\":[{\"@type\":\"SearchAction\",\"target\":{\"@type\":\"EntryPoint\",\"urlTemplate\":\"https:\\\/\\\/vanderloubet.com.br\\\/deputado\\\/?s={search_term_string}\"},\"query-input\":{\"@type\":\"PropertyValueSpecification\",\"valueRequired\":true,\"valueName\":\"search_term_string\"}}],\"inLanguage\":\"pt-BR\"},{\"@type\":\"Organization\",\"@id\":\"https:\\\/\\\/vanderloubet.com.br\\\/deputado\\\/#organization\",\"name\":\"Deputado Federal Vander Loubet\",\"alternateName\":\"Deputado Vander\",\"url\":\"https:\\\/\\\/vanderloubet.com.br\\\/deputado\\\/\",\"logo\":{\"@type\":\"ImageObject\",\"inLanguage\":\"pt-BR\",\"@id\":\"https:\\\/\\\/vanderloubet.com.br\\\/deputado\\\/#\\\/schema\\\/logo\\\/image\\\/\",\"url\":\"https:\\\/\\\/vanderloubet.com.br\\\/deputado\\\/wp-content\\\/uploads\\\/2023\\\/06\\\/foto-2023-06-19-mandato-deputado-vander.jpg\",\"contentUrl\":\"https:\\\/\\\/vanderloubet.com.br\\\/deputado\\\/wp-content\\\/uploads\\\/2023\\\/06\\\/foto-2023-06-19-mandato-deputado-vander.jpg\",\"width\":1080,\"height\":1080,\"caption\":\"Deputado Federal Vander Loubet\"},\"image\":{\"@id\":\"https:\\\/\\\/vanderloubet.com.br\\\/deputado\\\/#\\\/schema\\\/logo\\\/image\\\/\"},\"sameAs\":[\"https:\\\/\\\/facebook.com\\\/deputadovander\",\"https:\\\/\\\/x.com\\\/vanderloubet\",\"https:\\\/\\\/instagram.com\\\/vanderloubet\",\"https:\\\/\\\/youtube.com\\\/vanderloubet\",\"https:\\\/\\\/tiktok.com\\\/@vanderloubetms\"]},{\"@type\":\"Person\",\"@id\":\"https:\\\/\\\/vanderloubet.com.br\\\/deputado\\\/#\\\/schema\\\/person\\\/15b51bd564532a8a68d9dec1b8eb890e\",\"name\":\"\u00c9der\",\"image\":{\"@type\":\"ImageObject\",\"inLanguage\":\"pt-BR\",\"@id\":\"https:\\\/\\\/vanderloubet.com.br\\\/deputado\\\/wp-content\\\/litespeed\\\/avatar\\\/88ca4090d9d5ab1c9495f6ca03b68efa.jpg?ver=1777058957\",\"url\":\"https:\\\/\\\/vanderloubet.com.br\\\/deputado\\\/wp-content\\\/litespeed\\\/avatar\\\/88ca4090d9d5ab1c9495f6ca03b68efa.jpg?ver=1777058957\",\"contentUrl\":\"https:\\\/\\\/vanderloubet.com.br\\\/deputado\\\/wp-content\\\/litespeed\\\/avatar\\\/88ca4090d9d5ab1c9495f6ca03b68efa.jpg?ver=1777058957\",\"caption\":\"\u00c9der\"}}]}<\/script>\n<!-- \/ Yoast SEO plugin. -->","yoast_head_json":{"title":"Complexo Lagoa \u00e9 mais uma a\u00e7\u00e3o do PT em Campo Grande, destaca Vander","robots":{"index":"index","follow":"follow","max-snippet":"max-snippet:-1","max-image-preview":"max-image-preview:large","max-video-preview":"max-video-preview:-1"},"canonical":"https:\/\/vanderloubet.com.br\/deputado\/complexo-lagoa-e-mais-uma-acao-do-pt-em-campo-grande-destaca-vander\/","og_locale":"pt_BR","og_type":"article","og_title":"Complexo Lagoa \u00e9 mais uma a\u00e7\u00e3o do PT em Campo Grande, destaca Vander","og_description":"Para o deputado, recursos investidos pelos governos de Lula e Dilma garantem salto na qualidade de vida das fam\u00edlias da Capital.","og_url":"https:\/\/vanderloubet.com.br\/deputado\/complexo-lagoa-e-mais-uma-acao-do-pt-em-campo-grande-destaca-vander\/","og_site_name":"Deputado Federal Vander Loubet","article_publisher":"https:\/\/facebook.com\/deputadovander","article_published_time":"2011-12-27T20:29:36+00:00","og_image":[{"url":"http:\/\/www.deputadovander.com.br\/website\/wp-content\/uploads\/2011\/12\/foto-2011-12-27-complexo-lagoa-campo-grande-400x266.jpg","type":"","width":"","height":""}],"author":"\u00c9der","twitter_card":"summary_large_image","twitter_creator":"@vanderloubet","twitter_site":"@vanderloubet","schema":{"@context":"https:\/\/schema.org","@graph":[{"@type":"Article","@id":"https:\/\/vanderloubet.com.br\/deputado\/complexo-lagoa-e-mais-uma-acao-do-pt-em-campo-grande-destaca-vander\/#article","isPartOf":{"@id":"https:\/\/vanderloubet.com.br\/deputado\/complexo-lagoa-e-mais-uma-acao-do-pt-em-campo-grande-destaca-vander\/"},"author":{"name":"\u00c9der","@id":"https:\/\/vanderloubet.com.br\/deputado\/#\/schema\/person\/15b51bd564532a8a68d9dec1b8eb890e"},"headline":"Complexo Lagoa \u00e9 mais uma a\u00e7\u00e3o do PT em Campo Grande, destaca Vander","datePublished":"2011-12-27T20:29:36+00:00","mainEntityOfPage":{"@id":"https:\/\/vanderloubet.com.br\/deputado\/complexo-lagoa-e-mais-uma-acao-do-pt-em-campo-grande-destaca-vander\/"},"wordCount":600,"publisher":{"@id":"https:\/\/vanderloubet.com.br\/deputado\/#organization"},"image":{"@id":"https:\/\/vanderloubet.com.br\/deputado\/complexo-lagoa-e-mais-uma-acao-do-pt-em-campo-grande-destaca-vander\/#primaryimage"},"thumbnailUrl":"http:\/\/www.deputadovander.com.br\/website\/wp-content\/uploads\/2011\/12\/foto-2011-12-27-complexo-lagoa-campo-grande-400x266.jpg","keywords":["asfalto","avenida","campo","coelho","complexo","c\u00f3rrego","deputado","dilma","federal","governo","grande","habita\u00e7\u00e3o","lagoa","loubet","l\u00fadio","lula","MS","obras","pac","PT","vander"],"articleSection":["Not\u00edcias"],"inLanguage":"pt-BR"},{"@type":"WebPage","@id":"https:\/\/vanderloubet.com.br\/deputado\/complexo-lagoa-e-mais-uma-acao-do-pt-em-campo-grande-destaca-vander\/","url":"https:\/\/vanderloubet.com.br\/deputado\/complexo-lagoa-e-mais-uma-acao-do-pt-em-campo-grande-destaca-vander\/","name":"Complexo Lagoa \u00e9 mais uma a\u00e7\u00e3o do PT em Campo Grande, destaca Vander","isPartOf":{"@id":"https:\/\/vanderloubet.com.br\/deputado\/#website"},"primaryImageOfPage":{"@id":"https:\/\/vanderloubet.com.br\/deputado\/complexo-lagoa-e-mais-uma-acao-do-pt-em-campo-grande-destaca-vander\/#primaryimage"},"image":{"@id":"https:\/\/vanderloubet.com.br\/deputado\/complexo-lagoa-e-mais-uma-acao-do-pt-em-campo-grande-destaca-vander\/#primaryimage"},"thumbnailUrl":"http:\/\/www.deputadovander.com.br\/website\/wp-content\/uploads\/2011\/12\/foto-2011-12-27-complexo-lagoa-campo-grande-400x266.jpg","datePublished":"2011-12-27T20:29:36+00:00","breadcrumb":{"@id":"https:\/\/vanderloubet.com.br\/deputado\/complexo-lagoa-e-mais-uma-acao-do-pt-em-campo-grande-destaca-vander\/#breadcrumb"},"inLanguage":"pt-BR","potentialAction":[{"@type":"ReadAction","target":["https:\/\/vanderloubet.com.br\/deputado\/complexo-lagoa-e-mais-uma-acao-do-pt-em-campo-grande-destaca-vander\/"]}]},{"@type":"ImageObject","inLanguage":"pt-BR","@id":"https:\/\/vanderloubet.com.br\/deputado\/complexo-lagoa-e-mais-uma-acao-do-pt-em-campo-grande-destaca-vander\/#primaryimage","url":"http:\/\/www.deputadovander.com.br\/website\/wp-content\/uploads\/2011\/12\/foto-2011-12-27-complexo-lagoa-campo-grande-400x266.jpg","contentUrl":"http:\/\/www.deputadovander.com.br\/website\/wp-content\/uploads\/2011\/12\/foto-2011-12-27-complexo-lagoa-campo-grande-400x266.jpg"},{"@type":"BreadcrumbList","@id":"https:\/\/vanderloubet.com.br\/deputado\/complexo-lagoa-e-mais-uma-acao-do-pt-em-campo-grande-destaca-vander\/#breadcrumb","itemListElement":[{"@type":"ListItem","position":1,"name":"In\u00edcio","item":"https:\/\/vanderloubet.com.br\/deputado\/"},{"@type":"ListItem","position":2,"name":"Complexo Lagoa \u00e9 mais uma a\u00e7\u00e3o do PT em Campo Grande, destaca Vander"}]},{"@type":"WebSite","@id":"https:\/\/vanderloubet.com.br\/deputado\/#website","url":"https:\/\/vanderloubet.com.br\/deputado\/","name":"Deputado Federal Vander Loubet","description":"O Federal de MS","publisher":{"@id":"https:\/\/vanderloubet.com.br\/deputado\/#organization"},"alternateName":"Deputado Vander","potentialAction":[{"@type":"SearchAction","target":{"@type":"EntryPoint","urlTemplate":"https:\/\/vanderloubet.com.br\/deputado\/?s={search_term_string}"},"query-input":{"@type":"PropertyValueSpecification","valueRequired":true,"valueName":"search_term_string"}}],"inLanguage":"pt-BR"},{"@type":"Organization","@id":"https:\/\/vanderloubet.com.br\/deputado\/#organization","name":"Deputado Federal Vander Loubet","alternateName":"Deputado Vander","url":"https:\/\/vanderloubet.com.br\/deputado\/","logo":{"@type":"ImageObject","inLanguage":"pt-BR","@id":"https:\/\/vanderloubet.com.br\/deputado\/#\/schema\/logo\/image\/","url":"https:\/\/vanderloubet.com.br\/deputado\/wp-content\/uploads\/2023\/06\/foto-2023-06-19-mandato-deputado-vander.jpg","contentUrl":"https:\/\/vanderloubet.com.br\/deputado\/wp-content\/uploads\/2023\/06\/foto-2023-06-19-mandato-deputado-vander.jpg","width":1080,"height":1080,"caption":"Deputado Federal Vander Loubet"},"image":{"@id":"https:\/\/vanderloubet.com.br\/deputado\/#\/schema\/logo\/image\/"},"sameAs":["https:\/\/facebook.com\/deputadovander","https:\/\/x.com\/vanderloubet","https:\/\/instagram.com\/vanderloubet","https:\/\/youtube.com\/vanderloubet","https:\/\/tiktok.com\/@vanderloubetms"]},{"@type":"Person","@id":"https:\/\/vanderloubet.com.br\/deputado\/#\/schema\/person\/15b51bd564532a8a68d9dec1b8eb890e","name":"\u00c9der","image":{"@type":"ImageObject","inLanguage":"pt-BR","@id":"https:\/\/vanderloubet.com.br\/deputado\/wp-content\/litespeed\/avatar\/88ca4090d9d5ab1c9495f6ca03b68efa.jpg?ver=1777058957","url":"https:\/\/vanderloubet.com.br\/deputado\/wp-content\/litespeed\/avatar\/88ca4090d9d5ab1c9495f6ca03b68efa.jpg?ver=1777058957","contentUrl":"https:\/\/vanderloubet.com.br\/deputado\/wp-content\/litespeed\/avatar\/88ca4090d9d5ab1c9495f6ca03b68efa.jpg?ver=1777058957","caption":"\u00c9der"}}]}},"jetpack_featured_media_url":"","jetpack_sharing_enabled":true,"_links":{"self":[{"href":"https:\/\/vanderloubet.com.br\/deputado\/wp-json\/wp\/v2\/posts\/4226","targetHints":{"allow":["GET"]}}],"collection":[{"href":"https:\/\/vanderloubet.com.br\/deputado\/wp-json\/wp\/v2\/posts"}],"about":[{"href":"https:\/\/vanderloubet.com.br\/deputado\/wp-json\/wp\/v2\/types\/post"}],"author":[{"embeddable":true,"href":"https:\/\/vanderloubet.com.br\/deputado\/wp-json\/wp\/v2\/users\/2"}],"replies":[{"embeddable":true,"href":"https:\/\/vanderloubet.com.br\/deputado\/wp-json\/wp\/v2\/comments?post=4226"}],"version-history":[{"count":0,"href":"https:\/\/vanderloubet.com.br\/deputado\/wp-json\/wp\/v2\/posts\/4226\/revisions"}],"wp:attachment":[{"href":"https:\/\/vanderloubet.com.br\/deputado\/wp-json\/wp\/v2\/media?parent=4226"}],"wp:term":[{"taxonomy":"category","embeddable":true,"href":"https:\/\/vanderloubet.com.br\/deputado\/wp-json\/wp\/v2\/categories?post=4226"},{"taxonomy":"post_tag","embeddable":true,"href":"https:\/\/vanderloubet.com.br\/deputado\/wp-json\/wp\/v2\/tags?post=4226"}],"curies":[{"name":"wp","href":"https:\/\/api.w.org\/{rel}","templated":true}]}}