{"id":4214,"date":"2011-12-21T20:34:35","date_gmt":"2011-12-22T00:34:35","guid":{"rendered":"http:\/\/www.deputadovander.com.br\/website\/?p=4214"},"modified":"2011-12-21T20:34:35","modified_gmt":"2011-12-22T00:34:35","slug":"plano-plurianual-2012-2015-tem-aumento-de-recursos-para-acoes-sociais","status":"publish","type":"post","link":"https:\/\/vanderloubet.com.br\/deputado\/plano-plurianual-2012-2015-tem-aumento-de-recursos-para-acoes-sociais\/","title":{"rendered":"Plano Plurianual 2012-2015 tem aumento de recursos para a\u00e7\u00f5es sociais"},"content":{"rendered":"<figure id=\"attachment_2653\" aria-describedby=\"caption-attachment-2653\" style=\"width: 400px\" class=\"wp-caption aligncenter\"><a href=\"http:\/\/www.deputadovander.com.br\/website\/wp-content\/uploads\/2010\/11\/foto-2010-11-17-congresso-nacional.jpg\" target=\"_blank\"><img decoding=\"async\" class=\"size-medium wp-image-2653 \" title=\"foto-2010-11-17-congresso-nacional\" src=\"http:\/\/www.deputadovander.com.br\/website\/wp-content\/uploads\/2010\/11\/foto-2010-11-17-congresso-nacional-400x266.jpg\" alt=\"Congresso Nacional em Bras\u00edlia\" width=\"400\" height=\"266\" \/><\/a><figcaption id=\"caption-attachment-2653\" class=\"wp-caption-text\">Congresso Nacional em Bras\u00edlia<\/figcaption><\/figure>\n<p>O Congresso Nacional (sess\u00e3o conjunta da C\u00e2mara e do Senado) aprovou ontem (20) o Substitutivo da Comiss\u00e3o Mista de Or\u00e7amento ao PLN 29\/11, que institui o Plano Plurianual (PPA) para o per\u00edodo de 2012 a 2015. O texto, que define metas, diretrizes e prioridades do governo para os pr\u00f3ximos quatro anos, determina que 57% dos recursos (R$ 5,4 trilh\u00f5es) previstos dever\u00e3o ser destinados \u00e0 \u00e1rea social. A mat\u00e9ria segue agora para san\u00e7\u00e3o presidencial.<\/p>\n<p>Para o deputado federal Vander Loubet (PT-MS), o PPA 2012-2015 reflete o bom momento econ\u00f4mico vivido pelo Pa\u00eds, apesar da crise internacional. &#8220;\u00c0 medida que o Brasil cresce economicamente n\u00e3o se pode perder de vista a necessidade de investir no social, ou seja, na melhoria da vida das pessoas. Na gest\u00e3o do presidente Lula nosso pa\u00eds fez enormes avan\u00e7os e agora com Dilma esses avan\u00e7os precisam continuar&#8221;, afirmou o parlamentar.<\/p>\n<p><strong>Prioridades<\/strong><\/p>\n<p>Ao Plano Brasil Sem Mis\u00e9ria, por exemplo, segundo o texto aprovado, ser\u00e3o destinados cerca de R$ 20 bilh\u00f5es por ano, permitindo, de acordo com o Executivo, a inclus\u00e3o de mais 800 mil fam\u00edlias no Bolsa Fam\u00edlia. Entre outras a\u00e7\u00f5es priorit\u00e1rias definidas pela proposta est\u00e3o a constru\u00e7\u00e3o de 2 milh\u00f5es de moradias pelo programa Minha Casa, Minha Vida; a inclus\u00e3o de 495 mil domic\u00edlios rurais no Programa Luz para Todos; a constru\u00e7\u00e3o e adequa\u00e7\u00e3o de 14,7 mil quil\u00f4metros de rodovias e de 4,5 mil de ferrovias; e a expans\u00e3o da internet banda larga para 40 milh\u00f5es de domic\u00edlios.<\/p>\n<p>Al\u00e9m disso, o projeto deliberado pelos congressistas brasileiros acrescenta R$ 102 bilh\u00f5es em emendas \u00e0 reda\u00e7\u00e3o original. Entre essas emendas, para os quatro anos, est\u00e3o R$ 1 bilh\u00e3o a mais para o aperfei\u00e7oamento do Sistema \u00danico de Sa\u00fade (SUS); R$ 400 milh\u00f5es a mais para o programa de combate ao crack; R$ 500 milh\u00f5es a mais para o turismo; R$ 3,2 bilh\u00f5es de reserva para os aeroportos; e R$ 2,6 bilh\u00f5es para a educa\u00e7\u00e3o superior (amplia\u00e7\u00e3o e adequa\u00e7\u00e3o, inclusive de hospitais universit\u00e1rios).<\/p>\n<p><strong>PPA<\/strong><\/p>\n<p>O Plano Plurianual \u00e9 uma lei federal com validade de quatro anos que estabelece as diretrizes, os objetivos e as metas da administra\u00e7\u00e3o p\u00fablica federal para o per\u00edodo da sua vig\u00eancia. O PPA foi institu\u00eddo pela Constitui\u00e7\u00e3o Federal como uma forma de resgatar o planejamento governamental de m\u00e9dio prazo no Pa\u00eds. Apesar de conter as metas dos tr\u00eas poderes (Executivo, Legislativo e Judici\u00e1rio) e do Minist\u00e9rio P\u00fablico da Uni\u00e3o (MPU), o projeto de lei do PPA \u00e9 elaborado pelo Minist\u00e9rio do Planejamento, com apoio dos demais \u00f3rg\u00e3os federais. Segundo a Constitui\u00e7\u00e3o, o governo federal tem que apresentar o projeto do PPA ao Congresso Nacional at\u00e9 o final de agosto do primeiro ano da administra\u00e7\u00e3o presidencial. A vig\u00eancia vai at\u00e9 o primeiro ano de governo do mandato seguinte. O objetivo dessa periodicidade \u00e9 garantir um m\u00ednimo de continuidade das pol\u00edticas p\u00fablicas entre dois mandatos presidenciais diferentes.<\/p>\n<p><span style=\"font-size: 11px;\">(\u00c9der Yanaguita\/Assessoria Deputado Vander)<\/span><\/p>\n","protected":false},"excerpt":{"rendered":"<p>Para Vander, \u00e0 medida que o Brasil cresce economicamente n\u00e3o se pode perder de vista a necessidade de investir no social.<\/p>\n","protected":false},"author":2,"featured_media":0,"comment_status":"closed","ping_status":"open","sticky":false,"template":"","format":"standard","meta":{"jetpack_post_was_ever_published":false,"_jetpack_newsletter_access":"","_jetpack_dont_email_post_to_subs":false,"_jetpack_newsletter_tier_id":0,"_jetpack_memberships_contains_paywalled_content":false,"_jetpack_memberships_contains_paid_content":false,"footnotes":""},"categories":[10],"tags":[275,299,332,502,608,792,807,1038,1178,1307,1336,1556,1562,1595,1655,1819,1822,1879,2033],"class_list":{"0":"post-4214","1":"post","2":"type-post","3":"status-publish","4":"format-standard","6":"category-noticias","7":"tag-bolsa","8":"tag-brasil","9":"tag-camara","10":"tag-congresso","11":"tag-deputado","12":"tag-familia","13":"tag-federal","14":"tag-investimento","15":"tag-loubet","16":"tag-miseria","17":"tag-ms","18":"tag-plano","19":"tag-plurianual","20":"tag-ppa","21":"tag-pt","22":"tag-sem","23":"tag-senado","24":"tag-social","25":"tag-vander"},"yoast_head":"<!-- This site is optimized with the Yoast SEO plugin v27.4 - https:\/\/yoast.com\/product\/yoast-seo-wordpress\/ -->\n<title>Plano Plurianual 2012-2015 tem aumento de recursos para a\u00e7\u00f5es sociais<\/title>\n<meta name=\"robots\" content=\"index, follow, max-snippet:-1, max-image-preview:large, max-video-preview:-1\" \/>\n<link rel=\"canonical\" href=\"https:\/\/vanderloubet.com.br\/deputado\/plano-plurianual-2012-2015-tem-aumento-de-recursos-para-acoes-sociais\/\" \/>\n<meta property=\"og:locale\" content=\"pt_BR\" \/>\n<meta property=\"og:type\" content=\"article\" \/>\n<meta property=\"og:title\" content=\"Plano Plurianual 2012-2015 tem aumento de recursos para a\u00e7\u00f5es sociais\" \/>\n<meta property=\"og:description\" content=\"Para Vander, \u00e0 medida que o Brasil cresce economicamente n\u00e3o se pode perder de vista a necessidade de investir no social.\" \/>\n<meta property=\"og:url\" content=\"https:\/\/vanderloubet.com.br\/deputado\/plano-plurianual-2012-2015-tem-aumento-de-recursos-para-acoes-sociais\/\" \/>\n<meta property=\"og:site_name\" content=\"Deputado Federal Vander Loubet\" \/>\n<meta property=\"article:publisher\" content=\"https:\/\/facebook.com\/deputadovander\" \/>\n<meta property=\"article:published_time\" content=\"2011-12-22T00:34:35+00:00\" \/>\n<meta property=\"og:image\" content=\"http:\/\/www.deputadovander.com.br\/website\/wp-content\/uploads\/2010\/11\/foto-2010-11-17-congresso-nacional-400x266.jpg\" \/>\n<meta name=\"author\" content=\"\u00c9der\" \/>\n<meta name=\"twitter:card\" content=\"summary_large_image\" \/>\n<meta name=\"twitter:creator\" content=\"@vanderloubet\" \/>\n<meta name=\"twitter:site\" content=\"@vanderloubet\" \/>\n<script type=\"application\/ld+json\" class=\"yoast-schema-graph\">{\"@context\":\"https:\\\/\\\/schema.org\",\"@graph\":[{\"@type\":\"Article\",\"@id\":\"https:\\\/\\\/vanderloubet.com.br\\\/deputado\\\/plano-plurianual-2012-2015-tem-aumento-de-recursos-para-acoes-sociais\\\/#article\",\"isPartOf\":{\"@id\":\"https:\\\/\\\/vanderloubet.com.br\\\/deputado\\\/plano-plurianual-2012-2015-tem-aumento-de-recursos-para-acoes-sociais\\\/\"},\"author\":{\"name\":\"\u00c9der\",\"@id\":\"https:\\\/\\\/vanderloubet.com.br\\\/deputado\\\/#\\\/schema\\\/person\\\/15b51bd564532a8a68d9dec1b8eb890e\"},\"headline\":\"Plano Plurianual 2012-2015 tem aumento de recursos para a\u00e7\u00f5es sociais\",\"datePublished\":\"2011-12-22T00:34:35+00:00\",\"mainEntityOfPage\":{\"@id\":\"https:\\\/\\\/vanderloubet.com.br\\\/deputado\\\/plano-plurianual-2012-2015-tem-aumento-de-recursos-para-acoes-sociais\\\/\"},\"wordCount\":545,\"publisher\":{\"@id\":\"https:\\\/\\\/vanderloubet.com.br\\\/deputado\\\/#organization\"},\"image\":{\"@id\":\"https:\\\/\\\/vanderloubet.com.br\\\/deputado\\\/plano-plurianual-2012-2015-tem-aumento-de-recursos-para-acoes-sociais\\\/#primaryimage\"},\"thumbnailUrl\":\"http:\\\/\\\/www.deputadovander.com.br\\\/website\\\/wp-content\\\/uploads\\\/2010\\\/11\\\/foto-2010-11-17-congresso-nacional-400x266.jpg\",\"keywords\":[\"bolsa\",\"brasil\",\"c\u00e2mara\",\"congresso\",\"deputado\",\"familia\",\"federal\",\"investimento\",\"loubet\",\"mis\u00e9ria\",\"MS\",\"plano\",\"plurianual\",\"ppa\",\"PT\",\"sem\",\"senado\",\"social\",\"vander\"],\"articleSection\":[\"Not\u00edcias\"],\"inLanguage\":\"pt-BR\"},{\"@type\":\"WebPage\",\"@id\":\"https:\\\/\\\/vanderloubet.com.br\\\/deputado\\\/plano-plurianual-2012-2015-tem-aumento-de-recursos-para-acoes-sociais\\\/\",\"url\":\"https:\\\/\\\/vanderloubet.com.br\\\/deputado\\\/plano-plurianual-2012-2015-tem-aumento-de-recursos-para-acoes-sociais\\\/\",\"name\":\"Plano Plurianual 2012-2015 tem aumento de recursos para a\u00e7\u00f5es sociais\",\"isPartOf\":{\"@id\":\"https:\\\/\\\/vanderloubet.com.br\\\/deputado\\\/#website\"},\"primaryImageOfPage\":{\"@id\":\"https:\\\/\\\/vanderloubet.com.br\\\/deputado\\\/plano-plurianual-2012-2015-tem-aumento-de-recursos-para-acoes-sociais\\\/#primaryimage\"},\"image\":{\"@id\":\"https:\\\/\\\/vanderloubet.com.br\\\/deputado\\\/plano-plurianual-2012-2015-tem-aumento-de-recursos-para-acoes-sociais\\\/#primaryimage\"},\"thumbnailUrl\":\"http:\\\/\\\/www.deputadovander.com.br\\\/website\\\/wp-content\\\/uploads\\\/2010\\\/11\\\/foto-2010-11-17-congresso-nacional-400x266.jpg\",\"datePublished\":\"2011-12-22T00:34:35+00:00\",\"breadcrumb\":{\"@id\":\"https:\\\/\\\/vanderloubet.com.br\\\/deputado\\\/plano-plurianual-2012-2015-tem-aumento-de-recursos-para-acoes-sociais\\\/#breadcrumb\"},\"inLanguage\":\"pt-BR\",\"potentialAction\":[{\"@type\":\"ReadAction\",\"target\":[\"https:\\\/\\\/vanderloubet.com.br\\\/deputado\\\/plano-plurianual-2012-2015-tem-aumento-de-recursos-para-acoes-sociais\\\/\"]}]},{\"@type\":\"ImageObject\",\"inLanguage\":\"pt-BR\",\"@id\":\"https:\\\/\\\/vanderloubet.com.br\\\/deputado\\\/plano-plurianual-2012-2015-tem-aumento-de-recursos-para-acoes-sociais\\\/#primaryimage\",\"url\":\"http:\\\/\\\/www.deputadovander.com.br\\\/website\\\/wp-content\\\/uploads\\\/2010\\\/11\\\/foto-2010-11-17-congresso-nacional-400x266.jpg\",\"contentUrl\":\"http:\\\/\\\/www.deputadovander.com.br\\\/website\\\/wp-content\\\/uploads\\\/2010\\\/11\\\/foto-2010-11-17-congresso-nacional-400x266.jpg\"},{\"@type\":\"BreadcrumbList\",\"@id\":\"https:\\\/\\\/vanderloubet.com.br\\\/deputado\\\/plano-plurianual-2012-2015-tem-aumento-de-recursos-para-acoes-sociais\\\/#breadcrumb\",\"itemListElement\":[{\"@type\":\"ListItem\",\"position\":1,\"name\":\"In\u00edcio\",\"item\":\"https:\\\/\\\/vanderloubet.com.br\\\/deputado\\\/\"},{\"@type\":\"ListItem\",\"position\":2,\"name\":\"Plano Plurianual 2012-2015 tem aumento de recursos para a\u00e7\u00f5es sociais\"}]},{\"@type\":\"WebSite\",\"@id\":\"https:\\\/\\\/vanderloubet.com.br\\\/deputado\\\/#website\",\"url\":\"https:\\\/\\\/vanderloubet.com.br\\\/deputado\\\/\",\"name\":\"Deputado Federal Vander Loubet\",\"description\":\"O Federal de MS\",\"publisher\":{\"@id\":\"https:\\\/\\\/vanderloubet.com.br\\\/deputado\\\/#organization\"},\"alternateName\":\"Deputado Vander\",\"potentialAction\":[{\"@type\":\"SearchAction\",\"target\":{\"@type\":\"EntryPoint\",\"urlTemplate\":\"https:\\\/\\\/vanderloubet.com.br\\\/deputado\\\/?s={search_term_string}\"},\"query-input\":{\"@type\":\"PropertyValueSpecification\",\"valueRequired\":true,\"valueName\":\"search_term_string\"}}],\"inLanguage\":\"pt-BR\"},{\"@type\":\"Organization\",\"@id\":\"https:\\\/\\\/vanderloubet.com.br\\\/deputado\\\/#organization\",\"name\":\"Deputado Federal Vander Loubet\",\"alternateName\":\"Deputado Vander\",\"url\":\"https:\\\/\\\/vanderloubet.com.br\\\/deputado\\\/\",\"logo\":{\"@type\":\"ImageObject\",\"inLanguage\":\"pt-BR\",\"@id\":\"https:\\\/\\\/vanderloubet.com.br\\\/deputado\\\/#\\\/schema\\\/logo\\\/image\\\/\",\"url\":\"https:\\\/\\\/vanderloubet.com.br\\\/deputado\\\/wp-content\\\/uploads\\\/2023\\\/06\\\/foto-2023-06-19-mandato-deputado-vander.jpg\",\"contentUrl\":\"https:\\\/\\\/vanderloubet.com.br\\\/deputado\\\/wp-content\\\/uploads\\\/2023\\\/06\\\/foto-2023-06-19-mandato-deputado-vander.jpg\",\"width\":1080,\"height\":1080,\"caption\":\"Deputado Federal Vander Loubet\"},\"image\":{\"@id\":\"https:\\\/\\\/vanderloubet.com.br\\\/deputado\\\/#\\\/schema\\\/logo\\\/image\\\/\"},\"sameAs\":[\"https:\\\/\\\/facebook.com\\\/deputadovander\",\"https:\\\/\\\/x.com\\\/vanderloubet\",\"https:\\\/\\\/instagram.com\\\/vanderloubet\",\"https:\\\/\\\/youtube.com\\\/vanderloubet\",\"https:\\\/\\\/tiktok.com\\\/@vanderloubetms\"]},{\"@type\":\"Person\",\"@id\":\"https:\\\/\\\/vanderloubet.com.br\\\/deputado\\\/#\\\/schema\\\/person\\\/15b51bd564532a8a68d9dec1b8eb890e\",\"name\":\"\u00c9der\",\"image\":{\"@type\":\"ImageObject\",\"inLanguage\":\"pt-BR\",\"@id\":\"https:\\\/\\\/vanderloubet.com.br\\\/deputado\\\/wp-content\\\/litespeed\\\/avatar\\\/88ca4090d9d5ab1c9495f6ca03b68efa.jpg?ver=1777058957\",\"url\":\"https:\\\/\\\/vanderloubet.com.br\\\/deputado\\\/wp-content\\\/litespeed\\\/avatar\\\/88ca4090d9d5ab1c9495f6ca03b68efa.jpg?ver=1777058957\",\"contentUrl\":\"https:\\\/\\\/vanderloubet.com.br\\\/deputado\\\/wp-content\\\/litespeed\\\/avatar\\\/88ca4090d9d5ab1c9495f6ca03b68efa.jpg?ver=1777058957\",\"caption\":\"\u00c9der\"}}]}<\/script>\n<!-- \/ Yoast SEO plugin. -->","yoast_head_json":{"title":"Plano Plurianual 2012-2015 tem aumento de recursos para a\u00e7\u00f5es sociais","robots":{"index":"index","follow":"follow","max-snippet":"max-snippet:-1","max-image-preview":"max-image-preview:large","max-video-preview":"max-video-preview:-1"},"canonical":"https:\/\/vanderloubet.com.br\/deputado\/plano-plurianual-2012-2015-tem-aumento-de-recursos-para-acoes-sociais\/","og_locale":"pt_BR","og_type":"article","og_title":"Plano Plurianual 2012-2015 tem aumento de recursos para a\u00e7\u00f5es sociais","og_description":"Para Vander, \u00e0 medida que o Brasil cresce economicamente n\u00e3o se pode perder de vista a necessidade de investir no social.","og_url":"https:\/\/vanderloubet.com.br\/deputado\/plano-plurianual-2012-2015-tem-aumento-de-recursos-para-acoes-sociais\/","og_site_name":"Deputado Federal Vander Loubet","article_publisher":"https:\/\/facebook.com\/deputadovander","article_published_time":"2011-12-22T00:34:35+00:00","og_image":[{"url":"http:\/\/www.deputadovander.com.br\/website\/wp-content\/uploads\/2010\/11\/foto-2010-11-17-congresso-nacional-400x266.jpg","type":"","width":"","height":""}],"author":"\u00c9der","twitter_card":"summary_large_image","twitter_creator":"@vanderloubet","twitter_site":"@vanderloubet","schema":{"@context":"https:\/\/schema.org","@graph":[{"@type":"Article","@id":"https:\/\/vanderloubet.com.br\/deputado\/plano-plurianual-2012-2015-tem-aumento-de-recursos-para-acoes-sociais\/#article","isPartOf":{"@id":"https:\/\/vanderloubet.com.br\/deputado\/plano-plurianual-2012-2015-tem-aumento-de-recursos-para-acoes-sociais\/"},"author":{"name":"\u00c9der","@id":"https:\/\/vanderloubet.com.br\/deputado\/#\/schema\/person\/15b51bd564532a8a68d9dec1b8eb890e"},"headline":"Plano Plurianual 2012-2015 tem aumento de recursos para a\u00e7\u00f5es sociais","datePublished":"2011-12-22T00:34:35+00:00","mainEntityOfPage":{"@id":"https:\/\/vanderloubet.com.br\/deputado\/plano-plurianual-2012-2015-tem-aumento-de-recursos-para-acoes-sociais\/"},"wordCount":545,"publisher":{"@id":"https:\/\/vanderloubet.com.br\/deputado\/#organization"},"image":{"@id":"https:\/\/vanderloubet.com.br\/deputado\/plano-plurianual-2012-2015-tem-aumento-de-recursos-para-acoes-sociais\/#primaryimage"},"thumbnailUrl":"http:\/\/www.deputadovander.com.br\/website\/wp-content\/uploads\/2010\/11\/foto-2010-11-17-congresso-nacional-400x266.jpg","keywords":["bolsa","brasil","c\u00e2mara","congresso","deputado","familia","federal","investimento","loubet","mis\u00e9ria","MS","plano","plurianual","ppa","PT","sem","senado","social","vander"],"articleSection":["Not\u00edcias"],"inLanguage":"pt-BR"},{"@type":"WebPage","@id":"https:\/\/vanderloubet.com.br\/deputado\/plano-plurianual-2012-2015-tem-aumento-de-recursos-para-acoes-sociais\/","url":"https:\/\/vanderloubet.com.br\/deputado\/plano-plurianual-2012-2015-tem-aumento-de-recursos-para-acoes-sociais\/","name":"Plano Plurianual 2012-2015 tem aumento de recursos para a\u00e7\u00f5es sociais","isPartOf":{"@id":"https:\/\/vanderloubet.com.br\/deputado\/#website"},"primaryImageOfPage":{"@id":"https:\/\/vanderloubet.com.br\/deputado\/plano-plurianual-2012-2015-tem-aumento-de-recursos-para-acoes-sociais\/#primaryimage"},"image":{"@id":"https:\/\/vanderloubet.com.br\/deputado\/plano-plurianual-2012-2015-tem-aumento-de-recursos-para-acoes-sociais\/#primaryimage"},"thumbnailUrl":"http:\/\/www.deputadovander.com.br\/website\/wp-content\/uploads\/2010\/11\/foto-2010-11-17-congresso-nacional-400x266.jpg","datePublished":"2011-12-22T00:34:35+00:00","breadcrumb":{"@id":"https:\/\/vanderloubet.com.br\/deputado\/plano-plurianual-2012-2015-tem-aumento-de-recursos-para-acoes-sociais\/#breadcrumb"},"inLanguage":"pt-BR","potentialAction":[{"@type":"ReadAction","target":["https:\/\/vanderloubet.com.br\/deputado\/plano-plurianual-2012-2015-tem-aumento-de-recursos-para-acoes-sociais\/"]}]},{"@type":"ImageObject","inLanguage":"pt-BR","@id":"https:\/\/vanderloubet.com.br\/deputado\/plano-plurianual-2012-2015-tem-aumento-de-recursos-para-acoes-sociais\/#primaryimage","url":"http:\/\/www.deputadovander.com.br\/website\/wp-content\/uploads\/2010\/11\/foto-2010-11-17-congresso-nacional-400x266.jpg","contentUrl":"http:\/\/www.deputadovander.com.br\/website\/wp-content\/uploads\/2010\/11\/foto-2010-11-17-congresso-nacional-400x266.jpg"},{"@type":"BreadcrumbList","@id":"https:\/\/vanderloubet.com.br\/deputado\/plano-plurianual-2012-2015-tem-aumento-de-recursos-para-acoes-sociais\/#breadcrumb","itemListElement":[{"@type":"ListItem","position":1,"name":"In\u00edcio","item":"https:\/\/vanderloubet.com.br\/deputado\/"},{"@type":"ListItem","position":2,"name":"Plano Plurianual 2012-2015 tem aumento de recursos para a\u00e7\u00f5es sociais"}]},{"@type":"WebSite","@id":"https:\/\/vanderloubet.com.br\/deputado\/#website","url":"https:\/\/vanderloubet.com.br\/deputado\/","name":"Deputado Federal Vander Loubet","description":"O Federal de MS","publisher":{"@id":"https:\/\/vanderloubet.com.br\/deputado\/#organization"},"alternateName":"Deputado Vander","potentialAction":[{"@type":"SearchAction","target":{"@type":"EntryPoint","urlTemplate":"https:\/\/vanderloubet.com.br\/deputado\/?s={search_term_string}"},"query-input":{"@type":"PropertyValueSpecification","valueRequired":true,"valueName":"search_term_string"}}],"inLanguage":"pt-BR"},{"@type":"Organization","@id":"https:\/\/vanderloubet.com.br\/deputado\/#organization","name":"Deputado Federal Vander Loubet","alternateName":"Deputado Vander","url":"https:\/\/vanderloubet.com.br\/deputado\/","logo":{"@type":"ImageObject","inLanguage":"pt-BR","@id":"https:\/\/vanderloubet.com.br\/deputado\/#\/schema\/logo\/image\/","url":"https:\/\/vanderloubet.com.br\/deputado\/wp-content\/uploads\/2023\/06\/foto-2023-06-19-mandato-deputado-vander.jpg","contentUrl":"https:\/\/vanderloubet.com.br\/deputado\/wp-content\/uploads\/2023\/06\/foto-2023-06-19-mandato-deputado-vander.jpg","width":1080,"height":1080,"caption":"Deputado Federal Vander Loubet"},"image":{"@id":"https:\/\/vanderloubet.com.br\/deputado\/#\/schema\/logo\/image\/"},"sameAs":["https:\/\/facebook.com\/deputadovander","https:\/\/x.com\/vanderloubet","https:\/\/instagram.com\/vanderloubet","https:\/\/youtube.com\/vanderloubet","https:\/\/tiktok.com\/@vanderloubetms"]},{"@type":"Person","@id":"https:\/\/vanderloubet.com.br\/deputado\/#\/schema\/person\/15b51bd564532a8a68d9dec1b8eb890e","name":"\u00c9der","image":{"@type":"ImageObject","inLanguage":"pt-BR","@id":"https:\/\/vanderloubet.com.br\/deputado\/wp-content\/litespeed\/avatar\/88ca4090d9d5ab1c9495f6ca03b68efa.jpg?ver=1777058957","url":"https:\/\/vanderloubet.com.br\/deputado\/wp-content\/litespeed\/avatar\/88ca4090d9d5ab1c9495f6ca03b68efa.jpg?ver=1777058957","contentUrl":"https:\/\/vanderloubet.com.br\/deputado\/wp-content\/litespeed\/avatar\/88ca4090d9d5ab1c9495f6ca03b68efa.jpg?ver=1777058957","caption":"\u00c9der"}}]}},"jetpack_featured_media_url":"","jetpack_sharing_enabled":true,"_links":{"self":[{"href":"https:\/\/vanderloubet.com.br\/deputado\/wp-json\/wp\/v2\/posts\/4214","targetHints":{"allow":["GET"]}}],"collection":[{"href":"https:\/\/vanderloubet.com.br\/deputado\/wp-json\/wp\/v2\/posts"}],"about":[{"href":"https:\/\/vanderloubet.com.br\/deputado\/wp-json\/wp\/v2\/types\/post"}],"author":[{"embeddable":true,"href":"https:\/\/vanderloubet.com.br\/deputado\/wp-json\/wp\/v2\/users\/2"}],"replies":[{"embeddable":true,"href":"https:\/\/vanderloubet.com.br\/deputado\/wp-json\/wp\/v2\/comments?post=4214"}],"version-history":[{"count":0,"href":"https:\/\/vanderloubet.com.br\/deputado\/wp-json\/wp\/v2\/posts\/4214\/revisions"}],"wp:attachment":[{"href":"https:\/\/vanderloubet.com.br\/deputado\/wp-json\/wp\/v2\/media?parent=4214"}],"wp:term":[{"taxonomy":"category","embeddable":true,"href":"https:\/\/vanderloubet.com.br\/deputado\/wp-json\/wp\/v2\/categories?post=4214"},{"taxonomy":"post_tag","embeddable":true,"href":"https:\/\/vanderloubet.com.br\/deputado\/wp-json\/wp\/v2\/tags?post=4214"}],"curies":[{"name":"wp","href":"https:\/\/api.w.org\/{rel}","templated":true}]}}