{"id":4172,"date":"2011-12-15T08:59:29","date_gmt":"2011-12-15T12:59:29","guid":{"rendered":"http:\/\/www.deputadovander.com.br\/website\/?p=4172"},"modified":"2011-12-15T08:59:29","modified_gmt":"2011-12-15T12:59:29","slug":"marinha-homenageia-vander-com-medalha-merito-tamandare","status":"publish","type":"post","link":"https:\/\/vanderloubet.com.br\/deputado\/marinha-homenageia-vander-com-medalha-merito-tamandare\/","title":{"rendered":"Marinha homenageia Vander com Medalha M\u00e9rito Tamandar\u00e9"},"content":{"rendered":"<figure id=\"attachment_4173\" aria-describedby=\"caption-attachment-4173\" style=\"width: 400px\" class=\"wp-caption aligncenter\"><a href=\"http:\/\/www.deputadovander.com.br\/website\/wp-content\/uploads\/2011\/12\/foto-2011-12-15-vander-gilberto-carvalho.jpg\" target=\"_blank\"><img decoding=\"async\" class=\"size-medium wp-image-4173 \" title=\"foto-2011-12-15-vander-gilberto-carvalho\" src=\"http:\/\/www.deputadovander.com.br\/website\/wp-content\/uploads\/2011\/12\/foto-2011-12-15-vander-gilberto-carvalho-400x266.jpg\" alt=\"Vander e Gilberto Carvalho durante a solenidade na Marinha\" width=\"400\" height=\"266\" \/><\/a><figcaption id=\"caption-attachment-4173\" class=\"wp-caption-text\">Vander e Gilberto Carvalho durante a solenidade na Marinha<\/figcaption><\/figure>\n<p>Na \u00faltima ter\u00e7a-feira (13), o deputado federal Vander Loubet (PT-MS) foi homenageado pelo Comando do 7\u00ba Distrito Naval da Marinha em cerim\u00f4nia em realizada em Bras\u00edlia (DF). Vander e outras personalidades, como o ministro-chefe da Secretaria-Geral da Presid\u00eancia da Rep\u00fablica, Gilberto Carvalho, receberam a Medalha M\u00e9rito Tamandar\u00e9.<\/p>\n<p>&#8220;Foi uma honra receber essa condecora\u00e7\u00e3o. Agrade\u00e7o ao Comando do 7\u00ba Distrito Naval e ao Comando da Marinha por essa distin\u00e7\u00e3o e reconhecimento&#8221;, afirmou o deputado sul-mato-grossense.<\/p>\n<p>No dia 13 de dezembro \u00e9 comemorado o Dia do Marinheiro, em alus\u00e3o \u00e0 data que marca o nascimento do Almirante Tamandar\u00e9, Patrono da Marinha do Brasil.<\/p>\n<p>A Medalha M\u00e9rito Tamandar\u00e9, criada pelo Decreto 42.111, de 20 de agosto de 1957, se destina a agraciar autoridades, institui\u00e7\u00f5es, pessoas civis e militares, brasileiros ou estrangeiros, que tenham prestado relevantes servi\u00e7os na divulga\u00e7\u00e3o ou fortalecimento das tradi\u00e7\u00f5es da Marinha do Brasil, honrando seus feitos ou real\u00e7ando seus vultos hist\u00f3ricos.<\/p>\n<p><span style=\"font-size: 11px;\">(\u00c9der Yanaguita\/Assessoria Deputado Vander)<\/span><\/p>\n","protected":false},"excerpt":{"rendered":"<p>Al\u00e9m do deputado, outras personalidades foram homenageadas, como o ministro da Presid\u00eancia, Gilberto Carvalho.<\/p>\n","protected":false},"author":2,"featured_media":0,"comment_status":"closed","ping_status":"open","sticky":false,"template":"","format":"standard","meta":{"jetpack_post_was_ever_published":false,"_jetpack_newsletter_access":"","_jetpack_dont_email_post_to_subs":false,"_jetpack_newsletter_tier_id":0,"_jetpack_memberships_contains_paywalled_content":false,"_jetpack_memberships_contains_paid_content":false,"footnotes":""},"categories":[10],"tags":[302,374,477,608,650,807,917,968,1178,1233,1255,1278,1305,1365,1612,1914,2033],"class_list":{"0":"post-4172","1":"post","2":"type-post","3":"status-publish","4":"format-standard","6":"category-noticias","7":"tag-brasilia","8":"tag-carvalho","9":"tag-comando","10":"tag-deputado","11":"tag-distrito","12":"tag-federal","13":"tag-gilberto","14":"tag-homenagem","15":"tag-loubet","16":"tag-marinha","17":"tag-medalha","18":"tag-merito","19":"tag-ministro","20":"tag-naval","21":"tag-presidencia","22":"tag-tamandare","23":"tag-vander"},"yoast_head":"<!-- This site is optimized with the Yoast SEO plugin v27.4 - https:\/\/yoast.com\/product\/yoast-seo-wordpress\/ -->\n<title>Marinha homenageia Vander com Medalha M\u00e9rito Tamandar\u00e9<\/title>\n<meta name=\"robots\" content=\"index, follow, max-snippet:-1, max-image-preview:large, max-video-preview:-1\" \/>\n<link rel=\"canonical\" href=\"https:\/\/vanderloubet.com.br\/deputado\/marinha-homenageia-vander-com-medalha-merito-tamandare\/\" \/>\n<meta property=\"og:locale\" content=\"pt_BR\" \/>\n<meta property=\"og:type\" content=\"article\" \/>\n<meta property=\"og:title\" content=\"Marinha homenageia Vander com Medalha M\u00e9rito Tamandar\u00e9\" \/>\n<meta property=\"og:description\" content=\"Al\u00e9m do deputado, outras personalidades foram homenageadas, como o ministro da Presid\u00eancia, Gilberto Carvalho.\" \/>\n<meta property=\"og:url\" content=\"https:\/\/vanderloubet.com.br\/deputado\/marinha-homenageia-vander-com-medalha-merito-tamandare\/\" \/>\n<meta property=\"og:site_name\" content=\"Deputado Federal Vander Loubet\" \/>\n<meta property=\"article:publisher\" content=\"https:\/\/facebook.com\/deputadovander\" \/>\n<meta property=\"article:published_time\" content=\"2011-12-15T12:59:29+00:00\" \/>\n<meta property=\"og:image\" content=\"http:\/\/www.deputadovander.com.br\/website\/wp-content\/uploads\/2011\/12\/foto-2011-12-15-vander-gilberto-carvalho-400x266.jpg\" \/>\n<meta name=\"author\" content=\"\u00c9der\" \/>\n<meta name=\"twitter:card\" content=\"summary_large_image\" \/>\n<meta name=\"twitter:creator\" content=\"@vanderloubet\" \/>\n<meta name=\"twitter:site\" content=\"@vanderloubet\" \/>\n<script type=\"application\/ld+json\" class=\"yoast-schema-graph\">{\"@context\":\"https:\\\/\\\/schema.org\",\"@graph\":[{\"@type\":\"Article\",\"@id\":\"https:\\\/\\\/vanderloubet.com.br\\\/deputado\\\/marinha-homenageia-vander-com-medalha-merito-tamandare\\\/#article\",\"isPartOf\":{\"@id\":\"https:\\\/\\\/vanderloubet.com.br\\\/deputado\\\/marinha-homenageia-vander-com-medalha-merito-tamandare\\\/\"},\"author\":{\"name\":\"\u00c9der\",\"@id\":\"https:\\\/\\\/vanderloubet.com.br\\\/deputado\\\/#\\\/schema\\\/person\\\/15b51bd564532a8a68d9dec1b8eb890e\"},\"headline\":\"Marinha homenageia Vander com Medalha M\u00e9rito Tamandar\u00e9\",\"datePublished\":\"2011-12-15T12:59:29+00:00\",\"mainEntityOfPage\":{\"@id\":\"https:\\\/\\\/vanderloubet.com.br\\\/deputado\\\/marinha-homenageia-vander-com-medalha-merito-tamandare\\\/\"},\"wordCount\":189,\"publisher\":{\"@id\":\"https:\\\/\\\/vanderloubet.com.br\\\/deputado\\\/#organization\"},\"image\":{\"@id\":\"https:\\\/\\\/vanderloubet.com.br\\\/deputado\\\/marinha-homenageia-vander-com-medalha-merito-tamandare\\\/#primaryimage\"},\"thumbnailUrl\":\"http:\\\/\\\/www.deputadovander.com.br\\\/website\\\/wp-content\\\/uploads\\\/2011\\\/12\\\/foto-2011-12-15-vander-gilberto-carvalho-400x266.jpg\",\"keywords\":[\"bras\u00edlia\",\"carvalho\",\"comando\",\"deputado\",\"distrito\",\"federal\",\"gilberto\",\"homenagem\",\"loubet\",\"marinha\",\"medalha\",\"m\u00e9rito\",\"ministro\",\"naval\",\"presid\u00eancia\",\"tamandar\u00e9\",\"vander\"],\"articleSection\":[\"Not\u00edcias\"],\"inLanguage\":\"pt-BR\"},{\"@type\":\"WebPage\",\"@id\":\"https:\\\/\\\/vanderloubet.com.br\\\/deputado\\\/marinha-homenageia-vander-com-medalha-merito-tamandare\\\/\",\"url\":\"https:\\\/\\\/vanderloubet.com.br\\\/deputado\\\/marinha-homenageia-vander-com-medalha-merito-tamandare\\\/\",\"name\":\"Marinha homenageia Vander com Medalha M\u00e9rito Tamandar\u00e9\",\"isPartOf\":{\"@id\":\"https:\\\/\\\/vanderloubet.com.br\\\/deputado\\\/#website\"},\"primaryImageOfPage\":{\"@id\":\"https:\\\/\\\/vanderloubet.com.br\\\/deputado\\\/marinha-homenageia-vander-com-medalha-merito-tamandare\\\/#primaryimage\"},\"image\":{\"@id\":\"https:\\\/\\\/vanderloubet.com.br\\\/deputado\\\/marinha-homenageia-vander-com-medalha-merito-tamandare\\\/#primaryimage\"},\"thumbnailUrl\":\"http:\\\/\\\/www.deputadovander.com.br\\\/website\\\/wp-content\\\/uploads\\\/2011\\\/12\\\/foto-2011-12-15-vander-gilberto-carvalho-400x266.jpg\",\"datePublished\":\"2011-12-15T12:59:29+00:00\",\"breadcrumb\":{\"@id\":\"https:\\\/\\\/vanderloubet.com.br\\\/deputado\\\/marinha-homenageia-vander-com-medalha-merito-tamandare\\\/#breadcrumb\"},\"inLanguage\":\"pt-BR\",\"potentialAction\":[{\"@type\":\"ReadAction\",\"target\":[\"https:\\\/\\\/vanderloubet.com.br\\\/deputado\\\/marinha-homenageia-vander-com-medalha-merito-tamandare\\\/\"]}]},{\"@type\":\"ImageObject\",\"inLanguage\":\"pt-BR\",\"@id\":\"https:\\\/\\\/vanderloubet.com.br\\\/deputado\\\/marinha-homenageia-vander-com-medalha-merito-tamandare\\\/#primaryimage\",\"url\":\"http:\\\/\\\/www.deputadovander.com.br\\\/website\\\/wp-content\\\/uploads\\\/2011\\\/12\\\/foto-2011-12-15-vander-gilberto-carvalho-400x266.jpg\",\"contentUrl\":\"http:\\\/\\\/www.deputadovander.com.br\\\/website\\\/wp-content\\\/uploads\\\/2011\\\/12\\\/foto-2011-12-15-vander-gilberto-carvalho-400x266.jpg\"},{\"@type\":\"BreadcrumbList\",\"@id\":\"https:\\\/\\\/vanderloubet.com.br\\\/deputado\\\/marinha-homenageia-vander-com-medalha-merito-tamandare\\\/#breadcrumb\",\"itemListElement\":[{\"@type\":\"ListItem\",\"position\":1,\"name\":\"In\u00edcio\",\"item\":\"https:\\\/\\\/vanderloubet.com.br\\\/deputado\\\/\"},{\"@type\":\"ListItem\",\"position\":2,\"name\":\"Marinha homenageia Vander com Medalha M\u00e9rito Tamandar\u00e9\"}]},{\"@type\":\"WebSite\",\"@id\":\"https:\\\/\\\/vanderloubet.com.br\\\/deputado\\\/#website\",\"url\":\"https:\\\/\\\/vanderloubet.com.br\\\/deputado\\\/\",\"name\":\"Deputado Federal Vander Loubet\",\"description\":\"O Federal de MS\",\"publisher\":{\"@id\":\"https:\\\/\\\/vanderloubet.com.br\\\/deputado\\\/#organization\"},\"alternateName\":\"Deputado Vander\",\"potentialAction\":[{\"@type\":\"SearchAction\",\"target\":{\"@type\":\"EntryPoint\",\"urlTemplate\":\"https:\\\/\\\/vanderloubet.com.br\\\/deputado\\\/?s={search_term_string}\"},\"query-input\":{\"@type\":\"PropertyValueSpecification\",\"valueRequired\":true,\"valueName\":\"search_term_string\"}}],\"inLanguage\":\"pt-BR\"},{\"@type\":\"Organization\",\"@id\":\"https:\\\/\\\/vanderloubet.com.br\\\/deputado\\\/#organization\",\"name\":\"Deputado Federal Vander Loubet\",\"alternateName\":\"Deputado Vander\",\"url\":\"https:\\\/\\\/vanderloubet.com.br\\\/deputado\\\/\",\"logo\":{\"@type\":\"ImageObject\",\"inLanguage\":\"pt-BR\",\"@id\":\"https:\\\/\\\/vanderloubet.com.br\\\/deputado\\\/#\\\/schema\\\/logo\\\/image\\\/\",\"url\":\"https:\\\/\\\/vanderloubet.com.br\\\/deputado\\\/wp-content\\\/uploads\\\/2023\\\/06\\\/foto-2023-06-19-mandato-deputado-vander.jpg\",\"contentUrl\":\"https:\\\/\\\/vanderloubet.com.br\\\/deputado\\\/wp-content\\\/uploads\\\/2023\\\/06\\\/foto-2023-06-19-mandato-deputado-vander.jpg\",\"width\":1080,\"height\":1080,\"caption\":\"Deputado Federal Vander Loubet\"},\"image\":{\"@id\":\"https:\\\/\\\/vanderloubet.com.br\\\/deputado\\\/#\\\/schema\\\/logo\\\/image\\\/\"},\"sameAs\":[\"https:\\\/\\\/facebook.com\\\/deputadovander\",\"https:\\\/\\\/x.com\\\/vanderloubet\",\"https:\\\/\\\/instagram.com\\\/vanderloubet\",\"https:\\\/\\\/youtube.com\\\/vanderloubet\",\"https:\\\/\\\/tiktok.com\\\/@vanderloubetms\"]},{\"@type\":\"Person\",\"@id\":\"https:\\\/\\\/vanderloubet.com.br\\\/deputado\\\/#\\\/schema\\\/person\\\/15b51bd564532a8a68d9dec1b8eb890e\",\"name\":\"\u00c9der\",\"image\":{\"@type\":\"ImageObject\",\"inLanguage\":\"pt-BR\",\"@id\":\"https:\\\/\\\/vanderloubet.com.br\\\/deputado\\\/wp-content\\\/litespeed\\\/avatar\\\/88ca4090d9d5ab1c9495f6ca03b68efa.jpg?ver=1777058957\",\"url\":\"https:\\\/\\\/vanderloubet.com.br\\\/deputado\\\/wp-content\\\/litespeed\\\/avatar\\\/88ca4090d9d5ab1c9495f6ca03b68efa.jpg?ver=1777058957\",\"contentUrl\":\"https:\\\/\\\/vanderloubet.com.br\\\/deputado\\\/wp-content\\\/litespeed\\\/avatar\\\/88ca4090d9d5ab1c9495f6ca03b68efa.jpg?ver=1777058957\",\"caption\":\"\u00c9der\"}}]}<\/script>\n<!-- \/ Yoast SEO plugin. -->","yoast_head_json":{"title":"Marinha homenageia Vander com Medalha M\u00e9rito Tamandar\u00e9","robots":{"index":"index","follow":"follow","max-snippet":"max-snippet:-1","max-image-preview":"max-image-preview:large","max-video-preview":"max-video-preview:-1"},"canonical":"https:\/\/vanderloubet.com.br\/deputado\/marinha-homenageia-vander-com-medalha-merito-tamandare\/","og_locale":"pt_BR","og_type":"article","og_title":"Marinha homenageia Vander com Medalha M\u00e9rito Tamandar\u00e9","og_description":"Al\u00e9m do deputado, outras personalidades foram homenageadas, como o ministro da Presid\u00eancia, Gilberto Carvalho.","og_url":"https:\/\/vanderloubet.com.br\/deputado\/marinha-homenageia-vander-com-medalha-merito-tamandare\/","og_site_name":"Deputado Federal Vander Loubet","article_publisher":"https:\/\/facebook.com\/deputadovander","article_published_time":"2011-12-15T12:59:29+00:00","og_image":[{"url":"http:\/\/www.deputadovander.com.br\/website\/wp-content\/uploads\/2011\/12\/foto-2011-12-15-vander-gilberto-carvalho-400x266.jpg","type":"","width":"","height":""}],"author":"\u00c9der","twitter_card":"summary_large_image","twitter_creator":"@vanderloubet","twitter_site":"@vanderloubet","schema":{"@context":"https:\/\/schema.org","@graph":[{"@type":"Article","@id":"https:\/\/vanderloubet.com.br\/deputado\/marinha-homenageia-vander-com-medalha-merito-tamandare\/#article","isPartOf":{"@id":"https:\/\/vanderloubet.com.br\/deputado\/marinha-homenageia-vander-com-medalha-merito-tamandare\/"},"author":{"name":"\u00c9der","@id":"https:\/\/vanderloubet.com.br\/deputado\/#\/schema\/person\/15b51bd564532a8a68d9dec1b8eb890e"},"headline":"Marinha homenageia Vander com Medalha M\u00e9rito Tamandar\u00e9","datePublished":"2011-12-15T12:59:29+00:00","mainEntityOfPage":{"@id":"https:\/\/vanderloubet.com.br\/deputado\/marinha-homenageia-vander-com-medalha-merito-tamandare\/"},"wordCount":189,"publisher":{"@id":"https:\/\/vanderloubet.com.br\/deputado\/#organization"},"image":{"@id":"https:\/\/vanderloubet.com.br\/deputado\/marinha-homenageia-vander-com-medalha-merito-tamandare\/#primaryimage"},"thumbnailUrl":"http:\/\/www.deputadovander.com.br\/website\/wp-content\/uploads\/2011\/12\/foto-2011-12-15-vander-gilberto-carvalho-400x266.jpg","keywords":["bras\u00edlia","carvalho","comando","deputado","distrito","federal","gilberto","homenagem","loubet","marinha","medalha","m\u00e9rito","ministro","naval","presid\u00eancia","tamandar\u00e9","vander"],"articleSection":["Not\u00edcias"],"inLanguage":"pt-BR"},{"@type":"WebPage","@id":"https:\/\/vanderloubet.com.br\/deputado\/marinha-homenageia-vander-com-medalha-merito-tamandare\/","url":"https:\/\/vanderloubet.com.br\/deputado\/marinha-homenageia-vander-com-medalha-merito-tamandare\/","name":"Marinha homenageia Vander com Medalha M\u00e9rito Tamandar\u00e9","isPartOf":{"@id":"https:\/\/vanderloubet.com.br\/deputado\/#website"},"primaryImageOfPage":{"@id":"https:\/\/vanderloubet.com.br\/deputado\/marinha-homenageia-vander-com-medalha-merito-tamandare\/#primaryimage"},"image":{"@id":"https:\/\/vanderloubet.com.br\/deputado\/marinha-homenageia-vander-com-medalha-merito-tamandare\/#primaryimage"},"thumbnailUrl":"http:\/\/www.deputadovander.com.br\/website\/wp-content\/uploads\/2011\/12\/foto-2011-12-15-vander-gilberto-carvalho-400x266.jpg","datePublished":"2011-12-15T12:59:29+00:00","breadcrumb":{"@id":"https:\/\/vanderloubet.com.br\/deputado\/marinha-homenageia-vander-com-medalha-merito-tamandare\/#breadcrumb"},"inLanguage":"pt-BR","potentialAction":[{"@type":"ReadAction","target":["https:\/\/vanderloubet.com.br\/deputado\/marinha-homenageia-vander-com-medalha-merito-tamandare\/"]}]},{"@type":"ImageObject","inLanguage":"pt-BR","@id":"https:\/\/vanderloubet.com.br\/deputado\/marinha-homenageia-vander-com-medalha-merito-tamandare\/#primaryimage","url":"http:\/\/www.deputadovander.com.br\/website\/wp-content\/uploads\/2011\/12\/foto-2011-12-15-vander-gilberto-carvalho-400x266.jpg","contentUrl":"http:\/\/www.deputadovander.com.br\/website\/wp-content\/uploads\/2011\/12\/foto-2011-12-15-vander-gilberto-carvalho-400x266.jpg"},{"@type":"BreadcrumbList","@id":"https:\/\/vanderloubet.com.br\/deputado\/marinha-homenageia-vander-com-medalha-merito-tamandare\/#breadcrumb","itemListElement":[{"@type":"ListItem","position":1,"name":"In\u00edcio","item":"https:\/\/vanderloubet.com.br\/deputado\/"},{"@type":"ListItem","position":2,"name":"Marinha homenageia Vander com Medalha M\u00e9rito Tamandar\u00e9"}]},{"@type":"WebSite","@id":"https:\/\/vanderloubet.com.br\/deputado\/#website","url":"https:\/\/vanderloubet.com.br\/deputado\/","name":"Deputado Federal Vander Loubet","description":"O Federal de MS","publisher":{"@id":"https:\/\/vanderloubet.com.br\/deputado\/#organization"},"alternateName":"Deputado Vander","potentialAction":[{"@type":"SearchAction","target":{"@type":"EntryPoint","urlTemplate":"https:\/\/vanderloubet.com.br\/deputado\/?s={search_term_string}"},"query-input":{"@type":"PropertyValueSpecification","valueRequired":true,"valueName":"search_term_string"}}],"inLanguage":"pt-BR"},{"@type":"Organization","@id":"https:\/\/vanderloubet.com.br\/deputado\/#organization","name":"Deputado Federal Vander Loubet","alternateName":"Deputado Vander","url":"https:\/\/vanderloubet.com.br\/deputado\/","logo":{"@type":"ImageObject","inLanguage":"pt-BR","@id":"https:\/\/vanderloubet.com.br\/deputado\/#\/schema\/logo\/image\/","url":"https:\/\/vanderloubet.com.br\/deputado\/wp-content\/uploads\/2023\/06\/foto-2023-06-19-mandato-deputado-vander.jpg","contentUrl":"https:\/\/vanderloubet.com.br\/deputado\/wp-content\/uploads\/2023\/06\/foto-2023-06-19-mandato-deputado-vander.jpg","width":1080,"height":1080,"caption":"Deputado Federal Vander Loubet"},"image":{"@id":"https:\/\/vanderloubet.com.br\/deputado\/#\/schema\/logo\/image\/"},"sameAs":["https:\/\/facebook.com\/deputadovander","https:\/\/x.com\/vanderloubet","https:\/\/instagram.com\/vanderloubet","https:\/\/youtube.com\/vanderloubet","https:\/\/tiktok.com\/@vanderloubetms"]},{"@type":"Person","@id":"https:\/\/vanderloubet.com.br\/deputado\/#\/schema\/person\/15b51bd564532a8a68d9dec1b8eb890e","name":"\u00c9der","image":{"@type":"ImageObject","inLanguage":"pt-BR","@id":"https:\/\/vanderloubet.com.br\/deputado\/wp-content\/litespeed\/avatar\/88ca4090d9d5ab1c9495f6ca03b68efa.jpg?ver=1777058957","url":"https:\/\/vanderloubet.com.br\/deputado\/wp-content\/litespeed\/avatar\/88ca4090d9d5ab1c9495f6ca03b68efa.jpg?ver=1777058957","contentUrl":"https:\/\/vanderloubet.com.br\/deputado\/wp-content\/litespeed\/avatar\/88ca4090d9d5ab1c9495f6ca03b68efa.jpg?ver=1777058957","caption":"\u00c9der"}}]}},"jetpack_featured_media_url":"","jetpack_sharing_enabled":true,"_links":{"self":[{"href":"https:\/\/vanderloubet.com.br\/deputado\/wp-json\/wp\/v2\/posts\/4172","targetHints":{"allow":["GET"]}}],"collection":[{"href":"https:\/\/vanderloubet.com.br\/deputado\/wp-json\/wp\/v2\/posts"}],"about":[{"href":"https:\/\/vanderloubet.com.br\/deputado\/wp-json\/wp\/v2\/types\/post"}],"author":[{"embeddable":true,"href":"https:\/\/vanderloubet.com.br\/deputado\/wp-json\/wp\/v2\/users\/2"}],"replies":[{"embeddable":true,"href":"https:\/\/vanderloubet.com.br\/deputado\/wp-json\/wp\/v2\/comments?post=4172"}],"version-history":[{"count":0,"href":"https:\/\/vanderloubet.com.br\/deputado\/wp-json\/wp\/v2\/posts\/4172\/revisions"}],"wp:attachment":[{"href":"https:\/\/vanderloubet.com.br\/deputado\/wp-json\/wp\/v2\/media?parent=4172"}],"wp:term":[{"taxonomy":"category","embeddable":true,"href":"https:\/\/vanderloubet.com.br\/deputado\/wp-json\/wp\/v2\/categories?post=4172"},{"taxonomy":"post_tag","embeddable":true,"href":"https:\/\/vanderloubet.com.br\/deputado\/wp-json\/wp\/v2\/tags?post=4172"}],"curies":[{"name":"wp","href":"https:\/\/api.w.org\/{rel}","templated":true}]}}