{"id":4151,"date":"2011-12-08T17:03:41","date_gmt":"2011-12-08T21:03:41","guid":{"rendered":"http:\/\/www.deputadovander.com.br\/website\/?p=4151"},"modified":"2011-12-08T17:03:41","modified_gmt":"2011-12-08T21:03:41","slug":"vander-garante-liberacao-de-r-300-mil-para-hospital-do-cancer","status":"publish","type":"post","link":"https:\/\/vanderloubet.com.br\/deputado\/vander-garante-liberacao-de-r-300-mil-para-hospital-do-cancer\/","title":{"rendered":"Vander garante libera\u00e7\u00e3o de R$ 300 mil para Hospital do C\u00e2ncer"},"content":{"rendered":"<figure id=\"attachment_4153\" aria-describedby=\"caption-attachment-4153\" style=\"width: 400px\" class=\"wp-caption aligncenter\"><a href=\"http:\/\/www.deputadovander.com.br\/website\/wp-content\/uploads\/2011\/12\/foto-2011-12-08-hospital-cancer-alfredo-abrao.jpg\" target=\"_blank\"><img decoding=\"async\" class=\"size-medium wp-image-4153 \" title=\"foto-2011-12-08-hospital-cancer-alfredo-abrao\" src=\"http:\/\/www.deputadovander.com.br\/website\/wp-content\/uploads\/2011\/12\/foto-2011-12-08-hospital-cancer-alfredo-abrao-400x266.jpg\" alt=\"Hospital do C\u00e2ncer, na Rua C\u00e2ndido Mariano, esquina com Av. Ernesto Geisel\" width=\"400\" height=\"266\" \/><\/a><figcaption id=\"caption-attachment-4153\" class=\"wp-caption-text\">Hospital do C\u00e2ncer, na Rua C\u00e2ndido Mariano, esquina com Av. Ernesto Geisel<\/figcaption><\/figure>\n<p>Na semana passada o deputado federal Vander Loubet (PT-MS) garantiu o empenho de uma emenda de R$ 300 mil do Minist\u00e9rio da Sa\u00fade para o Hospital do C\u00e2ncer Alfredo Abr\u00e3o, em Campo Grande. Segundo informa\u00e7\u00f5es da Funda\u00e7\u00e3o Carmem Prudente, mantenedora do HCAA, o recurso deve ser aplicado na aquisi\u00e7\u00e3o de equipamentos hospitalares como mesa cir\u00fargica, aspirador cir\u00fargico, fibrosc\u00f3pio\/gastrosc\u00f3pio, eletrocardi\u00f3grafo e monitor multipar\u00e2metro. Tamb\u00e9m h\u00e1 a inten\u00e7\u00e3o de adquirir um aparelho port\u00e1til de Raio X.<\/p>\n<p>O diretor geral do Hospital do C\u00e2ncer, Dr. Adalberto Siufi, agradeceu o apoio do deputado Vander e informou que esses recursos s\u00e3o fundamentais para a manuten\u00e7\u00e3o do atendimento ao cidad\u00e3o. &#8220;O Vander sempre foi um parceiro do Hospital, levando nossos projetos ao Minist\u00e9rio da Sa\u00fade e os defendendo. Sem d\u00favida \u00e9 uma ajuda importante. Esse recurso que est\u00e1 sendo liberado vai refor\u00e7ar nossa estrutura de atendimento&#8221;, afirmou.<\/p>\n<figure id=\"attachment_4152\" aria-describedby=\"caption-attachment-4152\" style=\"width: 400px\" class=\"wp-caption aligncenter\"><a href=\"http:\/\/www.deputadovander.com.br\/website\/wp-content\/uploads\/2011\/12\/foto-2011-12-08-adalberto-siufi-hcaa.jpg\" target=\"_blank\"><img decoding=\"async\" class=\"size-medium wp-image-4152 \" title=\"foto-2011-12-08-adalberto-siufi-hcaa\" src=\"http:\/\/www.deputadovander.com.br\/website\/wp-content\/uploads\/2011\/12\/foto-2011-12-08-adalberto-siufi-hcaa-400x266.jpg\" alt=\"Dr. Adalberto Siufi, m\u00e9dico oncologista e diretor geral do HCAA\" width=\"400\" height=\"266\" \/><\/a><figcaption id=\"caption-attachment-4152\" class=\"wp-caption-text\">Dr. Adalberto Siufi, m\u00e9dico oncologista e diretor geral do HCAA<\/figcaption><\/figure>\n<p><strong>HCAA<\/strong><\/p>\n<p>O Hospital do C\u00e2ncer foi inaugurado em 21 de mar\u00e7o de 1996 e realiza em m\u00e9dia 300 atendimentos por dia, sendo praticamente todos atrav\u00e9s do Sistema \u00danico de Sa\u00fade (SUS).<\/p>\n<p>Inicialmente sua fun\u00e7\u00e3o era ser uma extens\u00e3o da disciplina de Oncologia da Universidade Federal de Mato Grosso do Sul (UFMS). Com o passar dos anos, a institui\u00e7\u00e3o foi ganhando credibilidade e aumentando o n\u00famero de atendimentos e exames, tornando-se hoje refer\u00eancia em tratamentos contra o c\u00e2ncer no estado. O nome do hospital \u00e9 uma homenagem a um dos maiores oncologistas do Brasil, o m\u00e9dico campo-grandense Alfredo Abr\u00e3o.<\/p>\n<p>A institui\u00e7\u00e3o se mant\u00e9m por meio das receitas dos atendimentos e de doa\u00e7\u00f5es realizadas pela popula\u00e7\u00e3o atrav\u00e9s do setor de telemarketing, que realiza campanhas para captar recursos que s\u00e3o aplicados conforme as necessidades do Hospital. As doa\u00e7\u00f5es podem ser feitas pelos telefones 0800-600-6313 e 3041-3602.<\/p>\n<p><span style=\"font-size: 11px;\">(\u00c9der Yanaguita\/Assessoria Deputado Vander)<\/span><\/p>\n","protected":false},"excerpt":{"rendered":"<p>Segundo a Funda\u00e7\u00e3o Carmem Prudente, mantenedora do HCAA, ser\u00e3o adquiridos equipamentos hospitalares.<\/p>\n","protected":false},"author":2,"featured_media":0,"comment_status":"closed","ping_status":"open","sticky":false,"template":"","format":"standard","meta":{"jetpack_post_was_ever_published":false,"_jetpack_newsletter_access":"","_jetpack_dont_email_post_to_subs":false,"_jetpack_newsletter_tier_id":0,"_jetpack_memberships_contains_paywalled_content":false,"_jetpack_memberships_contains_paid_content":false,"footnotes":""},"categories":[10],"tags":[34,44,97,345,608,709,727,807,972,973,1178,1302,1336,1655,1803,1875,2033],"class_list":{"0":"post-4151","1":"post","2":"type-post","3":"status-publish","4":"format-standard","6":"category-noticias","7":"tag-abrao","8":"tag-adalberto","9":"tag-alfredo","10":"tag-cancer","11":"tag-deputado","12":"tag-emenda","13":"tag-equipamentos","14":"tag-federal","15":"tag-hospital","16":"tag-hospitalares","17":"tag-loubet","18":"tag-ministerio","19":"tag-ms","20":"tag-pt","21":"tag-saude","22":"tag-siufi","23":"tag-vander"},"yoast_head":"<!-- This site is optimized with the Yoast SEO plugin v27.4 - https:\/\/yoast.com\/product\/yoast-seo-wordpress\/ -->\n<title>Vander garante libera\u00e7\u00e3o de R$ 300 mil para Hospital do C\u00e2ncer<\/title>\n<meta name=\"robots\" content=\"index, follow, max-snippet:-1, max-image-preview:large, max-video-preview:-1\" \/>\n<link rel=\"canonical\" href=\"https:\/\/vanderloubet.com.br\/deputado\/vander-garante-liberacao-de-r-300-mil-para-hospital-do-cancer\/\" \/>\n<meta property=\"og:locale\" content=\"pt_BR\" \/>\n<meta property=\"og:type\" content=\"article\" \/>\n<meta property=\"og:title\" content=\"Vander garante libera\u00e7\u00e3o de R$ 300 mil para Hospital do C\u00e2ncer\" \/>\n<meta property=\"og:description\" content=\"Segundo a Funda\u00e7\u00e3o Carmem Prudente, mantenedora do HCAA, ser\u00e3o adquiridos equipamentos hospitalares.\" \/>\n<meta property=\"og:url\" content=\"https:\/\/vanderloubet.com.br\/deputado\/vander-garante-liberacao-de-r-300-mil-para-hospital-do-cancer\/\" \/>\n<meta property=\"og:site_name\" content=\"Deputado Federal Vander Loubet\" \/>\n<meta property=\"article:publisher\" content=\"https:\/\/facebook.com\/deputadovander\" \/>\n<meta property=\"article:published_time\" content=\"2011-12-08T21:03:41+00:00\" \/>\n<meta property=\"og:image\" content=\"http:\/\/www.deputadovander.com.br\/website\/wp-content\/uploads\/2011\/12\/foto-2011-12-08-hospital-cancer-alfredo-abrao-400x266.jpg\" \/>\n<meta name=\"author\" content=\"\u00c9der\" \/>\n<meta name=\"twitter:card\" content=\"summary_large_image\" \/>\n<meta name=\"twitter:creator\" content=\"@vanderloubet\" \/>\n<meta name=\"twitter:site\" content=\"@vanderloubet\" \/>\n<script type=\"application\/ld+json\" class=\"yoast-schema-graph\">{\"@context\":\"https:\\\/\\\/schema.org\",\"@graph\":[{\"@type\":\"Article\",\"@id\":\"https:\\\/\\\/vanderloubet.com.br\\\/deputado\\\/vander-garante-liberacao-de-r-300-mil-para-hospital-do-cancer\\\/#article\",\"isPartOf\":{\"@id\":\"https:\\\/\\\/vanderloubet.com.br\\\/deputado\\\/vander-garante-liberacao-de-r-300-mil-para-hospital-do-cancer\\\/\"},\"author\":{\"name\":\"\u00c9der\",\"@id\":\"https:\\\/\\\/vanderloubet.com.br\\\/deputado\\\/#\\\/schema\\\/person\\\/15b51bd564532a8a68d9dec1b8eb890e\"},\"headline\":\"Vander garante libera\u00e7\u00e3o de R$ 300 mil para Hospital do C\u00e2ncer\",\"datePublished\":\"2011-12-08T21:03:41+00:00\",\"mainEntityOfPage\":{\"@id\":\"https:\\\/\\\/vanderloubet.com.br\\\/deputado\\\/vander-garante-liberacao-de-r-300-mil-para-hospital-do-cancer\\\/\"},\"wordCount\":382,\"publisher\":{\"@id\":\"https:\\\/\\\/vanderloubet.com.br\\\/deputado\\\/#organization\"},\"image\":{\"@id\":\"https:\\\/\\\/vanderloubet.com.br\\\/deputado\\\/vander-garante-liberacao-de-r-300-mil-para-hospital-do-cancer\\\/#primaryimage\"},\"thumbnailUrl\":\"http:\\\/\\\/www.deputadovander.com.br\\\/website\\\/wp-content\\\/uploads\\\/2011\\\/12\\\/foto-2011-12-08-hospital-cancer-alfredo-abrao-400x266.jpg\",\"keywords\":[\"abr\u00e3o\",\"adalberto\",\"alfredo\",\"c\u00e2ncer\",\"deputado\",\"emenda\",\"equipamentos\",\"federal\",\"hospital\",\"hospitalares\",\"loubet\",\"minist\u00e9rio\",\"MS\",\"PT\",\"sa\u00fade\",\"siufi\",\"vander\"],\"articleSection\":[\"Not\u00edcias\"],\"inLanguage\":\"pt-BR\"},{\"@type\":\"WebPage\",\"@id\":\"https:\\\/\\\/vanderloubet.com.br\\\/deputado\\\/vander-garante-liberacao-de-r-300-mil-para-hospital-do-cancer\\\/\",\"url\":\"https:\\\/\\\/vanderloubet.com.br\\\/deputado\\\/vander-garante-liberacao-de-r-300-mil-para-hospital-do-cancer\\\/\",\"name\":\"Vander garante libera\u00e7\u00e3o de R$ 300 mil para Hospital do C\u00e2ncer\",\"isPartOf\":{\"@id\":\"https:\\\/\\\/vanderloubet.com.br\\\/deputado\\\/#website\"},\"primaryImageOfPage\":{\"@id\":\"https:\\\/\\\/vanderloubet.com.br\\\/deputado\\\/vander-garante-liberacao-de-r-300-mil-para-hospital-do-cancer\\\/#primaryimage\"},\"image\":{\"@id\":\"https:\\\/\\\/vanderloubet.com.br\\\/deputado\\\/vander-garante-liberacao-de-r-300-mil-para-hospital-do-cancer\\\/#primaryimage\"},\"thumbnailUrl\":\"http:\\\/\\\/www.deputadovander.com.br\\\/website\\\/wp-content\\\/uploads\\\/2011\\\/12\\\/foto-2011-12-08-hospital-cancer-alfredo-abrao-400x266.jpg\",\"datePublished\":\"2011-12-08T21:03:41+00:00\",\"breadcrumb\":{\"@id\":\"https:\\\/\\\/vanderloubet.com.br\\\/deputado\\\/vander-garante-liberacao-de-r-300-mil-para-hospital-do-cancer\\\/#breadcrumb\"},\"inLanguage\":\"pt-BR\",\"potentialAction\":[{\"@type\":\"ReadAction\",\"target\":[\"https:\\\/\\\/vanderloubet.com.br\\\/deputado\\\/vander-garante-liberacao-de-r-300-mil-para-hospital-do-cancer\\\/\"]}]},{\"@type\":\"ImageObject\",\"inLanguage\":\"pt-BR\",\"@id\":\"https:\\\/\\\/vanderloubet.com.br\\\/deputado\\\/vander-garante-liberacao-de-r-300-mil-para-hospital-do-cancer\\\/#primaryimage\",\"url\":\"http:\\\/\\\/www.deputadovander.com.br\\\/website\\\/wp-content\\\/uploads\\\/2011\\\/12\\\/foto-2011-12-08-hospital-cancer-alfredo-abrao-400x266.jpg\",\"contentUrl\":\"http:\\\/\\\/www.deputadovander.com.br\\\/website\\\/wp-content\\\/uploads\\\/2011\\\/12\\\/foto-2011-12-08-hospital-cancer-alfredo-abrao-400x266.jpg\"},{\"@type\":\"BreadcrumbList\",\"@id\":\"https:\\\/\\\/vanderloubet.com.br\\\/deputado\\\/vander-garante-liberacao-de-r-300-mil-para-hospital-do-cancer\\\/#breadcrumb\",\"itemListElement\":[{\"@type\":\"ListItem\",\"position\":1,\"name\":\"In\u00edcio\",\"item\":\"https:\\\/\\\/vanderloubet.com.br\\\/deputado\\\/\"},{\"@type\":\"ListItem\",\"position\":2,\"name\":\"Vander garante libera\u00e7\u00e3o de R$ 300 mil para Hospital do C\u00e2ncer\"}]},{\"@type\":\"WebSite\",\"@id\":\"https:\\\/\\\/vanderloubet.com.br\\\/deputado\\\/#website\",\"url\":\"https:\\\/\\\/vanderloubet.com.br\\\/deputado\\\/\",\"name\":\"Deputado Federal Vander Loubet\",\"description\":\"O Federal de MS\",\"publisher\":{\"@id\":\"https:\\\/\\\/vanderloubet.com.br\\\/deputado\\\/#organization\"},\"alternateName\":\"Deputado Vander\",\"potentialAction\":[{\"@type\":\"SearchAction\",\"target\":{\"@type\":\"EntryPoint\",\"urlTemplate\":\"https:\\\/\\\/vanderloubet.com.br\\\/deputado\\\/?s={search_term_string}\"},\"query-input\":{\"@type\":\"PropertyValueSpecification\",\"valueRequired\":true,\"valueName\":\"search_term_string\"}}],\"inLanguage\":\"pt-BR\"},{\"@type\":\"Organization\",\"@id\":\"https:\\\/\\\/vanderloubet.com.br\\\/deputado\\\/#organization\",\"name\":\"Deputado Federal Vander Loubet\",\"alternateName\":\"Deputado Vander\",\"url\":\"https:\\\/\\\/vanderloubet.com.br\\\/deputado\\\/\",\"logo\":{\"@type\":\"ImageObject\",\"inLanguage\":\"pt-BR\",\"@id\":\"https:\\\/\\\/vanderloubet.com.br\\\/deputado\\\/#\\\/schema\\\/logo\\\/image\\\/\",\"url\":\"https:\\\/\\\/vanderloubet.com.br\\\/deputado\\\/wp-content\\\/uploads\\\/2023\\\/06\\\/foto-2023-06-19-mandato-deputado-vander.jpg\",\"contentUrl\":\"https:\\\/\\\/vanderloubet.com.br\\\/deputado\\\/wp-content\\\/uploads\\\/2023\\\/06\\\/foto-2023-06-19-mandato-deputado-vander.jpg\",\"width\":1080,\"height\":1080,\"caption\":\"Deputado Federal Vander Loubet\"},\"image\":{\"@id\":\"https:\\\/\\\/vanderloubet.com.br\\\/deputado\\\/#\\\/schema\\\/logo\\\/image\\\/\"},\"sameAs\":[\"https:\\\/\\\/facebook.com\\\/deputadovander\",\"https:\\\/\\\/x.com\\\/vanderloubet\",\"https:\\\/\\\/instagram.com\\\/vanderloubet\",\"https:\\\/\\\/youtube.com\\\/vanderloubet\",\"https:\\\/\\\/tiktok.com\\\/@vanderloubetms\"]},{\"@type\":\"Person\",\"@id\":\"https:\\\/\\\/vanderloubet.com.br\\\/deputado\\\/#\\\/schema\\\/person\\\/15b51bd564532a8a68d9dec1b8eb890e\",\"name\":\"\u00c9der\",\"image\":{\"@type\":\"ImageObject\",\"inLanguage\":\"pt-BR\",\"@id\":\"https:\\\/\\\/vanderloubet.com.br\\\/deputado\\\/wp-content\\\/litespeed\\\/avatar\\\/88ca4090d9d5ab1c9495f6ca03b68efa.jpg?ver=1777058957\",\"url\":\"https:\\\/\\\/vanderloubet.com.br\\\/deputado\\\/wp-content\\\/litespeed\\\/avatar\\\/88ca4090d9d5ab1c9495f6ca03b68efa.jpg?ver=1777058957\",\"contentUrl\":\"https:\\\/\\\/vanderloubet.com.br\\\/deputado\\\/wp-content\\\/litespeed\\\/avatar\\\/88ca4090d9d5ab1c9495f6ca03b68efa.jpg?ver=1777058957\",\"caption\":\"\u00c9der\"}}]}<\/script>\n<!-- \/ Yoast SEO plugin. -->","yoast_head_json":{"title":"Vander garante libera\u00e7\u00e3o de R$ 300 mil para Hospital do C\u00e2ncer","robots":{"index":"index","follow":"follow","max-snippet":"max-snippet:-1","max-image-preview":"max-image-preview:large","max-video-preview":"max-video-preview:-1"},"canonical":"https:\/\/vanderloubet.com.br\/deputado\/vander-garante-liberacao-de-r-300-mil-para-hospital-do-cancer\/","og_locale":"pt_BR","og_type":"article","og_title":"Vander garante libera\u00e7\u00e3o de R$ 300 mil para Hospital do C\u00e2ncer","og_description":"Segundo a Funda\u00e7\u00e3o Carmem Prudente, mantenedora do HCAA, ser\u00e3o adquiridos equipamentos hospitalares.","og_url":"https:\/\/vanderloubet.com.br\/deputado\/vander-garante-liberacao-de-r-300-mil-para-hospital-do-cancer\/","og_site_name":"Deputado Federal Vander Loubet","article_publisher":"https:\/\/facebook.com\/deputadovander","article_published_time":"2011-12-08T21:03:41+00:00","og_image":[{"url":"http:\/\/www.deputadovander.com.br\/website\/wp-content\/uploads\/2011\/12\/foto-2011-12-08-hospital-cancer-alfredo-abrao-400x266.jpg","type":"","width":"","height":""}],"author":"\u00c9der","twitter_card":"summary_large_image","twitter_creator":"@vanderloubet","twitter_site":"@vanderloubet","schema":{"@context":"https:\/\/schema.org","@graph":[{"@type":"Article","@id":"https:\/\/vanderloubet.com.br\/deputado\/vander-garante-liberacao-de-r-300-mil-para-hospital-do-cancer\/#article","isPartOf":{"@id":"https:\/\/vanderloubet.com.br\/deputado\/vander-garante-liberacao-de-r-300-mil-para-hospital-do-cancer\/"},"author":{"name":"\u00c9der","@id":"https:\/\/vanderloubet.com.br\/deputado\/#\/schema\/person\/15b51bd564532a8a68d9dec1b8eb890e"},"headline":"Vander garante libera\u00e7\u00e3o de R$ 300 mil para Hospital do C\u00e2ncer","datePublished":"2011-12-08T21:03:41+00:00","mainEntityOfPage":{"@id":"https:\/\/vanderloubet.com.br\/deputado\/vander-garante-liberacao-de-r-300-mil-para-hospital-do-cancer\/"},"wordCount":382,"publisher":{"@id":"https:\/\/vanderloubet.com.br\/deputado\/#organization"},"image":{"@id":"https:\/\/vanderloubet.com.br\/deputado\/vander-garante-liberacao-de-r-300-mil-para-hospital-do-cancer\/#primaryimage"},"thumbnailUrl":"http:\/\/www.deputadovander.com.br\/website\/wp-content\/uploads\/2011\/12\/foto-2011-12-08-hospital-cancer-alfredo-abrao-400x266.jpg","keywords":["abr\u00e3o","adalberto","alfredo","c\u00e2ncer","deputado","emenda","equipamentos","federal","hospital","hospitalares","loubet","minist\u00e9rio","MS","PT","sa\u00fade","siufi","vander"],"articleSection":["Not\u00edcias"],"inLanguage":"pt-BR"},{"@type":"WebPage","@id":"https:\/\/vanderloubet.com.br\/deputado\/vander-garante-liberacao-de-r-300-mil-para-hospital-do-cancer\/","url":"https:\/\/vanderloubet.com.br\/deputado\/vander-garante-liberacao-de-r-300-mil-para-hospital-do-cancer\/","name":"Vander garante libera\u00e7\u00e3o de R$ 300 mil para Hospital do C\u00e2ncer","isPartOf":{"@id":"https:\/\/vanderloubet.com.br\/deputado\/#website"},"primaryImageOfPage":{"@id":"https:\/\/vanderloubet.com.br\/deputado\/vander-garante-liberacao-de-r-300-mil-para-hospital-do-cancer\/#primaryimage"},"image":{"@id":"https:\/\/vanderloubet.com.br\/deputado\/vander-garante-liberacao-de-r-300-mil-para-hospital-do-cancer\/#primaryimage"},"thumbnailUrl":"http:\/\/www.deputadovander.com.br\/website\/wp-content\/uploads\/2011\/12\/foto-2011-12-08-hospital-cancer-alfredo-abrao-400x266.jpg","datePublished":"2011-12-08T21:03:41+00:00","breadcrumb":{"@id":"https:\/\/vanderloubet.com.br\/deputado\/vander-garante-liberacao-de-r-300-mil-para-hospital-do-cancer\/#breadcrumb"},"inLanguage":"pt-BR","potentialAction":[{"@type":"ReadAction","target":["https:\/\/vanderloubet.com.br\/deputado\/vander-garante-liberacao-de-r-300-mil-para-hospital-do-cancer\/"]}]},{"@type":"ImageObject","inLanguage":"pt-BR","@id":"https:\/\/vanderloubet.com.br\/deputado\/vander-garante-liberacao-de-r-300-mil-para-hospital-do-cancer\/#primaryimage","url":"http:\/\/www.deputadovander.com.br\/website\/wp-content\/uploads\/2011\/12\/foto-2011-12-08-hospital-cancer-alfredo-abrao-400x266.jpg","contentUrl":"http:\/\/www.deputadovander.com.br\/website\/wp-content\/uploads\/2011\/12\/foto-2011-12-08-hospital-cancer-alfredo-abrao-400x266.jpg"},{"@type":"BreadcrumbList","@id":"https:\/\/vanderloubet.com.br\/deputado\/vander-garante-liberacao-de-r-300-mil-para-hospital-do-cancer\/#breadcrumb","itemListElement":[{"@type":"ListItem","position":1,"name":"In\u00edcio","item":"https:\/\/vanderloubet.com.br\/deputado\/"},{"@type":"ListItem","position":2,"name":"Vander garante libera\u00e7\u00e3o de R$ 300 mil para Hospital do C\u00e2ncer"}]},{"@type":"WebSite","@id":"https:\/\/vanderloubet.com.br\/deputado\/#website","url":"https:\/\/vanderloubet.com.br\/deputado\/","name":"Deputado Federal Vander Loubet","description":"O Federal de MS","publisher":{"@id":"https:\/\/vanderloubet.com.br\/deputado\/#organization"},"alternateName":"Deputado Vander","potentialAction":[{"@type":"SearchAction","target":{"@type":"EntryPoint","urlTemplate":"https:\/\/vanderloubet.com.br\/deputado\/?s={search_term_string}"},"query-input":{"@type":"PropertyValueSpecification","valueRequired":true,"valueName":"search_term_string"}}],"inLanguage":"pt-BR"},{"@type":"Organization","@id":"https:\/\/vanderloubet.com.br\/deputado\/#organization","name":"Deputado Federal Vander Loubet","alternateName":"Deputado Vander","url":"https:\/\/vanderloubet.com.br\/deputado\/","logo":{"@type":"ImageObject","inLanguage":"pt-BR","@id":"https:\/\/vanderloubet.com.br\/deputado\/#\/schema\/logo\/image\/","url":"https:\/\/vanderloubet.com.br\/deputado\/wp-content\/uploads\/2023\/06\/foto-2023-06-19-mandato-deputado-vander.jpg","contentUrl":"https:\/\/vanderloubet.com.br\/deputado\/wp-content\/uploads\/2023\/06\/foto-2023-06-19-mandato-deputado-vander.jpg","width":1080,"height":1080,"caption":"Deputado Federal Vander Loubet"},"image":{"@id":"https:\/\/vanderloubet.com.br\/deputado\/#\/schema\/logo\/image\/"},"sameAs":["https:\/\/facebook.com\/deputadovander","https:\/\/x.com\/vanderloubet","https:\/\/instagram.com\/vanderloubet","https:\/\/youtube.com\/vanderloubet","https:\/\/tiktok.com\/@vanderloubetms"]},{"@type":"Person","@id":"https:\/\/vanderloubet.com.br\/deputado\/#\/schema\/person\/15b51bd564532a8a68d9dec1b8eb890e","name":"\u00c9der","image":{"@type":"ImageObject","inLanguage":"pt-BR","@id":"https:\/\/vanderloubet.com.br\/deputado\/wp-content\/litespeed\/avatar\/88ca4090d9d5ab1c9495f6ca03b68efa.jpg?ver=1777058957","url":"https:\/\/vanderloubet.com.br\/deputado\/wp-content\/litespeed\/avatar\/88ca4090d9d5ab1c9495f6ca03b68efa.jpg?ver=1777058957","contentUrl":"https:\/\/vanderloubet.com.br\/deputado\/wp-content\/litespeed\/avatar\/88ca4090d9d5ab1c9495f6ca03b68efa.jpg?ver=1777058957","caption":"\u00c9der"}}]}},"jetpack_featured_media_url":"","jetpack_sharing_enabled":true,"_links":{"self":[{"href":"https:\/\/vanderloubet.com.br\/deputado\/wp-json\/wp\/v2\/posts\/4151","targetHints":{"allow":["GET"]}}],"collection":[{"href":"https:\/\/vanderloubet.com.br\/deputado\/wp-json\/wp\/v2\/posts"}],"about":[{"href":"https:\/\/vanderloubet.com.br\/deputado\/wp-json\/wp\/v2\/types\/post"}],"author":[{"embeddable":true,"href":"https:\/\/vanderloubet.com.br\/deputado\/wp-json\/wp\/v2\/users\/2"}],"replies":[{"embeddable":true,"href":"https:\/\/vanderloubet.com.br\/deputado\/wp-json\/wp\/v2\/comments?post=4151"}],"version-history":[{"count":0,"href":"https:\/\/vanderloubet.com.br\/deputado\/wp-json\/wp\/v2\/posts\/4151\/revisions"}],"wp:attachment":[{"href":"https:\/\/vanderloubet.com.br\/deputado\/wp-json\/wp\/v2\/media?parent=4151"}],"wp:term":[{"taxonomy":"category","embeddable":true,"href":"https:\/\/vanderloubet.com.br\/deputado\/wp-json\/wp\/v2\/categories?post=4151"},{"taxonomy":"post_tag","embeddable":true,"href":"https:\/\/vanderloubet.com.br\/deputado\/wp-json\/wp\/v2\/tags?post=4151"}],"curies":[{"name":"wp","href":"https:\/\/api.w.org\/{rel}","templated":true}]}}