{"id":4147,"date":"2011-12-08T16:47:08","date_gmt":"2011-12-08T20:47:08","guid":{"rendered":"http:\/\/www.deputadovander.com.br\/website\/?p=4147"},"modified":"2011-12-08T16:47:08","modified_gmt":"2011-12-08T20:47:08","slug":"vander-anuncia-r-1-milhao-em-emendas-para-sidrolandia","status":"publish","type":"post","link":"https:\/\/vanderloubet.com.br\/deputado\/vander-anuncia-r-1-milhao-em-emendas-para-sidrolandia\/","title":{"rendered":"Vander anuncia R$ 1 milh\u00e3o em emendas para Sidrol\u00e2ndia"},"content":{"rendered":"<figure id=\"attachment_4148\" aria-describedby=\"caption-attachment-4148\" style=\"width: 400px\" class=\"wp-caption aligncenter\"><a href=\"http:\/\/www.deputadovander.com.br\/website\/wp-content\/uploads\/2011\/12\/foto-2011-12-08-vander-jean-sidrolandia.jpg\" target=\"_blank\"><img decoding=\"async\" class=\"size-medium wp-image-4148 \" title=\"foto-2011-12-08-vander-jean-sidrolandia\" src=\"http:\/\/www.deputadovander.com.br\/website\/wp-content\/uploads\/2011\/12\/foto-2011-12-08-vander-jean-sidrolandia-400x258.jpg\" alt=\"Vander recebe t\u00edtulo de cidad\u00e3o das m\u00e3os do vereador Jean Nazareth\" width=\"400\" height=\"258\" \/><\/a><figcaption id=\"caption-attachment-4148\" class=\"wp-caption-text\">Vander recebe t\u00edtulo de cidad\u00e3o das m\u00e3os do vereador Jean Nazareth<\/figcaption><\/figure>\n<p>O deputado federal Vander Loubet (PT-MS) anunciou na semana passada que incluiu no Or\u00e7amento Geral da Uni\u00e3o (OGU) de 2012 emendas para garantir R$ 1 milh\u00e3o em obras e projetos para beneficiar Sidrol\u00e2ndia.<\/p>\n<p>A previs\u00e3o \u00e9 reservar R$ 500 mil para obras de pavimenta\u00e7\u00e3o e drenagem e R$ 300 mil para aquisi\u00e7\u00e3o de patrulhas mecanizadas visando atender os assentamentos Alambari\/CUT, Estrela e Jo\u00e3o Batista. A parcela complementar de R$ 200 mil ser\u00e1 reservada para a reforma do Posto de Sa\u00fade da Fam\u00edlia (PSF) At\u00edlio Luiz Pereira, localizado no Bairro Cascatinha.<\/p>\n<p><strong>Homenagem<\/strong><\/p>\n<p>Na \u00faltima segunda-feira (5), o deputado Vander esteve em Sidrol\u00e2ndia para uma solenidade na C\u00e2mara Municipal. Na ocasi\u00e3o, no Plen\u00e1rio Adenildo Amaral Lacerda, foi homenageado com o T\u00edtulo de Cidad\u00e3o Sidrolandense por meio de indica\u00e7\u00e3o feita pelo vereador Jean Nazareth (PT), presidente da Casa de Leis. O prefeito Daltro Fiuza (PMDB) prestigiou o evento.<\/p>\n<p><span style=\"font-size: 11px;\">(\u00c9der Yanaguita\/Assessoria Deputado Vander)<\/span><\/p>\n","protected":false},"excerpt":{"rendered":"<p>Emendas foram inclu\u00eddas no OGU 2012. Al\u00e9m disso, no dia 5, Vander foi homenageado na C\u00e2mara com T\u00edtulo de Cidad\u00e3o Sidrolandense.<\/p>\n","protected":false},"author":2,"featured_media":0,"comment_status":"closed","ping_status":"open","sticky":false,"template":"","format":"standard","meta":{"jetpack_post_was_ever_published":false,"_jetpack_newsletter_access":"","_jetpack_dont_email_post_to_subs":false,"_jetpack_newsletter_tier_id":0,"_jetpack_memberships_contains_paywalled_content":false,"_jetpack_memberships_contains_paid_content":false,"footnotes":""},"categories":[10],"tags":[440,570,608,710,807,851,1064,1178,1336,1369,1409,1564,1607,1655,1844,1952,2033,2047],"class_list":{"0":"post-4147","1":"post","2":"type-post","3":"status-publish","4":"format-standard","6":"category-noticias","7":"tag-cidadao","8":"tag-daltro","9":"tag-deputado","10":"tag-emendas","11":"tag-federal","12":"tag-fiuza","13":"tag-jean","14":"tag-loubet","15":"tag-ms","16":"tag-nazareth","17":"tag-obras","18":"tag-pmdb","19":"tag-prefeito","20":"tag-pt","21":"tag-sidrolandia","22":"tag-titulo","23":"tag-vander","24":"tag-vereador"},"yoast_head":"<!-- This site is optimized with the Yoast SEO plugin v27.4 - https:\/\/yoast.com\/product\/yoast-seo-wordpress\/ -->\n<title>Vander anuncia R$ 1 milh\u00e3o em emendas para Sidrol\u00e2ndia<\/title>\n<meta name=\"robots\" content=\"index, follow, max-snippet:-1, max-image-preview:large, max-video-preview:-1\" \/>\n<link rel=\"canonical\" href=\"https:\/\/vanderloubet.com.br\/deputado\/vander-anuncia-r-1-milhao-em-emendas-para-sidrolandia\/\" \/>\n<meta property=\"og:locale\" content=\"pt_BR\" \/>\n<meta property=\"og:type\" content=\"article\" \/>\n<meta property=\"og:title\" content=\"Vander anuncia R$ 1 milh\u00e3o em emendas para Sidrol\u00e2ndia\" \/>\n<meta property=\"og:description\" content=\"Emendas foram inclu\u00eddas no OGU 2012. Al\u00e9m disso, no dia 5, Vander foi homenageado na C\u00e2mara com T\u00edtulo de Cidad\u00e3o Sidrolandense.\" \/>\n<meta property=\"og:url\" content=\"https:\/\/vanderloubet.com.br\/deputado\/vander-anuncia-r-1-milhao-em-emendas-para-sidrolandia\/\" \/>\n<meta property=\"og:site_name\" content=\"Deputado Federal Vander Loubet\" \/>\n<meta property=\"article:publisher\" content=\"https:\/\/facebook.com\/deputadovander\" \/>\n<meta property=\"article:published_time\" content=\"2011-12-08T20:47:08+00:00\" \/>\n<meta property=\"og:image\" content=\"http:\/\/www.deputadovander.com.br\/website\/wp-content\/uploads\/2011\/12\/foto-2011-12-08-vander-jean-sidrolandia-400x258.jpg\" \/>\n<meta name=\"author\" content=\"\u00c9der\" \/>\n<meta name=\"twitter:card\" content=\"summary_large_image\" \/>\n<meta name=\"twitter:creator\" content=\"@vanderloubet\" \/>\n<meta name=\"twitter:site\" content=\"@vanderloubet\" \/>\n<script type=\"application\/ld+json\" class=\"yoast-schema-graph\">{\"@context\":\"https:\\\/\\\/schema.org\",\"@graph\":[{\"@type\":\"Article\",\"@id\":\"https:\\\/\\\/vanderloubet.com.br\\\/deputado\\\/vander-anuncia-r-1-milhao-em-emendas-para-sidrolandia\\\/#article\",\"isPartOf\":{\"@id\":\"https:\\\/\\\/vanderloubet.com.br\\\/deputado\\\/vander-anuncia-r-1-milhao-em-emendas-para-sidrolandia\\\/\"},\"author\":{\"name\":\"\u00c9der\",\"@id\":\"https:\\\/\\\/vanderloubet.com.br\\\/deputado\\\/#\\\/schema\\\/person\\\/15b51bd564532a8a68d9dec1b8eb890e\"},\"headline\":\"Vander anuncia R$ 1 milh\u00e3o em emendas para Sidrol\u00e2ndia\",\"datePublished\":\"2011-12-08T20:47:08+00:00\",\"mainEntityOfPage\":{\"@id\":\"https:\\\/\\\/vanderloubet.com.br\\\/deputado\\\/vander-anuncia-r-1-milhao-em-emendas-para-sidrolandia\\\/\"},\"wordCount\":194,\"publisher\":{\"@id\":\"https:\\\/\\\/vanderloubet.com.br\\\/deputado\\\/#organization\"},\"image\":{\"@id\":\"https:\\\/\\\/vanderloubet.com.br\\\/deputado\\\/vander-anuncia-r-1-milhao-em-emendas-para-sidrolandia\\\/#primaryimage\"},\"thumbnailUrl\":\"http:\\\/\\\/www.deputadovander.com.br\\\/website\\\/wp-content\\\/uploads\\\/2011\\\/12\\\/foto-2011-12-08-vander-jean-sidrolandia-400x258.jpg\",\"keywords\":[\"cidad\u00e3o\",\"daltro\",\"deputado\",\"emendas\",\"federal\",\"fiuza\",\"jean\",\"loubet\",\"MS\",\"nazareth\",\"obras\",\"pmdb\",\"prefeito\",\"PT\",\"sidrol\u00e2ndia\",\"t\u00edtulo\",\"vander\",\"vereador\"],\"articleSection\":[\"Not\u00edcias\"],\"inLanguage\":\"pt-BR\"},{\"@type\":\"WebPage\",\"@id\":\"https:\\\/\\\/vanderloubet.com.br\\\/deputado\\\/vander-anuncia-r-1-milhao-em-emendas-para-sidrolandia\\\/\",\"url\":\"https:\\\/\\\/vanderloubet.com.br\\\/deputado\\\/vander-anuncia-r-1-milhao-em-emendas-para-sidrolandia\\\/\",\"name\":\"Vander anuncia R$ 1 milh\u00e3o em emendas para Sidrol\u00e2ndia\",\"isPartOf\":{\"@id\":\"https:\\\/\\\/vanderloubet.com.br\\\/deputado\\\/#website\"},\"primaryImageOfPage\":{\"@id\":\"https:\\\/\\\/vanderloubet.com.br\\\/deputado\\\/vander-anuncia-r-1-milhao-em-emendas-para-sidrolandia\\\/#primaryimage\"},\"image\":{\"@id\":\"https:\\\/\\\/vanderloubet.com.br\\\/deputado\\\/vander-anuncia-r-1-milhao-em-emendas-para-sidrolandia\\\/#primaryimage\"},\"thumbnailUrl\":\"http:\\\/\\\/www.deputadovander.com.br\\\/website\\\/wp-content\\\/uploads\\\/2011\\\/12\\\/foto-2011-12-08-vander-jean-sidrolandia-400x258.jpg\",\"datePublished\":\"2011-12-08T20:47:08+00:00\",\"breadcrumb\":{\"@id\":\"https:\\\/\\\/vanderloubet.com.br\\\/deputado\\\/vander-anuncia-r-1-milhao-em-emendas-para-sidrolandia\\\/#breadcrumb\"},\"inLanguage\":\"pt-BR\",\"potentialAction\":[{\"@type\":\"ReadAction\",\"target\":[\"https:\\\/\\\/vanderloubet.com.br\\\/deputado\\\/vander-anuncia-r-1-milhao-em-emendas-para-sidrolandia\\\/\"]}]},{\"@type\":\"ImageObject\",\"inLanguage\":\"pt-BR\",\"@id\":\"https:\\\/\\\/vanderloubet.com.br\\\/deputado\\\/vander-anuncia-r-1-milhao-em-emendas-para-sidrolandia\\\/#primaryimage\",\"url\":\"http:\\\/\\\/www.deputadovander.com.br\\\/website\\\/wp-content\\\/uploads\\\/2011\\\/12\\\/foto-2011-12-08-vander-jean-sidrolandia-400x258.jpg\",\"contentUrl\":\"http:\\\/\\\/www.deputadovander.com.br\\\/website\\\/wp-content\\\/uploads\\\/2011\\\/12\\\/foto-2011-12-08-vander-jean-sidrolandia-400x258.jpg\"},{\"@type\":\"BreadcrumbList\",\"@id\":\"https:\\\/\\\/vanderloubet.com.br\\\/deputado\\\/vander-anuncia-r-1-milhao-em-emendas-para-sidrolandia\\\/#breadcrumb\",\"itemListElement\":[{\"@type\":\"ListItem\",\"position\":1,\"name\":\"In\u00edcio\",\"item\":\"https:\\\/\\\/vanderloubet.com.br\\\/deputado\\\/\"},{\"@type\":\"ListItem\",\"position\":2,\"name\":\"Vander anuncia R$ 1 milh\u00e3o em emendas para Sidrol\u00e2ndia\"}]},{\"@type\":\"WebSite\",\"@id\":\"https:\\\/\\\/vanderloubet.com.br\\\/deputado\\\/#website\",\"url\":\"https:\\\/\\\/vanderloubet.com.br\\\/deputado\\\/\",\"name\":\"Deputado Federal Vander Loubet\",\"description\":\"O Federal de MS\",\"publisher\":{\"@id\":\"https:\\\/\\\/vanderloubet.com.br\\\/deputado\\\/#organization\"},\"alternateName\":\"Deputado Vander\",\"potentialAction\":[{\"@type\":\"SearchAction\",\"target\":{\"@type\":\"EntryPoint\",\"urlTemplate\":\"https:\\\/\\\/vanderloubet.com.br\\\/deputado\\\/?s={search_term_string}\"},\"query-input\":{\"@type\":\"PropertyValueSpecification\",\"valueRequired\":true,\"valueName\":\"search_term_string\"}}],\"inLanguage\":\"pt-BR\"},{\"@type\":\"Organization\",\"@id\":\"https:\\\/\\\/vanderloubet.com.br\\\/deputado\\\/#organization\",\"name\":\"Deputado Federal Vander Loubet\",\"alternateName\":\"Deputado Vander\",\"url\":\"https:\\\/\\\/vanderloubet.com.br\\\/deputado\\\/\",\"logo\":{\"@type\":\"ImageObject\",\"inLanguage\":\"pt-BR\",\"@id\":\"https:\\\/\\\/vanderloubet.com.br\\\/deputado\\\/#\\\/schema\\\/logo\\\/image\\\/\",\"url\":\"https:\\\/\\\/vanderloubet.com.br\\\/deputado\\\/wp-content\\\/uploads\\\/2023\\\/06\\\/foto-2023-06-19-mandato-deputado-vander.jpg\",\"contentUrl\":\"https:\\\/\\\/vanderloubet.com.br\\\/deputado\\\/wp-content\\\/uploads\\\/2023\\\/06\\\/foto-2023-06-19-mandato-deputado-vander.jpg\",\"width\":1080,\"height\":1080,\"caption\":\"Deputado Federal Vander Loubet\"},\"image\":{\"@id\":\"https:\\\/\\\/vanderloubet.com.br\\\/deputado\\\/#\\\/schema\\\/logo\\\/image\\\/\"},\"sameAs\":[\"https:\\\/\\\/facebook.com\\\/deputadovander\",\"https:\\\/\\\/x.com\\\/vanderloubet\",\"https:\\\/\\\/instagram.com\\\/vanderloubet\",\"https:\\\/\\\/youtube.com\\\/vanderloubet\",\"https:\\\/\\\/tiktok.com\\\/@vanderloubetms\"]},{\"@type\":\"Person\",\"@id\":\"https:\\\/\\\/vanderloubet.com.br\\\/deputado\\\/#\\\/schema\\\/person\\\/15b51bd564532a8a68d9dec1b8eb890e\",\"name\":\"\u00c9der\",\"image\":{\"@type\":\"ImageObject\",\"inLanguage\":\"pt-BR\",\"@id\":\"https:\\\/\\\/vanderloubet.com.br\\\/deputado\\\/wp-content\\\/litespeed\\\/avatar\\\/88ca4090d9d5ab1c9495f6ca03b68efa.jpg?ver=1777058957\",\"url\":\"https:\\\/\\\/vanderloubet.com.br\\\/deputado\\\/wp-content\\\/litespeed\\\/avatar\\\/88ca4090d9d5ab1c9495f6ca03b68efa.jpg?ver=1777058957\",\"contentUrl\":\"https:\\\/\\\/vanderloubet.com.br\\\/deputado\\\/wp-content\\\/litespeed\\\/avatar\\\/88ca4090d9d5ab1c9495f6ca03b68efa.jpg?ver=1777058957\",\"caption\":\"\u00c9der\"}}]}<\/script>\n<!-- \/ Yoast SEO plugin. -->","yoast_head_json":{"title":"Vander anuncia R$ 1 milh\u00e3o em emendas para Sidrol\u00e2ndia","robots":{"index":"index","follow":"follow","max-snippet":"max-snippet:-1","max-image-preview":"max-image-preview:large","max-video-preview":"max-video-preview:-1"},"canonical":"https:\/\/vanderloubet.com.br\/deputado\/vander-anuncia-r-1-milhao-em-emendas-para-sidrolandia\/","og_locale":"pt_BR","og_type":"article","og_title":"Vander anuncia R$ 1 milh\u00e3o em emendas para Sidrol\u00e2ndia","og_description":"Emendas foram inclu\u00eddas no OGU 2012. Al\u00e9m disso, no dia 5, Vander foi homenageado na C\u00e2mara com T\u00edtulo de Cidad\u00e3o Sidrolandense.","og_url":"https:\/\/vanderloubet.com.br\/deputado\/vander-anuncia-r-1-milhao-em-emendas-para-sidrolandia\/","og_site_name":"Deputado Federal Vander Loubet","article_publisher":"https:\/\/facebook.com\/deputadovander","article_published_time":"2011-12-08T20:47:08+00:00","og_image":[{"url":"http:\/\/www.deputadovander.com.br\/website\/wp-content\/uploads\/2011\/12\/foto-2011-12-08-vander-jean-sidrolandia-400x258.jpg","type":"","width":"","height":""}],"author":"\u00c9der","twitter_card":"summary_large_image","twitter_creator":"@vanderloubet","twitter_site":"@vanderloubet","schema":{"@context":"https:\/\/schema.org","@graph":[{"@type":"Article","@id":"https:\/\/vanderloubet.com.br\/deputado\/vander-anuncia-r-1-milhao-em-emendas-para-sidrolandia\/#article","isPartOf":{"@id":"https:\/\/vanderloubet.com.br\/deputado\/vander-anuncia-r-1-milhao-em-emendas-para-sidrolandia\/"},"author":{"name":"\u00c9der","@id":"https:\/\/vanderloubet.com.br\/deputado\/#\/schema\/person\/15b51bd564532a8a68d9dec1b8eb890e"},"headline":"Vander anuncia R$ 1 milh\u00e3o em emendas para Sidrol\u00e2ndia","datePublished":"2011-12-08T20:47:08+00:00","mainEntityOfPage":{"@id":"https:\/\/vanderloubet.com.br\/deputado\/vander-anuncia-r-1-milhao-em-emendas-para-sidrolandia\/"},"wordCount":194,"publisher":{"@id":"https:\/\/vanderloubet.com.br\/deputado\/#organization"},"image":{"@id":"https:\/\/vanderloubet.com.br\/deputado\/vander-anuncia-r-1-milhao-em-emendas-para-sidrolandia\/#primaryimage"},"thumbnailUrl":"http:\/\/www.deputadovander.com.br\/website\/wp-content\/uploads\/2011\/12\/foto-2011-12-08-vander-jean-sidrolandia-400x258.jpg","keywords":["cidad\u00e3o","daltro","deputado","emendas","federal","fiuza","jean","loubet","MS","nazareth","obras","pmdb","prefeito","PT","sidrol\u00e2ndia","t\u00edtulo","vander","vereador"],"articleSection":["Not\u00edcias"],"inLanguage":"pt-BR"},{"@type":"WebPage","@id":"https:\/\/vanderloubet.com.br\/deputado\/vander-anuncia-r-1-milhao-em-emendas-para-sidrolandia\/","url":"https:\/\/vanderloubet.com.br\/deputado\/vander-anuncia-r-1-milhao-em-emendas-para-sidrolandia\/","name":"Vander anuncia R$ 1 milh\u00e3o em emendas para Sidrol\u00e2ndia","isPartOf":{"@id":"https:\/\/vanderloubet.com.br\/deputado\/#website"},"primaryImageOfPage":{"@id":"https:\/\/vanderloubet.com.br\/deputado\/vander-anuncia-r-1-milhao-em-emendas-para-sidrolandia\/#primaryimage"},"image":{"@id":"https:\/\/vanderloubet.com.br\/deputado\/vander-anuncia-r-1-milhao-em-emendas-para-sidrolandia\/#primaryimage"},"thumbnailUrl":"http:\/\/www.deputadovander.com.br\/website\/wp-content\/uploads\/2011\/12\/foto-2011-12-08-vander-jean-sidrolandia-400x258.jpg","datePublished":"2011-12-08T20:47:08+00:00","breadcrumb":{"@id":"https:\/\/vanderloubet.com.br\/deputado\/vander-anuncia-r-1-milhao-em-emendas-para-sidrolandia\/#breadcrumb"},"inLanguage":"pt-BR","potentialAction":[{"@type":"ReadAction","target":["https:\/\/vanderloubet.com.br\/deputado\/vander-anuncia-r-1-milhao-em-emendas-para-sidrolandia\/"]}]},{"@type":"ImageObject","inLanguage":"pt-BR","@id":"https:\/\/vanderloubet.com.br\/deputado\/vander-anuncia-r-1-milhao-em-emendas-para-sidrolandia\/#primaryimage","url":"http:\/\/www.deputadovander.com.br\/website\/wp-content\/uploads\/2011\/12\/foto-2011-12-08-vander-jean-sidrolandia-400x258.jpg","contentUrl":"http:\/\/www.deputadovander.com.br\/website\/wp-content\/uploads\/2011\/12\/foto-2011-12-08-vander-jean-sidrolandia-400x258.jpg"},{"@type":"BreadcrumbList","@id":"https:\/\/vanderloubet.com.br\/deputado\/vander-anuncia-r-1-milhao-em-emendas-para-sidrolandia\/#breadcrumb","itemListElement":[{"@type":"ListItem","position":1,"name":"In\u00edcio","item":"https:\/\/vanderloubet.com.br\/deputado\/"},{"@type":"ListItem","position":2,"name":"Vander anuncia R$ 1 milh\u00e3o em emendas para Sidrol\u00e2ndia"}]},{"@type":"WebSite","@id":"https:\/\/vanderloubet.com.br\/deputado\/#website","url":"https:\/\/vanderloubet.com.br\/deputado\/","name":"Deputado Federal Vander Loubet","description":"O Federal de MS","publisher":{"@id":"https:\/\/vanderloubet.com.br\/deputado\/#organization"},"alternateName":"Deputado Vander","potentialAction":[{"@type":"SearchAction","target":{"@type":"EntryPoint","urlTemplate":"https:\/\/vanderloubet.com.br\/deputado\/?s={search_term_string}"},"query-input":{"@type":"PropertyValueSpecification","valueRequired":true,"valueName":"search_term_string"}}],"inLanguage":"pt-BR"},{"@type":"Organization","@id":"https:\/\/vanderloubet.com.br\/deputado\/#organization","name":"Deputado Federal Vander Loubet","alternateName":"Deputado Vander","url":"https:\/\/vanderloubet.com.br\/deputado\/","logo":{"@type":"ImageObject","inLanguage":"pt-BR","@id":"https:\/\/vanderloubet.com.br\/deputado\/#\/schema\/logo\/image\/","url":"https:\/\/vanderloubet.com.br\/deputado\/wp-content\/uploads\/2023\/06\/foto-2023-06-19-mandato-deputado-vander.jpg","contentUrl":"https:\/\/vanderloubet.com.br\/deputado\/wp-content\/uploads\/2023\/06\/foto-2023-06-19-mandato-deputado-vander.jpg","width":1080,"height":1080,"caption":"Deputado Federal Vander Loubet"},"image":{"@id":"https:\/\/vanderloubet.com.br\/deputado\/#\/schema\/logo\/image\/"},"sameAs":["https:\/\/facebook.com\/deputadovander","https:\/\/x.com\/vanderloubet","https:\/\/instagram.com\/vanderloubet","https:\/\/youtube.com\/vanderloubet","https:\/\/tiktok.com\/@vanderloubetms"]},{"@type":"Person","@id":"https:\/\/vanderloubet.com.br\/deputado\/#\/schema\/person\/15b51bd564532a8a68d9dec1b8eb890e","name":"\u00c9der","image":{"@type":"ImageObject","inLanguage":"pt-BR","@id":"https:\/\/vanderloubet.com.br\/deputado\/wp-content\/litespeed\/avatar\/88ca4090d9d5ab1c9495f6ca03b68efa.jpg?ver=1777058957","url":"https:\/\/vanderloubet.com.br\/deputado\/wp-content\/litespeed\/avatar\/88ca4090d9d5ab1c9495f6ca03b68efa.jpg?ver=1777058957","contentUrl":"https:\/\/vanderloubet.com.br\/deputado\/wp-content\/litespeed\/avatar\/88ca4090d9d5ab1c9495f6ca03b68efa.jpg?ver=1777058957","caption":"\u00c9der"}}]}},"jetpack_featured_media_url":"","jetpack_sharing_enabled":true,"_links":{"self":[{"href":"https:\/\/vanderloubet.com.br\/deputado\/wp-json\/wp\/v2\/posts\/4147","targetHints":{"allow":["GET"]}}],"collection":[{"href":"https:\/\/vanderloubet.com.br\/deputado\/wp-json\/wp\/v2\/posts"}],"about":[{"href":"https:\/\/vanderloubet.com.br\/deputado\/wp-json\/wp\/v2\/types\/post"}],"author":[{"embeddable":true,"href":"https:\/\/vanderloubet.com.br\/deputado\/wp-json\/wp\/v2\/users\/2"}],"replies":[{"embeddable":true,"href":"https:\/\/vanderloubet.com.br\/deputado\/wp-json\/wp\/v2\/comments?post=4147"}],"version-history":[{"count":0,"href":"https:\/\/vanderloubet.com.br\/deputado\/wp-json\/wp\/v2\/posts\/4147\/revisions"}],"wp:attachment":[{"href":"https:\/\/vanderloubet.com.br\/deputado\/wp-json\/wp\/v2\/media?parent=4147"}],"wp:term":[{"taxonomy":"category","embeddable":true,"href":"https:\/\/vanderloubet.com.br\/deputado\/wp-json\/wp\/v2\/categories?post=4147"},{"taxonomy":"post_tag","embeddable":true,"href":"https:\/\/vanderloubet.com.br\/deputado\/wp-json\/wp\/v2\/tags?post=4147"}],"curies":[{"name":"wp","href":"https:\/\/api.w.org\/{rel}","templated":true}]}}