{"id":4129,"date":"2011-12-06T16:32:16","date_gmt":"2011-12-06T20:32:16","guid":{"rendered":"http:\/\/www.deputadovander.com.br\/website\/?p=4129"},"modified":"2011-12-06T16:32:16","modified_gmt":"2011-12-06T20:32:16","slug":"vander-sera-condecorado-pela-marinha-com-medalha-merito-tamandare","status":"publish","type":"post","link":"https:\/\/vanderloubet.com.br\/deputado\/vander-sera-condecorado-pela-marinha-com-medalha-merito-tamandare\/","title":{"rendered":"Vander ser\u00e1 condecorado pela Marinha com Medalha M\u00e9rito Tamandar\u00e9"},"content":{"rendered":"<figure id=\"attachment_4130\" aria-describedby=\"caption-attachment-4130\" style=\"width: 400px\" class=\"wp-caption aligncenter\"><a href=\"http:\/\/www.deputadovander.com.br\/website\/wp-content\/uploads\/2011\/12\/foto-2011-12-06-medalha-merito-tamandare.jpg\" target=\"_blank\"><img decoding=\"async\" class=\"size-medium wp-image-4130 \" title=\"foto-2011-12-06-medalha-merito-tamandare\" src=\"http:\/\/www.deputadovander.com.br\/website\/wp-content\/uploads\/2011\/12\/foto-2011-12-06-medalha-merito-tamandare-400x318.jpg\" alt=\"Medalha M\u00e9rito Tamandar\u00e9, concedida pela Marinha do Brasil\" width=\"400\" height=\"318\" \/><\/a><figcaption id=\"caption-attachment-4130\" class=\"wp-caption-text\">Medalha M\u00e9rito Tamandar\u00e9, concedida pela Marinha do Brasil<\/figcaption><\/figure>\n<p>No dia 13 de dezembro, Dia do Marinheiro, ser\u00e1 realizada em Bras\u00edlia (DF) pelo Comando do 7\u00ba Distrito Naval uma cerim\u00f4nia em comemora\u00e7\u00e3o \u00e0 data, que marca o nascimento do Almirante Tamandar\u00e9, Patrono da Marinha do Brasil. Na ocasi\u00e3o, o deputado federal Vander Loubet (PT-MS) e outras personalidades v\u00e3o receber a Medalha M\u00e9rito Tamandar\u00e9.<\/p>\n<p>Em novembro, o comandante da Marinha, almirante-de-esquadra Julio Soares de Moura Neto, acolheu a proposta do Conselho da Ordem do M\u00e9rito Naval para condecorar o deputado Vander com a medalha. A distin\u00e7\u00e3o foi tornada p\u00fablica pela Portaria 296, de 1\u00ba de novembro de 2011.<\/p>\n<p>A Medalha M\u00e9rito Tamandar\u00e9, criada pelo Decreto 42.111, de 20 de agosto de 1957, se destina a agraciar autoridades, institui\u00e7\u00f5es, pessoas civis e militares, brasileiros ou estrangeiros, que tenham prestado relevantes servi\u00e7os na divulga\u00e7\u00e3o ou fortalecimento das tradi\u00e7\u00f5es da Marinha do Brasil, honrando seus feitos ou real\u00e7ando seus vultos hist\u00f3ricos.<\/p>\n<p><span style=\"font-size: 11px;\">(\u00c9der Yanaguita\/Assessoria Deputado Vander)<\/span><\/p>\n","protected":false},"excerpt":{"rendered":"<p>Medalha se destina a autoridades que tenham prestado relevantes servi\u00e7os \u00e0 Marinha, honrando seus feitos e sua hist\u00f3ria.<\/p>\n","protected":false},"author":2,"featured_media":0,"comment_status":"closed","ping_status":"open","sticky":false,"template":"","format":"standard","meta":{"jetpack_post_was_ever_published":false,"_jetpack_newsletter_access":"","_jetpack_dont_email_post_to_subs":false,"_jetpack_newsletter_tier_id":0,"_jetpack_memberships_contains_paywalled_content":false,"_jetpack_memberships_contains_paid_content":false,"footnotes":""},"categories":[10],"tags":[103,299,302,495,608,625,807,1178,1233,1234,1255,1278,1336,1655,1914,2033],"class_list":{"0":"post-4129","1":"post","2":"type-post","3":"status-publish","4":"format-standard","6":"category-noticias","7":"tag-almirante","8":"tag-brasil","9":"tag-brasilia","10":"tag-condecoracao","11":"tag-deputado","12":"tag-dia","13":"tag-federal","14":"tag-loubet","15":"tag-marinha","16":"tag-marinheiro","17":"tag-medalha","18":"tag-merito","19":"tag-ms","20":"tag-pt","21":"tag-tamandare","22":"tag-vander"},"yoast_head":"<!-- This site is optimized with the Yoast SEO plugin v27.4 - https:\/\/yoast.com\/product\/yoast-seo-wordpress\/ -->\n<title>Vander ser\u00e1 condecorado pela Marinha com Medalha M\u00e9rito Tamandar\u00e9<\/title>\n<meta name=\"robots\" content=\"index, follow, max-snippet:-1, max-image-preview:large, max-video-preview:-1\" \/>\n<link rel=\"canonical\" href=\"https:\/\/vanderloubet.com.br\/deputado\/vander-sera-condecorado-pela-marinha-com-medalha-merito-tamandare\/\" \/>\n<meta property=\"og:locale\" content=\"pt_BR\" \/>\n<meta property=\"og:type\" content=\"article\" \/>\n<meta property=\"og:title\" content=\"Vander ser\u00e1 condecorado pela Marinha com Medalha M\u00e9rito Tamandar\u00e9\" \/>\n<meta property=\"og:description\" content=\"Medalha se destina a autoridades que tenham prestado relevantes servi\u00e7os \u00e0 Marinha, honrando seus feitos e sua hist\u00f3ria.\" \/>\n<meta property=\"og:url\" content=\"https:\/\/vanderloubet.com.br\/deputado\/vander-sera-condecorado-pela-marinha-com-medalha-merito-tamandare\/\" \/>\n<meta property=\"og:site_name\" content=\"Deputado Federal Vander Loubet\" \/>\n<meta property=\"article:publisher\" content=\"https:\/\/facebook.com\/deputadovander\" \/>\n<meta property=\"article:published_time\" content=\"2011-12-06T20:32:16+00:00\" \/>\n<meta property=\"og:image\" content=\"http:\/\/www.deputadovander.com.br\/website\/wp-content\/uploads\/2011\/12\/foto-2011-12-06-medalha-merito-tamandare-400x318.jpg\" \/>\n<meta name=\"author\" content=\"\u00c9der\" \/>\n<meta name=\"twitter:card\" content=\"summary_large_image\" \/>\n<meta name=\"twitter:creator\" content=\"@vanderloubet\" \/>\n<meta name=\"twitter:site\" content=\"@vanderloubet\" \/>\n<script type=\"application\/ld+json\" class=\"yoast-schema-graph\">{\"@context\":\"https:\\\/\\\/schema.org\",\"@graph\":[{\"@type\":\"Article\",\"@id\":\"https:\\\/\\\/vanderloubet.com.br\\\/deputado\\\/vander-sera-condecorado-pela-marinha-com-medalha-merito-tamandare\\\/#article\",\"isPartOf\":{\"@id\":\"https:\\\/\\\/vanderloubet.com.br\\\/deputado\\\/vander-sera-condecorado-pela-marinha-com-medalha-merito-tamandare\\\/\"},\"author\":{\"name\":\"\u00c9der\",\"@id\":\"https:\\\/\\\/vanderloubet.com.br\\\/deputado\\\/#\\\/schema\\\/person\\\/15b51bd564532a8a68d9dec1b8eb890e\"},\"headline\":\"Vander ser\u00e1 condecorado pela Marinha com Medalha M\u00e9rito Tamandar\u00e9\",\"datePublished\":\"2011-12-06T20:32:16+00:00\",\"mainEntityOfPage\":{\"@id\":\"https:\\\/\\\/vanderloubet.com.br\\\/deputado\\\/vander-sera-condecorado-pela-marinha-com-medalha-merito-tamandare\\\/\"},\"wordCount\":187,\"publisher\":{\"@id\":\"https:\\\/\\\/vanderloubet.com.br\\\/deputado\\\/#organization\"},\"image\":{\"@id\":\"https:\\\/\\\/vanderloubet.com.br\\\/deputado\\\/vander-sera-condecorado-pela-marinha-com-medalha-merito-tamandare\\\/#primaryimage\"},\"thumbnailUrl\":\"http:\\\/\\\/www.deputadovander.com.br\\\/website\\\/wp-content\\\/uploads\\\/2011\\\/12\\\/foto-2011-12-06-medalha-merito-tamandare-400x318.jpg\",\"keywords\":[\"almirante\",\"brasil\",\"bras\u00edlia\",\"condecora\u00e7\u00e3o\",\"deputado\",\"dia\",\"federal\",\"loubet\",\"marinha\",\"marinheiro\",\"medalha\",\"m\u00e9rito\",\"MS\",\"PT\",\"tamandar\u00e9\",\"vander\"],\"articleSection\":[\"Not\u00edcias\"],\"inLanguage\":\"pt-BR\"},{\"@type\":\"WebPage\",\"@id\":\"https:\\\/\\\/vanderloubet.com.br\\\/deputado\\\/vander-sera-condecorado-pela-marinha-com-medalha-merito-tamandare\\\/\",\"url\":\"https:\\\/\\\/vanderloubet.com.br\\\/deputado\\\/vander-sera-condecorado-pela-marinha-com-medalha-merito-tamandare\\\/\",\"name\":\"Vander ser\u00e1 condecorado pela Marinha com Medalha M\u00e9rito Tamandar\u00e9\",\"isPartOf\":{\"@id\":\"https:\\\/\\\/vanderloubet.com.br\\\/deputado\\\/#website\"},\"primaryImageOfPage\":{\"@id\":\"https:\\\/\\\/vanderloubet.com.br\\\/deputado\\\/vander-sera-condecorado-pela-marinha-com-medalha-merito-tamandare\\\/#primaryimage\"},\"image\":{\"@id\":\"https:\\\/\\\/vanderloubet.com.br\\\/deputado\\\/vander-sera-condecorado-pela-marinha-com-medalha-merito-tamandare\\\/#primaryimage\"},\"thumbnailUrl\":\"http:\\\/\\\/www.deputadovander.com.br\\\/website\\\/wp-content\\\/uploads\\\/2011\\\/12\\\/foto-2011-12-06-medalha-merito-tamandare-400x318.jpg\",\"datePublished\":\"2011-12-06T20:32:16+00:00\",\"breadcrumb\":{\"@id\":\"https:\\\/\\\/vanderloubet.com.br\\\/deputado\\\/vander-sera-condecorado-pela-marinha-com-medalha-merito-tamandare\\\/#breadcrumb\"},\"inLanguage\":\"pt-BR\",\"potentialAction\":[{\"@type\":\"ReadAction\",\"target\":[\"https:\\\/\\\/vanderloubet.com.br\\\/deputado\\\/vander-sera-condecorado-pela-marinha-com-medalha-merito-tamandare\\\/\"]}]},{\"@type\":\"ImageObject\",\"inLanguage\":\"pt-BR\",\"@id\":\"https:\\\/\\\/vanderloubet.com.br\\\/deputado\\\/vander-sera-condecorado-pela-marinha-com-medalha-merito-tamandare\\\/#primaryimage\",\"url\":\"http:\\\/\\\/www.deputadovander.com.br\\\/website\\\/wp-content\\\/uploads\\\/2011\\\/12\\\/foto-2011-12-06-medalha-merito-tamandare-400x318.jpg\",\"contentUrl\":\"http:\\\/\\\/www.deputadovander.com.br\\\/website\\\/wp-content\\\/uploads\\\/2011\\\/12\\\/foto-2011-12-06-medalha-merito-tamandare-400x318.jpg\"},{\"@type\":\"BreadcrumbList\",\"@id\":\"https:\\\/\\\/vanderloubet.com.br\\\/deputado\\\/vander-sera-condecorado-pela-marinha-com-medalha-merito-tamandare\\\/#breadcrumb\",\"itemListElement\":[{\"@type\":\"ListItem\",\"position\":1,\"name\":\"In\u00edcio\",\"item\":\"https:\\\/\\\/vanderloubet.com.br\\\/deputado\\\/\"},{\"@type\":\"ListItem\",\"position\":2,\"name\":\"Vander ser\u00e1 condecorado pela Marinha com Medalha M\u00e9rito Tamandar\u00e9\"}]},{\"@type\":\"WebSite\",\"@id\":\"https:\\\/\\\/vanderloubet.com.br\\\/deputado\\\/#website\",\"url\":\"https:\\\/\\\/vanderloubet.com.br\\\/deputado\\\/\",\"name\":\"Deputado Federal Vander Loubet\",\"description\":\"O Federal de MS\",\"publisher\":{\"@id\":\"https:\\\/\\\/vanderloubet.com.br\\\/deputado\\\/#organization\"},\"alternateName\":\"Deputado Vander\",\"potentialAction\":[{\"@type\":\"SearchAction\",\"target\":{\"@type\":\"EntryPoint\",\"urlTemplate\":\"https:\\\/\\\/vanderloubet.com.br\\\/deputado\\\/?s={search_term_string}\"},\"query-input\":{\"@type\":\"PropertyValueSpecification\",\"valueRequired\":true,\"valueName\":\"search_term_string\"}}],\"inLanguage\":\"pt-BR\"},{\"@type\":\"Organization\",\"@id\":\"https:\\\/\\\/vanderloubet.com.br\\\/deputado\\\/#organization\",\"name\":\"Deputado Federal Vander Loubet\",\"alternateName\":\"Deputado Vander\",\"url\":\"https:\\\/\\\/vanderloubet.com.br\\\/deputado\\\/\",\"logo\":{\"@type\":\"ImageObject\",\"inLanguage\":\"pt-BR\",\"@id\":\"https:\\\/\\\/vanderloubet.com.br\\\/deputado\\\/#\\\/schema\\\/logo\\\/image\\\/\",\"url\":\"https:\\\/\\\/vanderloubet.com.br\\\/deputado\\\/wp-content\\\/uploads\\\/2023\\\/06\\\/foto-2023-06-19-mandato-deputado-vander.jpg\",\"contentUrl\":\"https:\\\/\\\/vanderloubet.com.br\\\/deputado\\\/wp-content\\\/uploads\\\/2023\\\/06\\\/foto-2023-06-19-mandato-deputado-vander.jpg\",\"width\":1080,\"height\":1080,\"caption\":\"Deputado Federal Vander Loubet\"},\"image\":{\"@id\":\"https:\\\/\\\/vanderloubet.com.br\\\/deputado\\\/#\\\/schema\\\/logo\\\/image\\\/\"},\"sameAs\":[\"https:\\\/\\\/facebook.com\\\/deputadovander\",\"https:\\\/\\\/x.com\\\/vanderloubet\",\"https:\\\/\\\/instagram.com\\\/vanderloubet\",\"https:\\\/\\\/youtube.com\\\/vanderloubet\",\"https:\\\/\\\/tiktok.com\\\/@vanderloubetms\"]},{\"@type\":\"Person\",\"@id\":\"https:\\\/\\\/vanderloubet.com.br\\\/deputado\\\/#\\\/schema\\\/person\\\/15b51bd564532a8a68d9dec1b8eb890e\",\"name\":\"\u00c9der\",\"image\":{\"@type\":\"ImageObject\",\"inLanguage\":\"pt-BR\",\"@id\":\"https:\\\/\\\/vanderloubet.com.br\\\/deputado\\\/wp-content\\\/litespeed\\\/avatar\\\/88ca4090d9d5ab1c9495f6ca03b68efa.jpg?ver=1777058957\",\"url\":\"https:\\\/\\\/vanderloubet.com.br\\\/deputado\\\/wp-content\\\/litespeed\\\/avatar\\\/88ca4090d9d5ab1c9495f6ca03b68efa.jpg?ver=1777058957\",\"contentUrl\":\"https:\\\/\\\/vanderloubet.com.br\\\/deputado\\\/wp-content\\\/litespeed\\\/avatar\\\/88ca4090d9d5ab1c9495f6ca03b68efa.jpg?ver=1777058957\",\"caption\":\"\u00c9der\"}}]}<\/script>\n<!-- \/ Yoast SEO plugin. -->","yoast_head_json":{"title":"Vander ser\u00e1 condecorado pela Marinha com Medalha M\u00e9rito Tamandar\u00e9","robots":{"index":"index","follow":"follow","max-snippet":"max-snippet:-1","max-image-preview":"max-image-preview:large","max-video-preview":"max-video-preview:-1"},"canonical":"https:\/\/vanderloubet.com.br\/deputado\/vander-sera-condecorado-pela-marinha-com-medalha-merito-tamandare\/","og_locale":"pt_BR","og_type":"article","og_title":"Vander ser\u00e1 condecorado pela Marinha com Medalha M\u00e9rito Tamandar\u00e9","og_description":"Medalha se destina a autoridades que tenham prestado relevantes servi\u00e7os \u00e0 Marinha, honrando seus feitos e sua hist\u00f3ria.","og_url":"https:\/\/vanderloubet.com.br\/deputado\/vander-sera-condecorado-pela-marinha-com-medalha-merito-tamandare\/","og_site_name":"Deputado Federal Vander Loubet","article_publisher":"https:\/\/facebook.com\/deputadovander","article_published_time":"2011-12-06T20:32:16+00:00","og_image":[{"url":"http:\/\/www.deputadovander.com.br\/website\/wp-content\/uploads\/2011\/12\/foto-2011-12-06-medalha-merito-tamandare-400x318.jpg","type":"","width":"","height":""}],"author":"\u00c9der","twitter_card":"summary_large_image","twitter_creator":"@vanderloubet","twitter_site":"@vanderloubet","schema":{"@context":"https:\/\/schema.org","@graph":[{"@type":"Article","@id":"https:\/\/vanderloubet.com.br\/deputado\/vander-sera-condecorado-pela-marinha-com-medalha-merito-tamandare\/#article","isPartOf":{"@id":"https:\/\/vanderloubet.com.br\/deputado\/vander-sera-condecorado-pela-marinha-com-medalha-merito-tamandare\/"},"author":{"name":"\u00c9der","@id":"https:\/\/vanderloubet.com.br\/deputado\/#\/schema\/person\/15b51bd564532a8a68d9dec1b8eb890e"},"headline":"Vander ser\u00e1 condecorado pela Marinha com Medalha M\u00e9rito Tamandar\u00e9","datePublished":"2011-12-06T20:32:16+00:00","mainEntityOfPage":{"@id":"https:\/\/vanderloubet.com.br\/deputado\/vander-sera-condecorado-pela-marinha-com-medalha-merito-tamandare\/"},"wordCount":187,"publisher":{"@id":"https:\/\/vanderloubet.com.br\/deputado\/#organization"},"image":{"@id":"https:\/\/vanderloubet.com.br\/deputado\/vander-sera-condecorado-pela-marinha-com-medalha-merito-tamandare\/#primaryimage"},"thumbnailUrl":"http:\/\/www.deputadovander.com.br\/website\/wp-content\/uploads\/2011\/12\/foto-2011-12-06-medalha-merito-tamandare-400x318.jpg","keywords":["almirante","brasil","bras\u00edlia","condecora\u00e7\u00e3o","deputado","dia","federal","loubet","marinha","marinheiro","medalha","m\u00e9rito","MS","PT","tamandar\u00e9","vander"],"articleSection":["Not\u00edcias"],"inLanguage":"pt-BR"},{"@type":"WebPage","@id":"https:\/\/vanderloubet.com.br\/deputado\/vander-sera-condecorado-pela-marinha-com-medalha-merito-tamandare\/","url":"https:\/\/vanderloubet.com.br\/deputado\/vander-sera-condecorado-pela-marinha-com-medalha-merito-tamandare\/","name":"Vander ser\u00e1 condecorado pela Marinha com Medalha M\u00e9rito Tamandar\u00e9","isPartOf":{"@id":"https:\/\/vanderloubet.com.br\/deputado\/#website"},"primaryImageOfPage":{"@id":"https:\/\/vanderloubet.com.br\/deputado\/vander-sera-condecorado-pela-marinha-com-medalha-merito-tamandare\/#primaryimage"},"image":{"@id":"https:\/\/vanderloubet.com.br\/deputado\/vander-sera-condecorado-pela-marinha-com-medalha-merito-tamandare\/#primaryimage"},"thumbnailUrl":"http:\/\/www.deputadovander.com.br\/website\/wp-content\/uploads\/2011\/12\/foto-2011-12-06-medalha-merito-tamandare-400x318.jpg","datePublished":"2011-12-06T20:32:16+00:00","breadcrumb":{"@id":"https:\/\/vanderloubet.com.br\/deputado\/vander-sera-condecorado-pela-marinha-com-medalha-merito-tamandare\/#breadcrumb"},"inLanguage":"pt-BR","potentialAction":[{"@type":"ReadAction","target":["https:\/\/vanderloubet.com.br\/deputado\/vander-sera-condecorado-pela-marinha-com-medalha-merito-tamandare\/"]}]},{"@type":"ImageObject","inLanguage":"pt-BR","@id":"https:\/\/vanderloubet.com.br\/deputado\/vander-sera-condecorado-pela-marinha-com-medalha-merito-tamandare\/#primaryimage","url":"http:\/\/www.deputadovander.com.br\/website\/wp-content\/uploads\/2011\/12\/foto-2011-12-06-medalha-merito-tamandare-400x318.jpg","contentUrl":"http:\/\/www.deputadovander.com.br\/website\/wp-content\/uploads\/2011\/12\/foto-2011-12-06-medalha-merito-tamandare-400x318.jpg"},{"@type":"BreadcrumbList","@id":"https:\/\/vanderloubet.com.br\/deputado\/vander-sera-condecorado-pela-marinha-com-medalha-merito-tamandare\/#breadcrumb","itemListElement":[{"@type":"ListItem","position":1,"name":"In\u00edcio","item":"https:\/\/vanderloubet.com.br\/deputado\/"},{"@type":"ListItem","position":2,"name":"Vander ser\u00e1 condecorado pela Marinha com Medalha M\u00e9rito Tamandar\u00e9"}]},{"@type":"WebSite","@id":"https:\/\/vanderloubet.com.br\/deputado\/#website","url":"https:\/\/vanderloubet.com.br\/deputado\/","name":"Deputado Federal Vander Loubet","description":"O Federal de MS","publisher":{"@id":"https:\/\/vanderloubet.com.br\/deputado\/#organization"},"alternateName":"Deputado Vander","potentialAction":[{"@type":"SearchAction","target":{"@type":"EntryPoint","urlTemplate":"https:\/\/vanderloubet.com.br\/deputado\/?s={search_term_string}"},"query-input":{"@type":"PropertyValueSpecification","valueRequired":true,"valueName":"search_term_string"}}],"inLanguage":"pt-BR"},{"@type":"Organization","@id":"https:\/\/vanderloubet.com.br\/deputado\/#organization","name":"Deputado Federal Vander Loubet","alternateName":"Deputado Vander","url":"https:\/\/vanderloubet.com.br\/deputado\/","logo":{"@type":"ImageObject","inLanguage":"pt-BR","@id":"https:\/\/vanderloubet.com.br\/deputado\/#\/schema\/logo\/image\/","url":"https:\/\/vanderloubet.com.br\/deputado\/wp-content\/uploads\/2023\/06\/foto-2023-06-19-mandato-deputado-vander.jpg","contentUrl":"https:\/\/vanderloubet.com.br\/deputado\/wp-content\/uploads\/2023\/06\/foto-2023-06-19-mandato-deputado-vander.jpg","width":1080,"height":1080,"caption":"Deputado Federal Vander Loubet"},"image":{"@id":"https:\/\/vanderloubet.com.br\/deputado\/#\/schema\/logo\/image\/"},"sameAs":["https:\/\/facebook.com\/deputadovander","https:\/\/x.com\/vanderloubet","https:\/\/instagram.com\/vanderloubet","https:\/\/youtube.com\/vanderloubet","https:\/\/tiktok.com\/@vanderloubetms"]},{"@type":"Person","@id":"https:\/\/vanderloubet.com.br\/deputado\/#\/schema\/person\/15b51bd564532a8a68d9dec1b8eb890e","name":"\u00c9der","image":{"@type":"ImageObject","inLanguage":"pt-BR","@id":"https:\/\/vanderloubet.com.br\/deputado\/wp-content\/litespeed\/avatar\/88ca4090d9d5ab1c9495f6ca03b68efa.jpg?ver=1777058957","url":"https:\/\/vanderloubet.com.br\/deputado\/wp-content\/litespeed\/avatar\/88ca4090d9d5ab1c9495f6ca03b68efa.jpg?ver=1777058957","contentUrl":"https:\/\/vanderloubet.com.br\/deputado\/wp-content\/litespeed\/avatar\/88ca4090d9d5ab1c9495f6ca03b68efa.jpg?ver=1777058957","caption":"\u00c9der"}}]}},"jetpack_featured_media_url":"","jetpack_sharing_enabled":true,"_links":{"self":[{"href":"https:\/\/vanderloubet.com.br\/deputado\/wp-json\/wp\/v2\/posts\/4129","targetHints":{"allow":["GET"]}}],"collection":[{"href":"https:\/\/vanderloubet.com.br\/deputado\/wp-json\/wp\/v2\/posts"}],"about":[{"href":"https:\/\/vanderloubet.com.br\/deputado\/wp-json\/wp\/v2\/types\/post"}],"author":[{"embeddable":true,"href":"https:\/\/vanderloubet.com.br\/deputado\/wp-json\/wp\/v2\/users\/2"}],"replies":[{"embeddable":true,"href":"https:\/\/vanderloubet.com.br\/deputado\/wp-json\/wp\/v2\/comments?post=4129"}],"version-history":[{"count":0,"href":"https:\/\/vanderloubet.com.br\/deputado\/wp-json\/wp\/v2\/posts\/4129\/revisions"}],"wp:attachment":[{"href":"https:\/\/vanderloubet.com.br\/deputado\/wp-json\/wp\/v2\/media?parent=4129"}],"wp:term":[{"taxonomy":"category","embeddable":true,"href":"https:\/\/vanderloubet.com.br\/deputado\/wp-json\/wp\/v2\/categories?post=4129"},{"taxonomy":"post_tag","embeddable":true,"href":"https:\/\/vanderloubet.com.br\/deputado\/wp-json\/wp\/v2\/tags?post=4129"}],"curies":[{"name":"wp","href":"https:\/\/api.w.org\/{rel}","templated":true}]}}