{"id":4111,"date":"2011-12-05T07:32:42","date_gmt":"2011-12-05T11:32:42","guid":{"rendered":"http:\/\/www.deputadovander.com.br\/website\/?p=4111"},"modified":"2011-12-05T07:32:42","modified_gmt":"2011-12-05T11:32:42","slug":"reducao-de-impostos-uma-possibilidade-uma-necessidade","status":"publish","type":"post","link":"https:\/\/vanderloubet.com.br\/deputado\/reducao-de-impostos-uma-possibilidade-uma-necessidade\/","title":{"rendered":"Redu\u00e7\u00e3o de impostos: uma possibilidade, uma necessidade"},"content":{"rendered":"<p><em>Vander Loubet*<\/em><\/p>\n<p>O governo federal, sob determina\u00e7\u00e3o da presidente Dilma, anunciou na \u00faltima semana uma s\u00e9rie de medidas econ\u00f4micas para o enfrentamento da crise econ\u00f4mica internacional. Entre as mais vis\u00edveis e eficazes est\u00e1 a redu\u00e7\u00e3o de impostos para produtos da chamada linha branca de eletrodom\u00e9sticos (fog\u00f5es, geladeiras, m\u00e1quinas de lavar e tanquinhos) e para derivados da farinha de trigo (p\u00e3o franc\u00eas, massas, etc). O setor da constru\u00e7\u00e3o civil, um dos que mais geram empregos, tamb\u00e9m ter\u00e1 redu\u00e7\u00e3o de tributos &#8211; nos projetos do programa Minha Casa, Minha Vida.<\/p>\n<p>Tais medidas, que s\u00e3o similares \u00e0s tomadas por Lula em 2008, tem grande impacto nas fam\u00edlias e na economia popular, pois efetivamente faz com que o consumo desses bens aumente gra\u00e7as \u00e0 redu\u00e7\u00e3o do pre\u00e7o final ao consumidor. Aumentar o consumo permite que a ind\u00fastria e o com\u00e9rcio nacionais sem mantenham fortes e gerando empregos. E foi gra\u00e7as ao mercado interno aquecido que nosso pa\u00eds entrou mais tarde e saiu mais cedo na crise que outras na\u00e7\u00f5es.<\/p>\n<p>Mais uma vez o governo d\u00e1 efetivas demonstra\u00e7\u00f5es de que os fundamentos econ\u00f4micos da economia brasileira s\u00e3o s\u00f3lidos em termos de pol\u00edtica de combate a infla\u00e7\u00e3o, equil\u00edbrio financeiro entre receitas e despesas e reservas internacionais &#8211; que chegam a quase R$ 400 bilh\u00f5es. Ali\u00e1s, de forma in\u00e9dita na nossa hist\u00f3ria, ao Brasil foi solicitado um empr\u00e9stimo de recursos ao Fundo Monet\u00e1rio Internacional (FMI), para que com esses recursos o Fundo auxiliasse a Uni\u00e3o Europ\u00e9ia. Algo inimagin\u00e1vel h\u00e1 10 anos atr\u00e1s.<\/p>\n<p>A redu\u00e7\u00e3o de impostos por parte do governo tem sido uma pr\u00e1tica constante em muitas \u00e1reas (contribui\u00e7\u00e3o previdenci\u00e1ria dos trabalhadores dom\u00e9sticos, amplia\u00e7\u00e3o da base do Super Simples para as micro e pequenas empresas), o que demonstra que, com estudos apropriados, \u00e9 poss\u00edvel praticar uma pol\u00edtica tribut\u00e1ria reduzida e mais eficaz sem que ocorra comprometimento demasiado na arrecada\u00e7\u00e3o de impostos. Existem muitos setores da economia onde essa l\u00f3gica pode ser aplicada e vamos &#8211; n\u00f3s, governo do PT &#8211; continuar a fazer isso, quer seja em per\u00edodo de crise, que ser seja em per\u00edodo de crescimento.<\/p>\n<figure id=\"attachment_4112\" aria-describedby=\"caption-attachment-4112\" style=\"width: 400px\" class=\"wp-caption aligncenter\"><a href=\"http:\/\/www.deputadovander.com.br\/website\/wp-content\/uploads\/2011\/12\/foto-2011-12-05-dinheiro-impostos-620x300.jpg\" target=\"_blank\"><img decoding=\"async\" class=\"size-medium wp-image-4112 \" title=\"foto-2011-12-05-dinheiro-impostos-620x300\" src=\"http:\/\/www.deputadovander.com.br\/website\/wp-content\/uploads\/2011\/12\/foto-2011-12-05-dinheiro-impostos-620x300-400x190.jpg\" alt=\"Corte de impostos deve impulsionar ind\u00fastria e com\u00e9rcio\" width=\"400\" height=\"190\" \/><\/a><figcaption id=\"caption-attachment-4112\" class=\"wp-caption-text\">Corte de impostos deve impulsionar ind\u00fastria e com\u00e9rcio<\/figcaption><\/figure>\n<p>Entretanto, se no \u00e2mbito da Uni\u00e3o a redu\u00e7\u00e3o de impostos vem sendo realizada, mesmo que de forma pontual e ainda n\u00e3o na magnitude necess\u00e1ria, n\u00e3o conseguimos perceber as mesmas a\u00e7\u00f5es nos governos estaduais e municipais.<\/p>\n<p>\u00c9 \u00f3bvio que a quantidade de ferramentas dispon\u00edveis por essas duas esferas s\u00e3o mais limitadas do que as que est\u00e3o ao dispor do governo federal. Entretanto, entendo que mesmo com essa limita\u00e7\u00e3o \u00e9 necess\u00e1rio trazermos ao debate, sempre que poss\u00edvel, a redu\u00e7\u00e3o de impostos. Ou seja, estados e munic\u00edpios podem e devem debater formas de reduzir a carga tribut\u00e1ria, pois quanto menos pagarmos em impostos, mais recursos sobrar\u00e3o nos or\u00e7amentos familiares e esse recurso ser\u00e1 destinado ao consumo (que tamb\u00e9m gera arrecada\u00e7\u00e3o), poupan\u00e7a ou investimentos diversos.<\/p>\n<p>O debate da redu\u00e7\u00e3o de impostos n\u00e3o \u00e9 somente mais uma a\u00e7\u00e3o localizada para combater essa ou aquela crise, mas \u00e9 um debate que deve fazer parte, em definitivo, das agendas dos governos &#8211; nas tr\u00eas esferas &#8211; e da sociedade. Assim, o Brasil, estados e munic\u00edpios poder\u00e3o continua a se desenvolver de forma s\u00f3lida e sustent\u00e1vel.<\/p>\n<p><em>*Deputado Federal (PT-MS) e pr\u00e9-candidato a prefeito de Campo Grande<\/em><\/p>\n","protected":false},"excerpt":{"rendered":"<p>Artigo de Vander sobre as medidas adotadas pelo governo Dilma para combater os efeitos da crise internacional por meio do consumo.<\/p>\n","protected":false},"author":2,"featured_media":0,"comment_status":"closed","ping_status":"open","sticky":false,"template":"","format":"standard","meta":{"jetpack_post_was_ever_published":false,"_jetpack_newsletter_access":"","_jetpack_dont_email_post_to_subs":false,"_jetpack_newsletter_tier_id":0,"_jetpack_memberships_contains_paywalled_content":false,"_jetpack_memberships_contains_paid_content":false,"footnotes":""},"categories":[11],"tags":[297,358,483,515,554,608,631,807,873,999,1022,1035,1040,1162,1178,1189,1275,1465,1693,1985,2033],"class_list":{"0":"post-4111","1":"post","2":"type-post","3":"status-publish","4":"format-standard","6":"category-opinioes","7":"tag-branca","8":"tag-carga","9":"tag-comercio","10":"tag-consumo","11":"tag-crise","12":"tag-deputado","13":"tag-dilma","14":"tag-federal","15":"tag-frances","16":"tag-imposto","17":"tag-industria","18":"tag-interno","19":"tag-ipi","20":"tag-linha","21":"tag-loubet","22":"tag-lula","23":"tag-mercado","24":"tag-pao","25":"tag-reducao","26":"tag-tributaria","27":"tag-vander"},"yoast_head":"<!-- This site is optimized with the Yoast SEO plugin v27.4 - https:\/\/yoast.com\/product\/yoast-seo-wordpress\/ -->\n<title>Redu\u00e7\u00e3o de impostos: uma possibilidade, uma necessidade<\/title>\n<meta name=\"robots\" content=\"index, follow, max-snippet:-1, max-image-preview:large, max-video-preview:-1\" \/>\n<link rel=\"canonical\" href=\"https:\/\/vanderloubet.com.br\/deputado\/reducao-de-impostos-uma-possibilidade-uma-necessidade\/\" \/>\n<meta property=\"og:locale\" content=\"pt_BR\" \/>\n<meta property=\"og:type\" content=\"article\" \/>\n<meta property=\"og:title\" content=\"Redu\u00e7\u00e3o de impostos: uma possibilidade, uma necessidade\" \/>\n<meta property=\"og:description\" content=\"Artigo de Vander sobre as medidas adotadas pelo governo Dilma para combater os efeitos da crise internacional por meio do consumo.\" \/>\n<meta property=\"og:url\" content=\"https:\/\/vanderloubet.com.br\/deputado\/reducao-de-impostos-uma-possibilidade-uma-necessidade\/\" \/>\n<meta property=\"og:site_name\" content=\"Deputado Federal Vander Loubet\" \/>\n<meta property=\"article:publisher\" content=\"https:\/\/facebook.com\/deputadovander\" \/>\n<meta property=\"article:published_time\" content=\"2011-12-05T11:32:42+00:00\" \/>\n<meta property=\"og:image\" content=\"http:\/\/www.deputadovander.com.br\/website\/wp-content\/uploads\/2011\/12\/foto-2011-12-05-dinheiro-impostos-620x300-400x190.jpg\" \/>\n<meta name=\"author\" content=\"\u00c9der\" \/>\n<meta name=\"twitter:card\" content=\"summary_large_image\" \/>\n<meta name=\"twitter:creator\" content=\"@vanderloubet\" \/>\n<meta name=\"twitter:site\" content=\"@vanderloubet\" \/>\n<script type=\"application\/ld+json\" class=\"yoast-schema-graph\">{\"@context\":\"https:\\\/\\\/schema.org\",\"@graph\":[{\"@type\":\"Article\",\"@id\":\"https:\\\/\\\/vanderloubet.com.br\\\/deputado\\\/reducao-de-impostos-uma-possibilidade-uma-necessidade\\\/#article\",\"isPartOf\":{\"@id\":\"https:\\\/\\\/vanderloubet.com.br\\\/deputado\\\/reducao-de-impostos-uma-possibilidade-uma-necessidade\\\/\"},\"author\":{\"name\":\"\u00c9der\",\"@id\":\"https:\\\/\\\/vanderloubet.com.br\\\/deputado\\\/#\\\/schema\\\/person\\\/15b51bd564532a8a68d9dec1b8eb890e\"},\"headline\":\"Redu\u00e7\u00e3o de impostos: uma possibilidade, uma necessidade\",\"datePublished\":\"2011-12-05T11:32:42+00:00\",\"mainEntityOfPage\":{\"@id\":\"https:\\\/\\\/vanderloubet.com.br\\\/deputado\\\/reducao-de-impostos-uma-possibilidade-uma-necessidade\\\/\"},\"wordCount\":629,\"publisher\":{\"@id\":\"https:\\\/\\\/vanderloubet.com.br\\\/deputado\\\/#organization\"},\"image\":{\"@id\":\"https:\\\/\\\/vanderloubet.com.br\\\/deputado\\\/reducao-de-impostos-uma-possibilidade-uma-necessidade\\\/#primaryimage\"},\"thumbnailUrl\":\"http:\\\/\\\/www.deputadovander.com.br\\\/website\\\/wp-content\\\/uploads\\\/2011\\\/12\\\/foto-2011-12-05-dinheiro-impostos-620x300-400x190.jpg\",\"keywords\":[\"branca\",\"carga\",\"com\u00e9rcio\",\"consumo\",\"crise\",\"deputado\",\"dilma\",\"federal\",\"franc\u00eas\",\"imposto\",\"ind\u00fastria\",\"interno\",\"ipi\",\"linha\",\"loubet\",\"lula\",\"mercado\",\"p\u00e3o\",\"redu\u00e7\u00e3o\",\"tribut\u00e1ria\",\"vander\"],\"articleSection\":[\"Opini\u00e3o\"],\"inLanguage\":\"pt-BR\"},{\"@type\":\"WebPage\",\"@id\":\"https:\\\/\\\/vanderloubet.com.br\\\/deputado\\\/reducao-de-impostos-uma-possibilidade-uma-necessidade\\\/\",\"url\":\"https:\\\/\\\/vanderloubet.com.br\\\/deputado\\\/reducao-de-impostos-uma-possibilidade-uma-necessidade\\\/\",\"name\":\"Redu\u00e7\u00e3o de impostos: uma possibilidade, uma necessidade\",\"isPartOf\":{\"@id\":\"https:\\\/\\\/vanderloubet.com.br\\\/deputado\\\/#website\"},\"primaryImageOfPage\":{\"@id\":\"https:\\\/\\\/vanderloubet.com.br\\\/deputado\\\/reducao-de-impostos-uma-possibilidade-uma-necessidade\\\/#primaryimage\"},\"image\":{\"@id\":\"https:\\\/\\\/vanderloubet.com.br\\\/deputado\\\/reducao-de-impostos-uma-possibilidade-uma-necessidade\\\/#primaryimage\"},\"thumbnailUrl\":\"http:\\\/\\\/www.deputadovander.com.br\\\/website\\\/wp-content\\\/uploads\\\/2011\\\/12\\\/foto-2011-12-05-dinheiro-impostos-620x300-400x190.jpg\",\"datePublished\":\"2011-12-05T11:32:42+00:00\",\"breadcrumb\":{\"@id\":\"https:\\\/\\\/vanderloubet.com.br\\\/deputado\\\/reducao-de-impostos-uma-possibilidade-uma-necessidade\\\/#breadcrumb\"},\"inLanguage\":\"pt-BR\",\"potentialAction\":[{\"@type\":\"ReadAction\",\"target\":[\"https:\\\/\\\/vanderloubet.com.br\\\/deputado\\\/reducao-de-impostos-uma-possibilidade-uma-necessidade\\\/\"]}]},{\"@type\":\"ImageObject\",\"inLanguage\":\"pt-BR\",\"@id\":\"https:\\\/\\\/vanderloubet.com.br\\\/deputado\\\/reducao-de-impostos-uma-possibilidade-uma-necessidade\\\/#primaryimage\",\"url\":\"http:\\\/\\\/www.deputadovander.com.br\\\/website\\\/wp-content\\\/uploads\\\/2011\\\/12\\\/foto-2011-12-05-dinheiro-impostos-620x300-400x190.jpg\",\"contentUrl\":\"http:\\\/\\\/www.deputadovander.com.br\\\/website\\\/wp-content\\\/uploads\\\/2011\\\/12\\\/foto-2011-12-05-dinheiro-impostos-620x300-400x190.jpg\"},{\"@type\":\"BreadcrumbList\",\"@id\":\"https:\\\/\\\/vanderloubet.com.br\\\/deputado\\\/reducao-de-impostos-uma-possibilidade-uma-necessidade\\\/#breadcrumb\",\"itemListElement\":[{\"@type\":\"ListItem\",\"position\":1,\"name\":\"In\u00edcio\",\"item\":\"https:\\\/\\\/vanderloubet.com.br\\\/deputado\\\/\"},{\"@type\":\"ListItem\",\"position\":2,\"name\":\"Redu\u00e7\u00e3o de impostos: uma possibilidade, uma necessidade\"}]},{\"@type\":\"WebSite\",\"@id\":\"https:\\\/\\\/vanderloubet.com.br\\\/deputado\\\/#website\",\"url\":\"https:\\\/\\\/vanderloubet.com.br\\\/deputado\\\/\",\"name\":\"Deputado Federal Vander Loubet\",\"description\":\"O Federal de MS\",\"publisher\":{\"@id\":\"https:\\\/\\\/vanderloubet.com.br\\\/deputado\\\/#organization\"},\"alternateName\":\"Deputado Vander\",\"potentialAction\":[{\"@type\":\"SearchAction\",\"target\":{\"@type\":\"EntryPoint\",\"urlTemplate\":\"https:\\\/\\\/vanderloubet.com.br\\\/deputado\\\/?s={search_term_string}\"},\"query-input\":{\"@type\":\"PropertyValueSpecification\",\"valueRequired\":true,\"valueName\":\"search_term_string\"}}],\"inLanguage\":\"pt-BR\"},{\"@type\":\"Organization\",\"@id\":\"https:\\\/\\\/vanderloubet.com.br\\\/deputado\\\/#organization\",\"name\":\"Deputado Federal Vander Loubet\",\"alternateName\":\"Deputado Vander\",\"url\":\"https:\\\/\\\/vanderloubet.com.br\\\/deputado\\\/\",\"logo\":{\"@type\":\"ImageObject\",\"inLanguage\":\"pt-BR\",\"@id\":\"https:\\\/\\\/vanderloubet.com.br\\\/deputado\\\/#\\\/schema\\\/logo\\\/image\\\/\",\"url\":\"https:\\\/\\\/vanderloubet.com.br\\\/deputado\\\/wp-content\\\/uploads\\\/2023\\\/06\\\/foto-2023-06-19-mandato-deputado-vander.jpg\",\"contentUrl\":\"https:\\\/\\\/vanderloubet.com.br\\\/deputado\\\/wp-content\\\/uploads\\\/2023\\\/06\\\/foto-2023-06-19-mandato-deputado-vander.jpg\",\"width\":1080,\"height\":1080,\"caption\":\"Deputado Federal Vander Loubet\"},\"image\":{\"@id\":\"https:\\\/\\\/vanderloubet.com.br\\\/deputado\\\/#\\\/schema\\\/logo\\\/image\\\/\"},\"sameAs\":[\"https:\\\/\\\/facebook.com\\\/deputadovander\",\"https:\\\/\\\/x.com\\\/vanderloubet\",\"https:\\\/\\\/instagram.com\\\/vanderloubet\",\"https:\\\/\\\/youtube.com\\\/vanderloubet\",\"https:\\\/\\\/tiktok.com\\\/@vanderloubetms\"]},{\"@type\":\"Person\",\"@id\":\"https:\\\/\\\/vanderloubet.com.br\\\/deputado\\\/#\\\/schema\\\/person\\\/15b51bd564532a8a68d9dec1b8eb890e\",\"name\":\"\u00c9der\",\"image\":{\"@type\":\"ImageObject\",\"inLanguage\":\"pt-BR\",\"@id\":\"https:\\\/\\\/vanderloubet.com.br\\\/deputado\\\/wp-content\\\/litespeed\\\/avatar\\\/88ca4090d9d5ab1c9495f6ca03b68efa.jpg?ver=1777058957\",\"url\":\"https:\\\/\\\/vanderloubet.com.br\\\/deputado\\\/wp-content\\\/litespeed\\\/avatar\\\/88ca4090d9d5ab1c9495f6ca03b68efa.jpg?ver=1777058957\",\"contentUrl\":\"https:\\\/\\\/vanderloubet.com.br\\\/deputado\\\/wp-content\\\/litespeed\\\/avatar\\\/88ca4090d9d5ab1c9495f6ca03b68efa.jpg?ver=1777058957\",\"caption\":\"\u00c9der\"}}]}<\/script>\n<!-- \/ Yoast SEO plugin. -->","yoast_head_json":{"title":"Redu\u00e7\u00e3o de impostos: uma possibilidade, uma necessidade","robots":{"index":"index","follow":"follow","max-snippet":"max-snippet:-1","max-image-preview":"max-image-preview:large","max-video-preview":"max-video-preview:-1"},"canonical":"https:\/\/vanderloubet.com.br\/deputado\/reducao-de-impostos-uma-possibilidade-uma-necessidade\/","og_locale":"pt_BR","og_type":"article","og_title":"Redu\u00e7\u00e3o de impostos: uma possibilidade, uma necessidade","og_description":"Artigo de Vander sobre as medidas adotadas pelo governo Dilma para combater os efeitos da crise internacional por meio do consumo.","og_url":"https:\/\/vanderloubet.com.br\/deputado\/reducao-de-impostos-uma-possibilidade-uma-necessidade\/","og_site_name":"Deputado Federal Vander Loubet","article_publisher":"https:\/\/facebook.com\/deputadovander","article_published_time":"2011-12-05T11:32:42+00:00","og_image":[{"url":"http:\/\/www.deputadovander.com.br\/website\/wp-content\/uploads\/2011\/12\/foto-2011-12-05-dinheiro-impostos-620x300-400x190.jpg","type":"","width":"","height":""}],"author":"\u00c9der","twitter_card":"summary_large_image","twitter_creator":"@vanderloubet","twitter_site":"@vanderloubet","schema":{"@context":"https:\/\/schema.org","@graph":[{"@type":"Article","@id":"https:\/\/vanderloubet.com.br\/deputado\/reducao-de-impostos-uma-possibilidade-uma-necessidade\/#article","isPartOf":{"@id":"https:\/\/vanderloubet.com.br\/deputado\/reducao-de-impostos-uma-possibilidade-uma-necessidade\/"},"author":{"name":"\u00c9der","@id":"https:\/\/vanderloubet.com.br\/deputado\/#\/schema\/person\/15b51bd564532a8a68d9dec1b8eb890e"},"headline":"Redu\u00e7\u00e3o de impostos: uma possibilidade, uma necessidade","datePublished":"2011-12-05T11:32:42+00:00","mainEntityOfPage":{"@id":"https:\/\/vanderloubet.com.br\/deputado\/reducao-de-impostos-uma-possibilidade-uma-necessidade\/"},"wordCount":629,"publisher":{"@id":"https:\/\/vanderloubet.com.br\/deputado\/#organization"},"image":{"@id":"https:\/\/vanderloubet.com.br\/deputado\/reducao-de-impostos-uma-possibilidade-uma-necessidade\/#primaryimage"},"thumbnailUrl":"http:\/\/www.deputadovander.com.br\/website\/wp-content\/uploads\/2011\/12\/foto-2011-12-05-dinheiro-impostos-620x300-400x190.jpg","keywords":["branca","carga","com\u00e9rcio","consumo","crise","deputado","dilma","federal","franc\u00eas","imposto","ind\u00fastria","interno","ipi","linha","loubet","lula","mercado","p\u00e3o","redu\u00e7\u00e3o","tribut\u00e1ria","vander"],"articleSection":["Opini\u00e3o"],"inLanguage":"pt-BR"},{"@type":"WebPage","@id":"https:\/\/vanderloubet.com.br\/deputado\/reducao-de-impostos-uma-possibilidade-uma-necessidade\/","url":"https:\/\/vanderloubet.com.br\/deputado\/reducao-de-impostos-uma-possibilidade-uma-necessidade\/","name":"Redu\u00e7\u00e3o de impostos: uma possibilidade, uma necessidade","isPartOf":{"@id":"https:\/\/vanderloubet.com.br\/deputado\/#website"},"primaryImageOfPage":{"@id":"https:\/\/vanderloubet.com.br\/deputado\/reducao-de-impostos-uma-possibilidade-uma-necessidade\/#primaryimage"},"image":{"@id":"https:\/\/vanderloubet.com.br\/deputado\/reducao-de-impostos-uma-possibilidade-uma-necessidade\/#primaryimage"},"thumbnailUrl":"http:\/\/www.deputadovander.com.br\/website\/wp-content\/uploads\/2011\/12\/foto-2011-12-05-dinheiro-impostos-620x300-400x190.jpg","datePublished":"2011-12-05T11:32:42+00:00","breadcrumb":{"@id":"https:\/\/vanderloubet.com.br\/deputado\/reducao-de-impostos-uma-possibilidade-uma-necessidade\/#breadcrumb"},"inLanguage":"pt-BR","potentialAction":[{"@type":"ReadAction","target":["https:\/\/vanderloubet.com.br\/deputado\/reducao-de-impostos-uma-possibilidade-uma-necessidade\/"]}]},{"@type":"ImageObject","inLanguage":"pt-BR","@id":"https:\/\/vanderloubet.com.br\/deputado\/reducao-de-impostos-uma-possibilidade-uma-necessidade\/#primaryimage","url":"http:\/\/www.deputadovander.com.br\/website\/wp-content\/uploads\/2011\/12\/foto-2011-12-05-dinheiro-impostos-620x300-400x190.jpg","contentUrl":"http:\/\/www.deputadovander.com.br\/website\/wp-content\/uploads\/2011\/12\/foto-2011-12-05-dinheiro-impostos-620x300-400x190.jpg"},{"@type":"BreadcrumbList","@id":"https:\/\/vanderloubet.com.br\/deputado\/reducao-de-impostos-uma-possibilidade-uma-necessidade\/#breadcrumb","itemListElement":[{"@type":"ListItem","position":1,"name":"In\u00edcio","item":"https:\/\/vanderloubet.com.br\/deputado\/"},{"@type":"ListItem","position":2,"name":"Redu\u00e7\u00e3o de impostos: uma possibilidade, uma necessidade"}]},{"@type":"WebSite","@id":"https:\/\/vanderloubet.com.br\/deputado\/#website","url":"https:\/\/vanderloubet.com.br\/deputado\/","name":"Deputado Federal Vander Loubet","description":"O Federal de MS","publisher":{"@id":"https:\/\/vanderloubet.com.br\/deputado\/#organization"},"alternateName":"Deputado Vander","potentialAction":[{"@type":"SearchAction","target":{"@type":"EntryPoint","urlTemplate":"https:\/\/vanderloubet.com.br\/deputado\/?s={search_term_string}"},"query-input":{"@type":"PropertyValueSpecification","valueRequired":true,"valueName":"search_term_string"}}],"inLanguage":"pt-BR"},{"@type":"Organization","@id":"https:\/\/vanderloubet.com.br\/deputado\/#organization","name":"Deputado Federal Vander Loubet","alternateName":"Deputado Vander","url":"https:\/\/vanderloubet.com.br\/deputado\/","logo":{"@type":"ImageObject","inLanguage":"pt-BR","@id":"https:\/\/vanderloubet.com.br\/deputado\/#\/schema\/logo\/image\/","url":"https:\/\/vanderloubet.com.br\/deputado\/wp-content\/uploads\/2023\/06\/foto-2023-06-19-mandato-deputado-vander.jpg","contentUrl":"https:\/\/vanderloubet.com.br\/deputado\/wp-content\/uploads\/2023\/06\/foto-2023-06-19-mandato-deputado-vander.jpg","width":1080,"height":1080,"caption":"Deputado Federal Vander Loubet"},"image":{"@id":"https:\/\/vanderloubet.com.br\/deputado\/#\/schema\/logo\/image\/"},"sameAs":["https:\/\/facebook.com\/deputadovander","https:\/\/x.com\/vanderloubet","https:\/\/instagram.com\/vanderloubet","https:\/\/youtube.com\/vanderloubet","https:\/\/tiktok.com\/@vanderloubetms"]},{"@type":"Person","@id":"https:\/\/vanderloubet.com.br\/deputado\/#\/schema\/person\/15b51bd564532a8a68d9dec1b8eb890e","name":"\u00c9der","image":{"@type":"ImageObject","inLanguage":"pt-BR","@id":"https:\/\/vanderloubet.com.br\/deputado\/wp-content\/litespeed\/avatar\/88ca4090d9d5ab1c9495f6ca03b68efa.jpg?ver=1777058957","url":"https:\/\/vanderloubet.com.br\/deputado\/wp-content\/litespeed\/avatar\/88ca4090d9d5ab1c9495f6ca03b68efa.jpg?ver=1777058957","contentUrl":"https:\/\/vanderloubet.com.br\/deputado\/wp-content\/litespeed\/avatar\/88ca4090d9d5ab1c9495f6ca03b68efa.jpg?ver=1777058957","caption":"\u00c9der"}}]}},"jetpack_featured_media_url":"","jetpack_sharing_enabled":true,"_links":{"self":[{"href":"https:\/\/vanderloubet.com.br\/deputado\/wp-json\/wp\/v2\/posts\/4111","targetHints":{"allow":["GET"]}}],"collection":[{"href":"https:\/\/vanderloubet.com.br\/deputado\/wp-json\/wp\/v2\/posts"}],"about":[{"href":"https:\/\/vanderloubet.com.br\/deputado\/wp-json\/wp\/v2\/types\/post"}],"author":[{"embeddable":true,"href":"https:\/\/vanderloubet.com.br\/deputado\/wp-json\/wp\/v2\/users\/2"}],"replies":[{"embeddable":true,"href":"https:\/\/vanderloubet.com.br\/deputado\/wp-json\/wp\/v2\/comments?post=4111"}],"version-history":[{"count":0,"href":"https:\/\/vanderloubet.com.br\/deputado\/wp-json\/wp\/v2\/posts\/4111\/revisions"}],"wp:attachment":[{"href":"https:\/\/vanderloubet.com.br\/deputado\/wp-json\/wp\/v2\/media?parent=4111"}],"wp:term":[{"taxonomy":"category","embeddable":true,"href":"https:\/\/vanderloubet.com.br\/deputado\/wp-json\/wp\/v2\/categories?post=4111"},{"taxonomy":"post_tag","embeddable":true,"href":"https:\/\/vanderloubet.com.br\/deputado\/wp-json\/wp\/v2\/tags?post=4111"}],"curies":[{"name":"wp","href":"https:\/\/api.w.org\/{rel}","templated":true}]}}