{"id":4104,"date":"2011-12-02T12:13:22","date_gmt":"2011-12-02T16:13:22","guid":{"rendered":"http:\/\/www.deputadovander.com.br\/website\/?p=4104"},"modified":"2011-12-02T12:13:22","modified_gmt":"2011-12-02T16:13:22","slug":"governo-dilma-corta-impostos-para-ajudar-economia-nacional","status":"publish","type":"post","link":"https:\/\/vanderloubet.com.br\/deputado\/governo-dilma-corta-impostos-para-ajudar-economia-nacional\/","title":{"rendered":"Governo Dilma corta impostos para ajudar economia nacional"},"content":{"rendered":"<figure id=\"attachment_4105\" aria-describedby=\"caption-attachment-4105\" style=\"width: 400px\" class=\"wp-caption aligncenter\"><a href=\"http:\/\/www.deputadovander.com.br\/website\/wp-content\/uploads\/2011\/12\/foto-2011-12-02-medidas-governo-consumo.jpg\" target=\"_blank\"><img decoding=\"async\" class=\"size-medium wp-image-4105 \" title=\"foto-2011-12-02-medidas-governo-consumo\" src=\"http:\/\/www.deputadovander.com.br\/website\/wp-content\/uploads\/2011\/12\/foto-2011-12-02-medidas-governo-consumo-400x266.jpg\" alt=\"Medidas atingem linha branca, p\u00e3ozinho, constru\u00e7\u00e3o civil e empr\u00e9stimos\" width=\"400\" height=\"266\" \/><\/a><figcaption id=\"caption-attachment-4105\" class=\"wp-caption-text\">Medidas atingem linha branca, p\u00e3ozinho, constru\u00e7\u00e3o civil e empr\u00e9stimos<\/figcaption><\/figure>\n<p>O ministro da Fazenda, Guido Mantega, anunciou na \u00faltima quinta-feira (1\u00ba) novas medidas para estimular o consumo no Pa\u00eds. A redu\u00e7\u00e3o de impostos para a compra de eletrodom\u00e9sticos e aplica\u00e7\u00f5es financeiras (como empr\u00e9stimos e investimentos na Bolsa de Valores) est\u00e3o entre as principais medidas anunciadas. Um dia antes (30 de novembro), o Comit\u00ea de Pol\u00edtica Monet\u00e1ria (Copom) do Banco Central decidiu cortar a taxa b\u00e1sica de juros (Selic) em 0,5 ponto percentual, indo de 11,5% para 11% ao ano. \u00c9 a menor taxa do governo Dilma. A Selic \u00e9 usada pelo BC para tentar controlar o consumo e a infla\u00e7\u00e3o ou estimular a economia. Quando a taxa cai, estimula o consumo.<\/p>\n<p>O est\u00edmulo ao consumo tem como principal objetivo combater a queda das vendas no setor do varejo. O consumo continua sendo a principal aposta do governo para acelerar a economia brasileira e superar os efeitos da crise global. &#8220;Vivemos numa situa\u00e7\u00e3o complicada. V\u00e1rias economias est\u00e3o patinando com quedas no crescimento. N\u00e3o deixaremos que essa crise contamine a economia brasileira&#8221;, declarou o ministro.<\/p>\n<p>Para o deputado federal Vander Loubet (PT-MS), a presidenta Dilma Rousseff est\u00e1 no caminho certo ao adotar medidas arrojadas para minimizar os impactos da crise mundial no Brasil. &#8220;Nas \u00faltimas semanas, a Dilma tem repetido \u00e0 popula\u00e7\u00e3o o pedido para que continuem consumindo e que as empresas mantenham sua produ\u00e7\u00e3o. Ou seja, o governo est\u00e1 apostando no consumo interno para manter nossa produ\u00e7\u00e3o e nossos empregos. Funcionou em 2008 e acredito que vai funcionar agora&#8221;, afirmou o parlamentar, fazendo refer\u00eancia ao cen\u00e1rio global de tr\u00eas anos atr\u00e1s, quando o Brasil sofreu muito menos com a crise internacional do que outros pa\u00edses gra\u00e7as aos est\u00edmulos dados pelo governo Lula para o aquecimento do mercado interno.<\/p>\n<p>Vander tamb\u00e9m destaca o exemplo que o governo federal est\u00e1 dando aos estados e munic\u00edpios na quest\u00e3o tribut\u00e1ria. &#8220;O governo tem a vis\u00e3o de que a redu\u00e7\u00e3o da carga tribut\u00e1ria ajuda a economia do Pa\u00eds. \u00c9 um grande exemplo. Esperamos que essas medidas possam estimular governadores e prefeitos a fazerem o mesmo. Dessa forma a efetividade das a\u00e7\u00f5es que est\u00e3o sendo tomadas em n\u00edvel nacional seria ainda maior&#8221;, destacou o deputado.<\/p>\n<p><strong>Eletrodom\u00e9sticos e p\u00e3o franc\u00eas<\/strong><\/p>\n<p>Entre os produtos da chamada linha branca, as principais redu\u00e7\u00f5es do Imposto sobre Produtos Industrializados (IPI) s\u00e3o de fog\u00f5es (de 4% para zero), da geladeira (de 15% para 5%), m\u00e1quinas de lavar (de 20% para 10%) e tanquinhos (de 10% para zero). As medidas valem tamb\u00e9m para os estoques que j\u00e1 est\u00e3o nas lojas e v\u00e3o vigorar at\u00e9 31 de mar\u00e7o de 2012.<\/p>\n<p>Com isso, um refrigerador de duas portas de uma marca considerada top de linha, por exemplo, teria seu pre\u00e7o reduzido de R$ 1.680,47 para R$ 1.588,04 (R$ 92 a menos). No caso de uma m\u00e1quina de lavar com capacidade para 9 kg, o pre\u00e7o pode cair de R$ 1.021,75 para R$ 965,55 (R$ 55 a menos). Segundo especialistas e representantes da ind\u00fastria e com\u00e9rcio, os descontos v\u00e3o variar entre 3% e 10%.<\/p>\n<p>J\u00e1 a al\u00edquota de PIS\/Cofins sobre trigo, a farinha de trigo e p\u00e3o franc\u00eas, continua reduzida de 9,25% para 0% at\u00e9 o fim de 2012. Antes, a redu\u00e7\u00e3o estava prevista para acabar este ano. No caso das massas (macarr\u00e3o, por exemplo), a redu\u00e7\u00e3o da al\u00edquota para 0% vale at\u00e9 junho de 2012 e deve gerar desonera\u00e7\u00e3o de R$ 284 milh\u00f5es.<\/p>\n<p><strong>Empr\u00e9stimos e constru\u00e7\u00e3o civil<\/strong><\/p>\n<p>O governo anunciou tamb\u00e9m a redu\u00e7\u00e3o do Imposto sobre Opera\u00e7\u00f5es Financeiras (IOF) sobre cr\u00e9dito ao consumidor (como cheque especial e financiamentos), de 3% para 2,5%.<\/p>\n<p>No setor da constru\u00e7\u00e3o civil, foi anunciada a redu\u00e7\u00e3o de tributos para projetos do programa Minha Casa, Minha Vida. Houve queda da al\u00edquota de 6% do Regime Especial de Tributa\u00e7\u00e3o da Constru\u00e7\u00e3o Civil (RET) para 1%. As empresas pagam o RET sobre o faturamento como um tributo \u00fanico que substitui o PIS, a Cofins, o Imposto de Renda da Pessoa Jur\u00eddica (IRPJ) e a Contribui\u00e7\u00e3o Social sobre o Lucro L\u00edquido (CSLL).<\/p>\n<p>Foi ainda ampliada a faixa da habita\u00e7\u00e3o de interesse social de R$ 75 mil para R$ 85 mil. Ou seja, para as casas que custam at\u00e9 R$ 85 mil, a al\u00edquota do RET passa a ser de 1%.<\/p>\n<p><span style=\"font-size: 11px;\">(\u00c9der Yanaguita\/Assessoria Deputado Vander)<\/span><\/p>\n","protected":false},"excerpt":{"rendered":"<p>Medidas para aumentar o consumo atingem sobretudo a linha branca (geladeira, fog\u00e3o, etc), p\u00e3ozinho, constru\u00e7\u00e3o civil e empr\u00e9stimos.<\/p>\n","protected":false},"author":2,"featured_media":0,"comment_status":"closed","ping_status":"open","sticky":false,"template":"","format":"standard","meta":{"jetpack_post_was_ever_published":false,"_jetpack_newsletter_access":"","_jetpack_dont_email_post_to_subs":false,"_jetpack_newsletter_tier_id":0,"_jetpack_memberships_contains_paywalled_content":false,"_jetpack_memberships_contains_paid_content":false,"footnotes":""},"categories":[10],"tags":[515,554,608,631,800,807,953,999,1035,1106,1178,1189,1212,1305,1613,1666,1693,1757,2033],"class_list":{"0":"post-4104","1":"post","2":"type-post","3":"status-publish","4":"format-standard","6":"category-noticias","7":"tag-consumo","8":"tag-crise","9":"tag-deputado","10":"tag-dilma","11":"tag-fazenda","12":"tag-federal","13":"tag-guido","14":"tag-imposto","15":"tag-interno","16":"tag-juros","17":"tag-loubet","18":"tag-lula","19":"tag-mantega","20":"tag-ministro","21":"tag-presidenta","22":"tag-queda","23":"tag-reducao","24":"tag-rousseff","25":"tag-vander"},"yoast_head":"<!-- This site is optimized with the Yoast SEO plugin v27.4 - https:\/\/yoast.com\/product\/yoast-seo-wordpress\/ -->\n<title>Governo Dilma corta impostos para ajudar economia nacional<\/title>\n<meta name=\"robots\" content=\"index, follow, max-snippet:-1, max-image-preview:large, max-video-preview:-1\" \/>\n<link rel=\"canonical\" href=\"https:\/\/vanderloubet.com.br\/deputado\/governo-dilma-corta-impostos-para-ajudar-economia-nacional\/\" \/>\n<meta property=\"og:locale\" content=\"pt_BR\" \/>\n<meta property=\"og:type\" content=\"article\" \/>\n<meta property=\"og:title\" content=\"Governo Dilma corta impostos para ajudar economia nacional\" \/>\n<meta property=\"og:description\" content=\"Medidas para aumentar o consumo atingem sobretudo a linha branca (geladeira, fog\u00e3o, etc), p\u00e3ozinho, constru\u00e7\u00e3o civil e empr\u00e9stimos.\" \/>\n<meta property=\"og:url\" content=\"https:\/\/vanderloubet.com.br\/deputado\/governo-dilma-corta-impostos-para-ajudar-economia-nacional\/\" \/>\n<meta property=\"og:site_name\" content=\"Deputado Federal Vander Loubet\" \/>\n<meta property=\"article:publisher\" content=\"https:\/\/facebook.com\/deputadovander\" \/>\n<meta property=\"article:published_time\" content=\"2011-12-02T16:13:22+00:00\" \/>\n<meta property=\"og:image\" content=\"http:\/\/www.deputadovander.com.br\/website\/wp-content\/uploads\/2011\/12\/foto-2011-12-02-medidas-governo-consumo-400x266.jpg\" \/>\n<meta name=\"author\" content=\"\u00c9der\" \/>\n<meta name=\"twitter:card\" content=\"summary_large_image\" \/>\n<meta name=\"twitter:creator\" content=\"@vanderloubet\" \/>\n<meta name=\"twitter:site\" content=\"@vanderloubet\" \/>\n<script type=\"application\/ld+json\" class=\"yoast-schema-graph\">{\"@context\":\"https:\\\/\\\/schema.org\",\"@graph\":[{\"@type\":\"Article\",\"@id\":\"https:\\\/\\\/vanderloubet.com.br\\\/deputado\\\/governo-dilma-corta-impostos-para-ajudar-economia-nacional\\\/#article\",\"isPartOf\":{\"@id\":\"https:\\\/\\\/vanderloubet.com.br\\\/deputado\\\/governo-dilma-corta-impostos-para-ajudar-economia-nacional\\\/\"},\"author\":{\"name\":\"\u00c9der\",\"@id\":\"https:\\\/\\\/vanderloubet.com.br\\\/deputado\\\/#\\\/schema\\\/person\\\/15b51bd564532a8a68d9dec1b8eb890e\"},\"headline\":\"Governo Dilma corta impostos para ajudar economia nacional\",\"datePublished\":\"2011-12-02T16:13:22+00:00\",\"mainEntityOfPage\":{\"@id\":\"https:\\\/\\\/vanderloubet.com.br\\\/deputado\\\/governo-dilma-corta-impostos-para-ajudar-economia-nacional\\\/\"},\"wordCount\":766,\"publisher\":{\"@id\":\"https:\\\/\\\/vanderloubet.com.br\\\/deputado\\\/#organization\"},\"image\":{\"@id\":\"https:\\\/\\\/vanderloubet.com.br\\\/deputado\\\/governo-dilma-corta-impostos-para-ajudar-economia-nacional\\\/#primaryimage\"},\"thumbnailUrl\":\"http:\\\/\\\/www.deputadovander.com.br\\\/website\\\/wp-content\\\/uploads\\\/2011\\\/12\\\/foto-2011-12-02-medidas-governo-consumo-400x266.jpg\",\"keywords\":[\"consumo\",\"crise\",\"deputado\",\"dilma\",\"fazenda\",\"federal\",\"guido\",\"imposto\",\"interno\",\"juros\",\"loubet\",\"lula\",\"mantega\",\"ministro\",\"presidenta\",\"queda\",\"redu\u00e7\u00e3o\",\"rousseff\",\"vander\"],\"articleSection\":[\"Not\u00edcias\"],\"inLanguage\":\"pt-BR\"},{\"@type\":\"WebPage\",\"@id\":\"https:\\\/\\\/vanderloubet.com.br\\\/deputado\\\/governo-dilma-corta-impostos-para-ajudar-economia-nacional\\\/\",\"url\":\"https:\\\/\\\/vanderloubet.com.br\\\/deputado\\\/governo-dilma-corta-impostos-para-ajudar-economia-nacional\\\/\",\"name\":\"Governo Dilma corta impostos para ajudar economia nacional\",\"isPartOf\":{\"@id\":\"https:\\\/\\\/vanderloubet.com.br\\\/deputado\\\/#website\"},\"primaryImageOfPage\":{\"@id\":\"https:\\\/\\\/vanderloubet.com.br\\\/deputado\\\/governo-dilma-corta-impostos-para-ajudar-economia-nacional\\\/#primaryimage\"},\"image\":{\"@id\":\"https:\\\/\\\/vanderloubet.com.br\\\/deputado\\\/governo-dilma-corta-impostos-para-ajudar-economia-nacional\\\/#primaryimage\"},\"thumbnailUrl\":\"http:\\\/\\\/www.deputadovander.com.br\\\/website\\\/wp-content\\\/uploads\\\/2011\\\/12\\\/foto-2011-12-02-medidas-governo-consumo-400x266.jpg\",\"datePublished\":\"2011-12-02T16:13:22+00:00\",\"breadcrumb\":{\"@id\":\"https:\\\/\\\/vanderloubet.com.br\\\/deputado\\\/governo-dilma-corta-impostos-para-ajudar-economia-nacional\\\/#breadcrumb\"},\"inLanguage\":\"pt-BR\",\"potentialAction\":[{\"@type\":\"ReadAction\",\"target\":[\"https:\\\/\\\/vanderloubet.com.br\\\/deputado\\\/governo-dilma-corta-impostos-para-ajudar-economia-nacional\\\/\"]}]},{\"@type\":\"ImageObject\",\"inLanguage\":\"pt-BR\",\"@id\":\"https:\\\/\\\/vanderloubet.com.br\\\/deputado\\\/governo-dilma-corta-impostos-para-ajudar-economia-nacional\\\/#primaryimage\",\"url\":\"http:\\\/\\\/www.deputadovander.com.br\\\/website\\\/wp-content\\\/uploads\\\/2011\\\/12\\\/foto-2011-12-02-medidas-governo-consumo-400x266.jpg\",\"contentUrl\":\"http:\\\/\\\/www.deputadovander.com.br\\\/website\\\/wp-content\\\/uploads\\\/2011\\\/12\\\/foto-2011-12-02-medidas-governo-consumo-400x266.jpg\"},{\"@type\":\"BreadcrumbList\",\"@id\":\"https:\\\/\\\/vanderloubet.com.br\\\/deputado\\\/governo-dilma-corta-impostos-para-ajudar-economia-nacional\\\/#breadcrumb\",\"itemListElement\":[{\"@type\":\"ListItem\",\"position\":1,\"name\":\"In\u00edcio\",\"item\":\"https:\\\/\\\/vanderloubet.com.br\\\/deputado\\\/\"},{\"@type\":\"ListItem\",\"position\":2,\"name\":\"Governo Dilma corta impostos para ajudar economia nacional\"}]},{\"@type\":\"WebSite\",\"@id\":\"https:\\\/\\\/vanderloubet.com.br\\\/deputado\\\/#website\",\"url\":\"https:\\\/\\\/vanderloubet.com.br\\\/deputado\\\/\",\"name\":\"Deputado Federal Vander Loubet\",\"description\":\"O Federal de MS\",\"publisher\":{\"@id\":\"https:\\\/\\\/vanderloubet.com.br\\\/deputado\\\/#organization\"},\"alternateName\":\"Deputado Vander\",\"potentialAction\":[{\"@type\":\"SearchAction\",\"target\":{\"@type\":\"EntryPoint\",\"urlTemplate\":\"https:\\\/\\\/vanderloubet.com.br\\\/deputado\\\/?s={search_term_string}\"},\"query-input\":{\"@type\":\"PropertyValueSpecification\",\"valueRequired\":true,\"valueName\":\"search_term_string\"}}],\"inLanguage\":\"pt-BR\"},{\"@type\":\"Organization\",\"@id\":\"https:\\\/\\\/vanderloubet.com.br\\\/deputado\\\/#organization\",\"name\":\"Deputado Federal Vander Loubet\",\"alternateName\":\"Deputado Vander\",\"url\":\"https:\\\/\\\/vanderloubet.com.br\\\/deputado\\\/\",\"logo\":{\"@type\":\"ImageObject\",\"inLanguage\":\"pt-BR\",\"@id\":\"https:\\\/\\\/vanderloubet.com.br\\\/deputado\\\/#\\\/schema\\\/logo\\\/image\\\/\",\"url\":\"https:\\\/\\\/vanderloubet.com.br\\\/deputado\\\/wp-content\\\/uploads\\\/2023\\\/06\\\/foto-2023-06-19-mandato-deputado-vander.jpg\",\"contentUrl\":\"https:\\\/\\\/vanderloubet.com.br\\\/deputado\\\/wp-content\\\/uploads\\\/2023\\\/06\\\/foto-2023-06-19-mandato-deputado-vander.jpg\",\"width\":1080,\"height\":1080,\"caption\":\"Deputado Federal Vander Loubet\"},\"image\":{\"@id\":\"https:\\\/\\\/vanderloubet.com.br\\\/deputado\\\/#\\\/schema\\\/logo\\\/image\\\/\"},\"sameAs\":[\"https:\\\/\\\/facebook.com\\\/deputadovander\",\"https:\\\/\\\/x.com\\\/vanderloubet\",\"https:\\\/\\\/instagram.com\\\/vanderloubet\",\"https:\\\/\\\/youtube.com\\\/vanderloubet\",\"https:\\\/\\\/tiktok.com\\\/@vanderloubetms\"]},{\"@type\":\"Person\",\"@id\":\"https:\\\/\\\/vanderloubet.com.br\\\/deputado\\\/#\\\/schema\\\/person\\\/15b51bd564532a8a68d9dec1b8eb890e\",\"name\":\"\u00c9der\",\"image\":{\"@type\":\"ImageObject\",\"inLanguage\":\"pt-BR\",\"@id\":\"https:\\\/\\\/vanderloubet.com.br\\\/deputado\\\/wp-content\\\/litespeed\\\/avatar\\\/88ca4090d9d5ab1c9495f6ca03b68efa.jpg?ver=1777058957\",\"url\":\"https:\\\/\\\/vanderloubet.com.br\\\/deputado\\\/wp-content\\\/litespeed\\\/avatar\\\/88ca4090d9d5ab1c9495f6ca03b68efa.jpg?ver=1777058957\",\"contentUrl\":\"https:\\\/\\\/vanderloubet.com.br\\\/deputado\\\/wp-content\\\/litespeed\\\/avatar\\\/88ca4090d9d5ab1c9495f6ca03b68efa.jpg?ver=1777058957\",\"caption\":\"\u00c9der\"}}]}<\/script>\n<!-- \/ Yoast SEO plugin. -->","yoast_head_json":{"title":"Governo Dilma corta impostos para ajudar economia nacional","robots":{"index":"index","follow":"follow","max-snippet":"max-snippet:-1","max-image-preview":"max-image-preview:large","max-video-preview":"max-video-preview:-1"},"canonical":"https:\/\/vanderloubet.com.br\/deputado\/governo-dilma-corta-impostos-para-ajudar-economia-nacional\/","og_locale":"pt_BR","og_type":"article","og_title":"Governo Dilma corta impostos para ajudar economia nacional","og_description":"Medidas para aumentar o consumo atingem sobretudo a linha branca (geladeira, fog\u00e3o, etc), p\u00e3ozinho, constru\u00e7\u00e3o civil e empr\u00e9stimos.","og_url":"https:\/\/vanderloubet.com.br\/deputado\/governo-dilma-corta-impostos-para-ajudar-economia-nacional\/","og_site_name":"Deputado Federal Vander Loubet","article_publisher":"https:\/\/facebook.com\/deputadovander","article_published_time":"2011-12-02T16:13:22+00:00","og_image":[{"url":"http:\/\/www.deputadovander.com.br\/website\/wp-content\/uploads\/2011\/12\/foto-2011-12-02-medidas-governo-consumo-400x266.jpg","type":"","width":"","height":""}],"author":"\u00c9der","twitter_card":"summary_large_image","twitter_creator":"@vanderloubet","twitter_site":"@vanderloubet","schema":{"@context":"https:\/\/schema.org","@graph":[{"@type":"Article","@id":"https:\/\/vanderloubet.com.br\/deputado\/governo-dilma-corta-impostos-para-ajudar-economia-nacional\/#article","isPartOf":{"@id":"https:\/\/vanderloubet.com.br\/deputado\/governo-dilma-corta-impostos-para-ajudar-economia-nacional\/"},"author":{"name":"\u00c9der","@id":"https:\/\/vanderloubet.com.br\/deputado\/#\/schema\/person\/15b51bd564532a8a68d9dec1b8eb890e"},"headline":"Governo Dilma corta impostos para ajudar economia nacional","datePublished":"2011-12-02T16:13:22+00:00","mainEntityOfPage":{"@id":"https:\/\/vanderloubet.com.br\/deputado\/governo-dilma-corta-impostos-para-ajudar-economia-nacional\/"},"wordCount":766,"publisher":{"@id":"https:\/\/vanderloubet.com.br\/deputado\/#organization"},"image":{"@id":"https:\/\/vanderloubet.com.br\/deputado\/governo-dilma-corta-impostos-para-ajudar-economia-nacional\/#primaryimage"},"thumbnailUrl":"http:\/\/www.deputadovander.com.br\/website\/wp-content\/uploads\/2011\/12\/foto-2011-12-02-medidas-governo-consumo-400x266.jpg","keywords":["consumo","crise","deputado","dilma","fazenda","federal","guido","imposto","interno","juros","loubet","lula","mantega","ministro","presidenta","queda","redu\u00e7\u00e3o","rousseff","vander"],"articleSection":["Not\u00edcias"],"inLanguage":"pt-BR"},{"@type":"WebPage","@id":"https:\/\/vanderloubet.com.br\/deputado\/governo-dilma-corta-impostos-para-ajudar-economia-nacional\/","url":"https:\/\/vanderloubet.com.br\/deputado\/governo-dilma-corta-impostos-para-ajudar-economia-nacional\/","name":"Governo Dilma corta impostos para ajudar economia nacional","isPartOf":{"@id":"https:\/\/vanderloubet.com.br\/deputado\/#website"},"primaryImageOfPage":{"@id":"https:\/\/vanderloubet.com.br\/deputado\/governo-dilma-corta-impostos-para-ajudar-economia-nacional\/#primaryimage"},"image":{"@id":"https:\/\/vanderloubet.com.br\/deputado\/governo-dilma-corta-impostos-para-ajudar-economia-nacional\/#primaryimage"},"thumbnailUrl":"http:\/\/www.deputadovander.com.br\/website\/wp-content\/uploads\/2011\/12\/foto-2011-12-02-medidas-governo-consumo-400x266.jpg","datePublished":"2011-12-02T16:13:22+00:00","breadcrumb":{"@id":"https:\/\/vanderloubet.com.br\/deputado\/governo-dilma-corta-impostos-para-ajudar-economia-nacional\/#breadcrumb"},"inLanguage":"pt-BR","potentialAction":[{"@type":"ReadAction","target":["https:\/\/vanderloubet.com.br\/deputado\/governo-dilma-corta-impostos-para-ajudar-economia-nacional\/"]}]},{"@type":"ImageObject","inLanguage":"pt-BR","@id":"https:\/\/vanderloubet.com.br\/deputado\/governo-dilma-corta-impostos-para-ajudar-economia-nacional\/#primaryimage","url":"http:\/\/www.deputadovander.com.br\/website\/wp-content\/uploads\/2011\/12\/foto-2011-12-02-medidas-governo-consumo-400x266.jpg","contentUrl":"http:\/\/www.deputadovander.com.br\/website\/wp-content\/uploads\/2011\/12\/foto-2011-12-02-medidas-governo-consumo-400x266.jpg"},{"@type":"BreadcrumbList","@id":"https:\/\/vanderloubet.com.br\/deputado\/governo-dilma-corta-impostos-para-ajudar-economia-nacional\/#breadcrumb","itemListElement":[{"@type":"ListItem","position":1,"name":"In\u00edcio","item":"https:\/\/vanderloubet.com.br\/deputado\/"},{"@type":"ListItem","position":2,"name":"Governo Dilma corta impostos para ajudar economia nacional"}]},{"@type":"WebSite","@id":"https:\/\/vanderloubet.com.br\/deputado\/#website","url":"https:\/\/vanderloubet.com.br\/deputado\/","name":"Deputado Federal Vander Loubet","description":"O Federal de MS","publisher":{"@id":"https:\/\/vanderloubet.com.br\/deputado\/#organization"},"alternateName":"Deputado Vander","potentialAction":[{"@type":"SearchAction","target":{"@type":"EntryPoint","urlTemplate":"https:\/\/vanderloubet.com.br\/deputado\/?s={search_term_string}"},"query-input":{"@type":"PropertyValueSpecification","valueRequired":true,"valueName":"search_term_string"}}],"inLanguage":"pt-BR"},{"@type":"Organization","@id":"https:\/\/vanderloubet.com.br\/deputado\/#organization","name":"Deputado Federal Vander Loubet","alternateName":"Deputado Vander","url":"https:\/\/vanderloubet.com.br\/deputado\/","logo":{"@type":"ImageObject","inLanguage":"pt-BR","@id":"https:\/\/vanderloubet.com.br\/deputado\/#\/schema\/logo\/image\/","url":"https:\/\/vanderloubet.com.br\/deputado\/wp-content\/uploads\/2023\/06\/foto-2023-06-19-mandato-deputado-vander.jpg","contentUrl":"https:\/\/vanderloubet.com.br\/deputado\/wp-content\/uploads\/2023\/06\/foto-2023-06-19-mandato-deputado-vander.jpg","width":1080,"height":1080,"caption":"Deputado Federal Vander Loubet"},"image":{"@id":"https:\/\/vanderloubet.com.br\/deputado\/#\/schema\/logo\/image\/"},"sameAs":["https:\/\/facebook.com\/deputadovander","https:\/\/x.com\/vanderloubet","https:\/\/instagram.com\/vanderloubet","https:\/\/youtube.com\/vanderloubet","https:\/\/tiktok.com\/@vanderloubetms"]},{"@type":"Person","@id":"https:\/\/vanderloubet.com.br\/deputado\/#\/schema\/person\/15b51bd564532a8a68d9dec1b8eb890e","name":"\u00c9der","image":{"@type":"ImageObject","inLanguage":"pt-BR","@id":"https:\/\/vanderloubet.com.br\/deputado\/wp-content\/litespeed\/avatar\/88ca4090d9d5ab1c9495f6ca03b68efa.jpg?ver=1777058957","url":"https:\/\/vanderloubet.com.br\/deputado\/wp-content\/litespeed\/avatar\/88ca4090d9d5ab1c9495f6ca03b68efa.jpg?ver=1777058957","contentUrl":"https:\/\/vanderloubet.com.br\/deputado\/wp-content\/litespeed\/avatar\/88ca4090d9d5ab1c9495f6ca03b68efa.jpg?ver=1777058957","caption":"\u00c9der"}}]}},"jetpack_featured_media_url":"","jetpack_sharing_enabled":true,"_links":{"self":[{"href":"https:\/\/vanderloubet.com.br\/deputado\/wp-json\/wp\/v2\/posts\/4104","targetHints":{"allow":["GET"]}}],"collection":[{"href":"https:\/\/vanderloubet.com.br\/deputado\/wp-json\/wp\/v2\/posts"}],"about":[{"href":"https:\/\/vanderloubet.com.br\/deputado\/wp-json\/wp\/v2\/types\/post"}],"author":[{"embeddable":true,"href":"https:\/\/vanderloubet.com.br\/deputado\/wp-json\/wp\/v2\/users\/2"}],"replies":[{"embeddable":true,"href":"https:\/\/vanderloubet.com.br\/deputado\/wp-json\/wp\/v2\/comments?post=4104"}],"version-history":[{"count":0,"href":"https:\/\/vanderloubet.com.br\/deputado\/wp-json\/wp\/v2\/posts\/4104\/revisions"}],"wp:attachment":[{"href":"https:\/\/vanderloubet.com.br\/deputado\/wp-json\/wp\/v2\/media?parent=4104"}],"wp:term":[{"taxonomy":"category","embeddable":true,"href":"https:\/\/vanderloubet.com.br\/deputado\/wp-json\/wp\/v2\/categories?post=4104"},{"taxonomy":"post_tag","embeddable":true,"href":"https:\/\/vanderloubet.com.br\/deputado\/wp-json\/wp\/v2\/tags?post=4104"}],"curies":[{"name":"wp","href":"https:\/\/api.w.org\/{rel}","templated":true}]}}