{"id":4085,"date":"2011-11-28T10:47:01","date_gmt":"2011-11-28T14:47:01","guid":{"rendered":"http:\/\/www.deputadovander.com.br\/website\/?p=4085"},"modified":"2011-11-28T10:47:01","modified_gmt":"2011-11-28T14:47:01","slug":"vander-recebe-vencedora-de-concurso-de-redacao-de-nova-andradina","status":"publish","type":"post","link":"https:\/\/vanderloubet.com.br\/deputado\/vander-recebe-vencedora-de-concurso-de-redacao-de-nova-andradina\/","title":{"rendered":"Vander recebe vencedora de concurso de reda\u00e7\u00e3o de Nova Andradina"},"content":{"rendered":"<figure id=\"attachment_4086\" aria-describedby=\"caption-attachment-4086\" style=\"width: 400px\" class=\"wp-caption aligncenter\"><a href=\"http:\/\/www.deputadovander.com.br\/website\/wp-content\/uploads\/2011\/11\/foto-2011-11-28-pavanelli-vander-natalia-noemi.jpg\" target=\"_blank\"><img decoding=\"async\" class=\"size-medium wp-image-4086 \" title=\"foto-2011-11-28-pavanelli-vander-natalia-noemi\" src=\"http:\/\/www.deputadovander.com.br\/website\/wp-content\/uploads\/2011\/11\/foto-2011-11-28-pavanelli-vander-natalia-noemi-400x266.jpg\" alt=\"Ana Maria Pavanelli, Vander, Nat\u00e1lia e a professora Noemi\" width=\"400\" height=\"266\" \/><\/a><figcaption id=\"caption-attachment-4086\" class=\"wp-caption-text\">Ana Maria Pavanelli, Vander, Nat\u00e1lia e a professora Noemi<\/figcaption><\/figure>\n<p>Na \u00faltima quinta-feira (23), o deputado federal Vander Loubet (PT-MS) recebeu em seu gabinete a jovem Nat\u00e1lia Trindade de Souza, aluna do 7\u00ba ano do Ensino Fundamental da Escola Adventista de Nova Andradina. Ela estava acompanhada por sua professora, Noemi da Silva Costa Pinheiro, e pela chefe de gabinete da C\u00e2mara Municipal, Ana Maria Pavanelli.<\/p>\n<p>Nat\u00e1lia foi a vencedora do Concurso de Reda\u00e7\u00e3o promovido pela C\u00e2mara Municipal de Nova Andradina dentro do projeto &#8220;Escola na C\u00e2mara&#8221;, de iniciativa do vereador e presidente da Casa, Adriano Palopoli. Entre 1.500 textos a reda\u00e7\u00e3o de Nat\u00e1lia foi consagrada vencedora com o tema &#8220;Nova Andradina dos Sonhos para 2012&#8221;. O pr\u00eamio foi uma viagem \u00e0 Bras\u00edlia com a professora Noemi.<\/p>\n<p>O deputado Vander parabenizou Nat\u00e1lia pelo \u00eaxito e estendeu os louvores ao corpo docente da escola. &#8220;Certamente os objetivos educacionais est\u00e3o sendo alcan\u00e7ados gra\u00e7as ao esfor\u00e7o conjunto entre professores, pais e alunos&#8221;, destacou. \u00c0 Nat\u00e1lia, Vander deixou ainda uma mensagem. &#8220;Continue estudando, sempre, pois o estudo faz parte de cada um de n\u00f3s e isso ningu\u00e9m nos tira&#8221;, arrematou o parlamentar.<\/p>\n<p><span style=\"font-size: 11px;\">(Assessoria de Comunica\u00e7\u00e3o\/Deputado Vander)<\/span><\/p>\n","protected":false},"excerpt":{"rendered":"<p>Nat\u00e1lia foi a vencedora do concurso promovido pela C\u00e2mara Municipal de Nova Andradina dentro do projeto &#8220;Escola na C\u00e2mara&#8221;.<\/p>\n","protected":false},"author":2,"featured_media":0,"comment_status":"closed","ping_status":"open","sticky":false,"template":"","format":"standard","meta":{"jetpack_post_was_ever_published":false,"_jetpack_newsletter_access":"","_jetpack_dont_email_post_to_subs":false,"_jetpack_newsletter_tier_id":0,"_jetpack_memberships_contains_paywalled_content":false,"_jetpack_memberships_contains_paid_content":false,"footnotes":""},"categories":[10],"tags":[51,130,302,332,494,608,807,895,1178,1336,1361,1400,1459,1655,1688,2033,2045,2047],"class_list":{"0":"post-4085","1":"post","2":"type-post","3":"status-publish","4":"format-standard","6":"category-noticias","7":"tag-adriano","8":"tag-andradina","9":"tag-brasilia","10":"tag-camara","11":"tag-concurso","12":"tag-deputado","13":"tag-federal","14":"tag-gabinete","15":"tag-loubet","16":"tag-ms","17":"tag-natalia","18":"tag-nova","19":"tag-palopoli","20":"tag-pt","21":"tag-redacao","22":"tag-vander","23":"tag-vencedora","24":"tag-vereador"},"yoast_head":"<!-- This site is optimized with the Yoast SEO plugin v27.4 - https:\/\/yoast.com\/product\/yoast-seo-wordpress\/ -->\n<title>Vander recebe vencedora de concurso de reda\u00e7\u00e3o de Nova Andradina<\/title>\n<meta name=\"robots\" content=\"index, follow, max-snippet:-1, max-image-preview:large, max-video-preview:-1\" \/>\n<link rel=\"canonical\" href=\"https:\/\/vanderloubet.com.br\/deputado\/vander-recebe-vencedora-de-concurso-de-redacao-de-nova-andradina\/\" \/>\n<meta property=\"og:locale\" content=\"pt_BR\" \/>\n<meta property=\"og:type\" content=\"article\" \/>\n<meta property=\"og:title\" content=\"Vander recebe vencedora de concurso de reda\u00e7\u00e3o de Nova Andradina\" \/>\n<meta property=\"og:description\" content=\"Nat\u00e1lia foi a vencedora do concurso promovido pela C\u00e2mara Municipal de Nova Andradina dentro do projeto &quot;Escola na C\u00e2mara&quot;.\" \/>\n<meta property=\"og:url\" content=\"https:\/\/vanderloubet.com.br\/deputado\/vander-recebe-vencedora-de-concurso-de-redacao-de-nova-andradina\/\" \/>\n<meta property=\"og:site_name\" content=\"Deputado Federal Vander Loubet\" \/>\n<meta property=\"article:publisher\" content=\"https:\/\/facebook.com\/deputadovander\" \/>\n<meta property=\"article:published_time\" content=\"2011-11-28T14:47:01+00:00\" \/>\n<meta property=\"og:image\" content=\"http:\/\/www.deputadovander.com.br\/website\/wp-content\/uploads\/2011\/11\/foto-2011-11-28-pavanelli-vander-natalia-noemi-400x266.jpg\" \/>\n<meta name=\"author\" content=\"\u00c9der\" \/>\n<meta name=\"twitter:card\" content=\"summary_large_image\" \/>\n<meta name=\"twitter:creator\" content=\"@vanderloubet\" \/>\n<meta name=\"twitter:site\" content=\"@vanderloubet\" \/>\n<script type=\"application\/ld+json\" class=\"yoast-schema-graph\">{\"@context\":\"https:\\\/\\\/schema.org\",\"@graph\":[{\"@type\":\"Article\",\"@id\":\"https:\\\/\\\/vanderloubet.com.br\\\/deputado\\\/vander-recebe-vencedora-de-concurso-de-redacao-de-nova-andradina\\\/#article\",\"isPartOf\":{\"@id\":\"https:\\\/\\\/vanderloubet.com.br\\\/deputado\\\/vander-recebe-vencedora-de-concurso-de-redacao-de-nova-andradina\\\/\"},\"author\":{\"name\":\"\u00c9der\",\"@id\":\"https:\\\/\\\/vanderloubet.com.br\\\/deputado\\\/#\\\/schema\\\/person\\\/15b51bd564532a8a68d9dec1b8eb890e\"},\"headline\":\"Vander recebe vencedora de concurso de reda\u00e7\u00e3o de Nova Andradina\",\"datePublished\":\"2011-11-28T14:47:01+00:00\",\"mainEntityOfPage\":{\"@id\":\"https:\\\/\\\/vanderloubet.com.br\\\/deputado\\\/vander-recebe-vencedora-de-concurso-de-redacao-de-nova-andradina\\\/\"},\"wordCount\":224,\"publisher\":{\"@id\":\"https:\\\/\\\/vanderloubet.com.br\\\/deputado\\\/#organization\"},\"image\":{\"@id\":\"https:\\\/\\\/vanderloubet.com.br\\\/deputado\\\/vander-recebe-vencedora-de-concurso-de-redacao-de-nova-andradina\\\/#primaryimage\"},\"thumbnailUrl\":\"http:\\\/\\\/www.deputadovander.com.br\\\/website\\\/wp-content\\\/uploads\\\/2011\\\/11\\\/foto-2011-11-28-pavanelli-vander-natalia-noemi-400x266.jpg\",\"keywords\":[\"adriano\",\"andradina\",\"bras\u00edlia\",\"c\u00e2mara\",\"concurso\",\"deputado\",\"federal\",\"gabinete\",\"loubet\",\"MS\",\"nat\u00e1lia\",\"nova\",\"palopoli\",\"PT\",\"reda\u00e7\u00e3o\",\"vander\",\"vencedora\",\"vereador\"],\"articleSection\":[\"Not\u00edcias\"],\"inLanguage\":\"pt-BR\"},{\"@type\":\"WebPage\",\"@id\":\"https:\\\/\\\/vanderloubet.com.br\\\/deputado\\\/vander-recebe-vencedora-de-concurso-de-redacao-de-nova-andradina\\\/\",\"url\":\"https:\\\/\\\/vanderloubet.com.br\\\/deputado\\\/vander-recebe-vencedora-de-concurso-de-redacao-de-nova-andradina\\\/\",\"name\":\"Vander recebe vencedora de concurso de reda\u00e7\u00e3o de Nova Andradina\",\"isPartOf\":{\"@id\":\"https:\\\/\\\/vanderloubet.com.br\\\/deputado\\\/#website\"},\"primaryImageOfPage\":{\"@id\":\"https:\\\/\\\/vanderloubet.com.br\\\/deputado\\\/vander-recebe-vencedora-de-concurso-de-redacao-de-nova-andradina\\\/#primaryimage\"},\"image\":{\"@id\":\"https:\\\/\\\/vanderloubet.com.br\\\/deputado\\\/vander-recebe-vencedora-de-concurso-de-redacao-de-nova-andradina\\\/#primaryimage\"},\"thumbnailUrl\":\"http:\\\/\\\/www.deputadovander.com.br\\\/website\\\/wp-content\\\/uploads\\\/2011\\\/11\\\/foto-2011-11-28-pavanelli-vander-natalia-noemi-400x266.jpg\",\"datePublished\":\"2011-11-28T14:47:01+00:00\",\"breadcrumb\":{\"@id\":\"https:\\\/\\\/vanderloubet.com.br\\\/deputado\\\/vander-recebe-vencedora-de-concurso-de-redacao-de-nova-andradina\\\/#breadcrumb\"},\"inLanguage\":\"pt-BR\",\"potentialAction\":[{\"@type\":\"ReadAction\",\"target\":[\"https:\\\/\\\/vanderloubet.com.br\\\/deputado\\\/vander-recebe-vencedora-de-concurso-de-redacao-de-nova-andradina\\\/\"]}]},{\"@type\":\"ImageObject\",\"inLanguage\":\"pt-BR\",\"@id\":\"https:\\\/\\\/vanderloubet.com.br\\\/deputado\\\/vander-recebe-vencedora-de-concurso-de-redacao-de-nova-andradina\\\/#primaryimage\",\"url\":\"http:\\\/\\\/www.deputadovander.com.br\\\/website\\\/wp-content\\\/uploads\\\/2011\\\/11\\\/foto-2011-11-28-pavanelli-vander-natalia-noemi-400x266.jpg\",\"contentUrl\":\"http:\\\/\\\/www.deputadovander.com.br\\\/website\\\/wp-content\\\/uploads\\\/2011\\\/11\\\/foto-2011-11-28-pavanelli-vander-natalia-noemi-400x266.jpg\"},{\"@type\":\"BreadcrumbList\",\"@id\":\"https:\\\/\\\/vanderloubet.com.br\\\/deputado\\\/vander-recebe-vencedora-de-concurso-de-redacao-de-nova-andradina\\\/#breadcrumb\",\"itemListElement\":[{\"@type\":\"ListItem\",\"position\":1,\"name\":\"In\u00edcio\",\"item\":\"https:\\\/\\\/vanderloubet.com.br\\\/deputado\\\/\"},{\"@type\":\"ListItem\",\"position\":2,\"name\":\"Vander recebe vencedora de concurso de reda\u00e7\u00e3o de Nova Andradina\"}]},{\"@type\":\"WebSite\",\"@id\":\"https:\\\/\\\/vanderloubet.com.br\\\/deputado\\\/#website\",\"url\":\"https:\\\/\\\/vanderloubet.com.br\\\/deputado\\\/\",\"name\":\"Deputado Federal Vander Loubet\",\"description\":\"O Federal de MS\",\"publisher\":{\"@id\":\"https:\\\/\\\/vanderloubet.com.br\\\/deputado\\\/#organization\"},\"alternateName\":\"Deputado Vander\",\"potentialAction\":[{\"@type\":\"SearchAction\",\"target\":{\"@type\":\"EntryPoint\",\"urlTemplate\":\"https:\\\/\\\/vanderloubet.com.br\\\/deputado\\\/?s={search_term_string}\"},\"query-input\":{\"@type\":\"PropertyValueSpecification\",\"valueRequired\":true,\"valueName\":\"search_term_string\"}}],\"inLanguage\":\"pt-BR\"},{\"@type\":\"Organization\",\"@id\":\"https:\\\/\\\/vanderloubet.com.br\\\/deputado\\\/#organization\",\"name\":\"Deputado Federal Vander Loubet\",\"alternateName\":\"Deputado Vander\",\"url\":\"https:\\\/\\\/vanderloubet.com.br\\\/deputado\\\/\",\"logo\":{\"@type\":\"ImageObject\",\"inLanguage\":\"pt-BR\",\"@id\":\"https:\\\/\\\/vanderloubet.com.br\\\/deputado\\\/#\\\/schema\\\/logo\\\/image\\\/\",\"url\":\"https:\\\/\\\/vanderloubet.com.br\\\/deputado\\\/wp-content\\\/uploads\\\/2023\\\/06\\\/foto-2023-06-19-mandato-deputado-vander.jpg\",\"contentUrl\":\"https:\\\/\\\/vanderloubet.com.br\\\/deputado\\\/wp-content\\\/uploads\\\/2023\\\/06\\\/foto-2023-06-19-mandato-deputado-vander.jpg\",\"width\":1080,\"height\":1080,\"caption\":\"Deputado Federal Vander Loubet\"},\"image\":{\"@id\":\"https:\\\/\\\/vanderloubet.com.br\\\/deputado\\\/#\\\/schema\\\/logo\\\/image\\\/\"},\"sameAs\":[\"https:\\\/\\\/facebook.com\\\/deputadovander\",\"https:\\\/\\\/x.com\\\/vanderloubet\",\"https:\\\/\\\/instagram.com\\\/vanderloubet\",\"https:\\\/\\\/youtube.com\\\/vanderloubet\",\"https:\\\/\\\/tiktok.com\\\/@vanderloubetms\"]},{\"@type\":\"Person\",\"@id\":\"https:\\\/\\\/vanderloubet.com.br\\\/deputado\\\/#\\\/schema\\\/person\\\/15b51bd564532a8a68d9dec1b8eb890e\",\"name\":\"\u00c9der\",\"image\":{\"@type\":\"ImageObject\",\"inLanguage\":\"pt-BR\",\"@id\":\"https:\\\/\\\/vanderloubet.com.br\\\/deputado\\\/wp-content\\\/litespeed\\\/avatar\\\/88ca4090d9d5ab1c9495f6ca03b68efa.jpg?ver=1777058957\",\"url\":\"https:\\\/\\\/vanderloubet.com.br\\\/deputado\\\/wp-content\\\/litespeed\\\/avatar\\\/88ca4090d9d5ab1c9495f6ca03b68efa.jpg?ver=1777058957\",\"contentUrl\":\"https:\\\/\\\/vanderloubet.com.br\\\/deputado\\\/wp-content\\\/litespeed\\\/avatar\\\/88ca4090d9d5ab1c9495f6ca03b68efa.jpg?ver=1777058957\",\"caption\":\"\u00c9der\"}}]}<\/script>\n<!-- \/ Yoast SEO plugin. -->","yoast_head_json":{"title":"Vander recebe vencedora de concurso de reda\u00e7\u00e3o de Nova Andradina","robots":{"index":"index","follow":"follow","max-snippet":"max-snippet:-1","max-image-preview":"max-image-preview:large","max-video-preview":"max-video-preview:-1"},"canonical":"https:\/\/vanderloubet.com.br\/deputado\/vander-recebe-vencedora-de-concurso-de-redacao-de-nova-andradina\/","og_locale":"pt_BR","og_type":"article","og_title":"Vander recebe vencedora de concurso de reda\u00e7\u00e3o de Nova Andradina","og_description":"Nat\u00e1lia foi a vencedora do concurso promovido pela C\u00e2mara Municipal de Nova Andradina dentro do projeto \"Escola na C\u00e2mara\".","og_url":"https:\/\/vanderloubet.com.br\/deputado\/vander-recebe-vencedora-de-concurso-de-redacao-de-nova-andradina\/","og_site_name":"Deputado Federal Vander Loubet","article_publisher":"https:\/\/facebook.com\/deputadovander","article_published_time":"2011-11-28T14:47:01+00:00","og_image":[{"url":"http:\/\/www.deputadovander.com.br\/website\/wp-content\/uploads\/2011\/11\/foto-2011-11-28-pavanelli-vander-natalia-noemi-400x266.jpg","type":"","width":"","height":""}],"author":"\u00c9der","twitter_card":"summary_large_image","twitter_creator":"@vanderloubet","twitter_site":"@vanderloubet","schema":{"@context":"https:\/\/schema.org","@graph":[{"@type":"Article","@id":"https:\/\/vanderloubet.com.br\/deputado\/vander-recebe-vencedora-de-concurso-de-redacao-de-nova-andradina\/#article","isPartOf":{"@id":"https:\/\/vanderloubet.com.br\/deputado\/vander-recebe-vencedora-de-concurso-de-redacao-de-nova-andradina\/"},"author":{"name":"\u00c9der","@id":"https:\/\/vanderloubet.com.br\/deputado\/#\/schema\/person\/15b51bd564532a8a68d9dec1b8eb890e"},"headline":"Vander recebe vencedora de concurso de reda\u00e7\u00e3o de Nova Andradina","datePublished":"2011-11-28T14:47:01+00:00","mainEntityOfPage":{"@id":"https:\/\/vanderloubet.com.br\/deputado\/vander-recebe-vencedora-de-concurso-de-redacao-de-nova-andradina\/"},"wordCount":224,"publisher":{"@id":"https:\/\/vanderloubet.com.br\/deputado\/#organization"},"image":{"@id":"https:\/\/vanderloubet.com.br\/deputado\/vander-recebe-vencedora-de-concurso-de-redacao-de-nova-andradina\/#primaryimage"},"thumbnailUrl":"http:\/\/www.deputadovander.com.br\/website\/wp-content\/uploads\/2011\/11\/foto-2011-11-28-pavanelli-vander-natalia-noemi-400x266.jpg","keywords":["adriano","andradina","bras\u00edlia","c\u00e2mara","concurso","deputado","federal","gabinete","loubet","MS","nat\u00e1lia","nova","palopoli","PT","reda\u00e7\u00e3o","vander","vencedora","vereador"],"articleSection":["Not\u00edcias"],"inLanguage":"pt-BR"},{"@type":"WebPage","@id":"https:\/\/vanderloubet.com.br\/deputado\/vander-recebe-vencedora-de-concurso-de-redacao-de-nova-andradina\/","url":"https:\/\/vanderloubet.com.br\/deputado\/vander-recebe-vencedora-de-concurso-de-redacao-de-nova-andradina\/","name":"Vander recebe vencedora de concurso de reda\u00e7\u00e3o de Nova Andradina","isPartOf":{"@id":"https:\/\/vanderloubet.com.br\/deputado\/#website"},"primaryImageOfPage":{"@id":"https:\/\/vanderloubet.com.br\/deputado\/vander-recebe-vencedora-de-concurso-de-redacao-de-nova-andradina\/#primaryimage"},"image":{"@id":"https:\/\/vanderloubet.com.br\/deputado\/vander-recebe-vencedora-de-concurso-de-redacao-de-nova-andradina\/#primaryimage"},"thumbnailUrl":"http:\/\/www.deputadovander.com.br\/website\/wp-content\/uploads\/2011\/11\/foto-2011-11-28-pavanelli-vander-natalia-noemi-400x266.jpg","datePublished":"2011-11-28T14:47:01+00:00","breadcrumb":{"@id":"https:\/\/vanderloubet.com.br\/deputado\/vander-recebe-vencedora-de-concurso-de-redacao-de-nova-andradina\/#breadcrumb"},"inLanguage":"pt-BR","potentialAction":[{"@type":"ReadAction","target":["https:\/\/vanderloubet.com.br\/deputado\/vander-recebe-vencedora-de-concurso-de-redacao-de-nova-andradina\/"]}]},{"@type":"ImageObject","inLanguage":"pt-BR","@id":"https:\/\/vanderloubet.com.br\/deputado\/vander-recebe-vencedora-de-concurso-de-redacao-de-nova-andradina\/#primaryimage","url":"http:\/\/www.deputadovander.com.br\/website\/wp-content\/uploads\/2011\/11\/foto-2011-11-28-pavanelli-vander-natalia-noemi-400x266.jpg","contentUrl":"http:\/\/www.deputadovander.com.br\/website\/wp-content\/uploads\/2011\/11\/foto-2011-11-28-pavanelli-vander-natalia-noemi-400x266.jpg"},{"@type":"BreadcrumbList","@id":"https:\/\/vanderloubet.com.br\/deputado\/vander-recebe-vencedora-de-concurso-de-redacao-de-nova-andradina\/#breadcrumb","itemListElement":[{"@type":"ListItem","position":1,"name":"In\u00edcio","item":"https:\/\/vanderloubet.com.br\/deputado\/"},{"@type":"ListItem","position":2,"name":"Vander recebe vencedora de concurso de reda\u00e7\u00e3o de Nova Andradina"}]},{"@type":"WebSite","@id":"https:\/\/vanderloubet.com.br\/deputado\/#website","url":"https:\/\/vanderloubet.com.br\/deputado\/","name":"Deputado Federal Vander Loubet","description":"O Federal de MS","publisher":{"@id":"https:\/\/vanderloubet.com.br\/deputado\/#organization"},"alternateName":"Deputado Vander","potentialAction":[{"@type":"SearchAction","target":{"@type":"EntryPoint","urlTemplate":"https:\/\/vanderloubet.com.br\/deputado\/?s={search_term_string}"},"query-input":{"@type":"PropertyValueSpecification","valueRequired":true,"valueName":"search_term_string"}}],"inLanguage":"pt-BR"},{"@type":"Organization","@id":"https:\/\/vanderloubet.com.br\/deputado\/#organization","name":"Deputado Federal Vander Loubet","alternateName":"Deputado Vander","url":"https:\/\/vanderloubet.com.br\/deputado\/","logo":{"@type":"ImageObject","inLanguage":"pt-BR","@id":"https:\/\/vanderloubet.com.br\/deputado\/#\/schema\/logo\/image\/","url":"https:\/\/vanderloubet.com.br\/deputado\/wp-content\/uploads\/2023\/06\/foto-2023-06-19-mandato-deputado-vander.jpg","contentUrl":"https:\/\/vanderloubet.com.br\/deputado\/wp-content\/uploads\/2023\/06\/foto-2023-06-19-mandato-deputado-vander.jpg","width":1080,"height":1080,"caption":"Deputado Federal Vander Loubet"},"image":{"@id":"https:\/\/vanderloubet.com.br\/deputado\/#\/schema\/logo\/image\/"},"sameAs":["https:\/\/facebook.com\/deputadovander","https:\/\/x.com\/vanderloubet","https:\/\/instagram.com\/vanderloubet","https:\/\/youtube.com\/vanderloubet","https:\/\/tiktok.com\/@vanderloubetms"]},{"@type":"Person","@id":"https:\/\/vanderloubet.com.br\/deputado\/#\/schema\/person\/15b51bd564532a8a68d9dec1b8eb890e","name":"\u00c9der","image":{"@type":"ImageObject","inLanguage":"pt-BR","@id":"https:\/\/vanderloubet.com.br\/deputado\/wp-content\/litespeed\/avatar\/88ca4090d9d5ab1c9495f6ca03b68efa.jpg?ver=1777058957","url":"https:\/\/vanderloubet.com.br\/deputado\/wp-content\/litespeed\/avatar\/88ca4090d9d5ab1c9495f6ca03b68efa.jpg?ver=1777058957","contentUrl":"https:\/\/vanderloubet.com.br\/deputado\/wp-content\/litespeed\/avatar\/88ca4090d9d5ab1c9495f6ca03b68efa.jpg?ver=1777058957","caption":"\u00c9der"}}]}},"jetpack_featured_media_url":"","jetpack_sharing_enabled":true,"_links":{"self":[{"href":"https:\/\/vanderloubet.com.br\/deputado\/wp-json\/wp\/v2\/posts\/4085","targetHints":{"allow":["GET"]}}],"collection":[{"href":"https:\/\/vanderloubet.com.br\/deputado\/wp-json\/wp\/v2\/posts"}],"about":[{"href":"https:\/\/vanderloubet.com.br\/deputado\/wp-json\/wp\/v2\/types\/post"}],"author":[{"embeddable":true,"href":"https:\/\/vanderloubet.com.br\/deputado\/wp-json\/wp\/v2\/users\/2"}],"replies":[{"embeddable":true,"href":"https:\/\/vanderloubet.com.br\/deputado\/wp-json\/wp\/v2\/comments?post=4085"}],"version-history":[{"count":0,"href":"https:\/\/vanderloubet.com.br\/deputado\/wp-json\/wp\/v2\/posts\/4085\/revisions"}],"wp:attachment":[{"href":"https:\/\/vanderloubet.com.br\/deputado\/wp-json\/wp\/v2\/media?parent=4085"}],"wp:term":[{"taxonomy":"category","embeddable":true,"href":"https:\/\/vanderloubet.com.br\/deputado\/wp-json\/wp\/v2\/categories?post=4085"},{"taxonomy":"post_tag","embeddable":true,"href":"https:\/\/vanderloubet.com.br\/deputado\/wp-json\/wp\/v2\/tags?post=4085"}],"curies":[{"name":"wp","href":"https:\/\/api.w.org\/{rel}","templated":true}]}}