{"id":4078,"date":"2011-11-26T19:56:22","date_gmt":"2011-11-26T23:56:22","guid":{"rendered":"http:\/\/www.deputadovander.com.br\/website\/?p=4078"},"modified":"2011-11-26T19:56:22","modified_gmt":"2011-11-26T23:56:22","slug":"saneamento-pac-garante-r-1196-milhoes-para-corumba","status":"publish","type":"post","link":"https:\/\/vanderloubet.com.br\/deputado\/saneamento-pac-garante-r-1196-milhoes-para-corumba\/","title":{"rendered":"Saneamento: PAC garante R$ 119,6 milh\u00f5es para Corumb\u00e1"},"content":{"rendered":"<figure id=\"attachment_4079\" aria-describedby=\"caption-attachment-4079\" style=\"width: 400px\" class=\"wp-caption aligncenter\"><a href=\"http:\/\/www.deputadovander.com.br\/website\/wp-content\/uploads\/2011\/11\/foto-2011-11-26-ete-maria-leite-corumba.jpg\" target=\"_blank\"><img decoding=\"async\" class=\"size-medium wp-image-4079  \" title=\"foto-2011-11-26-ete-maria-leite-corumba\" src=\"http:\/\/www.deputadovander.com.br\/website\/wp-content\/uploads\/2011\/11\/foto-2011-11-26-ete-maria-leite-corumba-400x266.jpg\" alt=\"Esta\u00e7\u00e3o de Tratamento de Esgoto (ETE) Maria Leite em Corumb\u00e1\" width=\"400\" height=\"266\" \/><\/a><figcaption id=\"caption-attachment-4079\" class=\"wp-caption-text\">Esta\u00e7\u00e3o de Tratamento de Esgoto (ETE) Maria Leite em Corumb\u00e1<\/figcaption><\/figure>\n<p>O governo do Estado e a Sanesul entregaram na sexta-feira (25) mais de R$ 70,8 milh\u00f5es em obras de saneamento em Corumb\u00e1. Ao todo, os investimentos no setor executados via Estado somam R$ 124 milh\u00f5es, sendo que R$ 81,9 milh\u00f5es (66%) s\u00e3o recursos do Plano de Acelera\u00e7\u00e3o do Crescimento (PAC) do governo federal. O PAC est\u00e1 investindo ainda outros R$ 32 milh\u00f5es em saneamento por meio da Prefeitura, totalizando 119,6 milh\u00f5es para o setor.<\/p>\n<p>Dentre as obras entregues est\u00e3o mais de oito mil liga\u00e7\u00f5es \u00e0 rede de esgoto, uma esta\u00e7\u00e3o de tratamento de esgoto (ETE Olaria), 165 quil\u00f4metros de rede e 7 esta\u00e7\u00f5es elevat\u00f3rias de esgoto. De acordo com o relat\u00f3rio do PAC, a meta \u00e9 chegar a 10,8 mil liga\u00e7\u00f5es e 205 km de rede coletora. A ETE Olaria vai trabalhar em conjunto com a ETE Maria Leite, obra tamb\u00e9m realizada com recursos do governo federal.<\/p>\n<p>Na ocasi\u00e3o da entrega das obras o prefeito Ruiter Cunha (PT) agradeceu ao ex-presidente Luiz In\u00e1cio Lula da Silva por ter inclu\u00eddo a Capital do Pantanal na primeira fase do PAC. &#8220;Quero refor\u00e7ar o grande esfor\u00e7o e a sensibilidade desta personalidade, que para mim foi um dos maiores estadistas deste pa\u00eds, o ex-presidente Lula, que come\u00e7ou o PAC e fez com que ele pudesse entrar em v\u00e1rias regi\u00f5es do Brasil, em especial, no nosso munic\u00edpio. Gra\u00e7as ao Lula tudo isso foi poss\u00edvel&#8221;, recordou.<\/p>\n<p>Com as obras, o saneamento em Corumb\u00e1 passar\u00e1 por uma revolu\u00e7\u00e3o, j\u00e1 que a coleta e o tratamento de esgoto v\u00e3o sair de 0% para 80% at\u00e9 o final das obras em 2014. Al\u00e9m disso, com as novas obras, toda a popula\u00e7\u00e3o ter\u00e1 acesso \u00e0 \u00e1gua tratada, at\u00e9 mesmo na parte alta da cidade.<\/p>\n<figure id=\"attachment_4081\" aria-describedby=\"caption-attachment-4081\" style=\"width: 400px\" class=\"wp-caption aligncenter\"><a href=\"http:\/\/www.deputadovander.com.br\/website\/wp-content\/uploads\/2011\/11\/foto-2011-11-26-pac-saneamento-corumba.jpg\" target=\"_blank\"><img decoding=\"async\" class=\"size-medium wp-image-4081 \" title=\"foto-2011-11-26-pac-saneamento-corumba\" src=\"http:\/\/www.deputadovander.com.br\/website\/wp-content\/uploads\/2011\/11\/foto-2011-11-26-pac-saneamento-corumba-400x271.jpg\" alt=\"Investimentos do PAC no saneamento de Corumb\u00e1\" width=\"400\" height=\"271\" \/><\/a><figcaption id=\"caption-attachment-4081\" class=\"wp-caption-text\">Investimentos do PAC no saneamento de Corumb\u00e1<\/figcaption><\/figure>\n<p><strong>Sucesso<\/strong><\/p>\n<p>Para o deputado federal Vander Loubet (PT-MS), o Programa de Acelera\u00e7\u00e3o do Crescimento \u00e9 um dos maiores, sen\u00e3o o maior, projeto de investimento j\u00e1 realizado no Pa\u00eds e a cada dia tem mostrado que \u00e9 um sucesso. &#8220;O ex-presidente Lula e a presidenta Dilma &#8211; quando ainda era ministra -, merecem todo o nosso reconhecimento. O Brasil nunca viu um programa com essas propor\u00e7\u00f5es. S\u00e3o investimentos em todas as \u00e1reas para, acima de tudo, desenvolver o Pa\u00eds e melhorar a qualidade de vida da popula\u00e7\u00e3o&#8221;, comemorou o deputado.<\/p>\n<p>&#8220;Em Corumb\u00e1, a quest\u00e3o do saneamento sempre foi motivo de preocupa\u00e7\u00e3o e agora, com todos esses recursos do governo federal sendo aplicados, o munic\u00edpio vai viver uma nova fase. O Ruiter e a nossa bancada do PT no Congresso est\u00e3o de parab\u00e9ns pelo excelente trabalho realizado&#8221;, concluiu o parlamentar.<\/p>\n<p><span style=\"font-size: 11px;\">(\u00c9der Yanaguita\/Assessoria Deputado Vander)<\/span><\/p>\n","protected":false},"excerpt":{"rendered":"<p>Vander destacou que a quest\u00e3o do saneamento em Corumb\u00e1 ser\u00e1 resolvida e que o PAC a cada dia mostra que \u00e9 um sucesso.<\/p>\n","protected":false},"author":2,"featured_media":0,"comment_status":"closed","ping_status":"open","sticky":false,"template":"","format":"standard","meta":{"jetpack_post_was_ever_published":false,"_jetpack_newsletter_access":"","_jetpack_dont_email_post_to_subs":false,"_jetpack_newsletter_tier_id":0,"_jetpack_memberships_contains_paywalled_content":false,"_jetpack_memberships_contains_paid_content":false,"footnotes":""},"categories":[10],"tags":[77,608,631,738,741,763,807,931,1178,1189,1336,1417,1445,1655,1690,1781,1782,1975,2033],"class_list":{"0":"post-4078","1":"post","2":"type-post","3":"status-publish","4":"format-standard","6":"category-noticias","7":"tag-agua","8":"tag-deputado","9":"tag-dilma","10":"tag-esgoto","11":"tag-estacao","12":"tag-ete","13":"tag-federal","14":"tag-governo","15":"tag-loubet","16":"tag-lula","17":"tag-ms","18":"tag-olaria","19":"tag-pac","20":"tag-pt","21":"tag-rede","22":"tag-saneamento","23":"tag-sanesul","24":"tag-tratamento","25":"tag-vander"},"yoast_head":"<!-- This site is optimized with the Yoast SEO plugin v27.4 - https:\/\/yoast.com\/product\/yoast-seo-wordpress\/ -->\n<title>Saneamento: PAC garante R$ 119,6 milh\u00f5es para Corumb\u00e1<\/title>\n<meta name=\"robots\" content=\"index, follow, max-snippet:-1, max-image-preview:large, max-video-preview:-1\" \/>\n<link rel=\"canonical\" href=\"http:\/\/vanderloubet.com.br\/deputado\/saneamento-pac-garante-r-1196-milhoes-para-corumba\/\" \/>\n<meta property=\"og:locale\" content=\"pt_BR\" \/>\n<meta property=\"og:type\" content=\"article\" \/>\n<meta property=\"og:title\" content=\"Saneamento: PAC garante R$ 119,6 milh\u00f5es para Corumb\u00e1\" \/>\n<meta property=\"og:description\" content=\"Vander destacou que a quest\u00e3o do saneamento em Corumb\u00e1 ser\u00e1 resolvida e que o PAC a cada dia mostra que \u00e9 um sucesso.\" \/>\n<meta property=\"og:url\" content=\"http:\/\/vanderloubet.com.br\/deputado\/saneamento-pac-garante-r-1196-milhoes-para-corumba\/\" \/>\n<meta property=\"og:site_name\" content=\"Deputado Federal Vander Loubet\" \/>\n<meta property=\"article:publisher\" content=\"https:\/\/facebook.com\/deputadovander\" \/>\n<meta property=\"article:published_time\" content=\"2011-11-26T23:56:22+00:00\" \/>\n<meta property=\"og:image\" content=\"http:\/\/www.deputadovander.com.br\/website\/wp-content\/uploads\/2011\/11\/foto-2011-11-26-ete-maria-leite-corumba-400x266.jpg\" \/>\n<meta name=\"author\" content=\"\u00c9der\" \/>\n<meta name=\"twitter:card\" content=\"summary_large_image\" \/>\n<meta name=\"twitter:creator\" content=\"@vanderloubet\" \/>\n<meta name=\"twitter:site\" content=\"@vanderloubet\" \/>\n<script type=\"application\/ld+json\" class=\"yoast-schema-graph\">{\"@context\":\"https:\\\/\\\/schema.org\",\"@graph\":[{\"@type\":\"Article\",\"@id\":\"http:\\\/\\\/vanderloubet.com.br\\\/deputado\\\/saneamento-pac-garante-r-1196-milhoes-para-corumba\\\/#article\",\"isPartOf\":{\"@id\":\"http:\\\/\\\/vanderloubet.com.br\\\/deputado\\\/saneamento-pac-garante-r-1196-milhoes-para-corumba\\\/\"},\"author\":{\"name\":\"\u00c9der\",\"@id\":\"https:\\\/\\\/vanderloubet.com.br\\\/deputado\\\/#\\\/schema\\\/person\\\/15b51bd564532a8a68d9dec1b8eb890e\"},\"headline\":\"Saneamento: PAC garante R$ 119,6 milh\u00f5es para Corumb\u00e1\",\"datePublished\":\"2011-11-26T23:56:22+00:00\",\"mainEntityOfPage\":{\"@id\":\"http:\\\/\\\/vanderloubet.com.br\\\/deputado\\\/saneamento-pac-garante-r-1196-milhoes-para-corumba\\\/\"},\"wordCount\":492,\"publisher\":{\"@id\":\"https:\\\/\\\/vanderloubet.com.br\\\/deputado\\\/#organization\"},\"image\":{\"@id\":\"http:\\\/\\\/vanderloubet.com.br\\\/deputado\\\/saneamento-pac-garante-r-1196-milhoes-para-corumba\\\/#primaryimage\"},\"thumbnailUrl\":\"http:\\\/\\\/www.deputadovander.com.br\\\/website\\\/wp-content\\\/uploads\\\/2011\\\/11\\\/foto-2011-11-26-ete-maria-leite-corumba-400x266.jpg\",\"keywords\":[\"\u00e1gua\",\"deputado\",\"dilma\",\"esgoto\",\"esta\u00e7\u00e3o\",\"ete\",\"federal\",\"governo\",\"loubet\",\"lula\",\"MS\",\"olaria\",\"pac\",\"PT\",\"rede\",\"saneamento\",\"sanesul\",\"tratamento\",\"vander\"],\"articleSection\":[\"Not\u00edcias\"],\"inLanguage\":\"pt-BR\"},{\"@type\":\"WebPage\",\"@id\":\"http:\\\/\\\/vanderloubet.com.br\\\/deputado\\\/saneamento-pac-garante-r-1196-milhoes-para-corumba\\\/\",\"url\":\"http:\\\/\\\/vanderloubet.com.br\\\/deputado\\\/saneamento-pac-garante-r-1196-milhoes-para-corumba\\\/\",\"name\":\"Saneamento: PAC garante R$ 119,6 milh\u00f5es para Corumb\u00e1\",\"isPartOf\":{\"@id\":\"https:\\\/\\\/vanderloubet.com.br\\\/deputado\\\/#website\"},\"primaryImageOfPage\":{\"@id\":\"http:\\\/\\\/vanderloubet.com.br\\\/deputado\\\/saneamento-pac-garante-r-1196-milhoes-para-corumba\\\/#primaryimage\"},\"image\":{\"@id\":\"http:\\\/\\\/vanderloubet.com.br\\\/deputado\\\/saneamento-pac-garante-r-1196-milhoes-para-corumba\\\/#primaryimage\"},\"thumbnailUrl\":\"http:\\\/\\\/www.deputadovander.com.br\\\/website\\\/wp-content\\\/uploads\\\/2011\\\/11\\\/foto-2011-11-26-ete-maria-leite-corumba-400x266.jpg\",\"datePublished\":\"2011-11-26T23:56:22+00:00\",\"breadcrumb\":{\"@id\":\"http:\\\/\\\/vanderloubet.com.br\\\/deputado\\\/saneamento-pac-garante-r-1196-milhoes-para-corumba\\\/#breadcrumb\"},\"inLanguage\":\"pt-BR\",\"potentialAction\":[{\"@type\":\"ReadAction\",\"target\":[\"http:\\\/\\\/vanderloubet.com.br\\\/deputado\\\/saneamento-pac-garante-r-1196-milhoes-para-corumba\\\/\"]}]},{\"@type\":\"ImageObject\",\"inLanguage\":\"pt-BR\",\"@id\":\"http:\\\/\\\/vanderloubet.com.br\\\/deputado\\\/saneamento-pac-garante-r-1196-milhoes-para-corumba\\\/#primaryimage\",\"url\":\"http:\\\/\\\/www.deputadovander.com.br\\\/website\\\/wp-content\\\/uploads\\\/2011\\\/11\\\/foto-2011-11-26-ete-maria-leite-corumba-400x266.jpg\",\"contentUrl\":\"http:\\\/\\\/www.deputadovander.com.br\\\/website\\\/wp-content\\\/uploads\\\/2011\\\/11\\\/foto-2011-11-26-ete-maria-leite-corumba-400x266.jpg\"},{\"@type\":\"BreadcrumbList\",\"@id\":\"http:\\\/\\\/vanderloubet.com.br\\\/deputado\\\/saneamento-pac-garante-r-1196-milhoes-para-corumba\\\/#breadcrumb\",\"itemListElement\":[{\"@type\":\"ListItem\",\"position\":1,\"name\":\"In\u00edcio\",\"item\":\"https:\\\/\\\/vanderloubet.com.br\\\/deputado\\\/\"},{\"@type\":\"ListItem\",\"position\":2,\"name\":\"Saneamento: PAC garante R$ 119,6 milh\u00f5es para Corumb\u00e1\"}]},{\"@type\":\"WebSite\",\"@id\":\"https:\\\/\\\/vanderloubet.com.br\\\/deputado\\\/#website\",\"url\":\"https:\\\/\\\/vanderloubet.com.br\\\/deputado\\\/\",\"name\":\"Deputado Federal Vander Loubet\",\"description\":\"O Federal de MS\",\"publisher\":{\"@id\":\"https:\\\/\\\/vanderloubet.com.br\\\/deputado\\\/#organization\"},\"alternateName\":\"Deputado Vander\",\"potentialAction\":[{\"@type\":\"SearchAction\",\"target\":{\"@type\":\"EntryPoint\",\"urlTemplate\":\"https:\\\/\\\/vanderloubet.com.br\\\/deputado\\\/?s={search_term_string}\"},\"query-input\":{\"@type\":\"PropertyValueSpecification\",\"valueRequired\":true,\"valueName\":\"search_term_string\"}}],\"inLanguage\":\"pt-BR\"},{\"@type\":\"Organization\",\"@id\":\"https:\\\/\\\/vanderloubet.com.br\\\/deputado\\\/#organization\",\"name\":\"Deputado Federal Vander Loubet\",\"alternateName\":\"Deputado Vander\",\"url\":\"https:\\\/\\\/vanderloubet.com.br\\\/deputado\\\/\",\"logo\":{\"@type\":\"ImageObject\",\"inLanguage\":\"pt-BR\",\"@id\":\"https:\\\/\\\/vanderloubet.com.br\\\/deputado\\\/#\\\/schema\\\/logo\\\/image\\\/\",\"url\":\"https:\\\/\\\/vanderloubet.com.br\\\/deputado\\\/wp-content\\\/uploads\\\/2023\\\/06\\\/foto-2023-06-19-mandato-deputado-vander.jpg\",\"contentUrl\":\"https:\\\/\\\/vanderloubet.com.br\\\/deputado\\\/wp-content\\\/uploads\\\/2023\\\/06\\\/foto-2023-06-19-mandato-deputado-vander.jpg\",\"width\":1080,\"height\":1080,\"caption\":\"Deputado Federal Vander Loubet\"},\"image\":{\"@id\":\"https:\\\/\\\/vanderloubet.com.br\\\/deputado\\\/#\\\/schema\\\/logo\\\/image\\\/\"},\"sameAs\":[\"https:\\\/\\\/facebook.com\\\/deputadovander\",\"https:\\\/\\\/x.com\\\/vanderloubet\",\"https:\\\/\\\/instagram.com\\\/vanderloubet\",\"https:\\\/\\\/youtube.com\\\/vanderloubet\",\"https:\\\/\\\/tiktok.com\\\/@vanderloubetms\"]},{\"@type\":\"Person\",\"@id\":\"https:\\\/\\\/vanderloubet.com.br\\\/deputado\\\/#\\\/schema\\\/person\\\/15b51bd564532a8a68d9dec1b8eb890e\",\"name\":\"\u00c9der\",\"image\":{\"@type\":\"ImageObject\",\"inLanguage\":\"pt-BR\",\"@id\":\"https:\\\/\\\/vanderloubet.com.br\\\/deputado\\\/wp-content\\\/litespeed\\\/avatar\\\/88ca4090d9d5ab1c9495f6ca03b68efa.jpg?ver=1777058957\",\"url\":\"https:\\\/\\\/vanderloubet.com.br\\\/deputado\\\/wp-content\\\/litespeed\\\/avatar\\\/88ca4090d9d5ab1c9495f6ca03b68efa.jpg?ver=1777058957\",\"contentUrl\":\"https:\\\/\\\/vanderloubet.com.br\\\/deputado\\\/wp-content\\\/litespeed\\\/avatar\\\/88ca4090d9d5ab1c9495f6ca03b68efa.jpg?ver=1777058957\",\"caption\":\"\u00c9der\"}}]}<\/script>\n<!-- \/ Yoast SEO plugin. -->","yoast_head_json":{"title":"Saneamento: PAC garante R$ 119,6 milh\u00f5es para Corumb\u00e1","robots":{"index":"index","follow":"follow","max-snippet":"max-snippet:-1","max-image-preview":"max-image-preview:large","max-video-preview":"max-video-preview:-1"},"canonical":"http:\/\/vanderloubet.com.br\/deputado\/saneamento-pac-garante-r-1196-milhoes-para-corumba\/","og_locale":"pt_BR","og_type":"article","og_title":"Saneamento: PAC garante R$ 119,6 milh\u00f5es para Corumb\u00e1","og_description":"Vander destacou que a quest\u00e3o do saneamento em Corumb\u00e1 ser\u00e1 resolvida e que o PAC a cada dia mostra que \u00e9 um sucesso.","og_url":"http:\/\/vanderloubet.com.br\/deputado\/saneamento-pac-garante-r-1196-milhoes-para-corumba\/","og_site_name":"Deputado Federal Vander Loubet","article_publisher":"https:\/\/facebook.com\/deputadovander","article_published_time":"2011-11-26T23:56:22+00:00","og_image":[{"url":"http:\/\/www.deputadovander.com.br\/website\/wp-content\/uploads\/2011\/11\/foto-2011-11-26-ete-maria-leite-corumba-400x266.jpg","type":"","width":"","height":""}],"author":"\u00c9der","twitter_card":"summary_large_image","twitter_creator":"@vanderloubet","twitter_site":"@vanderloubet","schema":{"@context":"https:\/\/schema.org","@graph":[{"@type":"Article","@id":"http:\/\/vanderloubet.com.br\/deputado\/saneamento-pac-garante-r-1196-milhoes-para-corumba\/#article","isPartOf":{"@id":"http:\/\/vanderloubet.com.br\/deputado\/saneamento-pac-garante-r-1196-milhoes-para-corumba\/"},"author":{"name":"\u00c9der","@id":"https:\/\/vanderloubet.com.br\/deputado\/#\/schema\/person\/15b51bd564532a8a68d9dec1b8eb890e"},"headline":"Saneamento: PAC garante R$ 119,6 milh\u00f5es para Corumb\u00e1","datePublished":"2011-11-26T23:56:22+00:00","mainEntityOfPage":{"@id":"http:\/\/vanderloubet.com.br\/deputado\/saneamento-pac-garante-r-1196-milhoes-para-corumba\/"},"wordCount":492,"publisher":{"@id":"https:\/\/vanderloubet.com.br\/deputado\/#organization"},"image":{"@id":"http:\/\/vanderloubet.com.br\/deputado\/saneamento-pac-garante-r-1196-milhoes-para-corumba\/#primaryimage"},"thumbnailUrl":"http:\/\/www.deputadovander.com.br\/website\/wp-content\/uploads\/2011\/11\/foto-2011-11-26-ete-maria-leite-corumba-400x266.jpg","keywords":["\u00e1gua","deputado","dilma","esgoto","esta\u00e7\u00e3o","ete","federal","governo","loubet","lula","MS","olaria","pac","PT","rede","saneamento","sanesul","tratamento","vander"],"articleSection":["Not\u00edcias"],"inLanguage":"pt-BR"},{"@type":"WebPage","@id":"http:\/\/vanderloubet.com.br\/deputado\/saneamento-pac-garante-r-1196-milhoes-para-corumba\/","url":"http:\/\/vanderloubet.com.br\/deputado\/saneamento-pac-garante-r-1196-milhoes-para-corumba\/","name":"Saneamento: PAC garante R$ 119,6 milh\u00f5es para Corumb\u00e1","isPartOf":{"@id":"https:\/\/vanderloubet.com.br\/deputado\/#website"},"primaryImageOfPage":{"@id":"http:\/\/vanderloubet.com.br\/deputado\/saneamento-pac-garante-r-1196-milhoes-para-corumba\/#primaryimage"},"image":{"@id":"http:\/\/vanderloubet.com.br\/deputado\/saneamento-pac-garante-r-1196-milhoes-para-corumba\/#primaryimage"},"thumbnailUrl":"http:\/\/www.deputadovander.com.br\/website\/wp-content\/uploads\/2011\/11\/foto-2011-11-26-ete-maria-leite-corumba-400x266.jpg","datePublished":"2011-11-26T23:56:22+00:00","breadcrumb":{"@id":"http:\/\/vanderloubet.com.br\/deputado\/saneamento-pac-garante-r-1196-milhoes-para-corumba\/#breadcrumb"},"inLanguage":"pt-BR","potentialAction":[{"@type":"ReadAction","target":["http:\/\/vanderloubet.com.br\/deputado\/saneamento-pac-garante-r-1196-milhoes-para-corumba\/"]}]},{"@type":"ImageObject","inLanguage":"pt-BR","@id":"http:\/\/vanderloubet.com.br\/deputado\/saneamento-pac-garante-r-1196-milhoes-para-corumba\/#primaryimage","url":"http:\/\/www.deputadovander.com.br\/website\/wp-content\/uploads\/2011\/11\/foto-2011-11-26-ete-maria-leite-corumba-400x266.jpg","contentUrl":"http:\/\/www.deputadovander.com.br\/website\/wp-content\/uploads\/2011\/11\/foto-2011-11-26-ete-maria-leite-corumba-400x266.jpg"},{"@type":"BreadcrumbList","@id":"http:\/\/vanderloubet.com.br\/deputado\/saneamento-pac-garante-r-1196-milhoes-para-corumba\/#breadcrumb","itemListElement":[{"@type":"ListItem","position":1,"name":"In\u00edcio","item":"https:\/\/vanderloubet.com.br\/deputado\/"},{"@type":"ListItem","position":2,"name":"Saneamento: PAC garante R$ 119,6 milh\u00f5es para Corumb\u00e1"}]},{"@type":"WebSite","@id":"https:\/\/vanderloubet.com.br\/deputado\/#website","url":"https:\/\/vanderloubet.com.br\/deputado\/","name":"Deputado Federal Vander Loubet","description":"O Federal de MS","publisher":{"@id":"https:\/\/vanderloubet.com.br\/deputado\/#organization"},"alternateName":"Deputado Vander","potentialAction":[{"@type":"SearchAction","target":{"@type":"EntryPoint","urlTemplate":"https:\/\/vanderloubet.com.br\/deputado\/?s={search_term_string}"},"query-input":{"@type":"PropertyValueSpecification","valueRequired":true,"valueName":"search_term_string"}}],"inLanguage":"pt-BR"},{"@type":"Organization","@id":"https:\/\/vanderloubet.com.br\/deputado\/#organization","name":"Deputado Federal Vander Loubet","alternateName":"Deputado Vander","url":"https:\/\/vanderloubet.com.br\/deputado\/","logo":{"@type":"ImageObject","inLanguage":"pt-BR","@id":"https:\/\/vanderloubet.com.br\/deputado\/#\/schema\/logo\/image\/","url":"https:\/\/vanderloubet.com.br\/deputado\/wp-content\/uploads\/2023\/06\/foto-2023-06-19-mandato-deputado-vander.jpg","contentUrl":"https:\/\/vanderloubet.com.br\/deputado\/wp-content\/uploads\/2023\/06\/foto-2023-06-19-mandato-deputado-vander.jpg","width":1080,"height":1080,"caption":"Deputado Federal Vander Loubet"},"image":{"@id":"https:\/\/vanderloubet.com.br\/deputado\/#\/schema\/logo\/image\/"},"sameAs":["https:\/\/facebook.com\/deputadovander","https:\/\/x.com\/vanderloubet","https:\/\/instagram.com\/vanderloubet","https:\/\/youtube.com\/vanderloubet","https:\/\/tiktok.com\/@vanderloubetms"]},{"@type":"Person","@id":"https:\/\/vanderloubet.com.br\/deputado\/#\/schema\/person\/15b51bd564532a8a68d9dec1b8eb890e","name":"\u00c9der","image":{"@type":"ImageObject","inLanguage":"pt-BR","@id":"https:\/\/vanderloubet.com.br\/deputado\/wp-content\/litespeed\/avatar\/88ca4090d9d5ab1c9495f6ca03b68efa.jpg?ver=1777058957","url":"https:\/\/vanderloubet.com.br\/deputado\/wp-content\/litespeed\/avatar\/88ca4090d9d5ab1c9495f6ca03b68efa.jpg?ver=1777058957","contentUrl":"https:\/\/vanderloubet.com.br\/deputado\/wp-content\/litespeed\/avatar\/88ca4090d9d5ab1c9495f6ca03b68efa.jpg?ver=1777058957","caption":"\u00c9der"}}]}},"jetpack_featured_media_url":"","jetpack_sharing_enabled":true,"_links":{"self":[{"href":"https:\/\/vanderloubet.com.br\/deputado\/wp-json\/wp\/v2\/posts\/4078","targetHints":{"allow":["GET"]}}],"collection":[{"href":"https:\/\/vanderloubet.com.br\/deputado\/wp-json\/wp\/v2\/posts"}],"about":[{"href":"https:\/\/vanderloubet.com.br\/deputado\/wp-json\/wp\/v2\/types\/post"}],"author":[{"embeddable":true,"href":"https:\/\/vanderloubet.com.br\/deputado\/wp-json\/wp\/v2\/users\/2"}],"replies":[{"embeddable":true,"href":"https:\/\/vanderloubet.com.br\/deputado\/wp-json\/wp\/v2\/comments?post=4078"}],"version-history":[{"count":0,"href":"https:\/\/vanderloubet.com.br\/deputado\/wp-json\/wp\/v2\/posts\/4078\/revisions"}],"wp:attachment":[{"href":"https:\/\/vanderloubet.com.br\/deputado\/wp-json\/wp\/v2\/media?parent=4078"}],"wp:term":[{"taxonomy":"category","embeddable":true,"href":"https:\/\/vanderloubet.com.br\/deputado\/wp-json\/wp\/v2\/categories?post=4078"},{"taxonomy":"post_tag","embeddable":true,"href":"https:\/\/vanderloubet.com.br\/deputado\/wp-json\/wp\/v2\/tags?post=4078"}],"curies":[{"name":"wp","href":"https:\/\/api.w.org\/{rel}","templated":true}]}}