{"id":4067,"date":"2011-11-25T12:58:24","date_gmt":"2011-11-25T16:58:24","guid":{"rendered":"http:\/\/www.deputadovander.com.br\/website\/?p=4067"},"modified":"2011-11-25T12:58:24","modified_gmt":"2011-11-25T16:58:24","slug":"carta-pede-protecao-policial-aos-povos-indigenas-de-ms","status":"publish","type":"post","link":"https:\/\/vanderloubet.com.br\/deputado\/carta-pede-protecao-policial-aos-povos-indigenas-de-ms\/","title":{"rendered":"Carta pede prote\u00e7\u00e3o policial aos povos ind\u00edgenas de MS"},"content":{"rendered":"<figure id=\"attachment_4068\" aria-describedby=\"caption-attachment-4068\" style=\"width: 400px\" class=\"wp-caption aligncenter\"><a href=\"http:\/\/www.deputadovander.com.br\/website\/wp-content\/uploads\/2011\/11\/foto-2011-11-25-vander-ato-alms.jpg\" target=\"_blank\"><img decoding=\"async\" class=\"size-medium wp-image-4068 \" title=\"foto-2011-11-25-vander-ato-alms\" src=\"http:\/\/www.deputadovander.com.br\/website\/wp-content\/uploads\/2011\/11\/foto-2011-11-25-vander-ato-alms-400x266.jpg\" alt=\"Vander no ato em defesa dos povos ind\u00edgenas (foto: Giuliano Lopes\/ALMS)\" width=\"400\" height=\"266\" \/><\/a><figcaption id=\"caption-attachment-4068\" class=\"wp-caption-text\">Vander no ato em defesa dos povos ind\u00edgenas (foto: Giuliano Lopes\/ALMS)<\/figcaption><\/figure>\n<p>O &#8220;Ato Contra a Impunidade e em Defesa dos Povos Ind\u00edgenas de Mato Grosso do Sul&#8221;, realizado nesta sexta-feira (25), no Plen\u00e1rio da Assembl\u00e9ia Legislativa, resultou em um documento com reivindica\u00e7\u00f5es para garantir a seguran\u00e7a e a puni\u00e7\u00e3o de criminosos envolvidos em atentados contra \u00edndios. O evento contou com a participa\u00e7\u00e3o do deputado federal Vander Loubet (PT-MS), dos deputados estaduais Pedro Kemp (PT) e Laerte Tetila (PT), de lideran\u00e7as ind\u00edgenas e religiosasa e de representantes de movimentos sociais.<\/p>\n<p>No documento &#8211; que ser\u00e1 encaminhado \u00e0 Presid\u00eancia da Rep\u00fablica, \u00e0 Funda\u00e7\u00e3o Nacional do \u00cdndio (Funai) e \u00e0s comiss\u00f5es de Direitos Humanos da C\u00e2mara dos Deputados e do Senado &#8211; as entidades da sociedade civil e os movimentos sociais pedem a garantia de uma for\u00e7a tarefa de prote\u00e7\u00e3o policial aos povos ind\u00edgenas de Mato Grosso do Sul contra as v\u00e1rias formas de viol\u00eancia praticadas contra a comunidade e suas lideran\u00e7as.<\/p>\n<p>Eles querem ainda que seja determinada interven\u00e7\u00e3o federal na regi\u00e3o com o objetivo de concluir as investiga\u00e7\u00f5es sobre o assassinato de lideran\u00e7as ind\u00edgenas e as demarca\u00e7\u00f5es de terras em Mato Grosso do Sul. Outro pedido \u00e9 que sejam publicados os relat\u00f3rios de identifica\u00e7\u00e3o das terras dos povos Kaiow\u00e1 e Guarani conforme a previs\u00e3o contida no TAC (Termo de Ajustamento de Conduta) assinado entre o MPF (Minist\u00e9rio P\u00fablico Federal) e a Funai.<\/p>\n<p>Os \u00edndios exigem ainda a conclus\u00e3o da investiga\u00e7\u00e3o pela morte de Nisio Gomes Neto, l\u00edder Kaiow\u00e1-Guarani . Ele desapareceu durante um atentado feito por pistoleiros contra os \u00edndios no \u00faltimo dia 18 em um acampamento na regi\u00e3o de Amambai. Segundo relato dos ind\u00edgenas, Nisio foi executado. As entidades tamb\u00e9m querem que sejam aprofundadas as investiga\u00e7\u00f5es sobre o sequestro de crian\u00e7as ind\u00edgenas ocorrido na mesma ocasi\u00e3o.<\/p>\n<p><strong>Seguran\u00e7a e legislativo<\/strong><\/p>\n<p>Para Vander, n\u00e3o se pode deixar de defender o direito dos \u00edndios \u00e0s terras, o que implica concordar com o processo de demarca\u00e7\u00e3o. No entanto, \u00e9 preciso fazer a ressalva de que as demarca\u00e7\u00f5es devam ser assistidas e mediadas administrativa e institucionalmente, se necess\u00e1rio com cobertura policial, para que a novela tenha um fim. &#8220;O que \u00e9 do \u00edndio fica com o \u00edndio, o que \u00e9 do fazendeiro fica com o fazendeiro&#8221;, destaca o deputado. &#8220;Ao mesmo tempo n\u00e3o podemos esquecer a import\u00e2ncia e o direito dos propriet\u00e1rios rurais legitima e legalmente assentados sobre \u00e1reas produtivas, pois eles tamb\u00e9m precisam de seguran\u00e7a jur\u00eddica para produzir&#8221;, completou.<\/p>\n<p>O parlamentar cr\u00ea ainda que seja indispens\u00e1vel o envolvimento do Poder Legislativo, em suas diferentes inst\u00e2ncias, nas demandas destinadas a apurar, levantar e diagnosticar as melhores solu\u00e7\u00f5es para o impasse fundi\u00e1rio. &#8220;Embora a quest\u00e3o ind\u00edgena seja primordialmente de compet\u00eancia do governo federal por meio da Funai, todos os entes do poder p\u00fablico podem e devem participar da busca por solu\u00e7\u00f5es para acabar com esses conflitos. Somente com a uni\u00e3o de esfor\u00e7os ser\u00e1 poss\u00edvel dar um encaminhamento satisfat\u00f3rio na resolu\u00e7\u00e3o dos problemas existentes&#8221;, finalizou.<\/p>\n<p><span style=\"font-size: 11px;\">(\u00c9der Yanaguita\/Assessoria Deputado Vander, com informa\u00e7\u00f5es da Assessoria\/ALMS)<\/span><\/p>\n","protected":false},"excerpt":{"rendered":"<p>Documento com reivindica\u00e7\u00f5es para a seguran\u00e7a dos povos ind\u00edgenas foi proposto em ato na Assembl\u00e9ia com presen\u00e7a de Vander.<\/p>\n","protected":false},"author":2,"featured_media":0,"comment_status":"closed","ping_status":"open","sticky":false,"template":"","format":"standard","meta":{"jetpack_post_was_ever_published":false,"_jetpack_newsletter_access":"","_jetpack_dont_email_post_to_subs":false,"_jetpack_newsletter_tier_id":0,"_jetpack_memberships_contains_paywalled_content":false,"_jetpack_memberships_contains_paid_content":false,"footnotes":""},"categories":[10],"tags":[193,209,588,608,807,882,1004,1017,1137,1178,1336,1593,1655,2033],"class_list":{"0":"post-4067","1":"post","2":"type-post","3":"status-publish","4":"format-standard","6":"category-noticias","7":"tag-assembleia","8":"tag-ato","9":"tag-defesa","10":"tag-deputado","11":"tag-federal","12":"tag-funai","13":"tag-impunidade","14":"tag-indigenas","15":"tag-legislativa","16":"tag-loubet","17":"tag-ms","18":"tag-povos","19":"tag-pt","20":"tag-vander"},"yoast_head":"<!-- This site is optimized with the Yoast SEO plugin v27.4 - https:\/\/yoast.com\/product\/yoast-seo-wordpress\/ -->\n<title>Carta pede prote\u00e7\u00e3o policial aos povos ind\u00edgenas de MS<\/title>\n<meta name=\"robots\" content=\"index, follow, max-snippet:-1, max-image-preview:large, max-video-preview:-1\" \/>\n<link rel=\"canonical\" href=\"https:\/\/vanderloubet.com.br\/deputado\/carta-pede-protecao-policial-aos-povos-indigenas-de-ms\/\" \/>\n<meta property=\"og:locale\" content=\"pt_BR\" \/>\n<meta property=\"og:type\" content=\"article\" \/>\n<meta property=\"og:title\" content=\"Carta pede prote\u00e7\u00e3o policial aos povos ind\u00edgenas de MS\" \/>\n<meta property=\"og:description\" content=\"Documento com reivindica\u00e7\u00f5es para a seguran\u00e7a dos povos ind\u00edgenas foi proposto em ato na Assembl\u00e9ia com presen\u00e7a de Vander.\" \/>\n<meta property=\"og:url\" content=\"https:\/\/vanderloubet.com.br\/deputado\/carta-pede-protecao-policial-aos-povos-indigenas-de-ms\/\" \/>\n<meta property=\"og:site_name\" content=\"Deputado Federal Vander Loubet\" \/>\n<meta property=\"article:publisher\" content=\"https:\/\/facebook.com\/deputadovander\" \/>\n<meta property=\"article:published_time\" content=\"2011-11-25T16:58:24+00:00\" \/>\n<meta property=\"og:image\" content=\"http:\/\/www.deputadovander.com.br\/website\/wp-content\/uploads\/2011\/11\/foto-2011-11-25-vander-ato-alms-400x266.jpg\" \/>\n<meta name=\"author\" content=\"\u00c9der\" \/>\n<meta name=\"twitter:card\" content=\"summary_large_image\" \/>\n<meta name=\"twitter:creator\" content=\"@vanderloubet\" \/>\n<meta name=\"twitter:site\" content=\"@vanderloubet\" \/>\n<script type=\"application\/ld+json\" class=\"yoast-schema-graph\">{\"@context\":\"https:\\\/\\\/schema.org\",\"@graph\":[{\"@type\":\"Article\",\"@id\":\"https:\\\/\\\/vanderloubet.com.br\\\/deputado\\\/carta-pede-protecao-policial-aos-povos-indigenas-de-ms\\\/#article\",\"isPartOf\":{\"@id\":\"https:\\\/\\\/vanderloubet.com.br\\\/deputado\\\/carta-pede-protecao-policial-aos-povos-indigenas-de-ms\\\/\"},\"author\":{\"name\":\"\u00c9der\",\"@id\":\"https:\\\/\\\/vanderloubet.com.br\\\/deputado\\\/#\\\/schema\\\/person\\\/15b51bd564532a8a68d9dec1b8eb890e\"},\"headline\":\"Carta pede prote\u00e7\u00e3o policial aos povos ind\u00edgenas de MS\",\"datePublished\":\"2011-11-25T16:58:24+00:00\",\"mainEntityOfPage\":{\"@id\":\"https:\\\/\\\/vanderloubet.com.br\\\/deputado\\\/carta-pede-protecao-policial-aos-povos-indigenas-de-ms\\\/\"},\"wordCount\":577,\"publisher\":{\"@id\":\"https:\\\/\\\/vanderloubet.com.br\\\/deputado\\\/#organization\"},\"image\":{\"@id\":\"https:\\\/\\\/vanderloubet.com.br\\\/deputado\\\/carta-pede-protecao-policial-aos-povos-indigenas-de-ms\\\/#primaryimage\"},\"thumbnailUrl\":\"http:\\\/\\\/www.deputadovander.com.br\\\/website\\\/wp-content\\\/uploads\\\/2011\\\/11\\\/foto-2011-11-25-vander-ato-alms-400x266.jpg\",\"keywords\":[\"assembl\u00e9ia\",\"ato\",\"defesa\",\"deputado\",\"federal\",\"funai\",\"impunidade\",\"ind\u00edgenas\",\"legislativa\",\"loubet\",\"MS\",\"povos\",\"PT\",\"vander\"],\"articleSection\":[\"Not\u00edcias\"],\"inLanguage\":\"pt-BR\"},{\"@type\":\"WebPage\",\"@id\":\"https:\\\/\\\/vanderloubet.com.br\\\/deputado\\\/carta-pede-protecao-policial-aos-povos-indigenas-de-ms\\\/\",\"url\":\"https:\\\/\\\/vanderloubet.com.br\\\/deputado\\\/carta-pede-protecao-policial-aos-povos-indigenas-de-ms\\\/\",\"name\":\"Carta pede prote\u00e7\u00e3o policial aos povos ind\u00edgenas de MS\",\"isPartOf\":{\"@id\":\"https:\\\/\\\/vanderloubet.com.br\\\/deputado\\\/#website\"},\"primaryImageOfPage\":{\"@id\":\"https:\\\/\\\/vanderloubet.com.br\\\/deputado\\\/carta-pede-protecao-policial-aos-povos-indigenas-de-ms\\\/#primaryimage\"},\"image\":{\"@id\":\"https:\\\/\\\/vanderloubet.com.br\\\/deputado\\\/carta-pede-protecao-policial-aos-povos-indigenas-de-ms\\\/#primaryimage\"},\"thumbnailUrl\":\"http:\\\/\\\/www.deputadovander.com.br\\\/website\\\/wp-content\\\/uploads\\\/2011\\\/11\\\/foto-2011-11-25-vander-ato-alms-400x266.jpg\",\"datePublished\":\"2011-11-25T16:58:24+00:00\",\"breadcrumb\":{\"@id\":\"https:\\\/\\\/vanderloubet.com.br\\\/deputado\\\/carta-pede-protecao-policial-aos-povos-indigenas-de-ms\\\/#breadcrumb\"},\"inLanguage\":\"pt-BR\",\"potentialAction\":[{\"@type\":\"ReadAction\",\"target\":[\"https:\\\/\\\/vanderloubet.com.br\\\/deputado\\\/carta-pede-protecao-policial-aos-povos-indigenas-de-ms\\\/\"]}]},{\"@type\":\"ImageObject\",\"inLanguage\":\"pt-BR\",\"@id\":\"https:\\\/\\\/vanderloubet.com.br\\\/deputado\\\/carta-pede-protecao-policial-aos-povos-indigenas-de-ms\\\/#primaryimage\",\"url\":\"http:\\\/\\\/www.deputadovander.com.br\\\/website\\\/wp-content\\\/uploads\\\/2011\\\/11\\\/foto-2011-11-25-vander-ato-alms-400x266.jpg\",\"contentUrl\":\"http:\\\/\\\/www.deputadovander.com.br\\\/website\\\/wp-content\\\/uploads\\\/2011\\\/11\\\/foto-2011-11-25-vander-ato-alms-400x266.jpg\"},{\"@type\":\"BreadcrumbList\",\"@id\":\"https:\\\/\\\/vanderloubet.com.br\\\/deputado\\\/carta-pede-protecao-policial-aos-povos-indigenas-de-ms\\\/#breadcrumb\",\"itemListElement\":[{\"@type\":\"ListItem\",\"position\":1,\"name\":\"In\u00edcio\",\"item\":\"https:\\\/\\\/vanderloubet.com.br\\\/deputado\\\/\"},{\"@type\":\"ListItem\",\"position\":2,\"name\":\"Carta pede prote\u00e7\u00e3o policial aos povos ind\u00edgenas de MS\"}]},{\"@type\":\"WebSite\",\"@id\":\"https:\\\/\\\/vanderloubet.com.br\\\/deputado\\\/#website\",\"url\":\"https:\\\/\\\/vanderloubet.com.br\\\/deputado\\\/\",\"name\":\"Deputado Federal Vander Loubet\",\"description\":\"O Federal de MS\",\"publisher\":{\"@id\":\"https:\\\/\\\/vanderloubet.com.br\\\/deputado\\\/#organization\"},\"alternateName\":\"Deputado Vander\",\"potentialAction\":[{\"@type\":\"SearchAction\",\"target\":{\"@type\":\"EntryPoint\",\"urlTemplate\":\"https:\\\/\\\/vanderloubet.com.br\\\/deputado\\\/?s={search_term_string}\"},\"query-input\":{\"@type\":\"PropertyValueSpecification\",\"valueRequired\":true,\"valueName\":\"search_term_string\"}}],\"inLanguage\":\"pt-BR\"},{\"@type\":\"Organization\",\"@id\":\"https:\\\/\\\/vanderloubet.com.br\\\/deputado\\\/#organization\",\"name\":\"Deputado Federal Vander Loubet\",\"alternateName\":\"Deputado Vander\",\"url\":\"https:\\\/\\\/vanderloubet.com.br\\\/deputado\\\/\",\"logo\":{\"@type\":\"ImageObject\",\"inLanguage\":\"pt-BR\",\"@id\":\"https:\\\/\\\/vanderloubet.com.br\\\/deputado\\\/#\\\/schema\\\/logo\\\/image\\\/\",\"url\":\"https:\\\/\\\/vanderloubet.com.br\\\/deputado\\\/wp-content\\\/uploads\\\/2023\\\/06\\\/foto-2023-06-19-mandato-deputado-vander.jpg\",\"contentUrl\":\"https:\\\/\\\/vanderloubet.com.br\\\/deputado\\\/wp-content\\\/uploads\\\/2023\\\/06\\\/foto-2023-06-19-mandato-deputado-vander.jpg\",\"width\":1080,\"height\":1080,\"caption\":\"Deputado Federal Vander Loubet\"},\"image\":{\"@id\":\"https:\\\/\\\/vanderloubet.com.br\\\/deputado\\\/#\\\/schema\\\/logo\\\/image\\\/\"},\"sameAs\":[\"https:\\\/\\\/facebook.com\\\/deputadovander\",\"https:\\\/\\\/x.com\\\/vanderloubet\",\"https:\\\/\\\/instagram.com\\\/vanderloubet\",\"https:\\\/\\\/youtube.com\\\/vanderloubet\",\"https:\\\/\\\/tiktok.com\\\/@vanderloubetms\"]},{\"@type\":\"Person\",\"@id\":\"https:\\\/\\\/vanderloubet.com.br\\\/deputado\\\/#\\\/schema\\\/person\\\/15b51bd564532a8a68d9dec1b8eb890e\",\"name\":\"\u00c9der\",\"image\":{\"@type\":\"ImageObject\",\"inLanguage\":\"pt-BR\",\"@id\":\"https:\\\/\\\/vanderloubet.com.br\\\/deputado\\\/wp-content\\\/litespeed\\\/avatar\\\/88ca4090d9d5ab1c9495f6ca03b68efa.jpg?ver=1777058957\",\"url\":\"https:\\\/\\\/vanderloubet.com.br\\\/deputado\\\/wp-content\\\/litespeed\\\/avatar\\\/88ca4090d9d5ab1c9495f6ca03b68efa.jpg?ver=1777058957\",\"contentUrl\":\"https:\\\/\\\/vanderloubet.com.br\\\/deputado\\\/wp-content\\\/litespeed\\\/avatar\\\/88ca4090d9d5ab1c9495f6ca03b68efa.jpg?ver=1777058957\",\"caption\":\"\u00c9der\"}}]}<\/script>\n<!-- \/ Yoast SEO plugin. -->","yoast_head_json":{"title":"Carta pede prote\u00e7\u00e3o policial aos povos ind\u00edgenas de MS","robots":{"index":"index","follow":"follow","max-snippet":"max-snippet:-1","max-image-preview":"max-image-preview:large","max-video-preview":"max-video-preview:-1"},"canonical":"https:\/\/vanderloubet.com.br\/deputado\/carta-pede-protecao-policial-aos-povos-indigenas-de-ms\/","og_locale":"pt_BR","og_type":"article","og_title":"Carta pede prote\u00e7\u00e3o policial aos povos ind\u00edgenas de MS","og_description":"Documento com reivindica\u00e7\u00f5es para a seguran\u00e7a dos povos ind\u00edgenas foi proposto em ato na Assembl\u00e9ia com presen\u00e7a de Vander.","og_url":"https:\/\/vanderloubet.com.br\/deputado\/carta-pede-protecao-policial-aos-povos-indigenas-de-ms\/","og_site_name":"Deputado Federal Vander Loubet","article_publisher":"https:\/\/facebook.com\/deputadovander","article_published_time":"2011-11-25T16:58:24+00:00","og_image":[{"url":"http:\/\/www.deputadovander.com.br\/website\/wp-content\/uploads\/2011\/11\/foto-2011-11-25-vander-ato-alms-400x266.jpg","type":"","width":"","height":""}],"author":"\u00c9der","twitter_card":"summary_large_image","twitter_creator":"@vanderloubet","twitter_site":"@vanderloubet","schema":{"@context":"https:\/\/schema.org","@graph":[{"@type":"Article","@id":"https:\/\/vanderloubet.com.br\/deputado\/carta-pede-protecao-policial-aos-povos-indigenas-de-ms\/#article","isPartOf":{"@id":"https:\/\/vanderloubet.com.br\/deputado\/carta-pede-protecao-policial-aos-povos-indigenas-de-ms\/"},"author":{"name":"\u00c9der","@id":"https:\/\/vanderloubet.com.br\/deputado\/#\/schema\/person\/15b51bd564532a8a68d9dec1b8eb890e"},"headline":"Carta pede prote\u00e7\u00e3o policial aos povos ind\u00edgenas de MS","datePublished":"2011-11-25T16:58:24+00:00","mainEntityOfPage":{"@id":"https:\/\/vanderloubet.com.br\/deputado\/carta-pede-protecao-policial-aos-povos-indigenas-de-ms\/"},"wordCount":577,"publisher":{"@id":"https:\/\/vanderloubet.com.br\/deputado\/#organization"},"image":{"@id":"https:\/\/vanderloubet.com.br\/deputado\/carta-pede-protecao-policial-aos-povos-indigenas-de-ms\/#primaryimage"},"thumbnailUrl":"http:\/\/www.deputadovander.com.br\/website\/wp-content\/uploads\/2011\/11\/foto-2011-11-25-vander-ato-alms-400x266.jpg","keywords":["assembl\u00e9ia","ato","defesa","deputado","federal","funai","impunidade","ind\u00edgenas","legislativa","loubet","MS","povos","PT","vander"],"articleSection":["Not\u00edcias"],"inLanguage":"pt-BR"},{"@type":"WebPage","@id":"https:\/\/vanderloubet.com.br\/deputado\/carta-pede-protecao-policial-aos-povos-indigenas-de-ms\/","url":"https:\/\/vanderloubet.com.br\/deputado\/carta-pede-protecao-policial-aos-povos-indigenas-de-ms\/","name":"Carta pede prote\u00e7\u00e3o policial aos povos ind\u00edgenas de MS","isPartOf":{"@id":"https:\/\/vanderloubet.com.br\/deputado\/#website"},"primaryImageOfPage":{"@id":"https:\/\/vanderloubet.com.br\/deputado\/carta-pede-protecao-policial-aos-povos-indigenas-de-ms\/#primaryimage"},"image":{"@id":"https:\/\/vanderloubet.com.br\/deputado\/carta-pede-protecao-policial-aos-povos-indigenas-de-ms\/#primaryimage"},"thumbnailUrl":"http:\/\/www.deputadovander.com.br\/website\/wp-content\/uploads\/2011\/11\/foto-2011-11-25-vander-ato-alms-400x266.jpg","datePublished":"2011-11-25T16:58:24+00:00","breadcrumb":{"@id":"https:\/\/vanderloubet.com.br\/deputado\/carta-pede-protecao-policial-aos-povos-indigenas-de-ms\/#breadcrumb"},"inLanguage":"pt-BR","potentialAction":[{"@type":"ReadAction","target":["https:\/\/vanderloubet.com.br\/deputado\/carta-pede-protecao-policial-aos-povos-indigenas-de-ms\/"]}]},{"@type":"ImageObject","inLanguage":"pt-BR","@id":"https:\/\/vanderloubet.com.br\/deputado\/carta-pede-protecao-policial-aos-povos-indigenas-de-ms\/#primaryimage","url":"http:\/\/www.deputadovander.com.br\/website\/wp-content\/uploads\/2011\/11\/foto-2011-11-25-vander-ato-alms-400x266.jpg","contentUrl":"http:\/\/www.deputadovander.com.br\/website\/wp-content\/uploads\/2011\/11\/foto-2011-11-25-vander-ato-alms-400x266.jpg"},{"@type":"BreadcrumbList","@id":"https:\/\/vanderloubet.com.br\/deputado\/carta-pede-protecao-policial-aos-povos-indigenas-de-ms\/#breadcrumb","itemListElement":[{"@type":"ListItem","position":1,"name":"In\u00edcio","item":"https:\/\/vanderloubet.com.br\/deputado\/"},{"@type":"ListItem","position":2,"name":"Carta pede prote\u00e7\u00e3o policial aos povos ind\u00edgenas de MS"}]},{"@type":"WebSite","@id":"https:\/\/vanderloubet.com.br\/deputado\/#website","url":"https:\/\/vanderloubet.com.br\/deputado\/","name":"Deputado Federal Vander Loubet","description":"O Federal de MS","publisher":{"@id":"https:\/\/vanderloubet.com.br\/deputado\/#organization"},"alternateName":"Deputado Vander","potentialAction":[{"@type":"SearchAction","target":{"@type":"EntryPoint","urlTemplate":"https:\/\/vanderloubet.com.br\/deputado\/?s={search_term_string}"},"query-input":{"@type":"PropertyValueSpecification","valueRequired":true,"valueName":"search_term_string"}}],"inLanguage":"pt-BR"},{"@type":"Organization","@id":"https:\/\/vanderloubet.com.br\/deputado\/#organization","name":"Deputado Federal Vander Loubet","alternateName":"Deputado Vander","url":"https:\/\/vanderloubet.com.br\/deputado\/","logo":{"@type":"ImageObject","inLanguage":"pt-BR","@id":"https:\/\/vanderloubet.com.br\/deputado\/#\/schema\/logo\/image\/","url":"https:\/\/vanderloubet.com.br\/deputado\/wp-content\/uploads\/2023\/06\/foto-2023-06-19-mandato-deputado-vander.jpg","contentUrl":"https:\/\/vanderloubet.com.br\/deputado\/wp-content\/uploads\/2023\/06\/foto-2023-06-19-mandato-deputado-vander.jpg","width":1080,"height":1080,"caption":"Deputado Federal Vander Loubet"},"image":{"@id":"https:\/\/vanderloubet.com.br\/deputado\/#\/schema\/logo\/image\/"},"sameAs":["https:\/\/facebook.com\/deputadovander","https:\/\/x.com\/vanderloubet","https:\/\/instagram.com\/vanderloubet","https:\/\/youtube.com\/vanderloubet","https:\/\/tiktok.com\/@vanderloubetms"]},{"@type":"Person","@id":"https:\/\/vanderloubet.com.br\/deputado\/#\/schema\/person\/15b51bd564532a8a68d9dec1b8eb890e","name":"\u00c9der","image":{"@type":"ImageObject","inLanguage":"pt-BR","@id":"https:\/\/vanderloubet.com.br\/deputado\/wp-content\/litespeed\/avatar\/88ca4090d9d5ab1c9495f6ca03b68efa.jpg?ver=1777058957","url":"https:\/\/vanderloubet.com.br\/deputado\/wp-content\/litespeed\/avatar\/88ca4090d9d5ab1c9495f6ca03b68efa.jpg?ver=1777058957","contentUrl":"https:\/\/vanderloubet.com.br\/deputado\/wp-content\/litespeed\/avatar\/88ca4090d9d5ab1c9495f6ca03b68efa.jpg?ver=1777058957","caption":"\u00c9der"}}]}},"jetpack_featured_media_url":"","jetpack_sharing_enabled":true,"_links":{"self":[{"href":"https:\/\/vanderloubet.com.br\/deputado\/wp-json\/wp\/v2\/posts\/4067","targetHints":{"allow":["GET"]}}],"collection":[{"href":"https:\/\/vanderloubet.com.br\/deputado\/wp-json\/wp\/v2\/posts"}],"about":[{"href":"https:\/\/vanderloubet.com.br\/deputado\/wp-json\/wp\/v2\/types\/post"}],"author":[{"embeddable":true,"href":"https:\/\/vanderloubet.com.br\/deputado\/wp-json\/wp\/v2\/users\/2"}],"replies":[{"embeddable":true,"href":"https:\/\/vanderloubet.com.br\/deputado\/wp-json\/wp\/v2\/comments?post=4067"}],"version-history":[{"count":0,"href":"https:\/\/vanderloubet.com.br\/deputado\/wp-json\/wp\/v2\/posts\/4067\/revisions"}],"wp:attachment":[{"href":"https:\/\/vanderloubet.com.br\/deputado\/wp-json\/wp\/v2\/media?parent=4067"}],"wp:term":[{"taxonomy":"category","embeddable":true,"href":"https:\/\/vanderloubet.com.br\/deputado\/wp-json\/wp\/v2\/categories?post=4067"},{"taxonomy":"post_tag","embeddable":true,"href":"https:\/\/vanderloubet.com.br\/deputado\/wp-json\/wp\/v2\/tags?post=4067"}],"curies":[{"name":"wp","href":"https:\/\/api.w.org\/{rel}","templated":true}]}}