{"id":4061,"date":"2011-11-23T18:47:53","date_gmt":"2011-11-23T22:47:53","guid":{"rendered":"http:\/\/www.deputadovander.com.br\/website\/?p=4061"},"modified":"2011-11-23T18:47:53","modified_gmt":"2011-11-23T22:47:53","slug":"vander-cultura-perde-com-helo-um-de-seus-grandes-baluartes","status":"publish","type":"post","link":"https:\/\/vanderloubet.com.br\/deputado\/vander-cultura-perde-com-helo-um-de-seus-grandes-baluartes\/","title":{"rendered":"Vander: cultura perde com Hel\u00f4 um de seus grandes baluartes"},"content":{"rendered":"<figure id=\"attachment_4062\" aria-describedby=\"caption-attachment-4062\" style=\"width: 400px\" class=\"wp-caption aligncenter\"><a href=\"http:\/\/www.deputadovander.com.br\/website\/wp-content\/uploads\/2011\/11\/foto-2011-11-23-heloisa-helena-costa-urt.jpg\" target=\"_blank\"><img decoding=\"async\" class=\"size-medium wp-image-4062 \" title=\"foto-2011-11-23-heloisa-helena-costa-urt\" src=\"http:\/\/www.deputadovander.com.br\/website\/wp-content\/uploads\/2011\/11\/foto-2011-11-23-heloisa-helena-costa-urt-400x300.jpg\" alt=\"Helo\u00edsa da Costa Urt, em maio deste ano (foto: Di\u00e1rio Corumbaense)\" width=\"400\" height=\"300\" \/><\/a><figcaption id=\"caption-attachment-4062\" class=\"wp-caption-text\">Helo\u00edsa da Costa Urt, em maio deste ano (foto: Di\u00e1rio Corumbaense)<\/figcaption><\/figure>\n<p>&#8220;A morte da companheira Hel\u00f4 entristece e p\u00f5e de luto n\u00e3o s\u00f3 a cidade de Corumb\u00e1, mas todo o Mato Grosso do Sul, o Brasil e os meios culturais do continente que, em diversas iniciativas, testemunharam a garra e o amor dessa guerreira das causas da arte, da cidadania, da paz e da democracia&#8221;. Foi o que afirmou o deputado federal Vander Loubet (PT-MS) ao ser informado do falecimento &#8211; nesta quarta-feira (23) &#8211; da correligion\u00e1ria e amiga Helo\u00edsa Helena da Costa Urt, corumbaense, diretora-presidenta da Funda\u00e7\u00e3o de Cultura e Turismo do Pantanal, que nas duas gest\u00f5es do prefeito Ruiter Cunha (PT) comandou as pol\u00edticas p\u00fablicas da cultura local.<\/p>\n<p>Helo\u00edsa se sentiu mal pela manh\u00e3 e foi internada. No fim da tarde teve um infarto, quando ainda estava no Centro de Tratamento Intensivo (CTI) do Hospital da Caridade de Corumb\u00e1, e n\u00e3o resistiu.<\/p>\n<p>Triste, Vander lembra que o protagonismo de Helo\u00edsa Urt estava acima dos limites partid\u00e1rios e pol\u00edticos &#8220;porque ela buscava sempre, com sua compreens\u00e3o de sociedade, um mundo plural e universalizado na democracia e na liberdade das diversas manifesta\u00e7\u00f5es do povo&#8221;. Para o deputado, o prefeito Ruiter e sua administra\u00e7\u00e3o perderam o conv\u00edvio f\u00edsico com uma pessoa extraordin\u00e1ria e uma auxiliar not\u00e1vel, mas ficaram exemplos e iniciativas &#8220;que, por certo, ser\u00e3o seguidas e fortalecidas pelas gest\u00f5es que se suceder\u00e3o&#8221;.<\/p>\n<p>Vander Loubet destaca a presen\u00e7a efetiva de Hel\u00f4, como era conhecida, na promo\u00e7\u00e3o das artes regionais e na realiza\u00e7\u00e3o de iniciativas que procuravam valorizar todos os segmentos de cultura e em todas as dimens\u00f5es. &#8220;Ela dava a mesma import\u00e2ncia \u00e0 viola de cocho do mestre Severino e ao brilho midi\u00e1tico dos festivais da Am\u00e9rica do Sul e das \u00c1guas, era quem tinha a sensibilidade aflorada para promover e se encantar com o poder de cria\u00e7\u00e3o de um Jorapimo, de uma \u00edndia guat\u00f3 ou de artistas an\u00f4nimos da sua querida regi\u00e3o pantaneira&#8221;, concluiu o parlamentar.<\/p>\n<p><span style=\"font-size: 11px;\">(Edson Moraes e \u00c9der Yanaguita\/Assessoria Deputado Vander)<\/span><\/p>\n","protected":false},"excerpt":{"rendered":"<p>Presidenta da Funda\u00e7\u00e3o de Cultura do Pantanal foi grande promotora das artes regionais e da valoriza\u00e7\u00e3o dos segmentos culturais.<\/p>\n","protected":false},"author":2,"featured_media":0,"comment_status":"closed","ping_status":"open","sticky":false,"template":"","format":"standard","meta":{"jetpack_post_was_ever_published":false,"_jetpack_newsletter_access":"","_jetpack_dont_email_post_to_subs":false,"_jetpack_newsletter_tier_id":0,"_jetpack_memberships_contains_paywalled_content":false,"_jetpack_memberships_contains_paid_content":false,"footnotes":""},"categories":[10],"tags":[538,540,562,563,608,791,807,887,961,963,1178,1322,1336,1463,1609,1655,1766,2019,2033],"class_list":{"0":"post-4061","1":"post","2":"type-post","3":"status-publish","4":"format-standard","6":"category-noticias","7":"tag-corumba","8":"tag-costa","9":"tag-cultura","10":"tag-cunha","11":"tag-deputado","12":"tag-falecimento","13":"tag-federal","14":"tag-fundacao","15":"tag-helena","16":"tag-heloisa","17":"tag-loubet","18":"tag-morte","19":"tag-ms","20":"tag-pantanal","21":"tag-prefeitura","22":"tag-pt","23":"tag-ruiter","24":"tag-urt","25":"tag-vander"},"yoast_head":"<!-- This site is optimized with the Yoast SEO plugin v27.4 - https:\/\/yoast.com\/product\/yoast-seo-wordpress\/ -->\n<title>Vander: cultura perde com Hel\u00f4 um de seus grandes baluartes<\/title>\n<meta name=\"robots\" content=\"index, follow, max-snippet:-1, max-image-preview:large, max-video-preview:-1\" \/>\n<link rel=\"canonical\" href=\"https:\/\/vanderloubet.com.br\/deputado\/vander-cultura-perde-com-helo-um-de-seus-grandes-baluartes\/\" \/>\n<meta property=\"og:locale\" content=\"pt_BR\" \/>\n<meta property=\"og:type\" content=\"article\" \/>\n<meta property=\"og:title\" content=\"Vander: cultura perde com Hel\u00f4 um de seus grandes baluartes\" \/>\n<meta property=\"og:description\" content=\"Presidenta da Funda\u00e7\u00e3o de Cultura do Pantanal foi grande promotora das artes regionais e da valoriza\u00e7\u00e3o dos segmentos culturais.\" \/>\n<meta property=\"og:url\" content=\"https:\/\/vanderloubet.com.br\/deputado\/vander-cultura-perde-com-helo-um-de-seus-grandes-baluartes\/\" \/>\n<meta property=\"og:site_name\" content=\"Deputado Federal Vander Loubet\" \/>\n<meta property=\"article:publisher\" content=\"https:\/\/facebook.com\/deputadovander\" \/>\n<meta property=\"article:published_time\" content=\"2011-11-23T22:47:53+00:00\" \/>\n<meta property=\"og:image\" content=\"http:\/\/www.deputadovander.com.br\/website\/wp-content\/uploads\/2011\/11\/foto-2011-11-23-heloisa-helena-costa-urt-400x300.jpg\" \/>\n<meta name=\"author\" content=\"\u00c9der\" \/>\n<meta name=\"twitter:card\" content=\"summary_large_image\" \/>\n<meta name=\"twitter:creator\" content=\"@vanderloubet\" \/>\n<meta name=\"twitter:site\" content=\"@vanderloubet\" \/>\n<script type=\"application\/ld+json\" class=\"yoast-schema-graph\">{\"@context\":\"https:\\\/\\\/schema.org\",\"@graph\":[{\"@type\":\"Article\",\"@id\":\"https:\\\/\\\/vanderloubet.com.br\\\/deputado\\\/vander-cultura-perde-com-helo-um-de-seus-grandes-baluartes\\\/#article\",\"isPartOf\":{\"@id\":\"https:\\\/\\\/vanderloubet.com.br\\\/deputado\\\/vander-cultura-perde-com-helo-um-de-seus-grandes-baluartes\\\/\"},\"author\":{\"name\":\"\u00c9der\",\"@id\":\"https:\\\/\\\/vanderloubet.com.br\\\/deputado\\\/#\\\/schema\\\/person\\\/15b51bd564532a8a68d9dec1b8eb890e\"},\"headline\":\"Vander: cultura perde com Hel\u00f4 um de seus grandes baluartes\",\"datePublished\":\"2011-11-23T22:47:53+00:00\",\"mainEntityOfPage\":{\"@id\":\"https:\\\/\\\/vanderloubet.com.br\\\/deputado\\\/vander-cultura-perde-com-helo-um-de-seus-grandes-baluartes\\\/\"},\"wordCount\":385,\"publisher\":{\"@id\":\"https:\\\/\\\/vanderloubet.com.br\\\/deputado\\\/#organization\"},\"image\":{\"@id\":\"https:\\\/\\\/vanderloubet.com.br\\\/deputado\\\/vander-cultura-perde-com-helo-um-de-seus-grandes-baluartes\\\/#primaryimage\"},\"thumbnailUrl\":\"http:\\\/\\\/www.deputadovander.com.br\\\/website\\\/wp-content\\\/uploads\\\/2011\\\/11\\\/foto-2011-11-23-heloisa-helena-costa-urt-400x300.jpg\",\"keywords\":[\"corumb\u00e1\",\"costa\",\"cultura\",\"cunha\",\"deputado\",\"falecimento\",\"federal\",\"funda\u00e7\u00e3o\",\"helena\",\"helo\u00edsa\",\"loubet\",\"morte\",\"MS\",\"pantanal\",\"prefeitura\",\"PT\",\"ruiter\",\"urt\",\"vander\"],\"articleSection\":[\"Not\u00edcias\"],\"inLanguage\":\"pt-BR\"},{\"@type\":\"WebPage\",\"@id\":\"https:\\\/\\\/vanderloubet.com.br\\\/deputado\\\/vander-cultura-perde-com-helo-um-de-seus-grandes-baluartes\\\/\",\"url\":\"https:\\\/\\\/vanderloubet.com.br\\\/deputado\\\/vander-cultura-perde-com-helo-um-de-seus-grandes-baluartes\\\/\",\"name\":\"Vander: cultura perde com Hel\u00f4 um de seus grandes baluartes\",\"isPartOf\":{\"@id\":\"https:\\\/\\\/vanderloubet.com.br\\\/deputado\\\/#website\"},\"primaryImageOfPage\":{\"@id\":\"https:\\\/\\\/vanderloubet.com.br\\\/deputado\\\/vander-cultura-perde-com-helo-um-de-seus-grandes-baluartes\\\/#primaryimage\"},\"image\":{\"@id\":\"https:\\\/\\\/vanderloubet.com.br\\\/deputado\\\/vander-cultura-perde-com-helo-um-de-seus-grandes-baluartes\\\/#primaryimage\"},\"thumbnailUrl\":\"http:\\\/\\\/www.deputadovander.com.br\\\/website\\\/wp-content\\\/uploads\\\/2011\\\/11\\\/foto-2011-11-23-heloisa-helena-costa-urt-400x300.jpg\",\"datePublished\":\"2011-11-23T22:47:53+00:00\",\"breadcrumb\":{\"@id\":\"https:\\\/\\\/vanderloubet.com.br\\\/deputado\\\/vander-cultura-perde-com-helo-um-de-seus-grandes-baluartes\\\/#breadcrumb\"},\"inLanguage\":\"pt-BR\",\"potentialAction\":[{\"@type\":\"ReadAction\",\"target\":[\"https:\\\/\\\/vanderloubet.com.br\\\/deputado\\\/vander-cultura-perde-com-helo-um-de-seus-grandes-baluartes\\\/\"]}]},{\"@type\":\"ImageObject\",\"inLanguage\":\"pt-BR\",\"@id\":\"https:\\\/\\\/vanderloubet.com.br\\\/deputado\\\/vander-cultura-perde-com-helo-um-de-seus-grandes-baluartes\\\/#primaryimage\",\"url\":\"http:\\\/\\\/www.deputadovander.com.br\\\/website\\\/wp-content\\\/uploads\\\/2011\\\/11\\\/foto-2011-11-23-heloisa-helena-costa-urt-400x300.jpg\",\"contentUrl\":\"http:\\\/\\\/www.deputadovander.com.br\\\/website\\\/wp-content\\\/uploads\\\/2011\\\/11\\\/foto-2011-11-23-heloisa-helena-costa-urt-400x300.jpg\"},{\"@type\":\"BreadcrumbList\",\"@id\":\"https:\\\/\\\/vanderloubet.com.br\\\/deputado\\\/vander-cultura-perde-com-helo-um-de-seus-grandes-baluartes\\\/#breadcrumb\",\"itemListElement\":[{\"@type\":\"ListItem\",\"position\":1,\"name\":\"In\u00edcio\",\"item\":\"https:\\\/\\\/vanderloubet.com.br\\\/deputado\\\/\"},{\"@type\":\"ListItem\",\"position\":2,\"name\":\"Vander: cultura perde com Hel\u00f4 um de seus grandes baluartes\"}]},{\"@type\":\"WebSite\",\"@id\":\"https:\\\/\\\/vanderloubet.com.br\\\/deputado\\\/#website\",\"url\":\"https:\\\/\\\/vanderloubet.com.br\\\/deputado\\\/\",\"name\":\"Deputado Federal Vander Loubet\",\"description\":\"O Federal de MS\",\"publisher\":{\"@id\":\"https:\\\/\\\/vanderloubet.com.br\\\/deputado\\\/#organization\"},\"alternateName\":\"Deputado Vander\",\"potentialAction\":[{\"@type\":\"SearchAction\",\"target\":{\"@type\":\"EntryPoint\",\"urlTemplate\":\"https:\\\/\\\/vanderloubet.com.br\\\/deputado\\\/?s={search_term_string}\"},\"query-input\":{\"@type\":\"PropertyValueSpecification\",\"valueRequired\":true,\"valueName\":\"search_term_string\"}}],\"inLanguage\":\"pt-BR\"},{\"@type\":\"Organization\",\"@id\":\"https:\\\/\\\/vanderloubet.com.br\\\/deputado\\\/#organization\",\"name\":\"Deputado Federal Vander Loubet\",\"alternateName\":\"Deputado Vander\",\"url\":\"https:\\\/\\\/vanderloubet.com.br\\\/deputado\\\/\",\"logo\":{\"@type\":\"ImageObject\",\"inLanguage\":\"pt-BR\",\"@id\":\"https:\\\/\\\/vanderloubet.com.br\\\/deputado\\\/#\\\/schema\\\/logo\\\/image\\\/\",\"url\":\"https:\\\/\\\/vanderloubet.com.br\\\/deputado\\\/wp-content\\\/uploads\\\/2023\\\/06\\\/foto-2023-06-19-mandato-deputado-vander.jpg\",\"contentUrl\":\"https:\\\/\\\/vanderloubet.com.br\\\/deputado\\\/wp-content\\\/uploads\\\/2023\\\/06\\\/foto-2023-06-19-mandato-deputado-vander.jpg\",\"width\":1080,\"height\":1080,\"caption\":\"Deputado Federal Vander Loubet\"},\"image\":{\"@id\":\"https:\\\/\\\/vanderloubet.com.br\\\/deputado\\\/#\\\/schema\\\/logo\\\/image\\\/\"},\"sameAs\":[\"https:\\\/\\\/facebook.com\\\/deputadovander\",\"https:\\\/\\\/x.com\\\/vanderloubet\",\"https:\\\/\\\/instagram.com\\\/vanderloubet\",\"https:\\\/\\\/youtube.com\\\/vanderloubet\",\"https:\\\/\\\/tiktok.com\\\/@vanderloubetms\"]},{\"@type\":\"Person\",\"@id\":\"https:\\\/\\\/vanderloubet.com.br\\\/deputado\\\/#\\\/schema\\\/person\\\/15b51bd564532a8a68d9dec1b8eb890e\",\"name\":\"\u00c9der\",\"image\":{\"@type\":\"ImageObject\",\"inLanguage\":\"pt-BR\",\"@id\":\"https:\\\/\\\/vanderloubet.com.br\\\/deputado\\\/wp-content\\\/litespeed\\\/avatar\\\/88ca4090d9d5ab1c9495f6ca03b68efa.jpg?ver=1777058957\",\"url\":\"https:\\\/\\\/vanderloubet.com.br\\\/deputado\\\/wp-content\\\/litespeed\\\/avatar\\\/88ca4090d9d5ab1c9495f6ca03b68efa.jpg?ver=1777058957\",\"contentUrl\":\"https:\\\/\\\/vanderloubet.com.br\\\/deputado\\\/wp-content\\\/litespeed\\\/avatar\\\/88ca4090d9d5ab1c9495f6ca03b68efa.jpg?ver=1777058957\",\"caption\":\"\u00c9der\"}}]}<\/script>\n<!-- \/ Yoast SEO plugin. -->","yoast_head_json":{"title":"Vander: cultura perde com Hel\u00f4 um de seus grandes baluartes","robots":{"index":"index","follow":"follow","max-snippet":"max-snippet:-1","max-image-preview":"max-image-preview:large","max-video-preview":"max-video-preview:-1"},"canonical":"https:\/\/vanderloubet.com.br\/deputado\/vander-cultura-perde-com-helo-um-de-seus-grandes-baluartes\/","og_locale":"pt_BR","og_type":"article","og_title":"Vander: cultura perde com Hel\u00f4 um de seus grandes baluartes","og_description":"Presidenta da Funda\u00e7\u00e3o de Cultura do Pantanal foi grande promotora das artes regionais e da valoriza\u00e7\u00e3o dos segmentos culturais.","og_url":"https:\/\/vanderloubet.com.br\/deputado\/vander-cultura-perde-com-helo-um-de-seus-grandes-baluartes\/","og_site_name":"Deputado Federal Vander Loubet","article_publisher":"https:\/\/facebook.com\/deputadovander","article_published_time":"2011-11-23T22:47:53+00:00","og_image":[{"url":"http:\/\/www.deputadovander.com.br\/website\/wp-content\/uploads\/2011\/11\/foto-2011-11-23-heloisa-helena-costa-urt-400x300.jpg","type":"","width":"","height":""}],"author":"\u00c9der","twitter_card":"summary_large_image","twitter_creator":"@vanderloubet","twitter_site":"@vanderloubet","schema":{"@context":"https:\/\/schema.org","@graph":[{"@type":"Article","@id":"https:\/\/vanderloubet.com.br\/deputado\/vander-cultura-perde-com-helo-um-de-seus-grandes-baluartes\/#article","isPartOf":{"@id":"https:\/\/vanderloubet.com.br\/deputado\/vander-cultura-perde-com-helo-um-de-seus-grandes-baluartes\/"},"author":{"name":"\u00c9der","@id":"https:\/\/vanderloubet.com.br\/deputado\/#\/schema\/person\/15b51bd564532a8a68d9dec1b8eb890e"},"headline":"Vander: cultura perde com Hel\u00f4 um de seus grandes baluartes","datePublished":"2011-11-23T22:47:53+00:00","mainEntityOfPage":{"@id":"https:\/\/vanderloubet.com.br\/deputado\/vander-cultura-perde-com-helo-um-de-seus-grandes-baluartes\/"},"wordCount":385,"publisher":{"@id":"https:\/\/vanderloubet.com.br\/deputado\/#organization"},"image":{"@id":"https:\/\/vanderloubet.com.br\/deputado\/vander-cultura-perde-com-helo-um-de-seus-grandes-baluartes\/#primaryimage"},"thumbnailUrl":"http:\/\/www.deputadovander.com.br\/website\/wp-content\/uploads\/2011\/11\/foto-2011-11-23-heloisa-helena-costa-urt-400x300.jpg","keywords":["corumb\u00e1","costa","cultura","cunha","deputado","falecimento","federal","funda\u00e7\u00e3o","helena","helo\u00edsa","loubet","morte","MS","pantanal","prefeitura","PT","ruiter","urt","vander"],"articleSection":["Not\u00edcias"],"inLanguage":"pt-BR"},{"@type":"WebPage","@id":"https:\/\/vanderloubet.com.br\/deputado\/vander-cultura-perde-com-helo-um-de-seus-grandes-baluartes\/","url":"https:\/\/vanderloubet.com.br\/deputado\/vander-cultura-perde-com-helo-um-de-seus-grandes-baluartes\/","name":"Vander: cultura perde com Hel\u00f4 um de seus grandes baluartes","isPartOf":{"@id":"https:\/\/vanderloubet.com.br\/deputado\/#website"},"primaryImageOfPage":{"@id":"https:\/\/vanderloubet.com.br\/deputado\/vander-cultura-perde-com-helo-um-de-seus-grandes-baluartes\/#primaryimage"},"image":{"@id":"https:\/\/vanderloubet.com.br\/deputado\/vander-cultura-perde-com-helo-um-de-seus-grandes-baluartes\/#primaryimage"},"thumbnailUrl":"http:\/\/www.deputadovander.com.br\/website\/wp-content\/uploads\/2011\/11\/foto-2011-11-23-heloisa-helena-costa-urt-400x300.jpg","datePublished":"2011-11-23T22:47:53+00:00","breadcrumb":{"@id":"https:\/\/vanderloubet.com.br\/deputado\/vander-cultura-perde-com-helo-um-de-seus-grandes-baluartes\/#breadcrumb"},"inLanguage":"pt-BR","potentialAction":[{"@type":"ReadAction","target":["https:\/\/vanderloubet.com.br\/deputado\/vander-cultura-perde-com-helo-um-de-seus-grandes-baluartes\/"]}]},{"@type":"ImageObject","inLanguage":"pt-BR","@id":"https:\/\/vanderloubet.com.br\/deputado\/vander-cultura-perde-com-helo-um-de-seus-grandes-baluartes\/#primaryimage","url":"http:\/\/www.deputadovander.com.br\/website\/wp-content\/uploads\/2011\/11\/foto-2011-11-23-heloisa-helena-costa-urt-400x300.jpg","contentUrl":"http:\/\/www.deputadovander.com.br\/website\/wp-content\/uploads\/2011\/11\/foto-2011-11-23-heloisa-helena-costa-urt-400x300.jpg"},{"@type":"BreadcrumbList","@id":"https:\/\/vanderloubet.com.br\/deputado\/vander-cultura-perde-com-helo-um-de-seus-grandes-baluartes\/#breadcrumb","itemListElement":[{"@type":"ListItem","position":1,"name":"In\u00edcio","item":"https:\/\/vanderloubet.com.br\/deputado\/"},{"@type":"ListItem","position":2,"name":"Vander: cultura perde com Hel\u00f4 um de seus grandes baluartes"}]},{"@type":"WebSite","@id":"https:\/\/vanderloubet.com.br\/deputado\/#website","url":"https:\/\/vanderloubet.com.br\/deputado\/","name":"Deputado Federal Vander Loubet","description":"O Federal de MS","publisher":{"@id":"https:\/\/vanderloubet.com.br\/deputado\/#organization"},"alternateName":"Deputado Vander","potentialAction":[{"@type":"SearchAction","target":{"@type":"EntryPoint","urlTemplate":"https:\/\/vanderloubet.com.br\/deputado\/?s={search_term_string}"},"query-input":{"@type":"PropertyValueSpecification","valueRequired":true,"valueName":"search_term_string"}}],"inLanguage":"pt-BR"},{"@type":"Organization","@id":"https:\/\/vanderloubet.com.br\/deputado\/#organization","name":"Deputado Federal Vander Loubet","alternateName":"Deputado Vander","url":"https:\/\/vanderloubet.com.br\/deputado\/","logo":{"@type":"ImageObject","inLanguage":"pt-BR","@id":"https:\/\/vanderloubet.com.br\/deputado\/#\/schema\/logo\/image\/","url":"https:\/\/vanderloubet.com.br\/deputado\/wp-content\/uploads\/2023\/06\/foto-2023-06-19-mandato-deputado-vander.jpg","contentUrl":"https:\/\/vanderloubet.com.br\/deputado\/wp-content\/uploads\/2023\/06\/foto-2023-06-19-mandato-deputado-vander.jpg","width":1080,"height":1080,"caption":"Deputado Federal Vander Loubet"},"image":{"@id":"https:\/\/vanderloubet.com.br\/deputado\/#\/schema\/logo\/image\/"},"sameAs":["https:\/\/facebook.com\/deputadovander","https:\/\/x.com\/vanderloubet","https:\/\/instagram.com\/vanderloubet","https:\/\/youtube.com\/vanderloubet","https:\/\/tiktok.com\/@vanderloubetms"]},{"@type":"Person","@id":"https:\/\/vanderloubet.com.br\/deputado\/#\/schema\/person\/15b51bd564532a8a68d9dec1b8eb890e","name":"\u00c9der","image":{"@type":"ImageObject","inLanguage":"pt-BR","@id":"https:\/\/vanderloubet.com.br\/deputado\/wp-content\/litespeed\/avatar\/88ca4090d9d5ab1c9495f6ca03b68efa.jpg?ver=1777058957","url":"https:\/\/vanderloubet.com.br\/deputado\/wp-content\/litespeed\/avatar\/88ca4090d9d5ab1c9495f6ca03b68efa.jpg?ver=1777058957","contentUrl":"https:\/\/vanderloubet.com.br\/deputado\/wp-content\/litespeed\/avatar\/88ca4090d9d5ab1c9495f6ca03b68efa.jpg?ver=1777058957","caption":"\u00c9der"}}]}},"jetpack_featured_media_url":"","jetpack_sharing_enabled":true,"_links":{"self":[{"href":"https:\/\/vanderloubet.com.br\/deputado\/wp-json\/wp\/v2\/posts\/4061","targetHints":{"allow":["GET"]}}],"collection":[{"href":"https:\/\/vanderloubet.com.br\/deputado\/wp-json\/wp\/v2\/posts"}],"about":[{"href":"https:\/\/vanderloubet.com.br\/deputado\/wp-json\/wp\/v2\/types\/post"}],"author":[{"embeddable":true,"href":"https:\/\/vanderloubet.com.br\/deputado\/wp-json\/wp\/v2\/users\/2"}],"replies":[{"embeddable":true,"href":"https:\/\/vanderloubet.com.br\/deputado\/wp-json\/wp\/v2\/comments?post=4061"}],"version-history":[{"count":0,"href":"https:\/\/vanderloubet.com.br\/deputado\/wp-json\/wp\/v2\/posts\/4061\/revisions"}],"wp:attachment":[{"href":"https:\/\/vanderloubet.com.br\/deputado\/wp-json\/wp\/v2\/media?parent=4061"}],"wp:term":[{"taxonomy":"category","embeddable":true,"href":"https:\/\/vanderloubet.com.br\/deputado\/wp-json\/wp\/v2\/categories?post=4061"},{"taxonomy":"post_tag","embeddable":true,"href":"https:\/\/vanderloubet.com.br\/deputado\/wp-json\/wp\/v2\/tags?post=4061"}],"curies":[{"name":"wp","href":"https:\/\/api.w.org\/{rel}","templated":true}]}}