{"id":4041,"date":"2011-11-19T17:23:27","date_gmt":"2011-11-19T21:23:27","guid":{"rendered":"http:\/\/www.deputadovander.com.br\/website\/?p=4041"},"modified":"2011-11-19T17:23:27","modified_gmt":"2011-11-19T21:23:27","slug":"assassinato-de-lideranca-indigena-vander-vai-ao-ministerio-da-justica","status":"publish","type":"post","link":"https:\/\/vanderloubet.com.br\/deputado\/assassinato-de-lideranca-indigena-vander-vai-ao-ministerio-da-justica\/","title":{"rendered":"Assassinato de lideran\u00e7a ind\u00edgena: Vander vai ao Minist\u00e9rio da Justi\u00e7a"},"content":{"rendered":"<figure id=\"attachment_4042\" aria-describedby=\"caption-attachment-4042\" style=\"width: 400px\" class=\"wp-caption aligncenter\"><a href=\"http:\/\/www.deputadovander.com.br\/website\/wp-content\/uploads\/2011\/11\/foto-2011-11-19-nisio-gomes-neto.jpg\" target=\"_blank\"><img decoding=\"async\" class=\"size-medium wp-image-4042 \" title=\"foto-2011-11-19-nisio-gomes-neto\" src=\"http:\/\/www.deputadovander.com.br\/website\/wp-content\/uploads\/2011\/11\/foto-2011-11-19-nisio-gomes-neto-400x300.jpg\" alt=\"N\u00edsio Gomes Neto, dias antes de ser assassinado (foto: Eliseu Lopes\/Cimi)\" width=\"400\" height=\"300\" \/><\/a><figcaption id=\"caption-attachment-4042\" class=\"wp-caption-text\">N\u00edsio Gomes Neto, dias antes de ser assassinado (foto: Eliseu Lopes\/Cimi)<\/figcaption><\/figure>\n<p>O deputado federal Vander Loubet (PT-MS) informou hoje (19) que vai procurar o Minist\u00e9rio da Justi\u00e7a no come\u00e7o da semana para cobrar o envolvimento da pasta na apura\u00e7\u00e3o e identifica\u00e7\u00e3o das responsabilidades e respons\u00e1veis no caso do l\u00edder kaiow\u00e1 guarani de Amambai, N\u00edsio Gomes Neto, assassinado na sexta-feira (18) ap\u00f3s um ataque de pistoleiros ao acampamento Tekoha Guaiviry. &#8220;\u00c9 mais um epis\u00f3dio recorrente que n\u00e3o pode ser considerado como fato isolado. Faz parte, infelizmente, de uma sistem\u00e1tica e repugnante onda de intoler\u00e2ncia e viol\u00eancia que come\u00e7ou no descobrimento do Brasil e se perpetua nos dias de hoje&#8221;, lamentou Vander.<\/p>\n<p>Vander citou outros casos &#8211; como os de Mar\u00e7al Guarany e Marcos Ver\u00f3n &#8211; para salientar sua preocupa\u00e7\u00e3o com os bandidos &#8211; &#8220;sejam os pistoleiros que executam, sejam os criminosos que pagam a empreitada&#8221; &#8211; para observar que existe no Pa\u00eds um sistema de a\u00e7\u00f5es institucionais e pol\u00edticas capazes de intermediar e at\u00e9 solucionar conflitos por meio do di\u00e1logo. &#8220;Tanto o governo federal quanto os governos estaduais, os parlamentos e a sociedade civil podem ser o anteparo de garantia aos direitos dos \u00edndios e aos direitos de quem jur\u00eddica e legalmente adquiriu suas terras para faz\u00ea-las produtivas&#8221;, esclareceu.<\/p>\n<p>O deputado diz confiar na sensibilidade do ministro Jos\u00e9 Eduardo Cardozo e nos compromissos do governo da presidenta Dilma com a causa ind\u00edgena. &#8220;Nosso estado, lamentavelmente, \u00e9 um dos que mais registram viol\u00eancia contra os povos ind\u00edgenas e a sociedade n\u00e3o pode ficar de bra\u00e7os cruzados e nem escamotear as raz\u00f5es, que s\u00e3o, sobretudo, pela disputa fundi\u00e1ria e por intoler\u00e2ncia. \u00c9 o tipo de situa\u00e7\u00e3o que n\u00e3o pode mais ser tolerada ou admitida em pleno s\u00e9culo XXI&#8221;, concluiu Vander.<\/p>\n<p><span style=\"font-size: 11px;\">(Edson Moraes\/Assessoria Deputado Vander)<\/span><\/p>\n","protected":false},"excerpt":{"rendered":"<p>Deputado vai cobrar a apura\u00e7\u00e3o do caso do l\u00edder kaiow\u00e1 guarani de Amambai, N\u00edsio Gomes Neto, assassinado por pistoleiros na sexta.<\/p>\n","protected":false},"author":2,"featured_media":0,"comment_status":"closed","ping_status":"open","sticky":false,"template":"","format":"standard","meta":{"jetpack_post_was_ever_published":false,"_jetpack_newsletter_access":"","_jetpack_dont_email_post_to_subs":false,"_jetpack_newsletter_tier_id":0,"_jetpack_memberships_contains_paywalled_content":false,"_jetpack_memberships_contains_paid_content":false,"footnotes":""},"categories":[10],"tags":[36,86,114,192,204,608,807,927,946,1107,1110,1178,1302,1305,1380,1389,1551,2033],"class_list":{"0":"post-4041","1":"post","2":"type-post","3":"status-publish","4":"format-standard","6":"category-noticias","7":"tag-acampamento","8":"tag-aldeia","9":"tag-amambai","10":"tag-assassinato","11":"tag-ataque","12":"tag-deputado","13":"tag-federal","14":"tag-gomes","15":"tag-guarani","16":"tag-justica","17":"tag-kaiowa","18":"tag-loubet","19":"tag-ministerio","20":"tag-ministro","21":"tag-neto","22":"tag-nisio","23":"tag-pistoleiros","24":"tag-vander"},"yoast_head":"<!-- This site is optimized with the Yoast SEO plugin v27.4 - https:\/\/yoast.com\/product\/yoast-seo-wordpress\/ -->\n<title>Assassinato de lideran\u00e7a ind\u00edgena: Vander vai ao Minist\u00e9rio da Justi\u00e7a<\/title>\n<meta name=\"robots\" content=\"index, follow, max-snippet:-1, max-image-preview:large, max-video-preview:-1\" \/>\n<link rel=\"canonical\" href=\"https:\/\/vanderloubet.com.br\/deputado\/assassinato-de-lideranca-indigena-vander-vai-ao-ministerio-da-justica\/\" \/>\n<meta property=\"og:locale\" content=\"pt_BR\" \/>\n<meta property=\"og:type\" content=\"article\" \/>\n<meta property=\"og:title\" content=\"Assassinato de lideran\u00e7a ind\u00edgena: Vander vai ao Minist\u00e9rio da Justi\u00e7a\" \/>\n<meta property=\"og:description\" content=\"Deputado vai cobrar a apura\u00e7\u00e3o do caso do l\u00edder kaiow\u00e1 guarani de Amambai, N\u00edsio Gomes Neto, assassinado por pistoleiros na sexta.\" \/>\n<meta property=\"og:url\" content=\"https:\/\/vanderloubet.com.br\/deputado\/assassinato-de-lideranca-indigena-vander-vai-ao-ministerio-da-justica\/\" \/>\n<meta property=\"og:site_name\" content=\"Deputado Federal Vander Loubet\" \/>\n<meta property=\"article:publisher\" content=\"https:\/\/facebook.com\/deputadovander\" \/>\n<meta property=\"article:published_time\" content=\"2011-11-19T21:23:27+00:00\" \/>\n<meta property=\"og:image\" content=\"http:\/\/www.deputadovander.com.br\/website\/wp-content\/uploads\/2011\/11\/foto-2011-11-19-nisio-gomes-neto-400x300.jpg\" \/>\n<meta name=\"author\" content=\"\u00c9der\" \/>\n<meta name=\"twitter:card\" content=\"summary_large_image\" \/>\n<meta name=\"twitter:creator\" content=\"@vanderloubet\" \/>\n<meta name=\"twitter:site\" content=\"@vanderloubet\" \/>\n<script type=\"application\/ld+json\" class=\"yoast-schema-graph\">{\"@context\":\"https:\\\/\\\/schema.org\",\"@graph\":[{\"@type\":\"Article\",\"@id\":\"https:\\\/\\\/vanderloubet.com.br\\\/deputado\\\/assassinato-de-lideranca-indigena-vander-vai-ao-ministerio-da-justica\\\/#article\",\"isPartOf\":{\"@id\":\"https:\\\/\\\/vanderloubet.com.br\\\/deputado\\\/assassinato-de-lideranca-indigena-vander-vai-ao-ministerio-da-justica\\\/\"},\"author\":{\"name\":\"\u00c9der\",\"@id\":\"https:\\\/\\\/vanderloubet.com.br\\\/deputado\\\/#\\\/schema\\\/person\\\/15b51bd564532a8a68d9dec1b8eb890e\"},\"headline\":\"Assassinato de lideran\u00e7a ind\u00edgena: Vander vai ao Minist\u00e9rio da Justi\u00e7a\",\"datePublished\":\"2011-11-19T21:23:27+00:00\",\"mainEntityOfPage\":{\"@id\":\"https:\\\/\\\/vanderloubet.com.br\\\/deputado\\\/assassinato-de-lideranca-indigena-vander-vai-ao-ministerio-da-justica\\\/\"},\"wordCount\":347,\"publisher\":{\"@id\":\"https:\\\/\\\/vanderloubet.com.br\\\/deputado\\\/#organization\"},\"image\":{\"@id\":\"https:\\\/\\\/vanderloubet.com.br\\\/deputado\\\/assassinato-de-lideranca-indigena-vander-vai-ao-ministerio-da-justica\\\/#primaryimage\"},\"thumbnailUrl\":\"http:\\\/\\\/www.deputadovander.com.br\\\/website\\\/wp-content\\\/uploads\\\/2011\\\/11\\\/foto-2011-11-19-nisio-gomes-neto-400x300.jpg\",\"keywords\":[\"acampamento\",\"aldeia\",\"amambai\",\"assassinato\",\"ataque\",\"deputado\",\"federal\",\"gomes\",\"guarani\",\"justi\u00e7a\",\"kaiow\u00e1\",\"loubet\",\"minist\u00e9rio\",\"ministro\",\"neto\",\"nisio\",\"pistoleiros\",\"vander\"],\"articleSection\":[\"Not\u00edcias\"],\"inLanguage\":\"pt-BR\"},{\"@type\":\"WebPage\",\"@id\":\"https:\\\/\\\/vanderloubet.com.br\\\/deputado\\\/assassinato-de-lideranca-indigena-vander-vai-ao-ministerio-da-justica\\\/\",\"url\":\"https:\\\/\\\/vanderloubet.com.br\\\/deputado\\\/assassinato-de-lideranca-indigena-vander-vai-ao-ministerio-da-justica\\\/\",\"name\":\"Assassinato de lideran\u00e7a ind\u00edgena: Vander vai ao Minist\u00e9rio da Justi\u00e7a\",\"isPartOf\":{\"@id\":\"https:\\\/\\\/vanderloubet.com.br\\\/deputado\\\/#website\"},\"primaryImageOfPage\":{\"@id\":\"https:\\\/\\\/vanderloubet.com.br\\\/deputado\\\/assassinato-de-lideranca-indigena-vander-vai-ao-ministerio-da-justica\\\/#primaryimage\"},\"image\":{\"@id\":\"https:\\\/\\\/vanderloubet.com.br\\\/deputado\\\/assassinato-de-lideranca-indigena-vander-vai-ao-ministerio-da-justica\\\/#primaryimage\"},\"thumbnailUrl\":\"http:\\\/\\\/www.deputadovander.com.br\\\/website\\\/wp-content\\\/uploads\\\/2011\\\/11\\\/foto-2011-11-19-nisio-gomes-neto-400x300.jpg\",\"datePublished\":\"2011-11-19T21:23:27+00:00\",\"breadcrumb\":{\"@id\":\"https:\\\/\\\/vanderloubet.com.br\\\/deputado\\\/assassinato-de-lideranca-indigena-vander-vai-ao-ministerio-da-justica\\\/#breadcrumb\"},\"inLanguage\":\"pt-BR\",\"potentialAction\":[{\"@type\":\"ReadAction\",\"target\":[\"https:\\\/\\\/vanderloubet.com.br\\\/deputado\\\/assassinato-de-lideranca-indigena-vander-vai-ao-ministerio-da-justica\\\/\"]}]},{\"@type\":\"ImageObject\",\"inLanguage\":\"pt-BR\",\"@id\":\"https:\\\/\\\/vanderloubet.com.br\\\/deputado\\\/assassinato-de-lideranca-indigena-vander-vai-ao-ministerio-da-justica\\\/#primaryimage\",\"url\":\"http:\\\/\\\/www.deputadovander.com.br\\\/website\\\/wp-content\\\/uploads\\\/2011\\\/11\\\/foto-2011-11-19-nisio-gomes-neto-400x300.jpg\",\"contentUrl\":\"http:\\\/\\\/www.deputadovander.com.br\\\/website\\\/wp-content\\\/uploads\\\/2011\\\/11\\\/foto-2011-11-19-nisio-gomes-neto-400x300.jpg\"},{\"@type\":\"BreadcrumbList\",\"@id\":\"https:\\\/\\\/vanderloubet.com.br\\\/deputado\\\/assassinato-de-lideranca-indigena-vander-vai-ao-ministerio-da-justica\\\/#breadcrumb\",\"itemListElement\":[{\"@type\":\"ListItem\",\"position\":1,\"name\":\"In\u00edcio\",\"item\":\"https:\\\/\\\/vanderloubet.com.br\\\/deputado\\\/\"},{\"@type\":\"ListItem\",\"position\":2,\"name\":\"Assassinato de lideran\u00e7a ind\u00edgena: Vander vai ao Minist\u00e9rio da Justi\u00e7a\"}]},{\"@type\":\"WebSite\",\"@id\":\"https:\\\/\\\/vanderloubet.com.br\\\/deputado\\\/#website\",\"url\":\"https:\\\/\\\/vanderloubet.com.br\\\/deputado\\\/\",\"name\":\"Deputado Federal Vander Loubet\",\"description\":\"O Federal de MS\",\"publisher\":{\"@id\":\"https:\\\/\\\/vanderloubet.com.br\\\/deputado\\\/#organization\"},\"alternateName\":\"Deputado Vander\",\"potentialAction\":[{\"@type\":\"SearchAction\",\"target\":{\"@type\":\"EntryPoint\",\"urlTemplate\":\"https:\\\/\\\/vanderloubet.com.br\\\/deputado\\\/?s={search_term_string}\"},\"query-input\":{\"@type\":\"PropertyValueSpecification\",\"valueRequired\":true,\"valueName\":\"search_term_string\"}}],\"inLanguage\":\"pt-BR\"},{\"@type\":\"Organization\",\"@id\":\"https:\\\/\\\/vanderloubet.com.br\\\/deputado\\\/#organization\",\"name\":\"Deputado Federal Vander Loubet\",\"alternateName\":\"Deputado Vander\",\"url\":\"https:\\\/\\\/vanderloubet.com.br\\\/deputado\\\/\",\"logo\":{\"@type\":\"ImageObject\",\"inLanguage\":\"pt-BR\",\"@id\":\"https:\\\/\\\/vanderloubet.com.br\\\/deputado\\\/#\\\/schema\\\/logo\\\/image\\\/\",\"url\":\"https:\\\/\\\/vanderloubet.com.br\\\/deputado\\\/wp-content\\\/uploads\\\/2023\\\/06\\\/foto-2023-06-19-mandato-deputado-vander.jpg\",\"contentUrl\":\"https:\\\/\\\/vanderloubet.com.br\\\/deputado\\\/wp-content\\\/uploads\\\/2023\\\/06\\\/foto-2023-06-19-mandato-deputado-vander.jpg\",\"width\":1080,\"height\":1080,\"caption\":\"Deputado Federal Vander Loubet\"},\"image\":{\"@id\":\"https:\\\/\\\/vanderloubet.com.br\\\/deputado\\\/#\\\/schema\\\/logo\\\/image\\\/\"},\"sameAs\":[\"https:\\\/\\\/facebook.com\\\/deputadovander\",\"https:\\\/\\\/x.com\\\/vanderloubet\",\"https:\\\/\\\/instagram.com\\\/vanderloubet\",\"https:\\\/\\\/youtube.com\\\/vanderloubet\",\"https:\\\/\\\/tiktok.com\\\/@vanderloubetms\"]},{\"@type\":\"Person\",\"@id\":\"https:\\\/\\\/vanderloubet.com.br\\\/deputado\\\/#\\\/schema\\\/person\\\/15b51bd564532a8a68d9dec1b8eb890e\",\"name\":\"\u00c9der\",\"image\":{\"@type\":\"ImageObject\",\"inLanguage\":\"pt-BR\",\"@id\":\"https:\\\/\\\/vanderloubet.com.br\\\/deputado\\\/wp-content\\\/litespeed\\\/avatar\\\/88ca4090d9d5ab1c9495f6ca03b68efa.jpg?ver=1777058957\",\"url\":\"https:\\\/\\\/vanderloubet.com.br\\\/deputado\\\/wp-content\\\/litespeed\\\/avatar\\\/88ca4090d9d5ab1c9495f6ca03b68efa.jpg?ver=1777058957\",\"contentUrl\":\"https:\\\/\\\/vanderloubet.com.br\\\/deputado\\\/wp-content\\\/litespeed\\\/avatar\\\/88ca4090d9d5ab1c9495f6ca03b68efa.jpg?ver=1777058957\",\"caption\":\"\u00c9der\"}}]}<\/script>\n<!-- \/ Yoast SEO plugin. -->","yoast_head_json":{"title":"Assassinato de lideran\u00e7a ind\u00edgena: Vander vai ao Minist\u00e9rio da Justi\u00e7a","robots":{"index":"index","follow":"follow","max-snippet":"max-snippet:-1","max-image-preview":"max-image-preview:large","max-video-preview":"max-video-preview:-1"},"canonical":"https:\/\/vanderloubet.com.br\/deputado\/assassinato-de-lideranca-indigena-vander-vai-ao-ministerio-da-justica\/","og_locale":"pt_BR","og_type":"article","og_title":"Assassinato de lideran\u00e7a ind\u00edgena: Vander vai ao Minist\u00e9rio da Justi\u00e7a","og_description":"Deputado vai cobrar a apura\u00e7\u00e3o do caso do l\u00edder kaiow\u00e1 guarani de Amambai, N\u00edsio Gomes Neto, assassinado por pistoleiros na sexta.","og_url":"https:\/\/vanderloubet.com.br\/deputado\/assassinato-de-lideranca-indigena-vander-vai-ao-ministerio-da-justica\/","og_site_name":"Deputado Federal Vander Loubet","article_publisher":"https:\/\/facebook.com\/deputadovander","article_published_time":"2011-11-19T21:23:27+00:00","og_image":[{"url":"http:\/\/www.deputadovander.com.br\/website\/wp-content\/uploads\/2011\/11\/foto-2011-11-19-nisio-gomes-neto-400x300.jpg","type":"","width":"","height":""}],"author":"\u00c9der","twitter_card":"summary_large_image","twitter_creator":"@vanderloubet","twitter_site":"@vanderloubet","schema":{"@context":"https:\/\/schema.org","@graph":[{"@type":"Article","@id":"https:\/\/vanderloubet.com.br\/deputado\/assassinato-de-lideranca-indigena-vander-vai-ao-ministerio-da-justica\/#article","isPartOf":{"@id":"https:\/\/vanderloubet.com.br\/deputado\/assassinato-de-lideranca-indigena-vander-vai-ao-ministerio-da-justica\/"},"author":{"name":"\u00c9der","@id":"https:\/\/vanderloubet.com.br\/deputado\/#\/schema\/person\/15b51bd564532a8a68d9dec1b8eb890e"},"headline":"Assassinato de lideran\u00e7a ind\u00edgena: Vander vai ao Minist\u00e9rio da Justi\u00e7a","datePublished":"2011-11-19T21:23:27+00:00","mainEntityOfPage":{"@id":"https:\/\/vanderloubet.com.br\/deputado\/assassinato-de-lideranca-indigena-vander-vai-ao-ministerio-da-justica\/"},"wordCount":347,"publisher":{"@id":"https:\/\/vanderloubet.com.br\/deputado\/#organization"},"image":{"@id":"https:\/\/vanderloubet.com.br\/deputado\/assassinato-de-lideranca-indigena-vander-vai-ao-ministerio-da-justica\/#primaryimage"},"thumbnailUrl":"http:\/\/www.deputadovander.com.br\/website\/wp-content\/uploads\/2011\/11\/foto-2011-11-19-nisio-gomes-neto-400x300.jpg","keywords":["acampamento","aldeia","amambai","assassinato","ataque","deputado","federal","gomes","guarani","justi\u00e7a","kaiow\u00e1","loubet","minist\u00e9rio","ministro","neto","nisio","pistoleiros","vander"],"articleSection":["Not\u00edcias"],"inLanguage":"pt-BR"},{"@type":"WebPage","@id":"https:\/\/vanderloubet.com.br\/deputado\/assassinato-de-lideranca-indigena-vander-vai-ao-ministerio-da-justica\/","url":"https:\/\/vanderloubet.com.br\/deputado\/assassinato-de-lideranca-indigena-vander-vai-ao-ministerio-da-justica\/","name":"Assassinato de lideran\u00e7a ind\u00edgena: Vander vai ao Minist\u00e9rio da Justi\u00e7a","isPartOf":{"@id":"https:\/\/vanderloubet.com.br\/deputado\/#website"},"primaryImageOfPage":{"@id":"https:\/\/vanderloubet.com.br\/deputado\/assassinato-de-lideranca-indigena-vander-vai-ao-ministerio-da-justica\/#primaryimage"},"image":{"@id":"https:\/\/vanderloubet.com.br\/deputado\/assassinato-de-lideranca-indigena-vander-vai-ao-ministerio-da-justica\/#primaryimage"},"thumbnailUrl":"http:\/\/www.deputadovander.com.br\/website\/wp-content\/uploads\/2011\/11\/foto-2011-11-19-nisio-gomes-neto-400x300.jpg","datePublished":"2011-11-19T21:23:27+00:00","breadcrumb":{"@id":"https:\/\/vanderloubet.com.br\/deputado\/assassinato-de-lideranca-indigena-vander-vai-ao-ministerio-da-justica\/#breadcrumb"},"inLanguage":"pt-BR","potentialAction":[{"@type":"ReadAction","target":["https:\/\/vanderloubet.com.br\/deputado\/assassinato-de-lideranca-indigena-vander-vai-ao-ministerio-da-justica\/"]}]},{"@type":"ImageObject","inLanguage":"pt-BR","@id":"https:\/\/vanderloubet.com.br\/deputado\/assassinato-de-lideranca-indigena-vander-vai-ao-ministerio-da-justica\/#primaryimage","url":"http:\/\/www.deputadovander.com.br\/website\/wp-content\/uploads\/2011\/11\/foto-2011-11-19-nisio-gomes-neto-400x300.jpg","contentUrl":"http:\/\/www.deputadovander.com.br\/website\/wp-content\/uploads\/2011\/11\/foto-2011-11-19-nisio-gomes-neto-400x300.jpg"},{"@type":"BreadcrumbList","@id":"https:\/\/vanderloubet.com.br\/deputado\/assassinato-de-lideranca-indigena-vander-vai-ao-ministerio-da-justica\/#breadcrumb","itemListElement":[{"@type":"ListItem","position":1,"name":"In\u00edcio","item":"https:\/\/vanderloubet.com.br\/deputado\/"},{"@type":"ListItem","position":2,"name":"Assassinato de lideran\u00e7a ind\u00edgena: Vander vai ao Minist\u00e9rio da Justi\u00e7a"}]},{"@type":"WebSite","@id":"https:\/\/vanderloubet.com.br\/deputado\/#website","url":"https:\/\/vanderloubet.com.br\/deputado\/","name":"Deputado Federal Vander Loubet","description":"O Federal de MS","publisher":{"@id":"https:\/\/vanderloubet.com.br\/deputado\/#organization"},"alternateName":"Deputado Vander","potentialAction":[{"@type":"SearchAction","target":{"@type":"EntryPoint","urlTemplate":"https:\/\/vanderloubet.com.br\/deputado\/?s={search_term_string}"},"query-input":{"@type":"PropertyValueSpecification","valueRequired":true,"valueName":"search_term_string"}}],"inLanguage":"pt-BR"},{"@type":"Organization","@id":"https:\/\/vanderloubet.com.br\/deputado\/#organization","name":"Deputado Federal Vander Loubet","alternateName":"Deputado Vander","url":"https:\/\/vanderloubet.com.br\/deputado\/","logo":{"@type":"ImageObject","inLanguage":"pt-BR","@id":"https:\/\/vanderloubet.com.br\/deputado\/#\/schema\/logo\/image\/","url":"https:\/\/vanderloubet.com.br\/deputado\/wp-content\/uploads\/2023\/06\/foto-2023-06-19-mandato-deputado-vander.jpg","contentUrl":"https:\/\/vanderloubet.com.br\/deputado\/wp-content\/uploads\/2023\/06\/foto-2023-06-19-mandato-deputado-vander.jpg","width":1080,"height":1080,"caption":"Deputado Federal Vander Loubet"},"image":{"@id":"https:\/\/vanderloubet.com.br\/deputado\/#\/schema\/logo\/image\/"},"sameAs":["https:\/\/facebook.com\/deputadovander","https:\/\/x.com\/vanderloubet","https:\/\/instagram.com\/vanderloubet","https:\/\/youtube.com\/vanderloubet","https:\/\/tiktok.com\/@vanderloubetms"]},{"@type":"Person","@id":"https:\/\/vanderloubet.com.br\/deputado\/#\/schema\/person\/15b51bd564532a8a68d9dec1b8eb890e","name":"\u00c9der","image":{"@type":"ImageObject","inLanguage":"pt-BR","@id":"https:\/\/vanderloubet.com.br\/deputado\/wp-content\/litespeed\/avatar\/88ca4090d9d5ab1c9495f6ca03b68efa.jpg?ver=1777058957","url":"https:\/\/vanderloubet.com.br\/deputado\/wp-content\/litespeed\/avatar\/88ca4090d9d5ab1c9495f6ca03b68efa.jpg?ver=1777058957","contentUrl":"https:\/\/vanderloubet.com.br\/deputado\/wp-content\/litespeed\/avatar\/88ca4090d9d5ab1c9495f6ca03b68efa.jpg?ver=1777058957","caption":"\u00c9der"}}]}},"jetpack_featured_media_url":"","jetpack_sharing_enabled":true,"_links":{"self":[{"href":"https:\/\/vanderloubet.com.br\/deputado\/wp-json\/wp\/v2\/posts\/4041","targetHints":{"allow":["GET"]}}],"collection":[{"href":"https:\/\/vanderloubet.com.br\/deputado\/wp-json\/wp\/v2\/posts"}],"about":[{"href":"https:\/\/vanderloubet.com.br\/deputado\/wp-json\/wp\/v2\/types\/post"}],"author":[{"embeddable":true,"href":"https:\/\/vanderloubet.com.br\/deputado\/wp-json\/wp\/v2\/users\/2"}],"replies":[{"embeddable":true,"href":"https:\/\/vanderloubet.com.br\/deputado\/wp-json\/wp\/v2\/comments?post=4041"}],"version-history":[{"count":0,"href":"https:\/\/vanderloubet.com.br\/deputado\/wp-json\/wp\/v2\/posts\/4041\/revisions"}],"wp:attachment":[{"href":"https:\/\/vanderloubet.com.br\/deputado\/wp-json\/wp\/v2\/media?parent=4041"}],"wp:term":[{"taxonomy":"category","embeddable":true,"href":"https:\/\/vanderloubet.com.br\/deputado\/wp-json\/wp\/v2\/categories?post=4041"},{"taxonomy":"post_tag","embeddable":true,"href":"https:\/\/vanderloubet.com.br\/deputado\/wp-json\/wp\/v2\/tags?post=4041"}],"curies":[{"name":"wp","href":"https:\/\/api.w.org\/{rel}","templated":true}]}}