{"id":4022,"date":"2011-11-17T13:49:55","date_gmt":"2011-11-17T17:49:55","guid":{"rendered":"http:\/\/www.deputadovander.com.br\/website\/?p=4022"},"modified":"2011-11-17T13:49:55","modified_gmt":"2011-11-17T17:49:55","slug":"mercadao-o-lugar-que-traduz-todos-os-tempos-da-cidade","status":"publish","type":"post","link":"https:\/\/vanderloubet.com.br\/deputado\/mercadao-o-lugar-que-traduz-todos-os-tempos-da-cidade\/","title":{"rendered":"Mercad\u00e3o, o lugar que traduz todos os tempos da cidade"},"content":{"rendered":"<p><em>Vander Loubet*<\/em><\/p>\n<p>Com 53 anos de exist\u00eancia oficial, o Mercado Municipal de Campo Grande consegue ser, ao mesmo tempo, o mais antigo e o mais novo ponto de refer\u00eancia da civiliza\u00e7\u00e3o local. Nele se ancoram as experi\u00eancias dos anos 1950, quando se instalou o ciclo de formula\u00e7\u00e3o de pol\u00edticas desenvolvimentistas que evolu\u00edram a partir da transi\u00e7\u00e3o entre a pedra fundamental de Jos\u00e9 Antonio Pereira e a din\u00e2mica dos trilhos da Noroeste do Brasil. E nele tamb\u00e9m se processa a busca incessante do futuro que despontou com a introdu\u00e7\u00e3o da maquininha de calcular e se aperfei\u00e7oa hoje na tela LCD de terminais de computador \u00e0 disposi\u00e7\u00e3o de comerciantes, consumidores e visitantes.<\/p>\n<p>\u00c9 este o nosso Mercad\u00e3o, que do embri\u00e3o comercial brotou tamb\u00e9m para ser a s\u00edntese ampliada de todas as influ\u00eancias culturais que formataram nossa pluralidade existencial. \u00c9 o lugar em que mercado tornou-se muito mais que o cl\u00e1ssico ambiente da oferta e da procura para elevar-se \u00e0 condi\u00e7\u00e3o de porto universal de chegadas, partidas, encontro e reencontros de pessoas, costumes, id\u00e9ias, quereres, buscas ou do simples direito de cada um ao passeio e \u00e0s mais diversas possibilidades de conviv\u00eancia humana.<\/p>\n<p>Assim enxergo o Mercad\u00e3o, na sua excel\u00eancia de s\u00edmbolo campo-grandense por fora e por dentro, na din\u00e2mica do vai-e-vem das pessoas e na profus\u00e3o de sentimentos e de valores que constituem a reserva inesgot\u00e1vel do oxig\u00eanio dos seus 53 anos de respira\u00e7\u00e3o cont\u00ednua, sob sol e sob chuva, absolutamente inteiro na ess\u00eancia de um povo que n\u00e3o se deixa abater pelas dificuldades e nem se deixa amedrontar pelas intemp\u00e9ries da economia e da pol\u00edtica. \u00c9 este o Mercado Antonio Valente, fazendo jus \u00e0 sua hist\u00f3ria, \u00e0 hist\u00f3ria da sua gente e ao nome que recebeu no batismo oficial.<\/p>\n<figure id=\"attachment_4023\" aria-describedby=\"caption-attachment-4023\" style=\"width: 400px\" class=\"wp-caption aligncenter\"><a href=\"http:\/\/www.deputadovander.com.br\/website\/wp-content\/uploads\/2011\/11\/foto-2011-11-17-campo-grande-mercado-municipal.jpg\" target=\"_blank\"><img decoding=\"async\" class=\"size-medium wp-image-4023 \" title=\"foto-2011-11-17-campo-grande-mercado-municipal\" src=\"http:\/\/www.deputadovander.com.br\/website\/wp-content\/uploads\/2011\/11\/foto-2011-11-17-campo-grande-mercado-municipal-400x266.jpg\" alt=\"Mercad\u00e3o Municipal de Campo Grande, na Rua 7 de Setembro, Centro\" width=\"400\" height=\"266\" \/><\/a><figcaption id=\"caption-attachment-4023\" class=\"wp-caption-text\">Mercad\u00e3o Municipal de Campo Grande, na Rua 7 de Setembro, Centro<\/figcaption><\/figure>\n<p>N\u00e3o por outras raz\u00f5es, considero prioridade absoluta preservar o Mercad\u00e3o e ir al\u00e9m da simples conserva\u00e7\u00e3o de seus tra\u00e7os arquitet\u00f4nicos originais. Cabe a este lugar onde residem passado, presente e futuro, onde se aperfei\u00e7oa a pac\u00edfica efervesc\u00eancia de origens e destinos t\u00e3o diversos, ajustar-se ao futurismo que sua pr\u00f3pria din\u00e2mica projeta.<\/p>\n<p>Aos sabores, bancas e arquiteturas originais falta ajustar o Mercad\u00e3o \u00e0s novas e imperativas demandas dos povos que ele abriga e da cidade que ele estratifica t\u00e3o bem, uma cidade que quando o gerou tinha menos que 70 mil moradores e agora, 53 anos depois, beira os 800 mil e caminha no obstinado avan\u00e7o ao primeiro milh\u00e3o de habitantes.<\/p>\n<p>Que a revitaliza\u00e7\u00e3o funcional e operacional seja bem-vinda. \u00c9 necess\u00e1ria, desde que n\u00e3o desfigure os tra\u00e7os embrion\u00e1rios deste verdadeiro par\u00e2metro da hist\u00f3ria da cidade, da capacidade empreendedora de um povo que neste espa\u00e7o cultiva e professa sua op\u00e7\u00e3o pela democracia e pela paz.<\/p>\n<p>Mais espa\u00e7os, novas alternativas de circula\u00e7\u00e3o e de operacionaliza\u00e7\u00e3o das rela\u00e7\u00f5es comerciais, adapta\u00e7\u00e3o plena ao forte e irresist\u00edvel apelo tur\u00edstico e cultural, enfim, que o novo Mercad\u00e3o seja planejado e viabilizado sem preju\u00edzo ao Mercad\u00e3o de sempre, que estamos habituados a ver e a sentir. Porque o Mercad\u00e3o \u00e9 isso: para ser visto e para ser sentido.<\/p>\n<p>Afinal, semelhante em quase tudo aos demais espa\u00e7os do g\u00eanero existentes no Pa\u00eds, o Mercad\u00e3o de Campo Grande se diferencia na singularidade da sua obra humana como a mais leg\u00edtima express\u00e3o do parto de uma cidade. \u00c9 o cen\u00e1rio do ontem, do hoje e do amanh\u00e3 onde se encontram e se renovam, em suas m\u00faltiplas rela\u00e7\u00f5es, os diferentes povos que formam o DNA desta urbe. \u00c9 o lugar onde todos nos descobrimos iguais pelo respeito e pela conviv\u00eancia entre nossas diferen\u00e7as. \u00c9 onde se torna poss\u00edvel sentir que somos todos \u00edndios, bolivianos, paraguaios, japoneses, \u00e1rabes, nordestinos, sulistas, pantaneiros e todas as proced\u00eancias unificadas neste sentimento universal que s\u00f3 o Mercad\u00e3o faz pulsar.<\/p>\n<p><em>*Deputado federal e pr\u00e9-candidato do PT \u00e0 Prefeitura de Campo Grande<\/em><\/p>\n","protected":false},"excerpt":{"rendered":"<p>Artigo de Vander sobre o Mercado Municipal de Campo Grande, que vai passar por obras de reforma com recursos do governo Dilma.<\/p>\n","protected":false},"author":2,"featured_media":0,"comment_status":"closed","ping_status":"open","sticky":false,"template":"","format":"standard","meta":{"jetpack_post_was_ever_published":false,"_jetpack_newsletter_access":"","_jetpack_dont_email_post_to_subs":false,"_jetpack_newsletter_tier_id":0,"_jetpack_memberships_contains_paywalled_content":false,"_jetpack_memberships_contains_paid_content":false,"footnotes":""},"categories":[11],"tags":[145,341,562,608,807,936,966,1178,1274,1275,1336,1345,1655,1993,2028,2033],"class_list":{"0":"post-4022","1":"post","2":"type-post","3":"status-publish","4":"format-standard","6":"category-opinioes","7":"tag-antonio","8":"tag-campo","9":"tag-cultura","10":"tag-deputado","11":"tag-federal","12":"tag-grande","13":"tag-historia","14":"tag-loubet","15":"tag-mercadao","16":"tag-mercado","17":"tag-ms","18":"tag-municipal","19":"tag-pt","20":"tag-turismo","21":"tag-valente","22":"tag-vander"},"yoast_head":"<!-- This site is optimized with the Yoast SEO plugin v27.4 - https:\/\/yoast.com\/product\/yoast-seo-wordpress\/ -->\n<title>Mercad\u00e3o, o lugar que traduz todos os tempos da cidade<\/title>\n<meta name=\"robots\" content=\"index, follow, max-snippet:-1, max-image-preview:large, max-video-preview:-1\" \/>\n<link rel=\"canonical\" href=\"https:\/\/vanderloubet.com.br\/deputado\/mercadao-o-lugar-que-traduz-todos-os-tempos-da-cidade\/\" \/>\n<meta property=\"og:locale\" content=\"pt_BR\" \/>\n<meta property=\"og:type\" content=\"article\" \/>\n<meta property=\"og:title\" content=\"Mercad\u00e3o, o lugar que traduz todos os tempos da cidade\" \/>\n<meta property=\"og:description\" content=\"Artigo de Vander sobre o Mercado Municipal de Campo Grande, que vai passar por obras de reforma com recursos do governo Dilma.\" \/>\n<meta property=\"og:url\" content=\"https:\/\/vanderloubet.com.br\/deputado\/mercadao-o-lugar-que-traduz-todos-os-tempos-da-cidade\/\" \/>\n<meta property=\"og:site_name\" content=\"Deputado Federal Vander Loubet\" \/>\n<meta property=\"article:publisher\" content=\"https:\/\/facebook.com\/deputadovander\" \/>\n<meta property=\"article:published_time\" content=\"2011-11-17T17:49:55+00:00\" \/>\n<meta property=\"og:image\" content=\"http:\/\/www.deputadovander.com.br\/website\/wp-content\/uploads\/2011\/11\/foto-2011-11-17-campo-grande-mercado-municipal-400x266.jpg\" \/>\n<meta name=\"author\" content=\"\u00c9der\" \/>\n<meta name=\"twitter:card\" content=\"summary_large_image\" \/>\n<meta name=\"twitter:creator\" content=\"@vanderloubet\" \/>\n<meta name=\"twitter:site\" content=\"@vanderloubet\" \/>\n<script type=\"application\/ld+json\" class=\"yoast-schema-graph\">{\"@context\":\"https:\\\/\\\/schema.org\",\"@graph\":[{\"@type\":\"Article\",\"@id\":\"https:\\\/\\\/vanderloubet.com.br\\\/deputado\\\/mercadao-o-lugar-que-traduz-todos-os-tempos-da-cidade\\\/#article\",\"isPartOf\":{\"@id\":\"https:\\\/\\\/vanderloubet.com.br\\\/deputado\\\/mercadao-o-lugar-que-traduz-todos-os-tempos-da-cidade\\\/\"},\"author\":{\"name\":\"\u00c9der\",\"@id\":\"https:\\\/\\\/vanderloubet.com.br\\\/deputado\\\/#\\\/schema\\\/person\\\/15b51bd564532a8a68d9dec1b8eb890e\"},\"headline\":\"Mercad\u00e3o, o lugar que traduz todos os tempos da cidade\",\"datePublished\":\"2011-11-17T17:49:55+00:00\",\"mainEntityOfPage\":{\"@id\":\"https:\\\/\\\/vanderloubet.com.br\\\/deputado\\\/mercadao-o-lugar-que-traduz-todos-os-tempos-da-cidade\\\/\"},\"wordCount\":721,\"publisher\":{\"@id\":\"https:\\\/\\\/vanderloubet.com.br\\\/deputado\\\/#organization\"},\"image\":{\"@id\":\"https:\\\/\\\/vanderloubet.com.br\\\/deputado\\\/mercadao-o-lugar-que-traduz-todos-os-tempos-da-cidade\\\/#primaryimage\"},\"thumbnailUrl\":\"http:\\\/\\\/www.deputadovander.com.br\\\/website\\\/wp-content\\\/uploads\\\/2011\\\/11\\\/foto-2011-11-17-campo-grande-mercado-municipal-400x266.jpg\",\"keywords\":[\"antonio\",\"campo\",\"cultura\",\"deputado\",\"federal\",\"grande\",\"hist\u00f3ria\",\"loubet\",\"mercad\u00e3o\",\"mercado\",\"MS\",\"municipal\",\"PT\",\"turismo\",\"valente\",\"vander\"],\"articleSection\":[\"Opini\u00e3o\"],\"inLanguage\":\"pt-BR\"},{\"@type\":\"WebPage\",\"@id\":\"https:\\\/\\\/vanderloubet.com.br\\\/deputado\\\/mercadao-o-lugar-que-traduz-todos-os-tempos-da-cidade\\\/\",\"url\":\"https:\\\/\\\/vanderloubet.com.br\\\/deputado\\\/mercadao-o-lugar-que-traduz-todos-os-tempos-da-cidade\\\/\",\"name\":\"Mercad\u00e3o, o lugar que traduz todos os tempos da cidade\",\"isPartOf\":{\"@id\":\"https:\\\/\\\/vanderloubet.com.br\\\/deputado\\\/#website\"},\"primaryImageOfPage\":{\"@id\":\"https:\\\/\\\/vanderloubet.com.br\\\/deputado\\\/mercadao-o-lugar-que-traduz-todos-os-tempos-da-cidade\\\/#primaryimage\"},\"image\":{\"@id\":\"https:\\\/\\\/vanderloubet.com.br\\\/deputado\\\/mercadao-o-lugar-que-traduz-todos-os-tempos-da-cidade\\\/#primaryimage\"},\"thumbnailUrl\":\"http:\\\/\\\/www.deputadovander.com.br\\\/website\\\/wp-content\\\/uploads\\\/2011\\\/11\\\/foto-2011-11-17-campo-grande-mercado-municipal-400x266.jpg\",\"datePublished\":\"2011-11-17T17:49:55+00:00\",\"breadcrumb\":{\"@id\":\"https:\\\/\\\/vanderloubet.com.br\\\/deputado\\\/mercadao-o-lugar-que-traduz-todos-os-tempos-da-cidade\\\/#breadcrumb\"},\"inLanguage\":\"pt-BR\",\"potentialAction\":[{\"@type\":\"ReadAction\",\"target\":[\"https:\\\/\\\/vanderloubet.com.br\\\/deputado\\\/mercadao-o-lugar-que-traduz-todos-os-tempos-da-cidade\\\/\"]}]},{\"@type\":\"ImageObject\",\"inLanguage\":\"pt-BR\",\"@id\":\"https:\\\/\\\/vanderloubet.com.br\\\/deputado\\\/mercadao-o-lugar-que-traduz-todos-os-tempos-da-cidade\\\/#primaryimage\",\"url\":\"http:\\\/\\\/www.deputadovander.com.br\\\/website\\\/wp-content\\\/uploads\\\/2011\\\/11\\\/foto-2011-11-17-campo-grande-mercado-municipal-400x266.jpg\",\"contentUrl\":\"http:\\\/\\\/www.deputadovander.com.br\\\/website\\\/wp-content\\\/uploads\\\/2011\\\/11\\\/foto-2011-11-17-campo-grande-mercado-municipal-400x266.jpg\"},{\"@type\":\"BreadcrumbList\",\"@id\":\"https:\\\/\\\/vanderloubet.com.br\\\/deputado\\\/mercadao-o-lugar-que-traduz-todos-os-tempos-da-cidade\\\/#breadcrumb\",\"itemListElement\":[{\"@type\":\"ListItem\",\"position\":1,\"name\":\"In\u00edcio\",\"item\":\"https:\\\/\\\/vanderloubet.com.br\\\/deputado\\\/\"},{\"@type\":\"ListItem\",\"position\":2,\"name\":\"Mercad\u00e3o, o lugar que traduz todos os tempos da cidade\"}]},{\"@type\":\"WebSite\",\"@id\":\"https:\\\/\\\/vanderloubet.com.br\\\/deputado\\\/#website\",\"url\":\"https:\\\/\\\/vanderloubet.com.br\\\/deputado\\\/\",\"name\":\"Deputado Federal Vander Loubet\",\"description\":\"O Federal de MS\",\"publisher\":{\"@id\":\"https:\\\/\\\/vanderloubet.com.br\\\/deputado\\\/#organization\"},\"alternateName\":\"Deputado Vander\",\"potentialAction\":[{\"@type\":\"SearchAction\",\"target\":{\"@type\":\"EntryPoint\",\"urlTemplate\":\"https:\\\/\\\/vanderloubet.com.br\\\/deputado\\\/?s={search_term_string}\"},\"query-input\":{\"@type\":\"PropertyValueSpecification\",\"valueRequired\":true,\"valueName\":\"search_term_string\"}}],\"inLanguage\":\"pt-BR\"},{\"@type\":\"Organization\",\"@id\":\"https:\\\/\\\/vanderloubet.com.br\\\/deputado\\\/#organization\",\"name\":\"Deputado Federal Vander Loubet\",\"alternateName\":\"Deputado Vander\",\"url\":\"https:\\\/\\\/vanderloubet.com.br\\\/deputado\\\/\",\"logo\":{\"@type\":\"ImageObject\",\"inLanguage\":\"pt-BR\",\"@id\":\"https:\\\/\\\/vanderloubet.com.br\\\/deputado\\\/#\\\/schema\\\/logo\\\/image\\\/\",\"url\":\"https:\\\/\\\/vanderloubet.com.br\\\/deputado\\\/wp-content\\\/uploads\\\/2023\\\/06\\\/foto-2023-06-19-mandato-deputado-vander.jpg\",\"contentUrl\":\"https:\\\/\\\/vanderloubet.com.br\\\/deputado\\\/wp-content\\\/uploads\\\/2023\\\/06\\\/foto-2023-06-19-mandato-deputado-vander.jpg\",\"width\":1080,\"height\":1080,\"caption\":\"Deputado Federal Vander Loubet\"},\"image\":{\"@id\":\"https:\\\/\\\/vanderloubet.com.br\\\/deputado\\\/#\\\/schema\\\/logo\\\/image\\\/\"},\"sameAs\":[\"https:\\\/\\\/facebook.com\\\/deputadovander\",\"https:\\\/\\\/x.com\\\/vanderloubet\",\"https:\\\/\\\/instagram.com\\\/vanderloubet\",\"https:\\\/\\\/youtube.com\\\/vanderloubet\",\"https:\\\/\\\/tiktok.com\\\/@vanderloubetms\"]},{\"@type\":\"Person\",\"@id\":\"https:\\\/\\\/vanderloubet.com.br\\\/deputado\\\/#\\\/schema\\\/person\\\/15b51bd564532a8a68d9dec1b8eb890e\",\"name\":\"\u00c9der\",\"image\":{\"@type\":\"ImageObject\",\"inLanguage\":\"pt-BR\",\"@id\":\"https:\\\/\\\/vanderloubet.com.br\\\/deputado\\\/wp-content\\\/litespeed\\\/avatar\\\/88ca4090d9d5ab1c9495f6ca03b68efa.jpg?ver=1777058957\",\"url\":\"https:\\\/\\\/vanderloubet.com.br\\\/deputado\\\/wp-content\\\/litespeed\\\/avatar\\\/88ca4090d9d5ab1c9495f6ca03b68efa.jpg?ver=1777058957\",\"contentUrl\":\"https:\\\/\\\/vanderloubet.com.br\\\/deputado\\\/wp-content\\\/litespeed\\\/avatar\\\/88ca4090d9d5ab1c9495f6ca03b68efa.jpg?ver=1777058957\",\"caption\":\"\u00c9der\"}}]}<\/script>\n<!-- \/ Yoast SEO plugin. -->","yoast_head_json":{"title":"Mercad\u00e3o, o lugar que traduz todos os tempos da cidade","robots":{"index":"index","follow":"follow","max-snippet":"max-snippet:-1","max-image-preview":"max-image-preview:large","max-video-preview":"max-video-preview:-1"},"canonical":"https:\/\/vanderloubet.com.br\/deputado\/mercadao-o-lugar-que-traduz-todos-os-tempos-da-cidade\/","og_locale":"pt_BR","og_type":"article","og_title":"Mercad\u00e3o, o lugar que traduz todos os tempos da cidade","og_description":"Artigo de Vander sobre o Mercado Municipal de Campo Grande, que vai passar por obras de reforma com recursos do governo Dilma.","og_url":"https:\/\/vanderloubet.com.br\/deputado\/mercadao-o-lugar-que-traduz-todos-os-tempos-da-cidade\/","og_site_name":"Deputado Federal Vander Loubet","article_publisher":"https:\/\/facebook.com\/deputadovander","article_published_time":"2011-11-17T17:49:55+00:00","og_image":[{"url":"http:\/\/www.deputadovander.com.br\/website\/wp-content\/uploads\/2011\/11\/foto-2011-11-17-campo-grande-mercado-municipal-400x266.jpg","type":"","width":"","height":""}],"author":"\u00c9der","twitter_card":"summary_large_image","twitter_creator":"@vanderloubet","twitter_site":"@vanderloubet","schema":{"@context":"https:\/\/schema.org","@graph":[{"@type":"Article","@id":"https:\/\/vanderloubet.com.br\/deputado\/mercadao-o-lugar-que-traduz-todos-os-tempos-da-cidade\/#article","isPartOf":{"@id":"https:\/\/vanderloubet.com.br\/deputado\/mercadao-o-lugar-que-traduz-todos-os-tempos-da-cidade\/"},"author":{"name":"\u00c9der","@id":"https:\/\/vanderloubet.com.br\/deputado\/#\/schema\/person\/15b51bd564532a8a68d9dec1b8eb890e"},"headline":"Mercad\u00e3o, o lugar que traduz todos os tempos da cidade","datePublished":"2011-11-17T17:49:55+00:00","mainEntityOfPage":{"@id":"https:\/\/vanderloubet.com.br\/deputado\/mercadao-o-lugar-que-traduz-todos-os-tempos-da-cidade\/"},"wordCount":721,"publisher":{"@id":"https:\/\/vanderloubet.com.br\/deputado\/#organization"},"image":{"@id":"https:\/\/vanderloubet.com.br\/deputado\/mercadao-o-lugar-que-traduz-todos-os-tempos-da-cidade\/#primaryimage"},"thumbnailUrl":"http:\/\/www.deputadovander.com.br\/website\/wp-content\/uploads\/2011\/11\/foto-2011-11-17-campo-grande-mercado-municipal-400x266.jpg","keywords":["antonio","campo","cultura","deputado","federal","grande","hist\u00f3ria","loubet","mercad\u00e3o","mercado","MS","municipal","PT","turismo","valente","vander"],"articleSection":["Opini\u00e3o"],"inLanguage":"pt-BR"},{"@type":"WebPage","@id":"https:\/\/vanderloubet.com.br\/deputado\/mercadao-o-lugar-que-traduz-todos-os-tempos-da-cidade\/","url":"https:\/\/vanderloubet.com.br\/deputado\/mercadao-o-lugar-que-traduz-todos-os-tempos-da-cidade\/","name":"Mercad\u00e3o, o lugar que traduz todos os tempos da cidade","isPartOf":{"@id":"https:\/\/vanderloubet.com.br\/deputado\/#website"},"primaryImageOfPage":{"@id":"https:\/\/vanderloubet.com.br\/deputado\/mercadao-o-lugar-que-traduz-todos-os-tempos-da-cidade\/#primaryimage"},"image":{"@id":"https:\/\/vanderloubet.com.br\/deputado\/mercadao-o-lugar-que-traduz-todos-os-tempos-da-cidade\/#primaryimage"},"thumbnailUrl":"http:\/\/www.deputadovander.com.br\/website\/wp-content\/uploads\/2011\/11\/foto-2011-11-17-campo-grande-mercado-municipal-400x266.jpg","datePublished":"2011-11-17T17:49:55+00:00","breadcrumb":{"@id":"https:\/\/vanderloubet.com.br\/deputado\/mercadao-o-lugar-que-traduz-todos-os-tempos-da-cidade\/#breadcrumb"},"inLanguage":"pt-BR","potentialAction":[{"@type":"ReadAction","target":["https:\/\/vanderloubet.com.br\/deputado\/mercadao-o-lugar-que-traduz-todos-os-tempos-da-cidade\/"]}]},{"@type":"ImageObject","inLanguage":"pt-BR","@id":"https:\/\/vanderloubet.com.br\/deputado\/mercadao-o-lugar-que-traduz-todos-os-tempos-da-cidade\/#primaryimage","url":"http:\/\/www.deputadovander.com.br\/website\/wp-content\/uploads\/2011\/11\/foto-2011-11-17-campo-grande-mercado-municipal-400x266.jpg","contentUrl":"http:\/\/www.deputadovander.com.br\/website\/wp-content\/uploads\/2011\/11\/foto-2011-11-17-campo-grande-mercado-municipal-400x266.jpg"},{"@type":"BreadcrumbList","@id":"https:\/\/vanderloubet.com.br\/deputado\/mercadao-o-lugar-que-traduz-todos-os-tempos-da-cidade\/#breadcrumb","itemListElement":[{"@type":"ListItem","position":1,"name":"In\u00edcio","item":"https:\/\/vanderloubet.com.br\/deputado\/"},{"@type":"ListItem","position":2,"name":"Mercad\u00e3o, o lugar que traduz todos os tempos da cidade"}]},{"@type":"WebSite","@id":"https:\/\/vanderloubet.com.br\/deputado\/#website","url":"https:\/\/vanderloubet.com.br\/deputado\/","name":"Deputado Federal Vander Loubet","description":"O Federal de MS","publisher":{"@id":"https:\/\/vanderloubet.com.br\/deputado\/#organization"},"alternateName":"Deputado Vander","potentialAction":[{"@type":"SearchAction","target":{"@type":"EntryPoint","urlTemplate":"https:\/\/vanderloubet.com.br\/deputado\/?s={search_term_string}"},"query-input":{"@type":"PropertyValueSpecification","valueRequired":true,"valueName":"search_term_string"}}],"inLanguage":"pt-BR"},{"@type":"Organization","@id":"https:\/\/vanderloubet.com.br\/deputado\/#organization","name":"Deputado Federal Vander Loubet","alternateName":"Deputado Vander","url":"https:\/\/vanderloubet.com.br\/deputado\/","logo":{"@type":"ImageObject","inLanguage":"pt-BR","@id":"https:\/\/vanderloubet.com.br\/deputado\/#\/schema\/logo\/image\/","url":"https:\/\/vanderloubet.com.br\/deputado\/wp-content\/uploads\/2023\/06\/foto-2023-06-19-mandato-deputado-vander.jpg","contentUrl":"https:\/\/vanderloubet.com.br\/deputado\/wp-content\/uploads\/2023\/06\/foto-2023-06-19-mandato-deputado-vander.jpg","width":1080,"height":1080,"caption":"Deputado Federal Vander Loubet"},"image":{"@id":"https:\/\/vanderloubet.com.br\/deputado\/#\/schema\/logo\/image\/"},"sameAs":["https:\/\/facebook.com\/deputadovander","https:\/\/x.com\/vanderloubet","https:\/\/instagram.com\/vanderloubet","https:\/\/youtube.com\/vanderloubet","https:\/\/tiktok.com\/@vanderloubetms"]},{"@type":"Person","@id":"https:\/\/vanderloubet.com.br\/deputado\/#\/schema\/person\/15b51bd564532a8a68d9dec1b8eb890e","name":"\u00c9der","image":{"@type":"ImageObject","inLanguage":"pt-BR","@id":"https:\/\/vanderloubet.com.br\/deputado\/wp-content\/litespeed\/avatar\/88ca4090d9d5ab1c9495f6ca03b68efa.jpg?ver=1777058957","url":"https:\/\/vanderloubet.com.br\/deputado\/wp-content\/litespeed\/avatar\/88ca4090d9d5ab1c9495f6ca03b68efa.jpg?ver=1777058957","contentUrl":"https:\/\/vanderloubet.com.br\/deputado\/wp-content\/litespeed\/avatar\/88ca4090d9d5ab1c9495f6ca03b68efa.jpg?ver=1777058957","caption":"\u00c9der"}}]}},"jetpack_featured_media_url":"","jetpack_sharing_enabled":true,"_links":{"self":[{"href":"https:\/\/vanderloubet.com.br\/deputado\/wp-json\/wp\/v2\/posts\/4022","targetHints":{"allow":["GET"]}}],"collection":[{"href":"https:\/\/vanderloubet.com.br\/deputado\/wp-json\/wp\/v2\/posts"}],"about":[{"href":"https:\/\/vanderloubet.com.br\/deputado\/wp-json\/wp\/v2\/types\/post"}],"author":[{"embeddable":true,"href":"https:\/\/vanderloubet.com.br\/deputado\/wp-json\/wp\/v2\/users\/2"}],"replies":[{"embeddable":true,"href":"https:\/\/vanderloubet.com.br\/deputado\/wp-json\/wp\/v2\/comments?post=4022"}],"version-history":[{"count":0,"href":"https:\/\/vanderloubet.com.br\/deputado\/wp-json\/wp\/v2\/posts\/4022\/revisions"}],"wp:attachment":[{"href":"https:\/\/vanderloubet.com.br\/deputado\/wp-json\/wp\/v2\/media?parent=4022"}],"wp:term":[{"taxonomy":"category","embeddable":true,"href":"https:\/\/vanderloubet.com.br\/deputado\/wp-json\/wp\/v2\/categories?post=4022"},{"taxonomy":"post_tag","embeddable":true,"href":"https:\/\/vanderloubet.com.br\/deputado\/wp-json\/wp\/v2\/tags?post=4022"}],"curies":[{"name":"wp","href":"https:\/\/api.w.org\/{rel}","templated":true}]}}