{"id":4018,"date":"2011-11-16T09:30:00","date_gmt":"2011-11-16T13:30:00","guid":{"rendered":"http:\/\/www.deputadovander.com.br\/website\/?p=4018"},"modified":"2011-11-16T09:30:00","modified_gmt":"2011-11-16T13:30:00","slug":"ifdm-nova-alvorada-do-sul-e-a-cidade-que-mais-se-desenvolve-em-ms","status":"publish","type":"post","link":"https:\/\/vanderloubet.com.br\/deputado\/ifdm-nova-alvorada-do-sul-e-a-cidade-que-mais-se-desenvolve-em-ms\/","title":{"rendered":"IFDM: Nova Alvorada do Sul \u00e9 a cidade que mais se desenvolve em MS"},"content":{"rendered":"<figure id=\"attachment_4019\" aria-describedby=\"caption-attachment-4019\" style=\"width: 400px\" class=\"wp-caption aligncenter\"><a href=\"http:\/\/www.deputadovander.com.br\/website\/wp-content\/uploads\/2011\/11\/foto-2011-11-16-nova-alvorada-sul.jpg\" target=\"_blank\"><img decoding=\"async\" class=\"size-medium wp-image-4019 \" title=\"foto-2011-11-16-nova-alvorada-sul\" src=\"http:\/\/www.deputadovander.com.br\/website\/wp-content\/uploads\/2011\/11\/foto-2011-11-16-nova-alvorada-sul-400x266.jpg\" alt=\"Travessia urbana na BR-163 foi uma das importantes obras viabilizadas por Vander\" width=\"400\" height=\"266\" \/><\/a><figcaption id=\"caption-attachment-4019\" class=\"wp-caption-text\">Travessia urbana na BR-163 foi uma das importantes obras viabilizadas por Vander<\/figcaption><\/figure>\n<p>Nova Alvorada do Sul, munic\u00edpio administrado pelo Partido dos Trabalhadores (PT), \u00e9 a cidade que obteve o melhor \u00edndice de desenvolvimento de Mato Grosso do Sul, crescendo 11,9% de 2008 para 2009. \u00c9 o que afirmam os dados da Federa\u00e7\u00e3o das Ind\u00fastrias do Estado do Rio de Janeiro (Firjan), por meio do \u00cdndice Firjan de Desenvolvimento Municipal (IFDM), que acompanha anualmente o desenvolvimento socioecon\u00f4mico dos munic\u00edpios, retratando as \u00e1reas de emprego e renda, educa\u00e7\u00e3o e sa\u00fade.<\/p>\n<p>O estudo levou em conta as informa\u00e7\u00f5es prestadas por todos os munic\u00edpios brasileiros ao governo federal. de acordo com esses dados, Nova Alvorada do Sul est\u00e1 entre as 10 das cidades com alto grau de desenvolvimento, saltando do 27\u00ba para o 7\u00ba munic\u00edpio mais desenvolvido do estado.<\/p>\n<p>O prefeito Arlei Barbosa (PT) comemorou a not\u00edcia. &#8220;Esse resultado \u00e9 reflexo do grande trabalho que nossa administra\u00e7\u00e3o vem realizando. Quando assumimos [h\u00e1 seis anos] t\u00ednhamos a id\u00e9ia e o sonho de transformar Nova Alvorada do Sul, antes chamada de &#8216;entroncamento&#8217;. Hoje temos a satisfa\u00e7\u00e3o de colocar a cidade como uma das mais promissoras e importantes do estado&#8221;, afirmou.<\/p>\n<p>Arlei destaca ainda parte das a\u00e7\u00f5es realizadas pela sua administra\u00e7\u00e3o para eleva\u00e7\u00e3o da qualidade de vida da popula\u00e7\u00e3o. &#8220;Fizemos um trabalho para atrair empresas e continuamos essa a\u00e7\u00e3o, mostrando as potencialidades do munic\u00edpio. Al\u00e9m disso trouxemos uma ag\u00eancia do Senai para capacitar nossa m\u00e3o-de-obra, oferecemos cursos<br \/>\nprofissionalizantes gratuitos nas \u00e1reas de agropecu\u00e1ria e a\u00e7\u00facar\/\u00e1lcool, bem como buscamos recursos e incentivos para a melhoria de todas as \u00e1reas: educa\u00e7\u00e3o,<br \/>\ninfraestrutura, sa\u00fade, emprego, cultura, esporte e lazer&#8221;, frisou o prefeito.<\/p>\n<p><strong>A\u00e7\u00e3o de Vander<\/strong><\/p>\n<p>Para o deputado federal Vander Loubet (PT-MS), o desenvolvimento de Nova Alvorada do Sul \u00e9 uma amostra de que o PT cuida bem das cidades que administra. &#8220;O Arlei tem feito um excelente trabalho, que somado aos esfor\u00e7os da bancada federal petista resultou nesse alto grau de desenvolvimento&#8221;, afirmou. &#8220;Al\u00e9m disso, n\u00e3o podemos esquecer a grande preocupa\u00e7\u00e3o do governo federal, com Lula e Dilma, de investir na municipalidade. Sem d\u00favida isso fez a diferen\u00e7a&#8221;, completa Vander.<\/p>\n<p>Sobre os esfor\u00e7os da bancada do PT no Congresso, desde 2003, o deputado Vander Loubet j\u00e1 destinou R$ 20,2 milh\u00f5es em emendas e recursos para investimentos em Nova Alvorada do Sul:<\/p>\n<ol>\n<li>M\u00e1quinas e equipamentos para patrulha mecanizada (p\u00e1 carregadeira) &#8211; R$ 390 mil<\/li>\n<li>Pavimenta\u00e7\u00e3o asf\u00e1ltica (ruas Neri Bressan, Jos\u00e9 Bressan, Valdemar Coelho, L\u00fadio Coelho, Mario Vicente da Silva, Dorivaldo Monteiro Nogueira, Jonas Levi Antunes de Souza, Francisca Stradiotti, Deolinda Stradiotti, Ayde de Ara\u00fajo, Jonas Pereira de Souza, Jos\u00e9 Pereira do Nascimento) &#8211; R$ 1 milh\u00e3o<\/li>\n<li>Pavimenta\u00e7\u00e3o asf\u00e1ltica (Av. Irineu de Souza Ara\u00fajo) &#8211; R$ 500 mil<\/li>\n<li>Amplia\u00e7\u00e3o do posto de sa\u00fade Leonora Dias de Brito &#8211; R$ 100 mil<\/li>\n<li>Casas populares &#8211; R$ 195 mil<\/li>\n<li>Centro de Refer\u00eancia de Assist\u00eancia Social (Cras) &#8211; R$ 175 mil<\/li>\n<li>Travessia urbana na BR-163 &#8211; R$ 14 milh\u00f5es<\/li>\n<li>Energia no campo (Programa Luz para Todos) &#8211; R$ 2,3 milh\u00f5es<\/li>\n<li>Parque Recreativo Nelson de Oliveira (Nelson Terer\u00e9) &#8211; R$ 1 milh\u00e3o<\/li>\n<li>Aquisi\u00e7\u00e3o de sete caminh\u00f5es (Pr\u00f3-Vias) &#8211; R$ 1,2 milh\u00e3o<\/li>\n<\/ol>\n<p><span style=\"font-size: 11px;\">(\u00c9der Yanaguita\/Assessoria Deputado Vander)<\/span><\/p>\n","protected":false},"excerpt":{"rendered":"<p>Emendas e recursos viabilizados pelo deputado Vander, que somam R$ 20,2 milh\u00f5es, colaboraram para o desenvolvimento do munic\u00edpio.<\/p>\n","protected":false},"author":2,"featured_media":0,"comment_status":"open","ping_status":"open","sticky":false,"template":"","format":"standard","meta":{"jetpack_post_was_ever_published":false,"_jetpack_newsletter_access":"","_jetpack_dont_email_post_to_subs":false,"_jetpack_newsletter_tier_id":0,"_jetpack_memberships_contains_paywalled_content":false,"_jetpack_memberships_contains_paid_content":false,"footnotes":""},"categories":[10],"tags":[112,175,242,608,618,710,807,847,989,1178,1336,1400,1607,1655,1687,1902,2033],"class_list":{"0":"post-4018","1":"post","2":"type-post","3":"status-publish","4":"format-standard","6":"category-noticias","7":"tag-alvorada","8":"tag-arlei","9":"tag-barbosa","10":"tag-deputado","11":"tag-desenvolvimento","12":"tag-emendas","13":"tag-federal","14":"tag-firjan","15":"tag-ifdm","16":"tag-loubet","17":"tag-ms","18":"tag-nova","19":"tag-prefeito","20":"tag-pt","21":"tag-recursos","22":"tag-sul","23":"tag-vander"},"yoast_head":"<!-- This site is optimized with the Yoast SEO plugin v27.4 - https:\/\/yoast.com\/product\/yoast-seo-wordpress\/ -->\n<title>IFDM: Nova Alvorada do Sul \u00e9 a cidade que mais se desenvolve em MS<\/title>\n<meta name=\"robots\" content=\"index, follow, max-snippet:-1, max-image-preview:large, max-video-preview:-1\" \/>\n<link rel=\"canonical\" href=\"https:\/\/vanderloubet.com.br\/deputado\/ifdm-nova-alvorada-do-sul-e-a-cidade-que-mais-se-desenvolve-em-ms\/\" \/>\n<meta property=\"og:locale\" content=\"pt_BR\" \/>\n<meta property=\"og:type\" content=\"article\" \/>\n<meta property=\"og:title\" content=\"IFDM: Nova Alvorada do Sul \u00e9 a cidade que mais se desenvolve em MS\" \/>\n<meta property=\"og:description\" content=\"Emendas e recursos viabilizados pelo deputado Vander, que somam R$ 20,2 milh\u00f5es, colaboraram para o desenvolvimento do munic\u00edpio.\" \/>\n<meta property=\"og:url\" content=\"https:\/\/vanderloubet.com.br\/deputado\/ifdm-nova-alvorada-do-sul-e-a-cidade-que-mais-se-desenvolve-em-ms\/\" \/>\n<meta property=\"og:site_name\" content=\"Deputado Federal Vander Loubet\" \/>\n<meta property=\"article:publisher\" content=\"https:\/\/facebook.com\/deputadovander\" \/>\n<meta property=\"article:published_time\" content=\"2011-11-16T13:30:00+00:00\" \/>\n<meta property=\"og:image\" content=\"http:\/\/www.deputadovander.com.br\/website\/wp-content\/uploads\/2011\/11\/foto-2011-11-16-nova-alvorada-sul-400x266.jpg\" \/>\n<meta name=\"author\" content=\"\u00c9der\" \/>\n<meta name=\"twitter:card\" content=\"summary_large_image\" \/>\n<meta name=\"twitter:creator\" content=\"@vanderloubet\" \/>\n<meta name=\"twitter:site\" content=\"@vanderloubet\" \/>\n<script type=\"application\/ld+json\" class=\"yoast-schema-graph\">{\"@context\":\"https:\\\/\\\/schema.org\",\"@graph\":[{\"@type\":\"Article\",\"@id\":\"https:\\\/\\\/vanderloubet.com.br\\\/deputado\\\/ifdm-nova-alvorada-do-sul-e-a-cidade-que-mais-se-desenvolve-em-ms\\\/#article\",\"isPartOf\":{\"@id\":\"https:\\\/\\\/vanderloubet.com.br\\\/deputado\\\/ifdm-nova-alvorada-do-sul-e-a-cidade-que-mais-se-desenvolve-em-ms\\\/\"},\"author\":{\"name\":\"\u00c9der\",\"@id\":\"https:\\\/\\\/vanderloubet.com.br\\\/deputado\\\/#\\\/schema\\\/person\\\/15b51bd564532a8a68d9dec1b8eb890e\"},\"headline\":\"IFDM: Nova Alvorada do Sul \u00e9 a cidade que mais se desenvolve em MS\",\"datePublished\":\"2011-11-16T13:30:00+00:00\",\"mainEntityOfPage\":{\"@id\":\"https:\\\/\\\/vanderloubet.com.br\\\/deputado\\\/ifdm-nova-alvorada-do-sul-e-a-cidade-que-mais-se-desenvolve-em-ms\\\/\"},\"wordCount\":578,\"commentCount\":0,\"publisher\":{\"@id\":\"https:\\\/\\\/vanderloubet.com.br\\\/deputado\\\/#organization\"},\"image\":{\"@id\":\"https:\\\/\\\/vanderloubet.com.br\\\/deputado\\\/ifdm-nova-alvorada-do-sul-e-a-cidade-que-mais-se-desenvolve-em-ms\\\/#primaryimage\"},\"thumbnailUrl\":\"http:\\\/\\\/www.deputadovander.com.br\\\/website\\\/wp-content\\\/uploads\\\/2011\\\/11\\\/foto-2011-11-16-nova-alvorada-sul-400x266.jpg\",\"keywords\":[\"alvorada\",\"arlei\",\"barbosa\",\"deputado\",\"desenvolvimento\",\"emendas\",\"federal\",\"firjan\",\"ifdm\",\"loubet\",\"MS\",\"nova\",\"prefeito\",\"PT\",\"recursos\",\"sul\",\"vander\"],\"articleSection\":[\"Not\u00edcias\"],\"inLanguage\":\"pt-BR\",\"potentialAction\":[{\"@type\":\"CommentAction\",\"name\":\"Comment\",\"target\":[\"https:\\\/\\\/vanderloubet.com.br\\\/deputado\\\/ifdm-nova-alvorada-do-sul-e-a-cidade-que-mais-se-desenvolve-em-ms\\\/#respond\"]}]},{\"@type\":\"WebPage\",\"@id\":\"https:\\\/\\\/vanderloubet.com.br\\\/deputado\\\/ifdm-nova-alvorada-do-sul-e-a-cidade-que-mais-se-desenvolve-em-ms\\\/\",\"url\":\"https:\\\/\\\/vanderloubet.com.br\\\/deputado\\\/ifdm-nova-alvorada-do-sul-e-a-cidade-que-mais-se-desenvolve-em-ms\\\/\",\"name\":\"IFDM: Nova Alvorada do Sul \u00e9 a cidade que mais se desenvolve em MS\",\"isPartOf\":{\"@id\":\"https:\\\/\\\/vanderloubet.com.br\\\/deputado\\\/#website\"},\"primaryImageOfPage\":{\"@id\":\"https:\\\/\\\/vanderloubet.com.br\\\/deputado\\\/ifdm-nova-alvorada-do-sul-e-a-cidade-que-mais-se-desenvolve-em-ms\\\/#primaryimage\"},\"image\":{\"@id\":\"https:\\\/\\\/vanderloubet.com.br\\\/deputado\\\/ifdm-nova-alvorada-do-sul-e-a-cidade-que-mais-se-desenvolve-em-ms\\\/#primaryimage\"},\"thumbnailUrl\":\"http:\\\/\\\/www.deputadovander.com.br\\\/website\\\/wp-content\\\/uploads\\\/2011\\\/11\\\/foto-2011-11-16-nova-alvorada-sul-400x266.jpg\",\"datePublished\":\"2011-11-16T13:30:00+00:00\",\"breadcrumb\":{\"@id\":\"https:\\\/\\\/vanderloubet.com.br\\\/deputado\\\/ifdm-nova-alvorada-do-sul-e-a-cidade-que-mais-se-desenvolve-em-ms\\\/#breadcrumb\"},\"inLanguage\":\"pt-BR\",\"potentialAction\":[{\"@type\":\"ReadAction\",\"target\":[\"https:\\\/\\\/vanderloubet.com.br\\\/deputado\\\/ifdm-nova-alvorada-do-sul-e-a-cidade-que-mais-se-desenvolve-em-ms\\\/\"]}]},{\"@type\":\"ImageObject\",\"inLanguage\":\"pt-BR\",\"@id\":\"https:\\\/\\\/vanderloubet.com.br\\\/deputado\\\/ifdm-nova-alvorada-do-sul-e-a-cidade-que-mais-se-desenvolve-em-ms\\\/#primaryimage\",\"url\":\"http:\\\/\\\/www.deputadovander.com.br\\\/website\\\/wp-content\\\/uploads\\\/2011\\\/11\\\/foto-2011-11-16-nova-alvorada-sul-400x266.jpg\",\"contentUrl\":\"http:\\\/\\\/www.deputadovander.com.br\\\/website\\\/wp-content\\\/uploads\\\/2011\\\/11\\\/foto-2011-11-16-nova-alvorada-sul-400x266.jpg\"},{\"@type\":\"BreadcrumbList\",\"@id\":\"https:\\\/\\\/vanderloubet.com.br\\\/deputado\\\/ifdm-nova-alvorada-do-sul-e-a-cidade-que-mais-se-desenvolve-em-ms\\\/#breadcrumb\",\"itemListElement\":[{\"@type\":\"ListItem\",\"position\":1,\"name\":\"In\u00edcio\",\"item\":\"https:\\\/\\\/vanderloubet.com.br\\\/deputado\\\/\"},{\"@type\":\"ListItem\",\"position\":2,\"name\":\"IFDM: Nova Alvorada do Sul \u00e9 a cidade que mais se desenvolve em MS\"}]},{\"@type\":\"WebSite\",\"@id\":\"https:\\\/\\\/vanderloubet.com.br\\\/deputado\\\/#website\",\"url\":\"https:\\\/\\\/vanderloubet.com.br\\\/deputado\\\/\",\"name\":\"Deputado Federal Vander Loubet\",\"description\":\"O Federal de MS\",\"publisher\":{\"@id\":\"https:\\\/\\\/vanderloubet.com.br\\\/deputado\\\/#organization\"},\"alternateName\":\"Deputado Vander\",\"potentialAction\":[{\"@type\":\"SearchAction\",\"target\":{\"@type\":\"EntryPoint\",\"urlTemplate\":\"https:\\\/\\\/vanderloubet.com.br\\\/deputado\\\/?s={search_term_string}\"},\"query-input\":{\"@type\":\"PropertyValueSpecification\",\"valueRequired\":true,\"valueName\":\"search_term_string\"}}],\"inLanguage\":\"pt-BR\"},{\"@type\":\"Organization\",\"@id\":\"https:\\\/\\\/vanderloubet.com.br\\\/deputado\\\/#organization\",\"name\":\"Deputado Federal Vander Loubet\",\"alternateName\":\"Deputado Vander\",\"url\":\"https:\\\/\\\/vanderloubet.com.br\\\/deputado\\\/\",\"logo\":{\"@type\":\"ImageObject\",\"inLanguage\":\"pt-BR\",\"@id\":\"https:\\\/\\\/vanderloubet.com.br\\\/deputado\\\/#\\\/schema\\\/logo\\\/image\\\/\",\"url\":\"https:\\\/\\\/vanderloubet.com.br\\\/deputado\\\/wp-content\\\/uploads\\\/2023\\\/06\\\/foto-2023-06-19-mandato-deputado-vander.jpg\",\"contentUrl\":\"https:\\\/\\\/vanderloubet.com.br\\\/deputado\\\/wp-content\\\/uploads\\\/2023\\\/06\\\/foto-2023-06-19-mandato-deputado-vander.jpg\",\"width\":1080,\"height\":1080,\"caption\":\"Deputado Federal Vander Loubet\"},\"image\":{\"@id\":\"https:\\\/\\\/vanderloubet.com.br\\\/deputado\\\/#\\\/schema\\\/logo\\\/image\\\/\"},\"sameAs\":[\"https:\\\/\\\/facebook.com\\\/deputadovander\",\"https:\\\/\\\/x.com\\\/vanderloubet\",\"https:\\\/\\\/instagram.com\\\/vanderloubet\",\"https:\\\/\\\/youtube.com\\\/vanderloubet\",\"https:\\\/\\\/tiktok.com\\\/@vanderloubetms\"]},{\"@type\":\"Person\",\"@id\":\"https:\\\/\\\/vanderloubet.com.br\\\/deputado\\\/#\\\/schema\\\/person\\\/15b51bd564532a8a68d9dec1b8eb890e\",\"name\":\"\u00c9der\",\"image\":{\"@type\":\"ImageObject\",\"inLanguage\":\"pt-BR\",\"@id\":\"https:\\\/\\\/vanderloubet.com.br\\\/deputado\\\/wp-content\\\/litespeed\\\/avatar\\\/88ca4090d9d5ab1c9495f6ca03b68efa.jpg?ver=1777058957\",\"url\":\"https:\\\/\\\/vanderloubet.com.br\\\/deputado\\\/wp-content\\\/litespeed\\\/avatar\\\/88ca4090d9d5ab1c9495f6ca03b68efa.jpg?ver=1777058957\",\"contentUrl\":\"https:\\\/\\\/vanderloubet.com.br\\\/deputado\\\/wp-content\\\/litespeed\\\/avatar\\\/88ca4090d9d5ab1c9495f6ca03b68efa.jpg?ver=1777058957\",\"caption\":\"\u00c9der\"}}]}<\/script>\n<!-- \/ Yoast SEO plugin. -->","yoast_head_json":{"title":"IFDM: Nova Alvorada do Sul \u00e9 a cidade que mais se desenvolve em MS","robots":{"index":"index","follow":"follow","max-snippet":"max-snippet:-1","max-image-preview":"max-image-preview:large","max-video-preview":"max-video-preview:-1"},"canonical":"https:\/\/vanderloubet.com.br\/deputado\/ifdm-nova-alvorada-do-sul-e-a-cidade-que-mais-se-desenvolve-em-ms\/","og_locale":"pt_BR","og_type":"article","og_title":"IFDM: Nova Alvorada do Sul \u00e9 a cidade que mais se desenvolve em MS","og_description":"Emendas e recursos viabilizados pelo deputado Vander, que somam R$ 20,2 milh\u00f5es, colaboraram para o desenvolvimento do munic\u00edpio.","og_url":"https:\/\/vanderloubet.com.br\/deputado\/ifdm-nova-alvorada-do-sul-e-a-cidade-que-mais-se-desenvolve-em-ms\/","og_site_name":"Deputado Federal Vander Loubet","article_publisher":"https:\/\/facebook.com\/deputadovander","article_published_time":"2011-11-16T13:30:00+00:00","og_image":[{"url":"http:\/\/www.deputadovander.com.br\/website\/wp-content\/uploads\/2011\/11\/foto-2011-11-16-nova-alvorada-sul-400x266.jpg","type":"","width":"","height":""}],"author":"\u00c9der","twitter_card":"summary_large_image","twitter_creator":"@vanderloubet","twitter_site":"@vanderloubet","schema":{"@context":"https:\/\/schema.org","@graph":[{"@type":"Article","@id":"https:\/\/vanderloubet.com.br\/deputado\/ifdm-nova-alvorada-do-sul-e-a-cidade-que-mais-se-desenvolve-em-ms\/#article","isPartOf":{"@id":"https:\/\/vanderloubet.com.br\/deputado\/ifdm-nova-alvorada-do-sul-e-a-cidade-que-mais-se-desenvolve-em-ms\/"},"author":{"name":"\u00c9der","@id":"https:\/\/vanderloubet.com.br\/deputado\/#\/schema\/person\/15b51bd564532a8a68d9dec1b8eb890e"},"headline":"IFDM: Nova Alvorada do Sul \u00e9 a cidade que mais se desenvolve em MS","datePublished":"2011-11-16T13:30:00+00:00","mainEntityOfPage":{"@id":"https:\/\/vanderloubet.com.br\/deputado\/ifdm-nova-alvorada-do-sul-e-a-cidade-que-mais-se-desenvolve-em-ms\/"},"wordCount":578,"commentCount":0,"publisher":{"@id":"https:\/\/vanderloubet.com.br\/deputado\/#organization"},"image":{"@id":"https:\/\/vanderloubet.com.br\/deputado\/ifdm-nova-alvorada-do-sul-e-a-cidade-que-mais-se-desenvolve-em-ms\/#primaryimage"},"thumbnailUrl":"http:\/\/www.deputadovander.com.br\/website\/wp-content\/uploads\/2011\/11\/foto-2011-11-16-nova-alvorada-sul-400x266.jpg","keywords":["alvorada","arlei","barbosa","deputado","desenvolvimento","emendas","federal","firjan","ifdm","loubet","MS","nova","prefeito","PT","recursos","sul","vander"],"articleSection":["Not\u00edcias"],"inLanguage":"pt-BR","potentialAction":[{"@type":"CommentAction","name":"Comment","target":["https:\/\/vanderloubet.com.br\/deputado\/ifdm-nova-alvorada-do-sul-e-a-cidade-que-mais-se-desenvolve-em-ms\/#respond"]}]},{"@type":"WebPage","@id":"https:\/\/vanderloubet.com.br\/deputado\/ifdm-nova-alvorada-do-sul-e-a-cidade-que-mais-se-desenvolve-em-ms\/","url":"https:\/\/vanderloubet.com.br\/deputado\/ifdm-nova-alvorada-do-sul-e-a-cidade-que-mais-se-desenvolve-em-ms\/","name":"IFDM: Nova Alvorada do Sul \u00e9 a cidade que mais se desenvolve em MS","isPartOf":{"@id":"https:\/\/vanderloubet.com.br\/deputado\/#website"},"primaryImageOfPage":{"@id":"https:\/\/vanderloubet.com.br\/deputado\/ifdm-nova-alvorada-do-sul-e-a-cidade-que-mais-se-desenvolve-em-ms\/#primaryimage"},"image":{"@id":"https:\/\/vanderloubet.com.br\/deputado\/ifdm-nova-alvorada-do-sul-e-a-cidade-que-mais-se-desenvolve-em-ms\/#primaryimage"},"thumbnailUrl":"http:\/\/www.deputadovander.com.br\/website\/wp-content\/uploads\/2011\/11\/foto-2011-11-16-nova-alvorada-sul-400x266.jpg","datePublished":"2011-11-16T13:30:00+00:00","breadcrumb":{"@id":"https:\/\/vanderloubet.com.br\/deputado\/ifdm-nova-alvorada-do-sul-e-a-cidade-que-mais-se-desenvolve-em-ms\/#breadcrumb"},"inLanguage":"pt-BR","potentialAction":[{"@type":"ReadAction","target":["https:\/\/vanderloubet.com.br\/deputado\/ifdm-nova-alvorada-do-sul-e-a-cidade-que-mais-se-desenvolve-em-ms\/"]}]},{"@type":"ImageObject","inLanguage":"pt-BR","@id":"https:\/\/vanderloubet.com.br\/deputado\/ifdm-nova-alvorada-do-sul-e-a-cidade-que-mais-se-desenvolve-em-ms\/#primaryimage","url":"http:\/\/www.deputadovander.com.br\/website\/wp-content\/uploads\/2011\/11\/foto-2011-11-16-nova-alvorada-sul-400x266.jpg","contentUrl":"http:\/\/www.deputadovander.com.br\/website\/wp-content\/uploads\/2011\/11\/foto-2011-11-16-nova-alvorada-sul-400x266.jpg"},{"@type":"BreadcrumbList","@id":"https:\/\/vanderloubet.com.br\/deputado\/ifdm-nova-alvorada-do-sul-e-a-cidade-que-mais-se-desenvolve-em-ms\/#breadcrumb","itemListElement":[{"@type":"ListItem","position":1,"name":"In\u00edcio","item":"https:\/\/vanderloubet.com.br\/deputado\/"},{"@type":"ListItem","position":2,"name":"IFDM: Nova Alvorada do Sul \u00e9 a cidade que mais se desenvolve em MS"}]},{"@type":"WebSite","@id":"https:\/\/vanderloubet.com.br\/deputado\/#website","url":"https:\/\/vanderloubet.com.br\/deputado\/","name":"Deputado Federal Vander Loubet","description":"O Federal de MS","publisher":{"@id":"https:\/\/vanderloubet.com.br\/deputado\/#organization"},"alternateName":"Deputado Vander","potentialAction":[{"@type":"SearchAction","target":{"@type":"EntryPoint","urlTemplate":"https:\/\/vanderloubet.com.br\/deputado\/?s={search_term_string}"},"query-input":{"@type":"PropertyValueSpecification","valueRequired":true,"valueName":"search_term_string"}}],"inLanguage":"pt-BR"},{"@type":"Organization","@id":"https:\/\/vanderloubet.com.br\/deputado\/#organization","name":"Deputado Federal Vander Loubet","alternateName":"Deputado Vander","url":"https:\/\/vanderloubet.com.br\/deputado\/","logo":{"@type":"ImageObject","inLanguage":"pt-BR","@id":"https:\/\/vanderloubet.com.br\/deputado\/#\/schema\/logo\/image\/","url":"https:\/\/vanderloubet.com.br\/deputado\/wp-content\/uploads\/2023\/06\/foto-2023-06-19-mandato-deputado-vander.jpg","contentUrl":"https:\/\/vanderloubet.com.br\/deputado\/wp-content\/uploads\/2023\/06\/foto-2023-06-19-mandato-deputado-vander.jpg","width":1080,"height":1080,"caption":"Deputado Federal Vander Loubet"},"image":{"@id":"https:\/\/vanderloubet.com.br\/deputado\/#\/schema\/logo\/image\/"},"sameAs":["https:\/\/facebook.com\/deputadovander","https:\/\/x.com\/vanderloubet","https:\/\/instagram.com\/vanderloubet","https:\/\/youtube.com\/vanderloubet","https:\/\/tiktok.com\/@vanderloubetms"]},{"@type":"Person","@id":"https:\/\/vanderloubet.com.br\/deputado\/#\/schema\/person\/15b51bd564532a8a68d9dec1b8eb890e","name":"\u00c9der","image":{"@type":"ImageObject","inLanguage":"pt-BR","@id":"https:\/\/vanderloubet.com.br\/deputado\/wp-content\/litespeed\/avatar\/88ca4090d9d5ab1c9495f6ca03b68efa.jpg?ver=1777058957","url":"https:\/\/vanderloubet.com.br\/deputado\/wp-content\/litespeed\/avatar\/88ca4090d9d5ab1c9495f6ca03b68efa.jpg?ver=1777058957","contentUrl":"https:\/\/vanderloubet.com.br\/deputado\/wp-content\/litespeed\/avatar\/88ca4090d9d5ab1c9495f6ca03b68efa.jpg?ver=1777058957","caption":"\u00c9der"}}]}},"jetpack_featured_media_url":"","jetpack_sharing_enabled":true,"_links":{"self":[{"href":"https:\/\/vanderloubet.com.br\/deputado\/wp-json\/wp\/v2\/posts\/4018","targetHints":{"allow":["GET"]}}],"collection":[{"href":"https:\/\/vanderloubet.com.br\/deputado\/wp-json\/wp\/v2\/posts"}],"about":[{"href":"https:\/\/vanderloubet.com.br\/deputado\/wp-json\/wp\/v2\/types\/post"}],"author":[{"embeddable":true,"href":"https:\/\/vanderloubet.com.br\/deputado\/wp-json\/wp\/v2\/users\/2"}],"replies":[{"embeddable":true,"href":"https:\/\/vanderloubet.com.br\/deputado\/wp-json\/wp\/v2\/comments?post=4018"}],"version-history":[{"count":0,"href":"https:\/\/vanderloubet.com.br\/deputado\/wp-json\/wp\/v2\/posts\/4018\/revisions"}],"wp:attachment":[{"href":"https:\/\/vanderloubet.com.br\/deputado\/wp-json\/wp\/v2\/media?parent=4018"}],"wp:term":[{"taxonomy":"category","embeddable":true,"href":"https:\/\/vanderloubet.com.br\/deputado\/wp-json\/wp\/v2\/categories?post=4018"},{"taxonomy":"post_tag","embeddable":true,"href":"https:\/\/vanderloubet.com.br\/deputado\/wp-json\/wp\/v2\/tags?post=4018"}],"curies":[{"name":"wp","href":"https:\/\/api.w.org\/{rel}","templated":true}]}}