{"id":3946,"date":"2011-11-01T14:21:35","date_gmt":"2011-11-01T18:21:35","guid":{"rendered":"http:\/\/www.deputadovander.com.br\/website\/?p=3946"},"modified":"2011-11-01T14:21:35","modified_gmt":"2011-11-01T18:21:35","slug":"vander-governo-federal-nao-administra-campo-grande","status":"publish","type":"post","link":"https:\/\/vanderloubet.com.br\/deputado\/vander-governo-federal-nao-administra-campo-grande\/","title":{"rendered":"Vander: governo federal n\u00e3o administra Campo Grande"},"content":{"rendered":"<figure id=\"attachment_3947\" aria-describedby=\"caption-attachment-3947\" style=\"width: 400px\" class=\"wp-caption aligncenter\"><a href=\"http:\/\/www.deputadovander.com.br\/website\/wp-content\/uploads\/2011\/11\/foto-2011-11-01-cratera-nova-lima.jpg\" target=\"_blank\"><img decoding=\"async\" class=\"size-medium wp-image-3947 \" title=\"foto-2011-11-01-cratera-nova-lima\" src=\"http:\/\/www.deputadovander.com.br\/website\/wp-content\/uploads\/2011\/11\/foto-2011-11-01-cratera-nova-lima-400x266.jpg\" alt=\"Cratera no Bairro Nova Lima \u00e9 problema antigo e piora cada vez mais (foto: Sim\u00e3o Nogueira)\" width=\"400\" height=\"266\" \/><\/a><figcaption id=\"caption-attachment-3947\" class=\"wp-caption-text\">Cratera no Bairro Nova Lima \u00e9 problema antigo e tem piorado cada vez mais pela falta de a\u00e7\u00e3o da Prefeitura (foto: Sim\u00e3o Nogueira)<\/figcaption><\/figure>\n<p>O deputado federal Vander Loubet (PT-MS) reagiu hoje (1) em Bras\u00edlia \u00e0s cr\u00edticas feitas em Campo Grande sobre poss\u00edveis atrasos na libera\u00e7\u00e3o de verbas da Uni\u00e3o para obras de solu\u00e7\u00e3o das eros\u00f5es e vossorocas existentes em v\u00e1rios pontos da Capital &#8211; caso da regi\u00e3o do Bairro Nova Lima, da Rua Spipe Calarge (em frente ao R\u00e1dio Clube Campo) e da rodovia MS-080 (sa\u00edda para Rochedo).<\/p>\n<p>Segundo Vander, as declara\u00e7\u00f5es \u00e0 imprensa do prefeito Nelson Trad Filho (PMDB) e do secret\u00e1rio municipal de Infraestrutura, Transporte e Habita\u00e7\u00e3o, Jo\u00e3o Ant\u00f4nio de Marco, demonstram profunda ingratid\u00e3o e a tentativa de empurrar para o governo federal a responsabilidade sobre os problemas da cidade. &#8220;Campo Grande nunca recebeu tantos recursos dos cofres federais como nesses \u00faltimos oito anos com as gest\u00f5es de Lula e Dilma na Presid\u00eancia. No \u00faltimo anivers\u00e1rio da cidade, a Prefeitura fez festa anunciando investimentos de R$ 521 milh\u00f5es &#8211; posso afirmar que pelo menos 90%, se n\u00e3o mais, desse montante s\u00e3o recursos do PAC, do PAC 2 e de emendas parlamentares da bancada federal, ou seja, tudo recurso da Uni\u00e3o. Agora, por causa de R$ 5 milh\u00f5es, est\u00e3o querendo dizer que a culpa dos imensos buracos da cidade \u00e9 do governo federal? N\u00e3o podemos aceitar isso&#8221;, pontuou Vander.<\/p>\n<p>N\u00e3o se pode responsabilizar o governo federal por quest\u00f5es de compet\u00eancia da Prefeitura, afirma Vander. &#8220;Essas grandes eros\u00f5es s\u00e3o causadas por obras mal feitas e falta de manuten\u00e7\u00e3o das vias p\u00fablicas. N\u00e3o se pode culpar a Uni\u00e3o pela falta de a\u00e7\u00e3o nos bairros afetados pelos buracos. O governo federal n\u00e3o administra Campo Grande&#8221;.<\/p>\n<p>Entre as obras realizadas ou em andamento em Campo Grande com recursos federais nos \u00faltimos oito anos est\u00e3o a canaliza\u00e7\u00e3o, urbaniza\u00e7\u00e3o e constru\u00e7\u00e3o dos parques lineares dos c\u00f3rregos Imbirussu e Serradinho (PAC de R$ 57 milh\u00f5es), Caba\u00e7a e Segredo (PAC de R$ 35,4 milh\u00f5es e PAC 2 de R$ 34,8 milh\u00f5es), Lagoa (PAC de R$ 35 milh\u00f5es) e B\u00e1lsamo (PAC 2 de R$ 67,6 milh\u00f5es). Tamb\u00e9m podem ser citadas as obras da Orla Morena (R$ 10,3 milh\u00f5es) e da Via Morena\/Duque de Caxias (R$ 13,9 milh\u00f5es). &#8220;S\u00e3o obras que est\u00e3o transformando a paisagem urbana da Capital e melhorando a qualidade de vida de toda a popula\u00e7\u00e3o. A Prefeitura n\u00e3o tem do que reclamar quanto ao governo federal&#8221;, conclui Vander.<\/p>\n<p><span style=\"font-size: 11px;\">(\u00c9der Yanaguita\/Assessoria Deputado Vander)<\/span><\/p>\n","protected":false},"excerpt":{"rendered":"<p>Para deputado, n\u00e3o se pode responsabilizar governo federal por quest\u00f5es de compet\u00eancia da Prefeitura, caso das crateras.<\/p>\n","protected":false},"author":2,"featured_media":0,"comment_status":"closed","ping_status":"open","sticky":false,"template":"","format":"standard","meta":{"jetpack_post_was_ever_published":false,"_jetpack_newsletter_access":"","_jetpack_dont_email_post_to_subs":false,"_jetpack_newsletter_tier_id":0,"_jetpack_memberships_contains_paywalled_content":false,"_jetpack_memberships_contains_paid_content":false,"footnotes":""},"categories":[10],"tags":[309,341,546,608,631,729,807,842,931,936,1178,1189,1375,1564,1655,1965,2033,2072],"class_list":{"0":"post-3946","1":"post","2":"type-post","3":"status-publish","4":"format-standard","6":"category-noticias","7":"tag-buracos","8":"tag-campo","9":"tag-crateras","10":"tag-deputado","11":"tag-dilma","12":"tag-erosoes","13":"tag-federal","14":"tag-filho","15":"tag-governo","16":"tag-grande","17":"tag-loubet","18":"tag-lula","19":"tag-nelson","20":"tag-pmdb","21":"tag-pt","22":"tag-trad","23":"tag-vander","24":"tag-vossorocas"},"yoast_head":"<!-- This site is optimized with the Yoast SEO plugin v27.4 - https:\/\/yoast.com\/product\/yoast-seo-wordpress\/ -->\n<title>Vander: governo federal n\u00e3o administra Campo Grande<\/title>\n<meta name=\"robots\" content=\"index, follow, max-snippet:-1, max-image-preview:large, max-video-preview:-1\" \/>\n<link rel=\"canonical\" href=\"https:\/\/vanderloubet.com.br\/deputado\/vander-governo-federal-nao-administra-campo-grande\/\" \/>\n<meta property=\"og:locale\" content=\"pt_BR\" \/>\n<meta property=\"og:type\" content=\"article\" \/>\n<meta property=\"og:title\" content=\"Vander: governo federal n\u00e3o administra Campo Grande\" \/>\n<meta property=\"og:description\" content=\"Para deputado, n\u00e3o se pode responsabilizar governo federal por quest\u00f5es de compet\u00eancia da Prefeitura, caso das crateras.\" \/>\n<meta property=\"og:url\" content=\"https:\/\/vanderloubet.com.br\/deputado\/vander-governo-federal-nao-administra-campo-grande\/\" \/>\n<meta property=\"og:site_name\" content=\"Deputado Federal Vander Loubet\" \/>\n<meta property=\"article:publisher\" content=\"https:\/\/facebook.com\/deputadovander\" \/>\n<meta property=\"article:published_time\" content=\"2011-11-01T18:21:35+00:00\" \/>\n<meta property=\"og:image\" content=\"http:\/\/www.deputadovander.com.br\/website\/wp-content\/uploads\/2011\/11\/foto-2011-11-01-cratera-nova-lima-400x266.jpg\" \/>\n<meta name=\"author\" content=\"\u00c9der\" \/>\n<meta name=\"twitter:card\" content=\"summary_large_image\" \/>\n<meta name=\"twitter:creator\" content=\"@vanderloubet\" \/>\n<meta name=\"twitter:site\" content=\"@vanderloubet\" \/>\n<script type=\"application\/ld+json\" class=\"yoast-schema-graph\">{\"@context\":\"https:\\\/\\\/schema.org\",\"@graph\":[{\"@type\":\"Article\",\"@id\":\"https:\\\/\\\/vanderloubet.com.br\\\/deputado\\\/vander-governo-federal-nao-administra-campo-grande\\\/#article\",\"isPartOf\":{\"@id\":\"https:\\\/\\\/vanderloubet.com.br\\\/deputado\\\/vander-governo-federal-nao-administra-campo-grande\\\/\"},\"author\":{\"name\":\"\u00c9der\",\"@id\":\"https:\\\/\\\/vanderloubet.com.br\\\/deputado\\\/#\\\/schema\\\/person\\\/15b51bd564532a8a68d9dec1b8eb890e\"},\"headline\":\"Vander: governo federal n\u00e3o administra Campo Grande\",\"datePublished\":\"2011-11-01T18:21:35+00:00\",\"mainEntityOfPage\":{\"@id\":\"https:\\\/\\\/vanderloubet.com.br\\\/deputado\\\/vander-governo-federal-nao-administra-campo-grande\\\/\"},\"wordCount\":466,\"publisher\":{\"@id\":\"https:\\\/\\\/vanderloubet.com.br\\\/deputado\\\/#organization\"},\"image\":{\"@id\":\"https:\\\/\\\/vanderloubet.com.br\\\/deputado\\\/vander-governo-federal-nao-administra-campo-grande\\\/#primaryimage\"},\"thumbnailUrl\":\"http:\\\/\\\/www.deputadovander.com.br\\\/website\\\/wp-content\\\/uploads\\\/2011\\\/11\\\/foto-2011-11-01-cratera-nova-lima-400x266.jpg\",\"keywords\":[\"buracos\",\"campo\",\"crateras\",\"deputado\",\"dilma\",\"eros\u00f5es\",\"federal\",\"filho\",\"governo\",\"grande\",\"loubet\",\"lula\",\"nelson\",\"pmdb\",\"PT\",\"trad\",\"vander\",\"vossorocas\"],\"articleSection\":[\"Not\u00edcias\"],\"inLanguage\":\"pt-BR\"},{\"@type\":\"WebPage\",\"@id\":\"https:\\\/\\\/vanderloubet.com.br\\\/deputado\\\/vander-governo-federal-nao-administra-campo-grande\\\/\",\"url\":\"https:\\\/\\\/vanderloubet.com.br\\\/deputado\\\/vander-governo-federal-nao-administra-campo-grande\\\/\",\"name\":\"Vander: governo federal n\u00e3o administra Campo Grande\",\"isPartOf\":{\"@id\":\"https:\\\/\\\/vanderloubet.com.br\\\/deputado\\\/#website\"},\"primaryImageOfPage\":{\"@id\":\"https:\\\/\\\/vanderloubet.com.br\\\/deputado\\\/vander-governo-federal-nao-administra-campo-grande\\\/#primaryimage\"},\"image\":{\"@id\":\"https:\\\/\\\/vanderloubet.com.br\\\/deputado\\\/vander-governo-federal-nao-administra-campo-grande\\\/#primaryimage\"},\"thumbnailUrl\":\"http:\\\/\\\/www.deputadovander.com.br\\\/website\\\/wp-content\\\/uploads\\\/2011\\\/11\\\/foto-2011-11-01-cratera-nova-lima-400x266.jpg\",\"datePublished\":\"2011-11-01T18:21:35+00:00\",\"breadcrumb\":{\"@id\":\"https:\\\/\\\/vanderloubet.com.br\\\/deputado\\\/vander-governo-federal-nao-administra-campo-grande\\\/#breadcrumb\"},\"inLanguage\":\"pt-BR\",\"potentialAction\":[{\"@type\":\"ReadAction\",\"target\":[\"https:\\\/\\\/vanderloubet.com.br\\\/deputado\\\/vander-governo-federal-nao-administra-campo-grande\\\/\"]}]},{\"@type\":\"ImageObject\",\"inLanguage\":\"pt-BR\",\"@id\":\"https:\\\/\\\/vanderloubet.com.br\\\/deputado\\\/vander-governo-federal-nao-administra-campo-grande\\\/#primaryimage\",\"url\":\"http:\\\/\\\/www.deputadovander.com.br\\\/website\\\/wp-content\\\/uploads\\\/2011\\\/11\\\/foto-2011-11-01-cratera-nova-lima-400x266.jpg\",\"contentUrl\":\"http:\\\/\\\/www.deputadovander.com.br\\\/website\\\/wp-content\\\/uploads\\\/2011\\\/11\\\/foto-2011-11-01-cratera-nova-lima-400x266.jpg\"},{\"@type\":\"BreadcrumbList\",\"@id\":\"https:\\\/\\\/vanderloubet.com.br\\\/deputado\\\/vander-governo-federal-nao-administra-campo-grande\\\/#breadcrumb\",\"itemListElement\":[{\"@type\":\"ListItem\",\"position\":1,\"name\":\"In\u00edcio\",\"item\":\"https:\\\/\\\/vanderloubet.com.br\\\/deputado\\\/\"},{\"@type\":\"ListItem\",\"position\":2,\"name\":\"Vander: governo federal n\u00e3o administra Campo Grande\"}]},{\"@type\":\"WebSite\",\"@id\":\"https:\\\/\\\/vanderloubet.com.br\\\/deputado\\\/#website\",\"url\":\"https:\\\/\\\/vanderloubet.com.br\\\/deputado\\\/\",\"name\":\"Deputado Federal Vander Loubet\",\"description\":\"O Federal de MS\",\"publisher\":{\"@id\":\"https:\\\/\\\/vanderloubet.com.br\\\/deputado\\\/#organization\"},\"alternateName\":\"Deputado Vander\",\"potentialAction\":[{\"@type\":\"SearchAction\",\"target\":{\"@type\":\"EntryPoint\",\"urlTemplate\":\"https:\\\/\\\/vanderloubet.com.br\\\/deputado\\\/?s={search_term_string}\"},\"query-input\":{\"@type\":\"PropertyValueSpecification\",\"valueRequired\":true,\"valueName\":\"search_term_string\"}}],\"inLanguage\":\"pt-BR\"},{\"@type\":\"Organization\",\"@id\":\"https:\\\/\\\/vanderloubet.com.br\\\/deputado\\\/#organization\",\"name\":\"Deputado Federal Vander Loubet\",\"alternateName\":\"Deputado Vander\",\"url\":\"https:\\\/\\\/vanderloubet.com.br\\\/deputado\\\/\",\"logo\":{\"@type\":\"ImageObject\",\"inLanguage\":\"pt-BR\",\"@id\":\"https:\\\/\\\/vanderloubet.com.br\\\/deputado\\\/#\\\/schema\\\/logo\\\/image\\\/\",\"url\":\"https:\\\/\\\/vanderloubet.com.br\\\/deputado\\\/wp-content\\\/uploads\\\/2023\\\/06\\\/foto-2023-06-19-mandato-deputado-vander.jpg\",\"contentUrl\":\"https:\\\/\\\/vanderloubet.com.br\\\/deputado\\\/wp-content\\\/uploads\\\/2023\\\/06\\\/foto-2023-06-19-mandato-deputado-vander.jpg\",\"width\":1080,\"height\":1080,\"caption\":\"Deputado Federal Vander Loubet\"},\"image\":{\"@id\":\"https:\\\/\\\/vanderloubet.com.br\\\/deputado\\\/#\\\/schema\\\/logo\\\/image\\\/\"},\"sameAs\":[\"https:\\\/\\\/facebook.com\\\/deputadovander\",\"https:\\\/\\\/x.com\\\/vanderloubet\",\"https:\\\/\\\/instagram.com\\\/vanderloubet\",\"https:\\\/\\\/youtube.com\\\/vanderloubet\",\"https:\\\/\\\/tiktok.com\\\/@vanderloubetms\"]},{\"@type\":\"Person\",\"@id\":\"https:\\\/\\\/vanderloubet.com.br\\\/deputado\\\/#\\\/schema\\\/person\\\/15b51bd564532a8a68d9dec1b8eb890e\",\"name\":\"\u00c9der\",\"image\":{\"@type\":\"ImageObject\",\"inLanguage\":\"pt-BR\",\"@id\":\"https:\\\/\\\/vanderloubet.com.br\\\/deputado\\\/wp-content\\\/litespeed\\\/avatar\\\/88ca4090d9d5ab1c9495f6ca03b68efa.jpg?ver=1777058957\",\"url\":\"https:\\\/\\\/vanderloubet.com.br\\\/deputado\\\/wp-content\\\/litespeed\\\/avatar\\\/88ca4090d9d5ab1c9495f6ca03b68efa.jpg?ver=1777058957\",\"contentUrl\":\"https:\\\/\\\/vanderloubet.com.br\\\/deputado\\\/wp-content\\\/litespeed\\\/avatar\\\/88ca4090d9d5ab1c9495f6ca03b68efa.jpg?ver=1777058957\",\"caption\":\"\u00c9der\"}}]}<\/script>\n<!-- \/ Yoast SEO plugin. -->","yoast_head_json":{"title":"Vander: governo federal n\u00e3o administra Campo Grande","robots":{"index":"index","follow":"follow","max-snippet":"max-snippet:-1","max-image-preview":"max-image-preview:large","max-video-preview":"max-video-preview:-1"},"canonical":"https:\/\/vanderloubet.com.br\/deputado\/vander-governo-federal-nao-administra-campo-grande\/","og_locale":"pt_BR","og_type":"article","og_title":"Vander: governo federal n\u00e3o administra Campo Grande","og_description":"Para deputado, n\u00e3o se pode responsabilizar governo federal por quest\u00f5es de compet\u00eancia da Prefeitura, caso das crateras.","og_url":"https:\/\/vanderloubet.com.br\/deputado\/vander-governo-federal-nao-administra-campo-grande\/","og_site_name":"Deputado Federal Vander Loubet","article_publisher":"https:\/\/facebook.com\/deputadovander","article_published_time":"2011-11-01T18:21:35+00:00","og_image":[{"url":"http:\/\/www.deputadovander.com.br\/website\/wp-content\/uploads\/2011\/11\/foto-2011-11-01-cratera-nova-lima-400x266.jpg","type":"","width":"","height":""}],"author":"\u00c9der","twitter_card":"summary_large_image","twitter_creator":"@vanderloubet","twitter_site":"@vanderloubet","schema":{"@context":"https:\/\/schema.org","@graph":[{"@type":"Article","@id":"https:\/\/vanderloubet.com.br\/deputado\/vander-governo-federal-nao-administra-campo-grande\/#article","isPartOf":{"@id":"https:\/\/vanderloubet.com.br\/deputado\/vander-governo-federal-nao-administra-campo-grande\/"},"author":{"name":"\u00c9der","@id":"https:\/\/vanderloubet.com.br\/deputado\/#\/schema\/person\/15b51bd564532a8a68d9dec1b8eb890e"},"headline":"Vander: governo federal n\u00e3o administra Campo Grande","datePublished":"2011-11-01T18:21:35+00:00","mainEntityOfPage":{"@id":"https:\/\/vanderloubet.com.br\/deputado\/vander-governo-federal-nao-administra-campo-grande\/"},"wordCount":466,"publisher":{"@id":"https:\/\/vanderloubet.com.br\/deputado\/#organization"},"image":{"@id":"https:\/\/vanderloubet.com.br\/deputado\/vander-governo-federal-nao-administra-campo-grande\/#primaryimage"},"thumbnailUrl":"http:\/\/www.deputadovander.com.br\/website\/wp-content\/uploads\/2011\/11\/foto-2011-11-01-cratera-nova-lima-400x266.jpg","keywords":["buracos","campo","crateras","deputado","dilma","eros\u00f5es","federal","filho","governo","grande","loubet","lula","nelson","pmdb","PT","trad","vander","vossorocas"],"articleSection":["Not\u00edcias"],"inLanguage":"pt-BR"},{"@type":"WebPage","@id":"https:\/\/vanderloubet.com.br\/deputado\/vander-governo-federal-nao-administra-campo-grande\/","url":"https:\/\/vanderloubet.com.br\/deputado\/vander-governo-federal-nao-administra-campo-grande\/","name":"Vander: governo federal n\u00e3o administra Campo Grande","isPartOf":{"@id":"https:\/\/vanderloubet.com.br\/deputado\/#website"},"primaryImageOfPage":{"@id":"https:\/\/vanderloubet.com.br\/deputado\/vander-governo-federal-nao-administra-campo-grande\/#primaryimage"},"image":{"@id":"https:\/\/vanderloubet.com.br\/deputado\/vander-governo-federal-nao-administra-campo-grande\/#primaryimage"},"thumbnailUrl":"http:\/\/www.deputadovander.com.br\/website\/wp-content\/uploads\/2011\/11\/foto-2011-11-01-cratera-nova-lima-400x266.jpg","datePublished":"2011-11-01T18:21:35+00:00","breadcrumb":{"@id":"https:\/\/vanderloubet.com.br\/deputado\/vander-governo-federal-nao-administra-campo-grande\/#breadcrumb"},"inLanguage":"pt-BR","potentialAction":[{"@type":"ReadAction","target":["https:\/\/vanderloubet.com.br\/deputado\/vander-governo-federal-nao-administra-campo-grande\/"]}]},{"@type":"ImageObject","inLanguage":"pt-BR","@id":"https:\/\/vanderloubet.com.br\/deputado\/vander-governo-federal-nao-administra-campo-grande\/#primaryimage","url":"http:\/\/www.deputadovander.com.br\/website\/wp-content\/uploads\/2011\/11\/foto-2011-11-01-cratera-nova-lima-400x266.jpg","contentUrl":"http:\/\/www.deputadovander.com.br\/website\/wp-content\/uploads\/2011\/11\/foto-2011-11-01-cratera-nova-lima-400x266.jpg"},{"@type":"BreadcrumbList","@id":"https:\/\/vanderloubet.com.br\/deputado\/vander-governo-federal-nao-administra-campo-grande\/#breadcrumb","itemListElement":[{"@type":"ListItem","position":1,"name":"In\u00edcio","item":"https:\/\/vanderloubet.com.br\/deputado\/"},{"@type":"ListItem","position":2,"name":"Vander: governo federal n\u00e3o administra Campo Grande"}]},{"@type":"WebSite","@id":"https:\/\/vanderloubet.com.br\/deputado\/#website","url":"https:\/\/vanderloubet.com.br\/deputado\/","name":"Deputado Federal Vander Loubet","description":"O Federal de MS","publisher":{"@id":"https:\/\/vanderloubet.com.br\/deputado\/#organization"},"alternateName":"Deputado Vander","potentialAction":[{"@type":"SearchAction","target":{"@type":"EntryPoint","urlTemplate":"https:\/\/vanderloubet.com.br\/deputado\/?s={search_term_string}"},"query-input":{"@type":"PropertyValueSpecification","valueRequired":true,"valueName":"search_term_string"}}],"inLanguage":"pt-BR"},{"@type":"Organization","@id":"https:\/\/vanderloubet.com.br\/deputado\/#organization","name":"Deputado Federal Vander Loubet","alternateName":"Deputado Vander","url":"https:\/\/vanderloubet.com.br\/deputado\/","logo":{"@type":"ImageObject","inLanguage":"pt-BR","@id":"https:\/\/vanderloubet.com.br\/deputado\/#\/schema\/logo\/image\/","url":"https:\/\/vanderloubet.com.br\/deputado\/wp-content\/uploads\/2023\/06\/foto-2023-06-19-mandato-deputado-vander.jpg","contentUrl":"https:\/\/vanderloubet.com.br\/deputado\/wp-content\/uploads\/2023\/06\/foto-2023-06-19-mandato-deputado-vander.jpg","width":1080,"height":1080,"caption":"Deputado Federal Vander Loubet"},"image":{"@id":"https:\/\/vanderloubet.com.br\/deputado\/#\/schema\/logo\/image\/"},"sameAs":["https:\/\/facebook.com\/deputadovander","https:\/\/x.com\/vanderloubet","https:\/\/instagram.com\/vanderloubet","https:\/\/youtube.com\/vanderloubet","https:\/\/tiktok.com\/@vanderloubetms"]},{"@type":"Person","@id":"https:\/\/vanderloubet.com.br\/deputado\/#\/schema\/person\/15b51bd564532a8a68d9dec1b8eb890e","name":"\u00c9der","image":{"@type":"ImageObject","inLanguage":"pt-BR","@id":"https:\/\/vanderloubet.com.br\/deputado\/wp-content\/litespeed\/avatar\/88ca4090d9d5ab1c9495f6ca03b68efa.jpg?ver=1777058957","url":"https:\/\/vanderloubet.com.br\/deputado\/wp-content\/litespeed\/avatar\/88ca4090d9d5ab1c9495f6ca03b68efa.jpg?ver=1777058957","contentUrl":"https:\/\/vanderloubet.com.br\/deputado\/wp-content\/litespeed\/avatar\/88ca4090d9d5ab1c9495f6ca03b68efa.jpg?ver=1777058957","caption":"\u00c9der"}}]}},"jetpack_featured_media_url":"","jetpack_sharing_enabled":true,"_links":{"self":[{"href":"https:\/\/vanderloubet.com.br\/deputado\/wp-json\/wp\/v2\/posts\/3946","targetHints":{"allow":["GET"]}}],"collection":[{"href":"https:\/\/vanderloubet.com.br\/deputado\/wp-json\/wp\/v2\/posts"}],"about":[{"href":"https:\/\/vanderloubet.com.br\/deputado\/wp-json\/wp\/v2\/types\/post"}],"author":[{"embeddable":true,"href":"https:\/\/vanderloubet.com.br\/deputado\/wp-json\/wp\/v2\/users\/2"}],"replies":[{"embeddable":true,"href":"https:\/\/vanderloubet.com.br\/deputado\/wp-json\/wp\/v2\/comments?post=3946"}],"version-history":[{"count":0,"href":"https:\/\/vanderloubet.com.br\/deputado\/wp-json\/wp\/v2\/posts\/3946\/revisions"}],"wp:attachment":[{"href":"https:\/\/vanderloubet.com.br\/deputado\/wp-json\/wp\/v2\/media?parent=3946"}],"wp:term":[{"taxonomy":"category","embeddable":true,"href":"https:\/\/vanderloubet.com.br\/deputado\/wp-json\/wp\/v2\/categories?post=3946"},{"taxonomy":"post_tag","embeddable":true,"href":"https:\/\/vanderloubet.com.br\/deputado\/wp-json\/wp\/v2\/tags?post=3946"}],"curies":[{"name":"wp","href":"https:\/\/api.w.org\/{rel}","templated":true}]}}