{"id":3830,"date":"2011-10-15T14:46:41","date_gmt":"2011-10-15T18:46:41","guid":{"rendered":"http:\/\/www.deputadovander.com.br\/website\/?p=3830"},"modified":"2011-10-15T14:46:41","modified_gmt":"2011-10-15T18:46:41","slug":"dia-do-professor-cumprir-a-lei-seria-a-melhor-homenagem-diz-vander","status":"publish","type":"post","link":"https:\/\/vanderloubet.com.br\/deputado\/dia-do-professor-cumprir-a-lei-seria-a-melhor-homenagem-diz-vander\/","title":{"rendered":"Dia do Professor: cumprir a lei seria a melhor homenagem, diz Vander"},"content":{"rendered":"<figure id=\"attachment_3831\" aria-describedby=\"caption-attachment-3831\" style=\"width: 400px\" class=\"wp-caption aligncenter\"><a href=\"http:\/\/www.deputadovander.com.br\/website\/wp-content\/uploads\/2011\/10\/foto-2011-10-15-sala-de-aula-fundamental.jpg\" target=\"_blank\"><img decoding=\"async\" class=\"size-medium wp-image-3831 \" title=\"foto-2011-10-15-sala-de-aula-fundamental\" src=\"http:\/\/www.deputadovander.com.br\/website\/wp-content\/uploads\/2011\/10\/foto-2011-10-15-sala-de-aula-fundamental-400x266.jpg\" alt=\"Professora em sala de aula: piso \u00e9 quest\u00e3o de qualidade no ensino\" width=\"400\" height=\"266\" \/><\/a><figcaption id=\"caption-attachment-3831\" class=\"wp-caption-text\">Professora em sala de aula: piso \u00e9 quest\u00e3o de qualidade no ensino<\/figcaption><\/figure>\n<p>A valoriza\u00e7\u00e3o do magist\u00e9rio, com medidas como o cumprimento integral da Lei 11.738, deve ser a melhor homenagem que os estados e os poderes p\u00fablicos precisam fazer aos professores e ao sistema educacional do Pa\u00eds. A afirma\u00e7\u00e3o \u00e9 do deputado federal Vander Loubet (PT-MS), reportando-se \u00e0 data (15 de outubro) em que \u00e9 comemorado o Dia do Professor. A lei \u00e0 qual ele se refere \u00e9 a que foi sancionada pelo presidente Lula em julho de 2008, instituindo o piso salarial de R$ 950 para todos os professores da educa\u00e7\u00e3o b\u00e1sica com jornada de trabalho de 40 horas semanais. &#8220;Em lugar de pagar espa\u00e7os publicit\u00e1rios para fazer declara\u00e7\u00f5es de amor \u00e0 classe, os governos deveriam cumprir o que manda a lei e dar aos educadores e educadoras o presente que eles pr\u00f3prios conquistaram e que continua sendo negado&#8221;, enfatiza.<\/p>\n<p>Segundo Vander, a lei come\u00e7ou a vigorar em janeiro de 2009 com a previs\u00e3o de ser ajustada e cumprida gradativamente at\u00e9 2010. Por\u00e9m, a maioria dos estados mostra m\u00e1 vontade em observ\u00e1-la e foram inclusive \u00e0 justi\u00e7a, inutilmente, na tentativa de driblar a obriga\u00e7\u00e3o legal. Em agosto deste ano, a conquista do magist\u00e9rio, sancionada por Lula, foi ratificada pelo Supremo Tribunal Federal (STF). Ao julgar o m\u00e9rito da A\u00e7\u00e3o Direta de Inconstitucionalidade (Adin) movida poir alguns estados contra o piso, o STF decidiu que n\u00e3o existe nenhuma impropriedade jur\u00eddica ou constitucional na Lei 11.738, recorda.<\/p>\n<p>Das 27 unidades da federa\u00e7\u00e3o, apenas seis &#8211; Acre, Rond\u00f4nia, Para\u00edba, Sergipe, Mato Grosso e Esp\u00edrito Santo &#8211; cumprem a legisla\u00e7\u00e3o em vigor. Nove estados ainda pagam sal\u00e1rio base menor do que os R$ 1.187 previstos no piso.<\/p>\n<p>Vander alerta sobre outra omiss\u00e3o dos estados: al\u00e9m do piso que n\u00e3o \u00e9 pago integralmente, outro item ignorado da legisla\u00e7\u00e3o \u00e9 a previs\u00e3o de um ter\u00e7o da carga hor\u00e1ria remunerada para o professor atuar fora da sala de aula. &#8220;A prepara\u00e7\u00e3o das aulas \u00e9 apontada por especialistas como a grande ferramenta para melhorar a qualidade do professor e da educa\u00e7\u00e3o no Pa\u00eds. N\u00e3o \u00e9 poss\u00edvel dar aulas sem antes prepar\u00e1-la e depois avaliar os resultados&#8221;, destaca o deputado petista. O STF julgou que a previs\u00e3o \u00e9 constitucional e necess\u00e1ria, mas 16 estados n\u00e3o a cumprem e tr\u00eas n\u00e3o informaram se h\u00e1 reserva.<\/p>\n<p><strong>Hist\u00f3ria<\/strong><\/p>\n<p>A escolha da data de homenagem aos professores remonta ao s\u00e9culo IXX: no dia 15 de outubro de 1827, que \u00e9 consagrado \u00e0 educadora Santa Tereza D&#8217;\u00c1vila, o imperador Dom Pedro I criou por decreto o Ensino Elementar no Brasil. Suas principais disposi\u00e7\u00f5es definiam que todas as cidades, vilas e lugarejos tivessem &#8220;escolas de primeiras letras&#8221;. Era um decreto amplo, inovador, revolucion\u00e1rio, pois j\u00e1 mirava condi\u00e7\u00f5es estruturais para a melhoria da educa\u00e7\u00e3o, entre as quais a descentraliza\u00e7\u00e3o do ensino, a valoriza\u00e7\u00e3o salarial e trabalhista dos professores, as mat\u00e9rias b\u00e1sicas que todos os alunos deveriam aprender e at\u00e9 como os educadores deveriam ser contratados.<\/p>\n<p>A id\u00e9ia, entretanto, ficou no papel e s\u00f3 foi resgatada em sua simbologia 120 anos depois, em 1947, quando aconteceu em S\u00e3o Paulo, no Gin\u00e1sio Caetano de Campos, a primeira celebra\u00e7\u00e3o de uma data dedicada aos mestres. Quatro professores organizaram um dia de parada para evitar a estafa, estreitar a conviv\u00eancia e analisar os rumos para o restante do ano letivo. Um professor, Salom\u00e3o Becker, sugeriu o dia 15 de outubro para o encontro, data em que na sua cidade natal educadores e alunos levavam doces de casa para uma pequena confraterniza\u00e7\u00e3o.<\/p>\n<p>A sugest\u00e3o de Becker foi apoiada pelos colegas e a celebra\u00e7\u00e3o do &#8220;Caetaninho&#8221;, como era conhecida a escola, ganhou repercuss\u00e3o no estado e foi copiada nos anos seguintes, at\u00e9 ser oficializada nacionalmente como feriado escolar pelo Decreto 52.682, de 14 de outubro de 1963. O Decreto definia assim a ess\u00eancia e raz\u00e3o do feriado: &#8220;Para comemorar condignamente o Dia do Professor, os estabelecimentos de ensino far\u00e3o promover solenidades, em que se enalte\u00e7a a fun\u00e7\u00e3o do mestre na sociedade moderna, fazendo participar os alunos e as fam\u00edlias&#8221;.<\/p>\n<p><strong>Piso nos estados<\/strong><\/p>\n<p>Confira como os governos estaduais tratam a lei do piso do magist\u00e9rio:<\/p>\n<p><img decoding=\"async\" class=\"size-full wp-image-3833 aligncenter\" title=\"foto-2011-10-15-tabela-piso-professor-estados\" src=\"http:\/\/www.deputadovander.com.br\/website\/wp-content\/uploads\/2011\/10\/foto-2011-10-15-tabela-piso-professor-estados.jpg\" alt=\"Tabela Piso Professore Estados\" width=\"602\" height=\"756\" \/><\/p>\n<p><span style=\"font-size: 11px;\">(\u00c9dson Moraes e \u00c9der Yanaguita\/Assessoria Deputado Vander)<\/span><\/p>\n","protected":false},"excerpt":{"rendered":"<p>Dos 27 estados e DF, apenas seis cumprem legisla\u00e7\u00e3o em vigor. Nove estados ainda pagam sal\u00e1rio base menor que o do piso.<\/p>\n","protected":false},"author":2,"featured_media":0,"comment_status":"closed","ping_status":"open","sticky":false,"template":"","format":"standard","meta":{"jetpack_post_was_ever_published":false,"_jetpack_newsletter_access":"","_jetpack_dont_email_post_to_subs":false,"_jetpack_newsletter_tier_id":0,"_jetpack_memberships_contains_paywalled_content":false,"_jetpack_memberships_contains_paid_content":false,"footnotes":""},"categories":[10],"tags":[216,358,608,625,807,970,1178,1197,1336,1353,1550,1611,1629,1655,1773,1893,2033],"class_list":{"0":"post-3830","1":"post","2":"type-post","3":"status-publish","4":"format-standard","6":"category-noticias","7":"tag-aula","8":"tag-carga","9":"tag-deputado","10":"tag-dia","11":"tag-federal","12":"tag-horaria","13":"tag-loubet","14":"tag-magisterio","15":"tag-ms","16":"tag-nacional","17":"tag-piso","18":"tag-preparacao","19":"tag-professor","20":"tag-pt","21":"tag-salarial","22":"tag-stf","23":"tag-vander"},"yoast_head":"<!-- This site is optimized with the Yoast SEO plugin v27.4 - https:\/\/yoast.com\/product\/yoast-seo-wordpress\/ -->\n<title>Dia do Professor: cumprir a lei seria a melhor homenagem, diz Vander<\/title>\n<meta name=\"robots\" content=\"index, follow, max-snippet:-1, max-image-preview:large, max-video-preview:-1\" \/>\n<link rel=\"canonical\" href=\"https:\/\/vanderloubet.com.br\/deputado\/dia-do-professor-cumprir-a-lei-seria-a-melhor-homenagem-diz-vander\/\" \/>\n<meta property=\"og:locale\" content=\"pt_BR\" \/>\n<meta property=\"og:type\" content=\"article\" \/>\n<meta property=\"og:title\" content=\"Dia do Professor: cumprir a lei seria a melhor homenagem, diz Vander\" \/>\n<meta property=\"og:description\" content=\"Dos 27 estados e DF, apenas seis cumprem legisla\u00e7\u00e3o em vigor. Nove estados ainda pagam sal\u00e1rio base menor que o do piso.\" \/>\n<meta property=\"og:url\" content=\"https:\/\/vanderloubet.com.br\/deputado\/dia-do-professor-cumprir-a-lei-seria-a-melhor-homenagem-diz-vander\/\" \/>\n<meta property=\"og:site_name\" content=\"Deputado Federal Vander Loubet\" \/>\n<meta property=\"article:publisher\" content=\"https:\/\/facebook.com\/deputadovander\" \/>\n<meta property=\"article:published_time\" content=\"2011-10-15T18:46:41+00:00\" \/>\n<meta property=\"og:image\" content=\"http:\/\/www.deputadovander.com.br\/website\/wp-content\/uploads\/2011\/10\/foto-2011-10-15-sala-de-aula-fundamental-400x266.jpg\" \/>\n<meta name=\"author\" content=\"\u00c9der\" \/>\n<meta name=\"twitter:card\" content=\"summary_large_image\" \/>\n<meta name=\"twitter:creator\" content=\"@vanderloubet\" \/>\n<meta name=\"twitter:site\" content=\"@vanderloubet\" \/>\n<script type=\"application\/ld+json\" class=\"yoast-schema-graph\">{\"@context\":\"https:\\\/\\\/schema.org\",\"@graph\":[{\"@type\":\"Article\",\"@id\":\"https:\\\/\\\/vanderloubet.com.br\\\/deputado\\\/dia-do-professor-cumprir-a-lei-seria-a-melhor-homenagem-diz-vander\\\/#article\",\"isPartOf\":{\"@id\":\"https:\\\/\\\/vanderloubet.com.br\\\/deputado\\\/dia-do-professor-cumprir-a-lei-seria-a-melhor-homenagem-diz-vander\\\/\"},\"author\":{\"name\":\"\u00c9der\",\"@id\":\"https:\\\/\\\/vanderloubet.com.br\\\/deputado\\\/#\\\/schema\\\/person\\\/15b51bd564532a8a68d9dec1b8eb890e\"},\"headline\":\"Dia do Professor: cumprir a lei seria a melhor homenagem, diz Vander\",\"datePublished\":\"2011-10-15T18:46:41+00:00\",\"mainEntityOfPage\":{\"@id\":\"https:\\\/\\\/vanderloubet.com.br\\\/deputado\\\/dia-do-professor-cumprir-a-lei-seria-a-melhor-homenagem-diz-vander\\\/\"},\"wordCount\":752,\"publisher\":{\"@id\":\"https:\\\/\\\/vanderloubet.com.br\\\/deputado\\\/#organization\"},\"image\":{\"@id\":\"https:\\\/\\\/vanderloubet.com.br\\\/deputado\\\/dia-do-professor-cumprir-a-lei-seria-a-melhor-homenagem-diz-vander\\\/#primaryimage\"},\"thumbnailUrl\":\"http:\\\/\\\/www.deputadovander.com.br\\\/website\\\/wp-content\\\/uploads\\\/2011\\\/10\\\/foto-2011-10-15-sala-de-aula-fundamental-400x266.jpg\",\"keywords\":[\"aula\",\"carga\",\"deputado\",\"dia\",\"federal\",\"hor\u00e1ria\",\"loubet\",\"magist\u00e9rio\",\"MS\",\"nacional\",\"piso\",\"prepara\u00e7\u00e3o\",\"professor\",\"PT\",\"salarial\",\"stf\",\"vander\"],\"articleSection\":[\"Not\u00edcias\"],\"inLanguage\":\"pt-BR\"},{\"@type\":\"WebPage\",\"@id\":\"https:\\\/\\\/vanderloubet.com.br\\\/deputado\\\/dia-do-professor-cumprir-a-lei-seria-a-melhor-homenagem-diz-vander\\\/\",\"url\":\"https:\\\/\\\/vanderloubet.com.br\\\/deputado\\\/dia-do-professor-cumprir-a-lei-seria-a-melhor-homenagem-diz-vander\\\/\",\"name\":\"Dia do Professor: cumprir a lei seria a melhor homenagem, diz Vander\",\"isPartOf\":{\"@id\":\"https:\\\/\\\/vanderloubet.com.br\\\/deputado\\\/#website\"},\"primaryImageOfPage\":{\"@id\":\"https:\\\/\\\/vanderloubet.com.br\\\/deputado\\\/dia-do-professor-cumprir-a-lei-seria-a-melhor-homenagem-diz-vander\\\/#primaryimage\"},\"image\":{\"@id\":\"https:\\\/\\\/vanderloubet.com.br\\\/deputado\\\/dia-do-professor-cumprir-a-lei-seria-a-melhor-homenagem-diz-vander\\\/#primaryimage\"},\"thumbnailUrl\":\"http:\\\/\\\/www.deputadovander.com.br\\\/website\\\/wp-content\\\/uploads\\\/2011\\\/10\\\/foto-2011-10-15-sala-de-aula-fundamental-400x266.jpg\",\"datePublished\":\"2011-10-15T18:46:41+00:00\",\"breadcrumb\":{\"@id\":\"https:\\\/\\\/vanderloubet.com.br\\\/deputado\\\/dia-do-professor-cumprir-a-lei-seria-a-melhor-homenagem-diz-vander\\\/#breadcrumb\"},\"inLanguage\":\"pt-BR\",\"potentialAction\":[{\"@type\":\"ReadAction\",\"target\":[\"https:\\\/\\\/vanderloubet.com.br\\\/deputado\\\/dia-do-professor-cumprir-a-lei-seria-a-melhor-homenagem-diz-vander\\\/\"]}]},{\"@type\":\"ImageObject\",\"inLanguage\":\"pt-BR\",\"@id\":\"https:\\\/\\\/vanderloubet.com.br\\\/deputado\\\/dia-do-professor-cumprir-a-lei-seria-a-melhor-homenagem-diz-vander\\\/#primaryimage\",\"url\":\"http:\\\/\\\/www.deputadovander.com.br\\\/website\\\/wp-content\\\/uploads\\\/2011\\\/10\\\/foto-2011-10-15-sala-de-aula-fundamental-400x266.jpg\",\"contentUrl\":\"http:\\\/\\\/www.deputadovander.com.br\\\/website\\\/wp-content\\\/uploads\\\/2011\\\/10\\\/foto-2011-10-15-sala-de-aula-fundamental-400x266.jpg\"},{\"@type\":\"BreadcrumbList\",\"@id\":\"https:\\\/\\\/vanderloubet.com.br\\\/deputado\\\/dia-do-professor-cumprir-a-lei-seria-a-melhor-homenagem-diz-vander\\\/#breadcrumb\",\"itemListElement\":[{\"@type\":\"ListItem\",\"position\":1,\"name\":\"In\u00edcio\",\"item\":\"https:\\\/\\\/vanderloubet.com.br\\\/deputado\\\/\"},{\"@type\":\"ListItem\",\"position\":2,\"name\":\"Dia do Professor: cumprir a lei seria a melhor homenagem, diz Vander\"}]},{\"@type\":\"WebSite\",\"@id\":\"https:\\\/\\\/vanderloubet.com.br\\\/deputado\\\/#website\",\"url\":\"https:\\\/\\\/vanderloubet.com.br\\\/deputado\\\/\",\"name\":\"Deputado Federal Vander Loubet\",\"description\":\"O Federal de MS\",\"publisher\":{\"@id\":\"https:\\\/\\\/vanderloubet.com.br\\\/deputado\\\/#organization\"},\"alternateName\":\"Deputado Vander\",\"potentialAction\":[{\"@type\":\"SearchAction\",\"target\":{\"@type\":\"EntryPoint\",\"urlTemplate\":\"https:\\\/\\\/vanderloubet.com.br\\\/deputado\\\/?s={search_term_string}\"},\"query-input\":{\"@type\":\"PropertyValueSpecification\",\"valueRequired\":true,\"valueName\":\"search_term_string\"}}],\"inLanguage\":\"pt-BR\"},{\"@type\":\"Organization\",\"@id\":\"https:\\\/\\\/vanderloubet.com.br\\\/deputado\\\/#organization\",\"name\":\"Deputado Federal Vander Loubet\",\"alternateName\":\"Deputado Vander\",\"url\":\"https:\\\/\\\/vanderloubet.com.br\\\/deputado\\\/\",\"logo\":{\"@type\":\"ImageObject\",\"inLanguage\":\"pt-BR\",\"@id\":\"https:\\\/\\\/vanderloubet.com.br\\\/deputado\\\/#\\\/schema\\\/logo\\\/image\\\/\",\"url\":\"https:\\\/\\\/vanderloubet.com.br\\\/deputado\\\/wp-content\\\/uploads\\\/2023\\\/06\\\/foto-2023-06-19-mandato-deputado-vander.jpg\",\"contentUrl\":\"https:\\\/\\\/vanderloubet.com.br\\\/deputado\\\/wp-content\\\/uploads\\\/2023\\\/06\\\/foto-2023-06-19-mandato-deputado-vander.jpg\",\"width\":1080,\"height\":1080,\"caption\":\"Deputado Federal Vander Loubet\"},\"image\":{\"@id\":\"https:\\\/\\\/vanderloubet.com.br\\\/deputado\\\/#\\\/schema\\\/logo\\\/image\\\/\"},\"sameAs\":[\"https:\\\/\\\/facebook.com\\\/deputadovander\",\"https:\\\/\\\/x.com\\\/vanderloubet\",\"https:\\\/\\\/instagram.com\\\/vanderloubet\",\"https:\\\/\\\/youtube.com\\\/vanderloubet\",\"https:\\\/\\\/tiktok.com\\\/@vanderloubetms\"]},{\"@type\":\"Person\",\"@id\":\"https:\\\/\\\/vanderloubet.com.br\\\/deputado\\\/#\\\/schema\\\/person\\\/15b51bd564532a8a68d9dec1b8eb890e\",\"name\":\"\u00c9der\",\"image\":{\"@type\":\"ImageObject\",\"inLanguage\":\"pt-BR\",\"@id\":\"https:\\\/\\\/vanderloubet.com.br\\\/deputado\\\/wp-content\\\/litespeed\\\/avatar\\\/88ca4090d9d5ab1c9495f6ca03b68efa.jpg?ver=1777058957\",\"url\":\"https:\\\/\\\/vanderloubet.com.br\\\/deputado\\\/wp-content\\\/litespeed\\\/avatar\\\/88ca4090d9d5ab1c9495f6ca03b68efa.jpg?ver=1777058957\",\"contentUrl\":\"https:\\\/\\\/vanderloubet.com.br\\\/deputado\\\/wp-content\\\/litespeed\\\/avatar\\\/88ca4090d9d5ab1c9495f6ca03b68efa.jpg?ver=1777058957\",\"caption\":\"\u00c9der\"}}]}<\/script>\n<!-- \/ Yoast SEO plugin. -->","yoast_head_json":{"title":"Dia do Professor: cumprir a lei seria a melhor homenagem, diz Vander","robots":{"index":"index","follow":"follow","max-snippet":"max-snippet:-1","max-image-preview":"max-image-preview:large","max-video-preview":"max-video-preview:-1"},"canonical":"https:\/\/vanderloubet.com.br\/deputado\/dia-do-professor-cumprir-a-lei-seria-a-melhor-homenagem-diz-vander\/","og_locale":"pt_BR","og_type":"article","og_title":"Dia do Professor: cumprir a lei seria a melhor homenagem, diz Vander","og_description":"Dos 27 estados e DF, apenas seis cumprem legisla\u00e7\u00e3o em vigor. Nove estados ainda pagam sal\u00e1rio base menor que o do piso.","og_url":"https:\/\/vanderloubet.com.br\/deputado\/dia-do-professor-cumprir-a-lei-seria-a-melhor-homenagem-diz-vander\/","og_site_name":"Deputado Federal Vander Loubet","article_publisher":"https:\/\/facebook.com\/deputadovander","article_published_time":"2011-10-15T18:46:41+00:00","og_image":[{"url":"http:\/\/www.deputadovander.com.br\/website\/wp-content\/uploads\/2011\/10\/foto-2011-10-15-sala-de-aula-fundamental-400x266.jpg","type":"","width":"","height":""}],"author":"\u00c9der","twitter_card":"summary_large_image","twitter_creator":"@vanderloubet","twitter_site":"@vanderloubet","schema":{"@context":"https:\/\/schema.org","@graph":[{"@type":"Article","@id":"https:\/\/vanderloubet.com.br\/deputado\/dia-do-professor-cumprir-a-lei-seria-a-melhor-homenagem-diz-vander\/#article","isPartOf":{"@id":"https:\/\/vanderloubet.com.br\/deputado\/dia-do-professor-cumprir-a-lei-seria-a-melhor-homenagem-diz-vander\/"},"author":{"name":"\u00c9der","@id":"https:\/\/vanderloubet.com.br\/deputado\/#\/schema\/person\/15b51bd564532a8a68d9dec1b8eb890e"},"headline":"Dia do Professor: cumprir a lei seria a melhor homenagem, diz Vander","datePublished":"2011-10-15T18:46:41+00:00","mainEntityOfPage":{"@id":"https:\/\/vanderloubet.com.br\/deputado\/dia-do-professor-cumprir-a-lei-seria-a-melhor-homenagem-diz-vander\/"},"wordCount":752,"publisher":{"@id":"https:\/\/vanderloubet.com.br\/deputado\/#organization"},"image":{"@id":"https:\/\/vanderloubet.com.br\/deputado\/dia-do-professor-cumprir-a-lei-seria-a-melhor-homenagem-diz-vander\/#primaryimage"},"thumbnailUrl":"http:\/\/www.deputadovander.com.br\/website\/wp-content\/uploads\/2011\/10\/foto-2011-10-15-sala-de-aula-fundamental-400x266.jpg","keywords":["aula","carga","deputado","dia","federal","hor\u00e1ria","loubet","magist\u00e9rio","MS","nacional","piso","prepara\u00e7\u00e3o","professor","PT","salarial","stf","vander"],"articleSection":["Not\u00edcias"],"inLanguage":"pt-BR"},{"@type":"WebPage","@id":"https:\/\/vanderloubet.com.br\/deputado\/dia-do-professor-cumprir-a-lei-seria-a-melhor-homenagem-diz-vander\/","url":"https:\/\/vanderloubet.com.br\/deputado\/dia-do-professor-cumprir-a-lei-seria-a-melhor-homenagem-diz-vander\/","name":"Dia do Professor: cumprir a lei seria a melhor homenagem, diz Vander","isPartOf":{"@id":"https:\/\/vanderloubet.com.br\/deputado\/#website"},"primaryImageOfPage":{"@id":"https:\/\/vanderloubet.com.br\/deputado\/dia-do-professor-cumprir-a-lei-seria-a-melhor-homenagem-diz-vander\/#primaryimage"},"image":{"@id":"https:\/\/vanderloubet.com.br\/deputado\/dia-do-professor-cumprir-a-lei-seria-a-melhor-homenagem-diz-vander\/#primaryimage"},"thumbnailUrl":"http:\/\/www.deputadovander.com.br\/website\/wp-content\/uploads\/2011\/10\/foto-2011-10-15-sala-de-aula-fundamental-400x266.jpg","datePublished":"2011-10-15T18:46:41+00:00","breadcrumb":{"@id":"https:\/\/vanderloubet.com.br\/deputado\/dia-do-professor-cumprir-a-lei-seria-a-melhor-homenagem-diz-vander\/#breadcrumb"},"inLanguage":"pt-BR","potentialAction":[{"@type":"ReadAction","target":["https:\/\/vanderloubet.com.br\/deputado\/dia-do-professor-cumprir-a-lei-seria-a-melhor-homenagem-diz-vander\/"]}]},{"@type":"ImageObject","inLanguage":"pt-BR","@id":"https:\/\/vanderloubet.com.br\/deputado\/dia-do-professor-cumprir-a-lei-seria-a-melhor-homenagem-diz-vander\/#primaryimage","url":"http:\/\/www.deputadovander.com.br\/website\/wp-content\/uploads\/2011\/10\/foto-2011-10-15-sala-de-aula-fundamental-400x266.jpg","contentUrl":"http:\/\/www.deputadovander.com.br\/website\/wp-content\/uploads\/2011\/10\/foto-2011-10-15-sala-de-aula-fundamental-400x266.jpg"},{"@type":"BreadcrumbList","@id":"https:\/\/vanderloubet.com.br\/deputado\/dia-do-professor-cumprir-a-lei-seria-a-melhor-homenagem-diz-vander\/#breadcrumb","itemListElement":[{"@type":"ListItem","position":1,"name":"In\u00edcio","item":"https:\/\/vanderloubet.com.br\/deputado\/"},{"@type":"ListItem","position":2,"name":"Dia do Professor: cumprir a lei seria a melhor homenagem, diz Vander"}]},{"@type":"WebSite","@id":"https:\/\/vanderloubet.com.br\/deputado\/#website","url":"https:\/\/vanderloubet.com.br\/deputado\/","name":"Deputado Federal Vander Loubet","description":"O Federal de MS","publisher":{"@id":"https:\/\/vanderloubet.com.br\/deputado\/#organization"},"alternateName":"Deputado Vander","potentialAction":[{"@type":"SearchAction","target":{"@type":"EntryPoint","urlTemplate":"https:\/\/vanderloubet.com.br\/deputado\/?s={search_term_string}"},"query-input":{"@type":"PropertyValueSpecification","valueRequired":true,"valueName":"search_term_string"}}],"inLanguage":"pt-BR"},{"@type":"Organization","@id":"https:\/\/vanderloubet.com.br\/deputado\/#organization","name":"Deputado Federal Vander Loubet","alternateName":"Deputado Vander","url":"https:\/\/vanderloubet.com.br\/deputado\/","logo":{"@type":"ImageObject","inLanguage":"pt-BR","@id":"https:\/\/vanderloubet.com.br\/deputado\/#\/schema\/logo\/image\/","url":"https:\/\/vanderloubet.com.br\/deputado\/wp-content\/uploads\/2023\/06\/foto-2023-06-19-mandato-deputado-vander.jpg","contentUrl":"https:\/\/vanderloubet.com.br\/deputado\/wp-content\/uploads\/2023\/06\/foto-2023-06-19-mandato-deputado-vander.jpg","width":1080,"height":1080,"caption":"Deputado Federal Vander Loubet"},"image":{"@id":"https:\/\/vanderloubet.com.br\/deputado\/#\/schema\/logo\/image\/"},"sameAs":["https:\/\/facebook.com\/deputadovander","https:\/\/x.com\/vanderloubet","https:\/\/instagram.com\/vanderloubet","https:\/\/youtube.com\/vanderloubet","https:\/\/tiktok.com\/@vanderloubetms"]},{"@type":"Person","@id":"https:\/\/vanderloubet.com.br\/deputado\/#\/schema\/person\/15b51bd564532a8a68d9dec1b8eb890e","name":"\u00c9der","image":{"@type":"ImageObject","inLanguage":"pt-BR","@id":"https:\/\/vanderloubet.com.br\/deputado\/wp-content\/litespeed\/avatar\/88ca4090d9d5ab1c9495f6ca03b68efa.jpg?ver=1777058957","url":"https:\/\/vanderloubet.com.br\/deputado\/wp-content\/litespeed\/avatar\/88ca4090d9d5ab1c9495f6ca03b68efa.jpg?ver=1777058957","contentUrl":"https:\/\/vanderloubet.com.br\/deputado\/wp-content\/litespeed\/avatar\/88ca4090d9d5ab1c9495f6ca03b68efa.jpg?ver=1777058957","caption":"\u00c9der"}}]}},"jetpack_featured_media_url":"","jetpack_sharing_enabled":true,"_links":{"self":[{"href":"https:\/\/vanderloubet.com.br\/deputado\/wp-json\/wp\/v2\/posts\/3830","targetHints":{"allow":["GET"]}}],"collection":[{"href":"https:\/\/vanderloubet.com.br\/deputado\/wp-json\/wp\/v2\/posts"}],"about":[{"href":"https:\/\/vanderloubet.com.br\/deputado\/wp-json\/wp\/v2\/types\/post"}],"author":[{"embeddable":true,"href":"https:\/\/vanderloubet.com.br\/deputado\/wp-json\/wp\/v2\/users\/2"}],"replies":[{"embeddable":true,"href":"https:\/\/vanderloubet.com.br\/deputado\/wp-json\/wp\/v2\/comments?post=3830"}],"version-history":[{"count":0,"href":"https:\/\/vanderloubet.com.br\/deputado\/wp-json\/wp\/v2\/posts\/3830\/revisions"}],"wp:attachment":[{"href":"https:\/\/vanderloubet.com.br\/deputado\/wp-json\/wp\/v2\/media?parent=3830"}],"wp:term":[{"taxonomy":"category","embeddable":true,"href":"https:\/\/vanderloubet.com.br\/deputado\/wp-json\/wp\/v2\/categories?post=3830"},{"taxonomy":"post_tag","embeddable":true,"href":"https:\/\/vanderloubet.com.br\/deputado\/wp-json\/wp\/v2\/tags?post=3830"}],"curies":[{"name":"wp","href":"https:\/\/api.w.org\/{rel}","templated":true}]}}