{"id":3820,"date":"2011-10-13T00:05:47","date_gmt":"2011-10-13T04:05:47","guid":{"rendered":"http:\/\/www.deputadovander.com.br\/website\/?p=3820"},"modified":"2011-10-13T00:05:47","modified_gmt":"2011-10-13T04:05:47","slug":"glp-na-cesta-basica-relatora-na-cssf-apresenta-parecer-favoravel-ao-projeto","status":"publish","type":"post","link":"https:\/\/vanderloubet.com.br\/deputado\/glp-na-cesta-basica-relatora-na-cssf-apresenta-parecer-favoravel-ao-projeto\/","title":{"rendered":"GLP na cesta b\u00e1sica: relatora na CSSF apresenta parecer favor\u00e1vel ao projeto"},"content":{"rendered":"<figure id=\"attachment_3821\" aria-describedby=\"caption-attachment-3821\" style=\"width: 400px\" class=\"wp-caption aligncenter\"><a href=\"http:\/\/www.deputadovander.com.br\/website\/wp-content\/uploads\/2011\/10\/foto-2011-10-13-gas-de-cozinha-glp.jpg\" target=\"_blank\"><img decoding=\"async\" class=\"size-medium wp-image-3821 \" title=\"foto-2011-10-13-gas-de-cozinha-glp\" src=\"http:\/\/www.deputadovander.com.br\/website\/wp-content\/uploads\/2011\/10\/foto-2011-10-13-gas-de-cozinha-glp-400x266.jpg\" alt=\"Projeto de Vander prev\u00ea redu\u00e7\u00e3o de impostos sobre o GLP\" width=\"400\" height=\"266\" \/><\/a><figcaption id=\"caption-attachment-3821\" class=\"wp-caption-text\">Projeto de Vander prev\u00ea redu\u00e7\u00e3o de impostos sobre o GLP<\/figcaption><\/figure>\n<p>Na \u00faltima ter\u00e7a-feira (11) a deputada federal Benedita da Silva (PT-RJ) apresentou parecer favor\u00e1vel ao <a title=\"Link\" href=\"http:\/\/www.camara.gov.br\/proposicoesWeb\/fichadetramitacao?idProposicao=465731\" target=\"_blank\">Projeto de Lei 6740\/2010<\/a>, de autoria do deputado federal Vander Loubet (PT-MS), na Comiss\u00e3o de Seguridade Social e Fam\u00edlia (CCSF) da C\u00e2mara dos Deputados. A proposi\u00e7\u00e3o de Vander tem como objetivos a inclus\u00e3o do g\u00e1s de cozinha (G\u00e1s Liquefeito de Petr\u00f3leo &#8211; GLP) como item da cesta b\u00e1sica quando destinando para uso dom\u00e9stico e reduzir a zero as al\u00edquotas de PIS\/Pasep e da Cofins sobre o produto.<\/p>\n<p>De acordo com Benedita, relatora do projeto na CSSF, o g\u00e1s de cozinha \u00e9 um item essencial para a alimenta\u00e7\u00e3o e, portanto, \u00e9 oportuna a proposi\u00e7\u00e3o. &#8220;A inclus\u00e3o desse item na cesta b\u00e1sica j\u00e1 \u00e9 tardia, pois h\u00e1 muito tempo os fornos a g\u00e1s substitu\u00edram o forno a lenha nas resid\u00eancias, inclusive nas casas da popula\u00e7\u00e3o de baixa renda&#8221;, afirmou a deputada em seu relat\u00f3rio.<\/p>\n<p>O deputado Vander comemorou o parecer favor\u00e1vel e afirmou que h\u00e1 uma grande expectativa da popula\u00e7\u00e3o em torno da proposi\u00e7\u00e3o. &#8220;Esse projeto tem uma grande import\u00e2ncia social. De nada adianta as fam\u00edlias mais pobres terem acesso a alimentos como arroz e feij\u00e3o, por exemplo, se n\u00e3o houver condi\u00e7\u00f5es para cozinhar esses alimentos. Incluir o g\u00e1s como item da cesta b\u00e1sica vai atestar a necessidade desse item para a popula\u00e7\u00e3o e permitir\u00e1 que se reduza a carga tribut\u00e1ria sobre o produto, melhorando o pre\u00e7o final para o consumidor&#8221;, destaca o parlamentar sul-mato-grossense.<\/p>\n<p><strong>Cesta b\u00e1sica<\/strong><\/p>\n<p>Os alimentos da cesta b\u00e1sica e suas quantidades foram definidos pelas Comiss\u00f5es do Sal\u00e1rio M\u00ednimo, criadas antes da institui\u00e7\u00e3o do Decreto-Lei 399\/1938. Essa cesta passou a ser denominada de Cesta B\u00e1sica Nacional e comp\u00f5e-se de 13 itens: carne, leite, feij\u00e3o, arroz, farinha, batata, tomate, p\u00e3o franc\u00eas, caf\u00e9 em p\u00f3, banana, a\u00e7\u00facar, \u00f3leo e manteiga. A partir da atualiza\u00e7\u00e3o do conceito de cesta b\u00e1sica &#8211; com a inclus\u00e3o do GLP &#8211; e da desonera\u00e7\u00e3o tribut\u00e1ria, espera-se beneficiar a popula\u00e7\u00e3o, especialmente a de baixa renda, que hoje possui dificuldades para adquirir um botij\u00e3o de g\u00e1s, cujo valor \u00e9 de cerca de R$ 50.<\/p>\n<p><strong>Tramita\u00e7\u00e3o<\/strong><\/p>\n<p>O projeto tramita em car\u00e1ter conclusivo. O parecer da deputada Benedita da Silva ainda deve ser apreciado pela Comiss\u00e3o de Seguridade Social e Fam\u00edlia. Se aprovado na CSSF, o projeto segue para as comiss\u00f5es de Finan\u00e7as e Tributa\u00e7\u00e3o (CFT) e de Constitui\u00e7\u00e3o e Justi\u00e7a e de Cidadania (CCJC).<\/p>\n<p>Na tramita\u00e7\u00e3o em car\u00e1ter conclusivo, o projeto n\u00e3o precisa ser votado pelo Plen\u00e1rio, apenas pelas comiss\u00f5es designadas para analis\u00e1-lo. O projeto perder\u00e1 esse car\u00e1ter em duas situa\u00e7\u00f5es: a) se houver parecer divergente entre as comiss\u00f5es (rejei\u00e7\u00e3o por uma, aprova\u00e7\u00e3o por outra); e b) se depois de aprovado pelas comiss\u00f5es, houver recurso contra esse rito assinado por 51 deputados (10% do total). Nos dois casos, o projeto precisar\u00e1 ser votado pelo Plen\u00e1rio.<\/p>\n<p><span style=\"font-size: 11px;\">(\u00c9der Yanaguita\/Assessoria Deputado Vander)<\/span><\/p>\n","protected":false},"excerpt":{"rendered":"<p>PL 6740\/2010, de autoria de Vander, prev\u00ea inclus\u00e3o do g\u00e1s de cozinha como item da cesta b\u00e1sica e redu\u00e7\u00e3o tribut\u00e1ria sobre o produto.<\/p>\n","protected":false},"author":2,"featured_media":0,"comment_status":"closed","ping_status":"open","sticky":false,"template":"","format":"standard","meta":{"jetpack_post_was_ever_published":false,"_jetpack_newsletter_access":"","_jetpack_dont_email_post_to_subs":false,"_jetpack_newsletter_tier_id":0,"_jetpack_memberships_contains_paywalled_content":false,"_jetpack_memberships_contains_paid_content":false,"footnotes":""},"categories":[10],"tags":[246,253,332,417,470,485,542,608,792,807,856,865,903,924,1146,1178,1492,1548,1634,1655,1814,1846,1879,2033],"class_list":{"0":"post-3820","1":"post","2":"type-post","3":"status-publish","4":"format-standard","6":"category-noticias","7":"tag-basica","8":"tag-benedita","9":"tag-camara","10":"tag-cesta","11":"tag-cofins","12":"tag-comissao","13":"tag-cozinha","14":"tag-deputado","15":"tag-familia","16":"tag-federal","17":"tag-fogao","18":"tag-forno","19":"tag-gas","20":"tag-glp","21":"tag-lenha","22":"tag-loubet","23":"tag-pasep","24":"tag-pis","25":"tag-projeto","26":"tag-pt","27":"tag-seguridade","28":"tag-silva","29":"tag-social","30":"tag-vander"},"yoast_head":"<!-- This site is optimized with the Yoast SEO plugin v27.4 - https:\/\/yoast.com\/product\/yoast-seo-wordpress\/ -->\n<title>GLP na cesta b\u00e1sica: relatora na CSSF apresenta parecer favor\u00e1vel ao projeto<\/title>\n<meta name=\"robots\" content=\"index, follow, max-snippet:-1, max-image-preview:large, max-video-preview:-1\" \/>\n<link rel=\"canonical\" href=\"https:\/\/vanderloubet.com.br\/deputado\/glp-na-cesta-basica-relatora-na-cssf-apresenta-parecer-favoravel-ao-projeto\/\" \/>\n<meta property=\"og:locale\" content=\"pt_BR\" \/>\n<meta property=\"og:type\" content=\"article\" \/>\n<meta property=\"og:title\" content=\"GLP na cesta b\u00e1sica: relatora na CSSF apresenta parecer favor\u00e1vel ao projeto\" \/>\n<meta property=\"og:description\" content=\"PL 6740\/2010, de autoria de Vander, prev\u00ea inclus\u00e3o do g\u00e1s de cozinha como item da cesta b\u00e1sica e redu\u00e7\u00e3o tribut\u00e1ria sobre o produto.\" \/>\n<meta property=\"og:url\" content=\"https:\/\/vanderloubet.com.br\/deputado\/glp-na-cesta-basica-relatora-na-cssf-apresenta-parecer-favoravel-ao-projeto\/\" \/>\n<meta property=\"og:site_name\" content=\"Deputado Federal Vander Loubet\" \/>\n<meta property=\"article:publisher\" content=\"https:\/\/facebook.com\/deputadovander\" \/>\n<meta property=\"article:published_time\" content=\"2011-10-13T04:05:47+00:00\" \/>\n<meta property=\"og:image\" content=\"http:\/\/www.deputadovander.com.br\/website\/wp-content\/uploads\/2011\/10\/foto-2011-10-13-gas-de-cozinha-glp-400x266.jpg\" \/>\n<meta name=\"author\" content=\"\u00c9der\" \/>\n<meta name=\"twitter:card\" content=\"summary_large_image\" \/>\n<meta name=\"twitter:creator\" content=\"@vanderloubet\" \/>\n<meta name=\"twitter:site\" content=\"@vanderloubet\" \/>\n<script type=\"application\/ld+json\" class=\"yoast-schema-graph\">{\"@context\":\"https:\\\/\\\/schema.org\",\"@graph\":[{\"@type\":\"Article\",\"@id\":\"https:\\\/\\\/vanderloubet.com.br\\\/deputado\\\/glp-na-cesta-basica-relatora-na-cssf-apresenta-parecer-favoravel-ao-projeto\\\/#article\",\"isPartOf\":{\"@id\":\"https:\\\/\\\/vanderloubet.com.br\\\/deputado\\\/glp-na-cesta-basica-relatora-na-cssf-apresenta-parecer-favoravel-ao-projeto\\\/\"},\"author\":{\"name\":\"\u00c9der\",\"@id\":\"https:\\\/\\\/vanderloubet.com.br\\\/deputado\\\/#\\\/schema\\\/person\\\/15b51bd564532a8a68d9dec1b8eb890e\"},\"headline\":\"GLP na cesta b\u00e1sica: relatora na CSSF apresenta parecer favor\u00e1vel ao projeto\",\"datePublished\":\"2011-10-13T04:05:47+00:00\",\"mainEntityOfPage\":{\"@id\":\"https:\\\/\\\/vanderloubet.com.br\\\/deputado\\\/glp-na-cesta-basica-relatora-na-cssf-apresenta-parecer-favoravel-ao-projeto\\\/\"},\"wordCount\":567,\"publisher\":{\"@id\":\"https:\\\/\\\/vanderloubet.com.br\\\/deputado\\\/#organization\"},\"image\":{\"@id\":\"https:\\\/\\\/vanderloubet.com.br\\\/deputado\\\/glp-na-cesta-basica-relatora-na-cssf-apresenta-parecer-favoravel-ao-projeto\\\/#primaryimage\"},\"thumbnailUrl\":\"http:\\\/\\\/www.deputadovander.com.br\\\/website\\\/wp-content\\\/uploads\\\/2011\\\/10\\\/foto-2011-10-13-gas-de-cozinha-glp-400x266.jpg\",\"keywords\":[\"b\u00e1sica\",\"benedita\",\"c\u00e2mara\",\"cesta\",\"cofins\",\"comiss\u00e3o\",\"cozinha\",\"deputado\",\"familia\",\"federal\",\"fog\u00e3o\",\"forno\",\"g\u00e1s\",\"glp\",\"lenha\",\"loubet\",\"pasep\",\"pis\",\"projeto\",\"PT\",\"seguridade\",\"silva\",\"social\",\"vander\"],\"articleSection\":[\"Not\u00edcias\"],\"inLanguage\":\"pt-BR\"},{\"@type\":\"WebPage\",\"@id\":\"https:\\\/\\\/vanderloubet.com.br\\\/deputado\\\/glp-na-cesta-basica-relatora-na-cssf-apresenta-parecer-favoravel-ao-projeto\\\/\",\"url\":\"https:\\\/\\\/vanderloubet.com.br\\\/deputado\\\/glp-na-cesta-basica-relatora-na-cssf-apresenta-parecer-favoravel-ao-projeto\\\/\",\"name\":\"GLP na cesta b\u00e1sica: relatora na CSSF apresenta parecer favor\u00e1vel ao projeto\",\"isPartOf\":{\"@id\":\"https:\\\/\\\/vanderloubet.com.br\\\/deputado\\\/#website\"},\"primaryImageOfPage\":{\"@id\":\"https:\\\/\\\/vanderloubet.com.br\\\/deputado\\\/glp-na-cesta-basica-relatora-na-cssf-apresenta-parecer-favoravel-ao-projeto\\\/#primaryimage\"},\"image\":{\"@id\":\"https:\\\/\\\/vanderloubet.com.br\\\/deputado\\\/glp-na-cesta-basica-relatora-na-cssf-apresenta-parecer-favoravel-ao-projeto\\\/#primaryimage\"},\"thumbnailUrl\":\"http:\\\/\\\/www.deputadovander.com.br\\\/website\\\/wp-content\\\/uploads\\\/2011\\\/10\\\/foto-2011-10-13-gas-de-cozinha-glp-400x266.jpg\",\"datePublished\":\"2011-10-13T04:05:47+00:00\",\"breadcrumb\":{\"@id\":\"https:\\\/\\\/vanderloubet.com.br\\\/deputado\\\/glp-na-cesta-basica-relatora-na-cssf-apresenta-parecer-favoravel-ao-projeto\\\/#breadcrumb\"},\"inLanguage\":\"pt-BR\",\"potentialAction\":[{\"@type\":\"ReadAction\",\"target\":[\"https:\\\/\\\/vanderloubet.com.br\\\/deputado\\\/glp-na-cesta-basica-relatora-na-cssf-apresenta-parecer-favoravel-ao-projeto\\\/\"]}]},{\"@type\":\"ImageObject\",\"inLanguage\":\"pt-BR\",\"@id\":\"https:\\\/\\\/vanderloubet.com.br\\\/deputado\\\/glp-na-cesta-basica-relatora-na-cssf-apresenta-parecer-favoravel-ao-projeto\\\/#primaryimage\",\"url\":\"http:\\\/\\\/www.deputadovander.com.br\\\/website\\\/wp-content\\\/uploads\\\/2011\\\/10\\\/foto-2011-10-13-gas-de-cozinha-glp-400x266.jpg\",\"contentUrl\":\"http:\\\/\\\/www.deputadovander.com.br\\\/website\\\/wp-content\\\/uploads\\\/2011\\\/10\\\/foto-2011-10-13-gas-de-cozinha-glp-400x266.jpg\"},{\"@type\":\"BreadcrumbList\",\"@id\":\"https:\\\/\\\/vanderloubet.com.br\\\/deputado\\\/glp-na-cesta-basica-relatora-na-cssf-apresenta-parecer-favoravel-ao-projeto\\\/#breadcrumb\",\"itemListElement\":[{\"@type\":\"ListItem\",\"position\":1,\"name\":\"In\u00edcio\",\"item\":\"https:\\\/\\\/vanderloubet.com.br\\\/deputado\\\/\"},{\"@type\":\"ListItem\",\"position\":2,\"name\":\"GLP na cesta b\u00e1sica: relatora na CSSF apresenta parecer favor\u00e1vel ao projeto\"}]},{\"@type\":\"WebSite\",\"@id\":\"https:\\\/\\\/vanderloubet.com.br\\\/deputado\\\/#website\",\"url\":\"https:\\\/\\\/vanderloubet.com.br\\\/deputado\\\/\",\"name\":\"Deputado Federal Vander Loubet\",\"description\":\"O Federal de MS\",\"publisher\":{\"@id\":\"https:\\\/\\\/vanderloubet.com.br\\\/deputado\\\/#organization\"},\"alternateName\":\"Deputado Vander\",\"potentialAction\":[{\"@type\":\"SearchAction\",\"target\":{\"@type\":\"EntryPoint\",\"urlTemplate\":\"https:\\\/\\\/vanderloubet.com.br\\\/deputado\\\/?s={search_term_string}\"},\"query-input\":{\"@type\":\"PropertyValueSpecification\",\"valueRequired\":true,\"valueName\":\"search_term_string\"}}],\"inLanguage\":\"pt-BR\"},{\"@type\":\"Organization\",\"@id\":\"https:\\\/\\\/vanderloubet.com.br\\\/deputado\\\/#organization\",\"name\":\"Deputado Federal Vander Loubet\",\"alternateName\":\"Deputado Vander\",\"url\":\"https:\\\/\\\/vanderloubet.com.br\\\/deputado\\\/\",\"logo\":{\"@type\":\"ImageObject\",\"inLanguage\":\"pt-BR\",\"@id\":\"https:\\\/\\\/vanderloubet.com.br\\\/deputado\\\/#\\\/schema\\\/logo\\\/image\\\/\",\"url\":\"https:\\\/\\\/vanderloubet.com.br\\\/deputado\\\/wp-content\\\/uploads\\\/2023\\\/06\\\/foto-2023-06-19-mandato-deputado-vander.jpg\",\"contentUrl\":\"https:\\\/\\\/vanderloubet.com.br\\\/deputado\\\/wp-content\\\/uploads\\\/2023\\\/06\\\/foto-2023-06-19-mandato-deputado-vander.jpg\",\"width\":1080,\"height\":1080,\"caption\":\"Deputado Federal Vander Loubet\"},\"image\":{\"@id\":\"https:\\\/\\\/vanderloubet.com.br\\\/deputado\\\/#\\\/schema\\\/logo\\\/image\\\/\"},\"sameAs\":[\"https:\\\/\\\/facebook.com\\\/deputadovander\",\"https:\\\/\\\/x.com\\\/vanderloubet\",\"https:\\\/\\\/instagram.com\\\/vanderloubet\",\"https:\\\/\\\/youtube.com\\\/vanderloubet\",\"https:\\\/\\\/tiktok.com\\\/@vanderloubetms\"]},{\"@type\":\"Person\",\"@id\":\"https:\\\/\\\/vanderloubet.com.br\\\/deputado\\\/#\\\/schema\\\/person\\\/15b51bd564532a8a68d9dec1b8eb890e\",\"name\":\"\u00c9der\",\"image\":{\"@type\":\"ImageObject\",\"inLanguage\":\"pt-BR\",\"@id\":\"https:\\\/\\\/vanderloubet.com.br\\\/deputado\\\/wp-content\\\/litespeed\\\/avatar\\\/88ca4090d9d5ab1c9495f6ca03b68efa.jpg?ver=1777058957\",\"url\":\"https:\\\/\\\/vanderloubet.com.br\\\/deputado\\\/wp-content\\\/litespeed\\\/avatar\\\/88ca4090d9d5ab1c9495f6ca03b68efa.jpg?ver=1777058957\",\"contentUrl\":\"https:\\\/\\\/vanderloubet.com.br\\\/deputado\\\/wp-content\\\/litespeed\\\/avatar\\\/88ca4090d9d5ab1c9495f6ca03b68efa.jpg?ver=1777058957\",\"caption\":\"\u00c9der\"}}]}<\/script>\n<!-- \/ Yoast SEO plugin. -->","yoast_head_json":{"title":"GLP na cesta b\u00e1sica: relatora na CSSF apresenta parecer favor\u00e1vel ao projeto","robots":{"index":"index","follow":"follow","max-snippet":"max-snippet:-1","max-image-preview":"max-image-preview:large","max-video-preview":"max-video-preview:-1"},"canonical":"https:\/\/vanderloubet.com.br\/deputado\/glp-na-cesta-basica-relatora-na-cssf-apresenta-parecer-favoravel-ao-projeto\/","og_locale":"pt_BR","og_type":"article","og_title":"GLP na cesta b\u00e1sica: relatora na CSSF apresenta parecer favor\u00e1vel ao projeto","og_description":"PL 6740\/2010, de autoria de Vander, prev\u00ea inclus\u00e3o do g\u00e1s de cozinha como item da cesta b\u00e1sica e redu\u00e7\u00e3o tribut\u00e1ria sobre o produto.","og_url":"https:\/\/vanderloubet.com.br\/deputado\/glp-na-cesta-basica-relatora-na-cssf-apresenta-parecer-favoravel-ao-projeto\/","og_site_name":"Deputado Federal Vander Loubet","article_publisher":"https:\/\/facebook.com\/deputadovander","article_published_time":"2011-10-13T04:05:47+00:00","og_image":[{"url":"http:\/\/www.deputadovander.com.br\/website\/wp-content\/uploads\/2011\/10\/foto-2011-10-13-gas-de-cozinha-glp-400x266.jpg","type":"","width":"","height":""}],"author":"\u00c9der","twitter_card":"summary_large_image","twitter_creator":"@vanderloubet","twitter_site":"@vanderloubet","schema":{"@context":"https:\/\/schema.org","@graph":[{"@type":"Article","@id":"https:\/\/vanderloubet.com.br\/deputado\/glp-na-cesta-basica-relatora-na-cssf-apresenta-parecer-favoravel-ao-projeto\/#article","isPartOf":{"@id":"https:\/\/vanderloubet.com.br\/deputado\/glp-na-cesta-basica-relatora-na-cssf-apresenta-parecer-favoravel-ao-projeto\/"},"author":{"name":"\u00c9der","@id":"https:\/\/vanderloubet.com.br\/deputado\/#\/schema\/person\/15b51bd564532a8a68d9dec1b8eb890e"},"headline":"GLP na cesta b\u00e1sica: relatora na CSSF apresenta parecer favor\u00e1vel ao projeto","datePublished":"2011-10-13T04:05:47+00:00","mainEntityOfPage":{"@id":"https:\/\/vanderloubet.com.br\/deputado\/glp-na-cesta-basica-relatora-na-cssf-apresenta-parecer-favoravel-ao-projeto\/"},"wordCount":567,"publisher":{"@id":"https:\/\/vanderloubet.com.br\/deputado\/#organization"},"image":{"@id":"https:\/\/vanderloubet.com.br\/deputado\/glp-na-cesta-basica-relatora-na-cssf-apresenta-parecer-favoravel-ao-projeto\/#primaryimage"},"thumbnailUrl":"http:\/\/www.deputadovander.com.br\/website\/wp-content\/uploads\/2011\/10\/foto-2011-10-13-gas-de-cozinha-glp-400x266.jpg","keywords":["b\u00e1sica","benedita","c\u00e2mara","cesta","cofins","comiss\u00e3o","cozinha","deputado","familia","federal","fog\u00e3o","forno","g\u00e1s","glp","lenha","loubet","pasep","pis","projeto","PT","seguridade","silva","social","vander"],"articleSection":["Not\u00edcias"],"inLanguage":"pt-BR"},{"@type":"WebPage","@id":"https:\/\/vanderloubet.com.br\/deputado\/glp-na-cesta-basica-relatora-na-cssf-apresenta-parecer-favoravel-ao-projeto\/","url":"https:\/\/vanderloubet.com.br\/deputado\/glp-na-cesta-basica-relatora-na-cssf-apresenta-parecer-favoravel-ao-projeto\/","name":"GLP na cesta b\u00e1sica: relatora na CSSF apresenta parecer favor\u00e1vel ao projeto","isPartOf":{"@id":"https:\/\/vanderloubet.com.br\/deputado\/#website"},"primaryImageOfPage":{"@id":"https:\/\/vanderloubet.com.br\/deputado\/glp-na-cesta-basica-relatora-na-cssf-apresenta-parecer-favoravel-ao-projeto\/#primaryimage"},"image":{"@id":"https:\/\/vanderloubet.com.br\/deputado\/glp-na-cesta-basica-relatora-na-cssf-apresenta-parecer-favoravel-ao-projeto\/#primaryimage"},"thumbnailUrl":"http:\/\/www.deputadovander.com.br\/website\/wp-content\/uploads\/2011\/10\/foto-2011-10-13-gas-de-cozinha-glp-400x266.jpg","datePublished":"2011-10-13T04:05:47+00:00","breadcrumb":{"@id":"https:\/\/vanderloubet.com.br\/deputado\/glp-na-cesta-basica-relatora-na-cssf-apresenta-parecer-favoravel-ao-projeto\/#breadcrumb"},"inLanguage":"pt-BR","potentialAction":[{"@type":"ReadAction","target":["https:\/\/vanderloubet.com.br\/deputado\/glp-na-cesta-basica-relatora-na-cssf-apresenta-parecer-favoravel-ao-projeto\/"]}]},{"@type":"ImageObject","inLanguage":"pt-BR","@id":"https:\/\/vanderloubet.com.br\/deputado\/glp-na-cesta-basica-relatora-na-cssf-apresenta-parecer-favoravel-ao-projeto\/#primaryimage","url":"http:\/\/www.deputadovander.com.br\/website\/wp-content\/uploads\/2011\/10\/foto-2011-10-13-gas-de-cozinha-glp-400x266.jpg","contentUrl":"http:\/\/www.deputadovander.com.br\/website\/wp-content\/uploads\/2011\/10\/foto-2011-10-13-gas-de-cozinha-glp-400x266.jpg"},{"@type":"BreadcrumbList","@id":"https:\/\/vanderloubet.com.br\/deputado\/glp-na-cesta-basica-relatora-na-cssf-apresenta-parecer-favoravel-ao-projeto\/#breadcrumb","itemListElement":[{"@type":"ListItem","position":1,"name":"In\u00edcio","item":"https:\/\/vanderloubet.com.br\/deputado\/"},{"@type":"ListItem","position":2,"name":"GLP na cesta b\u00e1sica: relatora na CSSF apresenta parecer favor\u00e1vel ao projeto"}]},{"@type":"WebSite","@id":"https:\/\/vanderloubet.com.br\/deputado\/#website","url":"https:\/\/vanderloubet.com.br\/deputado\/","name":"Deputado Federal Vander Loubet","description":"O Federal de MS","publisher":{"@id":"https:\/\/vanderloubet.com.br\/deputado\/#organization"},"alternateName":"Deputado Vander","potentialAction":[{"@type":"SearchAction","target":{"@type":"EntryPoint","urlTemplate":"https:\/\/vanderloubet.com.br\/deputado\/?s={search_term_string}"},"query-input":{"@type":"PropertyValueSpecification","valueRequired":true,"valueName":"search_term_string"}}],"inLanguage":"pt-BR"},{"@type":"Organization","@id":"https:\/\/vanderloubet.com.br\/deputado\/#organization","name":"Deputado Federal Vander Loubet","alternateName":"Deputado Vander","url":"https:\/\/vanderloubet.com.br\/deputado\/","logo":{"@type":"ImageObject","inLanguage":"pt-BR","@id":"https:\/\/vanderloubet.com.br\/deputado\/#\/schema\/logo\/image\/","url":"https:\/\/vanderloubet.com.br\/deputado\/wp-content\/uploads\/2023\/06\/foto-2023-06-19-mandato-deputado-vander.jpg","contentUrl":"https:\/\/vanderloubet.com.br\/deputado\/wp-content\/uploads\/2023\/06\/foto-2023-06-19-mandato-deputado-vander.jpg","width":1080,"height":1080,"caption":"Deputado Federal Vander Loubet"},"image":{"@id":"https:\/\/vanderloubet.com.br\/deputado\/#\/schema\/logo\/image\/"},"sameAs":["https:\/\/facebook.com\/deputadovander","https:\/\/x.com\/vanderloubet","https:\/\/instagram.com\/vanderloubet","https:\/\/youtube.com\/vanderloubet","https:\/\/tiktok.com\/@vanderloubetms"]},{"@type":"Person","@id":"https:\/\/vanderloubet.com.br\/deputado\/#\/schema\/person\/15b51bd564532a8a68d9dec1b8eb890e","name":"\u00c9der","image":{"@type":"ImageObject","inLanguage":"pt-BR","@id":"https:\/\/vanderloubet.com.br\/deputado\/wp-content\/litespeed\/avatar\/88ca4090d9d5ab1c9495f6ca03b68efa.jpg?ver=1777058957","url":"https:\/\/vanderloubet.com.br\/deputado\/wp-content\/litespeed\/avatar\/88ca4090d9d5ab1c9495f6ca03b68efa.jpg?ver=1777058957","contentUrl":"https:\/\/vanderloubet.com.br\/deputado\/wp-content\/litespeed\/avatar\/88ca4090d9d5ab1c9495f6ca03b68efa.jpg?ver=1777058957","caption":"\u00c9der"}}]}},"jetpack_featured_media_url":"","jetpack_sharing_enabled":true,"_links":{"self":[{"href":"https:\/\/vanderloubet.com.br\/deputado\/wp-json\/wp\/v2\/posts\/3820","targetHints":{"allow":["GET"]}}],"collection":[{"href":"https:\/\/vanderloubet.com.br\/deputado\/wp-json\/wp\/v2\/posts"}],"about":[{"href":"https:\/\/vanderloubet.com.br\/deputado\/wp-json\/wp\/v2\/types\/post"}],"author":[{"embeddable":true,"href":"https:\/\/vanderloubet.com.br\/deputado\/wp-json\/wp\/v2\/users\/2"}],"replies":[{"embeddable":true,"href":"https:\/\/vanderloubet.com.br\/deputado\/wp-json\/wp\/v2\/comments?post=3820"}],"version-history":[{"count":0,"href":"https:\/\/vanderloubet.com.br\/deputado\/wp-json\/wp\/v2\/posts\/3820\/revisions"}],"wp:attachment":[{"href":"https:\/\/vanderloubet.com.br\/deputado\/wp-json\/wp\/v2\/media?parent=3820"}],"wp:term":[{"taxonomy":"category","embeddable":true,"href":"https:\/\/vanderloubet.com.br\/deputado\/wp-json\/wp\/v2\/categories?post=3820"},{"taxonomy":"post_tag","embeddable":true,"href":"https:\/\/vanderloubet.com.br\/deputado\/wp-json\/wp\/v2\/tags?post=3820"}],"curies":[{"name":"wp","href":"https:\/\/api.w.org\/{rel}","templated":true}]}}