{"id":3808,"date":"2011-10-06T18:26:36","date_gmt":"2011-10-06T22:26:36","guid":{"rendered":"http:\/\/www.deputadovander.com.br\/website\/?p=3808"},"modified":"2011-10-06T18:26:36","modified_gmt":"2011-10-06T22:26:36","slug":"vander-pede-que-governo-federal-inclua-ferroeste-e-norte-sul-no-pac-2","status":"publish","type":"post","link":"https:\/\/vanderloubet.com.br\/deputado\/vander-pede-que-governo-federal-inclua-ferroeste-e-norte-sul-no-pac-2\/","title":{"rendered":"Vander pede que governo inclua Ferroeste e Norte-Sul no PAC 2"},"content":{"rendered":"<figure id=\"attachment_3375\" aria-describedby=\"caption-attachment-3375\" style=\"width: 400px\" class=\"wp-caption aligncenter\"><a href=\"http:\/\/www.deputadovander.com.br\/website\/wp-content\/uploads\/2011\/07\/foto-2011-07-01-projetos-ferrovias.jpg\" target=\"_blank\"><img decoding=\"async\" class=\"size-medium wp-image-3375 \" title=\"foto-2011-07-01-projetos-ferrovias\" src=\"http:\/\/www.deputadovander.com.br\/website\/wp-content\/uploads\/2011\/07\/foto-2011-07-01-projetos-ferrovias-400x278.jpg\" alt=\"Projetos de ferrovias do governo em estudo e em andamento\" width=\"400\" height=\"278\" \/><\/a><figcaption id=\"caption-attachment-3375\" class=\"wp-caption-text\">Projetos de ferrovias do governo em estudo e em andamento<\/figcaption><\/figure>\n<p>O deputado federal Vander Loubet (PT-MS) protocolou ontem (5) requerimento na Mesa Diretora da C\u00e2mara dos Deputados solicitando o envio de uma indica\u00e7\u00e3o (<a title=\"Link\" href=\"http:\/\/www.camara.gov.br\/proposicoesWeb\/fichadetramitacao?idProposicao=522924\" target=\"_blank\">INC-1780\/2011<\/a>) ao Poder Executivo para que os projetos de constru\u00e7\u00e3o das ferrovias Ferroeste e Norte-Sul, em Mato Grosso do Sul, sejam inclu\u00eddos na segunda fase do Programa de Acelera\u00e7\u00e3o do Crescimento (PAC 2).<\/p>\n<p>Segundo Vander, os projetos das duas ferrovias \u00e9 fundamental para a economia sul-mato-grossense, especialmente o agroneg\u00f3cio. &#8220;A Ferroeste e a Norte-Sul s\u00e3o muito importantes para nosso estado porque contemplam tr\u00eas importantes regi\u00f5es geoecon\u00f4micas &#8211; Grande Dourados, Bols\u00e3o e Pantanal &#8211; e v\u00e3o permitir a liga\u00e7\u00e3o dessas regi\u00f5es com os portos de Santos (SP) e Paranagu\u00e1 (PR), facilitando o interc\u00e2mbio comercial com outros estados, com os pa\u00edses do Mercosul e at\u00e9 mesmo com o continente asi\u00e1tico por meio dos portos de Resist\u00eancia na Argentina e Antofagasta no Chile&#8221;, afirmou o deputado.<\/p>\n<p>O governo federal, como grande indutor do desenvolvimento nacional, tem empenhado grandes esfor\u00e7os nos \u00faltimos anos para ampliar a participa\u00e7\u00e3o do modal ferrovi\u00e1rio na matriz de transporte brasileira. Desde 2002, foram constru\u00eddos v\u00e1rios trechos ferrovi\u00e1rios interligando as diversas regi\u00f5es do Pa\u00eds. At\u00e9 2010, foram investidos, por meio do PAC, R$ 3,4 bilh\u00f5es em 909 km de ferrovias e outros 3,5 mil km est\u00e3o em andamento pelo PAC 2. No entanto, nenhum dos projetos relacionados \u00e0 Mato Grosso do Sul foi eleito como priorit\u00e1rio e contemplado com recursos do Programa.<\/p>\n<p>&#8220;Cabe a n\u00f3s sul-mato-grossenses batalhar em Bras\u00edlia para incluir esses projetos no PAC 2, garantindo assim um transporte mais diversificado e um salto expressivo no com\u00e9rcio da nossa produ\u00e7\u00e3o. Tenho certeza que com o apoio de toda a bancada federal vamos sensibilizar a presidenta Dilma para contemplar a Ferroeste e a Norte-Sul no rol de prioridades do setor ferrovi\u00e1rio nacional&#8221;, pontua Vander.<\/p>\n<p><span style=\"font-size: 11px;\">(\u00c9der Yanaguita\/Assessoria Deputado Vander)<\/span><\/p>\n","protected":false},"excerpt":{"rendered":"<p>Projetos s\u00e3o importantes pois v\u00e3o permitir liga\u00e7\u00e3o da Grande Dourados, Bols\u00e3o e Pantanal com os portos de Santos e Paranagu\u00e1.<\/p>\n","protected":false},"author":2,"featured_media":0,"comment_status":"closed","ping_status":"open","sticky":false,"template":"","format":"standard","meta":{"jetpack_post_was_ever_published":false,"_jetpack_newsletter_access":"","_jetpack_dont_email_post_to_subs":false,"_jetpack_newsletter_tier_id":0,"_jetpack_memberships_contains_paywalled_content":false,"_jetpack_memberships_contains_paid_content":false,"footnotes":""},"categories":[10],"tags":[39,332,552,608,631,807,821,824,931,1015,1178,1277,1336,1394,1445,1631,1655,1902,2027,2033],"class_list":{"0":"post-3808","1":"post","2":"type-post","3":"status-publish","4":"format-standard","6":"category-noticias","7":"tag-aceleracao","8":"tag-camara","9":"tag-crescimento","10":"tag-deputado","11":"tag-dilma","12":"tag-federal","13":"tag-ferroeste","14":"tag-ferrovia","15":"tag-governo","16":"tag-indicacao","17":"tag-loubet","18":"tag-mercosul","19":"tag-ms","20":"tag-norte","21":"tag-pac","22":"tag-programa","23":"tag-pt","24":"tag-sul","25":"tag-valec","26":"tag-vander"},"yoast_head":"<!-- This site is optimized with the Yoast SEO plugin v27.4 - https:\/\/yoast.com\/product\/yoast-seo-wordpress\/ -->\n<title>Vander pede que governo inclua Ferroeste e Norte-Sul no PAC 2<\/title>\n<meta name=\"robots\" content=\"index, follow, max-snippet:-1, max-image-preview:large, max-video-preview:-1\" \/>\n<link rel=\"canonical\" href=\"https:\/\/vanderloubet.com.br\/deputado\/vander-pede-que-governo-federal-inclua-ferroeste-e-norte-sul-no-pac-2\/\" \/>\n<meta property=\"og:locale\" content=\"pt_BR\" \/>\n<meta property=\"og:type\" content=\"article\" \/>\n<meta property=\"og:title\" content=\"Vander pede que governo inclua Ferroeste e Norte-Sul no PAC 2\" \/>\n<meta property=\"og:description\" content=\"Projetos s\u00e3o importantes pois v\u00e3o permitir liga\u00e7\u00e3o da Grande Dourados, Bols\u00e3o e Pantanal com os portos de Santos e Paranagu\u00e1.\" \/>\n<meta property=\"og:url\" content=\"https:\/\/vanderloubet.com.br\/deputado\/vander-pede-que-governo-federal-inclua-ferroeste-e-norte-sul-no-pac-2\/\" \/>\n<meta property=\"og:site_name\" content=\"Deputado Federal Vander Loubet\" \/>\n<meta property=\"article:publisher\" content=\"https:\/\/facebook.com\/deputadovander\" \/>\n<meta property=\"article:published_time\" content=\"2011-10-06T22:26:36+00:00\" \/>\n<meta property=\"og:image\" content=\"http:\/\/www.deputadovander.com.br\/website\/wp-content\/uploads\/2011\/07\/foto-2011-07-01-projetos-ferrovias-400x278.jpg\" \/>\n<meta name=\"author\" content=\"\u00c9der\" \/>\n<meta name=\"twitter:card\" content=\"summary_large_image\" \/>\n<meta name=\"twitter:creator\" content=\"@vanderloubet\" \/>\n<meta name=\"twitter:site\" content=\"@vanderloubet\" \/>\n<script type=\"application\/ld+json\" class=\"yoast-schema-graph\">{\"@context\":\"https:\\\/\\\/schema.org\",\"@graph\":[{\"@type\":\"Article\",\"@id\":\"https:\\\/\\\/vanderloubet.com.br\\\/deputado\\\/vander-pede-que-governo-federal-inclua-ferroeste-e-norte-sul-no-pac-2\\\/#article\",\"isPartOf\":{\"@id\":\"https:\\\/\\\/vanderloubet.com.br\\\/deputado\\\/vander-pede-que-governo-federal-inclua-ferroeste-e-norte-sul-no-pac-2\\\/\"},\"author\":{\"name\":\"\u00c9der\",\"@id\":\"https:\\\/\\\/vanderloubet.com.br\\\/deputado\\\/#\\\/schema\\\/person\\\/15b51bd564532a8a68d9dec1b8eb890e\"},\"headline\":\"Vander pede que governo inclua Ferroeste e Norte-Sul no PAC 2\",\"datePublished\":\"2011-10-06T22:26:36+00:00\",\"mainEntityOfPage\":{\"@id\":\"https:\\\/\\\/vanderloubet.com.br\\\/deputado\\\/vander-pede-que-governo-federal-inclua-ferroeste-e-norte-sul-no-pac-2\\\/\"},\"wordCount\":353,\"publisher\":{\"@id\":\"https:\\\/\\\/vanderloubet.com.br\\\/deputado\\\/#organization\"},\"image\":{\"@id\":\"https:\\\/\\\/vanderloubet.com.br\\\/deputado\\\/vander-pede-que-governo-federal-inclua-ferroeste-e-norte-sul-no-pac-2\\\/#primaryimage\"},\"thumbnailUrl\":\"http:\\\/\\\/www.deputadovander.com.br\\\/website\\\/wp-content\\\/uploads\\\/2011\\\/07\\\/foto-2011-07-01-projetos-ferrovias-400x278.jpg\",\"keywords\":[\"acelera\u00e7\u00e3o\",\"c\u00e2mara\",\"crescimento\",\"deputado\",\"dilma\",\"federal\",\"ferroeste\",\"ferrovia\",\"governo\",\"indica\u00e7\u00e3o\",\"loubet\",\"mercosul\",\"MS\",\"norte\",\"pac\",\"programa\",\"PT\",\"sul\",\"valec\",\"vander\"],\"articleSection\":[\"Not\u00edcias\"],\"inLanguage\":\"pt-BR\"},{\"@type\":\"WebPage\",\"@id\":\"https:\\\/\\\/vanderloubet.com.br\\\/deputado\\\/vander-pede-que-governo-federal-inclua-ferroeste-e-norte-sul-no-pac-2\\\/\",\"url\":\"https:\\\/\\\/vanderloubet.com.br\\\/deputado\\\/vander-pede-que-governo-federal-inclua-ferroeste-e-norte-sul-no-pac-2\\\/\",\"name\":\"Vander pede que governo inclua Ferroeste e Norte-Sul no PAC 2\",\"isPartOf\":{\"@id\":\"https:\\\/\\\/vanderloubet.com.br\\\/deputado\\\/#website\"},\"primaryImageOfPage\":{\"@id\":\"https:\\\/\\\/vanderloubet.com.br\\\/deputado\\\/vander-pede-que-governo-federal-inclua-ferroeste-e-norte-sul-no-pac-2\\\/#primaryimage\"},\"image\":{\"@id\":\"https:\\\/\\\/vanderloubet.com.br\\\/deputado\\\/vander-pede-que-governo-federal-inclua-ferroeste-e-norte-sul-no-pac-2\\\/#primaryimage\"},\"thumbnailUrl\":\"http:\\\/\\\/www.deputadovander.com.br\\\/website\\\/wp-content\\\/uploads\\\/2011\\\/07\\\/foto-2011-07-01-projetos-ferrovias-400x278.jpg\",\"datePublished\":\"2011-10-06T22:26:36+00:00\",\"breadcrumb\":{\"@id\":\"https:\\\/\\\/vanderloubet.com.br\\\/deputado\\\/vander-pede-que-governo-federal-inclua-ferroeste-e-norte-sul-no-pac-2\\\/#breadcrumb\"},\"inLanguage\":\"pt-BR\",\"potentialAction\":[{\"@type\":\"ReadAction\",\"target\":[\"https:\\\/\\\/vanderloubet.com.br\\\/deputado\\\/vander-pede-que-governo-federal-inclua-ferroeste-e-norte-sul-no-pac-2\\\/\"]}]},{\"@type\":\"ImageObject\",\"inLanguage\":\"pt-BR\",\"@id\":\"https:\\\/\\\/vanderloubet.com.br\\\/deputado\\\/vander-pede-que-governo-federal-inclua-ferroeste-e-norte-sul-no-pac-2\\\/#primaryimage\",\"url\":\"http:\\\/\\\/www.deputadovander.com.br\\\/website\\\/wp-content\\\/uploads\\\/2011\\\/07\\\/foto-2011-07-01-projetos-ferrovias-400x278.jpg\",\"contentUrl\":\"http:\\\/\\\/www.deputadovander.com.br\\\/website\\\/wp-content\\\/uploads\\\/2011\\\/07\\\/foto-2011-07-01-projetos-ferrovias-400x278.jpg\"},{\"@type\":\"BreadcrumbList\",\"@id\":\"https:\\\/\\\/vanderloubet.com.br\\\/deputado\\\/vander-pede-que-governo-federal-inclua-ferroeste-e-norte-sul-no-pac-2\\\/#breadcrumb\",\"itemListElement\":[{\"@type\":\"ListItem\",\"position\":1,\"name\":\"In\u00edcio\",\"item\":\"https:\\\/\\\/vanderloubet.com.br\\\/deputado\\\/\"},{\"@type\":\"ListItem\",\"position\":2,\"name\":\"Vander pede que governo inclua Ferroeste e Norte-Sul no PAC 2\"}]},{\"@type\":\"WebSite\",\"@id\":\"https:\\\/\\\/vanderloubet.com.br\\\/deputado\\\/#website\",\"url\":\"https:\\\/\\\/vanderloubet.com.br\\\/deputado\\\/\",\"name\":\"Deputado Federal Vander Loubet\",\"description\":\"O Federal de MS\",\"publisher\":{\"@id\":\"https:\\\/\\\/vanderloubet.com.br\\\/deputado\\\/#organization\"},\"alternateName\":\"Deputado Vander\",\"potentialAction\":[{\"@type\":\"SearchAction\",\"target\":{\"@type\":\"EntryPoint\",\"urlTemplate\":\"https:\\\/\\\/vanderloubet.com.br\\\/deputado\\\/?s={search_term_string}\"},\"query-input\":{\"@type\":\"PropertyValueSpecification\",\"valueRequired\":true,\"valueName\":\"search_term_string\"}}],\"inLanguage\":\"pt-BR\"},{\"@type\":\"Organization\",\"@id\":\"https:\\\/\\\/vanderloubet.com.br\\\/deputado\\\/#organization\",\"name\":\"Deputado Federal Vander Loubet\",\"alternateName\":\"Deputado Vander\",\"url\":\"https:\\\/\\\/vanderloubet.com.br\\\/deputado\\\/\",\"logo\":{\"@type\":\"ImageObject\",\"inLanguage\":\"pt-BR\",\"@id\":\"https:\\\/\\\/vanderloubet.com.br\\\/deputado\\\/#\\\/schema\\\/logo\\\/image\\\/\",\"url\":\"https:\\\/\\\/vanderloubet.com.br\\\/deputado\\\/wp-content\\\/uploads\\\/2023\\\/06\\\/foto-2023-06-19-mandato-deputado-vander.jpg\",\"contentUrl\":\"https:\\\/\\\/vanderloubet.com.br\\\/deputado\\\/wp-content\\\/uploads\\\/2023\\\/06\\\/foto-2023-06-19-mandato-deputado-vander.jpg\",\"width\":1080,\"height\":1080,\"caption\":\"Deputado Federal Vander Loubet\"},\"image\":{\"@id\":\"https:\\\/\\\/vanderloubet.com.br\\\/deputado\\\/#\\\/schema\\\/logo\\\/image\\\/\"},\"sameAs\":[\"https:\\\/\\\/facebook.com\\\/deputadovander\",\"https:\\\/\\\/x.com\\\/vanderloubet\",\"https:\\\/\\\/instagram.com\\\/vanderloubet\",\"https:\\\/\\\/youtube.com\\\/vanderloubet\",\"https:\\\/\\\/tiktok.com\\\/@vanderloubetms\"]},{\"@type\":\"Person\",\"@id\":\"https:\\\/\\\/vanderloubet.com.br\\\/deputado\\\/#\\\/schema\\\/person\\\/15b51bd564532a8a68d9dec1b8eb890e\",\"name\":\"\u00c9der\",\"image\":{\"@type\":\"ImageObject\",\"inLanguage\":\"pt-BR\",\"@id\":\"https:\\\/\\\/vanderloubet.com.br\\\/deputado\\\/wp-content\\\/litespeed\\\/avatar\\\/88ca4090d9d5ab1c9495f6ca03b68efa.jpg?ver=1777058957\",\"url\":\"https:\\\/\\\/vanderloubet.com.br\\\/deputado\\\/wp-content\\\/litespeed\\\/avatar\\\/88ca4090d9d5ab1c9495f6ca03b68efa.jpg?ver=1777058957\",\"contentUrl\":\"https:\\\/\\\/vanderloubet.com.br\\\/deputado\\\/wp-content\\\/litespeed\\\/avatar\\\/88ca4090d9d5ab1c9495f6ca03b68efa.jpg?ver=1777058957\",\"caption\":\"\u00c9der\"}}]}<\/script>\n<!-- \/ Yoast SEO plugin. -->","yoast_head_json":{"title":"Vander pede que governo inclua Ferroeste e Norte-Sul no PAC 2","robots":{"index":"index","follow":"follow","max-snippet":"max-snippet:-1","max-image-preview":"max-image-preview:large","max-video-preview":"max-video-preview:-1"},"canonical":"https:\/\/vanderloubet.com.br\/deputado\/vander-pede-que-governo-federal-inclua-ferroeste-e-norte-sul-no-pac-2\/","og_locale":"pt_BR","og_type":"article","og_title":"Vander pede que governo inclua Ferroeste e Norte-Sul no PAC 2","og_description":"Projetos s\u00e3o importantes pois v\u00e3o permitir liga\u00e7\u00e3o da Grande Dourados, Bols\u00e3o e Pantanal com os portos de Santos e Paranagu\u00e1.","og_url":"https:\/\/vanderloubet.com.br\/deputado\/vander-pede-que-governo-federal-inclua-ferroeste-e-norte-sul-no-pac-2\/","og_site_name":"Deputado Federal Vander Loubet","article_publisher":"https:\/\/facebook.com\/deputadovander","article_published_time":"2011-10-06T22:26:36+00:00","og_image":[{"url":"http:\/\/www.deputadovander.com.br\/website\/wp-content\/uploads\/2011\/07\/foto-2011-07-01-projetos-ferrovias-400x278.jpg","type":"","width":"","height":""}],"author":"\u00c9der","twitter_card":"summary_large_image","twitter_creator":"@vanderloubet","twitter_site":"@vanderloubet","schema":{"@context":"https:\/\/schema.org","@graph":[{"@type":"Article","@id":"https:\/\/vanderloubet.com.br\/deputado\/vander-pede-que-governo-federal-inclua-ferroeste-e-norte-sul-no-pac-2\/#article","isPartOf":{"@id":"https:\/\/vanderloubet.com.br\/deputado\/vander-pede-que-governo-federal-inclua-ferroeste-e-norte-sul-no-pac-2\/"},"author":{"name":"\u00c9der","@id":"https:\/\/vanderloubet.com.br\/deputado\/#\/schema\/person\/15b51bd564532a8a68d9dec1b8eb890e"},"headline":"Vander pede que governo inclua Ferroeste e Norte-Sul no PAC 2","datePublished":"2011-10-06T22:26:36+00:00","mainEntityOfPage":{"@id":"https:\/\/vanderloubet.com.br\/deputado\/vander-pede-que-governo-federal-inclua-ferroeste-e-norte-sul-no-pac-2\/"},"wordCount":353,"publisher":{"@id":"https:\/\/vanderloubet.com.br\/deputado\/#organization"},"image":{"@id":"https:\/\/vanderloubet.com.br\/deputado\/vander-pede-que-governo-federal-inclua-ferroeste-e-norte-sul-no-pac-2\/#primaryimage"},"thumbnailUrl":"http:\/\/www.deputadovander.com.br\/website\/wp-content\/uploads\/2011\/07\/foto-2011-07-01-projetos-ferrovias-400x278.jpg","keywords":["acelera\u00e7\u00e3o","c\u00e2mara","crescimento","deputado","dilma","federal","ferroeste","ferrovia","governo","indica\u00e7\u00e3o","loubet","mercosul","MS","norte","pac","programa","PT","sul","valec","vander"],"articleSection":["Not\u00edcias"],"inLanguage":"pt-BR"},{"@type":"WebPage","@id":"https:\/\/vanderloubet.com.br\/deputado\/vander-pede-que-governo-federal-inclua-ferroeste-e-norte-sul-no-pac-2\/","url":"https:\/\/vanderloubet.com.br\/deputado\/vander-pede-que-governo-federal-inclua-ferroeste-e-norte-sul-no-pac-2\/","name":"Vander pede que governo inclua Ferroeste e Norte-Sul no PAC 2","isPartOf":{"@id":"https:\/\/vanderloubet.com.br\/deputado\/#website"},"primaryImageOfPage":{"@id":"https:\/\/vanderloubet.com.br\/deputado\/vander-pede-que-governo-federal-inclua-ferroeste-e-norte-sul-no-pac-2\/#primaryimage"},"image":{"@id":"https:\/\/vanderloubet.com.br\/deputado\/vander-pede-que-governo-federal-inclua-ferroeste-e-norte-sul-no-pac-2\/#primaryimage"},"thumbnailUrl":"http:\/\/www.deputadovander.com.br\/website\/wp-content\/uploads\/2011\/07\/foto-2011-07-01-projetos-ferrovias-400x278.jpg","datePublished":"2011-10-06T22:26:36+00:00","breadcrumb":{"@id":"https:\/\/vanderloubet.com.br\/deputado\/vander-pede-que-governo-federal-inclua-ferroeste-e-norte-sul-no-pac-2\/#breadcrumb"},"inLanguage":"pt-BR","potentialAction":[{"@type":"ReadAction","target":["https:\/\/vanderloubet.com.br\/deputado\/vander-pede-que-governo-federal-inclua-ferroeste-e-norte-sul-no-pac-2\/"]}]},{"@type":"ImageObject","inLanguage":"pt-BR","@id":"https:\/\/vanderloubet.com.br\/deputado\/vander-pede-que-governo-federal-inclua-ferroeste-e-norte-sul-no-pac-2\/#primaryimage","url":"http:\/\/www.deputadovander.com.br\/website\/wp-content\/uploads\/2011\/07\/foto-2011-07-01-projetos-ferrovias-400x278.jpg","contentUrl":"http:\/\/www.deputadovander.com.br\/website\/wp-content\/uploads\/2011\/07\/foto-2011-07-01-projetos-ferrovias-400x278.jpg"},{"@type":"BreadcrumbList","@id":"https:\/\/vanderloubet.com.br\/deputado\/vander-pede-que-governo-federal-inclua-ferroeste-e-norte-sul-no-pac-2\/#breadcrumb","itemListElement":[{"@type":"ListItem","position":1,"name":"In\u00edcio","item":"https:\/\/vanderloubet.com.br\/deputado\/"},{"@type":"ListItem","position":2,"name":"Vander pede que governo inclua Ferroeste e Norte-Sul no PAC 2"}]},{"@type":"WebSite","@id":"https:\/\/vanderloubet.com.br\/deputado\/#website","url":"https:\/\/vanderloubet.com.br\/deputado\/","name":"Deputado Federal Vander Loubet","description":"O Federal de MS","publisher":{"@id":"https:\/\/vanderloubet.com.br\/deputado\/#organization"},"alternateName":"Deputado Vander","potentialAction":[{"@type":"SearchAction","target":{"@type":"EntryPoint","urlTemplate":"https:\/\/vanderloubet.com.br\/deputado\/?s={search_term_string}"},"query-input":{"@type":"PropertyValueSpecification","valueRequired":true,"valueName":"search_term_string"}}],"inLanguage":"pt-BR"},{"@type":"Organization","@id":"https:\/\/vanderloubet.com.br\/deputado\/#organization","name":"Deputado Federal Vander Loubet","alternateName":"Deputado Vander","url":"https:\/\/vanderloubet.com.br\/deputado\/","logo":{"@type":"ImageObject","inLanguage":"pt-BR","@id":"https:\/\/vanderloubet.com.br\/deputado\/#\/schema\/logo\/image\/","url":"https:\/\/vanderloubet.com.br\/deputado\/wp-content\/uploads\/2023\/06\/foto-2023-06-19-mandato-deputado-vander.jpg","contentUrl":"https:\/\/vanderloubet.com.br\/deputado\/wp-content\/uploads\/2023\/06\/foto-2023-06-19-mandato-deputado-vander.jpg","width":1080,"height":1080,"caption":"Deputado Federal Vander Loubet"},"image":{"@id":"https:\/\/vanderloubet.com.br\/deputado\/#\/schema\/logo\/image\/"},"sameAs":["https:\/\/facebook.com\/deputadovander","https:\/\/x.com\/vanderloubet","https:\/\/instagram.com\/vanderloubet","https:\/\/youtube.com\/vanderloubet","https:\/\/tiktok.com\/@vanderloubetms"]},{"@type":"Person","@id":"https:\/\/vanderloubet.com.br\/deputado\/#\/schema\/person\/15b51bd564532a8a68d9dec1b8eb890e","name":"\u00c9der","image":{"@type":"ImageObject","inLanguage":"pt-BR","@id":"https:\/\/vanderloubet.com.br\/deputado\/wp-content\/litespeed\/avatar\/88ca4090d9d5ab1c9495f6ca03b68efa.jpg?ver=1777058957","url":"https:\/\/vanderloubet.com.br\/deputado\/wp-content\/litespeed\/avatar\/88ca4090d9d5ab1c9495f6ca03b68efa.jpg?ver=1777058957","contentUrl":"https:\/\/vanderloubet.com.br\/deputado\/wp-content\/litespeed\/avatar\/88ca4090d9d5ab1c9495f6ca03b68efa.jpg?ver=1777058957","caption":"\u00c9der"}}]}},"jetpack_featured_media_url":"","jetpack_sharing_enabled":true,"_links":{"self":[{"href":"https:\/\/vanderloubet.com.br\/deputado\/wp-json\/wp\/v2\/posts\/3808","targetHints":{"allow":["GET"]}}],"collection":[{"href":"https:\/\/vanderloubet.com.br\/deputado\/wp-json\/wp\/v2\/posts"}],"about":[{"href":"https:\/\/vanderloubet.com.br\/deputado\/wp-json\/wp\/v2\/types\/post"}],"author":[{"embeddable":true,"href":"https:\/\/vanderloubet.com.br\/deputado\/wp-json\/wp\/v2\/users\/2"}],"replies":[{"embeddable":true,"href":"https:\/\/vanderloubet.com.br\/deputado\/wp-json\/wp\/v2\/comments?post=3808"}],"version-history":[{"count":0,"href":"https:\/\/vanderloubet.com.br\/deputado\/wp-json\/wp\/v2\/posts\/3808\/revisions"}],"wp:attachment":[{"href":"https:\/\/vanderloubet.com.br\/deputado\/wp-json\/wp\/v2\/media?parent=3808"}],"wp:term":[{"taxonomy":"category","embeddable":true,"href":"https:\/\/vanderloubet.com.br\/deputado\/wp-json\/wp\/v2\/categories?post=3808"},{"taxonomy":"post_tag","embeddable":true,"href":"https:\/\/vanderloubet.com.br\/deputado\/wp-json\/wp\/v2\/tags?post=3808"}],"curies":[{"name":"wp","href":"https:\/\/api.w.org\/{rel}","templated":true}]}}