{"id":3794,"date":"2011-09-30T16:37:33","date_gmt":"2011-09-30T20:37:33","guid":{"rendered":"http:\/\/www.deputadovander.com.br\/website\/?p=3794"},"modified":"2011-09-30T16:37:33","modified_gmt":"2011-09-30T20:37:33","slug":"piso-do-professor-deve-ter-reajuste-de-1668-e-passar-para-r-1-384-em-2012","status":"publish","type":"post","link":"https:\/\/vanderloubet.com.br\/deputado\/piso-do-professor-deve-ter-reajuste-de-1668-e-passar-para-r-1-384-em-2012\/","title":{"rendered":"Piso do professor deve ter reajuste de 16,68% e passar para R$ 1.384 em 2012"},"content":{"rendered":"<figure id=\"attachment_3795\" aria-describedby=\"caption-attachment-3795\" style=\"width: 400px\" class=\"wp-caption aligncenter\"><a href=\"http:\/\/www.deputadovander.com.br\/website\/wp-content\/uploads\/2011\/09\/foto-2011-09-30-ensino-fundamental-fundeb.jpg\" target=\"_blank\"><img decoding=\"async\" class=\"size-medium wp-image-3795 \" title=\"foto-2011-09-30-ensino-fundamental-fundeb\" src=\"http:\/\/www.deputadovander.com.br\/website\/wp-content\/uploads\/2011\/09\/foto-2011-09-30-ensino-fundamental-fundeb-400x266.jpg\" alt=\"Ensino fundamental: investimento por aluno passar\u00e1 para R$ 2.009,45\" width=\"400\" height=\"266\" \/><\/a><figcaption id=\"caption-attachment-3795\" class=\"wp-caption-text\">Ensino fundamental: investimento por aluno passar\u00e1 para R$ 2.009,45<\/figcaption><\/figure>\n<p>A mem\u00f3ria do c\u00e1lculo de lei or\u00e7ament\u00e1ria para 2012, enviada ao Congresso Nacional pelo Minist\u00e9rio do Planejamento neste m\u00eas de setembro prev\u00ea um aumento de 16,68% no valor m\u00ednimo investido por aluno pelos governos municipais, estaduais e federal. A diferen\u00e7a entre um ano e outro neste valor \u00e9 o c\u00e1lculo utilizado pelo Minist\u00e9rio da Educa\u00e7\u00e3o para o piso nacional dos professores. Por conta disso, o sal\u00e1rio m\u00ednimo docente deve ir dos atuais R$ 1.187 para um valor em torno de R$ 1.384.<\/p>\n<p>O total m\u00ednimo investido por aluno do ensino fundamental passar\u00e1 de R$ 1.722,05 para R$ 2.009,45. A origem desse dinheiro \u00e9 o Fundeb (Fundo Nacional de Desenvolvimento da Educa\u00e7\u00e3o B\u00e1sica) e os Estados que n\u00e3o conseguem atingir esse m\u00ednimo recebem uma complementa\u00e7\u00e3o da Uni\u00e3o. Os valores exatos devem ser definidos em breve pelo Minist\u00e9rio da Educa\u00e7\u00e3o.<\/p>\n<p>Para o deputado federal Vander Loubet (PT-MS), trata-se de uma medida que faz justi\u00e7a ao papel dos professores na sociedade. &#8220;O piso nacional foi uma luta hist\u00f3rica dos professores e que encontrou eco junto ao governo federal e \u00e0 popula\u00e7\u00e3o, que sabe que \u00e9 importante valorizar o trabalho dos docentes. O reajuste dos valores agora pode e deve ser discutido com frequ\u00eancia, de maneira que essa medida de valoriza\u00e7\u00e3o seja permanente&#8221;, afirmou Vander.<\/p>\n<p><strong>Investimento por aluno<\/strong><\/p>\n<p>Com o rejuste do valor investido por aluno do ensino fundamental (que passar\u00e1 para R$ 2.009,45), o governo federal deve chegar pr\u00f3ximo ao valor dos c\u00e1lculos do CAQi (Custo Aluno Qualidade Inicial), que mede o valor m\u00ednimo para uma educa\u00e7\u00e3o de qualidade e que s\u00e3o feitos com base no PIB (Produto Interno Bruto). Segundo esse c\u00e1lculo, o valor deveria ser de pelo menos R$ 2.194,56. No entanto, para Vander, trata-se de uma meta que deve ser atingida de forma gradual.<\/p>\n<p>&#8220;Todos queremos que o investimento em educa\u00e7\u00e3o b\u00e1sica seja maior, mas isso precisa ser feito de forma respons\u00e1vel e gradual. Desde 2002, quando come\u00e7ou a gest\u00e3o do ex-presidente Lula, o aporte de recursos tem crescido e essa pol\u00edtica est\u00e1 mantida no governo Dilma, de maneira que estamos pr\u00f3ximos de atingir esse valor m\u00ednimo&#8221;, conclui o parlamentar sul-mato-grossense.<\/p>\n<p><span style=\"font-size: 11px;\">(\u00c9der Yanaguita\/Assessoria Deputado Vander)<\/span><\/p>\n","protected":false},"excerpt":{"rendered":"<p>Para o deputado federal Vander Loubet (PT-MS), trata-se de uma medida que faz justi\u00e7a ao papel dos professores na sociedade.<\/p>\n","protected":false},"author":2,"featured_media":0,"comment_status":"closed","ping_status":"open","sticky":false,"template":"","format":"standard","meta":{"jetpack_post_was_ever_published":false,"_jetpack_newsletter_access":"","_jetpack_dont_email_post_to_subs":false,"_jetpack_newsletter_tier_id":0,"_jetpack_memberships_contains_paywalled_content":false,"_jetpack_memberships_contains_paid_content":false,"footnotes":""},"categories":[10],"tags":[502,608,631,697,724,807,888,889,1178,1189,1302,1353,1550,1554,1613,1614,1629,1773,2033],"class_list":{"0":"post-3794","1":"post","2":"type-post","3":"status-publish","4":"format-standard","6":"category-noticias","7":"tag-congresso","8":"tag-deputado","9":"tag-dilma","10":"tag-educacao","11":"tag-ensino","12":"tag-federal","13":"tag-fundamental","14":"tag-fundeb","15":"tag-loubet","16":"tag-lula","17":"tag-ministerio","18":"tag-nacional","19":"tag-piso","20":"tag-planejamento","21":"tag-presidenta","22":"tag-presidente","23":"tag-professor","24":"tag-salarial","25":"tag-vander"},"yoast_head":"<!-- This site is optimized with the Yoast SEO plugin v27.4 - https:\/\/yoast.com\/product\/yoast-seo-wordpress\/ -->\n<title>Piso do professor deve ter reajuste de 16,68% e passar para R$ 1.384 em 2012<\/title>\n<meta name=\"robots\" content=\"index, follow, max-snippet:-1, max-image-preview:large, max-video-preview:-1\" \/>\n<link rel=\"canonical\" href=\"https:\/\/vanderloubet.com.br\/deputado\/piso-do-professor-deve-ter-reajuste-de-1668-e-passar-para-r-1-384-em-2012\/\" \/>\n<meta property=\"og:locale\" content=\"pt_BR\" \/>\n<meta property=\"og:type\" content=\"article\" \/>\n<meta property=\"og:title\" content=\"Piso do professor deve ter reajuste de 16,68% e passar para R$ 1.384 em 2012\" \/>\n<meta property=\"og:description\" content=\"Para o deputado federal Vander Loubet (PT-MS), trata-se de uma medida que faz justi\u00e7a ao papel dos professores na sociedade.\" \/>\n<meta property=\"og:url\" content=\"https:\/\/vanderloubet.com.br\/deputado\/piso-do-professor-deve-ter-reajuste-de-1668-e-passar-para-r-1-384-em-2012\/\" \/>\n<meta property=\"og:site_name\" content=\"Deputado Federal Vander Loubet\" \/>\n<meta property=\"article:publisher\" content=\"https:\/\/facebook.com\/deputadovander\" \/>\n<meta property=\"article:published_time\" content=\"2011-09-30T20:37:33+00:00\" \/>\n<meta property=\"og:image\" content=\"http:\/\/www.deputadovander.com.br\/website\/wp-content\/uploads\/2011\/09\/foto-2011-09-30-ensino-fundamental-fundeb-400x266.jpg\" \/>\n<meta name=\"author\" content=\"\u00c9der\" \/>\n<meta name=\"twitter:card\" content=\"summary_large_image\" \/>\n<meta name=\"twitter:creator\" content=\"@vanderloubet\" \/>\n<meta name=\"twitter:site\" content=\"@vanderloubet\" \/>\n<script type=\"application\/ld+json\" class=\"yoast-schema-graph\">{\"@context\":\"https:\\\/\\\/schema.org\",\"@graph\":[{\"@type\":\"Article\",\"@id\":\"https:\\\/\\\/vanderloubet.com.br\\\/deputado\\\/piso-do-professor-deve-ter-reajuste-de-1668-e-passar-para-r-1-384-em-2012\\\/#article\",\"isPartOf\":{\"@id\":\"https:\\\/\\\/vanderloubet.com.br\\\/deputado\\\/piso-do-professor-deve-ter-reajuste-de-1668-e-passar-para-r-1-384-em-2012\\\/\"},\"author\":{\"name\":\"\u00c9der\",\"@id\":\"https:\\\/\\\/vanderloubet.com.br\\\/deputado\\\/#\\\/schema\\\/person\\\/15b51bd564532a8a68d9dec1b8eb890e\"},\"headline\":\"Piso do professor deve ter reajuste de 16,68% e passar para R$ 1.384 em 2012\",\"datePublished\":\"2011-09-30T20:37:33+00:00\",\"mainEntityOfPage\":{\"@id\":\"https:\\\/\\\/vanderloubet.com.br\\\/deputado\\\/piso-do-professor-deve-ter-reajuste-de-1668-e-passar-para-r-1-384-em-2012\\\/\"},\"wordCount\":412,\"publisher\":{\"@id\":\"https:\\\/\\\/vanderloubet.com.br\\\/deputado\\\/#organization\"},\"image\":{\"@id\":\"https:\\\/\\\/vanderloubet.com.br\\\/deputado\\\/piso-do-professor-deve-ter-reajuste-de-1668-e-passar-para-r-1-384-em-2012\\\/#primaryimage\"},\"thumbnailUrl\":\"http:\\\/\\\/www.deputadovander.com.br\\\/website\\\/wp-content\\\/uploads\\\/2011\\\/09\\\/foto-2011-09-30-ensino-fundamental-fundeb-400x266.jpg\",\"keywords\":[\"congresso\",\"deputado\",\"dilma\",\"educa\u00e7\u00e3o\",\"ensino\",\"federal\",\"fundamental\",\"fundeb\",\"loubet\",\"lula\",\"minist\u00e9rio\",\"nacional\",\"piso\",\"planejamento\",\"presidenta\",\"presidente\",\"professor\",\"salarial\",\"vander\"],\"articleSection\":[\"Not\u00edcias\"],\"inLanguage\":\"pt-BR\"},{\"@type\":\"WebPage\",\"@id\":\"https:\\\/\\\/vanderloubet.com.br\\\/deputado\\\/piso-do-professor-deve-ter-reajuste-de-1668-e-passar-para-r-1-384-em-2012\\\/\",\"url\":\"https:\\\/\\\/vanderloubet.com.br\\\/deputado\\\/piso-do-professor-deve-ter-reajuste-de-1668-e-passar-para-r-1-384-em-2012\\\/\",\"name\":\"Piso do professor deve ter reajuste de 16,68% e passar para R$ 1.384 em 2012\",\"isPartOf\":{\"@id\":\"https:\\\/\\\/vanderloubet.com.br\\\/deputado\\\/#website\"},\"primaryImageOfPage\":{\"@id\":\"https:\\\/\\\/vanderloubet.com.br\\\/deputado\\\/piso-do-professor-deve-ter-reajuste-de-1668-e-passar-para-r-1-384-em-2012\\\/#primaryimage\"},\"image\":{\"@id\":\"https:\\\/\\\/vanderloubet.com.br\\\/deputado\\\/piso-do-professor-deve-ter-reajuste-de-1668-e-passar-para-r-1-384-em-2012\\\/#primaryimage\"},\"thumbnailUrl\":\"http:\\\/\\\/www.deputadovander.com.br\\\/website\\\/wp-content\\\/uploads\\\/2011\\\/09\\\/foto-2011-09-30-ensino-fundamental-fundeb-400x266.jpg\",\"datePublished\":\"2011-09-30T20:37:33+00:00\",\"breadcrumb\":{\"@id\":\"https:\\\/\\\/vanderloubet.com.br\\\/deputado\\\/piso-do-professor-deve-ter-reajuste-de-1668-e-passar-para-r-1-384-em-2012\\\/#breadcrumb\"},\"inLanguage\":\"pt-BR\",\"potentialAction\":[{\"@type\":\"ReadAction\",\"target\":[\"https:\\\/\\\/vanderloubet.com.br\\\/deputado\\\/piso-do-professor-deve-ter-reajuste-de-1668-e-passar-para-r-1-384-em-2012\\\/\"]}]},{\"@type\":\"ImageObject\",\"inLanguage\":\"pt-BR\",\"@id\":\"https:\\\/\\\/vanderloubet.com.br\\\/deputado\\\/piso-do-professor-deve-ter-reajuste-de-1668-e-passar-para-r-1-384-em-2012\\\/#primaryimage\",\"url\":\"http:\\\/\\\/www.deputadovander.com.br\\\/website\\\/wp-content\\\/uploads\\\/2011\\\/09\\\/foto-2011-09-30-ensino-fundamental-fundeb-400x266.jpg\",\"contentUrl\":\"http:\\\/\\\/www.deputadovander.com.br\\\/website\\\/wp-content\\\/uploads\\\/2011\\\/09\\\/foto-2011-09-30-ensino-fundamental-fundeb-400x266.jpg\"},{\"@type\":\"BreadcrumbList\",\"@id\":\"https:\\\/\\\/vanderloubet.com.br\\\/deputado\\\/piso-do-professor-deve-ter-reajuste-de-1668-e-passar-para-r-1-384-em-2012\\\/#breadcrumb\",\"itemListElement\":[{\"@type\":\"ListItem\",\"position\":1,\"name\":\"In\u00edcio\",\"item\":\"https:\\\/\\\/vanderloubet.com.br\\\/deputado\\\/\"},{\"@type\":\"ListItem\",\"position\":2,\"name\":\"Piso do professor deve ter reajuste de 16,68% e passar para R$ 1.384 em 2012\"}]},{\"@type\":\"WebSite\",\"@id\":\"https:\\\/\\\/vanderloubet.com.br\\\/deputado\\\/#website\",\"url\":\"https:\\\/\\\/vanderloubet.com.br\\\/deputado\\\/\",\"name\":\"Deputado Federal Vander Loubet\",\"description\":\"O Federal de MS\",\"publisher\":{\"@id\":\"https:\\\/\\\/vanderloubet.com.br\\\/deputado\\\/#organization\"},\"alternateName\":\"Deputado Vander\",\"potentialAction\":[{\"@type\":\"SearchAction\",\"target\":{\"@type\":\"EntryPoint\",\"urlTemplate\":\"https:\\\/\\\/vanderloubet.com.br\\\/deputado\\\/?s={search_term_string}\"},\"query-input\":{\"@type\":\"PropertyValueSpecification\",\"valueRequired\":true,\"valueName\":\"search_term_string\"}}],\"inLanguage\":\"pt-BR\"},{\"@type\":\"Organization\",\"@id\":\"https:\\\/\\\/vanderloubet.com.br\\\/deputado\\\/#organization\",\"name\":\"Deputado Federal Vander Loubet\",\"alternateName\":\"Deputado Vander\",\"url\":\"https:\\\/\\\/vanderloubet.com.br\\\/deputado\\\/\",\"logo\":{\"@type\":\"ImageObject\",\"inLanguage\":\"pt-BR\",\"@id\":\"https:\\\/\\\/vanderloubet.com.br\\\/deputado\\\/#\\\/schema\\\/logo\\\/image\\\/\",\"url\":\"https:\\\/\\\/vanderloubet.com.br\\\/deputado\\\/wp-content\\\/uploads\\\/2023\\\/06\\\/foto-2023-06-19-mandato-deputado-vander.jpg\",\"contentUrl\":\"https:\\\/\\\/vanderloubet.com.br\\\/deputado\\\/wp-content\\\/uploads\\\/2023\\\/06\\\/foto-2023-06-19-mandato-deputado-vander.jpg\",\"width\":1080,\"height\":1080,\"caption\":\"Deputado Federal Vander Loubet\"},\"image\":{\"@id\":\"https:\\\/\\\/vanderloubet.com.br\\\/deputado\\\/#\\\/schema\\\/logo\\\/image\\\/\"},\"sameAs\":[\"https:\\\/\\\/facebook.com\\\/deputadovander\",\"https:\\\/\\\/x.com\\\/vanderloubet\",\"https:\\\/\\\/instagram.com\\\/vanderloubet\",\"https:\\\/\\\/youtube.com\\\/vanderloubet\",\"https:\\\/\\\/tiktok.com\\\/@vanderloubetms\"]},{\"@type\":\"Person\",\"@id\":\"https:\\\/\\\/vanderloubet.com.br\\\/deputado\\\/#\\\/schema\\\/person\\\/15b51bd564532a8a68d9dec1b8eb890e\",\"name\":\"\u00c9der\",\"image\":{\"@type\":\"ImageObject\",\"inLanguage\":\"pt-BR\",\"@id\":\"https:\\\/\\\/vanderloubet.com.br\\\/deputado\\\/wp-content\\\/litespeed\\\/avatar\\\/88ca4090d9d5ab1c9495f6ca03b68efa.jpg?ver=1777058957\",\"url\":\"https:\\\/\\\/vanderloubet.com.br\\\/deputado\\\/wp-content\\\/litespeed\\\/avatar\\\/88ca4090d9d5ab1c9495f6ca03b68efa.jpg?ver=1777058957\",\"contentUrl\":\"https:\\\/\\\/vanderloubet.com.br\\\/deputado\\\/wp-content\\\/litespeed\\\/avatar\\\/88ca4090d9d5ab1c9495f6ca03b68efa.jpg?ver=1777058957\",\"caption\":\"\u00c9der\"}}]}<\/script>\n<!-- \/ Yoast SEO plugin. -->","yoast_head_json":{"title":"Piso do professor deve ter reajuste de 16,68% e passar para R$ 1.384 em 2012","robots":{"index":"index","follow":"follow","max-snippet":"max-snippet:-1","max-image-preview":"max-image-preview:large","max-video-preview":"max-video-preview:-1"},"canonical":"https:\/\/vanderloubet.com.br\/deputado\/piso-do-professor-deve-ter-reajuste-de-1668-e-passar-para-r-1-384-em-2012\/","og_locale":"pt_BR","og_type":"article","og_title":"Piso do professor deve ter reajuste de 16,68% e passar para R$ 1.384 em 2012","og_description":"Para o deputado federal Vander Loubet (PT-MS), trata-se de uma medida que faz justi\u00e7a ao papel dos professores na sociedade.","og_url":"https:\/\/vanderloubet.com.br\/deputado\/piso-do-professor-deve-ter-reajuste-de-1668-e-passar-para-r-1-384-em-2012\/","og_site_name":"Deputado Federal Vander Loubet","article_publisher":"https:\/\/facebook.com\/deputadovander","article_published_time":"2011-09-30T20:37:33+00:00","og_image":[{"url":"http:\/\/www.deputadovander.com.br\/website\/wp-content\/uploads\/2011\/09\/foto-2011-09-30-ensino-fundamental-fundeb-400x266.jpg","type":"","width":"","height":""}],"author":"\u00c9der","twitter_card":"summary_large_image","twitter_creator":"@vanderloubet","twitter_site":"@vanderloubet","schema":{"@context":"https:\/\/schema.org","@graph":[{"@type":"Article","@id":"https:\/\/vanderloubet.com.br\/deputado\/piso-do-professor-deve-ter-reajuste-de-1668-e-passar-para-r-1-384-em-2012\/#article","isPartOf":{"@id":"https:\/\/vanderloubet.com.br\/deputado\/piso-do-professor-deve-ter-reajuste-de-1668-e-passar-para-r-1-384-em-2012\/"},"author":{"name":"\u00c9der","@id":"https:\/\/vanderloubet.com.br\/deputado\/#\/schema\/person\/15b51bd564532a8a68d9dec1b8eb890e"},"headline":"Piso do professor deve ter reajuste de 16,68% e passar para R$ 1.384 em 2012","datePublished":"2011-09-30T20:37:33+00:00","mainEntityOfPage":{"@id":"https:\/\/vanderloubet.com.br\/deputado\/piso-do-professor-deve-ter-reajuste-de-1668-e-passar-para-r-1-384-em-2012\/"},"wordCount":412,"publisher":{"@id":"https:\/\/vanderloubet.com.br\/deputado\/#organization"},"image":{"@id":"https:\/\/vanderloubet.com.br\/deputado\/piso-do-professor-deve-ter-reajuste-de-1668-e-passar-para-r-1-384-em-2012\/#primaryimage"},"thumbnailUrl":"http:\/\/www.deputadovander.com.br\/website\/wp-content\/uploads\/2011\/09\/foto-2011-09-30-ensino-fundamental-fundeb-400x266.jpg","keywords":["congresso","deputado","dilma","educa\u00e7\u00e3o","ensino","federal","fundamental","fundeb","loubet","lula","minist\u00e9rio","nacional","piso","planejamento","presidenta","presidente","professor","salarial","vander"],"articleSection":["Not\u00edcias"],"inLanguage":"pt-BR"},{"@type":"WebPage","@id":"https:\/\/vanderloubet.com.br\/deputado\/piso-do-professor-deve-ter-reajuste-de-1668-e-passar-para-r-1-384-em-2012\/","url":"https:\/\/vanderloubet.com.br\/deputado\/piso-do-professor-deve-ter-reajuste-de-1668-e-passar-para-r-1-384-em-2012\/","name":"Piso do professor deve ter reajuste de 16,68% e passar para R$ 1.384 em 2012","isPartOf":{"@id":"https:\/\/vanderloubet.com.br\/deputado\/#website"},"primaryImageOfPage":{"@id":"https:\/\/vanderloubet.com.br\/deputado\/piso-do-professor-deve-ter-reajuste-de-1668-e-passar-para-r-1-384-em-2012\/#primaryimage"},"image":{"@id":"https:\/\/vanderloubet.com.br\/deputado\/piso-do-professor-deve-ter-reajuste-de-1668-e-passar-para-r-1-384-em-2012\/#primaryimage"},"thumbnailUrl":"http:\/\/www.deputadovander.com.br\/website\/wp-content\/uploads\/2011\/09\/foto-2011-09-30-ensino-fundamental-fundeb-400x266.jpg","datePublished":"2011-09-30T20:37:33+00:00","breadcrumb":{"@id":"https:\/\/vanderloubet.com.br\/deputado\/piso-do-professor-deve-ter-reajuste-de-1668-e-passar-para-r-1-384-em-2012\/#breadcrumb"},"inLanguage":"pt-BR","potentialAction":[{"@type":"ReadAction","target":["https:\/\/vanderloubet.com.br\/deputado\/piso-do-professor-deve-ter-reajuste-de-1668-e-passar-para-r-1-384-em-2012\/"]}]},{"@type":"ImageObject","inLanguage":"pt-BR","@id":"https:\/\/vanderloubet.com.br\/deputado\/piso-do-professor-deve-ter-reajuste-de-1668-e-passar-para-r-1-384-em-2012\/#primaryimage","url":"http:\/\/www.deputadovander.com.br\/website\/wp-content\/uploads\/2011\/09\/foto-2011-09-30-ensino-fundamental-fundeb-400x266.jpg","contentUrl":"http:\/\/www.deputadovander.com.br\/website\/wp-content\/uploads\/2011\/09\/foto-2011-09-30-ensino-fundamental-fundeb-400x266.jpg"},{"@type":"BreadcrumbList","@id":"https:\/\/vanderloubet.com.br\/deputado\/piso-do-professor-deve-ter-reajuste-de-1668-e-passar-para-r-1-384-em-2012\/#breadcrumb","itemListElement":[{"@type":"ListItem","position":1,"name":"In\u00edcio","item":"https:\/\/vanderloubet.com.br\/deputado\/"},{"@type":"ListItem","position":2,"name":"Piso do professor deve ter reajuste de 16,68% e passar para R$ 1.384 em 2012"}]},{"@type":"WebSite","@id":"https:\/\/vanderloubet.com.br\/deputado\/#website","url":"https:\/\/vanderloubet.com.br\/deputado\/","name":"Deputado Federal Vander Loubet","description":"O Federal de MS","publisher":{"@id":"https:\/\/vanderloubet.com.br\/deputado\/#organization"},"alternateName":"Deputado Vander","potentialAction":[{"@type":"SearchAction","target":{"@type":"EntryPoint","urlTemplate":"https:\/\/vanderloubet.com.br\/deputado\/?s={search_term_string}"},"query-input":{"@type":"PropertyValueSpecification","valueRequired":true,"valueName":"search_term_string"}}],"inLanguage":"pt-BR"},{"@type":"Organization","@id":"https:\/\/vanderloubet.com.br\/deputado\/#organization","name":"Deputado Federal Vander Loubet","alternateName":"Deputado Vander","url":"https:\/\/vanderloubet.com.br\/deputado\/","logo":{"@type":"ImageObject","inLanguage":"pt-BR","@id":"https:\/\/vanderloubet.com.br\/deputado\/#\/schema\/logo\/image\/","url":"https:\/\/vanderloubet.com.br\/deputado\/wp-content\/uploads\/2023\/06\/foto-2023-06-19-mandato-deputado-vander.jpg","contentUrl":"https:\/\/vanderloubet.com.br\/deputado\/wp-content\/uploads\/2023\/06\/foto-2023-06-19-mandato-deputado-vander.jpg","width":1080,"height":1080,"caption":"Deputado Federal Vander Loubet"},"image":{"@id":"https:\/\/vanderloubet.com.br\/deputado\/#\/schema\/logo\/image\/"},"sameAs":["https:\/\/facebook.com\/deputadovander","https:\/\/x.com\/vanderloubet","https:\/\/instagram.com\/vanderloubet","https:\/\/youtube.com\/vanderloubet","https:\/\/tiktok.com\/@vanderloubetms"]},{"@type":"Person","@id":"https:\/\/vanderloubet.com.br\/deputado\/#\/schema\/person\/15b51bd564532a8a68d9dec1b8eb890e","name":"\u00c9der","image":{"@type":"ImageObject","inLanguage":"pt-BR","@id":"https:\/\/vanderloubet.com.br\/deputado\/wp-content\/litespeed\/avatar\/88ca4090d9d5ab1c9495f6ca03b68efa.jpg?ver=1777058957","url":"https:\/\/vanderloubet.com.br\/deputado\/wp-content\/litespeed\/avatar\/88ca4090d9d5ab1c9495f6ca03b68efa.jpg?ver=1777058957","contentUrl":"https:\/\/vanderloubet.com.br\/deputado\/wp-content\/litespeed\/avatar\/88ca4090d9d5ab1c9495f6ca03b68efa.jpg?ver=1777058957","caption":"\u00c9der"}}]}},"jetpack_featured_media_url":"","jetpack_sharing_enabled":true,"_links":{"self":[{"href":"https:\/\/vanderloubet.com.br\/deputado\/wp-json\/wp\/v2\/posts\/3794","targetHints":{"allow":["GET"]}}],"collection":[{"href":"https:\/\/vanderloubet.com.br\/deputado\/wp-json\/wp\/v2\/posts"}],"about":[{"href":"https:\/\/vanderloubet.com.br\/deputado\/wp-json\/wp\/v2\/types\/post"}],"author":[{"embeddable":true,"href":"https:\/\/vanderloubet.com.br\/deputado\/wp-json\/wp\/v2\/users\/2"}],"replies":[{"embeddable":true,"href":"https:\/\/vanderloubet.com.br\/deputado\/wp-json\/wp\/v2\/comments?post=3794"}],"version-history":[{"count":0,"href":"https:\/\/vanderloubet.com.br\/deputado\/wp-json\/wp\/v2\/posts\/3794\/revisions"}],"wp:attachment":[{"href":"https:\/\/vanderloubet.com.br\/deputado\/wp-json\/wp\/v2\/media?parent=3794"}],"wp:term":[{"taxonomy":"category","embeddable":true,"href":"https:\/\/vanderloubet.com.br\/deputado\/wp-json\/wp\/v2\/categories?post=3794"},{"taxonomy":"post_tag","embeddable":true,"href":"https:\/\/vanderloubet.com.br\/deputado\/wp-json\/wp\/v2\/tags?post=3794"}],"curies":[{"name":"wp","href":"https:\/\/api.w.org\/{rel}","templated":true}]}}