{"id":3748,"date":"2011-09-20T15:13:33","date_gmt":"2011-09-20T19:13:33","guid":{"rendered":"http:\/\/www.deputadovander.com.br\/website\/?p=3748"},"modified":"2011-09-20T15:13:33","modified_gmt":"2011-09-20T19:13:33","slug":"ao-lado-de-vander-murilo-diz-que-vai-asfaltar-entradas-do-parque-ii","status":"publish","type":"post","link":"https:\/\/vanderloubet.com.br\/deputado\/ao-lado-de-vander-murilo-diz-que-vai-asfaltar-entradas-do-parque-ii\/","title":{"rendered":"Ao lado de Vander, Murilo diz que vai asfaltar entradas do Parque II"},"content":{"rendered":"<p style=\"text-align: center;\"><figure id=\"attachment_3750\" aria-describedby=\"caption-attachment-3750\" style=\"width: 400px\" class=\"wp-caption aligncenter\"><a href=\"http:\/\/www.deputadovander.com.br\/website\/wp-content\/uploads\/2011\/09\/foto-2011-09-22-murilo-vander-dourados.jpg\" target=\"_blank\"><img decoding=\"async\" class=\"size-medium wp-image-3750 \" title=\"foto-2011-09-22-murilo-vander-dourados\" src=\"http:\/\/www.deputadovander.com.br\/website\/wp-content\/uploads\/2011\/09\/foto-2011-09-22-murilo-vander-dourados-400x266.jpg\" alt=\"Prefeito e deputado conversam com moradores do Parque das Na\u00e7\u00f5es\" width=\"400\" height=\"266\" \/><\/a><figcaption id=\"caption-attachment-3750\" class=\"wp-caption-text\">Prefeito e deputado conversam com moradores do Parque das Na\u00e7\u00f5es<\/figcaption><\/figure><\/p>\n<p>O prefeito de Dourados, Murilo Zauith (PSB), disse no s\u00e1bado passado (17) a moradores do Parque das Na\u00e7\u00f5es II que vai asfaltar os dois acessos da BR-163 ao bairro. S\u00e3o dois trechos de rua de terra onde a popula\u00e7\u00e3o convive diariamente com muita poeira em dias secos e com a lama nos per\u00edodos de chuva.<\/p>\n<p>Acompanhado pelo deputado federal Vander Loubet (PT-MS), pelo secret\u00e1rio de Planejamento Antonio Nogueira e pelo assessor especial Gerson Schaustz, o prefeito explicou que a entrada pela Rua Potreirito e a Rua S-4, que liga a via principal \u00e0 Rua Ram\u00e3o Os\u00f3rio, ser\u00e3o pavimentadas com recursos pr\u00f3prios. J\u00e1 a entrada da BR-163 pela S-33 est\u00e1 inclu\u00edda em um projeto que ser\u00e1 apresentado nos pr\u00f3ximos dias ao governo do Estado.<\/p>\n<p>Os moradores relataram ao prefeito que o problema se agravou ap\u00f3s a duplica\u00e7\u00e3o da rodovia. Muitos ve\u00edculos, inclusive caminh\u00f5es, passaram a circular pela S-4. &#8220;Meus irm\u00e3os j\u00e1 se mudaram daqui porque n\u00e3o aguentaram mais a poeira, mas n\u00f3s estamos resistindo na esperan\u00e7a que o senhor resolva essa situa\u00e7\u00e3o&#8221;, afirmou Nildo Pasquim ao prefeito. Ad\u00e3o Francisco, presidente da Associa\u00e7\u00e3o de Moradores do bairro, disse que a comunidade queria bloquear as ruas como forma de protesto para chamar a aten\u00e7\u00e3o do poder p\u00fablico, mas a manifesta\u00e7\u00e3o foi cancelada ap\u00f3s o prefeito aceitar o convite para ir ao bairro.<\/p>\n<p>Murilo entende a situa\u00e7\u00e3o dos moradores e sabe que \u00e9 preciso medidas urgentes para resolver o problema, mas pediu um pouco mais de paci\u00eancia. &#8220;Vamos fazer esse trecho aqui com recurso pr\u00f3prio, com as equipes da Prefeitura. Mas n\u00e3o queremos enganar ningu\u00e9m. Primeiro precisamos arrumar a receita&#8221;, disse.<\/p>\n<p>O prefeito falou tamb\u00e9m do projeto entregue em Bras\u00edlia solicitando R$ 48 milh\u00f5es do programa Pr\u00f3-Transporte, para pavimenta\u00e7\u00e3o de linhas de \u00f4nibus. Murilo entregou o projeto \u00e0 bancada federal no dia 16 do m\u00eas passado. O deputado Vander explicou aos moradores que os recursos s\u00f3 devem ser liberados no pr\u00f3ximo ano.<\/p>\n<p><strong>Agenda<\/strong><\/p>\n<p>Depois de visitar o Parque das Na\u00e7\u00f5es II, o deputado Vander Loubet e o prefeito Murilo Zauith, junto com a vice-prefeita Dinaci Ranzi (PT) e os secret\u00e1rios Walteir Betoni (Educa\u00e7\u00e3o) e S\u00edlvia Bosso (Sa\u00fade), acompanharam a abertura do projeto Sa\u00fade Plena, na pra\u00e7a do Parque Alvorada. A a\u00e7\u00e3o levou v\u00e1rios servi\u00e7os de sa\u00fade aos moradores da regi\u00e3o da, desenvolvidos durante todo o dia na Escola Aurora Pedroso.<\/p>\n<p>Do Parque Alvorada, Murilo, Vander e Dinaci foram \u00e0 Escola Estadual Tancredo Neves, no Parque das Na\u00e7\u00f5es I, onde acontecia a a\u00e7\u00e3o &#8220;Promotoria Comunit\u00e1ria: MP mais Perto de Voc\u00ea&#8221;, organizada pelo Minist\u00e9rio P\u00fablico Estadual (MPE). No local foram recebidos pelo coordenador do projeto, o promotor Paulo Ishikawa, que falou dos servi\u00e7os levados \u00e0 popula\u00e7\u00e3o atrav\u00e9s da a\u00e7\u00e3o.<\/p>\n<p><span style=\"font-size: 11px;\">(fonte: Assecom\/PMD)<\/span><\/p>\n","protected":false},"excerpt":{"rendered":"<p>Deputado e prefeito de Dourados cumpriram agenda em bairros e projetos. Vander tamb\u00e9m falou sobre P\u00f3-Transporte.<\/p>\n","protected":false},"author":2,"featured_media":0,"comment_status":"closed","ping_status":"open","sticky":false,"template":"","format":"standard","meta":{"jetpack_post_was_ever_published":false,"_jetpack_newsletter_access":"","_jetpack_dont_email_post_to_subs":false,"_jetpack_newsletter_tier_id":0,"_jetpack_memberships_contains_paywalled_content":false,"_jetpack_memberships_contains_paid_content":false,"footnotes":""},"categories":[10],"tags":[608,635,672,807,1178,1348,1609,1620,1649,1655,1676,1972,2033,2056,2088],"class_list":{"0":"post-3748","1":"post","2":"type-post","3":"status-publish","4":"format-standard","6":"category-noticias","7":"tag-deputado","8":"tag-dinaci","9":"tag-dourados","10":"tag-federal","11":"tag-loubet","12":"tag-murilo","13":"tag-prefeitura","14":"tag-pro","15":"tag-psb","16":"tag-pt","17":"tag-ranzi","18":"tag-transporte","19":"tag-vander","20":"tag-vice","21":"tag-zauith"},"yoast_head":"<!-- This site is optimized with the Yoast SEO plugin v27.4 - https:\/\/yoast.com\/product\/yoast-seo-wordpress\/ -->\n<title>Ao lado de Vander, Murilo diz que vai asfaltar entradas do Parque II<\/title>\n<meta name=\"robots\" content=\"index, follow, max-snippet:-1, max-image-preview:large, max-video-preview:-1\" \/>\n<link rel=\"canonical\" href=\"https:\/\/vanderloubet.com.br\/deputado\/ao-lado-de-vander-murilo-diz-que-vai-asfaltar-entradas-do-parque-ii\/\" \/>\n<meta property=\"og:locale\" content=\"pt_BR\" \/>\n<meta property=\"og:type\" content=\"article\" \/>\n<meta property=\"og:title\" content=\"Ao lado de Vander, Murilo diz que vai asfaltar entradas do Parque II\" \/>\n<meta property=\"og:description\" content=\"Deputado e prefeito de Dourados cumpriram agenda em bairros e projetos. Vander tamb\u00e9m falou sobre P\u00f3-Transporte.\" \/>\n<meta property=\"og:url\" content=\"https:\/\/vanderloubet.com.br\/deputado\/ao-lado-de-vander-murilo-diz-que-vai-asfaltar-entradas-do-parque-ii\/\" \/>\n<meta property=\"og:site_name\" content=\"Deputado Federal Vander Loubet\" \/>\n<meta property=\"article:publisher\" content=\"https:\/\/facebook.com\/deputadovander\" \/>\n<meta property=\"article:published_time\" content=\"2011-09-20T19:13:33+00:00\" \/>\n<meta property=\"og:image\" content=\"http:\/\/www.deputadovander.com.br\/website\/wp-content\/uploads\/2011\/09\/foto-2011-09-22-murilo-vander-dourados-400x266.jpg\" \/>\n<meta name=\"author\" content=\"\u00c9der\" \/>\n<meta name=\"twitter:card\" content=\"summary_large_image\" \/>\n<meta name=\"twitter:creator\" content=\"@vanderloubet\" \/>\n<meta name=\"twitter:site\" content=\"@vanderloubet\" \/>\n<script type=\"application\/ld+json\" class=\"yoast-schema-graph\">{\"@context\":\"https:\\\/\\\/schema.org\",\"@graph\":[{\"@type\":\"Article\",\"@id\":\"https:\\\/\\\/vanderloubet.com.br\\\/deputado\\\/ao-lado-de-vander-murilo-diz-que-vai-asfaltar-entradas-do-parque-ii\\\/#article\",\"isPartOf\":{\"@id\":\"https:\\\/\\\/vanderloubet.com.br\\\/deputado\\\/ao-lado-de-vander-murilo-diz-que-vai-asfaltar-entradas-do-parque-ii\\\/\"},\"author\":{\"name\":\"\u00c9der\",\"@id\":\"https:\\\/\\\/vanderloubet.com.br\\\/deputado\\\/#\\\/schema\\\/person\\\/15b51bd564532a8a68d9dec1b8eb890e\"},\"headline\":\"Ao lado de Vander, Murilo diz que vai asfaltar entradas do Parque II\",\"datePublished\":\"2011-09-20T19:13:33+00:00\",\"mainEntityOfPage\":{\"@id\":\"https:\\\/\\\/vanderloubet.com.br\\\/deputado\\\/ao-lado-de-vander-murilo-diz-que-vai-asfaltar-entradas-do-parque-ii\\\/\"},\"wordCount\":530,\"publisher\":{\"@id\":\"https:\\\/\\\/vanderloubet.com.br\\\/deputado\\\/#organization\"},\"image\":{\"@id\":\"https:\\\/\\\/vanderloubet.com.br\\\/deputado\\\/ao-lado-de-vander-murilo-diz-que-vai-asfaltar-entradas-do-parque-ii\\\/#primaryimage\"},\"thumbnailUrl\":\"http:\\\/\\\/www.deputadovander.com.br\\\/website\\\/wp-content\\\/uploads\\\/2011\\\/09\\\/foto-2011-09-22-murilo-vander-dourados-400x266.jpg\",\"keywords\":[\"deputado\",\"dinaci\",\"dourados\",\"federal\",\"loubet\",\"murilo\",\"prefeitura\",\"pr\u00f3\",\"psb\",\"PT\",\"ranzi\",\"transporte\",\"vander\",\"vice\",\"zauith\"],\"articleSection\":[\"Not\u00edcias\"],\"inLanguage\":\"pt-BR\"},{\"@type\":\"WebPage\",\"@id\":\"https:\\\/\\\/vanderloubet.com.br\\\/deputado\\\/ao-lado-de-vander-murilo-diz-que-vai-asfaltar-entradas-do-parque-ii\\\/\",\"url\":\"https:\\\/\\\/vanderloubet.com.br\\\/deputado\\\/ao-lado-de-vander-murilo-diz-que-vai-asfaltar-entradas-do-parque-ii\\\/\",\"name\":\"Ao lado de Vander, Murilo diz que vai asfaltar entradas do Parque II\",\"isPartOf\":{\"@id\":\"https:\\\/\\\/vanderloubet.com.br\\\/deputado\\\/#website\"},\"primaryImageOfPage\":{\"@id\":\"https:\\\/\\\/vanderloubet.com.br\\\/deputado\\\/ao-lado-de-vander-murilo-diz-que-vai-asfaltar-entradas-do-parque-ii\\\/#primaryimage\"},\"image\":{\"@id\":\"https:\\\/\\\/vanderloubet.com.br\\\/deputado\\\/ao-lado-de-vander-murilo-diz-que-vai-asfaltar-entradas-do-parque-ii\\\/#primaryimage\"},\"thumbnailUrl\":\"http:\\\/\\\/www.deputadovander.com.br\\\/website\\\/wp-content\\\/uploads\\\/2011\\\/09\\\/foto-2011-09-22-murilo-vander-dourados-400x266.jpg\",\"datePublished\":\"2011-09-20T19:13:33+00:00\",\"breadcrumb\":{\"@id\":\"https:\\\/\\\/vanderloubet.com.br\\\/deputado\\\/ao-lado-de-vander-murilo-diz-que-vai-asfaltar-entradas-do-parque-ii\\\/#breadcrumb\"},\"inLanguage\":\"pt-BR\",\"potentialAction\":[{\"@type\":\"ReadAction\",\"target\":[\"https:\\\/\\\/vanderloubet.com.br\\\/deputado\\\/ao-lado-de-vander-murilo-diz-que-vai-asfaltar-entradas-do-parque-ii\\\/\"]}]},{\"@type\":\"ImageObject\",\"inLanguage\":\"pt-BR\",\"@id\":\"https:\\\/\\\/vanderloubet.com.br\\\/deputado\\\/ao-lado-de-vander-murilo-diz-que-vai-asfaltar-entradas-do-parque-ii\\\/#primaryimage\",\"url\":\"http:\\\/\\\/www.deputadovander.com.br\\\/website\\\/wp-content\\\/uploads\\\/2011\\\/09\\\/foto-2011-09-22-murilo-vander-dourados-400x266.jpg\",\"contentUrl\":\"http:\\\/\\\/www.deputadovander.com.br\\\/website\\\/wp-content\\\/uploads\\\/2011\\\/09\\\/foto-2011-09-22-murilo-vander-dourados-400x266.jpg\"},{\"@type\":\"BreadcrumbList\",\"@id\":\"https:\\\/\\\/vanderloubet.com.br\\\/deputado\\\/ao-lado-de-vander-murilo-diz-que-vai-asfaltar-entradas-do-parque-ii\\\/#breadcrumb\",\"itemListElement\":[{\"@type\":\"ListItem\",\"position\":1,\"name\":\"In\u00edcio\",\"item\":\"https:\\\/\\\/vanderloubet.com.br\\\/deputado\\\/\"},{\"@type\":\"ListItem\",\"position\":2,\"name\":\"Ao lado de Vander, Murilo diz que vai asfaltar entradas do Parque II\"}]},{\"@type\":\"WebSite\",\"@id\":\"https:\\\/\\\/vanderloubet.com.br\\\/deputado\\\/#website\",\"url\":\"https:\\\/\\\/vanderloubet.com.br\\\/deputado\\\/\",\"name\":\"Deputado Federal Vander Loubet\",\"description\":\"O Federal de MS\",\"publisher\":{\"@id\":\"https:\\\/\\\/vanderloubet.com.br\\\/deputado\\\/#organization\"},\"alternateName\":\"Deputado Vander\",\"potentialAction\":[{\"@type\":\"SearchAction\",\"target\":{\"@type\":\"EntryPoint\",\"urlTemplate\":\"https:\\\/\\\/vanderloubet.com.br\\\/deputado\\\/?s={search_term_string}\"},\"query-input\":{\"@type\":\"PropertyValueSpecification\",\"valueRequired\":true,\"valueName\":\"search_term_string\"}}],\"inLanguage\":\"pt-BR\"},{\"@type\":\"Organization\",\"@id\":\"https:\\\/\\\/vanderloubet.com.br\\\/deputado\\\/#organization\",\"name\":\"Deputado Federal Vander Loubet\",\"alternateName\":\"Deputado Vander\",\"url\":\"https:\\\/\\\/vanderloubet.com.br\\\/deputado\\\/\",\"logo\":{\"@type\":\"ImageObject\",\"inLanguage\":\"pt-BR\",\"@id\":\"https:\\\/\\\/vanderloubet.com.br\\\/deputado\\\/#\\\/schema\\\/logo\\\/image\\\/\",\"url\":\"https:\\\/\\\/vanderloubet.com.br\\\/deputado\\\/wp-content\\\/uploads\\\/2023\\\/06\\\/foto-2023-06-19-mandato-deputado-vander.jpg\",\"contentUrl\":\"https:\\\/\\\/vanderloubet.com.br\\\/deputado\\\/wp-content\\\/uploads\\\/2023\\\/06\\\/foto-2023-06-19-mandato-deputado-vander.jpg\",\"width\":1080,\"height\":1080,\"caption\":\"Deputado Federal Vander Loubet\"},\"image\":{\"@id\":\"https:\\\/\\\/vanderloubet.com.br\\\/deputado\\\/#\\\/schema\\\/logo\\\/image\\\/\"},\"sameAs\":[\"https:\\\/\\\/facebook.com\\\/deputadovander\",\"https:\\\/\\\/x.com\\\/vanderloubet\",\"https:\\\/\\\/instagram.com\\\/vanderloubet\",\"https:\\\/\\\/youtube.com\\\/vanderloubet\",\"https:\\\/\\\/tiktok.com\\\/@vanderloubetms\"]},{\"@type\":\"Person\",\"@id\":\"https:\\\/\\\/vanderloubet.com.br\\\/deputado\\\/#\\\/schema\\\/person\\\/15b51bd564532a8a68d9dec1b8eb890e\",\"name\":\"\u00c9der\",\"image\":{\"@type\":\"ImageObject\",\"inLanguage\":\"pt-BR\",\"@id\":\"https:\\\/\\\/vanderloubet.com.br\\\/deputado\\\/wp-content\\\/litespeed\\\/avatar\\\/88ca4090d9d5ab1c9495f6ca03b68efa.jpg?ver=1777058957\",\"url\":\"https:\\\/\\\/vanderloubet.com.br\\\/deputado\\\/wp-content\\\/litespeed\\\/avatar\\\/88ca4090d9d5ab1c9495f6ca03b68efa.jpg?ver=1777058957\",\"contentUrl\":\"https:\\\/\\\/vanderloubet.com.br\\\/deputado\\\/wp-content\\\/litespeed\\\/avatar\\\/88ca4090d9d5ab1c9495f6ca03b68efa.jpg?ver=1777058957\",\"caption\":\"\u00c9der\"}}]}<\/script>\n<!-- \/ Yoast SEO plugin. -->","yoast_head_json":{"title":"Ao lado de Vander, Murilo diz que vai asfaltar entradas do Parque II","robots":{"index":"index","follow":"follow","max-snippet":"max-snippet:-1","max-image-preview":"max-image-preview:large","max-video-preview":"max-video-preview:-1"},"canonical":"https:\/\/vanderloubet.com.br\/deputado\/ao-lado-de-vander-murilo-diz-que-vai-asfaltar-entradas-do-parque-ii\/","og_locale":"pt_BR","og_type":"article","og_title":"Ao lado de Vander, Murilo diz que vai asfaltar entradas do Parque II","og_description":"Deputado e prefeito de Dourados cumpriram agenda em bairros e projetos. Vander tamb\u00e9m falou sobre P\u00f3-Transporte.","og_url":"https:\/\/vanderloubet.com.br\/deputado\/ao-lado-de-vander-murilo-diz-que-vai-asfaltar-entradas-do-parque-ii\/","og_site_name":"Deputado Federal Vander Loubet","article_publisher":"https:\/\/facebook.com\/deputadovander","article_published_time":"2011-09-20T19:13:33+00:00","og_image":[{"url":"http:\/\/www.deputadovander.com.br\/website\/wp-content\/uploads\/2011\/09\/foto-2011-09-22-murilo-vander-dourados-400x266.jpg","type":"","width":"","height":""}],"author":"\u00c9der","twitter_card":"summary_large_image","twitter_creator":"@vanderloubet","twitter_site":"@vanderloubet","schema":{"@context":"https:\/\/schema.org","@graph":[{"@type":"Article","@id":"https:\/\/vanderloubet.com.br\/deputado\/ao-lado-de-vander-murilo-diz-que-vai-asfaltar-entradas-do-parque-ii\/#article","isPartOf":{"@id":"https:\/\/vanderloubet.com.br\/deputado\/ao-lado-de-vander-murilo-diz-que-vai-asfaltar-entradas-do-parque-ii\/"},"author":{"name":"\u00c9der","@id":"https:\/\/vanderloubet.com.br\/deputado\/#\/schema\/person\/15b51bd564532a8a68d9dec1b8eb890e"},"headline":"Ao lado de Vander, Murilo diz que vai asfaltar entradas do Parque II","datePublished":"2011-09-20T19:13:33+00:00","mainEntityOfPage":{"@id":"https:\/\/vanderloubet.com.br\/deputado\/ao-lado-de-vander-murilo-diz-que-vai-asfaltar-entradas-do-parque-ii\/"},"wordCount":530,"publisher":{"@id":"https:\/\/vanderloubet.com.br\/deputado\/#organization"},"image":{"@id":"https:\/\/vanderloubet.com.br\/deputado\/ao-lado-de-vander-murilo-diz-que-vai-asfaltar-entradas-do-parque-ii\/#primaryimage"},"thumbnailUrl":"http:\/\/www.deputadovander.com.br\/website\/wp-content\/uploads\/2011\/09\/foto-2011-09-22-murilo-vander-dourados-400x266.jpg","keywords":["deputado","dinaci","dourados","federal","loubet","murilo","prefeitura","pr\u00f3","psb","PT","ranzi","transporte","vander","vice","zauith"],"articleSection":["Not\u00edcias"],"inLanguage":"pt-BR"},{"@type":"WebPage","@id":"https:\/\/vanderloubet.com.br\/deputado\/ao-lado-de-vander-murilo-diz-que-vai-asfaltar-entradas-do-parque-ii\/","url":"https:\/\/vanderloubet.com.br\/deputado\/ao-lado-de-vander-murilo-diz-que-vai-asfaltar-entradas-do-parque-ii\/","name":"Ao lado de Vander, Murilo diz que vai asfaltar entradas do Parque II","isPartOf":{"@id":"https:\/\/vanderloubet.com.br\/deputado\/#website"},"primaryImageOfPage":{"@id":"https:\/\/vanderloubet.com.br\/deputado\/ao-lado-de-vander-murilo-diz-que-vai-asfaltar-entradas-do-parque-ii\/#primaryimage"},"image":{"@id":"https:\/\/vanderloubet.com.br\/deputado\/ao-lado-de-vander-murilo-diz-que-vai-asfaltar-entradas-do-parque-ii\/#primaryimage"},"thumbnailUrl":"http:\/\/www.deputadovander.com.br\/website\/wp-content\/uploads\/2011\/09\/foto-2011-09-22-murilo-vander-dourados-400x266.jpg","datePublished":"2011-09-20T19:13:33+00:00","breadcrumb":{"@id":"https:\/\/vanderloubet.com.br\/deputado\/ao-lado-de-vander-murilo-diz-que-vai-asfaltar-entradas-do-parque-ii\/#breadcrumb"},"inLanguage":"pt-BR","potentialAction":[{"@type":"ReadAction","target":["https:\/\/vanderloubet.com.br\/deputado\/ao-lado-de-vander-murilo-diz-que-vai-asfaltar-entradas-do-parque-ii\/"]}]},{"@type":"ImageObject","inLanguage":"pt-BR","@id":"https:\/\/vanderloubet.com.br\/deputado\/ao-lado-de-vander-murilo-diz-que-vai-asfaltar-entradas-do-parque-ii\/#primaryimage","url":"http:\/\/www.deputadovander.com.br\/website\/wp-content\/uploads\/2011\/09\/foto-2011-09-22-murilo-vander-dourados-400x266.jpg","contentUrl":"http:\/\/www.deputadovander.com.br\/website\/wp-content\/uploads\/2011\/09\/foto-2011-09-22-murilo-vander-dourados-400x266.jpg"},{"@type":"BreadcrumbList","@id":"https:\/\/vanderloubet.com.br\/deputado\/ao-lado-de-vander-murilo-diz-que-vai-asfaltar-entradas-do-parque-ii\/#breadcrumb","itemListElement":[{"@type":"ListItem","position":1,"name":"In\u00edcio","item":"https:\/\/vanderloubet.com.br\/deputado\/"},{"@type":"ListItem","position":2,"name":"Ao lado de Vander, Murilo diz que vai asfaltar entradas do Parque II"}]},{"@type":"WebSite","@id":"https:\/\/vanderloubet.com.br\/deputado\/#website","url":"https:\/\/vanderloubet.com.br\/deputado\/","name":"Deputado Federal Vander Loubet","description":"O Federal de MS","publisher":{"@id":"https:\/\/vanderloubet.com.br\/deputado\/#organization"},"alternateName":"Deputado Vander","potentialAction":[{"@type":"SearchAction","target":{"@type":"EntryPoint","urlTemplate":"https:\/\/vanderloubet.com.br\/deputado\/?s={search_term_string}"},"query-input":{"@type":"PropertyValueSpecification","valueRequired":true,"valueName":"search_term_string"}}],"inLanguage":"pt-BR"},{"@type":"Organization","@id":"https:\/\/vanderloubet.com.br\/deputado\/#organization","name":"Deputado Federal Vander Loubet","alternateName":"Deputado Vander","url":"https:\/\/vanderloubet.com.br\/deputado\/","logo":{"@type":"ImageObject","inLanguage":"pt-BR","@id":"https:\/\/vanderloubet.com.br\/deputado\/#\/schema\/logo\/image\/","url":"https:\/\/vanderloubet.com.br\/deputado\/wp-content\/uploads\/2023\/06\/foto-2023-06-19-mandato-deputado-vander.jpg","contentUrl":"https:\/\/vanderloubet.com.br\/deputado\/wp-content\/uploads\/2023\/06\/foto-2023-06-19-mandato-deputado-vander.jpg","width":1080,"height":1080,"caption":"Deputado Federal Vander Loubet"},"image":{"@id":"https:\/\/vanderloubet.com.br\/deputado\/#\/schema\/logo\/image\/"},"sameAs":["https:\/\/facebook.com\/deputadovander","https:\/\/x.com\/vanderloubet","https:\/\/instagram.com\/vanderloubet","https:\/\/youtube.com\/vanderloubet","https:\/\/tiktok.com\/@vanderloubetms"]},{"@type":"Person","@id":"https:\/\/vanderloubet.com.br\/deputado\/#\/schema\/person\/15b51bd564532a8a68d9dec1b8eb890e","name":"\u00c9der","image":{"@type":"ImageObject","inLanguage":"pt-BR","@id":"https:\/\/vanderloubet.com.br\/deputado\/wp-content\/litespeed\/avatar\/88ca4090d9d5ab1c9495f6ca03b68efa.jpg?ver=1777058957","url":"https:\/\/vanderloubet.com.br\/deputado\/wp-content\/litespeed\/avatar\/88ca4090d9d5ab1c9495f6ca03b68efa.jpg?ver=1777058957","contentUrl":"https:\/\/vanderloubet.com.br\/deputado\/wp-content\/litespeed\/avatar\/88ca4090d9d5ab1c9495f6ca03b68efa.jpg?ver=1777058957","caption":"\u00c9der"}}]}},"jetpack_featured_media_url":"","jetpack_sharing_enabled":true,"_links":{"self":[{"href":"https:\/\/vanderloubet.com.br\/deputado\/wp-json\/wp\/v2\/posts\/3748","targetHints":{"allow":["GET"]}}],"collection":[{"href":"https:\/\/vanderloubet.com.br\/deputado\/wp-json\/wp\/v2\/posts"}],"about":[{"href":"https:\/\/vanderloubet.com.br\/deputado\/wp-json\/wp\/v2\/types\/post"}],"author":[{"embeddable":true,"href":"https:\/\/vanderloubet.com.br\/deputado\/wp-json\/wp\/v2\/users\/2"}],"replies":[{"embeddable":true,"href":"https:\/\/vanderloubet.com.br\/deputado\/wp-json\/wp\/v2\/comments?post=3748"}],"version-history":[{"count":0,"href":"https:\/\/vanderloubet.com.br\/deputado\/wp-json\/wp\/v2\/posts\/3748\/revisions"}],"wp:attachment":[{"href":"https:\/\/vanderloubet.com.br\/deputado\/wp-json\/wp\/v2\/media?parent=3748"}],"wp:term":[{"taxonomy":"category","embeddable":true,"href":"https:\/\/vanderloubet.com.br\/deputado\/wp-json\/wp\/v2\/categories?post=3748"},{"taxonomy":"post_tag","embeddable":true,"href":"https:\/\/vanderloubet.com.br\/deputado\/wp-json\/wp\/v2\/tags?post=3748"}],"curies":[{"name":"wp","href":"https:\/\/api.w.org\/{rel}","templated":true}]}}